{"id":69004,"date":"2026-07-12T14:43:49","date_gmt":"2026-07-12T17:43:49","guid":{"rendered":"https:\/\/ejornais.com.br\/index.php\/2026\/07\/12\/prefeitura-de-joao-pessoa-reforca-prevencao-as-hepatites-virais-com-vacinacao-testagem-e-diagnostico-precoce\/"},"modified":"2026-07-12T14:43:49","modified_gmt":"2026-07-12T17:43:49","slug":"prefeitura-de-joao-pessoa-reforca-prevencao-as-hepatites-virais-com-vacinacao-testagem-e-diagnostico-precoce","status":"publish","type":"post","link":"https:\/\/ejornais.com.br\/index.php\/2026\/07\/12\/prefeitura-de-joao-pessoa-reforca-prevencao-as-hepatites-virais-com-vacinacao-testagem-e-diagnostico-precoce\/","title":{"rendered":"Prefeitura de Jo\u00e3o Pessoa refor\u00e7a preven\u00e7\u00e3o \u00e0s hepatites virais com vacina\u00e7\u00e3o, testagem e diagn\u00f3stico precoce"},"content":{"rendered":"<p><\/p>\n<div>\n<p>Durante o \u2018Julho Amarelo\u2019, campanha voltada \u00e0 conscientiza\u00e7\u00e3o, preven\u00e7\u00e3o, diagn\u00f3stico e controle das hepatites virais. A iniciativa busca alertar a popula\u00e7\u00e3o sobre a import\u00e2ncia da vacina\u00e7\u00e3o e da testagem, dispon\u00edveis nos diversos servi\u00e7os da Rede Municipal de Sa\u00fade, al\u00e9m da ado\u00e7\u00e3o de medidas preventivas para reduzir a transmiss\u00e3o dessas infec\u00e7\u00f5es, que atingem o f\u00edgado e podem evoluir de forma silenciosa para complica\u00e7\u00f5es graves, como cirrose e c\u00e2ncer hep\u00e1tico.<\/p>\n<figure class=\"wp-block-gallery has-nested-images columns-default is-cropped wp-block-gallery-1 is-layout-flex wp-block-gallery-is-layout-flex\">\n<figure class=\"wp-block-image size-full\"><\/figure>\n<figure class=\"wp-block-image size-full\"><\/figure>\n<figure class=\"wp-block-image size-full\"><\/figure>\n<\/figure>\n<p>Segundo a Organiza\u00e7\u00e3o Mundial da Sa\u00fade (OMS), aproximadamente 304 milh\u00f5es de pessoas vivem com hepatite B ou C em todo o mundo. Essas duas formas da doen\u00e7a s\u00e3o respons\u00e1veis por mais de um milh\u00e3o de mortes por ano, principalmente em decorr\u00eancia de complica\u00e7\u00f5es associadas \u00e0s infec\u00e7\u00f5es cr\u00f4nicas. No Brasil, entre 2000 e 2024, foram confirmados mais de 800 mil casos de hepatites virais e cerca de 45 mil \u00f3bitos relacionados aos tipos A, B, C e D, segundo o Boletim Epidemiol\u00f3gico Hepatites Virais 2025, do Minist\u00e9rio da Sa\u00fade (MS).<\/p>\n<p>A vacina\u00e7\u00e3o \u00e9 uma das principais formas de preven\u00e7\u00e3o contra as hepatites A e B. No Sistema \u00danico de Sa\u00fade (SUS), a vacina contra a hepatite B est\u00e1 dispon\u00edvel gratuitamente para pessoas de todas as idades. A primeira dose deve ser aplicada logo ap\u00f3s o nascimento, preferencialmente nas primeiras 12 horas de vida. Em seguida, o esquema vacinal \u00e9 completado com a vacina Pentavalente, administrada aos dois, quatro e seis meses de idade, totalizando quatro doses na inf\u00e2ncia.<\/p>\n<p>Para adultos que n\u00e3o receberam a vacina quando crian\u00e7as, o esquema \u00e9 composto por tr\u00eas doses, conforme a faixa et\u00e1ria e a situa\u00e7\u00e3o vacinal. Pessoas com imunodepress\u00e3o ou que vivem com HIV devem seguir um esquema especial, com dose dobrada, disponibilizado tamb\u00e9m nos servi\u00e7os de refer\u00eancia.<\/p>\n<p>J\u00e1 a vacina contra a hepatite A, na Rede Municipal de Sa\u00fade, \u00e9 oferecida para crian\u00e7as de at\u00e9 4 anos, 11 meses e 29 dias, seguindo as recomenda\u00e7\u00f5es e crit\u00e9rios do Calend\u00e1rio Nacional de Imuniza\u00e7\u00e3o. O imunizante tamb\u00e9m est\u00e1 dispon\u00edvel para pessoas que vivem com HIV e para indiv\u00edduos com hepatite B ou C, al\u00e9m de outros grupos com condi\u00e7\u00f5es cl\u00ednicas especiais, conforme crit\u00e9rios estabelecidos pelo Minist\u00e9rio da Sa\u00fade.<\/p>\n<p>Para a hepatite C, no entanto, ainda n\u00e3o existe vacina. Por isso, a preven\u00e7\u00e3o depende da ado\u00e7\u00e3o de h\u00e1bitos seguros, como o uso de preservativos nas rela\u00e7\u00f5es sexuais, a n\u00e3o reutiliza\u00e7\u00e3o ou compartilhamento de materiais perfurocortantes, como agulhas, seringas, l\u00e2minas de barbear e alicates de unha, al\u00e9m da realiza\u00e7\u00e3o de testes r\u00e1pidos para diagn\u00f3stico precoce. Quando identificada e tratada a tempo, a doen\u00e7a apresenta altas taxas de cura com os medicamentos atualmente dispon\u00edveis.<\/p>\n<p>\u201cDurante o Julho Amarelo, estamos refor\u00e7ando as a\u00e7\u00f5es preventivas que j\u00e1 s\u00e3o desenvolvidas ao longo de todo o ano nas unidades de sa\u00fade, por meio de orienta\u00e7\u00f5es durante o acolhimento e das consultas realizadas pela equipe multiprofissional. A Prefeitura de Jo\u00e3o Pessoa tamb\u00e9m tem intensificado a campanha com a oferta de vacina\u00e7\u00e3o, testes r\u00e1pidos e a\u00e7\u00f5es de conscientiza\u00e7\u00e3o, refor\u00e7ando a import\u00e2ncia de manter a caderneta de vacina\u00e7\u00e3o atualizada e de realizar o diagn\u00f3stico precoce\u201d, destacou Fernando Virgolino, chefe da Se\u00e7\u00e3o de Imuniza\u00e7\u00e3o da Prefeitura.<\/p>\n<p><strong>Documentos necess\u00e1rios \u2013<\/strong> Al\u00e9m da documenta\u00e7\u00e3o b\u00e1sica, documento oficial com foto, CPF ou Cart\u00e3o SUS e caderneta de vacina\u00e7\u00e3o, os integrantes dos grupos priorit\u00e1rios dever\u00e3o apresentar um comprovante que ateste o v\u00ednculo com a categoria contemplada pela campanha.<\/p>\n<p><strong>Confira o ponto de vacina\u00e7\u00e3o mais pr\u00f3ximo e mantenha o cart\u00e3o de vacina em dia:<\/strong><\/p>\n<p><strong>Unidades de Sa\u00fade da Fam\u00edlia (USFs)<\/strong><\/p>\n<p><strong>Hor\u00e1rio<\/strong>: das 7h \u00e0s 11h e das 12h \u00e0s 16h (De segunda a sexta-feira)<\/p>\n<p>Todas as vacinas do calend\u00e1rio de rotina e de campanhas:<\/p>\n<p>Dengue: adolescentes de 10 a 14 anos;<\/p>\n<p>Covid-19: crian\u00e7as menores de 5 anos e grupos priorit\u00e1rios;<\/p>\n<p>HPV: atualiza\u00e7\u00e3o para o p\u00fablico de 9 a 19 anos.<\/p>\n<p>V\u00edrus Sincicial Respirat\u00f3rio (VSR) tipos A e B: exclusivo para gestantes.<\/p>\n<p>Influenza: Para toda a popula\u00e7\u00e3o.<\/p>\n<p><strong>Policl\u00ednicas Municipais\u00a0(Cristo, Mangabeira, Mandacaru, Jaguaribe e Praias)<\/strong><\/p>\n<p><strong>Hor\u00e1rio<\/strong>: das 8h \u00e0s 16h (De segunda a sexta-feira)<\/p>\n<p>Todas as vacinas do calend\u00e1rio de rotina e de campanha:<\/p>\n<p>Dengue: adolescentes de 10 a 14 anos;<\/p>\n<p>Covid-19: crian\u00e7as menores de 5 anos e grupos priorit\u00e1rios;<\/p>\n<p>HPV: atualiza\u00e7\u00e3o para o p\u00fablico de 9 a 19 anos;<\/p>\n<p>V\u00edrus Sincicial Respirat\u00f3rio (VSR) tipos A e B: exclusivo para gestantes. Influenza: Para toda a popula\u00e7\u00e3o.<\/p>\n<p><strong>Centro Municipal de Imuniza\u00e7\u00e3o \u2013 Torre<\/strong><\/p>\n<p><strong>Hor\u00e1rio<\/strong>: das 8h \u00e0s 16h (De segunda a sexta-feira)<\/p>\n<p>Todas as vacinas do calend\u00e1rio de rotina e de campanha:<\/p>\n<p>Dengue: adolescentes de 10 a 14 anos;<\/p>\n<p>Covid-19: crian\u00e7as menores de 5 anos e grupos priorit\u00e1rios;<\/p>\n<p>HPV: atualiza\u00e7\u00e3o para o p\u00fablico de 9 a 19 anos;<\/p>\n<p>V\u00edrus Sincicial Respirat\u00f3rio (VSR) tipos A e B: exclusivo para gestantes. Influenza: Para toda a popula\u00e7\u00e3o.<\/p>\n<p><strong>Home Center Ferreira Costa \u2013 BR 230 \u2013 Aeroclube<\/strong><\/p>\n<p><strong>Hor\u00e1rio<\/strong>: 12h \u00e0s 20h (segunda a sexta) e das 8h \u00e0s 16h (s\u00e1bados)<\/p>\n<p>Todas as vacinas do calend\u00e1rio de rotina e de campanhas:<\/p>\n<p>Covid-19: crian\u00e7as menores de 5 anos e grupos priorit\u00e1rios;<\/p>\n<p>HPV: atualiza\u00e7\u00e3o para o p\u00fablico de 9 a 19 anos;<\/p>\n<p>V\u00edrus Sincicial Respirat\u00f3rio (VSR) tipos A e B: exclusivo para gestantes. Influenza: Para toda a popula\u00e7\u00e3o.<\/p>\n<p><strong>Shopping Sul \u2013 Banc\u00e1rios<\/strong><\/p>\n<p><strong>Hor\u00e1rio<\/strong>: 12h \u00e0s 20h (segunda a sexta) e das 10h \u00e0s 16h (s\u00e1bados)<\/p>\n<p>Todas as vacinas do calend\u00e1rio de rotina e de campanha:<\/p>\n<p>Covid-19: crian\u00e7as menores de 5 anos e grupos priorit\u00e1rios;<\/p>\n<p>HPV: atualiza\u00e7\u00e3o para o p\u00fablico de 9 a 19 anos.<\/p>\n<p>V\u00edrus Sincicial Respirat\u00f3rio (VSR) tipos A e B: exclusivo para gestantes.<br \/>Influenza: Para toda a popula\u00e7\u00e3o.<\/p>\n<p><strong>Shopping Tambi\u00e1 \u2013 Tambi\u00e1<\/strong><\/p>\n<p><strong>Hor\u00e1rio<\/strong>: Exclusivamente aos s\u00e1bados, das 9h \u00e0s 16h<\/p>\n<p>Todos os imunizantes do calend\u00e1rio de rotina e de campanha:<\/p>\n<p>Covid-19: crian\u00e7as menores de 5 anos e grupos priorit\u00e1rios;<\/p>\n<p>HPV: atualiza\u00e7\u00e3o para o p\u00fablico de 9 a 19 anos;<\/p>\n<p>V\u00edrus Sincicial Respirat\u00f3rio (VSR) tipos A e B: exclusiva para gestantes. Influenza: Para toda a popula\u00e7\u00e3o.<\/p>\n<p><strong>Mix Mateus \u2013 Unidade Valentina Figueiredo<\/strong><\/p>\n<p>(R. Brasilino Alves da N\u00f3brega \u2013 Valentina de Figueiredo)<\/p>\n<p><strong>Hor\u00e1rio<\/strong>: 12h \u00e0s 21h (segunda a sexta) e das 8h \u00e0s 16h (s\u00e1bados)<\/p>\n<p>Todas as vacinas do calend\u00e1rio de rotina e de campanha:<\/p>\n<p>Covid-19: crian\u00e7as menores de 5 anos e grupos priorit\u00e1rios;<\/p>\n<p>HPV: atualiza\u00e7\u00e3o para o p\u00fablico de 9 a 19 anos.<\/p>\n<p>V\u00edrus Sincicial Respirat\u00f3rio (VSR) tipos A e B: exclusivo para gestantes. Influenza: Para toda a popula\u00e7\u00e3o.<\/p>\n<p><strong>Quiosque na Orla \u2013\u00a0Avenida Cabo Branco \u2013 na frente do X\u00eanius Hotel e pr\u00f3ximo ao CAT Adaptado<\/strong><\/p>\n<p>Hor\u00e1rio: Apenas de segunda a sexta-feira, das 17h \u00e0s 21h.<\/p>\n<\/p><\/div>\n","protected":false},"excerpt":{"rendered":"<p>Durante o \u2018Julho Amarelo\u2019, campanha voltada \u00e0 conscientiza\u00e7\u00e3o, preven\u00e7\u00e3o, diagn\u00f3stico e controle das hepatites virais. A iniciativa busca alertar a<\/p>\n","protected":false},"author":2,"featured_media":0,"comment_status":"","ping_status":"","sticky":false,"template":"","format":"standard","meta":{"colormag_page_container_layout":"default_layout","colormag_page_sidebar_layout":"default_layout","footnotes":""},"categories":[1],"tags":[],"class_list":["post-69004","post","type-post","status-publish","format-standard","hentry","category-ejornais"],"aioseo_notices":[],"aioseo_head":"\n\t\t<!-- All in One SEO 5.0.1.1 - aioseo.com -->\n\t<meta name=\"description\" content=\"Durante o \u2018Julho Amarelo\u2019, campanha voltada \u00e0 conscientiza\u00e7\u00e3o, preven\u00e7\u00e3o, diagn\u00f3stico e controle das hepatites virais. A iniciativa busca alertar a popula\u00e7\u00e3o sobre a import\u00e2ncia da vacina\u00e7\u00e3o e da testagem, dispon\u00edveis nos diversos servi\u00e7os da Rede Municipal de Sa\u00fade, al\u00e9m da ado\u00e7\u00e3o de medidas preventivas para reduzir a transmiss\u00e3o dessas infec\u00e7\u00f5es, que atingem o f\u00edgado e\" \/>\n\t<meta name=\"robots\" content=\"max-image-preview:large\" \/>\n\t<meta name=\"author\" content=\"admin1\"\/>\n\t<link rel=\"canonical\" href=\"https:\/\/ejornais.com.br\/index.php\/2026\/07\/12\/prefeitura-de-joao-pessoa-reforca-prevencao-as-hepatites-virais-com-vacinacao-testagem-e-diagnostico-precoce\/\" \/>\n\t<meta name=\"generator\" content=\"All in One SEO (AIOSEO) 5.0.1.1\" \/>\n\t\t<meta property=\"og:locale\" content=\"pt_BR\" \/>\n\t\t<meta property=\"og:site_name\" content=\"eJornais - Cat\u00e1logo de Jornais no mundo, Not\u00edcias, Blog e Esportes ao vivo\" \/>\n\t\t<meta property=\"og:type\" content=\"article\" \/>\n\t\t<meta property=\"og:title\" content=\"Prefeitura de Jo\u00e3o Pessoa refor\u00e7a preven\u00e7\u00e3o \u00e0s hepatites virais com vacina\u00e7\u00e3o, testagem e diagn\u00f3stico precoce - eJornais\" \/>\n\t\t<meta property=\"og:description\" content=\"Durante o \u2018Julho Amarelo\u2019, campanha voltada \u00e0 conscientiza\u00e7\u00e3o, preven\u00e7\u00e3o, diagn\u00f3stico e controle das hepatites virais. A iniciativa busca alertar a popula\u00e7\u00e3o sobre a import\u00e2ncia da vacina\u00e7\u00e3o e da testagem, dispon\u00edveis nos diversos servi\u00e7os da Rede Municipal de Sa\u00fade, al\u00e9m da ado\u00e7\u00e3o de medidas preventivas para reduzir a transmiss\u00e3o dessas infec\u00e7\u00f5es, que atingem o f\u00edgado e\" \/>\n\t\t<meta property=\"og:url\" content=\"https:\/\/ejornais.com.br\/index.php\/2026\/07\/12\/prefeitura-de-joao-pessoa-reforca-prevencao-as-hepatites-virais-com-vacinacao-testagem-e-diagnostico-precoce\/\" \/>\n\t\t<meta property=\"article:published_time\" content=\"2026-07-12T17:43:49+00:00\" \/>\n\t\t<meta property=\"article:modified_time\" content=\"2026-07-12T17:43:49+00:00\" \/>\n\t\t<meta name=\"twitter:card\" content=\"summary_large_image\" \/>\n\t\t<meta name=\"twitter:title\" content=\"Prefeitura de Jo\u00e3o Pessoa refor\u00e7a preven\u00e7\u00e3o \u00e0s hepatites virais com vacina\u00e7\u00e3o, testagem e diagn\u00f3stico precoce - eJornais\" \/>\n\t\t<meta name=\"twitter:description\" content=\"Durante o \u2018Julho Amarelo\u2019, campanha voltada \u00e0 conscientiza\u00e7\u00e3o, preven\u00e7\u00e3o, diagn\u00f3stico e controle das hepatites virais. A iniciativa busca alertar a popula\u00e7\u00e3o sobre a import\u00e2ncia da vacina\u00e7\u00e3o e da testagem, dispon\u00edveis nos diversos servi\u00e7os da Rede Municipal de Sa\u00fade, al\u00e9m da ado\u00e7\u00e3o de medidas preventivas para reduzir a transmiss\u00e3o dessas infec\u00e7\u00f5es, que atingem o f\u00edgado e\" \/>\n\t\t<script type=\"application\/ld+json\" class=\"aioseo-schema\">\n\t\t\t{\"@context\":\"https:\\\/\\\/schema.org\",\"@graph\":[{\"@type\":\"BlogPosting\",\"@id\":\"https:\\\/\\\/ejornais.com.br\\\/index.php\\\/2026\\\/07\\\/12\\\/prefeitura-de-joao-pessoa-reforca-prevencao-as-hepatites-virais-com-vacinacao-testagem-e-diagnostico-precoce\\\/#blogposting\",\"name\":\"Prefeitura de Jo\\u00e3o Pessoa refor\\u00e7a preven\\u00e7\\u00e3o \\u00e0s hepatites virais com vacina\\u00e7\\u00e3o, testagem e diagn\\u00f3stico precoce - eJornais\",\"headline\":\"Prefeitura de Jo\\u00e3o Pessoa refor\\u00e7a preven\\u00e7\\u00e3o \\u00e0s hepatites virais com vacina\\u00e7\\u00e3o, testagem e diagn\\u00f3stico precoce\",\"author\":{\"@id\":\"https:\\\/\\\/ejornais.com.br\\\/index.php\\\/author\\\/admin1\\\/#author\"},\"publisher\":{\"@id\":\"https:\\\/\\\/ejornais.com.br\\\/#organization\"},\"datePublished\":\"2026-07-12T14:43:49-03:00\",\"dateModified\":\"2026-07-12T14:43:49-03:00\",\"inLanguage\":\"pt-BR\",\"mainEntityOfPage\":{\"@id\":\"https:\\\/\\\/ejornais.com.br\\\/index.php\\\/2026\\\/07\\\/12\\\/prefeitura-de-joao-pessoa-reforca-prevencao-as-hepatites-virais-com-vacinacao-testagem-e-diagnostico-precoce\\\/#webpage\"},\"isPartOf\":{\"@id\":\"https:\\\/\\\/ejornais.com.br\\\/index.php\\\/2026\\\/07\\\/12\\\/prefeitura-de-joao-pessoa-reforca-prevencao-as-hepatites-virais-com-vacinacao-testagem-e-diagnostico-precoce\\\/#webpage\"},\"articleSection\":\"Cat\\u00e1logo de Jornais\"},{\"@type\":\"BreadcrumbList\",\"@id\":\"https:\\\/\\\/ejornais.com.br\\\/index.php\\\/2026\\\/07\\\/12\\\/prefeitura-de-joao-pessoa-reforca-prevencao-as-hepatites-virais-com-vacinacao-testagem-e-diagnostico-precoce\\\/#breadcrumblist\",\"itemListElement\":[{\"@type\":\"ListItem\",\"@id\":\"https:\\\/\\\/ejornais.com.br#listItem\",\"position\":1,\"name\":\"In\\u00edcio\",\"item\":\"https:\\\/\\\/ejornais.com.br\",\"nextItem\":{\"@type\":\"ListItem\",\"@id\":\"https:\\\/\\\/ejornais.com.br\\\/index.php\\\/category\\\/ejornais\\\/#listItem\",\"name\":\"Cat\\u00e1logo de Jornais\"}},{\"@type\":\"ListItem\",\"@id\":\"https:\\\/\\\/ejornais.com.br\\\/index.php\\\/category\\\/ejornais\\\/#listItem\",\"position\":2,\"name\":\"Cat\\u00e1logo de Jornais\",\"item\":\"https:\\\/\\\/ejornais.com.br\\\/index.php\\\/category\\\/ejornais\\\/\",\"nextItem\":{\"@type\":\"ListItem\",\"@id\":\"https:\\\/\\\/ejornais.com.br\\\/index.php\\\/2026\\\/07\\\/12\\\/prefeitura-de-joao-pessoa-reforca-prevencao-as-hepatites-virais-com-vacinacao-testagem-e-diagnostico-precoce\\\/#listItem\",\"name\":\"Prefeitura de Jo\\u00e3o Pessoa refor\\u00e7a preven\\u00e7\\u00e3o \\u00e0s hepatites virais com vacina\\u00e7\\u00e3o, testagem e diagn\\u00f3stico precoce\"},\"previousItem\":{\"@type\":\"ListItem\",\"@id\":\"https:\\\/\\\/ejornais.com.br#listItem\",\"name\":\"In\\u00edcio\"}},{\"@type\":\"ListItem\",\"@id\":\"https:\\\/\\\/ejornais.com.br\\\/index.php\\\/2026\\\/07\\\/12\\\/prefeitura-de-joao-pessoa-reforca-prevencao-as-hepatites-virais-com-vacinacao-testagem-e-diagnostico-precoce\\\/#listItem\",\"position\":3,\"name\":\"Prefeitura de Jo\\u00e3o Pessoa refor\\u00e7a preven\\u00e7\\u00e3o \\u00e0s hepatites virais com vacina\\u00e7\\u00e3o, testagem e diagn\\u00f3stico precoce\",\"previousItem\":{\"@type\":\"ListItem\",\"@id\":\"https:\\\/\\\/ejornais.com.br\\\/index.php\\\/category\\\/ejornais\\\/#listItem\",\"name\":\"Cat\\u00e1logo de Jornais\"}}]},{\"@type\":\"Organization\",\"@id\":\"https:\\\/\\\/ejornais.com.br\\\/#organization\",\"name\":\"eJornais\",\"description\":\"Cat\\u00e1logo de Jornais no mundo, Not\\u00edcias, Blog e Esportes ao vivo\",\"url\":\"https:\\\/\\\/ejornais.com.br\\\/\"},{\"@type\":\"Person\",\"@id\":\"https:\\\/\\\/ejornais.com.br\\\/index.php\\\/author\\\/admin1\\\/#author\",\"url\":\"https:\\\/\\\/ejornais.com.br\\\/index.php\\\/author\\\/admin1\\\/\",\"name\":\"admin1\",\"image\":{\"@type\":\"ImageObject\",\"@id\":\"https:\\\/\\\/ejornais.com.br\\\/index.php\\\/2026\\\/07\\\/12\\\/prefeitura-de-joao-pessoa-reforca-prevencao-as-hepatites-virais-com-vacinacao-testagem-e-diagnostico-precoce\\\/#authorImage\",\"url\":\"https:\\\/\\\/secure.gravatar.com\\\/avatar\\\/04084e6d73c042b8646e7c17b494073bf0ede3ea13c7105cfc45cbbbc28385a4?s=96&d=mm&r=g\",\"width\":96,\"height\":96,\"caption\":\"admin1\"}},{\"@type\":\"WebPage\",\"@id\":\"https:\\\/\\\/ejornais.com.br\\\/index.php\\\/2026\\\/07\\\/12\\\/prefeitura-de-joao-pessoa-reforca-prevencao-as-hepatites-virais-com-vacinacao-testagem-e-diagnostico-precoce\\\/#webpage\",\"url\":\"https:\\\/\\\/ejornais.com.br\\\/index.php\\\/2026\\\/07\\\/12\\\/prefeitura-de-joao-pessoa-reforca-prevencao-as-hepatites-virais-com-vacinacao-testagem-e-diagnostico-precoce\\\/\",\"name\":\"Prefeitura de Jo\\u00e3o Pessoa refor\\u00e7a preven\\u00e7\\u00e3o \\u00e0s hepatites virais com vacina\\u00e7\\u00e3o, testagem e diagn\\u00f3stico precoce - eJornais\",\"description\":\"Durante o \\u2018Julho Amarelo\\u2019, campanha voltada \\u00e0 conscientiza\\u00e7\\u00e3o, preven\\u00e7\\u00e3o, diagn\\u00f3stico e controle das hepatites virais. A iniciativa busca alertar a popula\\u00e7\\u00e3o sobre a import\\u00e2ncia da vacina\\u00e7\\u00e3o e da testagem, dispon\\u00edveis nos diversos servi\\u00e7os da Rede Municipal de Sa\\u00fade, al\\u00e9m da ado\\u00e7\\u00e3o de medidas preventivas para reduzir a transmiss\\u00e3o dessas infec\\u00e7\\u00f5es, que atingem o f\\u00edgado e\",\"inLanguage\":\"pt-BR\",\"isPartOf\":{\"@id\":\"https:\\\/\\\/ejornais.com.br\\\/#website\"},\"breadcrumb\":{\"@id\":\"https:\\\/\\\/ejornais.com.br\\\/index.php\\\/2026\\\/07\\\/12\\\/prefeitura-de-joao-pessoa-reforca-prevencao-as-hepatites-virais-com-vacinacao-testagem-e-diagnostico-precoce\\\/#breadcrumblist\"},\"author\":{\"@id\":\"https:\\\/\\\/ejornais.com.br\\\/index.php\\\/author\\\/admin1\\\/#author\"},\"creator\":{\"@id\":\"https:\\\/\\\/ejornais.com.br\\\/index.php\\\/author\\\/admin1\\\/#author\"},\"datePublished\":\"2026-07-12T14:43:49-03:00\",\"dateModified\":\"2026-07-12T14:43:49-03:00\"},{\"@type\":\"WebSite\",\"@id\":\"https:\\\/\\\/ejornais.com.br\\\/#website\",\"url\":\"https:\\\/\\\/ejornais.com.br\\\/\",\"name\":\"eJornais\",\"description\":\"Cat\\u00e1logo de Jornais no mundo, Not\\u00edcias, Blog e Esportes ao vivo\",\"inLanguage\":\"pt-BR\",\"publisher\":{\"@id\":\"https:\\\/\\\/ejornais.com.br\\\/#organization\"}}]}\n\t\t<\/script>\n\t\t<!-- All in One SEO -->\n\n","aioseo_head_json":{"title":"Prefeitura de Jo\u00e3o Pessoa refor\u00e7a preven\u00e7\u00e3o \u00e0s hepatites virais com vacina\u00e7\u00e3o, testagem e diagn\u00f3stico precoce - eJornais","description":"Durante o \u2018Julho Amarelo\u2019, campanha voltada \u00e0 conscientiza\u00e7\u00e3o, preven\u00e7\u00e3o, diagn\u00f3stico e controle das hepatites virais. A iniciativa busca alertar a popula\u00e7\u00e3o sobre a import\u00e2ncia da vacina\u00e7\u00e3o e da testagem, dispon\u00edveis nos diversos servi\u00e7os da Rede Municipal de Sa\u00fade, al\u00e9m da ado\u00e7\u00e3o de medidas preventivas para reduzir a transmiss\u00e3o dessas infec\u00e7\u00f5es, que atingem o f\u00edgado e","canonical_url":"https:\/\/ejornais.com.br\/index.php\/2026\/07\/12\/prefeitura-de-joao-pessoa-reforca-prevencao-as-hepatites-virais-com-vacinacao-testagem-e-diagnostico-precoce\/","robots":"max-image-preview:large","keywords":"","webmasterTools":{"miscellaneous":""},"schema":{"@context":"https:\/\/schema.org","@graph":[{"@type":"BlogPosting","@id":"https:\/\/ejornais.com.br\/index.php\/2026\/07\/12\/prefeitura-de-joao-pessoa-reforca-prevencao-as-hepatites-virais-com-vacinacao-testagem-e-diagnostico-precoce\/#blogposting","name":"Prefeitura de Jo\u00e3o Pessoa refor\u00e7a preven\u00e7\u00e3o \u00e0s hepatites virais com vacina\u00e7\u00e3o, testagem e diagn\u00f3stico precoce - eJornais","headline":"Prefeitura de Jo\u00e3o Pessoa refor\u00e7a preven\u00e7\u00e3o \u00e0s hepatites virais com vacina\u00e7\u00e3o, testagem e diagn\u00f3stico precoce","author":{"@id":"https:\/\/ejornais.com.br\/index.php\/author\/admin1\/#author"},"publisher":{"@id":"https:\/\/ejornais.com.br\/#organization"},"datePublished":"2026-07-12T14:43:49-03:00","dateModified":"2026-07-12T14:43:49-03:00","inLanguage":"pt-BR","mainEntityOfPage":{"@id":"https:\/\/ejornais.com.br\/index.php\/2026\/07\/12\/prefeitura-de-joao-pessoa-reforca-prevencao-as-hepatites-virais-com-vacinacao-testagem-e-diagnostico-precoce\/#webpage"},"isPartOf":{"@id":"https:\/\/ejornais.com.br\/index.php\/2026\/07\/12\/prefeitura-de-joao-pessoa-reforca-prevencao-as-hepatites-virais-com-vacinacao-testagem-e-diagnostico-precoce\/#webpage"},"articleSection":"Cat\u00e1logo de Jornais"},{"@type":"BreadcrumbList","@id":"https:\/\/ejornais.com.br\/index.php\/2026\/07\/12\/prefeitura-de-joao-pessoa-reforca-prevencao-as-hepatites-virais-com-vacinacao-testagem-e-diagnostico-precoce\/#breadcrumblist","itemListElement":[{"@type":"ListItem","@id":"https:\/\/ejornais.com.br#listItem","position":1,"name":"In\u00edcio","item":"https:\/\/ejornais.com.br","nextItem":{"@type":"ListItem","@id":"https:\/\/ejornais.com.br\/index.php\/category\/ejornais\/#listItem","name":"Cat\u00e1logo de Jornais"}},{"@type":"ListItem","@id":"https:\/\/ejornais.com.br\/index.php\/category\/ejornais\/#listItem","position":2,"name":"Cat\u00e1logo de Jornais","item":"https:\/\/ejornais.com.br\/index.php\/category\/ejornais\/","nextItem":{"@type":"ListItem","@id":"https:\/\/ejornais.com.br\/index.php\/2026\/07\/12\/prefeitura-de-joao-pessoa-reforca-prevencao-as-hepatites-virais-com-vacinacao-testagem-e-diagnostico-precoce\/#listItem","name":"Prefeitura de Jo\u00e3o Pessoa refor\u00e7a preven\u00e7\u00e3o \u00e0s hepatites virais com vacina\u00e7\u00e3o, testagem e diagn\u00f3stico precoce"},"previousItem":{"@type":"ListItem","@id":"https:\/\/ejornais.com.br#listItem","name":"In\u00edcio"}},{"@type":"ListItem","@id":"https:\/\/ejornais.com.br\/index.php\/2026\/07\/12\/prefeitura-de-joao-pessoa-reforca-prevencao-as-hepatites-virais-com-vacinacao-testagem-e-diagnostico-precoce\/#listItem","position":3,"name":"Prefeitura de Jo\u00e3o Pessoa refor\u00e7a preven\u00e7\u00e3o \u00e0s hepatites virais com vacina\u00e7\u00e3o, testagem e diagn\u00f3stico precoce","previousItem":{"@type":"ListItem","@id":"https:\/\/ejornais.com.br\/index.php\/category\/ejornais\/#listItem","name":"Cat\u00e1logo de Jornais"}}]},{"@type":"Organization","@id":"https:\/\/ejornais.com.br\/#organization","name":"eJornais","description":"Cat\u00e1logo de Jornais no mundo, Not\u00edcias, Blog e Esportes ao vivo","url":"https:\/\/ejornais.com.br\/"},{"@type":"Person","@id":"https:\/\/ejornais.com.br\/index.php\/author\/admin1\/#author","url":"https:\/\/ejornais.com.br\/index.php\/author\/admin1\/","name":"admin1","image":{"@type":"ImageObject","@id":"https:\/\/ejornais.com.br\/index.php\/2026\/07\/12\/prefeitura-de-joao-pessoa-reforca-prevencao-as-hepatites-virais-com-vacinacao-testagem-e-diagnostico-precoce\/#authorImage","url":"https:\/\/secure.gravatar.com\/avatar\/04084e6d73c042b8646e7c17b494073bf0ede3ea13c7105cfc45cbbbc28385a4?s=96&d=mm&r=g","width":96,"height":96,"caption":"admin1"}},{"@type":"WebPage","@id":"https:\/\/ejornais.com.br\/index.php\/2026\/07\/12\/prefeitura-de-joao-pessoa-reforca-prevencao-as-hepatites-virais-com-vacinacao-testagem-e-diagnostico-precoce\/#webpage","url":"https:\/\/ejornais.com.br\/index.php\/2026\/07\/12\/prefeitura-de-joao-pessoa-reforca-prevencao-as-hepatites-virais-com-vacinacao-testagem-e-diagnostico-precoce\/","name":"Prefeitura de Jo\u00e3o Pessoa refor\u00e7a preven\u00e7\u00e3o \u00e0s hepatites virais com vacina\u00e7\u00e3o, testagem e diagn\u00f3stico precoce - eJornais","description":"Durante o \u2018Julho Amarelo\u2019, campanha voltada \u00e0 conscientiza\u00e7\u00e3o, preven\u00e7\u00e3o, diagn\u00f3stico e controle das hepatites virais. A iniciativa busca alertar a popula\u00e7\u00e3o sobre a import\u00e2ncia da vacina\u00e7\u00e3o e da testagem, dispon\u00edveis nos diversos servi\u00e7os da Rede Municipal de Sa\u00fade, al\u00e9m da ado\u00e7\u00e3o de medidas preventivas para reduzir a transmiss\u00e3o dessas infec\u00e7\u00f5es, que atingem o f\u00edgado e","inLanguage":"pt-BR","isPartOf":{"@id":"https:\/\/ejornais.com.br\/#website"},"breadcrumb":{"@id":"https:\/\/ejornais.com.br\/index.php\/2026\/07\/12\/prefeitura-de-joao-pessoa-reforca-prevencao-as-hepatites-virais-com-vacinacao-testagem-e-diagnostico-precoce\/#breadcrumblist"},"author":{"@id":"https:\/\/ejornais.com.br\/index.php\/author\/admin1\/#author"},"creator":{"@id":"https:\/\/ejornais.com.br\/index.php\/author\/admin1\/#author"},"datePublished":"2026-07-12T14:43:49-03:00","dateModified":"2026-07-12T14:43:49-03:00"},{"@type":"WebSite","@id":"https:\/\/ejornais.com.br\/#website","url":"https:\/\/ejornais.com.br\/","name":"eJornais","description":"Cat\u00e1logo de Jornais no mundo, Not\u00edcias, Blog e Esportes ao vivo","inLanguage":"pt-BR","publisher":{"@id":"https:\/\/ejornais.com.br\/#organization"}}]},"og:locale":"pt_BR","og:site_name":"eJornais - Cat\u00e1logo de Jornais no mundo, Not\u00edcias, Blog e Esportes ao vivo","og:type":"article","og:title":"Prefeitura de Jo\u00e3o Pessoa refor\u00e7a preven\u00e7\u00e3o \u00e0s hepatites virais com vacina\u00e7\u00e3o, testagem e diagn\u00f3stico precoce - eJornais","og:description":"Durante o \u2018Julho Amarelo\u2019, campanha voltada \u00e0 conscientiza\u00e7\u00e3o, preven\u00e7\u00e3o, diagn\u00f3stico e controle das hepatites virais. A iniciativa busca alertar a popula\u00e7\u00e3o sobre a import\u00e2ncia da vacina\u00e7\u00e3o e da testagem, dispon\u00edveis nos diversos servi\u00e7os da Rede Municipal de Sa\u00fade, al\u00e9m da ado\u00e7\u00e3o de medidas preventivas para reduzir a transmiss\u00e3o dessas infec\u00e7\u00f5es, que atingem o f\u00edgado e","og:url":"https:\/\/ejornais.com.br\/index.php\/2026\/07\/12\/prefeitura-de-joao-pessoa-reforca-prevencao-as-hepatites-virais-com-vacinacao-testagem-e-diagnostico-precoce\/","article:published_time":"2026-07-12T17:43:49+00:00","article:modified_time":"2026-07-12T17:43:49+00:00","twitter:card":"summary_large_image","twitter:title":"Prefeitura de Jo\u00e3o Pessoa refor\u00e7a preven\u00e7\u00e3o \u00e0s hepatites virais com vacina\u00e7\u00e3o, testagem e diagn\u00f3stico precoce - eJornais","twitter:description":"Durante o \u2018Julho Amarelo\u2019, campanha voltada \u00e0 conscientiza\u00e7\u00e3o, preven\u00e7\u00e3o, diagn\u00f3stico e controle das hepatites virais. A iniciativa busca alertar a popula\u00e7\u00e3o sobre a import\u00e2ncia da vacina\u00e7\u00e3o e da testagem, dispon\u00edveis nos diversos servi\u00e7os da Rede Municipal de Sa\u00fade, al\u00e9m da ado\u00e7\u00e3o de medidas preventivas para reduzir a transmiss\u00e3o dessas infec\u00e7\u00f5es, que atingem o f\u00edgado e"},"aioseo_meta_data":{"post_id":"69004","title":null,"description":null,"keywords":null,"keyphrases":null,"primary_term":null,"canonical_url":null,"og_title":null,"og_description":null,"og_object_type":"default","og_image_type":"default","og_image_url":null,"og_image_width":null,"og_image_height":null,"og_image_custom_url":null,"og_image_custom_fields":null,"og_video":null,"og_custom_url":null,"og_article_section":null,"og_article_tags":null,"twitter_use_og":false,"twitter_card":"default","twitter_image_type":"default","twitter_image_url":null,"twitter_image_custom_url":null,"twitter_image_custom_fields":null,"twitter_title":null,"twitter_description":null,"schema":{"blockGraphs":[],"customGraphs":[],"default":{"data":{"Article":[],"Course":[],"Dataset":[],"FAQPage":[],"Movie":[],"Person":[],"Product":[],"ProductReview":[],"Car":[],"Recipe":[],"Service":[],"SoftwareApplication":[],"WebPage":[]},"graphName":"","isEnabled":true},"graphs":[]},"schema_type":"default","schema_type_options":null,"pillar_content":false,"robots_default":true,"robots_noindex":false,"robots_noarchive":false,"robots_nosnippet":false,"robots_nofollow":false,"robots_noimageindex":false,"robots_noodp":false,"robots_notranslate":false,"robots_max_snippet":null,"robots_max_videopreview":null,"robots_max_imagepreview":"large","priority":null,"frequency":null,"local_seo":null,"breadcrumb_settings":null,"limit_modified_date":false,"ai":null,"created":"2026-07-15 15:53:40","updated":"2026-07-15 15:53:40","seo_analyzer_scan_date":null,"focus_keyword":null,"additional_keywords":null,"truseo_locale":null},"aioseo_breadcrumb":"<div class=\"aioseo-breadcrumbs\"><span class=\"aioseo-breadcrumb\">\n\t\t\t<a href=\"https:\/\/ejornais.com.br\" title=\"In\u00edcio\">In\u00edcio<\/a>\n\t\t<\/span><span class=\"aioseo-breadcrumb-separator\">&raquo;<\/span><span class=\"aioseo-breadcrumb\">\n\t\t\t<a href=\"https:\/\/ejornais.com.br\/index.php\/category\/ejornais\/\" title=\"Cat\u00e1logo de Jornais\">Cat\u00e1logo de Jornais<\/a>\n\t\t<\/span><span class=\"aioseo-breadcrumb-separator\">&raquo;<\/span><span class=\"aioseo-breadcrumb\">\n\t\t\tPrefeitura de Jo\u00e3o Pessoa refor\u00e7a preven\u00e7\u00e3o \u00e0s hepatites virais com vacina\u00e7\u00e3o, testagem e diagn\u00f3stico precoce\n\t\t<\/span><\/div>","aioseo_breadcrumb_json":[{"label":"In\u00edcio","link":"https:\/\/ejornais.com.br"},{"label":"Cat\u00e1logo de Jornais","link":"https:\/\/ejornais.com.br\/index.php\/category\/ejornais\/"},{"label":"Prefeitura de Jo\u00e3o Pessoa refor\u00e7a preven\u00e7\u00e3o \u00e0s hepatites virais com vacina\u00e7\u00e3o, testagem e diagn\u00f3stico precoce","link":"https:\/\/ejornais.com.br\/index.php\/2026\/07\/12\/prefeitura-de-joao-pessoa-reforca-prevencao-as-hepatites-virais-com-vacinacao-testagem-e-diagnostico-precoce\/"}],"amp_enabled":true,"_links":{"self":[{"href":"https:\/\/ejornais.com.br\/index.php\/wp-json\/wp\/v2\/posts\/69004","targetHints":{"allow":["GET"]}}],"collection":[{"href":"https:\/\/ejornais.com.br\/index.php\/wp-json\/wp\/v2\/posts"}],"about":[{"href":"https:\/\/ejornais.com.br\/index.php\/wp-json\/wp\/v2\/types\/post"}],"author":[{"embeddable":true,"href":"https:\/\/ejornais.com.br\/index.php\/wp-json\/wp\/v2\/users\/2"}],"replies":[{"embeddable":true,"href":"https:\/\/ejornais.com.br\/index.php\/wp-json\/wp\/v2\/comments?post=69004"}],"version-history":[{"count":0,"href":"https:\/\/ejornais.com.br\/index.php\/wp-json\/wp\/v2\/posts\/69004\/revisions"}],"wp:attachment":[{"href":"https:\/\/ejornais.com.br\/index.php\/wp-json\/wp\/v2\/media?parent=69004"}],"wp:term":[{"taxonomy":"category","embeddable":true,"href":"https:\/\/ejornais.com.br\/index.php\/wp-json\/wp\/v2\/categories?post=69004"},{"taxonomy":"post_tag","embeddable":true,"href":"https:\/\/ejornais.com.br\/index.php\/wp-json\/wp\/v2\/tags?post=69004"}],"curies":[{"name":"wp","href":"https:\/\/api.w.org\/{rel}","templated":true}]}}