{"id":69045,"date":"2026-07-13T15:16:46","date_gmt":"2026-07-13T18:16:46","guid":{"rendered":"https:\/\/ejornais.com.br\/index.php\/2026\/07\/13\/campanha-do-agasalho-segue-ate-o-final-deste-mes-cgnoticias\/"},"modified":"2026-07-13T15:16:46","modified_gmt":"2026-07-13T18:16:46","slug":"campanha-do-agasalho-segue-ate-o-final-deste-mes-cgnoticias","status":"publish","type":"post","link":"https:\/\/ejornais.com.br\/index.php\/2026\/07\/13\/campanha-do-agasalho-segue-ate-o-final-deste-mes-cgnoticias\/","title":{"rendered":"Campanha do agasalho segue at\u00e9 o final deste m\u00eas \u2013 CGNot\u00edcias"},"content":{"rendered":"<p><\/p>\n<div>\n<p>A campanha do agasalho 2026, segue recebendo doa\u00e7\u00f5es at\u00e9 o dia 31 de Julho. A iniciativa que mobiliza moradores, empresas e institui\u00e7\u00f5es para arrecadar roupas de frio, cobertores e mantas destinadas a fam\u00edlias em situa\u00e7\u00e3o de vulnerabilidade, tem mais de 80 pontos de coleta espalhados nas sete regi\u00f5es da capital.<\/p>\n<p>Para a diretora-presidente do Fundo de Apoio a Comunidade (FAC), Adir Diniz, o envolvimento da popula\u00e7\u00e3o \u00e9 fundamental para ampliar o alcance da campanha e garantir que mais pessoas sejam atendidas durante o per\u00edodo de frio.<\/p>\n<p>\u201cA campanha segue de maneira muito positiva e a popula\u00e7\u00e3o de Campo Grande vem demonstrando muita empatia pelo pr\u00f3ximo, trazendo doa\u00e7\u00f5es tanto no Shopping Campo Grande, no Servi\u00e7o de Atendimento ao Cliente, quanto nos diversos postos de coleta espalhados pela cidade. At\u00e9 o dia 31 de julho ainda tem muito tempo para abrir o cora\u00e7\u00e3o para fazer esse gesto de amor e solidariedade\u201d afirma.<\/p>\n<figure class=\"wp-block-image size-large\"><\/figure>\n<p>Todo material arrecadado passa por uma triagem e em seguida \u00e9 destinado para a doa\u00e7\u00e3o de fam\u00edlias atendidas pela rede de assist\u00eancia social do munic\u00edpio e institui\u00e7\u00f5es cadastradas.<\/p>\n<p>As doa\u00e7\u00f5es tamb\u00e9m podem ser entregues na sede do FAC, localizada na Avenida F\u00e1bio Zahran, n\u00ba 6.000, na Vila Carvalho; em todas as secretarias municipais, incluindo a sede administrativa da Prefeitura; nos shoppings Campo Grande e Norte Sul Plaza; no Col\u00e9gio Master; e nas unidades da Rede Municipal de Ensino (Reme).<\/p>\n<\/div>\n<p><script async defer async defer src=\"https:\/\/connect.facebook.net\/en_US\/sdk.js?ver=1#xfbml=1&amp;version=v3.2\" id=\"prefeitura-campogrande-script-facebook-sdk-js\"><\/script><\/p>\n","protected":false},"excerpt":{"rendered":"<p>A campanha do agasalho 2026, segue recebendo doa\u00e7\u00f5es at\u00e9 o dia 31 de Julho. A iniciativa que mobiliza moradores, empresas<\/p>\n","protected":false},"author":2,"featured_media":0,"comment_status":"","ping_status":"","sticky":false,"template":"","format":"standard","meta":{"colormag_page_container_layout":"default_layout","colormag_page_sidebar_layout":"default_layout","footnotes":""},"categories":[1],"tags":[],"class_list":["post-69045","post","type-post","status-publish","format-standard","hentry","category-ejornais"],"aioseo_notices":[],"aioseo_head":"\n\t\t<!-- All in One SEO 5.0.1.1 - aioseo.com -->\n\t<meta name=\"description\" content=\"A campanha do agasalho 2026, segue recebendo doa\u00e7\u00f5es at\u00e9 o dia 31 de Julho. A iniciativa que mobiliza moradores, empresas e institui\u00e7\u00f5es para arrecadar roupas de frio, cobertores e mantas destinadas a fam\u00edlias em situa\u00e7\u00e3o de vulnerabilidade, tem mais de 80 pontos de coleta espalhados nas sete regi\u00f5es da capital. Para a diretora-presidente do Fundo\" \/>\n\t<meta name=\"robots\" content=\"max-image-preview:large\" \/>\n\t<meta name=\"author\" content=\"admin1\"\/>\n\t<link rel=\"canonical\" href=\"https:\/\/ejornais.com.br\/index.php\/2026\/07\/13\/campanha-do-agasalho-segue-ate-o-final-deste-mes-cgnoticias\/\" \/>\n\t<meta name=\"generator\" content=\"All in One SEO (AIOSEO) 5.0.1.1\" \/>\n\t\t<meta property=\"og:locale\" content=\"pt_BR\" \/>\n\t\t<meta property=\"og:site_name\" content=\"eJornais - Cat\u00e1logo de Jornais no mundo, Not\u00edcias, Blog e Esportes ao vivo\" \/>\n\t\t<meta property=\"og:type\" content=\"article\" \/>\n\t\t<meta property=\"og:title\" content=\"Campanha do agasalho segue at\u00e9 o final deste m\u00eas \u2013 CGNot\u00edcias - eJornais\" \/>\n\t\t<meta property=\"og:description\" content=\"A campanha do agasalho 2026, segue recebendo doa\u00e7\u00f5es at\u00e9 o dia 31 de Julho. A iniciativa que mobiliza moradores, empresas e institui\u00e7\u00f5es para arrecadar roupas de frio, cobertores e mantas destinadas a fam\u00edlias em situa\u00e7\u00e3o de vulnerabilidade, tem mais de 80 pontos de coleta espalhados nas sete regi\u00f5es da capital. Para a diretora-presidente do Fundo\" \/>\n\t\t<meta property=\"og:url\" content=\"https:\/\/ejornais.com.br\/index.php\/2026\/07\/13\/campanha-do-agasalho-segue-ate-o-final-deste-mes-cgnoticias\/\" \/>\n\t\t<meta property=\"article:published_time\" content=\"2026-07-13T18:16:46+00:00\" \/>\n\t\t<meta property=\"article:modified_time\" content=\"2026-07-13T18:16:46+00:00\" \/>\n\t\t<meta name=\"twitter:card\" content=\"summary_large_image\" \/>\n\t\t<meta name=\"twitter:title\" content=\"Campanha do agasalho segue at\u00e9 o final deste m\u00eas \u2013 CGNot\u00edcias - eJornais\" \/>\n\t\t<meta name=\"twitter:description\" content=\"A campanha do agasalho 2026, segue recebendo doa\u00e7\u00f5es at\u00e9 o dia 31 de Julho. A iniciativa que mobiliza moradores, empresas e institui\u00e7\u00f5es para arrecadar roupas de frio, cobertores e mantas destinadas a fam\u00edlias em situa\u00e7\u00e3o de vulnerabilidade, tem mais de 80 pontos de coleta espalhados nas sete regi\u00f5es da capital. Para a diretora-presidente do Fundo\" \/>\n\t\t<script type=\"application\/ld+json\" class=\"aioseo-schema\">\n\t\t\t{\"@context\":\"https:\\\/\\\/schema.org\",\"@graph\":[{\"@type\":\"BlogPosting\",\"@id\":\"https:\\\/\\\/ejornais.com.br\\\/index.php\\\/2026\\\/07\\\/13\\\/campanha-do-agasalho-segue-ate-o-final-deste-mes-cgnoticias\\\/#blogposting\",\"name\":\"Campanha do agasalho segue at\\u00e9 o final deste m\\u00eas \\u2013 CGNot\\u00edcias - eJornais\",\"headline\":\"Campanha do agasalho segue at\\u00e9 o final deste m\\u00eas \\u2013 CGNot\\u00edcias\",\"author\":{\"@id\":\"https:\\\/\\\/ejornais.com.br\\\/index.php\\\/author\\\/admin1\\\/#author\"},\"publisher\":{\"@id\":\"https:\\\/\\\/ejornais.com.br\\\/#organization\"},\"datePublished\":\"2026-07-13T15:16:46-03:00\",\"dateModified\":\"2026-07-13T15:16:46-03:00\",\"inLanguage\":\"pt-BR\",\"mainEntityOfPage\":{\"@id\":\"https:\\\/\\\/ejornais.com.br\\\/index.php\\\/2026\\\/07\\\/13\\\/campanha-do-agasalho-segue-ate-o-final-deste-mes-cgnoticias\\\/#webpage\"},\"isPartOf\":{\"@id\":\"https:\\\/\\\/ejornais.com.br\\\/index.php\\\/2026\\\/07\\\/13\\\/campanha-do-agasalho-segue-ate-o-final-deste-mes-cgnoticias\\\/#webpage\"},\"articleSection\":\"Cat\\u00e1logo de Jornais\"},{\"@type\":\"BreadcrumbList\",\"@id\":\"https:\\\/\\\/ejornais.com.br\\\/index.php\\\/2026\\\/07\\\/13\\\/campanha-do-agasalho-segue-ate-o-final-deste-mes-cgnoticias\\\/#breadcrumblist\",\"itemListElement\":[{\"@type\":\"ListItem\",\"@id\":\"https:\\\/\\\/ejornais.com.br#listItem\",\"position\":1,\"name\":\"In\\u00edcio\",\"item\":\"https:\\\/\\\/ejornais.com.br\",\"nextItem\":{\"@type\":\"ListItem\",\"@id\":\"https:\\\/\\\/ejornais.com.br\\\/index.php\\\/category\\\/ejornais\\\/#listItem\",\"name\":\"Cat\\u00e1logo de Jornais\"}},{\"@type\":\"ListItem\",\"@id\":\"https:\\\/\\\/ejornais.com.br\\\/index.php\\\/category\\\/ejornais\\\/#listItem\",\"position\":2,\"name\":\"Cat\\u00e1logo de Jornais\",\"item\":\"https:\\\/\\\/ejornais.com.br\\\/index.php\\\/category\\\/ejornais\\\/\",\"nextItem\":{\"@type\":\"ListItem\",\"@id\":\"https:\\\/\\\/ejornais.com.br\\\/index.php\\\/2026\\\/07\\\/13\\\/campanha-do-agasalho-segue-ate-o-final-deste-mes-cgnoticias\\\/#listItem\",\"name\":\"Campanha do agasalho segue at\\u00e9 o final deste m\\u00eas \\u2013 CGNot\\u00edcias\"},\"previousItem\":{\"@type\":\"ListItem\",\"@id\":\"https:\\\/\\\/ejornais.com.br#listItem\",\"name\":\"In\\u00edcio\"}},{\"@type\":\"ListItem\",\"@id\":\"https:\\\/\\\/ejornais.com.br\\\/index.php\\\/2026\\\/07\\\/13\\\/campanha-do-agasalho-segue-ate-o-final-deste-mes-cgnoticias\\\/#listItem\",\"position\":3,\"name\":\"Campanha do agasalho segue at\\u00e9 o final deste m\\u00eas \\u2013 CGNot\\u00edcias\",\"previousItem\":{\"@type\":\"ListItem\",\"@id\":\"https:\\\/\\\/ejornais.com.br\\\/index.php\\\/category\\\/ejornais\\\/#listItem\",\"name\":\"Cat\\u00e1logo de Jornais\"}}]},{\"@type\":\"Organization\",\"@id\":\"https:\\\/\\\/ejornais.com.br\\\/#organization\",\"name\":\"eJornais\",\"description\":\"Cat\\u00e1logo de Jornais no mundo, Not\\u00edcias, Blog e Esportes ao vivo\",\"url\":\"https:\\\/\\\/ejornais.com.br\\\/\"},{\"@type\":\"Person\",\"@id\":\"https:\\\/\\\/ejornais.com.br\\\/index.php\\\/author\\\/admin1\\\/#author\",\"url\":\"https:\\\/\\\/ejornais.com.br\\\/index.php\\\/author\\\/admin1\\\/\",\"name\":\"admin1\",\"image\":{\"@type\":\"ImageObject\",\"@id\":\"https:\\\/\\\/ejornais.com.br\\\/index.php\\\/2026\\\/07\\\/13\\\/campanha-do-agasalho-segue-ate-o-final-deste-mes-cgnoticias\\\/#authorImage\",\"url\":\"https:\\\/\\\/secure.gravatar.com\\\/avatar\\\/04084e6d73c042b8646e7c17b494073bf0ede3ea13c7105cfc45cbbbc28385a4?s=96&d=mm&r=g\",\"width\":96,\"height\":96,\"caption\":\"admin1\"}},{\"@type\":\"WebPage\",\"@id\":\"https:\\\/\\\/ejornais.com.br\\\/index.php\\\/2026\\\/07\\\/13\\\/campanha-do-agasalho-segue-ate-o-final-deste-mes-cgnoticias\\\/#webpage\",\"url\":\"https:\\\/\\\/ejornais.com.br\\\/index.php\\\/2026\\\/07\\\/13\\\/campanha-do-agasalho-segue-ate-o-final-deste-mes-cgnoticias\\\/\",\"name\":\"Campanha do agasalho segue at\\u00e9 o final deste m\\u00eas \\u2013 CGNot\\u00edcias - eJornais\",\"description\":\"A campanha do agasalho 2026, segue recebendo doa\\u00e7\\u00f5es at\\u00e9 o dia 31 de Julho. A iniciativa que mobiliza moradores, empresas e institui\\u00e7\\u00f5es para arrecadar roupas de frio, cobertores e mantas destinadas a fam\\u00edlias em situa\\u00e7\\u00e3o de vulnerabilidade, tem mais de 80 pontos de coleta espalhados nas sete regi\\u00f5es da capital. Para a diretora-presidente do Fundo\",\"inLanguage\":\"pt-BR\",\"isPartOf\":{\"@id\":\"https:\\\/\\\/ejornais.com.br\\\/#website\"},\"breadcrumb\":{\"@id\":\"https:\\\/\\\/ejornais.com.br\\\/index.php\\\/2026\\\/07\\\/13\\\/campanha-do-agasalho-segue-ate-o-final-deste-mes-cgnoticias\\\/#breadcrumblist\"},\"author\":{\"@id\":\"https:\\\/\\\/ejornais.com.br\\\/index.php\\\/author\\\/admin1\\\/#author\"},\"creator\":{\"@id\":\"https:\\\/\\\/ejornais.com.br\\\/index.php\\\/author\\\/admin1\\\/#author\"},\"datePublished\":\"2026-07-13T15:16:46-03:00\",\"dateModified\":\"2026-07-13T15:16:46-03:00\"},{\"@type\":\"WebSite\",\"@id\":\"https:\\\/\\\/ejornais.com.br\\\/#website\",\"url\":\"https:\\\/\\\/ejornais.com.br\\\/\",\"name\":\"eJornais\",\"description\":\"Cat\\u00e1logo de Jornais no mundo, Not\\u00edcias, Blog e Esportes ao vivo\",\"inLanguage\":\"pt-BR\",\"publisher\":{\"@id\":\"https:\\\/\\\/ejornais.com.br\\\/#organization\"}}]}\n\t\t<\/script>\n\t\t<!-- All in One SEO -->\n\n","aioseo_head_json":{"title":"Campanha do agasalho segue at\u00e9 o final deste m\u00eas \u2013 CGNot\u00edcias - eJornais","description":"A campanha do agasalho 2026, segue recebendo doa\u00e7\u00f5es at\u00e9 o dia 31 de Julho. A iniciativa que mobiliza moradores, empresas e institui\u00e7\u00f5es para arrecadar roupas de frio, cobertores e mantas destinadas a fam\u00edlias em situa\u00e7\u00e3o de vulnerabilidade, tem mais de 80 pontos de coleta espalhados nas sete regi\u00f5es da capital. Para a diretora-presidente do Fundo","canonical_url":"https:\/\/ejornais.com.br\/index.php\/2026\/07\/13\/campanha-do-agasalho-segue-ate-o-final-deste-mes-cgnoticias\/","robots":"max-image-preview:large","keywords":"","webmasterTools":{"miscellaneous":""},"schema":{"@context":"https:\/\/schema.org","@graph":[{"@type":"BlogPosting","@id":"https:\/\/ejornais.com.br\/index.php\/2026\/07\/13\/campanha-do-agasalho-segue-ate-o-final-deste-mes-cgnoticias\/#blogposting","name":"Campanha do agasalho segue at\u00e9 o final deste m\u00eas \u2013 CGNot\u00edcias - eJornais","headline":"Campanha do agasalho segue at\u00e9 o final deste m\u00eas \u2013 CGNot\u00edcias","author":{"@id":"https:\/\/ejornais.com.br\/index.php\/author\/admin1\/#author"},"publisher":{"@id":"https:\/\/ejornais.com.br\/#organization"},"datePublished":"2026-07-13T15:16:46-03:00","dateModified":"2026-07-13T15:16:46-03:00","inLanguage":"pt-BR","mainEntityOfPage":{"@id":"https:\/\/ejornais.com.br\/index.php\/2026\/07\/13\/campanha-do-agasalho-segue-ate-o-final-deste-mes-cgnoticias\/#webpage"},"isPartOf":{"@id":"https:\/\/ejornais.com.br\/index.php\/2026\/07\/13\/campanha-do-agasalho-segue-ate-o-final-deste-mes-cgnoticias\/#webpage"},"articleSection":"Cat\u00e1logo de Jornais"},{"@type":"BreadcrumbList","@id":"https:\/\/ejornais.com.br\/index.php\/2026\/07\/13\/campanha-do-agasalho-segue-ate-o-final-deste-mes-cgnoticias\/#breadcrumblist","itemListElement":[{"@type":"ListItem","@id":"https:\/\/ejornais.com.br#listItem","position":1,"name":"In\u00edcio","item":"https:\/\/ejornais.com.br","nextItem":{"@type":"ListItem","@id":"https:\/\/ejornais.com.br\/index.php\/category\/ejornais\/#listItem","name":"Cat\u00e1logo de Jornais"}},{"@type":"ListItem","@id":"https:\/\/ejornais.com.br\/index.php\/category\/ejornais\/#listItem","position":2,"name":"Cat\u00e1logo de Jornais","item":"https:\/\/ejornais.com.br\/index.php\/category\/ejornais\/","nextItem":{"@type":"ListItem","@id":"https:\/\/ejornais.com.br\/index.php\/2026\/07\/13\/campanha-do-agasalho-segue-ate-o-final-deste-mes-cgnoticias\/#listItem","name":"Campanha do agasalho segue at\u00e9 o final deste m\u00eas \u2013 CGNot\u00edcias"},"previousItem":{"@type":"ListItem","@id":"https:\/\/ejornais.com.br#listItem","name":"In\u00edcio"}},{"@type":"ListItem","@id":"https:\/\/ejornais.com.br\/index.php\/2026\/07\/13\/campanha-do-agasalho-segue-ate-o-final-deste-mes-cgnoticias\/#listItem","position":3,"name":"Campanha do agasalho segue at\u00e9 o final deste m\u00eas \u2013 CGNot\u00edcias","previousItem":{"@type":"ListItem","@id":"https:\/\/ejornais.com.br\/index.php\/category\/ejornais\/#listItem","name":"Cat\u00e1logo de Jornais"}}]},{"@type":"Organization","@id":"https:\/\/ejornais.com.br\/#organization","name":"eJornais","description":"Cat\u00e1logo de Jornais no mundo, Not\u00edcias, Blog e Esportes ao vivo","url":"https:\/\/ejornais.com.br\/"},{"@type":"Person","@id":"https:\/\/ejornais.com.br\/index.php\/author\/admin1\/#author","url":"https:\/\/ejornais.com.br\/index.php\/author\/admin1\/","name":"admin1","image":{"@type":"ImageObject","@id":"https:\/\/ejornais.com.br\/index.php\/2026\/07\/13\/campanha-do-agasalho-segue-ate-o-final-deste-mes-cgnoticias\/#authorImage","url":"https:\/\/secure.gravatar.com\/avatar\/04084e6d73c042b8646e7c17b494073bf0ede3ea13c7105cfc45cbbbc28385a4?s=96&d=mm&r=g","width":96,"height":96,"caption":"admin1"}},{"@type":"WebPage","@id":"https:\/\/ejornais.com.br\/index.php\/2026\/07\/13\/campanha-do-agasalho-segue-ate-o-final-deste-mes-cgnoticias\/#webpage","url":"https:\/\/ejornais.com.br\/index.php\/2026\/07\/13\/campanha-do-agasalho-segue-ate-o-final-deste-mes-cgnoticias\/","name":"Campanha do agasalho segue at\u00e9 o final deste m\u00eas \u2013 CGNot\u00edcias - eJornais","description":"A campanha do agasalho 2026, segue recebendo doa\u00e7\u00f5es at\u00e9 o dia 31 de Julho. A iniciativa que mobiliza moradores, empresas e institui\u00e7\u00f5es para arrecadar roupas de frio, cobertores e mantas destinadas a fam\u00edlias em situa\u00e7\u00e3o de vulnerabilidade, tem mais de 80 pontos de coleta espalhados nas sete regi\u00f5es da capital. Para a diretora-presidente do Fundo","inLanguage":"pt-BR","isPartOf":{"@id":"https:\/\/ejornais.com.br\/#website"},"breadcrumb":{"@id":"https:\/\/ejornais.com.br\/index.php\/2026\/07\/13\/campanha-do-agasalho-segue-ate-o-final-deste-mes-cgnoticias\/#breadcrumblist"},"author":{"@id":"https:\/\/ejornais.com.br\/index.php\/author\/admin1\/#author"},"creator":{"@id":"https:\/\/ejornais.com.br\/index.php\/author\/admin1\/#author"},"datePublished":"2026-07-13T15:16:46-03:00","dateModified":"2026-07-13T15:16:46-03:00"},{"@type":"WebSite","@id":"https:\/\/ejornais.com.br\/#website","url":"https:\/\/ejornais.com.br\/","name":"eJornais","description":"Cat\u00e1logo de Jornais no mundo, Not\u00edcias, Blog e Esportes ao vivo","inLanguage":"pt-BR","publisher":{"@id":"https:\/\/ejornais.com.br\/#organization"}}]},"og:locale":"pt_BR","og:site_name":"eJornais - Cat\u00e1logo de Jornais no mundo, Not\u00edcias, Blog e Esportes ao vivo","og:type":"article","og:title":"Campanha do agasalho segue at\u00e9 o final deste m\u00eas \u2013 CGNot\u00edcias - eJornais","og:description":"A campanha do agasalho 2026, segue recebendo doa\u00e7\u00f5es at\u00e9 o dia 31 de Julho. A iniciativa que mobiliza moradores, empresas e institui\u00e7\u00f5es para arrecadar roupas de frio, cobertores e mantas destinadas a fam\u00edlias em situa\u00e7\u00e3o de vulnerabilidade, tem mais de 80 pontos de coleta espalhados nas sete regi\u00f5es da capital. Para a diretora-presidente do Fundo","og:url":"https:\/\/ejornais.com.br\/index.php\/2026\/07\/13\/campanha-do-agasalho-segue-ate-o-final-deste-mes-cgnoticias\/","article:published_time":"2026-07-13T18:16:46+00:00","article:modified_time":"2026-07-13T18:16:46+00:00","twitter:card":"summary_large_image","twitter:title":"Campanha do agasalho segue at\u00e9 o final deste m\u00eas \u2013 CGNot\u00edcias - eJornais","twitter:description":"A campanha do agasalho 2026, segue recebendo doa\u00e7\u00f5es at\u00e9 o dia 31 de Julho. A iniciativa que mobiliza moradores, empresas e institui\u00e7\u00f5es para arrecadar roupas de frio, cobertores e mantas destinadas a fam\u00edlias em situa\u00e7\u00e3o de vulnerabilidade, tem mais de 80 pontos de coleta espalhados nas sete regi\u00f5es da capital. Para a diretora-presidente do Fundo"},"aioseo_meta_data":{"post_id":"69045","title":null,"description":null,"keywords":null,"keyphrases":null,"primary_term":null,"canonical_url":null,"og_title":null,"og_description":null,"og_object_type":"default","og_image_type":"default","og_image_url":null,"og_image_width":null,"og_image_height":null,"og_image_custom_url":null,"og_image_custom_fields":null,"og_video":null,"og_custom_url":null,"og_article_section":null,"og_article_tags":null,"twitter_use_og":false,"twitter_card":"default","twitter_image_type":"default","twitter_image_url":null,"twitter_image_custom_url":null,"twitter_image_custom_fields":null,"twitter_title":null,"twitter_description":null,"schema":{"blockGraphs":[],"customGraphs":[],"default":{"data":{"Article":[],"Course":[],"Dataset":[],"FAQPage":[],"Movie":[],"Person":[],"Product":[],"ProductReview":[],"Car":[],"Recipe":[],"Service":[],"SoftwareApplication":[],"WebPage":[]},"graphName":"","isEnabled":true},"graphs":[]},"schema_type":"default","schema_type_options":null,"pillar_content":false,"robots_default":true,"robots_noindex":false,"robots_noarchive":false,"robots_nosnippet":false,"robots_nofollow":false,"robots_noimageindex":false,"robots_noodp":false,"robots_notranslate":false,"robots_max_snippet":null,"robots_max_videopreview":null,"robots_max_imagepreview":"large","priority":null,"frequency":null,"local_seo":null,"breadcrumb_settings":null,"limit_modified_date":false,"ai":null,"created":"2026-07-15 16:00:38","updated":"2026-07-15 16:00:38","seo_analyzer_scan_date":null,"focus_keyword":null,"additional_keywords":null,"truseo_locale":null},"aioseo_breadcrumb":"<div class=\"aioseo-breadcrumbs\"><span class=\"aioseo-breadcrumb\">\n\t\t\t<a href=\"https:\/\/ejornais.com.br\" title=\"In\u00edcio\">In\u00edcio<\/a>\n\t\t<\/span><span class=\"aioseo-breadcrumb-separator\">&raquo;<\/span><span class=\"aioseo-breadcrumb\">\n\t\t\t<a href=\"https:\/\/ejornais.com.br\/index.php\/category\/ejornais\/\" title=\"Cat\u00e1logo de Jornais\">Cat\u00e1logo de Jornais<\/a>\n\t\t<\/span><span class=\"aioseo-breadcrumb-separator\">&raquo;<\/span><span class=\"aioseo-breadcrumb\">\n\t\t\tCampanha do agasalho segue at\u00e9 o final deste m\u00eas \u2013 CGNot\u00edcias\n\t\t<\/span><\/div>","aioseo_breadcrumb_json":[{"label":"In\u00edcio","link":"https:\/\/ejornais.com.br"},{"label":"Cat\u00e1logo de Jornais","link":"https:\/\/ejornais.com.br\/index.php\/category\/ejornais\/"},{"label":"Campanha do agasalho segue at\u00e9 o final deste m\u00eas \u2013 CGNot\u00edcias","link":"https:\/\/ejornais.com.br\/index.php\/2026\/07\/13\/campanha-do-agasalho-segue-ate-o-final-deste-mes-cgnoticias\/"}],"amp_enabled":true,"_links":{"self":[{"href":"https:\/\/ejornais.com.br\/index.php\/wp-json\/wp\/v2\/posts\/69045","targetHints":{"allow":["GET"]}}],"collection":[{"href":"https:\/\/ejornais.com.br\/index.php\/wp-json\/wp\/v2\/posts"}],"about":[{"href":"https:\/\/ejornais.com.br\/index.php\/wp-json\/wp\/v2\/types\/post"}],"author":[{"embeddable":true,"href":"https:\/\/ejornais.com.br\/index.php\/wp-json\/wp\/v2\/users\/2"}],"replies":[{"embeddable":true,"href":"https:\/\/ejornais.com.br\/index.php\/wp-json\/wp\/v2\/comments?post=69045"}],"version-history":[{"count":0,"href":"https:\/\/ejornais.com.br\/index.php\/wp-json\/wp\/v2\/posts\/69045\/revisions"}],"wp:attachment":[{"href":"https:\/\/ejornais.com.br\/index.php\/wp-json\/wp\/v2\/media?parent=69045"}],"wp:term":[{"taxonomy":"category","embeddable":true,"href":"https:\/\/ejornais.com.br\/index.php\/wp-json\/wp\/v2\/categories?post=69045"},{"taxonomy":"post_tag","embeddable":true,"href":"https:\/\/ejornais.com.br\/index.php\/wp-json\/wp\/v2\/tags?post=69045"}],"curies":[{"name":"wp","href":"https:\/\/api.w.org\/{rel}","templated":true}]}}