{"id":69094,"date":"2026-07-14T15:54:44","date_gmt":"2026-07-14T18:54:44","guid":{"rendered":"https:\/\/ejornais.com.br\/index.php\/2026\/07\/14\/novo-programa-liga-agricultura-familiar-ao-combate-a-fome-cgnoticias\/"},"modified":"2026-07-14T15:54:44","modified_gmt":"2026-07-14T18:54:44","slug":"novo-programa-liga-agricultura-familiar-ao-combate-a-fome-cgnoticias","status":"publish","type":"post","link":"https:\/\/ejornais.com.br\/index.php\/2026\/07\/14\/novo-programa-liga-agricultura-familiar-ao-combate-a-fome-cgnoticias\/","title":{"rendered":"Novo programa liga agricultura familiar ao combate \u00e0 fome \u2013 CGNot\u00edcias"},"content":{"rendered":"<p><\/p>\n<div>\n<p>Foi publicada na edi\u00e7\u00e3o extra do Diogrande desta ter\u00e7a-feira (14), o Plano de Aquisi\u00e7\u00e3o de Alimentos (PAA Municipal), que atender\u00e1 a popula\u00e7\u00e3o em situa\u00e7\u00e3o de vulnerabilidade atrav\u00e9s da compra de mantimentos produzidos pela agricultura familiar de Campo Grande e regi\u00e3o.<\/p>\n<p>O plano tem como principais finalidades promover o acesso \u00e0 alimenta\u00e7\u00e3o em quantidade, qualidade e regularidade a pessoas que vivem em situa\u00e7\u00e3o de inseguran\u00e7a alimentar e nutricional, al\u00e9m de fomentar a comercializa\u00e7\u00e3o e produ\u00e7\u00e3o agr\u00edcola familiar.<\/p>\n<p>\u201c\u00c9 um passo importante que damos hoje, beneficiando diferentes setores da comunidade e, principalmente, garantindo o sustento financeiro e alimenta\u00e7\u00e3o adequada a uma parcela da popula\u00e7\u00e3o local\u201d, comenta a prefeita Adriane Lopes.<\/p>\n<p>A aquisi\u00e7\u00e3o dos alimentos ser\u00e1 feita atrav\u00e9s de compra com doa\u00e7\u00e3o simult\u00e2nea, ou seja, todo e qualquer insumo adquirido j\u00e1 ter\u00e1 destino certo. \u201cEssa modalidade de compra est\u00e1 alinhada com as boas pr\u00e1ticas nacionais, assim, a produ\u00e7\u00e3o adquirida \u00e9 destinada imediatamente aos benefici\u00e1rios consumidores\u201d, completa a prefeita.<\/p>\n<p>Os alimentos ser\u00e3o destinados a fam\u00edlias em situa\u00e7\u00e3o de inseguran\u00e7a alimentar e nutricional, ao abastecimento socioassistencial, aos programas e a\u00e7\u00f5es de seguran\u00e7a alimentar, cozinhas solid\u00e1rias e, em caso de emerg\u00eancia ou calamidade p\u00fablica, para atendimento de suplementa\u00e7\u00e3o alimentar.<\/p>\n<p>Para al\u00e9m dos benefici\u00e1rios consumidores, o programa tamb\u00e9m ir\u00e1 atingir aos produtores familiares e cooperativas, que ter\u00e3o a garantia da comercializa\u00e7\u00e3o de suas produ\u00e7\u00f5es.<\/p>\n<p>\u201cO plano tamb\u00e9m passa a ser mais um fomento \u00e0 agricultura familiar, uma vez que \u00e9 dada a prioridade produ\u00e7\u00e3o sustent\u00e1vel e adotada a pr\u00e1tica de gera\u00e7\u00e3o de renda dentro do meio rural, atrav\u00e9s da utiliza\u00e7\u00e3o de valores praticados no com\u00e9rcio local\u201d, conclui o secret\u00e1rio municipal de Meio Ambiente, Gest\u00e3o Urbana e Desenvolvimento Econ\u00f4mico, Tur\u00edstico e Sustent\u00e1vel, Ademar Silva J\u00fanior.<\/p>\n<\/div>\n<p><script async defer async defer src=\"https:\/\/connect.facebook.net\/en_US\/sdk.js?ver=1#xfbml=1&amp;version=v3.2\" id=\"prefeitura-campogrande-script-facebook-sdk-js\"><\/script><\/p>\n","protected":false},"excerpt":{"rendered":"<p>Foi publicada na edi\u00e7\u00e3o extra do Diogrande desta ter\u00e7a-feira (14), o Plano de Aquisi\u00e7\u00e3o de Alimentos (PAA Municipal), que atender\u00e1<\/p>\n","protected":false},"author":2,"featured_media":0,"comment_status":"","ping_status":"","sticky":false,"template":"","format":"standard","meta":{"colormag_page_container_layout":"default_layout","colormag_page_sidebar_layout":"default_layout","footnotes":""},"categories":[1],"tags":[],"class_list":["post-69094","post","type-post","status-publish","format-standard","hentry","category-ejornais"],"aioseo_notices":[],"aioseo_head":"\n\t\t<!-- All in One SEO 5.0.1.1 - aioseo.com -->\n\t<meta name=\"description\" content=\"Foi publicada na edi\u00e7\u00e3o extra do Diogrande desta ter\u00e7a-feira (14), o Plano de Aquisi\u00e7\u00e3o de Alimentos (PAA Municipal), que atender\u00e1 a popula\u00e7\u00e3o em situa\u00e7\u00e3o de vulnerabilidade atrav\u00e9s da compra de mantimentos produzidos pela agricultura familiar de Campo Grande e regi\u00e3o. O plano tem como principais finalidades promover o acesso \u00e0 alimenta\u00e7\u00e3o em quantidade, qualidade e\" \/>\n\t<meta name=\"robots\" content=\"max-image-preview:large\" \/>\n\t<meta name=\"author\" content=\"admin1\"\/>\n\t<link rel=\"canonical\" href=\"https:\/\/ejornais.com.br\/index.php\/2026\/07\/14\/novo-programa-liga-agricultura-familiar-ao-combate-a-fome-cgnoticias\/\" \/>\n\t<meta name=\"generator\" content=\"All in One SEO (AIOSEO) 5.0.1.1\" \/>\n\t\t<meta property=\"og:locale\" content=\"pt_BR\" \/>\n\t\t<meta property=\"og:site_name\" content=\"eJornais - Cat\u00e1logo de Jornais no mundo, Not\u00edcias, Blog e Esportes ao vivo\" \/>\n\t\t<meta property=\"og:type\" content=\"article\" \/>\n\t\t<meta property=\"og:title\" content=\"Novo programa liga agricultura familiar ao combate \u00e0 fome \u2013 CGNot\u00edcias - eJornais\" \/>\n\t\t<meta property=\"og:description\" content=\"Foi publicada na edi\u00e7\u00e3o extra do Diogrande desta ter\u00e7a-feira (14), o Plano de Aquisi\u00e7\u00e3o de Alimentos (PAA Municipal), que atender\u00e1 a popula\u00e7\u00e3o em situa\u00e7\u00e3o de vulnerabilidade atrav\u00e9s da compra de mantimentos produzidos pela agricultura familiar de Campo Grande e regi\u00e3o. O plano tem como principais finalidades promover o acesso \u00e0 alimenta\u00e7\u00e3o em quantidade, qualidade e\" \/>\n\t\t<meta property=\"og:url\" content=\"https:\/\/ejornais.com.br\/index.php\/2026\/07\/14\/novo-programa-liga-agricultura-familiar-ao-combate-a-fome-cgnoticias\/\" \/>\n\t\t<meta property=\"article:published_time\" content=\"2026-07-14T18:54:44+00:00\" \/>\n\t\t<meta property=\"article:modified_time\" content=\"2026-07-14T18:54:44+00:00\" \/>\n\t\t<meta name=\"twitter:card\" content=\"summary_large_image\" \/>\n\t\t<meta name=\"twitter:title\" content=\"Novo programa liga agricultura familiar ao combate \u00e0 fome \u2013 CGNot\u00edcias - eJornais\" \/>\n\t\t<meta name=\"twitter:description\" content=\"Foi publicada na edi\u00e7\u00e3o extra do Diogrande desta ter\u00e7a-feira (14), o Plano de Aquisi\u00e7\u00e3o de Alimentos (PAA Municipal), que atender\u00e1 a popula\u00e7\u00e3o em situa\u00e7\u00e3o de vulnerabilidade atrav\u00e9s da compra de mantimentos produzidos pela agricultura familiar de Campo Grande e regi\u00e3o. O plano tem como principais finalidades promover o acesso \u00e0 alimenta\u00e7\u00e3o em quantidade, qualidade e\" \/>\n\t\t<script type=\"application\/ld+json\" class=\"aioseo-schema\">\n\t\t\t{\"@context\":\"https:\\\/\\\/schema.org\",\"@graph\":[{\"@type\":\"BlogPosting\",\"@id\":\"https:\\\/\\\/ejornais.com.br\\\/index.php\\\/2026\\\/07\\\/14\\\/novo-programa-liga-agricultura-familiar-ao-combate-a-fome-cgnoticias\\\/#blogposting\",\"name\":\"Novo programa liga agricultura familiar ao combate \\u00e0 fome \\u2013 CGNot\\u00edcias - eJornais\",\"headline\":\"Novo programa liga agricultura familiar ao combate \\u00e0 fome \\u2013 CGNot\\u00edcias\",\"author\":{\"@id\":\"https:\\\/\\\/ejornais.com.br\\\/index.php\\\/author\\\/admin1\\\/#author\"},\"publisher\":{\"@id\":\"https:\\\/\\\/ejornais.com.br\\\/#organization\"},\"datePublished\":\"2026-07-14T15:54:44-03:00\",\"dateModified\":\"2026-07-14T15:54:44-03:00\",\"inLanguage\":\"pt-BR\",\"mainEntityOfPage\":{\"@id\":\"https:\\\/\\\/ejornais.com.br\\\/index.php\\\/2026\\\/07\\\/14\\\/novo-programa-liga-agricultura-familiar-ao-combate-a-fome-cgnoticias\\\/#webpage\"},\"isPartOf\":{\"@id\":\"https:\\\/\\\/ejornais.com.br\\\/index.php\\\/2026\\\/07\\\/14\\\/novo-programa-liga-agricultura-familiar-ao-combate-a-fome-cgnoticias\\\/#webpage\"},\"articleSection\":\"Cat\\u00e1logo de Jornais\"},{\"@type\":\"BreadcrumbList\",\"@id\":\"https:\\\/\\\/ejornais.com.br\\\/index.php\\\/2026\\\/07\\\/14\\\/novo-programa-liga-agricultura-familiar-ao-combate-a-fome-cgnoticias\\\/#breadcrumblist\",\"itemListElement\":[{\"@type\":\"ListItem\",\"@id\":\"https:\\\/\\\/ejornais.com.br#listItem\",\"position\":1,\"name\":\"In\\u00edcio\",\"item\":\"https:\\\/\\\/ejornais.com.br\",\"nextItem\":{\"@type\":\"ListItem\",\"@id\":\"https:\\\/\\\/ejornais.com.br\\\/index.php\\\/category\\\/ejornais\\\/#listItem\",\"name\":\"Cat\\u00e1logo de Jornais\"}},{\"@type\":\"ListItem\",\"@id\":\"https:\\\/\\\/ejornais.com.br\\\/index.php\\\/category\\\/ejornais\\\/#listItem\",\"position\":2,\"name\":\"Cat\\u00e1logo de Jornais\",\"item\":\"https:\\\/\\\/ejornais.com.br\\\/index.php\\\/category\\\/ejornais\\\/\",\"nextItem\":{\"@type\":\"ListItem\",\"@id\":\"https:\\\/\\\/ejornais.com.br\\\/index.php\\\/2026\\\/07\\\/14\\\/novo-programa-liga-agricultura-familiar-ao-combate-a-fome-cgnoticias\\\/#listItem\",\"name\":\"Novo programa liga agricultura familiar ao combate \\u00e0 fome \\u2013 CGNot\\u00edcias\"},\"previousItem\":{\"@type\":\"ListItem\",\"@id\":\"https:\\\/\\\/ejornais.com.br#listItem\",\"name\":\"In\\u00edcio\"}},{\"@type\":\"ListItem\",\"@id\":\"https:\\\/\\\/ejornais.com.br\\\/index.php\\\/2026\\\/07\\\/14\\\/novo-programa-liga-agricultura-familiar-ao-combate-a-fome-cgnoticias\\\/#listItem\",\"position\":3,\"name\":\"Novo programa liga agricultura familiar ao combate \\u00e0 fome \\u2013 CGNot\\u00edcias\",\"previousItem\":{\"@type\":\"ListItem\",\"@id\":\"https:\\\/\\\/ejornais.com.br\\\/index.php\\\/category\\\/ejornais\\\/#listItem\",\"name\":\"Cat\\u00e1logo de Jornais\"}}]},{\"@type\":\"Organization\",\"@id\":\"https:\\\/\\\/ejornais.com.br\\\/#organization\",\"name\":\"eJornais\",\"description\":\"Cat\\u00e1logo de Jornais no mundo, Not\\u00edcias, Blog e Esportes ao vivo\",\"url\":\"https:\\\/\\\/ejornais.com.br\\\/\"},{\"@type\":\"Person\",\"@id\":\"https:\\\/\\\/ejornais.com.br\\\/index.php\\\/author\\\/admin1\\\/#author\",\"url\":\"https:\\\/\\\/ejornais.com.br\\\/index.php\\\/author\\\/admin1\\\/\",\"name\":\"admin1\",\"image\":{\"@type\":\"ImageObject\",\"@id\":\"https:\\\/\\\/ejornais.com.br\\\/index.php\\\/2026\\\/07\\\/14\\\/novo-programa-liga-agricultura-familiar-ao-combate-a-fome-cgnoticias\\\/#authorImage\",\"url\":\"https:\\\/\\\/secure.gravatar.com\\\/avatar\\\/04084e6d73c042b8646e7c17b494073bf0ede3ea13c7105cfc45cbbbc28385a4?s=96&d=mm&r=g\",\"width\":96,\"height\":96,\"caption\":\"admin1\"}},{\"@type\":\"WebPage\",\"@id\":\"https:\\\/\\\/ejornais.com.br\\\/index.php\\\/2026\\\/07\\\/14\\\/novo-programa-liga-agricultura-familiar-ao-combate-a-fome-cgnoticias\\\/#webpage\",\"url\":\"https:\\\/\\\/ejornais.com.br\\\/index.php\\\/2026\\\/07\\\/14\\\/novo-programa-liga-agricultura-familiar-ao-combate-a-fome-cgnoticias\\\/\",\"name\":\"Novo programa liga agricultura familiar ao combate \\u00e0 fome \\u2013 CGNot\\u00edcias - eJornais\",\"description\":\"Foi publicada na edi\\u00e7\\u00e3o extra do Diogrande desta ter\\u00e7a-feira (14), o Plano de Aquisi\\u00e7\\u00e3o de Alimentos (PAA Municipal), que atender\\u00e1 a popula\\u00e7\\u00e3o em situa\\u00e7\\u00e3o de vulnerabilidade atrav\\u00e9s da compra de mantimentos produzidos pela agricultura familiar de Campo Grande e regi\\u00e3o. O plano tem como principais finalidades promover o acesso \\u00e0 alimenta\\u00e7\\u00e3o em quantidade, qualidade e\",\"inLanguage\":\"pt-BR\",\"isPartOf\":{\"@id\":\"https:\\\/\\\/ejornais.com.br\\\/#website\"},\"breadcrumb\":{\"@id\":\"https:\\\/\\\/ejornais.com.br\\\/index.php\\\/2026\\\/07\\\/14\\\/novo-programa-liga-agricultura-familiar-ao-combate-a-fome-cgnoticias\\\/#breadcrumblist\"},\"author\":{\"@id\":\"https:\\\/\\\/ejornais.com.br\\\/index.php\\\/author\\\/admin1\\\/#author\"},\"creator\":{\"@id\":\"https:\\\/\\\/ejornais.com.br\\\/index.php\\\/author\\\/admin1\\\/#author\"},\"datePublished\":\"2026-07-14T15:54:44-03:00\",\"dateModified\":\"2026-07-14T15:54:44-03:00\"},{\"@type\":\"WebSite\",\"@id\":\"https:\\\/\\\/ejornais.com.br\\\/#website\",\"url\":\"https:\\\/\\\/ejornais.com.br\\\/\",\"name\":\"eJornais\",\"description\":\"Cat\\u00e1logo de Jornais no mundo, Not\\u00edcias, Blog e Esportes ao vivo\",\"inLanguage\":\"pt-BR\",\"publisher\":{\"@id\":\"https:\\\/\\\/ejornais.com.br\\\/#organization\"}}]}\n\t\t<\/script>\n\t\t<!-- All in One SEO -->\n\n","aioseo_head_json":{"title":"Novo programa liga agricultura familiar ao combate \u00e0 fome \u2013 CGNot\u00edcias - eJornais","description":"Foi publicada na edi\u00e7\u00e3o extra do Diogrande desta ter\u00e7a-feira (14), o Plano de Aquisi\u00e7\u00e3o de Alimentos (PAA Municipal), que atender\u00e1 a popula\u00e7\u00e3o em situa\u00e7\u00e3o de vulnerabilidade atrav\u00e9s da compra de mantimentos produzidos pela agricultura familiar de Campo Grande e regi\u00e3o. O plano tem como principais finalidades promover o acesso \u00e0 alimenta\u00e7\u00e3o em quantidade, qualidade e","canonical_url":"https:\/\/ejornais.com.br\/index.php\/2026\/07\/14\/novo-programa-liga-agricultura-familiar-ao-combate-a-fome-cgnoticias\/","robots":"max-image-preview:large","keywords":"","webmasterTools":{"miscellaneous":""},"schema":{"@context":"https:\/\/schema.org","@graph":[{"@type":"BlogPosting","@id":"https:\/\/ejornais.com.br\/index.php\/2026\/07\/14\/novo-programa-liga-agricultura-familiar-ao-combate-a-fome-cgnoticias\/#blogposting","name":"Novo programa liga agricultura familiar ao combate \u00e0 fome \u2013 CGNot\u00edcias - eJornais","headline":"Novo programa liga agricultura familiar ao combate \u00e0 fome \u2013 CGNot\u00edcias","author":{"@id":"https:\/\/ejornais.com.br\/index.php\/author\/admin1\/#author"},"publisher":{"@id":"https:\/\/ejornais.com.br\/#organization"},"datePublished":"2026-07-14T15:54:44-03:00","dateModified":"2026-07-14T15:54:44-03:00","inLanguage":"pt-BR","mainEntityOfPage":{"@id":"https:\/\/ejornais.com.br\/index.php\/2026\/07\/14\/novo-programa-liga-agricultura-familiar-ao-combate-a-fome-cgnoticias\/#webpage"},"isPartOf":{"@id":"https:\/\/ejornais.com.br\/index.php\/2026\/07\/14\/novo-programa-liga-agricultura-familiar-ao-combate-a-fome-cgnoticias\/#webpage"},"articleSection":"Cat\u00e1logo de Jornais"},{"@type":"BreadcrumbList","@id":"https:\/\/ejornais.com.br\/index.php\/2026\/07\/14\/novo-programa-liga-agricultura-familiar-ao-combate-a-fome-cgnoticias\/#breadcrumblist","itemListElement":[{"@type":"ListItem","@id":"https:\/\/ejornais.com.br#listItem","position":1,"name":"In\u00edcio","item":"https:\/\/ejornais.com.br","nextItem":{"@type":"ListItem","@id":"https:\/\/ejornais.com.br\/index.php\/category\/ejornais\/#listItem","name":"Cat\u00e1logo de Jornais"}},{"@type":"ListItem","@id":"https:\/\/ejornais.com.br\/index.php\/category\/ejornais\/#listItem","position":2,"name":"Cat\u00e1logo de Jornais","item":"https:\/\/ejornais.com.br\/index.php\/category\/ejornais\/","nextItem":{"@type":"ListItem","@id":"https:\/\/ejornais.com.br\/index.php\/2026\/07\/14\/novo-programa-liga-agricultura-familiar-ao-combate-a-fome-cgnoticias\/#listItem","name":"Novo programa liga agricultura familiar ao combate \u00e0 fome \u2013 CGNot\u00edcias"},"previousItem":{"@type":"ListItem","@id":"https:\/\/ejornais.com.br#listItem","name":"In\u00edcio"}},{"@type":"ListItem","@id":"https:\/\/ejornais.com.br\/index.php\/2026\/07\/14\/novo-programa-liga-agricultura-familiar-ao-combate-a-fome-cgnoticias\/#listItem","position":3,"name":"Novo programa liga agricultura familiar ao combate \u00e0 fome \u2013 CGNot\u00edcias","previousItem":{"@type":"ListItem","@id":"https:\/\/ejornais.com.br\/index.php\/category\/ejornais\/#listItem","name":"Cat\u00e1logo de Jornais"}}]},{"@type":"Organization","@id":"https:\/\/ejornais.com.br\/#organization","name":"eJornais","description":"Cat\u00e1logo de Jornais no mundo, Not\u00edcias, Blog e Esportes ao vivo","url":"https:\/\/ejornais.com.br\/"},{"@type":"Person","@id":"https:\/\/ejornais.com.br\/index.php\/author\/admin1\/#author","url":"https:\/\/ejornais.com.br\/index.php\/author\/admin1\/","name":"admin1","image":{"@type":"ImageObject","@id":"https:\/\/ejornais.com.br\/index.php\/2026\/07\/14\/novo-programa-liga-agricultura-familiar-ao-combate-a-fome-cgnoticias\/#authorImage","url":"https:\/\/secure.gravatar.com\/avatar\/04084e6d73c042b8646e7c17b494073bf0ede3ea13c7105cfc45cbbbc28385a4?s=96&d=mm&r=g","width":96,"height":96,"caption":"admin1"}},{"@type":"WebPage","@id":"https:\/\/ejornais.com.br\/index.php\/2026\/07\/14\/novo-programa-liga-agricultura-familiar-ao-combate-a-fome-cgnoticias\/#webpage","url":"https:\/\/ejornais.com.br\/index.php\/2026\/07\/14\/novo-programa-liga-agricultura-familiar-ao-combate-a-fome-cgnoticias\/","name":"Novo programa liga agricultura familiar ao combate \u00e0 fome \u2013 CGNot\u00edcias - eJornais","description":"Foi publicada na edi\u00e7\u00e3o extra do Diogrande desta ter\u00e7a-feira (14), o Plano de Aquisi\u00e7\u00e3o de Alimentos (PAA Municipal), que atender\u00e1 a popula\u00e7\u00e3o em situa\u00e7\u00e3o de vulnerabilidade atrav\u00e9s da compra de mantimentos produzidos pela agricultura familiar de Campo Grande e regi\u00e3o. O plano tem como principais finalidades promover o acesso \u00e0 alimenta\u00e7\u00e3o em quantidade, qualidade e","inLanguage":"pt-BR","isPartOf":{"@id":"https:\/\/ejornais.com.br\/#website"},"breadcrumb":{"@id":"https:\/\/ejornais.com.br\/index.php\/2026\/07\/14\/novo-programa-liga-agricultura-familiar-ao-combate-a-fome-cgnoticias\/#breadcrumblist"},"author":{"@id":"https:\/\/ejornais.com.br\/index.php\/author\/admin1\/#author"},"creator":{"@id":"https:\/\/ejornais.com.br\/index.php\/author\/admin1\/#author"},"datePublished":"2026-07-14T15:54:44-03:00","dateModified":"2026-07-14T15:54:44-03:00"},{"@type":"WebSite","@id":"https:\/\/ejornais.com.br\/#website","url":"https:\/\/ejornais.com.br\/","name":"eJornais","description":"Cat\u00e1logo de Jornais no mundo, Not\u00edcias, Blog e Esportes ao vivo","inLanguage":"pt-BR","publisher":{"@id":"https:\/\/ejornais.com.br\/#organization"}}]},"og:locale":"pt_BR","og:site_name":"eJornais - Cat\u00e1logo de Jornais no mundo, Not\u00edcias, Blog e Esportes ao vivo","og:type":"article","og:title":"Novo programa liga agricultura familiar ao combate \u00e0 fome \u2013 CGNot\u00edcias - eJornais","og:description":"Foi publicada na edi\u00e7\u00e3o extra do Diogrande desta ter\u00e7a-feira (14), o Plano de Aquisi\u00e7\u00e3o de Alimentos (PAA Municipal), que atender\u00e1 a popula\u00e7\u00e3o em situa\u00e7\u00e3o de vulnerabilidade atrav\u00e9s da compra de mantimentos produzidos pela agricultura familiar de Campo Grande e regi\u00e3o. O plano tem como principais finalidades promover o acesso \u00e0 alimenta\u00e7\u00e3o em quantidade, qualidade e","og:url":"https:\/\/ejornais.com.br\/index.php\/2026\/07\/14\/novo-programa-liga-agricultura-familiar-ao-combate-a-fome-cgnoticias\/","article:published_time":"2026-07-14T18:54:44+00:00","article:modified_time":"2026-07-14T18:54:44+00:00","twitter:card":"summary_large_image","twitter:title":"Novo programa liga agricultura familiar ao combate \u00e0 fome \u2013 CGNot\u00edcias - eJornais","twitter:description":"Foi publicada na edi\u00e7\u00e3o extra do Diogrande desta ter\u00e7a-feira (14), o Plano de Aquisi\u00e7\u00e3o de Alimentos (PAA Municipal), que atender\u00e1 a popula\u00e7\u00e3o em situa\u00e7\u00e3o de vulnerabilidade atrav\u00e9s da compra de mantimentos produzidos pela agricultura familiar de Campo Grande e regi\u00e3o. O plano tem como principais finalidades promover o acesso \u00e0 alimenta\u00e7\u00e3o em quantidade, qualidade e"},"aioseo_meta_data":{"post_id":"69094","title":null,"description":null,"keywords":null,"keyphrases":null,"primary_term":null,"canonical_url":null,"og_title":null,"og_description":null,"og_object_type":"default","og_image_type":"default","og_image_url":null,"og_image_width":null,"og_image_height":null,"og_image_custom_url":null,"og_image_custom_fields":null,"og_video":null,"og_custom_url":null,"og_article_section":null,"og_article_tags":null,"twitter_use_og":false,"twitter_card":"default","twitter_image_type":"default","twitter_image_url":null,"twitter_image_custom_url":null,"twitter_image_custom_fields":null,"twitter_title":null,"twitter_description":null,"schema":{"blockGraphs":[],"customGraphs":[],"default":{"data":{"Article":[],"Course":[],"Dataset":[],"FAQPage":[],"Movie":[],"Person":[],"Product":[],"ProductReview":[],"Car":[],"Recipe":[],"Service":[],"SoftwareApplication":[],"WebPage":[]},"graphName":"","isEnabled":true},"graphs":[]},"schema_type":"default","schema_type_options":null,"pillar_content":false,"robots_default":true,"robots_noindex":false,"robots_noarchive":false,"robots_nosnippet":false,"robots_nofollow":false,"robots_noimageindex":false,"robots_noodp":false,"robots_notranslate":false,"robots_max_snippet":null,"robots_max_videopreview":null,"robots_max_imagepreview":"large","priority":null,"frequency":null,"local_seo":null,"breadcrumb_settings":null,"limit_modified_date":false,"ai":null,"created":"2026-07-15 16:11:40","updated":"2026-07-15 16:11:40","seo_analyzer_scan_date":null,"focus_keyword":null,"additional_keywords":null,"truseo_locale":null},"aioseo_breadcrumb":"<div class=\"aioseo-breadcrumbs\"><span class=\"aioseo-breadcrumb\">\n\t\t\t<a href=\"https:\/\/ejornais.com.br\" title=\"In\u00edcio\">In\u00edcio<\/a>\n\t\t<\/span><span class=\"aioseo-breadcrumb-separator\">&raquo;<\/span><span class=\"aioseo-breadcrumb\">\n\t\t\t<a href=\"https:\/\/ejornais.com.br\/index.php\/category\/ejornais\/\" title=\"Cat\u00e1logo de Jornais\">Cat\u00e1logo de Jornais<\/a>\n\t\t<\/span><span class=\"aioseo-breadcrumb-separator\">&raquo;<\/span><span class=\"aioseo-breadcrumb\">\n\t\t\tNovo programa liga agricultura familiar ao combate \u00e0 fome \u2013 CGNot\u00edcias\n\t\t<\/span><\/div>","aioseo_breadcrumb_json":[{"label":"In\u00edcio","link":"https:\/\/ejornais.com.br"},{"label":"Cat\u00e1logo de Jornais","link":"https:\/\/ejornais.com.br\/index.php\/category\/ejornais\/"},{"label":"Novo programa liga agricultura familiar ao combate \u00e0 fome \u2013 CGNot\u00edcias","link":"https:\/\/ejornais.com.br\/index.php\/2026\/07\/14\/novo-programa-liga-agricultura-familiar-ao-combate-a-fome-cgnoticias\/"}],"amp_enabled":true,"_links":{"self":[{"href":"https:\/\/ejornais.com.br\/index.php\/wp-json\/wp\/v2\/posts\/69094","targetHints":{"allow":["GET"]}}],"collection":[{"href":"https:\/\/ejornais.com.br\/index.php\/wp-json\/wp\/v2\/posts"}],"about":[{"href":"https:\/\/ejornais.com.br\/index.php\/wp-json\/wp\/v2\/types\/post"}],"author":[{"embeddable":true,"href":"https:\/\/ejornais.com.br\/index.php\/wp-json\/wp\/v2\/users\/2"}],"replies":[{"embeddable":true,"href":"https:\/\/ejornais.com.br\/index.php\/wp-json\/wp\/v2\/comments?post=69094"}],"version-history":[{"count":0,"href":"https:\/\/ejornais.com.br\/index.php\/wp-json\/wp\/v2\/posts\/69094\/revisions"}],"wp:attachment":[{"href":"https:\/\/ejornais.com.br\/index.php\/wp-json\/wp\/v2\/media?parent=69094"}],"wp:term":[{"taxonomy":"category","embeddable":true,"href":"https:\/\/ejornais.com.br\/index.php\/wp-json\/wp\/v2\/categories?post=69094"},{"taxonomy":"post_tag","embeddable":true,"href":"https:\/\/ejornais.com.br\/index.php\/wp-json\/wp\/v2\/tags?post=69094"}],"curies":[{"name":"wp","href":"https:\/\/api.w.org\/{rel}","templated":true}]}}