{"id":69267,"date":"2026-07-18T04:42:52","date_gmt":"2026-07-18T07:42:52","guid":{"rendered":"https:\/\/ejornais.com.br\/index.php\/2026\/07\/18\/justica-nega-recurso-de-jairinho-para-anular-julgamento\/"},"modified":"2026-07-18T04:42:52","modified_gmt":"2026-07-18T07:42:52","slug":"justica-nega-recurso-de-jairinho-para-anular-julgamento","status":"publish","type":"post","link":"https:\/\/ejornais.com.br\/index.php\/2026\/07\/18\/justica-nega-recurso-de-jairinho-para-anular-julgamento\/","title":{"rendered":"Justi\u00e7a nega recurso de Jairinho para anular julgamento"},"content":{"rendered":"<p> Por MRNews<br \/>\n<\/p>\n<div>\n<p><strong>O\u00a0Tribunal de Justi\u00e7a do Estado do Rio de Janeiro negou, nessa quinta-feira (16),\u00a0recurso da defesa do ex-vereador Jairo Santos Souza J\u00fanior, o Dr. Jairinho, que pedia a anula\u00e7\u00e3o do julgamento\u00a0que o condenou\u00a0a mais de 43 anos de pris\u00e3o\u00a0pela tortura e morte do menino\u00a0Henry Borel.<\/strong><\/p>\n<p>O ex-vereador\u00a0era o padrasto de Henry. \u00c0 \u00e9poca do crime, em mar\u00e7o de 2021, o garoto de 4 anos morava com Jairinho e com a m\u00e3e, Monique Medeiros.<\/p>\n<p>O recurso contestava decis\u00e3o da\u00a07\u00aa C\u00e2mara Criminal\u00a0do Rio que rejeitou, em maio, o pedido para que o j\u00fari fosse realizado em outra cidade fora do munic\u00edpio do Rio. O argumento da defesa\u00a0\u00e9 que a\u00a0repercuss\u00e3o do crime na imprensa poderia induzir a parcialidade do Conselho de Senten\u00e7a.<\/p>\n<p><strong><a href=\"https:\/\/mrnews.com.br\/index.php\/2026\/07\/18\/mpf-pede-suspensao-do-programa-tolerancia-zero-na-orla-do-rio\/\">MPF pede suspens\u00e3o do programa Toler\u00e2ncia Zero na orla do Rio<\/a><\/strong><\/p>\n<p><strong><a href=\"https:\/\/mrnews.com.br\/index.php\/2026\/07\/17\/bolsonaro-pede-autorizacao-para-receber-milei-na-prisao-domiciliar\/\">Bolsonaro pede autoriza\u00e7\u00e3o para receber Milei na pris\u00e3o domiciliar<\/a><\/strong><\/p>\n<p>Caso o recurso fosse aceito, o\u00a0j\u00fari poderia ser realizado novamente. <strong>A segunda vice-presidente do Tribunal de Justi\u00e7a, desembargadora Maria Ang\u00e9lica Guerra Guedes, negou o recurso\u00a0sob o argumento de que \u201ca defesa n\u00e3o demonstrou elementos que comprovassem a ilegalidade da decis\u00e3o anterior\u201d.<\/strong><\/p>\n<p>Pai de Henry e assistente de acusa\u00e7\u00e3o ao lado do Minist\u00e9rio P\u00fablico, Leniel Borel afirmou que a decis\u00e3o refor\u00e7a o entendimento de que n\u00e3o havia justificativa para retirar o julgamento da capital.<\/p>\n<p>\u201c\u00c9 mais uma decis\u00e3o que reconhece que n\u00e3o existiam elementos concretos para retirar o julgamento do seu ju\u00edzo natural. A ampla repercuss\u00e3o do Caso Henry \u00e9 consequ\u00eancia da gravidade do que aconteceu com uma crian\u00e7a de apenas 4 anos. Continuarei acompanhando cada recurso com responsabilidade, firmeza e respeito \u00e0s institui\u00e7\u00f5es. Minha luta \u00e9 para que nenhuma manobra processual apague a verdade, a mem\u00f3ria do meu filho e a necessidade de Justi\u00e7a\u201d, declarou.<\/p>\n<h2>Julgamento<\/h2>\n<p>Em junho deste ano, o\u00a0Conselho de Senten\u00e7a do 2\u00ba\u00a0Tribunal do J\u00fari do Rio condenou\u00a0Dr. Jairinho\u00a0a 43 anos, nove\u00a0meses e 20 dias de pris\u00e3o pela morte do menino Henry Borel Medeiros, ocorrida em 8 mar\u00e7o de 2021. Monique Medeiros da Costa e Silva, m\u00e3e da crian\u00e7a, teve seu crime desclassificado para homic\u00eddio culposo (quando n\u00e3o h\u00e1 inten\u00e7\u00e3o de matar) e recebeu o perd\u00e3o judicial.<\/p>\n<p><strong><a href=\"https:\/\/mrnews.com.br\/index.php\/2026\/07\/17\/pgr-defende-manutencao-da-prisao-domiciliar-concedida-a-bolsonaro\/\">PGR defende manuten\u00e7\u00e3o da pris\u00e3o domiciliar concedida a Bolsonaro<\/a><\/strong><\/p>\n<p><strong><a href=\"https:\/\/mrnews.com.br\/index.php\/2026\/07\/17\/quem-eram-o-casal-e-a-filha-que-morreram-em-grave-acidente-na-rodovia-fernao-dias-em-minas-gerais\/\">Quem eram o casal e a filha que morreram em grave acidente na Rodovia Fern\u00e3o Dias, em Minas Gerais<\/a><\/strong><\/p>\n<p>A professora Monique Medeiros teve o crime desclassificado de homic\u00eddio doloso (com inten\u00e7\u00e3o de matar) para homic\u00eddio culposo (quando n\u00e3o h\u00e1 inten\u00e7\u00e3o de matar) e recebeu o perd\u00e3o judicial. Ela foi condenada a um ano e quatro meses de pris\u00e3o pelo crime de omiss\u00e3o em rela\u00e7\u00e3o \u00e0 tortura sofrida pelo filho. Como Monique j\u00e1 havia\u00a0cumprido\u00a0tempo de pris\u00e3o preventiva, a pena dela foi considerada encerrada.<\/p>\n<p>O julgamento durou 11 dias e\u00a0\u00e9 considerado o mais longo da hist\u00f3ria do Judici\u00e1rio fluminense.<\/p>\n<\/div>\n","protected":false},"excerpt":{"rendered":"<p>Por MRNews O\u00a0Tribunal de Justi\u00e7a do Estado do Rio de Janeiro negou, nessa quinta-feira (16),\u00a0recurso da defesa do ex-vereador Jairo<\/p>\n","protected":false},"author":2,"featured_media":0,"comment_status":"","ping_status":"","sticky":false,"template":"","format":"standard","meta":{"colormag_page_container_layout":"default_layout","colormag_page_sidebar_layout":"default_layout","footnotes":""},"categories":[1],"tags":[],"class_list":["post-69267","post","type-post","status-publish","format-standard","hentry","category-ejornais"],"aioseo_notices":[],"aioseo_head":"\n\t\t<!-- All in One SEO 5.0.1.1 - aioseo.com -->\n\t<meta name=\"description\" content=\"Por MRNews O Tribunal de Justi\u00e7a do Estado do Rio de Janeiro negou, nessa quinta-feira (16), recurso da defesa do ex-vereador Jairo Santos Souza J\u00fanior, o Dr. Jairinho, que pedia a anula\u00e7\u00e3o do julgamento que o condenou a mais de 43 anos de pris\u00e3o pela tortura e morte do menino Henry Borel. O ex-vereador era o padrasto de Henry. \u00c0 \u00e9poca do\" \/>\n\t<meta name=\"robots\" content=\"max-image-preview:large\" \/>\n\t<meta name=\"author\" content=\"admin1\"\/>\n\t<link rel=\"canonical\" href=\"https:\/\/ejornais.com.br\/index.php\/2026\/07\/18\/justica-nega-recurso-de-jairinho-para-anular-julgamento\/\" \/>\n\t<meta name=\"generator\" content=\"All in One SEO (AIOSEO) 5.0.1.1\" \/>\n\t\t<meta property=\"og:locale\" content=\"pt_BR\" \/>\n\t\t<meta property=\"og:site_name\" content=\"eJornais - Cat\u00e1logo de Jornais no mundo, Not\u00edcias, Blog e Esportes ao vivo\" \/>\n\t\t<meta property=\"og:type\" content=\"article\" \/>\n\t\t<meta property=\"og:title\" content=\"Justi\u00e7a nega recurso de Jairinho para anular julgamento - eJornais\" \/>\n\t\t<meta property=\"og:description\" content=\"Por MRNews O Tribunal de Justi\u00e7a do Estado do Rio de Janeiro negou, nessa quinta-feira (16), recurso da defesa do ex-vereador Jairo Santos Souza J\u00fanior, o Dr. Jairinho, que pedia a anula\u00e7\u00e3o do julgamento que o condenou a mais de 43 anos de pris\u00e3o pela tortura e morte do menino Henry Borel. O ex-vereador era o padrasto de Henry. \u00c0 \u00e9poca do\" \/>\n\t\t<meta property=\"og:url\" content=\"https:\/\/ejornais.com.br\/index.php\/2026\/07\/18\/justica-nega-recurso-de-jairinho-para-anular-julgamento\/\" \/>\n\t\t<meta property=\"article:published_time\" content=\"2026-07-18T07:42:52+00:00\" \/>\n\t\t<meta property=\"article:modified_time\" content=\"2026-07-18T07:42:52+00:00\" \/>\n\t\t<meta name=\"twitter:card\" content=\"summary_large_image\" \/>\n\t\t<meta name=\"twitter:title\" content=\"Justi\u00e7a nega recurso de Jairinho para anular julgamento - eJornais\" \/>\n\t\t<meta name=\"twitter:description\" content=\"Por MRNews O Tribunal de Justi\u00e7a do Estado do Rio de Janeiro negou, nessa quinta-feira (16), recurso da defesa do ex-vereador Jairo Santos Souza J\u00fanior, o Dr. Jairinho, que pedia a anula\u00e7\u00e3o do julgamento que o condenou a mais de 43 anos de pris\u00e3o pela tortura e morte do menino Henry Borel. O ex-vereador era o padrasto de Henry. \u00c0 \u00e9poca do\" \/>\n\t\t<script type=\"application\/ld+json\" class=\"aioseo-schema\">\n\t\t\t{\"@context\":\"https:\\\/\\\/schema.org\",\"@graph\":[{\"@type\":\"BlogPosting\",\"@id\":\"https:\\\/\\\/ejornais.com.br\\\/index.php\\\/2026\\\/07\\\/18\\\/justica-nega-recurso-de-jairinho-para-anular-julgamento\\\/#blogposting\",\"name\":\"Justi\\u00e7a nega recurso de Jairinho para anular julgamento - eJornais\",\"headline\":\"Justi\\u00e7a nega recurso de Jairinho para anular julgamento\",\"author\":{\"@id\":\"https:\\\/\\\/ejornais.com.br\\\/index.php\\\/author\\\/admin1\\\/#author\"},\"publisher\":{\"@id\":\"https:\\\/\\\/ejornais.com.br\\\/#organization\"},\"datePublished\":\"2026-07-18T04:42:52-03:00\",\"dateModified\":\"2026-07-18T04:42:52-03:00\",\"inLanguage\":\"pt-BR\",\"mainEntityOfPage\":{\"@id\":\"https:\\\/\\\/ejornais.com.br\\\/index.php\\\/2026\\\/07\\\/18\\\/justica-nega-recurso-de-jairinho-para-anular-julgamento\\\/#webpage\"},\"isPartOf\":{\"@id\":\"https:\\\/\\\/ejornais.com.br\\\/index.php\\\/2026\\\/07\\\/18\\\/justica-nega-recurso-de-jairinho-para-anular-julgamento\\\/#webpage\"},\"articleSection\":\"Cat\\u00e1logo de Jornais\"},{\"@type\":\"BreadcrumbList\",\"@id\":\"https:\\\/\\\/ejornais.com.br\\\/index.php\\\/2026\\\/07\\\/18\\\/justica-nega-recurso-de-jairinho-para-anular-julgamento\\\/#breadcrumblist\",\"itemListElement\":[{\"@type\":\"ListItem\",\"@id\":\"https:\\\/\\\/ejornais.com.br#listItem\",\"position\":1,\"name\":\"In\\u00edcio\",\"item\":\"https:\\\/\\\/ejornais.com.br\",\"nextItem\":{\"@type\":\"ListItem\",\"@id\":\"https:\\\/\\\/ejornais.com.br\\\/index.php\\\/category\\\/ejornais\\\/#listItem\",\"name\":\"Cat\\u00e1logo de Jornais\"}},{\"@type\":\"ListItem\",\"@id\":\"https:\\\/\\\/ejornais.com.br\\\/index.php\\\/category\\\/ejornais\\\/#listItem\",\"position\":2,\"name\":\"Cat\\u00e1logo de Jornais\",\"item\":\"https:\\\/\\\/ejornais.com.br\\\/index.php\\\/category\\\/ejornais\\\/\",\"nextItem\":{\"@type\":\"ListItem\",\"@id\":\"https:\\\/\\\/ejornais.com.br\\\/index.php\\\/2026\\\/07\\\/18\\\/justica-nega-recurso-de-jairinho-para-anular-julgamento\\\/#listItem\",\"name\":\"Justi\\u00e7a nega recurso de Jairinho para anular julgamento\"},\"previousItem\":{\"@type\":\"ListItem\",\"@id\":\"https:\\\/\\\/ejornais.com.br#listItem\",\"name\":\"In\\u00edcio\"}},{\"@type\":\"ListItem\",\"@id\":\"https:\\\/\\\/ejornais.com.br\\\/index.php\\\/2026\\\/07\\\/18\\\/justica-nega-recurso-de-jairinho-para-anular-julgamento\\\/#listItem\",\"position\":3,\"name\":\"Justi\\u00e7a nega recurso de Jairinho para anular julgamento\",\"previousItem\":{\"@type\":\"ListItem\",\"@id\":\"https:\\\/\\\/ejornais.com.br\\\/index.php\\\/category\\\/ejornais\\\/#listItem\",\"name\":\"Cat\\u00e1logo de Jornais\"}}]},{\"@type\":\"Organization\",\"@id\":\"https:\\\/\\\/ejornais.com.br\\\/#organization\",\"name\":\"eJornais\",\"description\":\"Cat\\u00e1logo de Jornais no mundo, Not\\u00edcias, Blog e Esportes ao vivo\",\"url\":\"https:\\\/\\\/ejornais.com.br\\\/\"},{\"@type\":\"Person\",\"@id\":\"https:\\\/\\\/ejornais.com.br\\\/index.php\\\/author\\\/admin1\\\/#author\",\"url\":\"https:\\\/\\\/ejornais.com.br\\\/index.php\\\/author\\\/admin1\\\/\",\"name\":\"admin1\",\"image\":{\"@type\":\"ImageObject\",\"@id\":\"https:\\\/\\\/ejornais.com.br\\\/index.php\\\/2026\\\/07\\\/18\\\/justica-nega-recurso-de-jairinho-para-anular-julgamento\\\/#authorImage\",\"url\":\"https:\\\/\\\/secure.gravatar.com\\\/avatar\\\/04084e6d73c042b8646e7c17b494073bf0ede3ea13c7105cfc45cbbbc28385a4?s=96&d=mm&r=g\",\"width\":96,\"height\":96,\"caption\":\"admin1\"}},{\"@type\":\"WebPage\",\"@id\":\"https:\\\/\\\/ejornais.com.br\\\/index.php\\\/2026\\\/07\\\/18\\\/justica-nega-recurso-de-jairinho-para-anular-julgamento\\\/#webpage\",\"url\":\"https:\\\/\\\/ejornais.com.br\\\/index.php\\\/2026\\\/07\\\/18\\\/justica-nega-recurso-de-jairinho-para-anular-julgamento\\\/\",\"name\":\"Justi\\u00e7a nega recurso de Jairinho para anular julgamento - eJornais\",\"description\":\"Por MRNews O Tribunal de Justi\\u00e7a do Estado do Rio de Janeiro negou, nessa quinta-feira (16), recurso da defesa do ex-vereador Jairo Santos Souza J\\u00fanior, o Dr. Jairinho, que pedia a anula\\u00e7\\u00e3o do julgamento que o condenou a mais de 43 anos de pris\\u00e3o pela tortura e morte do menino Henry Borel. O ex-vereador era o padrasto de Henry. \\u00c0 \\u00e9poca do\",\"inLanguage\":\"pt-BR\",\"isPartOf\":{\"@id\":\"https:\\\/\\\/ejornais.com.br\\\/#website\"},\"breadcrumb\":{\"@id\":\"https:\\\/\\\/ejornais.com.br\\\/index.php\\\/2026\\\/07\\\/18\\\/justica-nega-recurso-de-jairinho-para-anular-julgamento\\\/#breadcrumblist\"},\"author\":{\"@id\":\"https:\\\/\\\/ejornais.com.br\\\/index.php\\\/author\\\/admin1\\\/#author\"},\"creator\":{\"@id\":\"https:\\\/\\\/ejornais.com.br\\\/index.php\\\/author\\\/admin1\\\/#author\"},\"datePublished\":\"2026-07-18T04:42:52-03:00\",\"dateModified\":\"2026-07-18T04:42:52-03:00\"},{\"@type\":\"WebSite\",\"@id\":\"https:\\\/\\\/ejornais.com.br\\\/#website\",\"url\":\"https:\\\/\\\/ejornais.com.br\\\/\",\"name\":\"eJornais\",\"description\":\"Cat\\u00e1logo de Jornais no mundo, Not\\u00edcias, Blog e Esportes ao vivo\",\"inLanguage\":\"pt-BR\",\"publisher\":{\"@id\":\"https:\\\/\\\/ejornais.com.br\\\/#organization\"}}]}\n\t\t<\/script>\n\t\t<!-- All in One SEO -->\n\n","aioseo_head_json":{"title":"Justi\u00e7a nega recurso de Jairinho para anular julgamento - eJornais","description":"Por MRNews O Tribunal de Justi\u00e7a do Estado do Rio de Janeiro negou, nessa quinta-feira (16), recurso da defesa do ex-vereador Jairo Santos Souza J\u00fanior, o Dr. Jairinho, que pedia a anula\u00e7\u00e3o do julgamento que o condenou a mais de 43 anos de pris\u00e3o pela tortura e morte do menino Henry Borel. O ex-vereador era o padrasto de Henry. \u00c0 \u00e9poca do","canonical_url":"https:\/\/ejornais.com.br\/index.php\/2026\/07\/18\/justica-nega-recurso-de-jairinho-para-anular-julgamento\/","robots":"max-image-preview:large","keywords":"","webmasterTools":{"miscellaneous":""},"schema":{"@context":"https:\/\/schema.org","@graph":[{"@type":"BlogPosting","@id":"https:\/\/ejornais.com.br\/index.php\/2026\/07\/18\/justica-nega-recurso-de-jairinho-para-anular-julgamento\/#blogposting","name":"Justi\u00e7a nega recurso de Jairinho para anular julgamento - eJornais","headline":"Justi\u00e7a nega recurso de Jairinho para anular julgamento","author":{"@id":"https:\/\/ejornais.com.br\/index.php\/author\/admin1\/#author"},"publisher":{"@id":"https:\/\/ejornais.com.br\/#organization"},"datePublished":"2026-07-18T04:42:52-03:00","dateModified":"2026-07-18T04:42:52-03:00","inLanguage":"pt-BR","mainEntityOfPage":{"@id":"https:\/\/ejornais.com.br\/index.php\/2026\/07\/18\/justica-nega-recurso-de-jairinho-para-anular-julgamento\/#webpage"},"isPartOf":{"@id":"https:\/\/ejornais.com.br\/index.php\/2026\/07\/18\/justica-nega-recurso-de-jairinho-para-anular-julgamento\/#webpage"},"articleSection":"Cat\u00e1logo de Jornais"},{"@type":"BreadcrumbList","@id":"https:\/\/ejornais.com.br\/index.php\/2026\/07\/18\/justica-nega-recurso-de-jairinho-para-anular-julgamento\/#breadcrumblist","itemListElement":[{"@type":"ListItem","@id":"https:\/\/ejornais.com.br#listItem","position":1,"name":"In\u00edcio","item":"https:\/\/ejornais.com.br","nextItem":{"@type":"ListItem","@id":"https:\/\/ejornais.com.br\/index.php\/category\/ejornais\/#listItem","name":"Cat\u00e1logo de Jornais"}},{"@type":"ListItem","@id":"https:\/\/ejornais.com.br\/index.php\/category\/ejornais\/#listItem","position":2,"name":"Cat\u00e1logo de Jornais","item":"https:\/\/ejornais.com.br\/index.php\/category\/ejornais\/","nextItem":{"@type":"ListItem","@id":"https:\/\/ejornais.com.br\/index.php\/2026\/07\/18\/justica-nega-recurso-de-jairinho-para-anular-julgamento\/#listItem","name":"Justi\u00e7a nega recurso de Jairinho para anular julgamento"},"previousItem":{"@type":"ListItem","@id":"https:\/\/ejornais.com.br#listItem","name":"In\u00edcio"}},{"@type":"ListItem","@id":"https:\/\/ejornais.com.br\/index.php\/2026\/07\/18\/justica-nega-recurso-de-jairinho-para-anular-julgamento\/#listItem","position":3,"name":"Justi\u00e7a nega recurso de Jairinho para anular julgamento","previousItem":{"@type":"ListItem","@id":"https:\/\/ejornais.com.br\/index.php\/category\/ejornais\/#listItem","name":"Cat\u00e1logo de Jornais"}}]},{"@type":"Organization","@id":"https:\/\/ejornais.com.br\/#organization","name":"eJornais","description":"Cat\u00e1logo de Jornais no mundo, Not\u00edcias, Blog e Esportes ao vivo","url":"https:\/\/ejornais.com.br\/"},{"@type":"Person","@id":"https:\/\/ejornais.com.br\/index.php\/author\/admin1\/#author","url":"https:\/\/ejornais.com.br\/index.php\/author\/admin1\/","name":"admin1","image":{"@type":"ImageObject","@id":"https:\/\/ejornais.com.br\/index.php\/2026\/07\/18\/justica-nega-recurso-de-jairinho-para-anular-julgamento\/#authorImage","url":"https:\/\/secure.gravatar.com\/avatar\/04084e6d73c042b8646e7c17b494073bf0ede3ea13c7105cfc45cbbbc28385a4?s=96&d=mm&r=g","width":96,"height":96,"caption":"admin1"}},{"@type":"WebPage","@id":"https:\/\/ejornais.com.br\/index.php\/2026\/07\/18\/justica-nega-recurso-de-jairinho-para-anular-julgamento\/#webpage","url":"https:\/\/ejornais.com.br\/index.php\/2026\/07\/18\/justica-nega-recurso-de-jairinho-para-anular-julgamento\/","name":"Justi\u00e7a nega recurso de Jairinho para anular julgamento - eJornais","description":"Por MRNews O Tribunal de Justi\u00e7a do Estado do Rio de Janeiro negou, nessa quinta-feira (16), recurso da defesa do ex-vereador Jairo Santos Souza J\u00fanior, o Dr. Jairinho, que pedia a anula\u00e7\u00e3o do julgamento que o condenou a mais de 43 anos de pris\u00e3o pela tortura e morte do menino Henry Borel. O ex-vereador era o padrasto de Henry. \u00c0 \u00e9poca do","inLanguage":"pt-BR","isPartOf":{"@id":"https:\/\/ejornais.com.br\/#website"},"breadcrumb":{"@id":"https:\/\/ejornais.com.br\/index.php\/2026\/07\/18\/justica-nega-recurso-de-jairinho-para-anular-julgamento\/#breadcrumblist"},"author":{"@id":"https:\/\/ejornais.com.br\/index.php\/author\/admin1\/#author"},"creator":{"@id":"https:\/\/ejornais.com.br\/index.php\/author\/admin1\/#author"},"datePublished":"2026-07-18T04:42:52-03:00","dateModified":"2026-07-18T04:42:52-03:00"},{"@type":"WebSite","@id":"https:\/\/ejornais.com.br\/#website","url":"https:\/\/ejornais.com.br\/","name":"eJornais","description":"Cat\u00e1logo de Jornais no mundo, Not\u00edcias, Blog e Esportes ao vivo","inLanguage":"pt-BR","publisher":{"@id":"https:\/\/ejornais.com.br\/#organization"}}]},"og:locale":"pt_BR","og:site_name":"eJornais - Cat\u00e1logo de Jornais no mundo, Not\u00edcias, Blog e Esportes ao vivo","og:type":"article","og:title":"Justi\u00e7a nega recurso de Jairinho para anular julgamento - eJornais","og:description":"Por MRNews O Tribunal de Justi\u00e7a do Estado do Rio de Janeiro negou, nessa quinta-feira (16), recurso da defesa do ex-vereador Jairo Santos Souza J\u00fanior, o Dr. Jairinho, que pedia a anula\u00e7\u00e3o do julgamento que o condenou a mais de 43 anos de pris\u00e3o pela tortura e morte do menino Henry Borel. O ex-vereador era o padrasto de Henry. \u00c0 \u00e9poca do","og:url":"https:\/\/ejornais.com.br\/index.php\/2026\/07\/18\/justica-nega-recurso-de-jairinho-para-anular-julgamento\/","article:published_time":"2026-07-18T07:42:52+00:00","article:modified_time":"2026-07-18T07:42:52+00:00","twitter:card":"summary_large_image","twitter:title":"Justi\u00e7a nega recurso de Jairinho para anular julgamento - eJornais","twitter:description":"Por MRNews O Tribunal de Justi\u00e7a do Estado do Rio de Janeiro negou, nessa quinta-feira (16), recurso da defesa do ex-vereador Jairo Santos Souza J\u00fanior, o Dr. Jairinho, que pedia a anula\u00e7\u00e3o do julgamento que o condenou a mais de 43 anos de pris\u00e3o pela tortura e morte do menino Henry Borel. O ex-vereador era o padrasto de Henry. \u00c0 \u00e9poca do"},"aioseo_meta_data":{"post_id":"69267","title":null,"description":null,"keywords":null,"keyphrases":null,"primary_term":null,"canonical_url":null,"og_title":null,"og_description":null,"og_object_type":"default","og_image_type":"default","og_image_url":null,"og_image_width":null,"og_image_height":null,"og_image_custom_url":null,"og_image_custom_fields":null,"og_video":null,"og_custom_url":null,"og_article_section":null,"og_article_tags":null,"twitter_use_og":false,"twitter_card":"default","twitter_image_type":"default","twitter_image_url":null,"twitter_image_custom_url":null,"twitter_image_custom_fields":null,"twitter_title":null,"twitter_description":null,"schema":{"blockGraphs":[],"customGraphs":[],"default":{"data":{"Article":[],"Course":[],"Dataset":[],"FAQPage":[],"Movie":[],"Person":[],"Product":[],"ProductReview":[],"Car":[],"Recipe":[],"Service":[],"SoftwareApplication":[],"WebPage":[]},"graphName":"","isEnabled":true},"graphs":[]},"schema_type":"default","schema_type_options":null,"pillar_content":false,"robots_default":true,"robots_noindex":false,"robots_noarchive":false,"robots_nosnippet":false,"robots_nofollow":false,"robots_noimageindex":false,"robots_noodp":false,"robots_notranslate":false,"robots_max_snippet":null,"robots_max_videopreview":null,"robots_max_imagepreview":"large","priority":null,"frequency":null,"local_seo":null,"breadcrumb_settings":null,"limit_modified_date":false,"ai":null,"created":"2026-07-24 19:28:20","updated":"2026-07-24 19:28:20","seo_analyzer_scan_date":null,"focus_keyword":null,"additional_keywords":null,"truseo_locale":null},"aioseo_breadcrumb":"<div class=\"aioseo-breadcrumbs\"><span class=\"aioseo-breadcrumb\">\n\t\t\t<a href=\"https:\/\/ejornais.com.br\" title=\"In\u00edcio\">In\u00edcio<\/a>\n\t\t<\/span><span class=\"aioseo-breadcrumb-separator\">&raquo;<\/span><span class=\"aioseo-breadcrumb\">\n\t\t\t<a href=\"https:\/\/ejornais.com.br\/index.php\/category\/ejornais\/\" title=\"Cat\u00e1logo de Jornais\">Cat\u00e1logo de Jornais<\/a>\n\t\t<\/span><span class=\"aioseo-breadcrumb-separator\">&raquo;<\/span><span class=\"aioseo-breadcrumb\">\n\t\t\tJusti\u00e7a nega recurso de Jairinho para anular julgamento\n\t\t<\/span><\/div>","aioseo_breadcrumb_json":[{"label":"In\u00edcio","link":"https:\/\/ejornais.com.br"},{"label":"Cat\u00e1logo de Jornais","link":"https:\/\/ejornais.com.br\/index.php\/category\/ejornais\/"},{"label":"Justi\u00e7a nega recurso de Jairinho para anular julgamento","link":"https:\/\/ejornais.com.br\/index.php\/2026\/07\/18\/justica-nega-recurso-de-jairinho-para-anular-julgamento\/"}],"amp_enabled":true,"_links":{"self":[{"href":"https:\/\/ejornais.com.br\/index.php\/wp-json\/wp\/v2\/posts\/69267","targetHints":{"allow":["GET"]}}],"collection":[{"href":"https:\/\/ejornais.com.br\/index.php\/wp-json\/wp\/v2\/posts"}],"about":[{"href":"https:\/\/ejornais.com.br\/index.php\/wp-json\/wp\/v2\/types\/post"}],"author":[{"embeddable":true,"href":"https:\/\/ejornais.com.br\/index.php\/wp-json\/wp\/v2\/users\/2"}],"replies":[{"embeddable":true,"href":"https:\/\/ejornais.com.br\/index.php\/wp-json\/wp\/v2\/comments?post=69267"}],"version-history":[{"count":0,"href":"https:\/\/ejornais.com.br\/index.php\/wp-json\/wp\/v2\/posts\/69267\/revisions"}],"wp:attachment":[{"href":"https:\/\/ejornais.com.br\/index.php\/wp-json\/wp\/v2\/media?parent=69267"}],"wp:term":[{"taxonomy":"category","embeddable":true,"href":"https:\/\/ejornais.com.br\/index.php\/wp-json\/wp\/v2\/categories?post=69267"},{"taxonomy":"post_tag","embeddable":true,"href":"https:\/\/ejornais.com.br\/index.php\/wp-json\/wp\/v2\/tags?post=69267"}],"curies":[{"name":"wp","href":"https:\/\/api.w.org\/{rel}","templated":true}]}}