{"id":71334,"date":"2026-08-29T01:06:49","date_gmt":"2026-08-29T04:06:49","guid":{"rendered":"https:\/\/ejornais.com.br\/index.php\/2026\/08\/29\/formacao-continuada-reune-1-200-profissionais-da-rede-municipal-de-ensino-de-joao-pessoa\/"},"modified":"2026-08-29T01:06:49","modified_gmt":"2026-08-29T04:06:49","slug":"formacao-continuada-reune-1-200-profissionais-da-rede-municipal-de-ensino-de-joao-pessoa","status":"publish","type":"post","link":"https:\/\/ejornais.com.br\/index.php\/2026\/08\/29\/formacao-continuada-reune-1-200-profissionais-da-rede-municipal-de-ensino-de-joao-pessoa\/","title":{"rendered":"Forma\u00e7\u00e3o continuada re\u00fane 1.200 profissionais da Rede Municipal de Ensino de Jo\u00e3o Pessoa"},"content":{"rendered":"<p><\/p>\n<div id=\"texto\">\n<p>Cerca de 1.200 profissionais da Educa\u00e7\u00e3o participaram, entre a segunda-feira (24) e esta sexta-feira (28), de um processo de forma\u00e7\u00e3o continuada sobre Educa\u00e7\u00e3o Especial Inclusiva. O evento ocorreu no audit\u00f3rio do Centro de Tecnologia da Universidade Federal da Para\u00edba (UFPB). O tema da forma\u00e7\u00e3o foi \u2018Princ\u00edpios e diretrizes da Educa\u00e7\u00e3o Especial Inclusiva (EEI): reflex\u00f5es sobre o trabalho docente e pedag\u00f3gico\u2019.<\/p>\n<p>A forma\u00e7\u00e3o foi realizada por meio de uma parceria da Secretaria de Educa\u00e7\u00e3o e Cultura de Jo\u00e3o Pessoa (Sedec-JP) com a UFPB por meio do projeto de extens\u00e3o \u2018Forma\u00e7\u00e3o docente continuada e o desenvolvimento curricular nos anos finais do Ensino Fundamental: da constru\u00e7\u00e3o do curr\u00edculo \u00e0 decis\u00e3o did\u00e1tica\u2019.<\/p>\n<p>\u201cConsidero a forma\u00e7\u00e3o continuada deste ano, com foco nos fundamentos da Educa\u00e7\u00e3o Especial Inclusiva, muito importante e necess\u00e1ria para a nossa pr\u00e1tica. Como professora de Matem\u00e1tica, percebo diariamente que cada estudante possui diferentes formas e ritmos de aprender. A forma\u00e7\u00e3o amplia conhecimentos e fortalece estrat\u00e9gias para tornar o ensino mais acess\u00edvel\u201d, afirmou a professora da Escola Municipal Zumbi dos Palmares, Myllena Petrovisk.<\/p>\n<figure class=\"wp-block-gallery has-nested-images columns-default is-cropped wp-block-gallery-1 is-layout-flex wp-block-gallery-is-layout-flex\">\n<figure class=\"wp-block-image size-large\"><\/figure>\n<figure class=\"wp-block-image size-large\"><\/figure>\n<figure class=\"wp-block-image size-large\"><\/figure>\n<\/figure>\n<p>A media\u00e7\u00e3o da forma\u00e7\u00e3o foi conduzida por docentes do Departamento de Habilita\u00e7\u00f5es Pedag\u00f3gicas (DHP\/CE\/UFPB) com ampla experi\u00eancia em Educa\u00e7\u00e3o Especial Inclusiva: Izaura Maria de Andrade, Lisie Marlene da Silveira, Munique Massaro, Sandra Santiago e Adenize Queiroz.<\/p>\n<p>\u201cReconhecemos que os desafios s\u00e3o muitos, mas quando vemos professores dispostos e abertos ao di\u00e1logo, pequenas pr\u00e1ticas fazem toda a diferen\u00e7a em sala de aula. S\u00e3o iniciativas que podem fazer com que alunos com defici\u00eancia cheguem \u00e0 universidade e ao mercado de trabalho. O futuro exitoso come\u00e7a na escola\u201d, disse a professora formadora da UFPB, Adenize Queiroz.<\/p>\n<p>O projeto refor\u00e7a o compromisso da gest\u00e3o municipal com a qualidade do ensino p\u00fablico e a valoriza\u00e7\u00e3o do protagonismo docente. \u201cN\u00e3o \u00e9 porque o aluno tem acesso \u00e0 escola que est\u00e1 garantido que ele realmente est\u00e1 inclu\u00eddo. O conte\u00fado desta forma\u00e7\u00e3o nos chama \u00e0 reflex\u00e3o. Conversar com colegas foi enriquecedor, pois cada escola tem sua realidade e ouvir essas experi\u00eancias nos ajuda a aprimorar nossa a\u00e7\u00e3o\u201d, pontuou o professor de Ensino Religioso da Escola Zulmira de Novais, Alan Alves.<\/p>\n<\/p><\/div>\n","protected":false},"excerpt":{"rendered":"<p>Cerca de 1.200 profissionais da Educa\u00e7\u00e3o participaram, entre a segunda-feira (24) e esta sexta-feira (28), de um processo de forma\u00e7\u00e3o<\/p>\n","protected":false},"author":2,"featured_media":0,"comment_status":"","ping_status":"","sticky":false,"template":"","format":"standard","meta":{"colormag_page_container_layout":"default_layout","colormag_page_sidebar_layout":"default_layout","footnotes":""},"categories":[1],"tags":[],"class_list":["post-71334","post","type-post","status-publish","format-standard","hentry","category-ejornais"],"aioseo_notices":[],"aioseo_head":"\n\t\t<!-- All in One SEO 5.0.1.1 - aioseo.com -->\n\t<meta name=\"description\" content=\"Cerca de 1.200 profissionais da Educa\u00e7\u00e3o participaram, entre a segunda-feira (24) e esta sexta-feira (28), de um processo de forma\u00e7\u00e3o continuada sobre Educa\u00e7\u00e3o Especial Inclusiva. O evento ocorreu no audit\u00f3rio do Centro de Tecnologia da Universidade Federal da Para\u00edba (UFPB). O tema da forma\u00e7\u00e3o foi \u2018Princ\u00edpios e diretrizes da Educa\u00e7\u00e3o Especial Inclusiva (EEI): reflex\u00f5es sobre\" \/>\n\t<meta name=\"robots\" content=\"max-image-preview:large\" \/>\n\t<meta name=\"author\" content=\"admin1\"\/>\n\t<link rel=\"canonical\" href=\"https:\/\/ejornais.com.br\/index.php\/2026\/08\/29\/formacao-continuada-reune-1-200-profissionais-da-rede-municipal-de-ensino-de-joao-pessoa\/\" \/>\n\t<meta name=\"generator\" content=\"All in One SEO (AIOSEO) 5.0.1.1\" \/>\n\t\t<meta property=\"og:locale\" content=\"pt_BR\" \/>\n\t\t<meta property=\"og:site_name\" content=\"eJornais - Cat\u00e1logo de Jornais no mundo, Not\u00edcias, Blog e Esportes ao vivo\" \/>\n\t\t<meta property=\"og:type\" content=\"article\" \/>\n\t\t<meta property=\"og:title\" content=\"Forma\u00e7\u00e3o continuada re\u00fane 1.200 profissionais da Rede Municipal de Ensino de Jo\u00e3o Pessoa - eJornais\" \/>\n\t\t<meta property=\"og:description\" content=\"Cerca de 1.200 profissionais da Educa\u00e7\u00e3o participaram, entre a segunda-feira (24) e esta sexta-feira (28), de um processo de forma\u00e7\u00e3o continuada sobre Educa\u00e7\u00e3o Especial Inclusiva. O evento ocorreu no audit\u00f3rio do Centro de Tecnologia da Universidade Federal da Para\u00edba (UFPB). O tema da forma\u00e7\u00e3o foi \u2018Princ\u00edpios e diretrizes da Educa\u00e7\u00e3o Especial Inclusiva (EEI): reflex\u00f5es sobre\" \/>\n\t\t<meta property=\"og:url\" content=\"https:\/\/ejornais.com.br\/index.php\/2026\/08\/29\/formacao-continuada-reune-1-200-profissionais-da-rede-municipal-de-ensino-de-joao-pessoa\/\" \/>\n\t\t<meta property=\"article:published_time\" content=\"2026-08-29T04:06:49+00:00\" \/>\n\t\t<meta property=\"article:modified_time\" content=\"2026-08-29T04:06:49+00:00\" \/>\n\t\t<meta name=\"twitter:card\" content=\"summary_large_image\" \/>\n\t\t<meta name=\"twitter:title\" content=\"Forma\u00e7\u00e3o continuada re\u00fane 1.200 profissionais da Rede Municipal de Ensino de Jo\u00e3o Pessoa - eJornais\" \/>\n\t\t<meta name=\"twitter:description\" content=\"Cerca de 1.200 profissionais da Educa\u00e7\u00e3o participaram, entre a segunda-feira (24) e esta sexta-feira (28), de um processo de forma\u00e7\u00e3o continuada sobre Educa\u00e7\u00e3o Especial Inclusiva. O evento ocorreu no audit\u00f3rio do Centro de Tecnologia da Universidade Federal da Para\u00edba (UFPB). O tema da forma\u00e7\u00e3o foi \u2018Princ\u00edpios e diretrizes da Educa\u00e7\u00e3o Especial Inclusiva (EEI): reflex\u00f5es sobre\" \/>\n\t\t<script type=\"application\/ld+json\" class=\"aioseo-schema\">\n\t\t\t{\"@context\":\"https:\\\/\\\/schema.org\",\"@graph\":[{\"@type\":\"BlogPosting\",\"@id\":\"https:\\\/\\\/ejornais.com.br\\\/index.php\\\/2026\\\/08\\\/29\\\/formacao-continuada-reune-1-200-profissionais-da-rede-municipal-de-ensino-de-joao-pessoa\\\/#blogposting\",\"name\":\"Forma\\u00e7\\u00e3o continuada re\\u00fane 1.200 profissionais da Rede Municipal de Ensino de Jo\\u00e3o Pessoa - eJornais\",\"headline\":\"Forma\\u00e7\\u00e3o continuada re\\u00fane 1.200 profissionais da Rede Municipal de Ensino de Jo\\u00e3o Pessoa\",\"author\":{\"@id\":\"https:\\\/\\\/ejornais.com.br\\\/index.php\\\/author\\\/admin1\\\/#author\"},\"publisher\":{\"@id\":\"https:\\\/\\\/ejornais.com.br\\\/#organization\"},\"datePublished\":\"2026-08-29T01:06:49-03:00\",\"dateModified\":\"2026-08-29T01:06:49-03:00\",\"inLanguage\":\"pt-BR\",\"mainEntityOfPage\":{\"@id\":\"https:\\\/\\\/ejornais.com.br\\\/index.php\\\/2026\\\/08\\\/29\\\/formacao-continuada-reune-1-200-profissionais-da-rede-municipal-de-ensino-de-joao-pessoa\\\/#webpage\"},\"isPartOf\":{\"@id\":\"https:\\\/\\\/ejornais.com.br\\\/index.php\\\/2026\\\/08\\\/29\\\/formacao-continuada-reune-1-200-profissionais-da-rede-municipal-de-ensino-de-joao-pessoa\\\/#webpage\"},\"articleSection\":\"Cat\\u00e1logo de Jornais\"},{\"@type\":\"BreadcrumbList\",\"@id\":\"https:\\\/\\\/ejornais.com.br\\\/index.php\\\/2026\\\/08\\\/29\\\/formacao-continuada-reune-1-200-profissionais-da-rede-municipal-de-ensino-de-joao-pessoa\\\/#breadcrumblist\",\"itemListElement\":[{\"@type\":\"ListItem\",\"@id\":\"https:\\\/\\\/ejornais.com.br#listItem\",\"position\":1,\"name\":\"In\\u00edcio\",\"item\":\"https:\\\/\\\/ejornais.com.br\",\"nextItem\":{\"@type\":\"ListItem\",\"@id\":\"https:\\\/\\\/ejornais.com.br\\\/index.php\\\/category\\\/ejornais\\\/#listItem\",\"name\":\"Cat\\u00e1logo de Jornais\"}},{\"@type\":\"ListItem\",\"@id\":\"https:\\\/\\\/ejornais.com.br\\\/index.php\\\/category\\\/ejornais\\\/#listItem\",\"position\":2,\"name\":\"Cat\\u00e1logo de Jornais\",\"item\":\"https:\\\/\\\/ejornais.com.br\\\/index.php\\\/category\\\/ejornais\\\/\",\"nextItem\":{\"@type\":\"ListItem\",\"@id\":\"https:\\\/\\\/ejornais.com.br\\\/index.php\\\/2026\\\/08\\\/29\\\/formacao-continuada-reune-1-200-profissionais-da-rede-municipal-de-ensino-de-joao-pessoa\\\/#listItem\",\"name\":\"Forma\\u00e7\\u00e3o continuada re\\u00fane 1.200 profissionais da Rede Municipal de Ensino de Jo\\u00e3o Pessoa\"},\"previousItem\":{\"@type\":\"ListItem\",\"@id\":\"https:\\\/\\\/ejornais.com.br#listItem\",\"name\":\"In\\u00edcio\"}},{\"@type\":\"ListItem\",\"@id\":\"https:\\\/\\\/ejornais.com.br\\\/index.php\\\/2026\\\/08\\\/29\\\/formacao-continuada-reune-1-200-profissionais-da-rede-municipal-de-ensino-de-joao-pessoa\\\/#listItem\",\"position\":3,\"name\":\"Forma\\u00e7\\u00e3o continuada re\\u00fane 1.200 profissionais da Rede Municipal de Ensino de Jo\\u00e3o Pessoa\",\"previousItem\":{\"@type\":\"ListItem\",\"@id\":\"https:\\\/\\\/ejornais.com.br\\\/index.php\\\/category\\\/ejornais\\\/#listItem\",\"name\":\"Cat\\u00e1logo de Jornais\"}}]},{\"@type\":\"Organization\",\"@id\":\"https:\\\/\\\/ejornais.com.br\\\/#organization\",\"name\":\"eJornais\",\"description\":\"Cat\\u00e1logo de Jornais no mundo, Not\\u00edcias, Blog e Esportes ao vivo\",\"url\":\"https:\\\/\\\/ejornais.com.br\\\/\"},{\"@type\":\"Person\",\"@id\":\"https:\\\/\\\/ejornais.com.br\\\/index.php\\\/author\\\/admin1\\\/#author\",\"url\":\"https:\\\/\\\/ejornais.com.br\\\/index.php\\\/author\\\/admin1\\\/\",\"name\":\"admin1\",\"image\":{\"@type\":\"ImageObject\",\"@id\":\"https:\\\/\\\/ejornais.com.br\\\/index.php\\\/2026\\\/08\\\/29\\\/formacao-continuada-reune-1-200-profissionais-da-rede-municipal-de-ensino-de-joao-pessoa\\\/#authorImage\",\"url\":\"https:\\\/\\\/secure.gravatar.com\\\/avatar\\\/04084e6d73c042b8646e7c17b494073bf0ede3ea13c7105cfc45cbbbc28385a4?s=96&d=mm&r=g\",\"width\":96,\"height\":96,\"caption\":\"admin1\"}},{\"@type\":\"WebPage\",\"@id\":\"https:\\\/\\\/ejornais.com.br\\\/index.php\\\/2026\\\/08\\\/29\\\/formacao-continuada-reune-1-200-profissionais-da-rede-municipal-de-ensino-de-joao-pessoa\\\/#webpage\",\"url\":\"https:\\\/\\\/ejornais.com.br\\\/index.php\\\/2026\\\/08\\\/29\\\/formacao-continuada-reune-1-200-profissionais-da-rede-municipal-de-ensino-de-joao-pessoa\\\/\",\"name\":\"Forma\\u00e7\\u00e3o continuada re\\u00fane 1.200 profissionais da Rede Municipal de Ensino de Jo\\u00e3o Pessoa - eJornais\",\"description\":\"Cerca de 1.200 profissionais da Educa\\u00e7\\u00e3o participaram, entre a segunda-feira (24) e esta sexta-feira (28), de um processo de forma\\u00e7\\u00e3o continuada sobre Educa\\u00e7\\u00e3o Especial Inclusiva. O evento ocorreu no audit\\u00f3rio do Centro de Tecnologia da Universidade Federal da Para\\u00edba (UFPB). O tema da forma\\u00e7\\u00e3o foi \\u2018Princ\\u00edpios e diretrizes da Educa\\u00e7\\u00e3o Especial Inclusiva (EEI): reflex\\u00f5es sobre\",\"inLanguage\":\"pt-BR\",\"isPartOf\":{\"@id\":\"https:\\\/\\\/ejornais.com.br\\\/#website\"},\"breadcrumb\":{\"@id\":\"https:\\\/\\\/ejornais.com.br\\\/index.php\\\/2026\\\/08\\\/29\\\/formacao-continuada-reune-1-200-profissionais-da-rede-municipal-de-ensino-de-joao-pessoa\\\/#breadcrumblist\"},\"author\":{\"@id\":\"https:\\\/\\\/ejornais.com.br\\\/index.php\\\/author\\\/admin1\\\/#author\"},\"creator\":{\"@id\":\"https:\\\/\\\/ejornais.com.br\\\/index.php\\\/author\\\/admin1\\\/#author\"},\"datePublished\":\"2026-08-29T01:06:49-03:00\",\"dateModified\":\"2026-08-29T01:06:49-03:00\"},{\"@type\":\"WebSite\",\"@id\":\"https:\\\/\\\/ejornais.com.br\\\/#website\",\"url\":\"https:\\\/\\\/ejornais.com.br\\\/\",\"name\":\"eJornais\",\"description\":\"Cat\\u00e1logo de Jornais no mundo, Not\\u00edcias, Blog e Esportes ao vivo\",\"inLanguage\":\"pt-BR\",\"publisher\":{\"@id\":\"https:\\\/\\\/ejornais.com.br\\\/#organization\"}}]}\n\t\t<\/script>\n\t\t<!-- All in One SEO -->\n\n","aioseo_head_json":{"title":"Forma\u00e7\u00e3o continuada re\u00fane 1.200 profissionais da Rede Municipal de Ensino de Jo\u00e3o Pessoa - eJornais","description":"Cerca de 1.200 profissionais da Educa\u00e7\u00e3o participaram, entre a segunda-feira (24) e esta sexta-feira (28), de um processo de forma\u00e7\u00e3o continuada sobre Educa\u00e7\u00e3o Especial Inclusiva. O evento ocorreu no audit\u00f3rio do Centro de Tecnologia da Universidade Federal da Para\u00edba (UFPB). O tema da forma\u00e7\u00e3o foi \u2018Princ\u00edpios e diretrizes da Educa\u00e7\u00e3o Especial Inclusiva (EEI): reflex\u00f5es sobre","canonical_url":"https:\/\/ejornais.com.br\/index.php\/2026\/08\/29\/formacao-continuada-reune-1-200-profissionais-da-rede-municipal-de-ensino-de-joao-pessoa\/","robots":"max-image-preview:large","keywords":"","webmasterTools":{"miscellaneous":""},"schema":{"@context":"https:\/\/schema.org","@graph":[{"@type":"BlogPosting","@id":"https:\/\/ejornais.com.br\/index.php\/2026\/08\/29\/formacao-continuada-reune-1-200-profissionais-da-rede-municipal-de-ensino-de-joao-pessoa\/#blogposting","name":"Forma\u00e7\u00e3o continuada re\u00fane 1.200 profissionais da Rede Municipal de Ensino de Jo\u00e3o Pessoa - eJornais","headline":"Forma\u00e7\u00e3o continuada re\u00fane 1.200 profissionais da Rede Municipal de Ensino de Jo\u00e3o Pessoa","author":{"@id":"https:\/\/ejornais.com.br\/index.php\/author\/admin1\/#author"},"publisher":{"@id":"https:\/\/ejornais.com.br\/#organization"},"datePublished":"2026-08-29T01:06:49-03:00","dateModified":"2026-08-29T01:06:49-03:00","inLanguage":"pt-BR","mainEntityOfPage":{"@id":"https:\/\/ejornais.com.br\/index.php\/2026\/08\/29\/formacao-continuada-reune-1-200-profissionais-da-rede-municipal-de-ensino-de-joao-pessoa\/#webpage"},"isPartOf":{"@id":"https:\/\/ejornais.com.br\/index.php\/2026\/08\/29\/formacao-continuada-reune-1-200-profissionais-da-rede-municipal-de-ensino-de-joao-pessoa\/#webpage"},"articleSection":"Cat\u00e1logo de Jornais"},{"@type":"BreadcrumbList","@id":"https:\/\/ejornais.com.br\/index.php\/2026\/08\/29\/formacao-continuada-reune-1-200-profissionais-da-rede-municipal-de-ensino-de-joao-pessoa\/#breadcrumblist","itemListElement":[{"@type":"ListItem","@id":"https:\/\/ejornais.com.br#listItem","position":1,"name":"In\u00edcio","item":"https:\/\/ejornais.com.br","nextItem":{"@type":"ListItem","@id":"https:\/\/ejornais.com.br\/index.php\/category\/ejornais\/#listItem","name":"Cat\u00e1logo de Jornais"}},{"@type":"ListItem","@id":"https:\/\/ejornais.com.br\/index.php\/category\/ejornais\/#listItem","position":2,"name":"Cat\u00e1logo de Jornais","item":"https:\/\/ejornais.com.br\/index.php\/category\/ejornais\/","nextItem":{"@type":"ListItem","@id":"https:\/\/ejornais.com.br\/index.php\/2026\/08\/29\/formacao-continuada-reune-1-200-profissionais-da-rede-municipal-de-ensino-de-joao-pessoa\/#listItem","name":"Forma\u00e7\u00e3o continuada re\u00fane 1.200 profissionais da Rede Municipal de Ensino de Jo\u00e3o Pessoa"},"previousItem":{"@type":"ListItem","@id":"https:\/\/ejornais.com.br#listItem","name":"In\u00edcio"}},{"@type":"ListItem","@id":"https:\/\/ejornais.com.br\/index.php\/2026\/08\/29\/formacao-continuada-reune-1-200-profissionais-da-rede-municipal-de-ensino-de-joao-pessoa\/#listItem","position":3,"name":"Forma\u00e7\u00e3o continuada re\u00fane 1.200 profissionais da Rede Municipal de Ensino de Jo\u00e3o Pessoa","previousItem":{"@type":"ListItem","@id":"https:\/\/ejornais.com.br\/index.php\/category\/ejornais\/#listItem","name":"Cat\u00e1logo de Jornais"}}]},{"@type":"Organization","@id":"https:\/\/ejornais.com.br\/#organization","name":"eJornais","description":"Cat\u00e1logo de Jornais no mundo, Not\u00edcias, Blog e Esportes ao vivo","url":"https:\/\/ejornais.com.br\/"},{"@type":"Person","@id":"https:\/\/ejornais.com.br\/index.php\/author\/admin1\/#author","url":"https:\/\/ejornais.com.br\/index.php\/author\/admin1\/","name":"admin1","image":{"@type":"ImageObject","@id":"https:\/\/ejornais.com.br\/index.php\/2026\/08\/29\/formacao-continuada-reune-1-200-profissionais-da-rede-municipal-de-ensino-de-joao-pessoa\/#authorImage","url":"https:\/\/secure.gravatar.com\/avatar\/04084e6d73c042b8646e7c17b494073bf0ede3ea13c7105cfc45cbbbc28385a4?s=96&d=mm&r=g","width":96,"height":96,"caption":"admin1"}},{"@type":"WebPage","@id":"https:\/\/ejornais.com.br\/index.php\/2026\/08\/29\/formacao-continuada-reune-1-200-profissionais-da-rede-municipal-de-ensino-de-joao-pessoa\/#webpage","url":"https:\/\/ejornais.com.br\/index.php\/2026\/08\/29\/formacao-continuada-reune-1-200-profissionais-da-rede-municipal-de-ensino-de-joao-pessoa\/","name":"Forma\u00e7\u00e3o continuada re\u00fane 1.200 profissionais da Rede Municipal de Ensino de Jo\u00e3o Pessoa - eJornais","description":"Cerca de 1.200 profissionais da Educa\u00e7\u00e3o participaram, entre a segunda-feira (24) e esta sexta-feira (28), de um processo de forma\u00e7\u00e3o continuada sobre Educa\u00e7\u00e3o Especial Inclusiva. O evento ocorreu no audit\u00f3rio do Centro de Tecnologia da Universidade Federal da Para\u00edba (UFPB). O tema da forma\u00e7\u00e3o foi \u2018Princ\u00edpios e diretrizes da Educa\u00e7\u00e3o Especial Inclusiva (EEI): reflex\u00f5es sobre","inLanguage":"pt-BR","isPartOf":{"@id":"https:\/\/ejornais.com.br\/#website"},"breadcrumb":{"@id":"https:\/\/ejornais.com.br\/index.php\/2026\/08\/29\/formacao-continuada-reune-1-200-profissionais-da-rede-municipal-de-ensino-de-joao-pessoa\/#breadcrumblist"},"author":{"@id":"https:\/\/ejornais.com.br\/index.php\/author\/admin1\/#author"},"creator":{"@id":"https:\/\/ejornais.com.br\/index.php\/author\/admin1\/#author"},"datePublished":"2026-08-29T01:06:49-03:00","dateModified":"2026-08-29T01:06:49-03:00"},{"@type":"WebSite","@id":"https:\/\/ejornais.com.br\/#website","url":"https:\/\/ejornais.com.br\/","name":"eJornais","description":"Cat\u00e1logo de Jornais no mundo, Not\u00edcias, Blog e Esportes ao vivo","inLanguage":"pt-BR","publisher":{"@id":"https:\/\/ejornais.com.br\/#organization"}}]},"og:locale":"pt_BR","og:site_name":"eJornais - Cat\u00e1logo de Jornais no mundo, Not\u00edcias, Blog e Esportes ao vivo","og:type":"article","og:title":"Forma\u00e7\u00e3o continuada re\u00fane 1.200 profissionais da Rede Municipal de Ensino de Jo\u00e3o Pessoa - eJornais","og:description":"Cerca de 1.200 profissionais da Educa\u00e7\u00e3o participaram, entre a segunda-feira (24) e esta sexta-feira (28), de um processo de forma\u00e7\u00e3o continuada sobre Educa\u00e7\u00e3o Especial Inclusiva. O evento ocorreu no audit\u00f3rio do Centro de Tecnologia da Universidade Federal da Para\u00edba (UFPB). O tema da forma\u00e7\u00e3o foi \u2018Princ\u00edpios e diretrizes da Educa\u00e7\u00e3o Especial Inclusiva (EEI): reflex\u00f5es sobre","og:url":"https:\/\/ejornais.com.br\/index.php\/2026\/08\/29\/formacao-continuada-reune-1-200-profissionais-da-rede-municipal-de-ensino-de-joao-pessoa\/","article:published_time":"2026-08-29T04:06:49+00:00","article:modified_time":"2026-08-29T04:06:49+00:00","twitter:card":"summary_large_image","twitter:title":"Forma\u00e7\u00e3o continuada re\u00fane 1.200 profissionais da Rede Municipal de Ensino de Jo\u00e3o Pessoa - eJornais","twitter:description":"Cerca de 1.200 profissionais da Educa\u00e7\u00e3o participaram, entre a segunda-feira (24) e esta sexta-feira (28), de um processo de forma\u00e7\u00e3o continuada sobre Educa\u00e7\u00e3o Especial Inclusiva. O evento ocorreu no audit\u00f3rio do Centro de Tecnologia da Universidade Federal da Para\u00edba (UFPB). O tema da forma\u00e7\u00e3o foi \u2018Princ\u00edpios e diretrizes da Educa\u00e7\u00e3o Especial Inclusiva (EEI): reflex\u00f5es sobre"},"aioseo_meta_data":[],"aioseo_breadcrumb":"<div class=\"aioseo-breadcrumbs\"><span class=\"aioseo-breadcrumb\">\n\t\t\t<a href=\"https:\/\/ejornais.com.br\" title=\"In\u00edcio\">In\u00edcio<\/a>\n\t\t<\/span><span class=\"aioseo-breadcrumb-separator\">&raquo;<\/span><span class=\"aioseo-breadcrumb\">\n\t\t\t<a href=\"https:\/\/ejornais.com.br\/index.php\/category\/ejornais\/\" title=\"Cat\u00e1logo de Jornais\">Cat\u00e1logo de Jornais<\/a>\n\t\t<\/span><span class=\"aioseo-breadcrumb-separator\">&raquo;<\/span><span class=\"aioseo-breadcrumb\">\n\t\t\tForma\u00e7\u00e3o continuada re\u00fane 1.200 profissionais da Rede Municipal de Ensino de Jo\u00e3o Pessoa\n\t\t<\/span><\/div>","aioseo_breadcrumb_json":[{"label":"In\u00edcio","link":"https:\/\/ejornais.com.br"},{"label":"Cat\u00e1logo de Jornais","link":"https:\/\/ejornais.com.br\/index.php\/category\/ejornais\/"},{"label":"Forma\u00e7\u00e3o continuada re\u00fane 1.200 profissionais da Rede Municipal de Ensino de Jo\u00e3o Pessoa","link":"https:\/\/ejornais.com.br\/index.php\/2026\/08\/29\/formacao-continuada-reune-1-200-profissionais-da-rede-municipal-de-ensino-de-joao-pessoa\/"}],"amp_enabled":true,"_links":{"self":[{"href":"https:\/\/ejornais.com.br\/index.php\/wp-json\/wp\/v2\/posts\/71334","targetHints":{"allow":["GET"]}}],"collection":[{"href":"https:\/\/ejornais.com.br\/index.php\/wp-json\/wp\/v2\/posts"}],"about":[{"href":"https:\/\/ejornais.com.br\/index.php\/wp-json\/wp\/v2\/types\/post"}],"author":[{"embeddable":true,"href":"https:\/\/ejornais.com.br\/index.php\/wp-json\/wp\/v2\/users\/2"}],"replies":[{"embeddable":true,"href":"https:\/\/ejornais.com.br\/index.php\/wp-json\/wp\/v2\/comments?post=71334"}],"version-history":[{"count":0,"href":"https:\/\/ejornais.com.br\/index.php\/wp-json\/wp\/v2\/posts\/71334\/revisions"}],"wp:attachment":[{"href":"https:\/\/ejornais.com.br\/index.php\/wp-json\/wp\/v2\/media?parent=71334"}],"wp:term":[{"taxonomy":"category","embeddable":true,"href":"https:\/\/ejornais.com.br\/index.php\/wp-json\/wp\/v2\/categories?post=71334"},{"taxonomy":"post_tag","embeddable":true,"href":"https:\/\/ejornais.com.br\/index.php\/wp-json\/wp\/v2\/tags?post=71334"}],"curies":[{"name":"wp","href":"https:\/\/api.w.org\/{rel}","templated":true}]}}