{"id":71338,"date":"2026-08-29T03:12:31","date_gmt":"2026-08-29T06:12:31","guid":{"rendered":"https:\/\/ejornais.com.br\/index.php\/2026\/08\/29\/acao-de-ordenamento-apreende-mais-de-30-objetos-perfurocortantes-e-simulacro-de-arma-de-fogo-em-jacarepagua-prefeitura-da-cidade-do-rio-de-janeiro\/"},"modified":"2026-08-29T03:12:31","modified_gmt":"2026-08-29T06:12:31","slug":"acao-de-ordenamento-apreende-mais-de-30-objetos-perfurocortantes-e-simulacro-de-arma-de-fogo-em-jacarepagua-prefeitura-da-cidade-do-rio-de-janeiro","status":"publish","type":"post","link":"https:\/\/ejornais.com.br\/index.php\/2026\/08\/29\/acao-de-ordenamento-apreende-mais-de-30-objetos-perfurocortantes-e-simulacro-de-arma-de-fogo-em-jacarepagua-prefeitura-da-cidade-do-rio-de-janeiro\/","title":{"rendered":"A\u00e7\u00e3o de ordenamento apreende mais de 30 objetos perfurocortantes e simulacro de arma de fogo em Jacarepagu\u00e1 &#8211; Prefeitura da Cidade do Rio de Janeiro"},"content":{"rendered":"<p><\/p>\n<div id=\"main\">\n<div class=\"wrapper-breadcrumbs\" wp_automatic_readability=\"29.486622073579\">\n<div class=\"image-post\" wp_automatic_readability=\"32\">\n                     A interven\u00e7\u00e3o respondeu a demandas de moradores &#8211; Divulga\u00e7\u00e3o                  <\/div>\n<p>A Subprefeitura de Jacarepagu\u00e1 e a Secretaria Municipal de Ordem P\u00fablica (Seop) realizaram, na manh\u00e3 desta sexta-feira (28\/08), uma opera\u00e7\u00e3o de ordenamento urbano na Estrada dos Bandeirantes (da altura da Merck at\u00e9 a Vila Sap\u00ea, em ambos os sentidos), na Avenida Antonieta Campos da Paz, na Estrada do Rio Grande (sob o viaduto da Transol\u00edmpica) e na Estrada Rodrigues Caldas (em frente \u00e0 Fazenda Baronesa).<\/p>\n<p>Durante a a\u00e7\u00e3o, as equipes desmontaram dez estruturas e barracas instaladas irregularmente em \u00e1reas p\u00fablicas. Foram apreendidos mais de 30 objetos perfurocortantes \u2014 entre facas, tesouras e alicates \u2014, al\u00e9m de um simulacro de arma de fogo. A Comlurb recolheu 20 toneladas de res\u00edduos s\u00f3lidos e entulho.<\/p>\n<p>Agentes da Secretaria Municipal de Assist\u00eancia Social (SMAS) tamb\u00e9m participaram da mobiliza\u00e7\u00e3o, oferecendo acolhimento e inclus\u00e3o em programas sociais da Prefeitura do Rio \u00e0s pessoas em situa\u00e7\u00e3o de rua. A interven\u00e7\u00e3o respondeu a demandas de moradores sobre a ocupa\u00e7\u00e3o irregular de cal\u00e7adas e o ac\u00famulo de detritos na regi\u00e3o.<\/p>\n<blockquote wp_automatic_readability=\"12\">\n<p>\u2014 Al\u00e9m de organizar e limpar o espa\u00e7o p\u00fablico, oferecemos tamb\u00e9m, atrav\u00e9s da Assist\u00eancia Social, abrigo e inclus\u00e3o em programas para as pessoas em situa\u00e7\u00e3o de rua. Nossas a\u00e7\u00f5es de ordenamento s\u00e3o semanais e atuamos de acordo com as den\u00fancias de moradores e as vistorias realizadas pela Subprefeitura \u2014 declarou o subprefeito de Jacarepagu\u00e1, Igor Augusto.<\/p>\n<\/blockquote>\n<p>A fiscaliza\u00e7\u00e3o contou com o apoio da Guarda Municipal, do programa BRT Seguro e da Pol\u00edcia Militar. As opera\u00e7\u00f5es ocorrem semanalmente.<\/p>\n<p>             <!-- Compartilhe ---><\/p>\n<p>\t\t\t <!-- TAGS --><\/p>\n<section class=\"category-tags\">\n<div class=\"marcacao-category\">\n<article class=\"category-post\">\n<p>Categoria: <\/p>\n<\/article>\n<li>28 de agosto de 2026<\/li><\/div>\n<article class=\"tags\">\n\t\t\t\t\tMarca\u00e7\u00f5es: Ordenamento urbano programas sociais da Prefeitura subprefeitura de jacarepagu\u00e1<br \/><\/article>\n<\/section>\n<p>            <!-- Mais Not&iacute;cias --><\/p>\n<p>\t\t<!-- Conte&uacute;do SIDEBAR --><\/p><\/div>\n<\/p><\/div>\n","protected":false},"excerpt":{"rendered":"<p>A interven\u00e7\u00e3o respondeu a demandas de moradores &#8211; Divulga\u00e7\u00e3o A Subprefeitura de Jacarepagu\u00e1 e a Secretaria Municipal de Ordem P\u00fablica<\/p>\n","protected":false},"author":2,"featured_media":0,"comment_status":"","ping_status":"","sticky":false,"template":"","format":"standard","meta":{"colormag_page_container_layout":"default_layout","colormag_page_sidebar_layout":"default_layout","footnotes":""},"categories":[1],"tags":[],"class_list":["post-71338","post","type-post","status-publish","format-standard","hentry","category-ejornais"],"aioseo_notices":[],"aioseo_head":"\n\t\t<!-- All in One SEO 5.0.1.1 - aioseo.com -->\n\t<meta name=\"description\" content=\"A interven\u00e7\u00e3o respondeu a demandas de moradores - Divulga\u00e7\u00e3o A Subprefeitura de Jacarepagu\u00e1 e a Secretaria Municipal de Ordem P\u00fablica (Seop) realizaram, na manh\u00e3 desta sexta-feira (28\/08), uma opera\u00e7\u00e3o de ordenamento urbano na Estrada dos Bandeirantes (da altura da Merck at\u00e9 a Vila Sap\u00ea, em ambos os sentidos), na Avenida Antonieta Campos da Paz, na\" \/>\n\t<meta name=\"robots\" content=\"max-image-preview:large\" \/>\n\t<meta name=\"author\" content=\"admin1\"\/>\n\t<link rel=\"canonical\" href=\"https:\/\/ejornais.com.br\/index.php\/2026\/08\/29\/acao-de-ordenamento-apreende-mais-de-30-objetos-perfurocortantes-e-simulacro-de-arma-de-fogo-em-jacarepagua-prefeitura-da-cidade-do-rio-de-janeiro\/\" \/>\n\t<meta name=\"generator\" content=\"All in One SEO (AIOSEO) 5.0.1.1\" \/>\n\t\t<meta property=\"og:locale\" content=\"pt_BR\" \/>\n\t\t<meta property=\"og:site_name\" content=\"eJornais - Cat\u00e1logo de Jornais no mundo, Not\u00edcias, Blog e Esportes ao vivo\" \/>\n\t\t<meta property=\"og:type\" content=\"article\" \/>\n\t\t<meta property=\"og:title\" content=\"A\u00e7\u00e3o de ordenamento apreende mais de 30 objetos perfurocortantes e simulacro de arma de fogo em Jacarepagu\u00e1 \u2013 Prefeitura da Cidade do Rio de Janeiro - eJornais\" \/>\n\t\t<meta property=\"og:description\" content=\"A interven\u00e7\u00e3o respondeu a demandas de moradores - Divulga\u00e7\u00e3o A Subprefeitura de Jacarepagu\u00e1 e a Secretaria Municipal de Ordem P\u00fablica (Seop) realizaram, na manh\u00e3 desta sexta-feira (28\/08), uma opera\u00e7\u00e3o de ordenamento urbano na Estrada dos Bandeirantes (da altura da Merck at\u00e9 a Vila Sap\u00ea, em ambos os sentidos), na Avenida Antonieta Campos da Paz, na\" \/>\n\t\t<meta property=\"og:url\" content=\"https:\/\/ejornais.com.br\/index.php\/2026\/08\/29\/acao-de-ordenamento-apreende-mais-de-30-objetos-perfurocortantes-e-simulacro-de-arma-de-fogo-em-jacarepagua-prefeitura-da-cidade-do-rio-de-janeiro\/\" \/>\n\t\t<meta property=\"article:published_time\" content=\"2026-08-29T06:12:31+00:00\" \/>\n\t\t<meta property=\"article:modified_time\" content=\"2026-08-29T06:12:31+00:00\" \/>\n\t\t<meta name=\"twitter:card\" content=\"summary_large_image\" \/>\n\t\t<meta name=\"twitter:title\" content=\"A\u00e7\u00e3o de ordenamento apreende mais de 30 objetos perfurocortantes e simulacro de arma de fogo em Jacarepagu\u00e1 \u2013 Prefeitura da Cidade do Rio de Janeiro - eJornais\" \/>\n\t\t<meta name=\"twitter:description\" content=\"A interven\u00e7\u00e3o respondeu a demandas de moradores - Divulga\u00e7\u00e3o A Subprefeitura de Jacarepagu\u00e1 e a Secretaria Municipal de Ordem P\u00fablica (Seop) realizaram, na manh\u00e3 desta sexta-feira (28\/08), uma opera\u00e7\u00e3o de ordenamento urbano na Estrada dos Bandeirantes (da altura da Merck at\u00e9 a Vila Sap\u00ea, em ambos os sentidos), na Avenida Antonieta Campos da Paz, na\" \/>\n\t\t<script type=\"application\/ld+json\" class=\"aioseo-schema\">\n\t\t\t{\"@context\":\"https:\\\/\\\/schema.org\",\"@graph\":[{\"@type\":\"BlogPosting\",\"@id\":\"https:\\\/\\\/ejornais.com.br\\\/index.php\\\/2026\\\/08\\\/29\\\/acao-de-ordenamento-apreende-mais-de-30-objetos-perfurocortantes-e-simulacro-de-arma-de-fogo-em-jacarepagua-prefeitura-da-cidade-do-rio-de-janeiro\\\/#blogposting\",\"name\":\"A\\u00e7\\u00e3o de ordenamento apreende mais de 30 objetos perfurocortantes e simulacro de arma de fogo em Jacarepagu\\u00e1 \\u2013 Prefeitura da Cidade do Rio de Janeiro - eJornais\",\"headline\":\"A\\u00e7\\u00e3o de ordenamento apreende mais de 30 objetos perfurocortantes e simulacro de arma de fogo em Jacarepagu\\u00e1 &#8211; Prefeitura da Cidade do Rio de Janeiro\",\"author\":{\"@id\":\"https:\\\/\\\/ejornais.com.br\\\/index.php\\\/author\\\/admin1\\\/#author\"},\"publisher\":{\"@id\":\"https:\\\/\\\/ejornais.com.br\\\/#organization\"},\"datePublished\":\"2026-08-29T03:12:31-03:00\",\"dateModified\":\"2026-08-29T03:12:31-03:00\",\"inLanguage\":\"pt-BR\",\"mainEntityOfPage\":{\"@id\":\"https:\\\/\\\/ejornais.com.br\\\/index.php\\\/2026\\\/08\\\/29\\\/acao-de-ordenamento-apreende-mais-de-30-objetos-perfurocortantes-e-simulacro-de-arma-de-fogo-em-jacarepagua-prefeitura-da-cidade-do-rio-de-janeiro\\\/#webpage\"},\"isPartOf\":{\"@id\":\"https:\\\/\\\/ejornais.com.br\\\/index.php\\\/2026\\\/08\\\/29\\\/acao-de-ordenamento-apreende-mais-de-30-objetos-perfurocortantes-e-simulacro-de-arma-de-fogo-em-jacarepagua-prefeitura-da-cidade-do-rio-de-janeiro\\\/#webpage\"},\"articleSection\":\"Cat\\u00e1logo de Jornais\"},{\"@type\":\"BreadcrumbList\",\"@id\":\"https:\\\/\\\/ejornais.com.br\\\/index.php\\\/2026\\\/08\\\/29\\\/acao-de-ordenamento-apreende-mais-de-30-objetos-perfurocortantes-e-simulacro-de-arma-de-fogo-em-jacarepagua-prefeitura-da-cidade-do-rio-de-janeiro\\\/#breadcrumblist\",\"itemListElement\":[{\"@type\":\"ListItem\",\"@id\":\"https:\\\/\\\/ejornais.com.br#listItem\",\"position\":1,\"name\":\"In\\u00edcio\",\"item\":\"https:\\\/\\\/ejornais.com.br\",\"nextItem\":{\"@type\":\"ListItem\",\"@id\":\"https:\\\/\\\/ejornais.com.br\\\/index.php\\\/category\\\/ejornais\\\/#listItem\",\"name\":\"Cat\\u00e1logo de Jornais\"}},{\"@type\":\"ListItem\",\"@id\":\"https:\\\/\\\/ejornais.com.br\\\/index.php\\\/category\\\/ejornais\\\/#listItem\",\"position\":2,\"name\":\"Cat\\u00e1logo de Jornais\",\"item\":\"https:\\\/\\\/ejornais.com.br\\\/index.php\\\/category\\\/ejornais\\\/\",\"nextItem\":{\"@type\":\"ListItem\",\"@id\":\"https:\\\/\\\/ejornais.com.br\\\/index.php\\\/2026\\\/08\\\/29\\\/acao-de-ordenamento-apreende-mais-de-30-objetos-perfurocortantes-e-simulacro-de-arma-de-fogo-em-jacarepagua-prefeitura-da-cidade-do-rio-de-janeiro\\\/#listItem\",\"name\":\"A\\u00e7\\u00e3o de ordenamento apreende mais de 30 objetos perfurocortantes e simulacro de arma de fogo em Jacarepagu\\u00e1 &#8211; Prefeitura da Cidade do Rio de Janeiro\"},\"previousItem\":{\"@type\":\"ListItem\",\"@id\":\"https:\\\/\\\/ejornais.com.br#listItem\",\"name\":\"In\\u00edcio\"}},{\"@type\":\"ListItem\",\"@id\":\"https:\\\/\\\/ejornais.com.br\\\/index.php\\\/2026\\\/08\\\/29\\\/acao-de-ordenamento-apreende-mais-de-30-objetos-perfurocortantes-e-simulacro-de-arma-de-fogo-em-jacarepagua-prefeitura-da-cidade-do-rio-de-janeiro\\\/#listItem\",\"position\":3,\"name\":\"A\\u00e7\\u00e3o de ordenamento apreende mais de 30 objetos perfurocortantes e simulacro de arma de fogo em Jacarepagu\\u00e1 &#8211; Prefeitura da Cidade do Rio de Janeiro\",\"previousItem\":{\"@type\":\"ListItem\",\"@id\":\"https:\\\/\\\/ejornais.com.br\\\/index.php\\\/category\\\/ejornais\\\/#listItem\",\"name\":\"Cat\\u00e1logo de Jornais\"}}]},{\"@type\":\"Organization\",\"@id\":\"https:\\\/\\\/ejornais.com.br\\\/#organization\",\"name\":\"eJornais\",\"description\":\"Cat\\u00e1logo de Jornais no mundo, Not\\u00edcias, Blog e Esportes ao vivo\",\"url\":\"https:\\\/\\\/ejornais.com.br\\\/\"},{\"@type\":\"Person\",\"@id\":\"https:\\\/\\\/ejornais.com.br\\\/index.php\\\/author\\\/admin1\\\/#author\",\"url\":\"https:\\\/\\\/ejornais.com.br\\\/index.php\\\/author\\\/admin1\\\/\",\"name\":\"admin1\",\"image\":{\"@type\":\"ImageObject\",\"@id\":\"https:\\\/\\\/ejornais.com.br\\\/index.php\\\/2026\\\/08\\\/29\\\/acao-de-ordenamento-apreende-mais-de-30-objetos-perfurocortantes-e-simulacro-de-arma-de-fogo-em-jacarepagua-prefeitura-da-cidade-do-rio-de-janeiro\\\/#authorImage\",\"url\":\"https:\\\/\\\/secure.gravatar.com\\\/avatar\\\/04084e6d73c042b8646e7c17b494073bf0ede3ea13c7105cfc45cbbbc28385a4?s=96&d=mm&r=g\",\"width\":96,\"height\":96,\"caption\":\"admin1\"}},{\"@type\":\"WebPage\",\"@id\":\"https:\\\/\\\/ejornais.com.br\\\/index.php\\\/2026\\\/08\\\/29\\\/acao-de-ordenamento-apreende-mais-de-30-objetos-perfurocortantes-e-simulacro-de-arma-de-fogo-em-jacarepagua-prefeitura-da-cidade-do-rio-de-janeiro\\\/#webpage\",\"url\":\"https:\\\/\\\/ejornais.com.br\\\/index.php\\\/2026\\\/08\\\/29\\\/acao-de-ordenamento-apreende-mais-de-30-objetos-perfurocortantes-e-simulacro-de-arma-de-fogo-em-jacarepagua-prefeitura-da-cidade-do-rio-de-janeiro\\\/\",\"name\":\"A\\u00e7\\u00e3o de ordenamento apreende mais de 30 objetos perfurocortantes e simulacro de arma de fogo em Jacarepagu\\u00e1 \\u2013 Prefeitura da Cidade do Rio de Janeiro - eJornais\",\"description\":\"A interven\\u00e7\\u00e3o respondeu a demandas de moradores - Divulga\\u00e7\\u00e3o A Subprefeitura de Jacarepagu\\u00e1 e a Secretaria Municipal de Ordem P\\u00fablica (Seop) realizaram, na manh\\u00e3 desta sexta-feira (28\\\/08), uma opera\\u00e7\\u00e3o de ordenamento urbano na Estrada dos Bandeirantes (da altura da Merck at\\u00e9 a Vila Sap\\u00ea, em ambos os sentidos), na Avenida Antonieta Campos da Paz, na\",\"inLanguage\":\"pt-BR\",\"isPartOf\":{\"@id\":\"https:\\\/\\\/ejornais.com.br\\\/#website\"},\"breadcrumb\":{\"@id\":\"https:\\\/\\\/ejornais.com.br\\\/index.php\\\/2026\\\/08\\\/29\\\/acao-de-ordenamento-apreende-mais-de-30-objetos-perfurocortantes-e-simulacro-de-arma-de-fogo-em-jacarepagua-prefeitura-da-cidade-do-rio-de-janeiro\\\/#breadcrumblist\"},\"author\":{\"@id\":\"https:\\\/\\\/ejornais.com.br\\\/index.php\\\/author\\\/admin1\\\/#author\"},\"creator\":{\"@id\":\"https:\\\/\\\/ejornais.com.br\\\/index.php\\\/author\\\/admin1\\\/#author\"},\"datePublished\":\"2026-08-29T03:12:31-03:00\",\"dateModified\":\"2026-08-29T03:12:31-03:00\"},{\"@type\":\"WebSite\",\"@id\":\"https:\\\/\\\/ejornais.com.br\\\/#website\",\"url\":\"https:\\\/\\\/ejornais.com.br\\\/\",\"name\":\"eJornais\",\"description\":\"Cat\\u00e1logo de Jornais no mundo, Not\\u00edcias, Blog e Esportes ao vivo\",\"inLanguage\":\"pt-BR\",\"publisher\":{\"@id\":\"https:\\\/\\\/ejornais.com.br\\\/#organization\"}}]}\n\t\t<\/script>\n\t\t<!-- All in One SEO -->\n\n","aioseo_head_json":{"title":"A\u00e7\u00e3o de ordenamento apreende mais de 30 objetos perfurocortantes e simulacro de arma de fogo em Jacarepagu\u00e1 \u2013 Prefeitura da Cidade do Rio de Janeiro - eJornais","description":"A interven\u00e7\u00e3o respondeu a demandas de moradores - Divulga\u00e7\u00e3o A Subprefeitura de Jacarepagu\u00e1 e a Secretaria Municipal de Ordem P\u00fablica (Seop) realizaram, na manh\u00e3 desta sexta-feira (28\/08), uma opera\u00e7\u00e3o de ordenamento urbano na Estrada dos Bandeirantes (da altura da Merck at\u00e9 a Vila Sap\u00ea, em ambos os sentidos), na Avenida Antonieta Campos da Paz, na","canonical_url":"https:\/\/ejornais.com.br\/index.php\/2026\/08\/29\/acao-de-ordenamento-apreende-mais-de-30-objetos-perfurocortantes-e-simulacro-de-arma-de-fogo-em-jacarepagua-prefeitura-da-cidade-do-rio-de-janeiro\/","robots":"max-image-preview:large","keywords":"","webmasterTools":{"miscellaneous":""},"schema":{"@context":"https:\/\/schema.org","@graph":[{"@type":"BlogPosting","@id":"https:\/\/ejornais.com.br\/index.php\/2026\/08\/29\/acao-de-ordenamento-apreende-mais-de-30-objetos-perfurocortantes-e-simulacro-de-arma-de-fogo-em-jacarepagua-prefeitura-da-cidade-do-rio-de-janeiro\/#blogposting","name":"A\u00e7\u00e3o de ordenamento apreende mais de 30 objetos perfurocortantes e simulacro de arma de fogo em Jacarepagu\u00e1 \u2013 Prefeitura da Cidade do Rio de Janeiro - eJornais","headline":"A\u00e7\u00e3o de ordenamento apreende mais de 30 objetos perfurocortantes e simulacro de arma de fogo em Jacarepagu\u00e1 &#8211; Prefeitura da Cidade do Rio de Janeiro","author":{"@id":"https:\/\/ejornais.com.br\/index.php\/author\/admin1\/#author"},"publisher":{"@id":"https:\/\/ejornais.com.br\/#organization"},"datePublished":"2026-08-29T03:12:31-03:00","dateModified":"2026-08-29T03:12:31-03:00","inLanguage":"pt-BR","mainEntityOfPage":{"@id":"https:\/\/ejornais.com.br\/index.php\/2026\/08\/29\/acao-de-ordenamento-apreende-mais-de-30-objetos-perfurocortantes-e-simulacro-de-arma-de-fogo-em-jacarepagua-prefeitura-da-cidade-do-rio-de-janeiro\/#webpage"},"isPartOf":{"@id":"https:\/\/ejornais.com.br\/index.php\/2026\/08\/29\/acao-de-ordenamento-apreende-mais-de-30-objetos-perfurocortantes-e-simulacro-de-arma-de-fogo-em-jacarepagua-prefeitura-da-cidade-do-rio-de-janeiro\/#webpage"},"articleSection":"Cat\u00e1logo de Jornais"},{"@type":"BreadcrumbList","@id":"https:\/\/ejornais.com.br\/index.php\/2026\/08\/29\/acao-de-ordenamento-apreende-mais-de-30-objetos-perfurocortantes-e-simulacro-de-arma-de-fogo-em-jacarepagua-prefeitura-da-cidade-do-rio-de-janeiro\/#breadcrumblist","itemListElement":[{"@type":"ListItem","@id":"https:\/\/ejornais.com.br#listItem","position":1,"name":"In\u00edcio","item":"https:\/\/ejornais.com.br","nextItem":{"@type":"ListItem","@id":"https:\/\/ejornais.com.br\/index.php\/category\/ejornais\/#listItem","name":"Cat\u00e1logo de Jornais"}},{"@type":"ListItem","@id":"https:\/\/ejornais.com.br\/index.php\/category\/ejornais\/#listItem","position":2,"name":"Cat\u00e1logo de Jornais","item":"https:\/\/ejornais.com.br\/index.php\/category\/ejornais\/","nextItem":{"@type":"ListItem","@id":"https:\/\/ejornais.com.br\/index.php\/2026\/08\/29\/acao-de-ordenamento-apreende-mais-de-30-objetos-perfurocortantes-e-simulacro-de-arma-de-fogo-em-jacarepagua-prefeitura-da-cidade-do-rio-de-janeiro\/#listItem","name":"A\u00e7\u00e3o de ordenamento apreende mais de 30 objetos perfurocortantes e simulacro de arma de fogo em Jacarepagu\u00e1 &#8211; Prefeitura da Cidade do Rio de Janeiro"},"previousItem":{"@type":"ListItem","@id":"https:\/\/ejornais.com.br#listItem","name":"In\u00edcio"}},{"@type":"ListItem","@id":"https:\/\/ejornais.com.br\/index.php\/2026\/08\/29\/acao-de-ordenamento-apreende-mais-de-30-objetos-perfurocortantes-e-simulacro-de-arma-de-fogo-em-jacarepagua-prefeitura-da-cidade-do-rio-de-janeiro\/#listItem","position":3,"name":"A\u00e7\u00e3o de ordenamento apreende mais de 30 objetos perfurocortantes e simulacro de arma de fogo em Jacarepagu\u00e1 &#8211; Prefeitura da Cidade do Rio de Janeiro","previousItem":{"@type":"ListItem","@id":"https:\/\/ejornais.com.br\/index.php\/category\/ejornais\/#listItem","name":"Cat\u00e1logo de Jornais"}}]},{"@type":"Organization","@id":"https:\/\/ejornais.com.br\/#organization","name":"eJornais","description":"Cat\u00e1logo de Jornais no mundo, Not\u00edcias, Blog e Esportes ao vivo","url":"https:\/\/ejornais.com.br\/"},{"@type":"Person","@id":"https:\/\/ejornais.com.br\/index.php\/author\/admin1\/#author","url":"https:\/\/ejornais.com.br\/index.php\/author\/admin1\/","name":"admin1","image":{"@type":"ImageObject","@id":"https:\/\/ejornais.com.br\/index.php\/2026\/08\/29\/acao-de-ordenamento-apreende-mais-de-30-objetos-perfurocortantes-e-simulacro-de-arma-de-fogo-em-jacarepagua-prefeitura-da-cidade-do-rio-de-janeiro\/#authorImage","url":"https:\/\/secure.gravatar.com\/avatar\/04084e6d73c042b8646e7c17b494073bf0ede3ea13c7105cfc45cbbbc28385a4?s=96&d=mm&r=g","width":96,"height":96,"caption":"admin1"}},{"@type":"WebPage","@id":"https:\/\/ejornais.com.br\/index.php\/2026\/08\/29\/acao-de-ordenamento-apreende-mais-de-30-objetos-perfurocortantes-e-simulacro-de-arma-de-fogo-em-jacarepagua-prefeitura-da-cidade-do-rio-de-janeiro\/#webpage","url":"https:\/\/ejornais.com.br\/index.php\/2026\/08\/29\/acao-de-ordenamento-apreende-mais-de-30-objetos-perfurocortantes-e-simulacro-de-arma-de-fogo-em-jacarepagua-prefeitura-da-cidade-do-rio-de-janeiro\/","name":"A\u00e7\u00e3o de ordenamento apreende mais de 30 objetos perfurocortantes e simulacro de arma de fogo em Jacarepagu\u00e1 \u2013 Prefeitura da Cidade do Rio de Janeiro - eJornais","description":"A interven\u00e7\u00e3o respondeu a demandas de moradores - Divulga\u00e7\u00e3o A Subprefeitura de Jacarepagu\u00e1 e a Secretaria Municipal de Ordem P\u00fablica (Seop) realizaram, na manh\u00e3 desta sexta-feira (28\/08), uma opera\u00e7\u00e3o de ordenamento urbano na Estrada dos Bandeirantes (da altura da Merck at\u00e9 a Vila Sap\u00ea, em ambos os sentidos), na Avenida Antonieta Campos da Paz, na","inLanguage":"pt-BR","isPartOf":{"@id":"https:\/\/ejornais.com.br\/#website"},"breadcrumb":{"@id":"https:\/\/ejornais.com.br\/index.php\/2026\/08\/29\/acao-de-ordenamento-apreende-mais-de-30-objetos-perfurocortantes-e-simulacro-de-arma-de-fogo-em-jacarepagua-prefeitura-da-cidade-do-rio-de-janeiro\/#breadcrumblist"},"author":{"@id":"https:\/\/ejornais.com.br\/index.php\/author\/admin1\/#author"},"creator":{"@id":"https:\/\/ejornais.com.br\/index.php\/author\/admin1\/#author"},"datePublished":"2026-08-29T03:12:31-03:00","dateModified":"2026-08-29T03:12:31-03:00"},{"@type":"WebSite","@id":"https:\/\/ejornais.com.br\/#website","url":"https:\/\/ejornais.com.br\/","name":"eJornais","description":"Cat\u00e1logo de Jornais no mundo, Not\u00edcias, Blog e Esportes ao vivo","inLanguage":"pt-BR","publisher":{"@id":"https:\/\/ejornais.com.br\/#organization"}}]},"og:locale":"pt_BR","og:site_name":"eJornais - Cat\u00e1logo de Jornais no mundo, Not\u00edcias, Blog e Esportes ao vivo","og:type":"article","og:title":"A\u00e7\u00e3o de ordenamento apreende mais de 30 objetos perfurocortantes e simulacro de arma de fogo em Jacarepagu\u00e1 \u2013 Prefeitura da Cidade do Rio de Janeiro - eJornais","og:description":"A interven\u00e7\u00e3o respondeu a demandas de moradores - Divulga\u00e7\u00e3o A Subprefeitura de Jacarepagu\u00e1 e a Secretaria Municipal de Ordem P\u00fablica (Seop) realizaram, na manh\u00e3 desta sexta-feira (28\/08), uma opera\u00e7\u00e3o de ordenamento urbano na Estrada dos Bandeirantes (da altura da Merck at\u00e9 a Vila Sap\u00ea, em ambos os sentidos), na Avenida Antonieta Campos da Paz, na","og:url":"https:\/\/ejornais.com.br\/index.php\/2026\/08\/29\/acao-de-ordenamento-apreende-mais-de-30-objetos-perfurocortantes-e-simulacro-de-arma-de-fogo-em-jacarepagua-prefeitura-da-cidade-do-rio-de-janeiro\/","article:published_time":"2026-08-29T06:12:31+00:00","article:modified_time":"2026-08-29T06:12:31+00:00","twitter:card":"summary_large_image","twitter:title":"A\u00e7\u00e3o de ordenamento apreende mais de 30 objetos perfurocortantes e simulacro de arma de fogo em Jacarepagu\u00e1 \u2013 Prefeitura da Cidade do Rio de Janeiro - eJornais","twitter:description":"A interven\u00e7\u00e3o respondeu a demandas de moradores - Divulga\u00e7\u00e3o A Subprefeitura de Jacarepagu\u00e1 e a Secretaria Municipal de Ordem P\u00fablica (Seop) realizaram, na manh\u00e3 desta sexta-feira (28\/08), uma opera\u00e7\u00e3o de ordenamento urbano na Estrada dos Bandeirantes (da altura da Merck at\u00e9 a Vila Sap\u00ea, em ambos os sentidos), na Avenida Antonieta Campos da Paz, na"},"aioseo_meta_data":[],"aioseo_breadcrumb":"<div class=\"aioseo-breadcrumbs\"><span class=\"aioseo-breadcrumb\">\n\t\t\t<a href=\"https:\/\/ejornais.com.br\" title=\"In\u00edcio\">In\u00edcio<\/a>\n\t\t<\/span><span class=\"aioseo-breadcrumb-separator\">&raquo;<\/span><span class=\"aioseo-breadcrumb\">\n\t\t\t<a href=\"https:\/\/ejornais.com.br\/index.php\/category\/ejornais\/\" title=\"Cat\u00e1logo de Jornais\">Cat\u00e1logo de Jornais<\/a>\n\t\t<\/span><span class=\"aioseo-breadcrumb-separator\">&raquo;<\/span><span class=\"aioseo-breadcrumb\">\n\t\t\tA\u00e7\u00e3o de ordenamento apreende mais de 30 objetos perfurocortantes e simulacro de arma de fogo em Jacarepagu\u00e1 \u2013 Prefeitura da Cidade do Rio de Janeiro\n\t\t<\/span><\/div>","aioseo_breadcrumb_json":[{"label":"In\u00edcio","link":"https:\/\/ejornais.com.br"},{"label":"Cat\u00e1logo de Jornais","link":"https:\/\/ejornais.com.br\/index.php\/category\/ejornais\/"},{"label":"A\u00e7\u00e3o de ordenamento apreende mais de 30 objetos perfurocortantes e simulacro de arma de fogo em Jacarepagu\u00e1 &#8211; Prefeitura da Cidade do Rio de Janeiro","link":"https:\/\/ejornais.com.br\/index.php\/2026\/08\/29\/acao-de-ordenamento-apreende-mais-de-30-objetos-perfurocortantes-e-simulacro-de-arma-de-fogo-em-jacarepagua-prefeitura-da-cidade-do-rio-de-janeiro\/"}],"amp_enabled":true,"_links":{"self":[{"href":"https:\/\/ejornais.com.br\/index.php\/wp-json\/wp\/v2\/posts\/71338","targetHints":{"allow":["GET"]}}],"collection":[{"href":"https:\/\/ejornais.com.br\/index.php\/wp-json\/wp\/v2\/posts"}],"about":[{"href":"https:\/\/ejornais.com.br\/index.php\/wp-json\/wp\/v2\/types\/post"}],"author":[{"embeddable":true,"href":"https:\/\/ejornais.com.br\/index.php\/wp-json\/wp\/v2\/users\/2"}],"replies":[{"embeddable":true,"href":"https:\/\/ejornais.com.br\/index.php\/wp-json\/wp\/v2\/comments?post=71338"}],"version-history":[{"count":0,"href":"https:\/\/ejornais.com.br\/index.php\/wp-json\/wp\/v2\/posts\/71338\/revisions"}],"wp:attachment":[{"href":"https:\/\/ejornais.com.br\/index.php\/wp-json\/wp\/v2\/media?parent=71338"}],"wp:term":[{"taxonomy":"category","embeddable":true,"href":"https:\/\/ejornais.com.br\/index.php\/wp-json\/wp\/v2\/categories?post=71338"},{"taxonomy":"post_tag","embeddable":true,"href":"https:\/\/ejornais.com.br\/index.php\/wp-json\/wp\/v2\/tags?post=71338"}],"curies":[{"name":"wp","href":"https:\/\/api.w.org\/{rel}","templated":true}]}}