{"id":71367,"date":"2026-08-29T17:55:11","date_gmt":"2026-08-29T20:55:11","guid":{"rendered":"https:\/\/ejornais.com.br\/index.php\/2026\/08\/29\/emlur-e-inovacentro-participam-de-operacao-na-area-central-de-joao-pessoa-e-removem-pichacoes\/"},"modified":"2026-08-29T17:55:11","modified_gmt":"2026-08-29T20:55:11","slug":"emlur-e-inovacentro-participam-de-operacao-na-area-central-de-joao-pessoa-e-removem-pichacoes","status":"publish","type":"post","link":"https:\/\/ejornais.com.br\/index.php\/2026\/08\/29\/emlur-e-inovacentro-participam-de-operacao-na-area-central-de-joao-pessoa-e-removem-pichacoes\/","title":{"rendered":"Emlur e Inovacentro participam de opera\u00e7\u00e3o na \u00e1rea central de Jo\u00e3o Pessoa e removem picha\u00e7\u00f5es"},"content":{"rendered":"<p><\/p>\n<div id=\"texto\">\n<p>A manh\u00e3 deste s\u00e1bado (29) foi marcada por mais uma a\u00e7\u00e3o de limpeza e conserva\u00e7\u00e3o no Centro de Jo\u00e3o Pessoa. Equipes da Autarquia Especial Municipal de Limpeza Urbana (Emlur) atuaram na regi\u00e3o do viaduto da Avenida Miguel Couto, com servi\u00e7os de remo\u00e7\u00e3o de picha\u00e7\u00f5es e higieniza\u00e7\u00e3o dos espa\u00e7os p\u00fablicos, contribuindo para deixar a \u00e1rea mais limpa, organizada e agrad\u00e1vel para a popula\u00e7\u00e3o.<\/p>\n<p>A iniciativa faz parte de uma a\u00e7\u00e3o conjunta iniciada na quinta-feira (27), que re\u00fane a Emlur, a Secretaria de Preserva\u00e7\u00e3o, Revitaliza\u00e7\u00e3o e Inova\u00e7\u00e3o do Centro Hist\u00f3rico (Inovacentro) e a Pol\u00edcia Militar em um trabalho integrado de limpeza, conserva\u00e7\u00e3o, ordenamento e seguran\u00e7a na regi\u00e3o central da cidade. A atua\u00e7\u00e3o conjunta busca fortalecer o cuidado com o Centro Hist\u00f3rico e demais \u00e1reas da regi\u00e3o, com a\u00e7\u00f5es cont\u00ednuas de manuten\u00e7\u00e3o e preven\u00e7\u00e3o de pontos de descarte irregular e degrada\u00e7\u00e3o dos espa\u00e7os p\u00fablicos.<\/p>\n<figure class=\"wp-block-gallery has-nested-images columns-default is-cropped wp-block-gallery-1 is-layout-flex wp-block-gallery-is-layout-flex\">\n<figure class=\"wp-block-image size-full\"><\/figure>\n<figure class=\"wp-block-image size-full\"><\/figure>\n<\/figure>\n<p>O superintendente da Emlur, Ricardo Veloso, destaca que a gest\u00e3o municipal mant\u00e9m aten\u00e7\u00e3o permanente na regi\u00e3o e refor\u00e7a a import\u00e2ncia da participa\u00e7\u00e3o da popula\u00e7\u00e3o na preserva\u00e7\u00e3o dos espa\u00e7os p\u00fablicos. \u201cO trabalho das equipes faz a diferen\u00e7a, mas o cuidado precisa ser de todos. Quando cada cidad\u00e3o faz a sua parte, a cidade inteira ganha\u201d, refor\u00e7a.<\/p>\n<figure class=\"wp-block-gallery has-nested-images columns-default is-cropped wp-block-gallery-2 is-layout-flex wp-block-gallery-is-layout-flex\">\n<figure class=\"wp-block-image size-large\"><\/figure>\n<figure class=\"wp-block-image size-full\"><\/figure>\n<\/figure><\/div>\n","protected":false},"excerpt":{"rendered":"<p>A manh\u00e3 deste s\u00e1bado (29) foi marcada por mais uma a\u00e7\u00e3o de limpeza e conserva\u00e7\u00e3o no Centro de Jo\u00e3o Pessoa.<\/p>\n","protected":false},"author":2,"featured_media":0,"comment_status":"","ping_status":"","sticky":false,"template":"","format":"standard","meta":{"colormag_page_container_layout":"default_layout","colormag_page_sidebar_layout":"default_layout","footnotes":""},"categories":[1],"tags":[],"class_list":["post-71367","post","type-post","status-publish","format-standard","hentry","category-ejornais"],"aioseo_notices":[],"aioseo_head":"\n\t\t<!-- All in One SEO 5.0.1.1 - aioseo.com -->\n\t<meta name=\"description\" content=\"A manh\u00e3 deste s\u00e1bado (29) foi marcada por mais uma a\u00e7\u00e3o de limpeza e conserva\u00e7\u00e3o no Centro de Jo\u00e3o Pessoa. Equipes da Autarquia Especial Municipal de Limpeza Urbana (Emlur) atuaram na regi\u00e3o do viaduto da Avenida Miguel Couto, com servi\u00e7os de remo\u00e7\u00e3o de picha\u00e7\u00f5es e higieniza\u00e7\u00e3o dos espa\u00e7os p\u00fablicos, contribuindo para deixar a \u00e1rea mais\" \/>\n\t<meta name=\"robots\" content=\"max-image-preview:large\" \/>\n\t<meta name=\"author\" content=\"admin1\"\/>\n\t<link rel=\"canonical\" href=\"https:\/\/ejornais.com.br\/index.php\/2026\/08\/29\/emlur-e-inovacentro-participam-de-operacao-na-area-central-de-joao-pessoa-e-removem-pichacoes\/\" \/>\n\t<meta name=\"generator\" content=\"All in One SEO (AIOSEO) 5.0.1.1\" \/>\n\t\t<meta property=\"og:locale\" content=\"pt_BR\" \/>\n\t\t<meta property=\"og:site_name\" content=\"eJornais - Cat\u00e1logo de Jornais no mundo, Not\u00edcias, Blog e Esportes ao vivo\" \/>\n\t\t<meta property=\"og:type\" content=\"article\" \/>\n\t\t<meta property=\"og:title\" content=\"Emlur e Inovacentro participam de opera\u00e7\u00e3o na \u00e1rea central de Jo\u00e3o Pessoa e removem picha\u00e7\u00f5es - eJornais\" \/>\n\t\t<meta property=\"og:description\" content=\"A manh\u00e3 deste s\u00e1bado (29) foi marcada por mais uma a\u00e7\u00e3o de limpeza e conserva\u00e7\u00e3o no Centro de Jo\u00e3o Pessoa. Equipes da Autarquia Especial Municipal de Limpeza Urbana (Emlur) atuaram na regi\u00e3o do viaduto da Avenida Miguel Couto, com servi\u00e7os de remo\u00e7\u00e3o de picha\u00e7\u00f5es e higieniza\u00e7\u00e3o dos espa\u00e7os p\u00fablicos, contribuindo para deixar a \u00e1rea mais\" \/>\n\t\t<meta property=\"og:url\" content=\"https:\/\/ejornais.com.br\/index.php\/2026\/08\/29\/emlur-e-inovacentro-participam-de-operacao-na-area-central-de-joao-pessoa-e-removem-pichacoes\/\" \/>\n\t\t<meta property=\"article:published_time\" content=\"2026-08-29T20:55:11+00:00\" \/>\n\t\t<meta property=\"article:modified_time\" content=\"2026-08-29T20:55:11+00:00\" \/>\n\t\t<meta name=\"twitter:card\" content=\"summary_large_image\" \/>\n\t\t<meta name=\"twitter:title\" content=\"Emlur e Inovacentro participam de opera\u00e7\u00e3o na \u00e1rea central de Jo\u00e3o Pessoa e removem picha\u00e7\u00f5es - eJornais\" \/>\n\t\t<meta name=\"twitter:description\" content=\"A manh\u00e3 deste s\u00e1bado (29) foi marcada por mais uma a\u00e7\u00e3o de limpeza e conserva\u00e7\u00e3o no Centro de Jo\u00e3o Pessoa. Equipes da Autarquia Especial Municipal de Limpeza Urbana (Emlur) atuaram na regi\u00e3o do viaduto da Avenida Miguel Couto, com servi\u00e7os de remo\u00e7\u00e3o de picha\u00e7\u00f5es e higieniza\u00e7\u00e3o dos espa\u00e7os p\u00fablicos, contribuindo para deixar a \u00e1rea mais\" \/>\n\t\t<script type=\"application\/ld+json\" class=\"aioseo-schema\">\n\t\t\t{\"@context\":\"https:\\\/\\\/schema.org\",\"@graph\":[{\"@type\":\"BlogPosting\",\"@id\":\"https:\\\/\\\/ejornais.com.br\\\/index.php\\\/2026\\\/08\\\/29\\\/emlur-e-inovacentro-participam-de-operacao-na-area-central-de-joao-pessoa-e-removem-pichacoes\\\/#blogposting\",\"name\":\"Emlur e Inovacentro participam de opera\\u00e7\\u00e3o na \\u00e1rea central de Jo\\u00e3o Pessoa e removem picha\\u00e7\\u00f5es - eJornais\",\"headline\":\"Emlur e Inovacentro participam de opera\\u00e7\\u00e3o na \\u00e1rea central de Jo\\u00e3o Pessoa e removem picha\\u00e7\\u00f5es\",\"author\":{\"@id\":\"https:\\\/\\\/ejornais.com.br\\\/index.php\\\/author\\\/admin1\\\/#author\"},\"publisher\":{\"@id\":\"https:\\\/\\\/ejornais.com.br\\\/#organization\"},\"datePublished\":\"2026-08-29T17:55:11-03:00\",\"dateModified\":\"2026-08-29T17:55:11-03:00\",\"inLanguage\":\"pt-BR\",\"mainEntityOfPage\":{\"@id\":\"https:\\\/\\\/ejornais.com.br\\\/index.php\\\/2026\\\/08\\\/29\\\/emlur-e-inovacentro-participam-de-operacao-na-area-central-de-joao-pessoa-e-removem-pichacoes\\\/#webpage\"},\"isPartOf\":{\"@id\":\"https:\\\/\\\/ejornais.com.br\\\/index.php\\\/2026\\\/08\\\/29\\\/emlur-e-inovacentro-participam-de-operacao-na-area-central-de-joao-pessoa-e-removem-pichacoes\\\/#webpage\"},\"articleSection\":\"Cat\\u00e1logo de Jornais\"},{\"@type\":\"BreadcrumbList\",\"@id\":\"https:\\\/\\\/ejornais.com.br\\\/index.php\\\/2026\\\/08\\\/29\\\/emlur-e-inovacentro-participam-de-operacao-na-area-central-de-joao-pessoa-e-removem-pichacoes\\\/#breadcrumblist\",\"itemListElement\":[{\"@type\":\"ListItem\",\"@id\":\"https:\\\/\\\/ejornais.com.br#listItem\",\"position\":1,\"name\":\"In\\u00edcio\",\"item\":\"https:\\\/\\\/ejornais.com.br\",\"nextItem\":{\"@type\":\"ListItem\",\"@id\":\"https:\\\/\\\/ejornais.com.br\\\/index.php\\\/category\\\/ejornais\\\/#listItem\",\"name\":\"Cat\\u00e1logo de Jornais\"}},{\"@type\":\"ListItem\",\"@id\":\"https:\\\/\\\/ejornais.com.br\\\/index.php\\\/category\\\/ejornais\\\/#listItem\",\"position\":2,\"name\":\"Cat\\u00e1logo de Jornais\",\"item\":\"https:\\\/\\\/ejornais.com.br\\\/index.php\\\/category\\\/ejornais\\\/\",\"nextItem\":{\"@type\":\"ListItem\",\"@id\":\"https:\\\/\\\/ejornais.com.br\\\/index.php\\\/2026\\\/08\\\/29\\\/emlur-e-inovacentro-participam-de-operacao-na-area-central-de-joao-pessoa-e-removem-pichacoes\\\/#listItem\",\"name\":\"Emlur e Inovacentro participam de opera\\u00e7\\u00e3o na \\u00e1rea central de Jo\\u00e3o Pessoa e removem picha\\u00e7\\u00f5es\"},\"previousItem\":{\"@type\":\"ListItem\",\"@id\":\"https:\\\/\\\/ejornais.com.br#listItem\",\"name\":\"In\\u00edcio\"}},{\"@type\":\"ListItem\",\"@id\":\"https:\\\/\\\/ejornais.com.br\\\/index.php\\\/2026\\\/08\\\/29\\\/emlur-e-inovacentro-participam-de-operacao-na-area-central-de-joao-pessoa-e-removem-pichacoes\\\/#listItem\",\"position\":3,\"name\":\"Emlur e Inovacentro participam de opera\\u00e7\\u00e3o na \\u00e1rea central de Jo\\u00e3o Pessoa e removem picha\\u00e7\\u00f5es\",\"previousItem\":{\"@type\":\"ListItem\",\"@id\":\"https:\\\/\\\/ejornais.com.br\\\/index.php\\\/category\\\/ejornais\\\/#listItem\",\"name\":\"Cat\\u00e1logo de Jornais\"}}]},{\"@type\":\"Organization\",\"@id\":\"https:\\\/\\\/ejornais.com.br\\\/#organization\",\"name\":\"eJornais\",\"description\":\"Cat\\u00e1logo de Jornais no mundo, Not\\u00edcias, Blog e Esportes ao vivo\",\"url\":\"https:\\\/\\\/ejornais.com.br\\\/\"},{\"@type\":\"Person\",\"@id\":\"https:\\\/\\\/ejornais.com.br\\\/index.php\\\/author\\\/admin1\\\/#author\",\"url\":\"https:\\\/\\\/ejornais.com.br\\\/index.php\\\/author\\\/admin1\\\/\",\"name\":\"admin1\",\"image\":{\"@type\":\"ImageObject\",\"@id\":\"https:\\\/\\\/ejornais.com.br\\\/index.php\\\/2026\\\/08\\\/29\\\/emlur-e-inovacentro-participam-de-operacao-na-area-central-de-joao-pessoa-e-removem-pichacoes\\\/#authorImage\",\"url\":\"https:\\\/\\\/secure.gravatar.com\\\/avatar\\\/04084e6d73c042b8646e7c17b494073bf0ede3ea13c7105cfc45cbbbc28385a4?s=96&d=mm&r=g\",\"width\":96,\"height\":96,\"caption\":\"admin1\"}},{\"@type\":\"WebPage\",\"@id\":\"https:\\\/\\\/ejornais.com.br\\\/index.php\\\/2026\\\/08\\\/29\\\/emlur-e-inovacentro-participam-de-operacao-na-area-central-de-joao-pessoa-e-removem-pichacoes\\\/#webpage\",\"url\":\"https:\\\/\\\/ejornais.com.br\\\/index.php\\\/2026\\\/08\\\/29\\\/emlur-e-inovacentro-participam-de-operacao-na-area-central-de-joao-pessoa-e-removem-pichacoes\\\/\",\"name\":\"Emlur e Inovacentro participam de opera\\u00e7\\u00e3o na \\u00e1rea central de Jo\\u00e3o Pessoa e removem picha\\u00e7\\u00f5es - eJornais\",\"description\":\"A manh\\u00e3 deste s\\u00e1bado (29) foi marcada por mais uma a\\u00e7\\u00e3o de limpeza e conserva\\u00e7\\u00e3o no Centro de Jo\\u00e3o Pessoa. Equipes da Autarquia Especial Municipal de Limpeza Urbana (Emlur) atuaram na regi\\u00e3o do viaduto da Avenida Miguel Couto, com servi\\u00e7os de remo\\u00e7\\u00e3o de picha\\u00e7\\u00f5es e higieniza\\u00e7\\u00e3o dos espa\\u00e7os p\\u00fablicos, contribuindo para deixar a \\u00e1rea mais\",\"inLanguage\":\"pt-BR\",\"isPartOf\":{\"@id\":\"https:\\\/\\\/ejornais.com.br\\\/#website\"},\"breadcrumb\":{\"@id\":\"https:\\\/\\\/ejornais.com.br\\\/index.php\\\/2026\\\/08\\\/29\\\/emlur-e-inovacentro-participam-de-operacao-na-area-central-de-joao-pessoa-e-removem-pichacoes\\\/#breadcrumblist\"},\"author\":{\"@id\":\"https:\\\/\\\/ejornais.com.br\\\/index.php\\\/author\\\/admin1\\\/#author\"},\"creator\":{\"@id\":\"https:\\\/\\\/ejornais.com.br\\\/index.php\\\/author\\\/admin1\\\/#author\"},\"datePublished\":\"2026-08-29T17:55:11-03:00\",\"dateModified\":\"2026-08-29T17:55:11-03:00\"},{\"@type\":\"WebSite\",\"@id\":\"https:\\\/\\\/ejornais.com.br\\\/#website\",\"url\":\"https:\\\/\\\/ejornais.com.br\\\/\",\"name\":\"eJornais\",\"description\":\"Cat\\u00e1logo de Jornais no mundo, Not\\u00edcias, Blog e Esportes ao vivo\",\"inLanguage\":\"pt-BR\",\"publisher\":{\"@id\":\"https:\\\/\\\/ejornais.com.br\\\/#organization\"}}]}\n\t\t<\/script>\n\t\t<!-- All in One SEO -->\n\n","aioseo_head_json":{"title":"Emlur e Inovacentro participam de opera\u00e7\u00e3o na \u00e1rea central de Jo\u00e3o Pessoa e removem picha\u00e7\u00f5es - eJornais","description":"A manh\u00e3 deste s\u00e1bado (29) foi marcada por mais uma a\u00e7\u00e3o de limpeza e conserva\u00e7\u00e3o no Centro de Jo\u00e3o Pessoa. Equipes da Autarquia Especial Municipal de Limpeza Urbana (Emlur) atuaram na regi\u00e3o do viaduto da Avenida Miguel Couto, com servi\u00e7os de remo\u00e7\u00e3o de picha\u00e7\u00f5es e higieniza\u00e7\u00e3o dos espa\u00e7os p\u00fablicos, contribuindo para deixar a \u00e1rea mais","canonical_url":"https:\/\/ejornais.com.br\/index.php\/2026\/08\/29\/emlur-e-inovacentro-participam-de-operacao-na-area-central-de-joao-pessoa-e-removem-pichacoes\/","robots":"max-image-preview:large","keywords":"","webmasterTools":{"miscellaneous":""},"schema":{"@context":"https:\/\/schema.org","@graph":[{"@type":"BlogPosting","@id":"https:\/\/ejornais.com.br\/index.php\/2026\/08\/29\/emlur-e-inovacentro-participam-de-operacao-na-area-central-de-joao-pessoa-e-removem-pichacoes\/#blogposting","name":"Emlur e Inovacentro participam de opera\u00e7\u00e3o na \u00e1rea central de Jo\u00e3o Pessoa e removem picha\u00e7\u00f5es - eJornais","headline":"Emlur e Inovacentro participam de opera\u00e7\u00e3o na \u00e1rea central de Jo\u00e3o Pessoa e removem picha\u00e7\u00f5es","author":{"@id":"https:\/\/ejornais.com.br\/index.php\/author\/admin1\/#author"},"publisher":{"@id":"https:\/\/ejornais.com.br\/#organization"},"datePublished":"2026-08-29T17:55:11-03:00","dateModified":"2026-08-29T17:55:11-03:00","inLanguage":"pt-BR","mainEntityOfPage":{"@id":"https:\/\/ejornais.com.br\/index.php\/2026\/08\/29\/emlur-e-inovacentro-participam-de-operacao-na-area-central-de-joao-pessoa-e-removem-pichacoes\/#webpage"},"isPartOf":{"@id":"https:\/\/ejornais.com.br\/index.php\/2026\/08\/29\/emlur-e-inovacentro-participam-de-operacao-na-area-central-de-joao-pessoa-e-removem-pichacoes\/#webpage"},"articleSection":"Cat\u00e1logo de Jornais"},{"@type":"BreadcrumbList","@id":"https:\/\/ejornais.com.br\/index.php\/2026\/08\/29\/emlur-e-inovacentro-participam-de-operacao-na-area-central-de-joao-pessoa-e-removem-pichacoes\/#breadcrumblist","itemListElement":[{"@type":"ListItem","@id":"https:\/\/ejornais.com.br#listItem","position":1,"name":"In\u00edcio","item":"https:\/\/ejornais.com.br","nextItem":{"@type":"ListItem","@id":"https:\/\/ejornais.com.br\/index.php\/category\/ejornais\/#listItem","name":"Cat\u00e1logo de Jornais"}},{"@type":"ListItem","@id":"https:\/\/ejornais.com.br\/index.php\/category\/ejornais\/#listItem","position":2,"name":"Cat\u00e1logo de Jornais","item":"https:\/\/ejornais.com.br\/index.php\/category\/ejornais\/","nextItem":{"@type":"ListItem","@id":"https:\/\/ejornais.com.br\/index.php\/2026\/08\/29\/emlur-e-inovacentro-participam-de-operacao-na-area-central-de-joao-pessoa-e-removem-pichacoes\/#listItem","name":"Emlur e Inovacentro participam de opera\u00e7\u00e3o na \u00e1rea central de Jo\u00e3o Pessoa e removem picha\u00e7\u00f5es"},"previousItem":{"@type":"ListItem","@id":"https:\/\/ejornais.com.br#listItem","name":"In\u00edcio"}},{"@type":"ListItem","@id":"https:\/\/ejornais.com.br\/index.php\/2026\/08\/29\/emlur-e-inovacentro-participam-de-operacao-na-area-central-de-joao-pessoa-e-removem-pichacoes\/#listItem","position":3,"name":"Emlur e Inovacentro participam de opera\u00e7\u00e3o na \u00e1rea central de Jo\u00e3o Pessoa e removem picha\u00e7\u00f5es","previousItem":{"@type":"ListItem","@id":"https:\/\/ejornais.com.br\/index.php\/category\/ejornais\/#listItem","name":"Cat\u00e1logo de Jornais"}}]},{"@type":"Organization","@id":"https:\/\/ejornais.com.br\/#organization","name":"eJornais","description":"Cat\u00e1logo de Jornais no mundo, Not\u00edcias, Blog e Esportes ao vivo","url":"https:\/\/ejornais.com.br\/"},{"@type":"Person","@id":"https:\/\/ejornais.com.br\/index.php\/author\/admin1\/#author","url":"https:\/\/ejornais.com.br\/index.php\/author\/admin1\/","name":"admin1","image":{"@type":"ImageObject","@id":"https:\/\/ejornais.com.br\/index.php\/2026\/08\/29\/emlur-e-inovacentro-participam-de-operacao-na-area-central-de-joao-pessoa-e-removem-pichacoes\/#authorImage","url":"https:\/\/secure.gravatar.com\/avatar\/04084e6d73c042b8646e7c17b494073bf0ede3ea13c7105cfc45cbbbc28385a4?s=96&d=mm&r=g","width":96,"height":96,"caption":"admin1"}},{"@type":"WebPage","@id":"https:\/\/ejornais.com.br\/index.php\/2026\/08\/29\/emlur-e-inovacentro-participam-de-operacao-na-area-central-de-joao-pessoa-e-removem-pichacoes\/#webpage","url":"https:\/\/ejornais.com.br\/index.php\/2026\/08\/29\/emlur-e-inovacentro-participam-de-operacao-na-area-central-de-joao-pessoa-e-removem-pichacoes\/","name":"Emlur e Inovacentro participam de opera\u00e7\u00e3o na \u00e1rea central de Jo\u00e3o Pessoa e removem picha\u00e7\u00f5es - eJornais","description":"A manh\u00e3 deste s\u00e1bado (29) foi marcada por mais uma a\u00e7\u00e3o de limpeza e conserva\u00e7\u00e3o no Centro de Jo\u00e3o Pessoa. Equipes da Autarquia Especial Municipal de Limpeza Urbana (Emlur) atuaram na regi\u00e3o do viaduto da Avenida Miguel Couto, com servi\u00e7os de remo\u00e7\u00e3o de picha\u00e7\u00f5es e higieniza\u00e7\u00e3o dos espa\u00e7os p\u00fablicos, contribuindo para deixar a \u00e1rea mais","inLanguage":"pt-BR","isPartOf":{"@id":"https:\/\/ejornais.com.br\/#website"},"breadcrumb":{"@id":"https:\/\/ejornais.com.br\/index.php\/2026\/08\/29\/emlur-e-inovacentro-participam-de-operacao-na-area-central-de-joao-pessoa-e-removem-pichacoes\/#breadcrumblist"},"author":{"@id":"https:\/\/ejornais.com.br\/index.php\/author\/admin1\/#author"},"creator":{"@id":"https:\/\/ejornais.com.br\/index.php\/author\/admin1\/#author"},"datePublished":"2026-08-29T17:55:11-03:00","dateModified":"2026-08-29T17:55:11-03:00"},{"@type":"WebSite","@id":"https:\/\/ejornais.com.br\/#website","url":"https:\/\/ejornais.com.br\/","name":"eJornais","description":"Cat\u00e1logo de Jornais no mundo, Not\u00edcias, Blog e Esportes ao vivo","inLanguage":"pt-BR","publisher":{"@id":"https:\/\/ejornais.com.br\/#organization"}}]},"og:locale":"pt_BR","og:site_name":"eJornais - Cat\u00e1logo de Jornais no mundo, Not\u00edcias, Blog e Esportes ao vivo","og:type":"article","og:title":"Emlur e Inovacentro participam de opera\u00e7\u00e3o na \u00e1rea central de Jo\u00e3o Pessoa e removem picha\u00e7\u00f5es - eJornais","og:description":"A manh\u00e3 deste s\u00e1bado (29) foi marcada por mais uma a\u00e7\u00e3o de limpeza e conserva\u00e7\u00e3o no Centro de Jo\u00e3o Pessoa. Equipes da Autarquia Especial Municipal de Limpeza Urbana (Emlur) atuaram na regi\u00e3o do viaduto da Avenida Miguel Couto, com servi\u00e7os de remo\u00e7\u00e3o de picha\u00e7\u00f5es e higieniza\u00e7\u00e3o dos espa\u00e7os p\u00fablicos, contribuindo para deixar a \u00e1rea mais","og:url":"https:\/\/ejornais.com.br\/index.php\/2026\/08\/29\/emlur-e-inovacentro-participam-de-operacao-na-area-central-de-joao-pessoa-e-removem-pichacoes\/","article:published_time":"2026-08-29T20:55:11+00:00","article:modified_time":"2026-08-29T20:55:11+00:00","twitter:card":"summary_large_image","twitter:title":"Emlur e Inovacentro participam de opera\u00e7\u00e3o na \u00e1rea central de Jo\u00e3o Pessoa e removem picha\u00e7\u00f5es - eJornais","twitter:description":"A manh\u00e3 deste s\u00e1bado (29) foi marcada por mais uma a\u00e7\u00e3o de limpeza e conserva\u00e7\u00e3o no Centro de Jo\u00e3o Pessoa. Equipes da Autarquia Especial Municipal de Limpeza Urbana (Emlur) atuaram na regi\u00e3o do viaduto da Avenida Miguel Couto, com servi\u00e7os de remo\u00e7\u00e3o de picha\u00e7\u00f5es e higieniza\u00e7\u00e3o dos espa\u00e7os p\u00fablicos, contribuindo para deixar a \u00e1rea mais"},"aioseo_meta_data":[],"aioseo_breadcrumb":"<div class=\"aioseo-breadcrumbs\"><span class=\"aioseo-breadcrumb\">\n\t\t\t<a href=\"https:\/\/ejornais.com.br\" title=\"In\u00edcio\">In\u00edcio<\/a>\n\t\t<\/span><span class=\"aioseo-breadcrumb-separator\">&raquo;<\/span><span class=\"aioseo-breadcrumb\">\n\t\t\t<a href=\"https:\/\/ejornais.com.br\/index.php\/category\/ejornais\/\" title=\"Cat\u00e1logo de Jornais\">Cat\u00e1logo de Jornais<\/a>\n\t\t<\/span><span class=\"aioseo-breadcrumb-separator\">&raquo;<\/span><span class=\"aioseo-breadcrumb\">\n\t\t\tEmlur e Inovacentro participam de opera\u00e7\u00e3o na \u00e1rea central de Jo\u00e3o Pessoa e removem picha\u00e7\u00f5es\n\t\t<\/span><\/div>","aioseo_breadcrumb_json":[{"label":"In\u00edcio","link":"https:\/\/ejornais.com.br"},{"label":"Cat\u00e1logo de Jornais","link":"https:\/\/ejornais.com.br\/index.php\/category\/ejornais\/"},{"label":"Emlur e Inovacentro participam de opera\u00e7\u00e3o na \u00e1rea central de Jo\u00e3o Pessoa e removem picha\u00e7\u00f5es","link":"https:\/\/ejornais.com.br\/index.php\/2026\/08\/29\/emlur-e-inovacentro-participam-de-operacao-na-area-central-de-joao-pessoa-e-removem-pichacoes\/"}],"amp_enabled":true,"_links":{"self":[{"href":"https:\/\/ejornais.com.br\/index.php\/wp-json\/wp\/v2\/posts\/71367","targetHints":{"allow":["GET"]}}],"collection":[{"href":"https:\/\/ejornais.com.br\/index.php\/wp-json\/wp\/v2\/posts"}],"about":[{"href":"https:\/\/ejornais.com.br\/index.php\/wp-json\/wp\/v2\/types\/post"}],"author":[{"embeddable":true,"href":"https:\/\/ejornais.com.br\/index.php\/wp-json\/wp\/v2\/users\/2"}],"replies":[{"embeddable":true,"href":"https:\/\/ejornais.com.br\/index.php\/wp-json\/wp\/v2\/comments?post=71367"}],"version-history":[{"count":0,"href":"https:\/\/ejornais.com.br\/index.php\/wp-json\/wp\/v2\/posts\/71367\/revisions"}],"wp:attachment":[{"href":"https:\/\/ejornais.com.br\/index.php\/wp-json\/wp\/v2\/media?parent=71367"}],"wp:term":[{"taxonomy":"category","embeddable":true,"href":"https:\/\/ejornais.com.br\/index.php\/wp-json\/wp\/v2\/categories?post=71367"},{"taxonomy":"post_tag","embeddable":true,"href":"https:\/\/ejornais.com.br\/index.php\/wp-json\/wp\/v2\/tags?post=71367"}],"curies":[{"name":"wp","href":"https:\/\/api.w.org\/{rel}","templated":true}]}}