{"id":71376,"date":"2026-08-30T00:42:05","date_gmt":"2026-08-30T03:42:05","guid":{"rendered":"https:\/\/ejornais.com.br\/index.php\/2026\/08\/30\/uems-realiza-feira-cultural-sabores-do-cerrado-em-campo-grande-agencia-de-noticias-do-governo-de-mato-grosso-do-sul-2\/"},"modified":"2026-08-30T00:42:05","modified_gmt":"2026-08-30T03:42:05","slug":"uems-realiza-feira-cultural-sabores-do-cerrado-em-campo-grande-agencia-de-noticias-do-governo-de-mato-grosso-do-sul-2","status":"publish","type":"post","link":"https:\/\/ejornais.com.br\/index.php\/2026\/08\/30\/uems-realiza-feira-cultural-sabores-do-cerrado-em-campo-grande-agencia-de-noticias-do-governo-de-mato-grosso-do-sul-2\/","title":{"rendered":"UEMS realiza feira cultural \u2018Sabores do Cerrado\u2019 em Campo Grande \u2013 Ag\u00eancia de Noticias do Governo de Mato Grosso do Sul"},"content":{"rendered":"<p> Por MRNews<br \/>\n<\/p>\n<div>\n<p>A Universidade Estadual de Mato Grosso do Sul (UEMS) realiza, no dia 11 de setembro de 2026 (sexta-feira), a \u201cFeira Cultural da UEMS \u2013 Sabores do Cerrado\u201d. A atividade \u00e9 organizada em alus\u00e3o ao Dia Nacional do Cerrado e traz o tema \u201cSabores do Cerrado\u201d, com o subt\u00edtulo \u201cCultura, identidade e ra\u00edzes de Mato Grosso do Sul\u201d.<\/p>\n<p>As a\u00e7\u00f5es acontecem das 8h \u00e0s 13h, na Unidade Universit\u00e1ria de Campo Grande, localizada no bairro Santo Amaro. O evento integra as a\u00e7\u00f5es culturais desenvolvidas pela universidade e possui finalidade educativa, cultural, ambiental e de integra\u00e7\u00e3o social.<\/p>\n<p><strong>Servi\u00e7o cultural e gastron\u00f4mico<\/strong><\/p>\n<p><strong><a href=\"https:\/\/mrnews.com.br\/index.php\/2026\/08\/29\/academicos-de-direito-da-ucdb-conhecem-politicas-ambientais-e-gestao-de-residuos-de-bonito-prefeitura-municipal-de-bonito\/\">Acad\u00eamicos de Direito da UCDB conhecem pol\u00edticas ambientais e gest\u00e3o de res\u00edduos de Bonito \u2013 Prefeitura Municipal de Bonito<\/a><\/strong><\/p>\n<p><strong><a href=\"https:\/\/mrnews.com.br\/index.php\/2026\/08\/29\/regiao-da-vila-popular-recebe-vacinacao-antirrabica-no-fim-de-semana-cgnoticias\/\">Regi\u00e3o da Vila Popular recebe vacina\u00e7\u00e3o antirr\u00e1bica no fim de semana \u2013 CGNot\u00edcias<\/a><\/strong><\/p>\n<p>A feira re\u00fane expositores da comunidade acad\u00eamica com iniciativas voltadas \u00e0 cultura e \u00e0 identidade regional, reunindo produtos e atividades nas seguintes \u00e1reas:<\/p>\n<ul>\n<li>Gastronomia regional: exposi\u00e7\u00e3o de produtos e alimentos ligados \u00e0 biodiversidade local;<br \/>\u2013<\/li>\n<li>Artesanato e Economia Criativa: comercializa\u00e7\u00e3o e apresenta\u00e7\u00e3o de itens artesanais e trabalhos desenvolvidos pela comunidade acad\u00eamica;<br \/>\u2013<\/li>\n<li>Saberes e Pr\u00e1ticas Tradicionais: espa\u00e7o dedicado \u00e0 troca de conhecimentos sobre sustentabilidade, biodiversidade e patrim\u00f4nio cultural de Mato Grosso do Sul.<\/li>\n<\/ul>\n<p>A participa\u00e7\u00e3o como expositor \u00e9 voltada aos integrantes da comunidade acad\u00eamica que desenvolvam produtos, projetos, pesquisas ou atividades relacionadas \u00e0 tem\u00e1tica da feira.<\/p>\n<p><strong>Informa\u00e7\u00f5es gerais do evento<\/strong><\/p>\n<ul>\n<li>Data: 11 de setembro de 2026 (sexta-feira)<\/li>\n<li>Hor\u00e1rio: Das 8h \u00e0s 13h<\/li>\n<li>Local: UEMS \u2013 Unidade Universit\u00e1ria de Campo Grande (Bairro Santo Amaro)<\/li>\n<li>Tema: Sabores do Cerrado \u2014 Cultura, identidade e ra\u00edzes de Mato Grosso do Sul<\/li>\n<li>P\u00fablico-alvo: comunidade acad\u00eamica e sociedade em geral<\/li>\n<\/ul>\n<p><em>Comunica\u00e7\u00e3o UEMS<\/em><\/p>\n<p><strong><a href=\"https:\/\/mrnews.com.br\/index.php\/2026\/08\/29\/mato-grosso-do-sul-acumula-mais-de-19-mil-novos-empregos-formais-em-2026-agencia-de-noticias-do-governo-de-mato-grosso-do-sul\/\">Mato Grosso do Sul acumula mais de 19 mil novos empregos formais em 2026 \u2013 Ag\u00eancia de Noticias do Governo de Mato Grosso do Sul<\/a><\/strong><\/p>\n<p><strong><a href=\"https:\/\/mrnews.com.br\/index.php\/2026\/08\/28\/prefeitura-paga-salario-de-servidores-municipais-nesta-sexta-feira-28-prefeitura-municipal-de-bonito-2\/\">Prefeitura paga sal\u00e1rio de servidores municipais nesta sexta-feira (28) \u2013 Prefeitura Municipal de Bonito<\/a><\/strong><\/p>\n<\/div>\n","protected":false},"excerpt":{"rendered":"<p>Por MRNews A Universidade Estadual de Mato Grosso do Sul (UEMS) realiza, no dia 11 de setembro de 2026 (sexta-feira),<\/p>\n","protected":false},"author":2,"featured_media":0,"comment_status":"","ping_status":"","sticky":false,"template":"","format":"standard","meta":{"colormag_page_container_layout":"default_layout","colormag_page_sidebar_layout":"default_layout","footnotes":""},"categories":[1],"tags":[],"class_list":["post-71376","post","type-post","status-publish","format-standard","hentry","category-ejornais"],"aioseo_notices":[],"aioseo_head":"\n\t\t<!-- All in One SEO 5.0.1.1 - aioseo.com -->\n\t<meta name=\"description\" content=\"Por MRNews A Universidade Estadual de Mato Grosso do Sul (UEMS) realiza, no dia 11 de setembro de 2026 (sexta-feira), a \u201cFeira Cultural da UEMS \u2013 Sabores do Cerrado\u201d. A atividade \u00e9 organizada em alus\u00e3o ao Dia Nacional do Cerrado e traz o tema \u201cSabores do Cerrado\u201d, com o subt\u00edtulo \u201cCultura, identidade e ra\u00edzes de\" \/>\n\t<meta name=\"robots\" content=\"max-image-preview:large\" \/>\n\t<meta name=\"author\" content=\"admin1\"\/>\n\t<link rel=\"canonical\" href=\"https:\/\/ejornais.com.br\/index.php\/2026\/08\/30\/uems-realiza-feira-cultural-sabores-do-cerrado-em-campo-grande-agencia-de-noticias-do-governo-de-mato-grosso-do-sul-2\/\" \/>\n\t<meta name=\"generator\" content=\"All in One SEO (AIOSEO) 5.0.1.1\" \/>\n\t\t<meta property=\"og:locale\" content=\"pt_BR\" \/>\n\t\t<meta property=\"og:site_name\" content=\"eJornais - Cat\u00e1logo de Jornais no mundo, Not\u00edcias, Blog e Esportes ao vivo\" \/>\n\t\t<meta property=\"og:type\" content=\"article\" \/>\n\t\t<meta property=\"og:title\" content=\"UEMS realiza feira cultural \u2018Sabores do Cerrado\u2019 em Campo Grande \u2013 Ag\u00eancia de Noticias do Governo de Mato Grosso do Sul - eJornais\" \/>\n\t\t<meta property=\"og:description\" content=\"Por MRNews A Universidade Estadual de Mato Grosso do Sul (UEMS) realiza, no dia 11 de setembro de 2026 (sexta-feira), a \u201cFeira Cultural da UEMS \u2013 Sabores do Cerrado\u201d. A atividade \u00e9 organizada em alus\u00e3o ao Dia Nacional do Cerrado e traz o tema \u201cSabores do Cerrado\u201d, com o subt\u00edtulo \u201cCultura, identidade e ra\u00edzes de\" \/>\n\t\t<meta property=\"og:url\" content=\"https:\/\/ejornais.com.br\/index.php\/2026\/08\/30\/uems-realiza-feira-cultural-sabores-do-cerrado-em-campo-grande-agencia-de-noticias-do-governo-de-mato-grosso-do-sul-2\/\" \/>\n\t\t<meta property=\"article:published_time\" content=\"2026-08-30T03:42:05+00:00\" \/>\n\t\t<meta property=\"article:modified_time\" content=\"2026-08-30T03:42:05+00:00\" \/>\n\t\t<meta name=\"twitter:card\" content=\"summary_large_image\" \/>\n\t\t<meta name=\"twitter:title\" content=\"UEMS realiza feira cultural \u2018Sabores do Cerrado\u2019 em Campo Grande \u2013 Ag\u00eancia de Noticias do Governo de Mato Grosso do Sul - eJornais\" \/>\n\t\t<meta name=\"twitter:description\" content=\"Por MRNews A Universidade Estadual de Mato Grosso do Sul (UEMS) realiza, no dia 11 de setembro de 2026 (sexta-feira), a \u201cFeira Cultural da UEMS \u2013 Sabores do Cerrado\u201d. A atividade \u00e9 organizada em alus\u00e3o ao Dia Nacional do Cerrado e traz o tema \u201cSabores do Cerrado\u201d, com o subt\u00edtulo \u201cCultura, identidade e ra\u00edzes de\" \/>\n\t\t<script type=\"application\/ld+json\" class=\"aioseo-schema\">\n\t\t\t{\"@context\":\"https:\\\/\\\/schema.org\",\"@graph\":[{\"@type\":\"BlogPosting\",\"@id\":\"https:\\\/\\\/ejornais.com.br\\\/index.php\\\/2026\\\/08\\\/30\\\/uems-realiza-feira-cultural-sabores-do-cerrado-em-campo-grande-agencia-de-noticias-do-governo-de-mato-grosso-do-sul-2\\\/#blogposting\",\"name\":\"UEMS realiza feira cultural \\u2018Sabores do Cerrado\\u2019 em Campo Grande \\u2013 Ag\\u00eancia de Noticias do Governo de Mato Grosso do Sul - eJornais\",\"headline\":\"UEMS realiza feira cultural \\u2018Sabores do Cerrado\\u2019 em Campo Grande \\u2013 Ag\\u00eancia de Noticias do Governo de Mato Grosso do Sul\",\"author\":{\"@id\":\"https:\\\/\\\/ejornais.com.br\\\/index.php\\\/author\\\/admin1\\\/#author\"},\"publisher\":{\"@id\":\"https:\\\/\\\/ejornais.com.br\\\/#organization\"},\"datePublished\":\"2026-08-30T00:42:05-03:00\",\"dateModified\":\"2026-08-30T00:42:05-03:00\",\"inLanguage\":\"pt-BR\",\"mainEntityOfPage\":{\"@id\":\"https:\\\/\\\/ejornais.com.br\\\/index.php\\\/2026\\\/08\\\/30\\\/uems-realiza-feira-cultural-sabores-do-cerrado-em-campo-grande-agencia-de-noticias-do-governo-de-mato-grosso-do-sul-2\\\/#webpage\"},\"isPartOf\":{\"@id\":\"https:\\\/\\\/ejornais.com.br\\\/index.php\\\/2026\\\/08\\\/30\\\/uems-realiza-feira-cultural-sabores-do-cerrado-em-campo-grande-agencia-de-noticias-do-governo-de-mato-grosso-do-sul-2\\\/#webpage\"},\"articleSection\":\"Cat\\u00e1logo de Jornais\"},{\"@type\":\"BreadcrumbList\",\"@id\":\"https:\\\/\\\/ejornais.com.br\\\/index.php\\\/2026\\\/08\\\/30\\\/uems-realiza-feira-cultural-sabores-do-cerrado-em-campo-grande-agencia-de-noticias-do-governo-de-mato-grosso-do-sul-2\\\/#breadcrumblist\",\"itemListElement\":[{\"@type\":\"ListItem\",\"@id\":\"https:\\\/\\\/ejornais.com.br#listItem\",\"position\":1,\"name\":\"In\\u00edcio\",\"item\":\"https:\\\/\\\/ejornais.com.br\",\"nextItem\":{\"@type\":\"ListItem\",\"@id\":\"https:\\\/\\\/ejornais.com.br\\\/index.php\\\/category\\\/ejornais\\\/#listItem\",\"name\":\"Cat\\u00e1logo de Jornais\"}},{\"@type\":\"ListItem\",\"@id\":\"https:\\\/\\\/ejornais.com.br\\\/index.php\\\/category\\\/ejornais\\\/#listItem\",\"position\":2,\"name\":\"Cat\\u00e1logo de Jornais\",\"item\":\"https:\\\/\\\/ejornais.com.br\\\/index.php\\\/category\\\/ejornais\\\/\",\"nextItem\":{\"@type\":\"ListItem\",\"@id\":\"https:\\\/\\\/ejornais.com.br\\\/index.php\\\/2026\\\/08\\\/30\\\/uems-realiza-feira-cultural-sabores-do-cerrado-em-campo-grande-agencia-de-noticias-do-governo-de-mato-grosso-do-sul-2\\\/#listItem\",\"name\":\"UEMS realiza feira cultural \\u2018Sabores do Cerrado\\u2019 em Campo Grande \\u2013 Ag\\u00eancia de Noticias do Governo de Mato Grosso do Sul\"},\"previousItem\":{\"@type\":\"ListItem\",\"@id\":\"https:\\\/\\\/ejornais.com.br#listItem\",\"name\":\"In\\u00edcio\"}},{\"@type\":\"ListItem\",\"@id\":\"https:\\\/\\\/ejornais.com.br\\\/index.php\\\/2026\\\/08\\\/30\\\/uems-realiza-feira-cultural-sabores-do-cerrado-em-campo-grande-agencia-de-noticias-do-governo-de-mato-grosso-do-sul-2\\\/#listItem\",\"position\":3,\"name\":\"UEMS realiza feira cultural \\u2018Sabores do Cerrado\\u2019 em Campo Grande \\u2013 Ag\\u00eancia de Noticias do Governo de Mato Grosso do Sul\",\"previousItem\":{\"@type\":\"ListItem\",\"@id\":\"https:\\\/\\\/ejornais.com.br\\\/index.php\\\/category\\\/ejornais\\\/#listItem\",\"name\":\"Cat\\u00e1logo de Jornais\"}}]},{\"@type\":\"Organization\",\"@id\":\"https:\\\/\\\/ejornais.com.br\\\/#organization\",\"name\":\"eJornais\",\"description\":\"Cat\\u00e1logo de Jornais no mundo, Not\\u00edcias, Blog e Esportes ao vivo\",\"url\":\"https:\\\/\\\/ejornais.com.br\\\/\"},{\"@type\":\"Person\",\"@id\":\"https:\\\/\\\/ejornais.com.br\\\/index.php\\\/author\\\/admin1\\\/#author\",\"url\":\"https:\\\/\\\/ejornais.com.br\\\/index.php\\\/author\\\/admin1\\\/\",\"name\":\"admin1\",\"image\":{\"@type\":\"ImageObject\",\"@id\":\"https:\\\/\\\/ejornais.com.br\\\/index.php\\\/2026\\\/08\\\/30\\\/uems-realiza-feira-cultural-sabores-do-cerrado-em-campo-grande-agencia-de-noticias-do-governo-de-mato-grosso-do-sul-2\\\/#authorImage\",\"url\":\"https:\\\/\\\/secure.gravatar.com\\\/avatar\\\/04084e6d73c042b8646e7c17b494073bf0ede3ea13c7105cfc45cbbbc28385a4?s=96&d=mm&r=g\",\"width\":96,\"height\":96,\"caption\":\"admin1\"}},{\"@type\":\"WebPage\",\"@id\":\"https:\\\/\\\/ejornais.com.br\\\/index.php\\\/2026\\\/08\\\/30\\\/uems-realiza-feira-cultural-sabores-do-cerrado-em-campo-grande-agencia-de-noticias-do-governo-de-mato-grosso-do-sul-2\\\/#webpage\",\"url\":\"https:\\\/\\\/ejornais.com.br\\\/index.php\\\/2026\\\/08\\\/30\\\/uems-realiza-feira-cultural-sabores-do-cerrado-em-campo-grande-agencia-de-noticias-do-governo-de-mato-grosso-do-sul-2\\\/\",\"name\":\"UEMS realiza feira cultural \\u2018Sabores do Cerrado\\u2019 em Campo Grande \\u2013 Ag\\u00eancia de Noticias do Governo de Mato Grosso do Sul - eJornais\",\"description\":\"Por MRNews A Universidade Estadual de Mato Grosso do Sul (UEMS) realiza, no dia 11 de setembro de 2026 (sexta-feira), a \\u201cFeira Cultural da UEMS \\u2013 Sabores do Cerrado\\u201d. A atividade \\u00e9 organizada em alus\\u00e3o ao Dia Nacional do Cerrado e traz o tema \\u201cSabores do Cerrado\\u201d, com o subt\\u00edtulo \\u201cCultura, identidade e ra\\u00edzes de\",\"inLanguage\":\"pt-BR\",\"isPartOf\":{\"@id\":\"https:\\\/\\\/ejornais.com.br\\\/#website\"},\"breadcrumb\":{\"@id\":\"https:\\\/\\\/ejornais.com.br\\\/index.php\\\/2026\\\/08\\\/30\\\/uems-realiza-feira-cultural-sabores-do-cerrado-em-campo-grande-agencia-de-noticias-do-governo-de-mato-grosso-do-sul-2\\\/#breadcrumblist\"},\"author\":{\"@id\":\"https:\\\/\\\/ejornais.com.br\\\/index.php\\\/author\\\/admin1\\\/#author\"},\"creator\":{\"@id\":\"https:\\\/\\\/ejornais.com.br\\\/index.php\\\/author\\\/admin1\\\/#author\"},\"datePublished\":\"2026-08-30T00:42:05-03:00\",\"dateModified\":\"2026-08-30T00:42:05-03:00\"},{\"@type\":\"WebSite\",\"@id\":\"https:\\\/\\\/ejornais.com.br\\\/#website\",\"url\":\"https:\\\/\\\/ejornais.com.br\\\/\",\"name\":\"eJornais\",\"description\":\"Cat\\u00e1logo de Jornais no mundo, Not\\u00edcias, Blog e Esportes ao vivo\",\"inLanguage\":\"pt-BR\",\"publisher\":{\"@id\":\"https:\\\/\\\/ejornais.com.br\\\/#organization\"}}]}\n\t\t<\/script>\n\t\t<!-- All in One SEO -->\n\n","aioseo_head_json":{"title":"UEMS realiza feira cultural \u2018Sabores do Cerrado\u2019 em Campo Grande \u2013 Ag\u00eancia de Noticias do Governo de Mato Grosso do Sul - eJornais","description":"Por MRNews A Universidade Estadual de Mato Grosso do Sul (UEMS) realiza, no dia 11 de setembro de 2026 (sexta-feira), a \u201cFeira Cultural da UEMS \u2013 Sabores do Cerrado\u201d. A atividade \u00e9 organizada em alus\u00e3o ao Dia Nacional do Cerrado e traz o tema \u201cSabores do Cerrado\u201d, com o subt\u00edtulo \u201cCultura, identidade e ra\u00edzes de","canonical_url":"https:\/\/ejornais.com.br\/index.php\/2026\/08\/30\/uems-realiza-feira-cultural-sabores-do-cerrado-em-campo-grande-agencia-de-noticias-do-governo-de-mato-grosso-do-sul-2\/","robots":"max-image-preview:large","keywords":"","webmasterTools":{"miscellaneous":""},"schema":{"@context":"https:\/\/schema.org","@graph":[{"@type":"BlogPosting","@id":"https:\/\/ejornais.com.br\/index.php\/2026\/08\/30\/uems-realiza-feira-cultural-sabores-do-cerrado-em-campo-grande-agencia-de-noticias-do-governo-de-mato-grosso-do-sul-2\/#blogposting","name":"UEMS realiza feira cultural \u2018Sabores do Cerrado\u2019 em Campo Grande \u2013 Ag\u00eancia de Noticias do Governo de Mato Grosso do Sul - eJornais","headline":"UEMS realiza feira cultural \u2018Sabores do Cerrado\u2019 em Campo Grande \u2013 Ag\u00eancia de Noticias do Governo de Mato Grosso do Sul","author":{"@id":"https:\/\/ejornais.com.br\/index.php\/author\/admin1\/#author"},"publisher":{"@id":"https:\/\/ejornais.com.br\/#organization"},"datePublished":"2026-08-30T00:42:05-03:00","dateModified":"2026-08-30T00:42:05-03:00","inLanguage":"pt-BR","mainEntityOfPage":{"@id":"https:\/\/ejornais.com.br\/index.php\/2026\/08\/30\/uems-realiza-feira-cultural-sabores-do-cerrado-em-campo-grande-agencia-de-noticias-do-governo-de-mato-grosso-do-sul-2\/#webpage"},"isPartOf":{"@id":"https:\/\/ejornais.com.br\/index.php\/2026\/08\/30\/uems-realiza-feira-cultural-sabores-do-cerrado-em-campo-grande-agencia-de-noticias-do-governo-de-mato-grosso-do-sul-2\/#webpage"},"articleSection":"Cat\u00e1logo de Jornais"},{"@type":"BreadcrumbList","@id":"https:\/\/ejornais.com.br\/index.php\/2026\/08\/30\/uems-realiza-feira-cultural-sabores-do-cerrado-em-campo-grande-agencia-de-noticias-do-governo-de-mato-grosso-do-sul-2\/#breadcrumblist","itemListElement":[{"@type":"ListItem","@id":"https:\/\/ejornais.com.br#listItem","position":1,"name":"In\u00edcio","item":"https:\/\/ejornais.com.br","nextItem":{"@type":"ListItem","@id":"https:\/\/ejornais.com.br\/index.php\/category\/ejornais\/#listItem","name":"Cat\u00e1logo de Jornais"}},{"@type":"ListItem","@id":"https:\/\/ejornais.com.br\/index.php\/category\/ejornais\/#listItem","position":2,"name":"Cat\u00e1logo de Jornais","item":"https:\/\/ejornais.com.br\/index.php\/category\/ejornais\/","nextItem":{"@type":"ListItem","@id":"https:\/\/ejornais.com.br\/index.php\/2026\/08\/30\/uems-realiza-feira-cultural-sabores-do-cerrado-em-campo-grande-agencia-de-noticias-do-governo-de-mato-grosso-do-sul-2\/#listItem","name":"UEMS realiza feira cultural \u2018Sabores do Cerrado\u2019 em Campo Grande \u2013 Ag\u00eancia de Noticias do Governo de Mato Grosso do Sul"},"previousItem":{"@type":"ListItem","@id":"https:\/\/ejornais.com.br#listItem","name":"In\u00edcio"}},{"@type":"ListItem","@id":"https:\/\/ejornais.com.br\/index.php\/2026\/08\/30\/uems-realiza-feira-cultural-sabores-do-cerrado-em-campo-grande-agencia-de-noticias-do-governo-de-mato-grosso-do-sul-2\/#listItem","position":3,"name":"UEMS realiza feira cultural \u2018Sabores do Cerrado\u2019 em Campo Grande \u2013 Ag\u00eancia de Noticias do Governo de Mato Grosso do Sul","previousItem":{"@type":"ListItem","@id":"https:\/\/ejornais.com.br\/index.php\/category\/ejornais\/#listItem","name":"Cat\u00e1logo de Jornais"}}]},{"@type":"Organization","@id":"https:\/\/ejornais.com.br\/#organization","name":"eJornais","description":"Cat\u00e1logo de Jornais no mundo, Not\u00edcias, Blog e Esportes ao vivo","url":"https:\/\/ejornais.com.br\/"},{"@type":"Person","@id":"https:\/\/ejornais.com.br\/index.php\/author\/admin1\/#author","url":"https:\/\/ejornais.com.br\/index.php\/author\/admin1\/","name":"admin1","image":{"@type":"ImageObject","@id":"https:\/\/ejornais.com.br\/index.php\/2026\/08\/30\/uems-realiza-feira-cultural-sabores-do-cerrado-em-campo-grande-agencia-de-noticias-do-governo-de-mato-grosso-do-sul-2\/#authorImage","url":"https:\/\/secure.gravatar.com\/avatar\/04084e6d73c042b8646e7c17b494073bf0ede3ea13c7105cfc45cbbbc28385a4?s=96&d=mm&r=g","width":96,"height":96,"caption":"admin1"}},{"@type":"WebPage","@id":"https:\/\/ejornais.com.br\/index.php\/2026\/08\/30\/uems-realiza-feira-cultural-sabores-do-cerrado-em-campo-grande-agencia-de-noticias-do-governo-de-mato-grosso-do-sul-2\/#webpage","url":"https:\/\/ejornais.com.br\/index.php\/2026\/08\/30\/uems-realiza-feira-cultural-sabores-do-cerrado-em-campo-grande-agencia-de-noticias-do-governo-de-mato-grosso-do-sul-2\/","name":"UEMS realiza feira cultural \u2018Sabores do Cerrado\u2019 em Campo Grande \u2013 Ag\u00eancia de Noticias do Governo de Mato Grosso do Sul - eJornais","description":"Por MRNews A Universidade Estadual de Mato Grosso do Sul (UEMS) realiza, no dia 11 de setembro de 2026 (sexta-feira), a \u201cFeira Cultural da UEMS \u2013 Sabores do Cerrado\u201d. A atividade \u00e9 organizada em alus\u00e3o ao Dia Nacional do Cerrado e traz o tema \u201cSabores do Cerrado\u201d, com o subt\u00edtulo \u201cCultura, identidade e ra\u00edzes de","inLanguage":"pt-BR","isPartOf":{"@id":"https:\/\/ejornais.com.br\/#website"},"breadcrumb":{"@id":"https:\/\/ejornais.com.br\/index.php\/2026\/08\/30\/uems-realiza-feira-cultural-sabores-do-cerrado-em-campo-grande-agencia-de-noticias-do-governo-de-mato-grosso-do-sul-2\/#breadcrumblist"},"author":{"@id":"https:\/\/ejornais.com.br\/index.php\/author\/admin1\/#author"},"creator":{"@id":"https:\/\/ejornais.com.br\/index.php\/author\/admin1\/#author"},"datePublished":"2026-08-30T00:42:05-03:00","dateModified":"2026-08-30T00:42:05-03:00"},{"@type":"WebSite","@id":"https:\/\/ejornais.com.br\/#website","url":"https:\/\/ejornais.com.br\/","name":"eJornais","description":"Cat\u00e1logo de Jornais no mundo, Not\u00edcias, Blog e Esportes ao vivo","inLanguage":"pt-BR","publisher":{"@id":"https:\/\/ejornais.com.br\/#organization"}}]},"og:locale":"pt_BR","og:site_name":"eJornais - Cat\u00e1logo de Jornais no mundo, Not\u00edcias, Blog e Esportes ao vivo","og:type":"article","og:title":"UEMS realiza feira cultural \u2018Sabores do Cerrado\u2019 em Campo Grande \u2013 Ag\u00eancia de Noticias do Governo de Mato Grosso do Sul - eJornais","og:description":"Por MRNews A Universidade Estadual de Mato Grosso do Sul (UEMS) realiza, no dia 11 de setembro de 2026 (sexta-feira), a \u201cFeira Cultural da UEMS \u2013 Sabores do Cerrado\u201d. A atividade \u00e9 organizada em alus\u00e3o ao Dia Nacional do Cerrado e traz o tema \u201cSabores do Cerrado\u201d, com o subt\u00edtulo \u201cCultura, identidade e ra\u00edzes de","og:url":"https:\/\/ejornais.com.br\/index.php\/2026\/08\/30\/uems-realiza-feira-cultural-sabores-do-cerrado-em-campo-grande-agencia-de-noticias-do-governo-de-mato-grosso-do-sul-2\/","article:published_time":"2026-08-30T03:42:05+00:00","article:modified_time":"2026-08-30T03:42:05+00:00","twitter:card":"summary_large_image","twitter:title":"UEMS realiza feira cultural \u2018Sabores do Cerrado\u2019 em Campo Grande \u2013 Ag\u00eancia de Noticias do Governo de Mato Grosso do Sul - eJornais","twitter:description":"Por MRNews A Universidade Estadual de Mato Grosso do Sul (UEMS) realiza, no dia 11 de setembro de 2026 (sexta-feira), a \u201cFeira Cultural da UEMS \u2013 Sabores do Cerrado\u201d. A atividade \u00e9 organizada em alus\u00e3o ao Dia Nacional do Cerrado e traz o tema \u201cSabores do Cerrado\u201d, com o subt\u00edtulo \u201cCultura, identidade e ra\u00edzes de"},"aioseo_meta_data":[],"aioseo_breadcrumb":"<div class=\"aioseo-breadcrumbs\"><span class=\"aioseo-breadcrumb\">\n\t\t\t<a href=\"https:\/\/ejornais.com.br\" title=\"In\u00edcio\">In\u00edcio<\/a>\n\t\t<\/span><span class=\"aioseo-breadcrumb-separator\">&raquo;<\/span><span class=\"aioseo-breadcrumb\">\n\t\t\t<a href=\"https:\/\/ejornais.com.br\/index.php\/category\/ejornais\/\" title=\"Cat\u00e1logo de Jornais\">Cat\u00e1logo de Jornais<\/a>\n\t\t<\/span><span class=\"aioseo-breadcrumb-separator\">&raquo;<\/span><span class=\"aioseo-breadcrumb\">\n\t\t\tUEMS realiza feira cultural \u2018Sabores do Cerrado\u2019 em Campo Grande \u2013 Ag\u00eancia de Noticias do Governo de Mato Grosso do Sul\n\t\t<\/span><\/div>","aioseo_breadcrumb_json":[{"label":"In\u00edcio","link":"https:\/\/ejornais.com.br"},{"label":"Cat\u00e1logo de Jornais","link":"https:\/\/ejornais.com.br\/index.php\/category\/ejornais\/"},{"label":"UEMS realiza feira cultural \u2018Sabores do Cerrado\u2019 em Campo Grande \u2013 Ag\u00eancia de Noticias do Governo de Mato Grosso do Sul","link":"https:\/\/ejornais.com.br\/index.php\/2026\/08\/30\/uems-realiza-feira-cultural-sabores-do-cerrado-em-campo-grande-agencia-de-noticias-do-governo-de-mato-grosso-do-sul-2\/"}],"amp_enabled":true,"_links":{"self":[{"href":"https:\/\/ejornais.com.br\/index.php\/wp-json\/wp\/v2\/posts\/71376","targetHints":{"allow":["GET"]}}],"collection":[{"href":"https:\/\/ejornais.com.br\/index.php\/wp-json\/wp\/v2\/posts"}],"about":[{"href":"https:\/\/ejornais.com.br\/index.php\/wp-json\/wp\/v2\/types\/post"}],"author":[{"embeddable":true,"href":"https:\/\/ejornais.com.br\/index.php\/wp-json\/wp\/v2\/users\/2"}],"replies":[{"embeddable":true,"href":"https:\/\/ejornais.com.br\/index.php\/wp-json\/wp\/v2\/comments?post=71376"}],"version-history":[{"count":0,"href":"https:\/\/ejornais.com.br\/index.php\/wp-json\/wp\/v2\/posts\/71376\/revisions"}],"wp:attachment":[{"href":"https:\/\/ejornais.com.br\/index.php\/wp-json\/wp\/v2\/media?parent=71376"}],"wp:term":[{"taxonomy":"category","embeddable":true,"href":"https:\/\/ejornais.com.br\/index.php\/wp-json\/wp\/v2\/categories?post=71376"},{"taxonomy":"post_tag","embeddable":true,"href":"https:\/\/ejornais.com.br\/index.php\/wp-json\/wp\/v2\/tags?post=71376"}],"curies":[{"name":"wp","href":"https:\/\/api.w.org\/{rel}","templated":true}]}}