{"id":71405,"date":"2026-08-30T19:35:32","date_gmt":"2026-08-30T22:35:32","guid":{"rendered":"https:\/\/ejornais.com.br\/index.php\/2026\/08\/30\/abalado-caua-reymond-vai-as-lagrimas-ao-lamentar-triste-perda-descanse-em-paz\/"},"modified":"2026-08-30T19:35:32","modified_gmt":"2026-08-30T22:35:32","slug":"abalado-caua-reymond-vai-as-lagrimas-ao-lamentar-triste-perda-descanse-em-paz","status":"publish","type":"post","link":"https:\/\/ejornais.com.br\/index.php\/2026\/08\/30\/abalado-caua-reymond-vai-as-lagrimas-ao-lamentar-triste-perda-descanse-em-paz\/","title":{"rendered":"Abalado, Cau\u00e3 Reymond vai \u00e0s l\u00e1grimas ao lamentar triste perda, &#8216;Descanse em paz&#8217;"},"content":{"rendered":"<p> Por MRNews<br \/>\n<\/p>\n<div>\n<h2>Ator foi surpreendido durante participa\u00e7\u00e3o no Caldeir\u00e3o com Mion e reviveu lembran\u00e7as marcantes da inf\u00e2ncia<\/h2>\n<p>Cau\u00e3 Reymond protagonizou um dos momentos mais emocionantes do Caldeir\u00e3o com Mion exibido neste s\u00e1bado (29). Durante sua participa\u00e7\u00e3o no programa, o ator da Globo foi surpreendido por uma homenagem relacionada a uma pessoa que teve grande import\u00e2ncia em sua inf\u00e2ncia: seu av\u00f4, Carlos Marques de Souza.<\/p>\n<p>A lembran\u00e7a mexeu profundamente com o artista, que n\u00e3o conseguiu esconder a emo\u00e7\u00e3o diante da homenagem. O momento aconteceu durante o quadro <strong>Question\u00e1rio Mionzera<\/strong>, no qual Cau\u00e3 participou de uma din\u00e2mica que acabou trazendo \u00e0 tona mem\u00f3rias familiares e afetivas.<\/p>\n<h3>Cau\u00e3 Reymond se emociona ao falar do av\u00f4<\/h3>\n<p>A homenagem fez o ator recordar o per\u00edodo de sua inf\u00e2ncia ao lado do av\u00f4. Carlos Marques de Souza morreu aos 89 anos, em 2012, mas sua mem\u00f3ria continua presente na vida de Cau\u00e3.<\/p>\n<p>Ao ser colocado diante da lembran\u00e7a familiar, o artista acabou se emocionando e foi \u00e0s l\u00e1grimas. A rea\u00e7\u00e3o chamou aten\u00e7\u00e3o justamente por mostrar um lado mais \u00edntimo de uma personalidade acostumada aos holofotes e \u00e0 exposi\u00e7\u00e3o p\u00fablica.<\/p>\n<p><strong><a href=\"https:\/\/mrnews.com.br\/index.php\/2026\/08\/30\/fatima-bernardes-surpreende-ao-aparecer-ao-lado-de-bonner-e-da-filha-comentario-de-tulio-chama-atencao\/\">F\u00e1tima Bernardes surpreende ao aparecer ao lado de Bonner e da filha; coment\u00e1rio de T\u00falio chama aten\u00e7\u00e3o<\/a><\/strong><\/p>\n<p><strong><a href=\"https:\/\/mrnews.com.br\/index.php\/2026\/08\/30\/padre-de-59-anos-morre-durante-missa-de-domingo-e-deixa-fieis-em-choque\/\">Padre de 59 anos morre durante missa de domingo e deixa fi\u00e9is em choque<\/a><\/strong><\/p>\n<p>O momento tamb\u00e9m evidenciou como determinadas lembran\u00e7as permanecem importantes mesmo muitos anos depois de uma perda. A homenagem exibida no programa fez com que Cau\u00e3 revisitasse uma parte significativa de sua hist\u00f3ria pessoal.<\/p>\n<h3>Homenagem aconteceu durante o Question\u00e1rio Mionzera<\/h3>\n<p>A participa\u00e7\u00e3o de Cau\u00e3 aconteceu no <strong>Question\u00e1rio Mionzera<\/strong>, quadro apresentado por Marcos Mion no programa. A din\u00e2mica acabou tomando um rumo bastante emocional quando o ator foi surpreendido com a refer\u00eancia ao av\u00f4.<\/p>\n<p>A situa\u00e7\u00e3o inesperada fez com que o clima descontra\u00eddo da atra\u00e7\u00e3o desse espa\u00e7o para uma lembran\u00e7a mais delicada. Cau\u00e3 n\u00e3o conseguiu conter as l\u00e1grimas ao se deparar com a homenagem.<\/p>\n<p>O epis\u00f3dio foi exibido no s\u00e1bado, 29 de agosto de 2026, e rapidamente ganhou destaque justamente pela rea\u00e7\u00e3o espont\u00e2nea do ator.<\/p>\n<p><strong><a href=\"https:\/\/mrnews.com.br\/index.php\/2026\/08\/29\/a-historia-por-tras-de-agostinho-paulo-moura-ganha-novos-capitulos-apos-anuncio-de-maju-coutinho\/\">A hist\u00f3ria por tr\u00e1s de Agostinho Paulo Moura ganha novos cap\u00edtulos ap\u00f3s an\u00fancio de Maju Coutinho<\/a><\/strong><\/p>\n<p><strong><a href=\"https:\/\/mrnews.com.br\/index.php\/2026\/08\/29\/quem-ama-cuida-e-a-amiga-mais-falsa-do-mundo-nancy-muda-e-ganha-poder-de-reviravolta\/\">Quem Ama Cuida e a amiga mais falsa do mundo? Nancy muda e ganha poder de reviravolta<\/a><\/strong><\/p>\n<h3>Uma lembran\u00e7a que permanece viva<\/h3>\n<p>Carlos Marques de Souza faleceu em 2012, aos 89 anos. Embora j\u00e1 tenham se passado anos desde a morte do av\u00f4, a rea\u00e7\u00e3o de Cau\u00e3 mostrou que a import\u00e2ncia de uma pessoa na forma\u00e7\u00e3o de algu\u00e9m n\u00e3o desaparece com o tempo.<\/p>\n<p>As lembran\u00e7as da inf\u00e2ncia costumam carregar um significado especial, principalmente quando est\u00e3o associadas a familiares que exerceram papel importante durante essa fase da vida. No caso de Cau\u00e3, a homenagem foi suficiente para despertar uma forte emo\u00e7\u00e3o.<\/p>\n<p>O ator, conhecido por diversos trabalhos na televis\u00e3o brasileira, acabou deixando de lado por alguns instantes a imagem p\u00fablica para demonstrar seus sentimentos diante da recorda\u00e7\u00e3o familiar.<\/p>\n<h3>Momento emocionou quem acompanhava o programa<\/h3>\n<p>A cena tamb\u00e9m chamou aten\u00e7\u00e3o por sua naturalidade. Em vez de uma rea\u00e7\u00e3o planejada, Cau\u00e3 demonstrou espontaneamente o impacto que a homenagem provocou.<\/p>\n<p>Momentos como esse costumam aproximar o p\u00fablico dos artistas justamente porque revelam experi\u00eancias pessoais que v\u00e3o al\u00e9m da carreira e dos personagens interpretados na televis\u00e3o.<\/p>\n<p>A participa\u00e7\u00e3o no Caldeir\u00e3o com Mion acabou, portanto, marcada n\u00e3o apenas pela presen\u00e7a de Cau\u00e3 no programa, mas principalmente pela lembran\u00e7a de seu av\u00f4 e pela emo\u00e7\u00e3o demonstrada diante da homenagem.<\/p>\n<p>A hist\u00f3ria mostra que, mesmo depois de muitos anos, determinadas pessoas continuam ocupando um espa\u00e7o especial na mem\u00f3ria e na trajet\u00f3ria de quem ficou.<\/p>\n<p><strong>Fonte: informa\u00e7\u00f5es reproduzidas e reescritas a partir do material enviado.<\/strong><\/p>\n<h3>Tags SEO<\/h3>\n<p>Cau\u00e3 Reymond, Cau\u00e3 Reymond emocionado, av\u00f4 de Cau\u00e3 Reymond, Carlos Marques de Souza, Caldeir\u00e3o com Mion, Question\u00e1rio Mionzera, Cau\u00e3 Reymond l\u00e1grimas, famosos, celebridades, Globo, televis\u00e3o, not\u00edcias dos famosos<\/p>\n<\/div>\n","protected":false},"excerpt":{"rendered":"<p>Por MRNews Ator foi surpreendido durante participa\u00e7\u00e3o no Caldeir\u00e3o com Mion e reviveu lembran\u00e7as marcantes da inf\u00e2ncia Cau\u00e3 Reymond protagonizou<\/p>\n","protected":false},"author":2,"featured_media":0,"comment_status":"","ping_status":"","sticky":false,"template":"","format":"standard","meta":{"colormag_page_container_layout":"default_layout","colormag_page_sidebar_layout":"default_layout","footnotes":""},"categories":[1],"tags":[],"class_list":["post-71405","post","type-post","status-publish","format-standard","hentry","category-ejornais"],"aioseo_notices":[],"aioseo_head":"\n\t\t<!-- All in One SEO 5.0.1.1 - aioseo.com -->\n\t<meta name=\"description\" content=\"Por MRNews Ator foi surpreendido durante participa\u00e7\u00e3o no Caldeir\u00e3o com Mion e reviveu lembran\u00e7as marcantes da inf\u00e2nciaCau\u00e3 Reymond protagonizou um dos momentos mais emocionantes do Caldeir\u00e3o com Mion exibido neste s\u00e1bado (29). Durante sua participa\u00e7\u00e3o no programa, o ator da Globo foi surpreendido por uma homenagem relacionada a uma pessoa que teve grande import\u00e2ncia em\" \/>\n\t<meta name=\"robots\" content=\"max-image-preview:large\" \/>\n\t<meta name=\"author\" content=\"admin1\"\/>\n\t<link rel=\"canonical\" href=\"https:\/\/ejornais.com.br\/index.php\/2026\/08\/30\/abalado-caua-reymond-vai-as-lagrimas-ao-lamentar-triste-perda-descanse-em-paz\/\" \/>\n\t<meta name=\"generator\" content=\"All in One SEO (AIOSEO) 5.0.1.1\" \/>\n\t\t<meta property=\"og:locale\" content=\"pt_BR\" \/>\n\t\t<meta property=\"og:site_name\" content=\"eJornais - Cat\u00e1logo de Jornais no mundo, Not\u00edcias, Blog e Esportes ao vivo\" \/>\n\t\t<meta property=\"og:type\" content=\"article\" \/>\n\t\t<meta property=\"og:title\" content=\"Abalado, Cau\u00e3 Reymond vai \u00e0s l\u00e1grimas ao lamentar triste perda, \u2018Descanse em paz\u2019 - eJornais\" \/>\n\t\t<meta property=\"og:description\" content=\"Por MRNews Ator foi surpreendido durante participa\u00e7\u00e3o no Caldeir\u00e3o com Mion e reviveu lembran\u00e7as marcantes da inf\u00e2nciaCau\u00e3 Reymond protagonizou um dos momentos mais emocionantes do Caldeir\u00e3o com Mion exibido neste s\u00e1bado (29). Durante sua participa\u00e7\u00e3o no programa, o ator da Globo foi surpreendido por uma homenagem relacionada a uma pessoa que teve grande import\u00e2ncia em\" \/>\n\t\t<meta property=\"og:url\" content=\"https:\/\/ejornais.com.br\/index.php\/2026\/08\/30\/abalado-caua-reymond-vai-as-lagrimas-ao-lamentar-triste-perda-descanse-em-paz\/\" \/>\n\t\t<meta property=\"article:published_time\" content=\"2026-08-30T22:35:32+00:00\" \/>\n\t\t<meta property=\"article:modified_time\" content=\"2026-08-30T22:35:32+00:00\" \/>\n\t\t<meta name=\"twitter:card\" content=\"summary_large_image\" \/>\n\t\t<meta name=\"twitter:title\" content=\"Abalado, Cau\u00e3 Reymond vai \u00e0s l\u00e1grimas ao lamentar triste perda, \u2018Descanse em paz\u2019 - eJornais\" \/>\n\t\t<meta name=\"twitter:description\" content=\"Por MRNews Ator foi surpreendido durante participa\u00e7\u00e3o no Caldeir\u00e3o com Mion e reviveu lembran\u00e7as marcantes da inf\u00e2nciaCau\u00e3 Reymond protagonizou um dos momentos mais emocionantes do Caldeir\u00e3o com Mion exibido neste s\u00e1bado (29). Durante sua participa\u00e7\u00e3o no programa, o ator da Globo foi surpreendido por uma homenagem relacionada a uma pessoa que teve grande import\u00e2ncia em\" \/>\n\t\t<script type=\"application\/ld+json\" class=\"aioseo-schema\">\n\t\t\t{\"@context\":\"https:\\\/\\\/schema.org\",\"@graph\":[{\"@type\":\"BlogPosting\",\"@id\":\"https:\\\/\\\/ejornais.com.br\\\/index.php\\\/2026\\\/08\\\/30\\\/abalado-caua-reymond-vai-as-lagrimas-ao-lamentar-triste-perda-descanse-em-paz\\\/#blogposting\",\"name\":\"Abalado, Cau\\u00e3 Reymond vai \\u00e0s l\\u00e1grimas ao lamentar triste perda, \\u2018Descanse em paz\\u2019 - eJornais\",\"headline\":\"Abalado, Cau\\u00e3 Reymond vai \\u00e0s l\\u00e1grimas ao lamentar triste perda, &#8216;Descanse em paz&#8217;\",\"author\":{\"@id\":\"https:\\\/\\\/ejornais.com.br\\\/index.php\\\/author\\\/admin1\\\/#author\"},\"publisher\":{\"@id\":\"https:\\\/\\\/ejornais.com.br\\\/#organization\"},\"datePublished\":\"2026-08-30T19:35:32-03:00\",\"dateModified\":\"2026-08-30T19:35:32-03:00\",\"inLanguage\":\"pt-BR\",\"mainEntityOfPage\":{\"@id\":\"https:\\\/\\\/ejornais.com.br\\\/index.php\\\/2026\\\/08\\\/30\\\/abalado-caua-reymond-vai-as-lagrimas-ao-lamentar-triste-perda-descanse-em-paz\\\/#webpage\"},\"isPartOf\":{\"@id\":\"https:\\\/\\\/ejornais.com.br\\\/index.php\\\/2026\\\/08\\\/30\\\/abalado-caua-reymond-vai-as-lagrimas-ao-lamentar-triste-perda-descanse-em-paz\\\/#webpage\"},\"articleSection\":\"Cat\\u00e1logo de Jornais\"},{\"@type\":\"BreadcrumbList\",\"@id\":\"https:\\\/\\\/ejornais.com.br\\\/index.php\\\/2026\\\/08\\\/30\\\/abalado-caua-reymond-vai-as-lagrimas-ao-lamentar-triste-perda-descanse-em-paz\\\/#breadcrumblist\",\"itemListElement\":[{\"@type\":\"ListItem\",\"@id\":\"https:\\\/\\\/ejornais.com.br#listItem\",\"position\":1,\"name\":\"In\\u00edcio\",\"item\":\"https:\\\/\\\/ejornais.com.br\",\"nextItem\":{\"@type\":\"ListItem\",\"@id\":\"https:\\\/\\\/ejornais.com.br\\\/index.php\\\/category\\\/ejornais\\\/#listItem\",\"name\":\"Cat\\u00e1logo de Jornais\"}},{\"@type\":\"ListItem\",\"@id\":\"https:\\\/\\\/ejornais.com.br\\\/index.php\\\/category\\\/ejornais\\\/#listItem\",\"position\":2,\"name\":\"Cat\\u00e1logo de Jornais\",\"item\":\"https:\\\/\\\/ejornais.com.br\\\/index.php\\\/category\\\/ejornais\\\/\",\"nextItem\":{\"@type\":\"ListItem\",\"@id\":\"https:\\\/\\\/ejornais.com.br\\\/index.php\\\/2026\\\/08\\\/30\\\/abalado-caua-reymond-vai-as-lagrimas-ao-lamentar-triste-perda-descanse-em-paz\\\/#listItem\",\"name\":\"Abalado, Cau\\u00e3 Reymond vai \\u00e0s l\\u00e1grimas ao lamentar triste perda, &#8216;Descanse em paz&#8217;\"},\"previousItem\":{\"@type\":\"ListItem\",\"@id\":\"https:\\\/\\\/ejornais.com.br#listItem\",\"name\":\"In\\u00edcio\"}},{\"@type\":\"ListItem\",\"@id\":\"https:\\\/\\\/ejornais.com.br\\\/index.php\\\/2026\\\/08\\\/30\\\/abalado-caua-reymond-vai-as-lagrimas-ao-lamentar-triste-perda-descanse-em-paz\\\/#listItem\",\"position\":3,\"name\":\"Abalado, Cau\\u00e3 Reymond vai \\u00e0s l\\u00e1grimas ao lamentar triste perda, &#8216;Descanse em paz&#8217;\",\"previousItem\":{\"@type\":\"ListItem\",\"@id\":\"https:\\\/\\\/ejornais.com.br\\\/index.php\\\/category\\\/ejornais\\\/#listItem\",\"name\":\"Cat\\u00e1logo de Jornais\"}}]},{\"@type\":\"Organization\",\"@id\":\"https:\\\/\\\/ejornais.com.br\\\/#organization\",\"name\":\"eJornais\",\"description\":\"Cat\\u00e1logo de Jornais no mundo, Not\\u00edcias, Blog e Esportes ao vivo\",\"url\":\"https:\\\/\\\/ejornais.com.br\\\/\"},{\"@type\":\"Person\",\"@id\":\"https:\\\/\\\/ejornais.com.br\\\/index.php\\\/author\\\/admin1\\\/#author\",\"url\":\"https:\\\/\\\/ejornais.com.br\\\/index.php\\\/author\\\/admin1\\\/\",\"name\":\"admin1\",\"image\":{\"@type\":\"ImageObject\",\"@id\":\"https:\\\/\\\/ejornais.com.br\\\/index.php\\\/2026\\\/08\\\/30\\\/abalado-caua-reymond-vai-as-lagrimas-ao-lamentar-triste-perda-descanse-em-paz\\\/#authorImage\",\"url\":\"https:\\\/\\\/secure.gravatar.com\\\/avatar\\\/04084e6d73c042b8646e7c17b494073bf0ede3ea13c7105cfc45cbbbc28385a4?s=96&d=mm&r=g\",\"width\":96,\"height\":96,\"caption\":\"admin1\"}},{\"@type\":\"WebPage\",\"@id\":\"https:\\\/\\\/ejornais.com.br\\\/index.php\\\/2026\\\/08\\\/30\\\/abalado-caua-reymond-vai-as-lagrimas-ao-lamentar-triste-perda-descanse-em-paz\\\/#webpage\",\"url\":\"https:\\\/\\\/ejornais.com.br\\\/index.php\\\/2026\\\/08\\\/30\\\/abalado-caua-reymond-vai-as-lagrimas-ao-lamentar-triste-perda-descanse-em-paz\\\/\",\"name\":\"Abalado, Cau\\u00e3 Reymond vai \\u00e0s l\\u00e1grimas ao lamentar triste perda, \\u2018Descanse em paz\\u2019 - eJornais\",\"description\":\"Por MRNews Ator foi surpreendido durante participa\\u00e7\\u00e3o no Caldeir\\u00e3o com Mion e reviveu lembran\\u00e7as marcantes da inf\\u00e2nciaCau\\u00e3 Reymond protagonizou um dos momentos mais emocionantes do Caldeir\\u00e3o com Mion exibido neste s\\u00e1bado (29). Durante sua participa\\u00e7\\u00e3o no programa, o ator da Globo foi surpreendido por uma homenagem relacionada a uma pessoa que teve grande import\\u00e2ncia em\",\"inLanguage\":\"pt-BR\",\"isPartOf\":{\"@id\":\"https:\\\/\\\/ejornais.com.br\\\/#website\"},\"breadcrumb\":{\"@id\":\"https:\\\/\\\/ejornais.com.br\\\/index.php\\\/2026\\\/08\\\/30\\\/abalado-caua-reymond-vai-as-lagrimas-ao-lamentar-triste-perda-descanse-em-paz\\\/#breadcrumblist\"},\"author\":{\"@id\":\"https:\\\/\\\/ejornais.com.br\\\/index.php\\\/author\\\/admin1\\\/#author\"},\"creator\":{\"@id\":\"https:\\\/\\\/ejornais.com.br\\\/index.php\\\/author\\\/admin1\\\/#author\"},\"datePublished\":\"2026-08-30T19:35:32-03:00\",\"dateModified\":\"2026-08-30T19:35:32-03:00\"},{\"@type\":\"WebSite\",\"@id\":\"https:\\\/\\\/ejornais.com.br\\\/#website\",\"url\":\"https:\\\/\\\/ejornais.com.br\\\/\",\"name\":\"eJornais\",\"description\":\"Cat\\u00e1logo de Jornais no mundo, Not\\u00edcias, Blog e Esportes ao vivo\",\"inLanguage\":\"pt-BR\",\"publisher\":{\"@id\":\"https:\\\/\\\/ejornais.com.br\\\/#organization\"}}]}\n\t\t<\/script>\n\t\t<!-- All in One SEO -->\n\n","aioseo_head_json":{"title":"Abalado, Cau\u00e3 Reymond vai \u00e0s l\u00e1grimas ao lamentar triste perda, \u2018Descanse em paz\u2019 - eJornais","description":"Por MRNews Ator foi surpreendido durante participa\u00e7\u00e3o no Caldeir\u00e3o com Mion e reviveu lembran\u00e7as marcantes da inf\u00e2nciaCau\u00e3 Reymond protagonizou um dos momentos mais emocionantes do Caldeir\u00e3o com Mion exibido neste s\u00e1bado (29). Durante sua participa\u00e7\u00e3o no programa, o ator da Globo foi surpreendido por uma homenagem relacionada a uma pessoa que teve grande import\u00e2ncia em","canonical_url":"https:\/\/ejornais.com.br\/index.php\/2026\/08\/30\/abalado-caua-reymond-vai-as-lagrimas-ao-lamentar-triste-perda-descanse-em-paz\/","robots":"max-image-preview:large","keywords":"","webmasterTools":{"miscellaneous":""},"schema":{"@context":"https:\/\/schema.org","@graph":[{"@type":"BlogPosting","@id":"https:\/\/ejornais.com.br\/index.php\/2026\/08\/30\/abalado-caua-reymond-vai-as-lagrimas-ao-lamentar-triste-perda-descanse-em-paz\/#blogposting","name":"Abalado, Cau\u00e3 Reymond vai \u00e0s l\u00e1grimas ao lamentar triste perda, \u2018Descanse em paz\u2019 - eJornais","headline":"Abalado, Cau\u00e3 Reymond vai \u00e0s l\u00e1grimas ao lamentar triste perda, &#8216;Descanse em paz&#8217;","author":{"@id":"https:\/\/ejornais.com.br\/index.php\/author\/admin1\/#author"},"publisher":{"@id":"https:\/\/ejornais.com.br\/#organization"},"datePublished":"2026-08-30T19:35:32-03:00","dateModified":"2026-08-30T19:35:32-03:00","inLanguage":"pt-BR","mainEntityOfPage":{"@id":"https:\/\/ejornais.com.br\/index.php\/2026\/08\/30\/abalado-caua-reymond-vai-as-lagrimas-ao-lamentar-triste-perda-descanse-em-paz\/#webpage"},"isPartOf":{"@id":"https:\/\/ejornais.com.br\/index.php\/2026\/08\/30\/abalado-caua-reymond-vai-as-lagrimas-ao-lamentar-triste-perda-descanse-em-paz\/#webpage"},"articleSection":"Cat\u00e1logo de Jornais"},{"@type":"BreadcrumbList","@id":"https:\/\/ejornais.com.br\/index.php\/2026\/08\/30\/abalado-caua-reymond-vai-as-lagrimas-ao-lamentar-triste-perda-descanse-em-paz\/#breadcrumblist","itemListElement":[{"@type":"ListItem","@id":"https:\/\/ejornais.com.br#listItem","position":1,"name":"In\u00edcio","item":"https:\/\/ejornais.com.br","nextItem":{"@type":"ListItem","@id":"https:\/\/ejornais.com.br\/index.php\/category\/ejornais\/#listItem","name":"Cat\u00e1logo de Jornais"}},{"@type":"ListItem","@id":"https:\/\/ejornais.com.br\/index.php\/category\/ejornais\/#listItem","position":2,"name":"Cat\u00e1logo de Jornais","item":"https:\/\/ejornais.com.br\/index.php\/category\/ejornais\/","nextItem":{"@type":"ListItem","@id":"https:\/\/ejornais.com.br\/index.php\/2026\/08\/30\/abalado-caua-reymond-vai-as-lagrimas-ao-lamentar-triste-perda-descanse-em-paz\/#listItem","name":"Abalado, Cau\u00e3 Reymond vai \u00e0s l\u00e1grimas ao lamentar triste perda, &#8216;Descanse em paz&#8217;"},"previousItem":{"@type":"ListItem","@id":"https:\/\/ejornais.com.br#listItem","name":"In\u00edcio"}},{"@type":"ListItem","@id":"https:\/\/ejornais.com.br\/index.php\/2026\/08\/30\/abalado-caua-reymond-vai-as-lagrimas-ao-lamentar-triste-perda-descanse-em-paz\/#listItem","position":3,"name":"Abalado, Cau\u00e3 Reymond vai \u00e0s l\u00e1grimas ao lamentar triste perda, &#8216;Descanse em paz&#8217;","previousItem":{"@type":"ListItem","@id":"https:\/\/ejornais.com.br\/index.php\/category\/ejornais\/#listItem","name":"Cat\u00e1logo de Jornais"}}]},{"@type":"Organization","@id":"https:\/\/ejornais.com.br\/#organization","name":"eJornais","description":"Cat\u00e1logo de Jornais no mundo, Not\u00edcias, Blog e Esportes ao vivo","url":"https:\/\/ejornais.com.br\/"},{"@type":"Person","@id":"https:\/\/ejornais.com.br\/index.php\/author\/admin1\/#author","url":"https:\/\/ejornais.com.br\/index.php\/author\/admin1\/","name":"admin1","image":{"@type":"ImageObject","@id":"https:\/\/ejornais.com.br\/index.php\/2026\/08\/30\/abalado-caua-reymond-vai-as-lagrimas-ao-lamentar-triste-perda-descanse-em-paz\/#authorImage","url":"https:\/\/secure.gravatar.com\/avatar\/04084e6d73c042b8646e7c17b494073bf0ede3ea13c7105cfc45cbbbc28385a4?s=96&d=mm&r=g","width":96,"height":96,"caption":"admin1"}},{"@type":"WebPage","@id":"https:\/\/ejornais.com.br\/index.php\/2026\/08\/30\/abalado-caua-reymond-vai-as-lagrimas-ao-lamentar-triste-perda-descanse-em-paz\/#webpage","url":"https:\/\/ejornais.com.br\/index.php\/2026\/08\/30\/abalado-caua-reymond-vai-as-lagrimas-ao-lamentar-triste-perda-descanse-em-paz\/","name":"Abalado, Cau\u00e3 Reymond vai \u00e0s l\u00e1grimas ao lamentar triste perda, \u2018Descanse em paz\u2019 - eJornais","description":"Por MRNews Ator foi surpreendido durante participa\u00e7\u00e3o no Caldeir\u00e3o com Mion e reviveu lembran\u00e7as marcantes da inf\u00e2nciaCau\u00e3 Reymond protagonizou um dos momentos mais emocionantes do Caldeir\u00e3o com Mion exibido neste s\u00e1bado (29). Durante sua participa\u00e7\u00e3o no programa, o ator da Globo foi surpreendido por uma homenagem relacionada a uma pessoa que teve grande import\u00e2ncia em","inLanguage":"pt-BR","isPartOf":{"@id":"https:\/\/ejornais.com.br\/#website"},"breadcrumb":{"@id":"https:\/\/ejornais.com.br\/index.php\/2026\/08\/30\/abalado-caua-reymond-vai-as-lagrimas-ao-lamentar-triste-perda-descanse-em-paz\/#breadcrumblist"},"author":{"@id":"https:\/\/ejornais.com.br\/index.php\/author\/admin1\/#author"},"creator":{"@id":"https:\/\/ejornais.com.br\/index.php\/author\/admin1\/#author"},"datePublished":"2026-08-30T19:35:32-03:00","dateModified":"2026-08-30T19:35:32-03:00"},{"@type":"WebSite","@id":"https:\/\/ejornais.com.br\/#website","url":"https:\/\/ejornais.com.br\/","name":"eJornais","description":"Cat\u00e1logo de Jornais no mundo, Not\u00edcias, Blog e Esportes ao vivo","inLanguage":"pt-BR","publisher":{"@id":"https:\/\/ejornais.com.br\/#organization"}}]},"og:locale":"pt_BR","og:site_name":"eJornais - Cat\u00e1logo de Jornais no mundo, Not\u00edcias, Blog e Esportes ao vivo","og:type":"article","og:title":"Abalado, Cau\u00e3 Reymond vai \u00e0s l\u00e1grimas ao lamentar triste perda, \u2018Descanse em paz\u2019 - eJornais","og:description":"Por MRNews Ator foi surpreendido durante participa\u00e7\u00e3o no Caldeir\u00e3o com Mion e reviveu lembran\u00e7as marcantes da inf\u00e2nciaCau\u00e3 Reymond protagonizou um dos momentos mais emocionantes do Caldeir\u00e3o com Mion exibido neste s\u00e1bado (29). Durante sua participa\u00e7\u00e3o no programa, o ator da Globo foi surpreendido por uma homenagem relacionada a uma pessoa que teve grande import\u00e2ncia em","og:url":"https:\/\/ejornais.com.br\/index.php\/2026\/08\/30\/abalado-caua-reymond-vai-as-lagrimas-ao-lamentar-triste-perda-descanse-em-paz\/","article:published_time":"2026-08-30T22:35:32+00:00","article:modified_time":"2026-08-30T22:35:32+00:00","twitter:card":"summary_large_image","twitter:title":"Abalado, Cau\u00e3 Reymond vai \u00e0s l\u00e1grimas ao lamentar triste perda, \u2018Descanse em paz\u2019 - eJornais","twitter:description":"Por MRNews Ator foi surpreendido durante participa\u00e7\u00e3o no Caldeir\u00e3o com Mion e reviveu lembran\u00e7as marcantes da inf\u00e2nciaCau\u00e3 Reymond protagonizou um dos momentos mais emocionantes do Caldeir\u00e3o com Mion exibido neste s\u00e1bado (29). Durante sua participa\u00e7\u00e3o no programa, o ator da Globo foi surpreendido por uma homenagem relacionada a uma pessoa que teve grande import\u00e2ncia em"},"aioseo_meta_data":{"post_id":"71405","title":null,"description":null,"keywords":null,"keyphrases":null,"primary_term":null,"canonical_url":null,"og_title":null,"og_description":null,"og_object_type":"default","og_image_type":"default","og_image_url":null,"og_image_width":null,"og_image_height":null,"og_image_custom_url":null,"og_image_custom_fields":null,"og_video":null,"og_custom_url":null,"og_article_section":null,"og_article_tags":null,"twitter_use_og":false,"twitter_card":"default","twitter_image_type":"default","twitter_image_url":null,"twitter_image_custom_url":null,"twitter_image_custom_fields":null,"twitter_title":null,"twitter_description":null,"schema":{"blockGraphs":[],"customGraphs":[],"default":{"data":{"Article":[],"Course":[],"Dataset":[],"FAQPage":[],"Movie":[],"Person":[],"Product":[],"ProductReview":[],"Car":[],"Recipe":[],"Service":[],"SoftwareApplication":[],"WebPage":[]},"graphName":"","isEnabled":true},"graphs":[]},"schema_type":"default","schema_type_options":null,"pillar_content":false,"robots_default":true,"robots_noindex":false,"robots_noarchive":false,"robots_nosnippet":false,"robots_nofollow":false,"robots_noimageindex":false,"robots_noodp":false,"robots_notranslate":false,"robots_max_snippet":null,"robots_max_videopreview":null,"robots_max_imagepreview":"large","priority":null,"frequency":null,"local_seo":null,"breadcrumb_settings":null,"limit_modified_date":false,"ai":null,"created":"2026-08-31 14:33:02","updated":"2026-08-31 14:33:02","seo_analyzer_scan_date":null,"focus_keyword":null,"additional_keywords":null,"truseo_locale":null},"aioseo_breadcrumb":"<div class=\"aioseo-breadcrumbs\"><span class=\"aioseo-breadcrumb\">\n\t\t\t<a href=\"https:\/\/ejornais.com.br\" title=\"In\u00edcio\">In\u00edcio<\/a>\n\t\t<\/span><span class=\"aioseo-breadcrumb-separator\">&raquo;<\/span><span class=\"aioseo-breadcrumb\">\n\t\t\t<a href=\"https:\/\/ejornais.com.br\/index.php\/category\/ejornais\/\" title=\"Cat\u00e1logo de Jornais\">Cat\u00e1logo de Jornais<\/a>\n\t\t<\/span><span class=\"aioseo-breadcrumb-separator\">&raquo;<\/span><span class=\"aioseo-breadcrumb\">\n\t\t\tAbalado, Cau\u00e3 Reymond vai \u00e0s l\u00e1grimas ao lamentar triste perda, \u2018Descanse em paz\u2019\n\t\t<\/span><\/div>","aioseo_breadcrumb_json":[{"label":"In\u00edcio","link":"https:\/\/ejornais.com.br"},{"label":"Cat\u00e1logo de Jornais","link":"https:\/\/ejornais.com.br\/index.php\/category\/ejornais\/"},{"label":"Abalado, Cau\u00e3 Reymond vai \u00e0s l\u00e1grimas ao lamentar triste perda, &#8216;Descanse em paz&#8217;","link":"https:\/\/ejornais.com.br\/index.php\/2026\/08\/30\/abalado-caua-reymond-vai-as-lagrimas-ao-lamentar-triste-perda-descanse-em-paz\/"}],"amp_enabled":true,"_links":{"self":[{"href":"https:\/\/ejornais.com.br\/index.php\/wp-json\/wp\/v2\/posts\/71405","targetHints":{"allow":["GET"]}}],"collection":[{"href":"https:\/\/ejornais.com.br\/index.php\/wp-json\/wp\/v2\/posts"}],"about":[{"href":"https:\/\/ejornais.com.br\/index.php\/wp-json\/wp\/v2\/types\/post"}],"author":[{"embeddable":true,"href":"https:\/\/ejornais.com.br\/index.php\/wp-json\/wp\/v2\/users\/2"}],"replies":[{"embeddable":true,"href":"https:\/\/ejornais.com.br\/index.php\/wp-json\/wp\/v2\/comments?post=71405"}],"version-history":[{"count":0,"href":"https:\/\/ejornais.com.br\/index.php\/wp-json\/wp\/v2\/posts\/71405\/revisions"}],"wp:attachment":[{"href":"https:\/\/ejornais.com.br\/index.php\/wp-json\/wp\/v2\/media?parent=71405"}],"wp:term":[{"taxonomy":"category","embeddable":true,"href":"https:\/\/ejornais.com.br\/index.php\/wp-json\/wp\/v2\/categories?post=71405"},{"taxonomy":"post_tag","embeddable":true,"href":"https:\/\/ejornais.com.br\/index.php\/wp-json\/wp\/v2\/tags?post=71405"}],"curies":[{"name":"wp","href":"https:\/\/api.w.org\/{rel}","templated":true}]}}