{"id":71417,"date":"2026-08-31T06:22:03","date_gmt":"2026-08-31T09:22:03","guid":{"rendered":"https:\/\/ejornais.com.br\/index.php\/2026\/08\/31\/nadadora-alessandra-quebra-recorde-mundial\/"},"modified":"2026-08-31T06:22:03","modified_gmt":"2026-08-31T09:22:03","slug":"nadadora-alessandra-quebra-recorde-mundial","status":"publish","type":"post","link":"https:\/\/ejornais.com.br\/index.php\/2026\/08\/31\/nadadora-alessandra-quebra-recorde-mundial\/","title":{"rendered":"nadadora Alessandra quebra recorde mundial"},"content":{"rendered":"<p> Por MRNews<br \/>\n<\/p>\n<div>\n<p><strong>O Brasil fechou mais um dia de disputas do Parapan-Pac\u00edfico com excelentes resultados.<\/strong><\/p>\n<p>Neste\u00a0s\u00e1bado (29), na cidade de\u00a0Walnut (Estados Unidos), <strong>foram tr\u00eas ouros, duas pratas e dois bronzes, com direito a um recorde mundial da paulista Alessandra Oliveira, nos 100 metros peito, classes S4-9 e S11-14.\u00a0<\/strong><\/p>\n<p>As provas do Parapan-Pac\u00edfico s\u00e3o disputadas no formato multiclasses, em que atletas de diferentes classes competem na mesma s\u00e9rie. As classifica\u00e7\u00f5es \u00e0s finais e a defini\u00e7\u00e3o das medalhas s\u00e3o feitas por meio do \u00cdndice T\u00e9cnico da Competi\u00e7\u00e3o (ITC).<\/p>\n<p><strong><a href=\"https:\/\/mrnews.com.br\/index.php\/2026\/08\/31\/a-prefeitura-de-guaratingueta-por-meio-da-secretaria-da-fazenda-realizou-na-noite-desta-quinta-feira-27-a-1a-audiencia-publica-da-lei-orcamentaria-anual-loa-2027\/\">A Prefeitura de Guaratinguet\u00e1, por meio da Secretaria da Fazenda, realizou na noite desta quinta-feira (27) a 1\u00aa Audi\u00eancia P\u00fablica da Lei Or\u00e7ament\u00e1ria Anual (LOA 2027)<\/a><\/strong><\/p>\n<p><strong><a href=\"https:\/\/mrnews.com.br\/index.php\/2026\/08\/31\/brasileiro-feminino-planalto-go-larga-em-vantagem-na-final-da-a3\/\">Brasileiro Feminino: Planalto (GO) larga em vantagem na final da A3<\/a><\/strong><\/p>\n<h2>Recorde mundial e dobradinha<\/h2>\n<p>O recorde mundial da brasileira veio na prova dos 100m peito, classes S4-9 e S11-14. Alessandra cravou 1min40s63.\u00a0<\/p>\n<p>A marca foi suficiente para Alessandra somar 1.033 pontos na prova, ficando com a prata.<\/p>\n<p>O ouro foi para outra brasileira, a paulista\u00a0Beatriz Flausino.<\/p>\n<h2>Mais dobradinhas<\/h2>\n<p>Nos 50m costas, classes S1-S5, o paulista\u00a0Samuel Oliveira\u00a0ficou com o ouro, e o mineiro\u00a0Gabriel Ara\u00fajo, o Gabrielzinho, ficou com a medalha de bronze.\u00a0<\/p>\n<p><strong><a href=\"https:\/\/mrnews.com.br\/index.php\/2026\/08\/30\/veja-como-foi-o-fim-de-semana-dos-candidatos-a-presidente-da-republica\/\">Veja como foi o fim de semana dos candidatos a presidente da Rep\u00fablica<\/a><\/strong><\/p>\n<p><strong><a href=\"https:\/\/mrnews.com.br\/index.php\/2026\/08\/30\/regiao-sul-tem-risco-de-temporal-e-granizo-outras-regioes-tem-calor\/\">Regi\u00e3o Sul tem risco de temporal e granizo; outras regi\u00f5es t\u00eam calor<\/a><\/strong><\/p>\n<p>Nos 50m peito S3 (limita\u00e7\u00e3o f\u00edsico-motora), a mineira\u00a0Patr\u00edcia Pereira conquistou a medalha de ouro. A fluminense\u00a0L\u00eddia Cruz ficou com o bronze.<\/p>\n<h2>Mais uma prata com L\u00eddia Cruz<\/h2>\n<p>L\u00eddia Cruz ainda garantiu a prata nos 50m costas, classes S2-S5, com o tempo de 49s61.<\/p>\n<p>A norte-americana Katie Kubiak, com 40s18 e 1045 pontos ficou com o ouro, estabelecendo o novo recorde das Am\u00e9ricas. Leanne Smith, tamb\u00e9m dos EUA, completou o p\u00f3dio.<\/p>\n<p>O Brasil participa do evento com uma equipe de 16 nadadores no Parapan-Pacifico at\u00e9 esse domingo (30).<\/p>\n<\/div>\n","protected":false},"excerpt":{"rendered":"<p>Por MRNews O Brasil fechou mais um dia de disputas do Parapan-Pac\u00edfico com excelentes resultados. Neste\u00a0s\u00e1bado (29), na cidade de\u00a0Walnut<\/p>\n","protected":false},"author":2,"featured_media":0,"comment_status":"","ping_status":"","sticky":false,"template":"","format":"standard","meta":{"colormag_page_container_layout":"default_layout","colormag_page_sidebar_layout":"default_layout","footnotes":""},"categories":[1],"tags":[],"class_list":["post-71417","post","type-post","status-publish","format-standard","hentry","category-ejornais"],"aioseo_notices":[],"aioseo_head":"\n\t\t<!-- All in One SEO 5.0.1.1 - aioseo.com -->\n\t<meta name=\"description\" content=\"Por MRNews O Brasil fechou mais um dia de disputas do Parapan-Pac\u00edfico com excelentes resultados.Neste s\u00e1bado (29), na cidade de Walnut (Estados Unidos), foram tr\u00eas ouros, duas pratas e dois bronzes, com direito a um recorde mundial da paulista Alessandra Oliveira, nos 100 metros peito, classes S4-9 e S11-14. As provas do Parapan-Pac\u00edfico s\u00e3o disputadas no formato multiclasses,\" \/>\n\t<meta name=\"robots\" content=\"max-image-preview:large\" \/>\n\t<meta name=\"author\" content=\"admin1\"\/>\n\t<link rel=\"canonical\" href=\"https:\/\/ejornais.com.br\/index.php\/2026\/08\/31\/nadadora-alessandra-quebra-recorde-mundial\/\" \/>\n\t<meta name=\"generator\" content=\"All in One SEO (AIOSEO) 5.0.1.1\" \/>\n\t\t<meta property=\"og:locale\" content=\"pt_BR\" \/>\n\t\t<meta property=\"og:site_name\" content=\"eJornais - Cat\u00e1logo de Jornais no mundo, Not\u00edcias, Blog e Esportes ao vivo\" \/>\n\t\t<meta property=\"og:type\" content=\"article\" \/>\n\t\t<meta property=\"og:title\" content=\"nadadora Alessandra quebra recorde mundial - eJornais\" \/>\n\t\t<meta property=\"og:description\" content=\"Por MRNews O Brasil fechou mais um dia de disputas do Parapan-Pac\u00edfico com excelentes resultados.Neste s\u00e1bado (29), na cidade de Walnut (Estados Unidos), foram tr\u00eas ouros, duas pratas e dois bronzes, com direito a um recorde mundial da paulista Alessandra Oliveira, nos 100 metros peito, classes S4-9 e S11-14. As provas do Parapan-Pac\u00edfico s\u00e3o disputadas no formato multiclasses,\" \/>\n\t\t<meta property=\"og:url\" content=\"https:\/\/ejornais.com.br\/index.php\/2026\/08\/31\/nadadora-alessandra-quebra-recorde-mundial\/\" \/>\n\t\t<meta property=\"article:published_time\" content=\"2026-08-31T09:22:03+00:00\" \/>\n\t\t<meta property=\"article:modified_time\" content=\"2026-08-31T09:22:03+00:00\" \/>\n\t\t<meta name=\"twitter:card\" content=\"summary_large_image\" \/>\n\t\t<meta name=\"twitter:title\" content=\"nadadora Alessandra quebra recorde mundial - eJornais\" \/>\n\t\t<meta name=\"twitter:description\" content=\"Por MRNews O Brasil fechou mais um dia de disputas do Parapan-Pac\u00edfico com excelentes resultados.Neste s\u00e1bado (29), na cidade de Walnut (Estados Unidos), foram tr\u00eas ouros, duas pratas e dois bronzes, com direito a um recorde mundial da paulista Alessandra Oliveira, nos 100 metros peito, classes S4-9 e S11-14. As provas do Parapan-Pac\u00edfico s\u00e3o disputadas no formato multiclasses,\" \/>\n\t\t<script type=\"application\/ld+json\" class=\"aioseo-schema\">\n\t\t\t{\"@context\":\"https:\\\/\\\/schema.org\",\"@graph\":[{\"@type\":\"BlogPosting\",\"@id\":\"https:\\\/\\\/ejornais.com.br\\\/index.php\\\/2026\\\/08\\\/31\\\/nadadora-alessandra-quebra-recorde-mundial\\\/#blogposting\",\"name\":\"nadadora Alessandra quebra recorde mundial - eJornais\",\"headline\":\"nadadora Alessandra quebra recorde mundial\",\"author\":{\"@id\":\"https:\\\/\\\/ejornais.com.br\\\/index.php\\\/author\\\/admin1\\\/#author\"},\"publisher\":{\"@id\":\"https:\\\/\\\/ejornais.com.br\\\/#organization\"},\"datePublished\":\"2026-08-31T06:22:03-03:00\",\"dateModified\":\"2026-08-31T06:22:03-03:00\",\"inLanguage\":\"pt-BR\",\"mainEntityOfPage\":{\"@id\":\"https:\\\/\\\/ejornais.com.br\\\/index.php\\\/2026\\\/08\\\/31\\\/nadadora-alessandra-quebra-recorde-mundial\\\/#webpage\"},\"isPartOf\":{\"@id\":\"https:\\\/\\\/ejornais.com.br\\\/index.php\\\/2026\\\/08\\\/31\\\/nadadora-alessandra-quebra-recorde-mundial\\\/#webpage\"},\"articleSection\":\"Cat\\u00e1logo de Jornais\"},{\"@type\":\"BreadcrumbList\",\"@id\":\"https:\\\/\\\/ejornais.com.br\\\/index.php\\\/2026\\\/08\\\/31\\\/nadadora-alessandra-quebra-recorde-mundial\\\/#breadcrumblist\",\"itemListElement\":[{\"@type\":\"ListItem\",\"@id\":\"https:\\\/\\\/ejornais.com.br#listItem\",\"position\":1,\"name\":\"In\\u00edcio\",\"item\":\"https:\\\/\\\/ejornais.com.br\",\"nextItem\":{\"@type\":\"ListItem\",\"@id\":\"https:\\\/\\\/ejornais.com.br\\\/index.php\\\/category\\\/ejornais\\\/#listItem\",\"name\":\"Cat\\u00e1logo de Jornais\"}},{\"@type\":\"ListItem\",\"@id\":\"https:\\\/\\\/ejornais.com.br\\\/index.php\\\/category\\\/ejornais\\\/#listItem\",\"position\":2,\"name\":\"Cat\\u00e1logo de Jornais\",\"item\":\"https:\\\/\\\/ejornais.com.br\\\/index.php\\\/category\\\/ejornais\\\/\",\"nextItem\":{\"@type\":\"ListItem\",\"@id\":\"https:\\\/\\\/ejornais.com.br\\\/index.php\\\/2026\\\/08\\\/31\\\/nadadora-alessandra-quebra-recorde-mundial\\\/#listItem\",\"name\":\"nadadora Alessandra quebra recorde mundial\"},\"previousItem\":{\"@type\":\"ListItem\",\"@id\":\"https:\\\/\\\/ejornais.com.br#listItem\",\"name\":\"In\\u00edcio\"}},{\"@type\":\"ListItem\",\"@id\":\"https:\\\/\\\/ejornais.com.br\\\/index.php\\\/2026\\\/08\\\/31\\\/nadadora-alessandra-quebra-recorde-mundial\\\/#listItem\",\"position\":3,\"name\":\"nadadora Alessandra quebra recorde mundial\",\"previousItem\":{\"@type\":\"ListItem\",\"@id\":\"https:\\\/\\\/ejornais.com.br\\\/index.php\\\/category\\\/ejornais\\\/#listItem\",\"name\":\"Cat\\u00e1logo de Jornais\"}}]},{\"@type\":\"Organization\",\"@id\":\"https:\\\/\\\/ejornais.com.br\\\/#organization\",\"name\":\"eJornais\",\"description\":\"Cat\\u00e1logo de Jornais no mundo, Not\\u00edcias, Blog e Esportes ao vivo\",\"url\":\"https:\\\/\\\/ejornais.com.br\\\/\"},{\"@type\":\"Person\",\"@id\":\"https:\\\/\\\/ejornais.com.br\\\/index.php\\\/author\\\/admin1\\\/#author\",\"url\":\"https:\\\/\\\/ejornais.com.br\\\/index.php\\\/author\\\/admin1\\\/\",\"name\":\"admin1\",\"image\":{\"@type\":\"ImageObject\",\"@id\":\"https:\\\/\\\/ejornais.com.br\\\/index.php\\\/2026\\\/08\\\/31\\\/nadadora-alessandra-quebra-recorde-mundial\\\/#authorImage\",\"url\":\"https:\\\/\\\/secure.gravatar.com\\\/avatar\\\/04084e6d73c042b8646e7c17b494073bf0ede3ea13c7105cfc45cbbbc28385a4?s=96&d=mm&r=g\",\"width\":96,\"height\":96,\"caption\":\"admin1\"}},{\"@type\":\"WebPage\",\"@id\":\"https:\\\/\\\/ejornais.com.br\\\/index.php\\\/2026\\\/08\\\/31\\\/nadadora-alessandra-quebra-recorde-mundial\\\/#webpage\",\"url\":\"https:\\\/\\\/ejornais.com.br\\\/index.php\\\/2026\\\/08\\\/31\\\/nadadora-alessandra-quebra-recorde-mundial\\\/\",\"name\":\"nadadora Alessandra quebra recorde mundial - eJornais\",\"description\":\"Por MRNews O Brasil fechou mais um dia de disputas do Parapan-Pac\\u00edfico com excelentes resultados.Neste s\\u00e1bado (29), na cidade de Walnut (Estados Unidos), foram tr\\u00eas ouros, duas pratas e dois bronzes, com direito a um recorde mundial da paulista Alessandra Oliveira, nos 100 metros peito, classes S4-9 e S11-14. As provas do Parapan-Pac\\u00edfico s\\u00e3o disputadas no formato multiclasses,\",\"inLanguage\":\"pt-BR\",\"isPartOf\":{\"@id\":\"https:\\\/\\\/ejornais.com.br\\\/#website\"},\"breadcrumb\":{\"@id\":\"https:\\\/\\\/ejornais.com.br\\\/index.php\\\/2026\\\/08\\\/31\\\/nadadora-alessandra-quebra-recorde-mundial\\\/#breadcrumblist\"},\"author\":{\"@id\":\"https:\\\/\\\/ejornais.com.br\\\/index.php\\\/author\\\/admin1\\\/#author\"},\"creator\":{\"@id\":\"https:\\\/\\\/ejornais.com.br\\\/index.php\\\/author\\\/admin1\\\/#author\"},\"datePublished\":\"2026-08-31T06:22:03-03:00\",\"dateModified\":\"2026-08-31T06:22:03-03:00\"},{\"@type\":\"WebSite\",\"@id\":\"https:\\\/\\\/ejornais.com.br\\\/#website\",\"url\":\"https:\\\/\\\/ejornais.com.br\\\/\",\"name\":\"eJornais\",\"description\":\"Cat\\u00e1logo de Jornais no mundo, Not\\u00edcias, Blog e Esportes ao vivo\",\"inLanguage\":\"pt-BR\",\"publisher\":{\"@id\":\"https:\\\/\\\/ejornais.com.br\\\/#organization\"}}]}\n\t\t<\/script>\n\t\t<!-- All in One SEO -->\n\n","aioseo_head_json":{"title":"nadadora Alessandra quebra recorde mundial - eJornais","description":"Por MRNews O Brasil fechou mais um dia de disputas do Parapan-Pac\u00edfico com excelentes resultados.Neste s\u00e1bado (29), na cidade de Walnut (Estados Unidos), foram tr\u00eas ouros, duas pratas e dois bronzes, com direito a um recorde mundial da paulista Alessandra Oliveira, nos 100 metros peito, classes S4-9 e S11-14. As provas do Parapan-Pac\u00edfico s\u00e3o disputadas no formato multiclasses,","canonical_url":"https:\/\/ejornais.com.br\/index.php\/2026\/08\/31\/nadadora-alessandra-quebra-recorde-mundial\/","robots":"max-image-preview:large","keywords":"","webmasterTools":{"miscellaneous":""},"schema":{"@context":"https:\/\/schema.org","@graph":[{"@type":"BlogPosting","@id":"https:\/\/ejornais.com.br\/index.php\/2026\/08\/31\/nadadora-alessandra-quebra-recorde-mundial\/#blogposting","name":"nadadora Alessandra quebra recorde mundial - eJornais","headline":"nadadora Alessandra quebra recorde mundial","author":{"@id":"https:\/\/ejornais.com.br\/index.php\/author\/admin1\/#author"},"publisher":{"@id":"https:\/\/ejornais.com.br\/#organization"},"datePublished":"2026-08-31T06:22:03-03:00","dateModified":"2026-08-31T06:22:03-03:00","inLanguage":"pt-BR","mainEntityOfPage":{"@id":"https:\/\/ejornais.com.br\/index.php\/2026\/08\/31\/nadadora-alessandra-quebra-recorde-mundial\/#webpage"},"isPartOf":{"@id":"https:\/\/ejornais.com.br\/index.php\/2026\/08\/31\/nadadora-alessandra-quebra-recorde-mundial\/#webpage"},"articleSection":"Cat\u00e1logo de Jornais"},{"@type":"BreadcrumbList","@id":"https:\/\/ejornais.com.br\/index.php\/2026\/08\/31\/nadadora-alessandra-quebra-recorde-mundial\/#breadcrumblist","itemListElement":[{"@type":"ListItem","@id":"https:\/\/ejornais.com.br#listItem","position":1,"name":"In\u00edcio","item":"https:\/\/ejornais.com.br","nextItem":{"@type":"ListItem","@id":"https:\/\/ejornais.com.br\/index.php\/category\/ejornais\/#listItem","name":"Cat\u00e1logo de Jornais"}},{"@type":"ListItem","@id":"https:\/\/ejornais.com.br\/index.php\/category\/ejornais\/#listItem","position":2,"name":"Cat\u00e1logo de Jornais","item":"https:\/\/ejornais.com.br\/index.php\/category\/ejornais\/","nextItem":{"@type":"ListItem","@id":"https:\/\/ejornais.com.br\/index.php\/2026\/08\/31\/nadadora-alessandra-quebra-recorde-mundial\/#listItem","name":"nadadora Alessandra quebra recorde mundial"},"previousItem":{"@type":"ListItem","@id":"https:\/\/ejornais.com.br#listItem","name":"In\u00edcio"}},{"@type":"ListItem","@id":"https:\/\/ejornais.com.br\/index.php\/2026\/08\/31\/nadadora-alessandra-quebra-recorde-mundial\/#listItem","position":3,"name":"nadadora Alessandra quebra recorde mundial","previousItem":{"@type":"ListItem","@id":"https:\/\/ejornais.com.br\/index.php\/category\/ejornais\/#listItem","name":"Cat\u00e1logo de Jornais"}}]},{"@type":"Organization","@id":"https:\/\/ejornais.com.br\/#organization","name":"eJornais","description":"Cat\u00e1logo de Jornais no mundo, Not\u00edcias, Blog e Esportes ao vivo","url":"https:\/\/ejornais.com.br\/"},{"@type":"Person","@id":"https:\/\/ejornais.com.br\/index.php\/author\/admin1\/#author","url":"https:\/\/ejornais.com.br\/index.php\/author\/admin1\/","name":"admin1","image":{"@type":"ImageObject","@id":"https:\/\/ejornais.com.br\/index.php\/2026\/08\/31\/nadadora-alessandra-quebra-recorde-mundial\/#authorImage","url":"https:\/\/secure.gravatar.com\/avatar\/04084e6d73c042b8646e7c17b494073bf0ede3ea13c7105cfc45cbbbc28385a4?s=96&d=mm&r=g","width":96,"height":96,"caption":"admin1"}},{"@type":"WebPage","@id":"https:\/\/ejornais.com.br\/index.php\/2026\/08\/31\/nadadora-alessandra-quebra-recorde-mundial\/#webpage","url":"https:\/\/ejornais.com.br\/index.php\/2026\/08\/31\/nadadora-alessandra-quebra-recorde-mundial\/","name":"nadadora Alessandra quebra recorde mundial - eJornais","description":"Por MRNews O Brasil fechou mais um dia de disputas do Parapan-Pac\u00edfico com excelentes resultados.Neste s\u00e1bado (29), na cidade de Walnut (Estados Unidos), foram tr\u00eas ouros, duas pratas e dois bronzes, com direito a um recorde mundial da paulista Alessandra Oliveira, nos 100 metros peito, classes S4-9 e S11-14. As provas do Parapan-Pac\u00edfico s\u00e3o disputadas no formato multiclasses,","inLanguage":"pt-BR","isPartOf":{"@id":"https:\/\/ejornais.com.br\/#website"},"breadcrumb":{"@id":"https:\/\/ejornais.com.br\/index.php\/2026\/08\/31\/nadadora-alessandra-quebra-recorde-mundial\/#breadcrumblist"},"author":{"@id":"https:\/\/ejornais.com.br\/index.php\/author\/admin1\/#author"},"creator":{"@id":"https:\/\/ejornais.com.br\/index.php\/author\/admin1\/#author"},"datePublished":"2026-08-31T06:22:03-03:00","dateModified":"2026-08-31T06:22:03-03:00"},{"@type":"WebSite","@id":"https:\/\/ejornais.com.br\/#website","url":"https:\/\/ejornais.com.br\/","name":"eJornais","description":"Cat\u00e1logo de Jornais no mundo, Not\u00edcias, Blog e Esportes ao vivo","inLanguage":"pt-BR","publisher":{"@id":"https:\/\/ejornais.com.br\/#organization"}}]},"og:locale":"pt_BR","og:site_name":"eJornais - Cat\u00e1logo de Jornais no mundo, Not\u00edcias, Blog e Esportes ao vivo","og:type":"article","og:title":"nadadora Alessandra quebra recorde mundial - eJornais","og:description":"Por MRNews O Brasil fechou mais um dia de disputas do Parapan-Pac\u00edfico com excelentes resultados.Neste s\u00e1bado (29), na cidade de Walnut (Estados Unidos), foram tr\u00eas ouros, duas pratas e dois bronzes, com direito a um recorde mundial da paulista Alessandra Oliveira, nos 100 metros peito, classes S4-9 e S11-14. As provas do Parapan-Pac\u00edfico s\u00e3o disputadas no formato multiclasses,","og:url":"https:\/\/ejornais.com.br\/index.php\/2026\/08\/31\/nadadora-alessandra-quebra-recorde-mundial\/","article:published_time":"2026-08-31T09:22:03+00:00","article:modified_time":"2026-08-31T09:22:03+00:00","twitter:card":"summary_large_image","twitter:title":"nadadora Alessandra quebra recorde mundial - eJornais","twitter:description":"Por MRNews O Brasil fechou mais um dia de disputas do Parapan-Pac\u00edfico com excelentes resultados.Neste s\u00e1bado (29), na cidade de Walnut (Estados Unidos), foram tr\u00eas ouros, duas pratas e dois bronzes, com direito a um recorde mundial da paulista Alessandra Oliveira, nos 100 metros peito, classes S4-9 e S11-14. As provas do Parapan-Pac\u00edfico s\u00e3o disputadas no formato multiclasses,"},"aioseo_meta_data":{"post_id":"71417","title":null,"description":null,"keywords":null,"keyphrases":null,"primary_term":null,"canonical_url":null,"og_title":null,"og_description":null,"og_object_type":"default","og_image_type":"default","og_image_url":null,"og_image_width":null,"og_image_height":null,"og_image_custom_url":null,"og_image_custom_fields":null,"og_video":null,"og_custom_url":null,"og_article_section":null,"og_article_tags":null,"twitter_use_og":false,"twitter_card":"default","twitter_image_type":"default","twitter_image_url":null,"twitter_image_custom_url":null,"twitter_image_custom_fields":null,"twitter_title":null,"twitter_description":null,"schema":{"blockGraphs":[],"customGraphs":[],"default":{"data":{"Article":[],"Course":[],"Dataset":[],"FAQPage":[],"Movie":[],"Person":[],"Product":[],"ProductReview":[],"Car":[],"Recipe":[],"Service":[],"SoftwareApplication":[],"WebPage":[]},"graphName":"","isEnabled":true},"graphs":[]},"schema_type":"default","schema_type_options":null,"pillar_content":false,"robots_default":true,"robots_noindex":false,"robots_noarchive":false,"robots_nosnippet":false,"robots_nofollow":false,"robots_noimageindex":false,"robots_noodp":false,"robots_notranslate":false,"robots_max_snippet":null,"robots_max_videopreview":null,"robots_max_imagepreview":"large","priority":null,"frequency":null,"local_seo":null,"breadcrumb_settings":null,"limit_modified_date":false,"ai":null,"created":"2026-08-31 14:35:02","updated":"2026-08-31 14:35:02","seo_analyzer_scan_date":null,"focus_keyword":null,"additional_keywords":null,"truseo_locale":null},"aioseo_breadcrumb":"<div class=\"aioseo-breadcrumbs\"><span class=\"aioseo-breadcrumb\">\n\t\t\t<a href=\"https:\/\/ejornais.com.br\" title=\"In\u00edcio\">In\u00edcio<\/a>\n\t\t<\/span><span class=\"aioseo-breadcrumb-separator\">&raquo;<\/span><span class=\"aioseo-breadcrumb\">\n\t\t\t<a href=\"https:\/\/ejornais.com.br\/index.php\/category\/ejornais\/\" title=\"Cat\u00e1logo de Jornais\">Cat\u00e1logo de Jornais<\/a>\n\t\t<\/span><span class=\"aioseo-breadcrumb-separator\">&raquo;<\/span><span class=\"aioseo-breadcrumb\">\n\t\t\tnadadora Alessandra quebra recorde mundial\n\t\t<\/span><\/div>","aioseo_breadcrumb_json":[{"label":"In\u00edcio","link":"https:\/\/ejornais.com.br"},{"label":"Cat\u00e1logo de Jornais","link":"https:\/\/ejornais.com.br\/index.php\/category\/ejornais\/"},{"label":"nadadora Alessandra quebra recorde mundial","link":"https:\/\/ejornais.com.br\/index.php\/2026\/08\/31\/nadadora-alessandra-quebra-recorde-mundial\/"}],"amp_enabled":true,"_links":{"self":[{"href":"https:\/\/ejornais.com.br\/index.php\/wp-json\/wp\/v2\/posts\/71417","targetHints":{"allow":["GET"]}}],"collection":[{"href":"https:\/\/ejornais.com.br\/index.php\/wp-json\/wp\/v2\/posts"}],"about":[{"href":"https:\/\/ejornais.com.br\/index.php\/wp-json\/wp\/v2\/types\/post"}],"author":[{"embeddable":true,"href":"https:\/\/ejornais.com.br\/index.php\/wp-json\/wp\/v2\/users\/2"}],"replies":[{"embeddable":true,"href":"https:\/\/ejornais.com.br\/index.php\/wp-json\/wp\/v2\/comments?post=71417"}],"version-history":[{"count":0,"href":"https:\/\/ejornais.com.br\/index.php\/wp-json\/wp\/v2\/posts\/71417\/revisions"}],"wp:attachment":[{"href":"https:\/\/ejornais.com.br\/index.php\/wp-json\/wp\/v2\/media?parent=71417"}],"wp:term":[{"taxonomy":"category","embeddable":true,"href":"https:\/\/ejornais.com.br\/index.php\/wp-json\/wp\/v2\/categories?post=71417"},{"taxonomy":"post_tag","embeddable":true,"href":"https:\/\/ejornais.com.br\/index.php\/wp-json\/wp\/v2\/tags?post=71417"}],"curies":[{"name":"wp","href":"https:\/\/api.w.org\/{rel}","templated":true}]}}