{"id":71418,"date":"2026-08-31T07:43:03","date_gmt":"2026-08-31T10:43:03","guid":{"rendered":"https:\/\/ejornais.com.br\/index.php\/2026\/08\/31\/a-prefeitura-de-guaratingueta-por-meio-da-secretaria-da-fazenda-realizou-na-noite-desta-quinta-feira-27-a-1a-audiencia-publica-da-lei-orcamentaria-anual-loa-2027-2\/"},"modified":"2026-08-31T07:43:03","modified_gmt":"2026-08-31T10:43:03","slug":"a-prefeitura-de-guaratingueta-por-meio-da-secretaria-da-fazenda-realizou-na-noite-desta-quinta-feira-27-a-1a-audiencia-publica-da-lei-orcamentaria-anual-loa-2027-2","status":"publish","type":"post","link":"https:\/\/ejornais.com.br\/index.php\/2026\/08\/31\/a-prefeitura-de-guaratingueta-por-meio-da-secretaria-da-fazenda-realizou-na-noite-desta-quinta-feira-27-a-1a-audiencia-publica-da-lei-orcamentaria-anual-loa-2027-2\/","title":{"rendered":"A Prefeitura de Guaratinguet\u00e1, por meio da Secretaria da Fazenda, realizou na noite desta quinta-feira (27) a 1\u00aa Audi\u00eancia P\u00fablica da Lei Or\u00e7ament\u00e1ria Anual (LOA 2027)"},"content":{"rendered":"<p> Por MRNews<br \/>\n<\/p>\n<div>\n<p>A Prefeitura de Guaratinguet\u00e1, por meio da Secretaria da Fazenda, realizou na noite desta quinta-feira (27) a 1\u00aa Audi\u00eancia P\u00fablica da Lei Or\u00e7ament\u00e1ria Anual (LOA 2027).<\/p>\n<p>A participa\u00e7\u00e3o da popula\u00e7\u00e3o nas Audi\u00eancias P\u00fablicas \u00e9 fundamental para o fortalecimento da gest\u00e3o p\u00fablica e da democracia. Esse espa\u00e7o permite que os cidad\u00e3os apresentem suas necessidades, sugest\u00f5es e prioridades, contribuindo diretamente para a defini\u00e7\u00e3o das a\u00e7\u00f5es e investimentos que poder\u00e3o ser contemplados no or\u00e7amento municipal.<\/p>\n<p>Sua presen\u00e7a possibilita que o planejamento or\u00e7ament\u00e1rio esteja mais pr\u00f3ximo da realidade do munic\u00edpio e das demandas da comunidade, proporcionando maior transpar\u00eancia, controle social e responsabilidade na aplica\u00e7\u00e3o dos recursos p\u00fablicos.<\/p>\n<p><strong><a href=\"https:\/\/mrnews.com.br\/index.php\/2026\/08\/31\/brasileiro-feminino-planalto-go-larga-em-vantagem-na-final-da-a3\/\">Brasileiro Feminino: Planalto (GO) larga em vantagem na final da A3<\/a><\/strong><\/p>\n<p><strong><a href=\"https:\/\/mrnews.com.br\/index.php\/2026\/08\/30\/veja-como-foi-o-fim-de-semana-dos-candidatos-a-presidente-da-republica\/\">Veja como foi o fim de semana dos candidatos a presidente da Rep\u00fablica<\/a><\/strong><\/p>\n<p>E a participa\u00e7\u00e3o continua! \ud83d\udc99<br \/>A pr\u00f3xima audi\u00eancia p\u00fablica da LOA j\u00e1 tem data marcada:<\/p>\n<p>\ud83d\uddd3\ufe0f 1\u00ba de setembro<br \/>\u23f0 \u00c0s 19h<br \/>\ud83c\udfeb Escola Prof. Jos\u00e9 Benedito Averaldo Galhardo<br \/>\ud83d\udccc Rua Jos\u00e9 Luiz de Carli, 30 \u2013 Pedregulho<\/p>\n<p>As Audi\u00eancias P\u00fablicas representam uma oportunidade para que cada cidad\u00e3o acompanhe, contribua e exer\u00e7a seu papel na constru\u00e7\u00e3o das pol\u00edticas p\u00fablicas e na defini\u00e7\u00e3o das prioridades para o desenvolvimento do Munic\u00edpio!<\/p>\n<p>\ud83d\udcf2 Salve este post e participe!<\/p>\n<p><strong><a href=\"https:\/\/mrnews.com.br\/index.php\/2026\/08\/30\/regiao-sul-tem-risco-de-temporal-e-granizo-outras-regioes-tem-calor\/\">Regi\u00e3o Sul tem risco de temporal e granizo; outras regi\u00f5es t\u00eam calor<\/a><\/strong><\/p>\n<p><strong><a href=\"https:\/\/mrnews.com.br\/index.php\/2026\/08\/30\/depois-da-cop17-brasil-e-cobrado-a-efetivar-metas-de-restauracao\/\">Depois da COP17, Brasil \u00e9 cobrado a efetivar metas de restaura\u00e7\u00e3o<\/a><\/strong><\/p>\n<\/div>\n","protected":false},"excerpt":{"rendered":"<p>Por MRNews A Prefeitura de Guaratinguet\u00e1, por meio da Secretaria da Fazenda, realizou na noite desta quinta-feira (27) a 1\u00aa<\/p>\n","protected":false},"author":2,"featured_media":0,"comment_status":"","ping_status":"","sticky":false,"template":"","format":"standard","meta":{"colormag_page_container_layout":"default_layout","colormag_page_sidebar_layout":"default_layout","footnotes":""},"categories":[1],"tags":[],"class_list":["post-71418","post","type-post","status-publish","format-standard","hentry","category-ejornais"],"aioseo_notices":[],"aioseo_head":"\n\t\t<!-- All in One SEO 5.0.1.1 - aioseo.com -->\n\t<meta name=\"description\" content=\"Por MRNews A Prefeitura de Guaratinguet\u00e1, por meio da Secretaria da Fazenda, realizou na noite desta quinta-feira (27) a 1\u00aa Audi\u00eancia P\u00fablica da Lei Or\u00e7ament\u00e1ria Anual (LOA 2027).A participa\u00e7\u00e3o da popula\u00e7\u00e3o nas Audi\u00eancias P\u00fablicas \u00e9 fundamental para o fortalecimento da gest\u00e3o p\u00fablica e da democracia. Esse espa\u00e7o permite que os cidad\u00e3os apresentem suas necessidades, sugest\u00f5es\" \/>\n\t<meta name=\"robots\" content=\"max-image-preview:large\" \/>\n\t<meta name=\"author\" content=\"admin1\"\/>\n\t<link rel=\"canonical\" href=\"https:\/\/ejornais.com.br\/index.php\/2026\/08\/31\/a-prefeitura-de-guaratingueta-por-meio-da-secretaria-da-fazenda-realizou-na-noite-desta-quinta-feira-27-a-1a-audiencia-publica-da-lei-orcamentaria-anual-loa-2027-2\/\" \/>\n\t<meta name=\"generator\" content=\"All in One SEO (AIOSEO) 5.0.1.1\" \/>\n\t\t<meta property=\"og:locale\" content=\"pt_BR\" \/>\n\t\t<meta property=\"og:site_name\" content=\"eJornais - Cat\u00e1logo de Jornais no mundo, Not\u00edcias, Blog e Esportes ao vivo\" \/>\n\t\t<meta property=\"og:type\" content=\"article\" \/>\n\t\t<meta property=\"og:title\" content=\"A Prefeitura de Guaratinguet\u00e1, por meio da Secretaria da Fazenda, realizou na noite desta quinta-feira (27) a 1\u00aa Audi\u00eancia P\u00fablica da Lei Or\u00e7ament\u00e1ria Anual (LOA 2027) - eJornais\" \/>\n\t\t<meta property=\"og:description\" content=\"Por MRNews A Prefeitura de Guaratinguet\u00e1, por meio da Secretaria da Fazenda, realizou na noite desta quinta-feira (27) a 1\u00aa Audi\u00eancia P\u00fablica da Lei Or\u00e7ament\u00e1ria Anual (LOA 2027).A participa\u00e7\u00e3o da popula\u00e7\u00e3o nas Audi\u00eancias P\u00fablicas \u00e9 fundamental para o fortalecimento da gest\u00e3o p\u00fablica e da democracia. Esse espa\u00e7o permite que os cidad\u00e3os apresentem suas necessidades, sugest\u00f5es\" \/>\n\t\t<meta property=\"og:url\" content=\"https:\/\/ejornais.com.br\/index.php\/2026\/08\/31\/a-prefeitura-de-guaratingueta-por-meio-da-secretaria-da-fazenda-realizou-na-noite-desta-quinta-feira-27-a-1a-audiencia-publica-da-lei-orcamentaria-anual-loa-2027-2\/\" \/>\n\t\t<meta property=\"article:published_time\" content=\"2026-08-31T10:43:03+00:00\" \/>\n\t\t<meta property=\"article:modified_time\" content=\"2026-08-31T10:43:03+00:00\" \/>\n\t\t<meta name=\"twitter:card\" content=\"summary_large_image\" \/>\n\t\t<meta name=\"twitter:title\" content=\"A Prefeitura de Guaratinguet\u00e1, por meio da Secretaria da Fazenda, realizou na noite desta quinta-feira (27) a 1\u00aa Audi\u00eancia P\u00fablica da Lei Or\u00e7ament\u00e1ria Anual (LOA 2027) - eJornais\" \/>\n\t\t<meta name=\"twitter:description\" content=\"Por MRNews A Prefeitura de Guaratinguet\u00e1, por meio da Secretaria da Fazenda, realizou na noite desta quinta-feira (27) a 1\u00aa Audi\u00eancia P\u00fablica da Lei Or\u00e7ament\u00e1ria Anual (LOA 2027).A participa\u00e7\u00e3o da popula\u00e7\u00e3o nas Audi\u00eancias P\u00fablicas \u00e9 fundamental para o fortalecimento da gest\u00e3o p\u00fablica e da democracia. Esse espa\u00e7o permite que os cidad\u00e3os apresentem suas necessidades, sugest\u00f5es\" \/>\n\t\t<script type=\"application\/ld+json\" class=\"aioseo-schema\">\n\t\t\t{\"@context\":\"https:\\\/\\\/schema.org\",\"@graph\":[{\"@type\":\"BlogPosting\",\"@id\":\"https:\\\/\\\/ejornais.com.br\\\/index.php\\\/2026\\\/08\\\/31\\\/a-prefeitura-de-guaratingueta-por-meio-da-secretaria-da-fazenda-realizou-na-noite-desta-quinta-feira-27-a-1a-audiencia-publica-da-lei-orcamentaria-anual-loa-2027-2\\\/#blogposting\",\"name\":\"A Prefeitura de Guaratinguet\\u00e1, por meio da Secretaria da Fazenda, realizou na noite desta quinta-feira (27) a 1\\u00aa Audi\\u00eancia P\\u00fablica da Lei Or\\u00e7ament\\u00e1ria Anual (LOA 2027) - eJornais\",\"headline\":\"A Prefeitura de Guaratinguet\\u00e1, por meio da Secretaria da Fazenda, realizou na noite desta quinta-feira (27) a 1\\u00aa Audi\\u00eancia P\\u00fablica da Lei Or\\u00e7ament\\u00e1ria Anual (LOA 2027)\",\"author\":{\"@id\":\"https:\\\/\\\/ejornais.com.br\\\/index.php\\\/author\\\/admin1\\\/#author\"},\"publisher\":{\"@id\":\"https:\\\/\\\/ejornais.com.br\\\/#organization\"},\"datePublished\":\"2026-08-31T07:43:03-03:00\",\"dateModified\":\"2026-08-31T07:43:03-03:00\",\"inLanguage\":\"pt-BR\",\"mainEntityOfPage\":{\"@id\":\"https:\\\/\\\/ejornais.com.br\\\/index.php\\\/2026\\\/08\\\/31\\\/a-prefeitura-de-guaratingueta-por-meio-da-secretaria-da-fazenda-realizou-na-noite-desta-quinta-feira-27-a-1a-audiencia-publica-da-lei-orcamentaria-anual-loa-2027-2\\\/#webpage\"},\"isPartOf\":{\"@id\":\"https:\\\/\\\/ejornais.com.br\\\/index.php\\\/2026\\\/08\\\/31\\\/a-prefeitura-de-guaratingueta-por-meio-da-secretaria-da-fazenda-realizou-na-noite-desta-quinta-feira-27-a-1a-audiencia-publica-da-lei-orcamentaria-anual-loa-2027-2\\\/#webpage\"},\"articleSection\":\"Cat\\u00e1logo de Jornais\"},{\"@type\":\"BreadcrumbList\",\"@id\":\"https:\\\/\\\/ejornais.com.br\\\/index.php\\\/2026\\\/08\\\/31\\\/a-prefeitura-de-guaratingueta-por-meio-da-secretaria-da-fazenda-realizou-na-noite-desta-quinta-feira-27-a-1a-audiencia-publica-da-lei-orcamentaria-anual-loa-2027-2\\\/#breadcrumblist\",\"itemListElement\":[{\"@type\":\"ListItem\",\"@id\":\"https:\\\/\\\/ejornais.com.br#listItem\",\"position\":1,\"name\":\"In\\u00edcio\",\"item\":\"https:\\\/\\\/ejornais.com.br\",\"nextItem\":{\"@type\":\"ListItem\",\"@id\":\"https:\\\/\\\/ejornais.com.br\\\/index.php\\\/category\\\/ejornais\\\/#listItem\",\"name\":\"Cat\\u00e1logo de Jornais\"}},{\"@type\":\"ListItem\",\"@id\":\"https:\\\/\\\/ejornais.com.br\\\/index.php\\\/category\\\/ejornais\\\/#listItem\",\"position\":2,\"name\":\"Cat\\u00e1logo de Jornais\",\"item\":\"https:\\\/\\\/ejornais.com.br\\\/index.php\\\/category\\\/ejornais\\\/\",\"nextItem\":{\"@type\":\"ListItem\",\"@id\":\"https:\\\/\\\/ejornais.com.br\\\/index.php\\\/2026\\\/08\\\/31\\\/a-prefeitura-de-guaratingueta-por-meio-da-secretaria-da-fazenda-realizou-na-noite-desta-quinta-feira-27-a-1a-audiencia-publica-da-lei-orcamentaria-anual-loa-2027-2\\\/#listItem\",\"name\":\"A Prefeitura de Guaratinguet\\u00e1, por meio da Secretaria da Fazenda, realizou na noite desta quinta-feira (27) a 1\\u00aa Audi\\u00eancia P\\u00fablica da Lei Or\\u00e7ament\\u00e1ria Anual (LOA 2027)\"},\"previousItem\":{\"@type\":\"ListItem\",\"@id\":\"https:\\\/\\\/ejornais.com.br#listItem\",\"name\":\"In\\u00edcio\"}},{\"@type\":\"ListItem\",\"@id\":\"https:\\\/\\\/ejornais.com.br\\\/index.php\\\/2026\\\/08\\\/31\\\/a-prefeitura-de-guaratingueta-por-meio-da-secretaria-da-fazenda-realizou-na-noite-desta-quinta-feira-27-a-1a-audiencia-publica-da-lei-orcamentaria-anual-loa-2027-2\\\/#listItem\",\"position\":3,\"name\":\"A Prefeitura de Guaratinguet\\u00e1, por meio da Secretaria da Fazenda, realizou na noite desta quinta-feira (27) a 1\\u00aa Audi\\u00eancia P\\u00fablica da Lei Or\\u00e7ament\\u00e1ria Anual (LOA 2027)\",\"previousItem\":{\"@type\":\"ListItem\",\"@id\":\"https:\\\/\\\/ejornais.com.br\\\/index.php\\\/category\\\/ejornais\\\/#listItem\",\"name\":\"Cat\\u00e1logo de Jornais\"}}]},{\"@type\":\"Organization\",\"@id\":\"https:\\\/\\\/ejornais.com.br\\\/#organization\",\"name\":\"eJornais\",\"description\":\"Cat\\u00e1logo de Jornais no mundo, Not\\u00edcias, Blog e Esportes ao vivo\",\"url\":\"https:\\\/\\\/ejornais.com.br\\\/\"},{\"@type\":\"Person\",\"@id\":\"https:\\\/\\\/ejornais.com.br\\\/index.php\\\/author\\\/admin1\\\/#author\",\"url\":\"https:\\\/\\\/ejornais.com.br\\\/index.php\\\/author\\\/admin1\\\/\",\"name\":\"admin1\",\"image\":{\"@type\":\"ImageObject\",\"@id\":\"https:\\\/\\\/ejornais.com.br\\\/index.php\\\/2026\\\/08\\\/31\\\/a-prefeitura-de-guaratingueta-por-meio-da-secretaria-da-fazenda-realizou-na-noite-desta-quinta-feira-27-a-1a-audiencia-publica-da-lei-orcamentaria-anual-loa-2027-2\\\/#authorImage\",\"url\":\"https:\\\/\\\/secure.gravatar.com\\\/avatar\\\/04084e6d73c042b8646e7c17b494073bf0ede3ea13c7105cfc45cbbbc28385a4?s=96&d=mm&r=g\",\"width\":96,\"height\":96,\"caption\":\"admin1\"}},{\"@type\":\"WebPage\",\"@id\":\"https:\\\/\\\/ejornais.com.br\\\/index.php\\\/2026\\\/08\\\/31\\\/a-prefeitura-de-guaratingueta-por-meio-da-secretaria-da-fazenda-realizou-na-noite-desta-quinta-feira-27-a-1a-audiencia-publica-da-lei-orcamentaria-anual-loa-2027-2\\\/#webpage\",\"url\":\"https:\\\/\\\/ejornais.com.br\\\/index.php\\\/2026\\\/08\\\/31\\\/a-prefeitura-de-guaratingueta-por-meio-da-secretaria-da-fazenda-realizou-na-noite-desta-quinta-feira-27-a-1a-audiencia-publica-da-lei-orcamentaria-anual-loa-2027-2\\\/\",\"name\":\"A Prefeitura de Guaratinguet\\u00e1, por meio da Secretaria da Fazenda, realizou na noite desta quinta-feira (27) a 1\\u00aa Audi\\u00eancia P\\u00fablica da Lei Or\\u00e7ament\\u00e1ria Anual (LOA 2027) - eJornais\",\"description\":\"Por MRNews A Prefeitura de Guaratinguet\\u00e1, por meio da Secretaria da Fazenda, realizou na noite desta quinta-feira (27) a 1\\u00aa Audi\\u00eancia P\\u00fablica da Lei Or\\u00e7ament\\u00e1ria Anual (LOA 2027).A participa\\u00e7\\u00e3o da popula\\u00e7\\u00e3o nas Audi\\u00eancias P\\u00fablicas \\u00e9 fundamental para o fortalecimento da gest\\u00e3o p\\u00fablica e da democracia. Esse espa\\u00e7o permite que os cidad\\u00e3os apresentem suas necessidades, sugest\\u00f5es\",\"inLanguage\":\"pt-BR\",\"isPartOf\":{\"@id\":\"https:\\\/\\\/ejornais.com.br\\\/#website\"},\"breadcrumb\":{\"@id\":\"https:\\\/\\\/ejornais.com.br\\\/index.php\\\/2026\\\/08\\\/31\\\/a-prefeitura-de-guaratingueta-por-meio-da-secretaria-da-fazenda-realizou-na-noite-desta-quinta-feira-27-a-1a-audiencia-publica-da-lei-orcamentaria-anual-loa-2027-2\\\/#breadcrumblist\"},\"author\":{\"@id\":\"https:\\\/\\\/ejornais.com.br\\\/index.php\\\/author\\\/admin1\\\/#author\"},\"creator\":{\"@id\":\"https:\\\/\\\/ejornais.com.br\\\/index.php\\\/author\\\/admin1\\\/#author\"},\"datePublished\":\"2026-08-31T07:43:03-03:00\",\"dateModified\":\"2026-08-31T07:43:03-03:00\"},{\"@type\":\"WebSite\",\"@id\":\"https:\\\/\\\/ejornais.com.br\\\/#website\",\"url\":\"https:\\\/\\\/ejornais.com.br\\\/\",\"name\":\"eJornais\",\"description\":\"Cat\\u00e1logo de Jornais no mundo, Not\\u00edcias, Blog e Esportes ao vivo\",\"inLanguage\":\"pt-BR\",\"publisher\":{\"@id\":\"https:\\\/\\\/ejornais.com.br\\\/#organization\"}}]}\n\t\t<\/script>\n\t\t<!-- All in One SEO -->\n\n","aioseo_head_json":{"title":"A Prefeitura de Guaratinguet\u00e1, por meio da Secretaria da Fazenda, realizou na noite desta quinta-feira (27) a 1\u00aa Audi\u00eancia P\u00fablica da Lei Or\u00e7ament\u00e1ria Anual (LOA 2027) - eJornais","description":"Por MRNews A Prefeitura de Guaratinguet\u00e1, por meio da Secretaria da Fazenda, realizou na noite desta quinta-feira (27) a 1\u00aa Audi\u00eancia P\u00fablica da Lei Or\u00e7ament\u00e1ria Anual (LOA 2027).A participa\u00e7\u00e3o da popula\u00e7\u00e3o nas Audi\u00eancias P\u00fablicas \u00e9 fundamental para o fortalecimento da gest\u00e3o p\u00fablica e da democracia. Esse espa\u00e7o permite que os cidad\u00e3os apresentem suas necessidades, sugest\u00f5es","canonical_url":"https:\/\/ejornais.com.br\/index.php\/2026\/08\/31\/a-prefeitura-de-guaratingueta-por-meio-da-secretaria-da-fazenda-realizou-na-noite-desta-quinta-feira-27-a-1a-audiencia-publica-da-lei-orcamentaria-anual-loa-2027-2\/","robots":"max-image-preview:large","keywords":"","webmasterTools":{"miscellaneous":""},"schema":{"@context":"https:\/\/schema.org","@graph":[{"@type":"BlogPosting","@id":"https:\/\/ejornais.com.br\/index.php\/2026\/08\/31\/a-prefeitura-de-guaratingueta-por-meio-da-secretaria-da-fazenda-realizou-na-noite-desta-quinta-feira-27-a-1a-audiencia-publica-da-lei-orcamentaria-anual-loa-2027-2\/#blogposting","name":"A Prefeitura de Guaratinguet\u00e1, por meio da Secretaria da Fazenda, realizou na noite desta quinta-feira (27) a 1\u00aa Audi\u00eancia P\u00fablica da Lei Or\u00e7ament\u00e1ria Anual (LOA 2027) - eJornais","headline":"A Prefeitura de Guaratinguet\u00e1, por meio da Secretaria da Fazenda, realizou na noite desta quinta-feira (27) a 1\u00aa Audi\u00eancia P\u00fablica da Lei Or\u00e7ament\u00e1ria Anual (LOA 2027)","author":{"@id":"https:\/\/ejornais.com.br\/index.php\/author\/admin1\/#author"},"publisher":{"@id":"https:\/\/ejornais.com.br\/#organization"},"datePublished":"2026-08-31T07:43:03-03:00","dateModified":"2026-08-31T07:43:03-03:00","inLanguage":"pt-BR","mainEntityOfPage":{"@id":"https:\/\/ejornais.com.br\/index.php\/2026\/08\/31\/a-prefeitura-de-guaratingueta-por-meio-da-secretaria-da-fazenda-realizou-na-noite-desta-quinta-feira-27-a-1a-audiencia-publica-da-lei-orcamentaria-anual-loa-2027-2\/#webpage"},"isPartOf":{"@id":"https:\/\/ejornais.com.br\/index.php\/2026\/08\/31\/a-prefeitura-de-guaratingueta-por-meio-da-secretaria-da-fazenda-realizou-na-noite-desta-quinta-feira-27-a-1a-audiencia-publica-da-lei-orcamentaria-anual-loa-2027-2\/#webpage"},"articleSection":"Cat\u00e1logo de Jornais"},{"@type":"BreadcrumbList","@id":"https:\/\/ejornais.com.br\/index.php\/2026\/08\/31\/a-prefeitura-de-guaratingueta-por-meio-da-secretaria-da-fazenda-realizou-na-noite-desta-quinta-feira-27-a-1a-audiencia-publica-da-lei-orcamentaria-anual-loa-2027-2\/#breadcrumblist","itemListElement":[{"@type":"ListItem","@id":"https:\/\/ejornais.com.br#listItem","position":1,"name":"In\u00edcio","item":"https:\/\/ejornais.com.br","nextItem":{"@type":"ListItem","@id":"https:\/\/ejornais.com.br\/index.php\/category\/ejornais\/#listItem","name":"Cat\u00e1logo de Jornais"}},{"@type":"ListItem","@id":"https:\/\/ejornais.com.br\/index.php\/category\/ejornais\/#listItem","position":2,"name":"Cat\u00e1logo de Jornais","item":"https:\/\/ejornais.com.br\/index.php\/category\/ejornais\/","nextItem":{"@type":"ListItem","@id":"https:\/\/ejornais.com.br\/index.php\/2026\/08\/31\/a-prefeitura-de-guaratingueta-por-meio-da-secretaria-da-fazenda-realizou-na-noite-desta-quinta-feira-27-a-1a-audiencia-publica-da-lei-orcamentaria-anual-loa-2027-2\/#listItem","name":"A Prefeitura de Guaratinguet\u00e1, por meio da Secretaria da Fazenda, realizou na noite desta quinta-feira (27) a 1\u00aa Audi\u00eancia P\u00fablica da Lei Or\u00e7ament\u00e1ria Anual (LOA 2027)"},"previousItem":{"@type":"ListItem","@id":"https:\/\/ejornais.com.br#listItem","name":"In\u00edcio"}},{"@type":"ListItem","@id":"https:\/\/ejornais.com.br\/index.php\/2026\/08\/31\/a-prefeitura-de-guaratingueta-por-meio-da-secretaria-da-fazenda-realizou-na-noite-desta-quinta-feira-27-a-1a-audiencia-publica-da-lei-orcamentaria-anual-loa-2027-2\/#listItem","position":3,"name":"A Prefeitura de Guaratinguet\u00e1, por meio da Secretaria da Fazenda, realizou na noite desta quinta-feira (27) a 1\u00aa Audi\u00eancia P\u00fablica da Lei Or\u00e7ament\u00e1ria Anual (LOA 2027)","previousItem":{"@type":"ListItem","@id":"https:\/\/ejornais.com.br\/index.php\/category\/ejornais\/#listItem","name":"Cat\u00e1logo de Jornais"}}]},{"@type":"Organization","@id":"https:\/\/ejornais.com.br\/#organization","name":"eJornais","description":"Cat\u00e1logo de Jornais no mundo, Not\u00edcias, Blog e Esportes ao vivo","url":"https:\/\/ejornais.com.br\/"},{"@type":"Person","@id":"https:\/\/ejornais.com.br\/index.php\/author\/admin1\/#author","url":"https:\/\/ejornais.com.br\/index.php\/author\/admin1\/","name":"admin1","image":{"@type":"ImageObject","@id":"https:\/\/ejornais.com.br\/index.php\/2026\/08\/31\/a-prefeitura-de-guaratingueta-por-meio-da-secretaria-da-fazenda-realizou-na-noite-desta-quinta-feira-27-a-1a-audiencia-publica-da-lei-orcamentaria-anual-loa-2027-2\/#authorImage","url":"https:\/\/secure.gravatar.com\/avatar\/04084e6d73c042b8646e7c17b494073bf0ede3ea13c7105cfc45cbbbc28385a4?s=96&d=mm&r=g","width":96,"height":96,"caption":"admin1"}},{"@type":"WebPage","@id":"https:\/\/ejornais.com.br\/index.php\/2026\/08\/31\/a-prefeitura-de-guaratingueta-por-meio-da-secretaria-da-fazenda-realizou-na-noite-desta-quinta-feira-27-a-1a-audiencia-publica-da-lei-orcamentaria-anual-loa-2027-2\/#webpage","url":"https:\/\/ejornais.com.br\/index.php\/2026\/08\/31\/a-prefeitura-de-guaratingueta-por-meio-da-secretaria-da-fazenda-realizou-na-noite-desta-quinta-feira-27-a-1a-audiencia-publica-da-lei-orcamentaria-anual-loa-2027-2\/","name":"A Prefeitura de Guaratinguet\u00e1, por meio da Secretaria da Fazenda, realizou na noite desta quinta-feira (27) a 1\u00aa Audi\u00eancia P\u00fablica da Lei Or\u00e7ament\u00e1ria Anual (LOA 2027) - eJornais","description":"Por MRNews A Prefeitura de Guaratinguet\u00e1, por meio da Secretaria da Fazenda, realizou na noite desta quinta-feira (27) a 1\u00aa Audi\u00eancia P\u00fablica da Lei Or\u00e7ament\u00e1ria Anual (LOA 2027).A participa\u00e7\u00e3o da popula\u00e7\u00e3o nas Audi\u00eancias P\u00fablicas \u00e9 fundamental para o fortalecimento da gest\u00e3o p\u00fablica e da democracia. Esse espa\u00e7o permite que os cidad\u00e3os apresentem suas necessidades, sugest\u00f5es","inLanguage":"pt-BR","isPartOf":{"@id":"https:\/\/ejornais.com.br\/#website"},"breadcrumb":{"@id":"https:\/\/ejornais.com.br\/index.php\/2026\/08\/31\/a-prefeitura-de-guaratingueta-por-meio-da-secretaria-da-fazenda-realizou-na-noite-desta-quinta-feira-27-a-1a-audiencia-publica-da-lei-orcamentaria-anual-loa-2027-2\/#breadcrumblist"},"author":{"@id":"https:\/\/ejornais.com.br\/index.php\/author\/admin1\/#author"},"creator":{"@id":"https:\/\/ejornais.com.br\/index.php\/author\/admin1\/#author"},"datePublished":"2026-08-31T07:43:03-03:00","dateModified":"2026-08-31T07:43:03-03:00"},{"@type":"WebSite","@id":"https:\/\/ejornais.com.br\/#website","url":"https:\/\/ejornais.com.br\/","name":"eJornais","description":"Cat\u00e1logo de Jornais no mundo, Not\u00edcias, Blog e Esportes ao vivo","inLanguage":"pt-BR","publisher":{"@id":"https:\/\/ejornais.com.br\/#organization"}}]},"og:locale":"pt_BR","og:site_name":"eJornais - Cat\u00e1logo de Jornais no mundo, Not\u00edcias, Blog e Esportes ao vivo","og:type":"article","og:title":"A Prefeitura de Guaratinguet\u00e1, por meio da Secretaria da Fazenda, realizou na noite desta quinta-feira (27) a 1\u00aa Audi\u00eancia P\u00fablica da Lei Or\u00e7ament\u00e1ria Anual (LOA 2027) - eJornais","og:description":"Por MRNews A Prefeitura de Guaratinguet\u00e1, por meio da Secretaria da Fazenda, realizou na noite desta quinta-feira (27) a 1\u00aa Audi\u00eancia P\u00fablica da Lei Or\u00e7ament\u00e1ria Anual (LOA 2027).A participa\u00e7\u00e3o da popula\u00e7\u00e3o nas Audi\u00eancias P\u00fablicas \u00e9 fundamental para o fortalecimento da gest\u00e3o p\u00fablica e da democracia. Esse espa\u00e7o permite que os cidad\u00e3os apresentem suas necessidades, sugest\u00f5es","og:url":"https:\/\/ejornais.com.br\/index.php\/2026\/08\/31\/a-prefeitura-de-guaratingueta-por-meio-da-secretaria-da-fazenda-realizou-na-noite-desta-quinta-feira-27-a-1a-audiencia-publica-da-lei-orcamentaria-anual-loa-2027-2\/","article:published_time":"2026-08-31T10:43:03+00:00","article:modified_time":"2026-08-31T10:43:03+00:00","twitter:card":"summary_large_image","twitter:title":"A Prefeitura de Guaratinguet\u00e1, por meio da Secretaria da Fazenda, realizou na noite desta quinta-feira (27) a 1\u00aa Audi\u00eancia P\u00fablica da Lei Or\u00e7ament\u00e1ria Anual (LOA 2027) - eJornais","twitter:description":"Por MRNews A Prefeitura de Guaratinguet\u00e1, por meio da Secretaria da Fazenda, realizou na noite desta quinta-feira (27) a 1\u00aa Audi\u00eancia P\u00fablica da Lei Or\u00e7ament\u00e1ria Anual (LOA 2027).A participa\u00e7\u00e3o da popula\u00e7\u00e3o nas Audi\u00eancias P\u00fablicas \u00e9 fundamental para o fortalecimento da gest\u00e3o p\u00fablica e da democracia. Esse espa\u00e7o permite que os cidad\u00e3os apresentem suas necessidades, sugest\u00f5es"},"aioseo_meta_data":{"post_id":"71418","title":null,"description":null,"keywords":null,"keyphrases":null,"primary_term":null,"canonical_url":null,"og_title":null,"og_description":null,"og_object_type":"default","og_image_type":"default","og_image_url":null,"og_image_width":null,"og_image_height":null,"og_image_custom_url":null,"og_image_custom_fields":null,"og_video":null,"og_custom_url":null,"og_article_section":null,"og_article_tags":null,"twitter_use_og":false,"twitter_card":"default","twitter_image_type":"default","twitter_image_url":null,"twitter_image_custom_url":null,"twitter_image_custom_fields":null,"twitter_title":null,"twitter_description":null,"schema":{"blockGraphs":[],"customGraphs":[],"default":{"data":{"Article":[],"Course":[],"Dataset":[],"FAQPage":[],"Movie":[],"Person":[],"Product":[],"ProductReview":[],"Car":[],"Recipe":[],"Service":[],"SoftwareApplication":[],"WebPage":[]},"graphName":"","isEnabled":true},"graphs":[]},"schema_type":"default","schema_type_options":null,"pillar_content":false,"robots_default":true,"robots_noindex":false,"robots_noarchive":false,"robots_nosnippet":false,"robots_nofollow":false,"robots_noimageindex":false,"robots_noodp":false,"robots_notranslate":false,"robots_max_snippet":null,"robots_max_videopreview":null,"robots_max_imagepreview":"large","priority":null,"frequency":null,"local_seo":null,"breadcrumb_settings":null,"limit_modified_date":false,"ai":null,"created":"2026-08-31 14:35:02","updated":"2026-08-31 14:35:02","seo_analyzer_scan_date":null,"focus_keyword":null,"additional_keywords":null,"truseo_locale":null},"aioseo_breadcrumb":"<div class=\"aioseo-breadcrumbs\"><span class=\"aioseo-breadcrumb\">\n\t\t\t<a href=\"https:\/\/ejornais.com.br\" title=\"In\u00edcio\">In\u00edcio<\/a>\n\t\t<\/span><span class=\"aioseo-breadcrumb-separator\">&raquo;<\/span><span class=\"aioseo-breadcrumb\">\n\t\t\t<a href=\"https:\/\/ejornais.com.br\/index.php\/category\/ejornais\/\" title=\"Cat\u00e1logo de Jornais\">Cat\u00e1logo de Jornais<\/a>\n\t\t<\/span><span class=\"aioseo-breadcrumb-separator\">&raquo;<\/span><span class=\"aioseo-breadcrumb\">\n\t\t\tA Prefeitura de Guaratinguet\u00e1, por meio da Secretaria da Fazenda, realizou na noite desta quinta-feira (27) a 1\u00aa Audi\u00eancia P\u00fablica da Lei Or\u00e7ament\u00e1ria Anual (LOA 2027)\n\t\t<\/span><\/div>","aioseo_breadcrumb_json":[{"label":"In\u00edcio","link":"https:\/\/ejornais.com.br"},{"label":"Cat\u00e1logo de Jornais","link":"https:\/\/ejornais.com.br\/index.php\/category\/ejornais\/"},{"label":"A Prefeitura de Guaratinguet\u00e1, por meio da Secretaria da Fazenda, realizou na noite desta quinta-feira (27) a 1\u00aa Audi\u00eancia P\u00fablica da Lei Or\u00e7ament\u00e1ria Anual (LOA 2027)","link":"https:\/\/ejornais.com.br\/index.php\/2026\/08\/31\/a-prefeitura-de-guaratingueta-por-meio-da-secretaria-da-fazenda-realizou-na-noite-desta-quinta-feira-27-a-1a-audiencia-publica-da-lei-orcamentaria-anual-loa-2027-2\/"}],"amp_enabled":true,"_links":{"self":[{"href":"https:\/\/ejornais.com.br\/index.php\/wp-json\/wp\/v2\/posts\/71418","targetHints":{"allow":["GET"]}}],"collection":[{"href":"https:\/\/ejornais.com.br\/index.php\/wp-json\/wp\/v2\/posts"}],"about":[{"href":"https:\/\/ejornais.com.br\/index.php\/wp-json\/wp\/v2\/types\/post"}],"author":[{"embeddable":true,"href":"https:\/\/ejornais.com.br\/index.php\/wp-json\/wp\/v2\/users\/2"}],"replies":[{"embeddable":true,"href":"https:\/\/ejornais.com.br\/index.php\/wp-json\/wp\/v2\/comments?post=71418"}],"version-history":[{"count":0,"href":"https:\/\/ejornais.com.br\/index.php\/wp-json\/wp\/v2\/posts\/71418\/revisions"}],"wp:attachment":[{"href":"https:\/\/ejornais.com.br\/index.php\/wp-json\/wp\/v2\/media?parent=71418"}],"wp:term":[{"taxonomy":"category","embeddable":true,"href":"https:\/\/ejornais.com.br\/index.php\/wp-json\/wp\/v2\/categories?post=71418"},{"taxonomy":"post_tag","embeddable":true,"href":"https:\/\/ejornais.com.br\/index.php\/wp-json\/wp\/v2\/tags?post=71418"}],"curies":[{"name":"wp","href":"https:\/\/api.w.org\/{rel}","templated":true}]}}