{"id":71435,"date":"2026-08-31T13:07:04","date_gmt":"2026-08-31T16:07:04","guid":{"rendered":"https:\/\/ejornais.com.br\/index.php\/2026\/08\/31\/mercado-preve-reducao-da-inflacao-e-do-pib-de-2026\/"},"modified":"2026-08-31T13:07:04","modified_gmt":"2026-08-31T16:07:04","slug":"mercado-preve-reducao-da-inflacao-e-do-pib-de-2026","status":"publish","type":"post","link":"https:\/\/ejornais.com.br\/index.php\/2026\/08\/31\/mercado-preve-reducao-da-inflacao-e-do-pib-de-2026\/","title":{"rendered":"mercado prev\u00ea redu\u00e7\u00e3o da infla\u00e7\u00e3o e do PIB de 2026"},"content":{"rendered":"<p> Por MRNews<br \/>\n<\/p>\n<div>\n<p>O mercado financeiro rebaixou a proje\u00e7\u00e3o de infla\u00e7\u00e3o e prev\u00ea menor crescimento do Produto Interno Bruto (PIB) brasileiro para 2026, enquanto o c\u00e2mbio do d\u00f3lar e a taxa Selic permanecem inalterados nas previs\u00f5es do ano.<\/p>\n<p>As informa\u00e7\u00f5es constam no Boletim Focus, divulgado nesta segunda-feira (31) pelo Banco Central (BC), em Bras\u00edlia.<\/p>\n<p>A publica\u00e7\u00e3o semanal traz a estimativa m\u00e9dia de institui\u00e7\u00f5es financeiras \u2013 como bancos, corretoras e consultorias \u2013 para a economia do pa\u00eds em 2026 e, tamb\u00e9m, para os pr\u00f3ximos tr\u00eas anos.<\/p>\n<p><strong><a href=\"https:\/\/mrnews.com.br\/index.php\/2026\/08\/31\/camara-deve-decidir-sobre-taxa-das-blusinhas-nesta-segunda\/\">C\u00e2mara deve decidir sobre \u201ctaxa das blusinhas\u201d nesta segunda<\/a><\/strong><\/p>\n<p><strong><a href=\"https:\/\/mrnews.com.br\/index.php\/2026\/08\/31\/agosto-termina-com-temporais-no-sul-e-calor-de-ate-41oc-no-norte\/\">Agosto termina com temporais no Sul e calor de at\u00e9 41\u00baC no Norte<\/a><\/strong><\/p>\n<h2>Infla\u00e7\u00e3o<\/h2>\n<p><strong>Segundo o Focus desta semana, o \u00cdndice Nacional de Pre\u00e7os ao Consumidor Amplo (IPCA), considerado o \u00edndice oficial de infla\u00e7\u00e3o do pa\u00eds,<\/strong> <strong>caiu de 5,02%, na semana passada para 5,01%, hoje.<\/strong><\/p>\n<p>A proje\u00e7\u00e3o de infla\u00e7\u00e3o para 2027 mostra uma leve alta na infla\u00e7\u00e3o de 4,25% para 4,28% e estabilidade nos anos de 2028 e 2029, com estimativa de 3,80% e 3,50%, respectivamente.<\/p>\n<p>Atualmente, o IPCA acumulado em 12 meses \u00e9 4,44%, trazendo o indicador de volta para a meta do governo, conforme os dados oficiais de julho divulgados pelo Instituto Brasileiro de Geografia e Estat\u00edstica (IBGE).<\/p>\n<h2>PIB<\/h2>\n<p><strong>As institui\u00e7\u00f5es ouvidas pelo Boletim Focus projetam queda para este ano do PIB, conjunto de todos os bens e servi\u00e7os produzidos no pa\u00eds, de 1,95%, h\u00e1 uma semana, para 1,92%, atualmente.<\/strong><\/p>\n<p><strong><a href=\"https:\/\/mrnews.com.br\/index.php\/2026\/08\/31\/agosto-termina-com-contrastes-extremos-e-calor-de-ate-41oc\/\">Agosto termina com contrastes extremos e calor de at\u00e9 41\u00baC<\/a><\/strong><\/p>\n<p><strong><a href=\"https:\/\/mrnews.com.br\/index.php\/2026\/08\/31\/pe-de-meia-nascidos-em-novembro-e-dezembro-recebem-parcela-de-r-200\/\">P\u00e9-de-Meia: nascidos em novembro e dezembro recebem parcela de R$ 200<\/a><\/strong><\/p>\n<p>Para os tr\u00eas pr\u00f3ximos anos, a expectativa do mercado n\u00e3o se alterou, com previs\u00e3o de crescimento de 1,50%, para 2027; 1,98% para 2028; e 2% para 2029.<\/p>\n<h2>D\u00f3lar<\/h2>\n<p><strong>A previs\u00e3o do mercado financeiro para o c\u00e2mbio brasileiro \u00e9 que o d\u00f3lar terminar\u00e1 o ano de 2026 cotado a R$ 5,20. A previs\u00e3o de cota\u00e7\u00e3o atual repete a que foi divulgada h\u00e1 quatro semanas.<\/strong><\/p>\n<p>De acordo com os analistas, o valor da moeda norte-americana ter\u00e1 uma alta para R$ 5,30, em 2027. Valor mantido para chegar no fim de 2028. <strong>Em 2029, o c\u00e2mbio deve subir mais uma vez para R$ 5,36.<\/strong><\/p>\n<p>O comportamento do d\u00f3lar frente ao real influencia diretamente o desempenho da economia brasileira. Com o c\u00e2mbio desvalorizado, ou seja, alta da moeda estrangeira, bens importados ficam mais caros, o que pressiona a infla\u00e7\u00e3o para cima. No entanto, favorece as exporta\u00e7\u00f5es porque deixa os produtos brasileiros mais em conta no exterior.<\/p>\n<p>Por outro lado, a moeda valorizada \u2013 queda na taxa \u2013 faz com que produtos importados fiquem mais baratos no pa\u00eds, o que pode refletir em menos press\u00e3o sobre a infla\u00e7\u00e3o. Mas pode ser prejudicial \u00e0 ind\u00fastria nacional, que precisa concorrer com produtos estrangeiros que ficam com os pre\u00e7os mais competitivos.<\/p>\n<h2>Juros<\/h2>\n<p><strong>As institui\u00e7\u00f5es financeiras mantiveram a estimativa para a taxa b\u00e1sica de juros (Selic) da economia brasileira em R$ 13,75. <\/strong>A Selic serve de refer\u00eancia para todas as demais opera\u00e7\u00f5es de cr\u00e9dito, como a d\u00edvida p\u00fablica.<\/p>\n<p>A Selic \u00e9 decidida pelo Comit\u00ea de Pol\u00edtica Monet\u00e1ria (Copom) do Banco Central do Brasil, em reuni\u00f5es realizadas a cada 45 dias.<\/p>\n<p><strong>O mercado acredita que, em 2027, a Selic terminar\u00e1 o ano em 12%. Para 2028, o Focus mant\u00e9m, h\u00e1 quatro semanas, a proje\u00e7\u00e3o em 10,5% e para 2029, deve alcan\u00e7ar 10%.<\/strong><\/p>\n<p>Atualmente, a Selic est\u00e1 em 14% ao ano. A \u00faltima reuni\u00e3o foi em 5 de agosto, quando o Copom ajustou a Selic em um ambiente de desacelera\u00e7\u00e3o da infla\u00e7\u00e3o, mas ainda marcado por incertezas o que exige prud\u00eancia, conforme a \u00faltima ata da reuni\u00e3o publicada\u200b\u200b\u200b.<\/p>\n<p>O n\u00edvel da Selic influencia o desempenho da economia. Quando a taxa est\u00e1 em patamar elevado, pode deixar as opera\u00e7\u00f5es de cr\u00e9dito com maior custo, o que pode desestimular o consumo interno. J\u00e1 a taxa em n\u00edveis reduzidos \u00e9 um incentivo para a obten\u00e7\u00e3o de cr\u00e9dito e favorece o investimento. A aten\u00e7\u00e3o \u00e9 para n\u00e3o haver press\u00e3o inflacion\u00e1ria.<\/p>\n<p>\u00a0<\/p>\n<\/div>\n","protected":false},"excerpt":{"rendered":"<p>Por MRNews O mercado financeiro rebaixou a proje\u00e7\u00e3o de infla\u00e7\u00e3o e prev\u00ea menor crescimento do Produto Interno Bruto (PIB) brasileiro<\/p>\n","protected":false},"author":2,"featured_media":0,"comment_status":"","ping_status":"","sticky":false,"template":"","format":"standard","meta":{"colormag_page_container_layout":"default_layout","colormag_page_sidebar_layout":"default_layout","footnotes":""},"categories":[1],"tags":[],"class_list":["post-71435","post","type-post","status-publish","format-standard","hentry","category-ejornais"],"aioseo_notices":[],"aioseo_head":"\n\t\t<!-- All in One SEO 5.0.1.1 - aioseo.com -->\n\t<meta name=\"description\" content=\"Por MRNews O mercado financeiro rebaixou a proje\u00e7\u00e3o de infla\u00e7\u00e3o e prev\u00ea menor crescimento do Produto Interno Bruto (PIB) brasileiro para 2026, enquanto o c\u00e2mbio do d\u00f3lar e a taxa Selic permanecem inalterados nas previs\u00f5es do ano.As informa\u00e7\u00f5es constam no Boletim Focus, divulgado nesta segunda-feira (31) pelo Banco Central (BC), em Bras\u00edlia.A publica\u00e7\u00e3o semanal traz\" \/>\n\t<meta name=\"robots\" content=\"max-image-preview:large\" \/>\n\t<meta name=\"author\" content=\"admin1\"\/>\n\t<link rel=\"canonical\" href=\"https:\/\/ejornais.com.br\/index.php\/2026\/08\/31\/mercado-preve-reducao-da-inflacao-e-do-pib-de-2026\/\" \/>\n\t<meta name=\"generator\" content=\"All in One SEO (AIOSEO) 5.0.1.1\" \/>\n\t\t<meta property=\"og:locale\" content=\"pt_BR\" \/>\n\t\t<meta property=\"og:site_name\" content=\"eJornais - Cat\u00e1logo de Jornais no mundo, Not\u00edcias, Blog e Esportes ao vivo\" \/>\n\t\t<meta property=\"og:type\" content=\"article\" \/>\n\t\t<meta property=\"og:title\" content=\"mercado prev\u00ea redu\u00e7\u00e3o da infla\u00e7\u00e3o e do PIB de 2026 - eJornais\" \/>\n\t\t<meta property=\"og:description\" content=\"Por MRNews O mercado financeiro rebaixou a proje\u00e7\u00e3o de infla\u00e7\u00e3o e prev\u00ea menor crescimento do Produto Interno Bruto (PIB) brasileiro para 2026, enquanto o c\u00e2mbio do d\u00f3lar e a taxa Selic permanecem inalterados nas previs\u00f5es do ano.As informa\u00e7\u00f5es constam no Boletim Focus, divulgado nesta segunda-feira (31) pelo Banco Central (BC), em Bras\u00edlia.A publica\u00e7\u00e3o semanal traz\" \/>\n\t\t<meta property=\"og:url\" content=\"https:\/\/ejornais.com.br\/index.php\/2026\/08\/31\/mercado-preve-reducao-da-inflacao-e-do-pib-de-2026\/\" \/>\n\t\t<meta property=\"article:published_time\" content=\"2026-08-31T16:07:04+00:00\" \/>\n\t\t<meta property=\"article:modified_time\" content=\"2026-08-31T16:07:04+00:00\" \/>\n\t\t<meta name=\"twitter:card\" content=\"summary_large_image\" \/>\n\t\t<meta name=\"twitter:title\" content=\"mercado prev\u00ea redu\u00e7\u00e3o da infla\u00e7\u00e3o e do PIB de 2026 - eJornais\" \/>\n\t\t<meta name=\"twitter:description\" content=\"Por MRNews O mercado financeiro rebaixou a proje\u00e7\u00e3o de infla\u00e7\u00e3o e prev\u00ea menor crescimento do Produto Interno Bruto (PIB) brasileiro para 2026, enquanto o c\u00e2mbio do d\u00f3lar e a taxa Selic permanecem inalterados nas previs\u00f5es do ano.As informa\u00e7\u00f5es constam no Boletim Focus, divulgado nesta segunda-feira (31) pelo Banco Central (BC), em Bras\u00edlia.A publica\u00e7\u00e3o semanal traz\" \/>\n\t\t<script type=\"application\/ld+json\" class=\"aioseo-schema\">\n\t\t\t{\"@context\":\"https:\\\/\\\/schema.org\",\"@graph\":[{\"@type\":\"BlogPosting\",\"@id\":\"https:\\\/\\\/ejornais.com.br\\\/index.php\\\/2026\\\/08\\\/31\\\/mercado-preve-reducao-da-inflacao-e-do-pib-de-2026\\\/#blogposting\",\"name\":\"mercado prev\\u00ea redu\\u00e7\\u00e3o da infla\\u00e7\\u00e3o e do PIB de 2026 - eJornais\",\"headline\":\"mercado prev\\u00ea redu\\u00e7\\u00e3o da infla\\u00e7\\u00e3o e do PIB de 2026\",\"author\":{\"@id\":\"https:\\\/\\\/ejornais.com.br\\\/index.php\\\/author\\\/admin1\\\/#author\"},\"publisher\":{\"@id\":\"https:\\\/\\\/ejornais.com.br\\\/#organization\"},\"datePublished\":\"2026-08-31T13:07:04-03:00\",\"dateModified\":\"2026-08-31T13:07:04-03:00\",\"inLanguage\":\"pt-BR\",\"mainEntityOfPage\":{\"@id\":\"https:\\\/\\\/ejornais.com.br\\\/index.php\\\/2026\\\/08\\\/31\\\/mercado-preve-reducao-da-inflacao-e-do-pib-de-2026\\\/#webpage\"},\"isPartOf\":{\"@id\":\"https:\\\/\\\/ejornais.com.br\\\/index.php\\\/2026\\\/08\\\/31\\\/mercado-preve-reducao-da-inflacao-e-do-pib-de-2026\\\/#webpage\"},\"articleSection\":\"Cat\\u00e1logo de Jornais\"},{\"@type\":\"BreadcrumbList\",\"@id\":\"https:\\\/\\\/ejornais.com.br\\\/index.php\\\/2026\\\/08\\\/31\\\/mercado-preve-reducao-da-inflacao-e-do-pib-de-2026\\\/#breadcrumblist\",\"itemListElement\":[{\"@type\":\"ListItem\",\"@id\":\"https:\\\/\\\/ejornais.com.br#listItem\",\"position\":1,\"name\":\"In\\u00edcio\",\"item\":\"https:\\\/\\\/ejornais.com.br\",\"nextItem\":{\"@type\":\"ListItem\",\"@id\":\"https:\\\/\\\/ejornais.com.br\\\/index.php\\\/category\\\/ejornais\\\/#listItem\",\"name\":\"Cat\\u00e1logo de Jornais\"}},{\"@type\":\"ListItem\",\"@id\":\"https:\\\/\\\/ejornais.com.br\\\/index.php\\\/category\\\/ejornais\\\/#listItem\",\"position\":2,\"name\":\"Cat\\u00e1logo de Jornais\",\"item\":\"https:\\\/\\\/ejornais.com.br\\\/index.php\\\/category\\\/ejornais\\\/\",\"nextItem\":{\"@type\":\"ListItem\",\"@id\":\"https:\\\/\\\/ejornais.com.br\\\/index.php\\\/2026\\\/08\\\/31\\\/mercado-preve-reducao-da-inflacao-e-do-pib-de-2026\\\/#listItem\",\"name\":\"mercado prev\\u00ea redu\\u00e7\\u00e3o da infla\\u00e7\\u00e3o e do PIB de 2026\"},\"previousItem\":{\"@type\":\"ListItem\",\"@id\":\"https:\\\/\\\/ejornais.com.br#listItem\",\"name\":\"In\\u00edcio\"}},{\"@type\":\"ListItem\",\"@id\":\"https:\\\/\\\/ejornais.com.br\\\/index.php\\\/2026\\\/08\\\/31\\\/mercado-preve-reducao-da-inflacao-e-do-pib-de-2026\\\/#listItem\",\"position\":3,\"name\":\"mercado prev\\u00ea redu\\u00e7\\u00e3o da infla\\u00e7\\u00e3o e do PIB de 2026\",\"previousItem\":{\"@type\":\"ListItem\",\"@id\":\"https:\\\/\\\/ejornais.com.br\\\/index.php\\\/category\\\/ejornais\\\/#listItem\",\"name\":\"Cat\\u00e1logo de Jornais\"}}]},{\"@type\":\"Organization\",\"@id\":\"https:\\\/\\\/ejornais.com.br\\\/#organization\",\"name\":\"eJornais\",\"description\":\"Cat\\u00e1logo de Jornais no mundo, Not\\u00edcias, Blog e Esportes ao vivo\",\"url\":\"https:\\\/\\\/ejornais.com.br\\\/\"},{\"@type\":\"Person\",\"@id\":\"https:\\\/\\\/ejornais.com.br\\\/index.php\\\/author\\\/admin1\\\/#author\",\"url\":\"https:\\\/\\\/ejornais.com.br\\\/index.php\\\/author\\\/admin1\\\/\",\"name\":\"admin1\",\"image\":{\"@type\":\"ImageObject\",\"@id\":\"https:\\\/\\\/ejornais.com.br\\\/index.php\\\/2026\\\/08\\\/31\\\/mercado-preve-reducao-da-inflacao-e-do-pib-de-2026\\\/#authorImage\",\"url\":\"https:\\\/\\\/secure.gravatar.com\\\/avatar\\\/04084e6d73c042b8646e7c17b494073bf0ede3ea13c7105cfc45cbbbc28385a4?s=96&d=mm&r=g\",\"width\":96,\"height\":96,\"caption\":\"admin1\"}},{\"@type\":\"WebPage\",\"@id\":\"https:\\\/\\\/ejornais.com.br\\\/index.php\\\/2026\\\/08\\\/31\\\/mercado-preve-reducao-da-inflacao-e-do-pib-de-2026\\\/#webpage\",\"url\":\"https:\\\/\\\/ejornais.com.br\\\/index.php\\\/2026\\\/08\\\/31\\\/mercado-preve-reducao-da-inflacao-e-do-pib-de-2026\\\/\",\"name\":\"mercado prev\\u00ea redu\\u00e7\\u00e3o da infla\\u00e7\\u00e3o e do PIB de 2026 - eJornais\",\"description\":\"Por MRNews O mercado financeiro rebaixou a proje\\u00e7\\u00e3o de infla\\u00e7\\u00e3o e prev\\u00ea menor crescimento do Produto Interno Bruto (PIB) brasileiro para 2026, enquanto o c\\u00e2mbio do d\\u00f3lar e a taxa Selic permanecem inalterados nas previs\\u00f5es do ano.As informa\\u00e7\\u00f5es constam no Boletim Focus, divulgado nesta segunda-feira (31) pelo Banco Central (BC), em Bras\\u00edlia.A publica\\u00e7\\u00e3o semanal traz\",\"inLanguage\":\"pt-BR\",\"isPartOf\":{\"@id\":\"https:\\\/\\\/ejornais.com.br\\\/#website\"},\"breadcrumb\":{\"@id\":\"https:\\\/\\\/ejornais.com.br\\\/index.php\\\/2026\\\/08\\\/31\\\/mercado-preve-reducao-da-inflacao-e-do-pib-de-2026\\\/#breadcrumblist\"},\"author\":{\"@id\":\"https:\\\/\\\/ejornais.com.br\\\/index.php\\\/author\\\/admin1\\\/#author\"},\"creator\":{\"@id\":\"https:\\\/\\\/ejornais.com.br\\\/index.php\\\/author\\\/admin1\\\/#author\"},\"datePublished\":\"2026-08-31T13:07:04-03:00\",\"dateModified\":\"2026-08-31T13:07:04-03:00\"},{\"@type\":\"WebSite\",\"@id\":\"https:\\\/\\\/ejornais.com.br\\\/#website\",\"url\":\"https:\\\/\\\/ejornais.com.br\\\/\",\"name\":\"eJornais\",\"description\":\"Cat\\u00e1logo de Jornais no mundo, Not\\u00edcias, Blog e Esportes ao vivo\",\"inLanguage\":\"pt-BR\",\"publisher\":{\"@id\":\"https:\\\/\\\/ejornais.com.br\\\/#organization\"}}]}\n\t\t<\/script>\n\t\t<!-- All in One SEO -->\n\n","aioseo_head_json":{"title":"mercado prev\u00ea redu\u00e7\u00e3o da infla\u00e7\u00e3o e do PIB de 2026 - eJornais","description":"Por MRNews O mercado financeiro rebaixou a proje\u00e7\u00e3o de infla\u00e7\u00e3o e prev\u00ea menor crescimento do Produto Interno Bruto (PIB) brasileiro para 2026, enquanto o c\u00e2mbio do d\u00f3lar e a taxa Selic permanecem inalterados nas previs\u00f5es do ano.As informa\u00e7\u00f5es constam no Boletim Focus, divulgado nesta segunda-feira (31) pelo Banco Central (BC), em Bras\u00edlia.A publica\u00e7\u00e3o semanal traz","canonical_url":"https:\/\/ejornais.com.br\/index.php\/2026\/08\/31\/mercado-preve-reducao-da-inflacao-e-do-pib-de-2026\/","robots":"max-image-preview:large","keywords":"","webmasterTools":{"miscellaneous":""},"schema":{"@context":"https:\/\/schema.org","@graph":[{"@type":"BlogPosting","@id":"https:\/\/ejornais.com.br\/index.php\/2026\/08\/31\/mercado-preve-reducao-da-inflacao-e-do-pib-de-2026\/#blogposting","name":"mercado prev\u00ea redu\u00e7\u00e3o da infla\u00e7\u00e3o e do PIB de 2026 - eJornais","headline":"mercado prev\u00ea redu\u00e7\u00e3o da infla\u00e7\u00e3o e do PIB de 2026","author":{"@id":"https:\/\/ejornais.com.br\/index.php\/author\/admin1\/#author"},"publisher":{"@id":"https:\/\/ejornais.com.br\/#organization"},"datePublished":"2026-08-31T13:07:04-03:00","dateModified":"2026-08-31T13:07:04-03:00","inLanguage":"pt-BR","mainEntityOfPage":{"@id":"https:\/\/ejornais.com.br\/index.php\/2026\/08\/31\/mercado-preve-reducao-da-inflacao-e-do-pib-de-2026\/#webpage"},"isPartOf":{"@id":"https:\/\/ejornais.com.br\/index.php\/2026\/08\/31\/mercado-preve-reducao-da-inflacao-e-do-pib-de-2026\/#webpage"},"articleSection":"Cat\u00e1logo de Jornais"},{"@type":"BreadcrumbList","@id":"https:\/\/ejornais.com.br\/index.php\/2026\/08\/31\/mercado-preve-reducao-da-inflacao-e-do-pib-de-2026\/#breadcrumblist","itemListElement":[{"@type":"ListItem","@id":"https:\/\/ejornais.com.br#listItem","position":1,"name":"In\u00edcio","item":"https:\/\/ejornais.com.br","nextItem":{"@type":"ListItem","@id":"https:\/\/ejornais.com.br\/index.php\/category\/ejornais\/#listItem","name":"Cat\u00e1logo de Jornais"}},{"@type":"ListItem","@id":"https:\/\/ejornais.com.br\/index.php\/category\/ejornais\/#listItem","position":2,"name":"Cat\u00e1logo de Jornais","item":"https:\/\/ejornais.com.br\/index.php\/category\/ejornais\/","nextItem":{"@type":"ListItem","@id":"https:\/\/ejornais.com.br\/index.php\/2026\/08\/31\/mercado-preve-reducao-da-inflacao-e-do-pib-de-2026\/#listItem","name":"mercado prev\u00ea redu\u00e7\u00e3o da infla\u00e7\u00e3o e do PIB de 2026"},"previousItem":{"@type":"ListItem","@id":"https:\/\/ejornais.com.br#listItem","name":"In\u00edcio"}},{"@type":"ListItem","@id":"https:\/\/ejornais.com.br\/index.php\/2026\/08\/31\/mercado-preve-reducao-da-inflacao-e-do-pib-de-2026\/#listItem","position":3,"name":"mercado prev\u00ea redu\u00e7\u00e3o da infla\u00e7\u00e3o e do PIB de 2026","previousItem":{"@type":"ListItem","@id":"https:\/\/ejornais.com.br\/index.php\/category\/ejornais\/#listItem","name":"Cat\u00e1logo de Jornais"}}]},{"@type":"Organization","@id":"https:\/\/ejornais.com.br\/#organization","name":"eJornais","description":"Cat\u00e1logo de Jornais no mundo, Not\u00edcias, Blog e Esportes ao vivo","url":"https:\/\/ejornais.com.br\/"},{"@type":"Person","@id":"https:\/\/ejornais.com.br\/index.php\/author\/admin1\/#author","url":"https:\/\/ejornais.com.br\/index.php\/author\/admin1\/","name":"admin1","image":{"@type":"ImageObject","@id":"https:\/\/ejornais.com.br\/index.php\/2026\/08\/31\/mercado-preve-reducao-da-inflacao-e-do-pib-de-2026\/#authorImage","url":"https:\/\/secure.gravatar.com\/avatar\/04084e6d73c042b8646e7c17b494073bf0ede3ea13c7105cfc45cbbbc28385a4?s=96&d=mm&r=g","width":96,"height":96,"caption":"admin1"}},{"@type":"WebPage","@id":"https:\/\/ejornais.com.br\/index.php\/2026\/08\/31\/mercado-preve-reducao-da-inflacao-e-do-pib-de-2026\/#webpage","url":"https:\/\/ejornais.com.br\/index.php\/2026\/08\/31\/mercado-preve-reducao-da-inflacao-e-do-pib-de-2026\/","name":"mercado prev\u00ea redu\u00e7\u00e3o da infla\u00e7\u00e3o e do PIB de 2026 - eJornais","description":"Por MRNews O mercado financeiro rebaixou a proje\u00e7\u00e3o de infla\u00e7\u00e3o e prev\u00ea menor crescimento do Produto Interno Bruto (PIB) brasileiro para 2026, enquanto o c\u00e2mbio do d\u00f3lar e a taxa Selic permanecem inalterados nas previs\u00f5es do ano.As informa\u00e7\u00f5es constam no Boletim Focus, divulgado nesta segunda-feira (31) pelo Banco Central (BC), em Bras\u00edlia.A publica\u00e7\u00e3o semanal traz","inLanguage":"pt-BR","isPartOf":{"@id":"https:\/\/ejornais.com.br\/#website"},"breadcrumb":{"@id":"https:\/\/ejornais.com.br\/index.php\/2026\/08\/31\/mercado-preve-reducao-da-inflacao-e-do-pib-de-2026\/#breadcrumblist"},"author":{"@id":"https:\/\/ejornais.com.br\/index.php\/author\/admin1\/#author"},"creator":{"@id":"https:\/\/ejornais.com.br\/index.php\/author\/admin1\/#author"},"datePublished":"2026-08-31T13:07:04-03:00","dateModified":"2026-08-31T13:07:04-03:00"},{"@type":"WebSite","@id":"https:\/\/ejornais.com.br\/#website","url":"https:\/\/ejornais.com.br\/","name":"eJornais","description":"Cat\u00e1logo de Jornais no mundo, Not\u00edcias, Blog e Esportes ao vivo","inLanguage":"pt-BR","publisher":{"@id":"https:\/\/ejornais.com.br\/#organization"}}]},"og:locale":"pt_BR","og:site_name":"eJornais - Cat\u00e1logo de Jornais no mundo, Not\u00edcias, Blog e Esportes ao vivo","og:type":"article","og:title":"mercado prev\u00ea redu\u00e7\u00e3o da infla\u00e7\u00e3o e do PIB de 2026 - eJornais","og:description":"Por MRNews O mercado financeiro rebaixou a proje\u00e7\u00e3o de infla\u00e7\u00e3o e prev\u00ea menor crescimento do Produto Interno Bruto (PIB) brasileiro para 2026, enquanto o c\u00e2mbio do d\u00f3lar e a taxa Selic permanecem inalterados nas previs\u00f5es do ano.As informa\u00e7\u00f5es constam no Boletim Focus, divulgado nesta segunda-feira (31) pelo Banco Central (BC), em Bras\u00edlia.A publica\u00e7\u00e3o semanal traz","og:url":"https:\/\/ejornais.com.br\/index.php\/2026\/08\/31\/mercado-preve-reducao-da-inflacao-e-do-pib-de-2026\/","article:published_time":"2026-08-31T16:07:04+00:00","article:modified_time":"2026-08-31T16:07:04+00:00","twitter:card":"summary_large_image","twitter:title":"mercado prev\u00ea redu\u00e7\u00e3o da infla\u00e7\u00e3o e do PIB de 2026 - eJornais","twitter:description":"Por MRNews O mercado financeiro rebaixou a proje\u00e7\u00e3o de infla\u00e7\u00e3o e prev\u00ea menor crescimento do Produto Interno Bruto (PIB) brasileiro para 2026, enquanto o c\u00e2mbio do d\u00f3lar e a taxa Selic permanecem inalterados nas previs\u00f5es do ano.As informa\u00e7\u00f5es constam no Boletim Focus, divulgado nesta segunda-feira (31) pelo Banco Central (BC), em Bras\u00edlia.A publica\u00e7\u00e3o semanal traz"},"aioseo_meta_data":{"post_id":"71435","title":null,"description":null,"keywords":null,"keyphrases":null,"primary_term":null,"canonical_url":null,"og_title":null,"og_description":null,"og_object_type":"default","og_image_type":"default","og_image_url":null,"og_image_width":null,"og_image_height":null,"og_image_custom_url":null,"og_image_custom_fields":null,"og_video":null,"og_custom_url":null,"og_article_section":null,"og_article_tags":null,"twitter_use_og":false,"twitter_card":"default","twitter_image_type":"default","twitter_image_url":null,"twitter_image_custom_url":null,"twitter_image_custom_fields":null,"twitter_title":null,"twitter_description":null,"schema":{"blockGraphs":[],"customGraphs":[],"default":{"data":{"Article":[],"Course":[],"Dataset":[],"FAQPage":[],"Movie":[],"Person":[],"Product":[],"ProductReview":[],"Car":[],"Recipe":[],"Service":[],"SoftwareApplication":[],"WebPage":[]},"graphName":"","isEnabled":true},"graphs":[]},"schema_type":"default","schema_type_options":null,"pillar_content":false,"robots_default":true,"robots_noindex":false,"robots_noarchive":false,"robots_nosnippet":false,"robots_nofollow":false,"robots_noimageindex":false,"robots_noodp":false,"robots_notranslate":false,"robots_max_snippet":null,"robots_max_videopreview":null,"robots_max_imagepreview":"large","priority":null,"frequency":null,"local_seo":null,"breadcrumb_settings":null,"limit_modified_date":false,"ai":null,"created":"2026-08-31 16:08:03","updated":"2026-08-31 16:08:03","seo_analyzer_scan_date":null,"focus_keyword":null,"additional_keywords":null,"truseo_locale":null},"aioseo_breadcrumb":"<div class=\"aioseo-breadcrumbs\"><span class=\"aioseo-breadcrumb\">\n\t\t\t<a href=\"https:\/\/ejornais.com.br\" title=\"In\u00edcio\">In\u00edcio<\/a>\n\t\t<\/span><span class=\"aioseo-breadcrumb-separator\">&raquo;<\/span><span class=\"aioseo-breadcrumb\">\n\t\t\t<a href=\"https:\/\/ejornais.com.br\/index.php\/category\/ejornais\/\" title=\"Cat\u00e1logo de Jornais\">Cat\u00e1logo de Jornais<\/a>\n\t\t<\/span><span class=\"aioseo-breadcrumb-separator\">&raquo;<\/span><span class=\"aioseo-breadcrumb\">\n\t\t\tmercado prev\u00ea redu\u00e7\u00e3o da infla\u00e7\u00e3o e do PIB de 2026\n\t\t<\/span><\/div>","aioseo_breadcrumb_json":[{"label":"In\u00edcio","link":"https:\/\/ejornais.com.br"},{"label":"Cat\u00e1logo de Jornais","link":"https:\/\/ejornais.com.br\/index.php\/category\/ejornais\/"},{"label":"mercado prev\u00ea redu\u00e7\u00e3o da infla\u00e7\u00e3o e do PIB de 2026","link":"https:\/\/ejornais.com.br\/index.php\/2026\/08\/31\/mercado-preve-reducao-da-inflacao-e-do-pib-de-2026\/"}],"amp_enabled":true,"_links":{"self":[{"href":"https:\/\/ejornais.com.br\/index.php\/wp-json\/wp\/v2\/posts\/71435","targetHints":{"allow":["GET"]}}],"collection":[{"href":"https:\/\/ejornais.com.br\/index.php\/wp-json\/wp\/v2\/posts"}],"about":[{"href":"https:\/\/ejornais.com.br\/index.php\/wp-json\/wp\/v2\/types\/post"}],"author":[{"embeddable":true,"href":"https:\/\/ejornais.com.br\/index.php\/wp-json\/wp\/v2\/users\/2"}],"replies":[{"embeddable":true,"href":"https:\/\/ejornais.com.br\/index.php\/wp-json\/wp\/v2\/comments?post=71435"}],"version-history":[{"count":0,"href":"https:\/\/ejornais.com.br\/index.php\/wp-json\/wp\/v2\/posts\/71435\/revisions"}],"wp:attachment":[{"href":"https:\/\/ejornais.com.br\/index.php\/wp-json\/wp\/v2\/media?parent=71435"}],"wp:term":[{"taxonomy":"category","embeddable":true,"href":"https:\/\/ejornais.com.br\/index.php\/wp-json\/wp\/v2\/categories?post=71435"},{"taxonomy":"post_tag","embeddable":true,"href":"https:\/\/ejornais.com.br\/index.php\/wp-json\/wp\/v2\/tags?post=71435"}],"curies":[{"name":"wp","href":"https:\/\/api.w.org\/{rel}","templated":true}]}}