{"id":71457,"date":"2026-08-31T22:33:03","date_gmt":"2026-09-01T01:33:03","guid":{"rendered":"https:\/\/ejornais.com.br\/index.php\/2026\/08\/31\/alexandre-pato-volta-ao-centro-de-polemica-apos-revelacao-sobre-antigo-relacionamento\/"},"modified":"2026-08-31T22:33:03","modified_gmt":"2026-09-01T01:33:03","slug":"alexandre-pato-volta-ao-centro-de-polemica-apos-revelacao-sobre-antigo-relacionamento","status":"publish","type":"post","link":"https:\/\/ejornais.com.br\/index.php\/2026\/08\/31\/alexandre-pato-volta-ao-centro-de-polemica-apos-revelacao-sobre-antigo-relacionamento\/","title":{"rendered":"Alexandre Pato volta ao centro de pol\u00eamica ap\u00f3s revela\u00e7\u00e3o sobre antigo relacionamento"},"content":{"rendered":"<p> Por MRNews<br \/>\n<\/p>\n<div>\n<p>Alexandre Pato volta ao centro de pol\u00eamica ap\u00f3s revela\u00e7\u00e3o sobre antigo relacionamento<\/p>\n<h2>Ex-Miss Brasil D\u00e9bora Lyra relembrou namoro com o ex-jogador e fez uma acusa\u00e7\u00e3o que chamou aten\u00e7\u00e3o nas redes<\/h2>\n<p>Alexandre Pato voltou a ter sua vida pessoal comentada publicamente depois que a ex-Miss Brasil <strong>D\u00e9bora Lyra<\/strong> relembrou um relacionamento que manteve com o ex-jogador em 2010. O romance durou aproximadamente quatro meses e aconteceu justamente em um per\u00edodo de grande exposi\u00e7\u00e3o para a modelo, que havia conquistado o t\u00edtulo nacional de beleza.<\/p>\n<p>Anos depois do fim da rela\u00e7\u00e3o, D\u00e9bora decidiu falar sobre aquele per\u00edodo durante participa\u00e7\u00e3o no podcast <strong>G5Entrevista<\/strong>. Foi ent\u00e3o que ela fez uma revela\u00e7\u00e3o envolvendo o motivo que, segundo sua vers\u00e3o, teria contribu\u00eddo para o t\u00e9rmino do namoro.<\/p>\n<h3>D\u00e9bora Lyra fala sobre suposta trai\u00e7\u00e3o<\/h3>\n<p>Durante a entrevista, D\u00e9bora afirmou que Alexandre Pato teria sido infiel durante o relacionamento.<\/p>\n<p><strong><a href=\"https:\/\/mrnews.com.br\/index.php\/2026\/08\/31\/caua-reymond-se-emociona-e-vai-as-lagrimas-ao-lembrar-de-pessoa-especial\/\">Cau\u00e3 Reymond se emociona e vai \u00e0s l\u00e1grimas ao lembrar de pessoa especial<\/a><\/strong><\/p>\n<p><strong><a href=\"https:\/\/mrnews.com.br\/index.php\/2026\/08\/30\/abalado-caua-reymond-vai-as-lagrimas-ao-lamentar-triste-perda-descanse-em-paz\/\">Abalado, Cau\u00e3 Reymond vai \u00e0s l\u00e1grimas ao lamentar triste perda, \u2018Descanse em paz\u2019<\/a><\/strong><\/p>\n<p>Segundo a ex-Miss Brasil, o jogador teria se envolvido com <strong>B\u00e1rbara Berlusconi<\/strong>, filha do ex-primeiro-ministro italiano Silvio Berlusconi. Na \u00e9poca, B\u00e1rbara tamb\u00e9m ocupava uma posi\u00e7\u00e3o importante ligada ao clube onde Pato atuava.<\/p>\n<p>A declara\u00e7\u00e3o trouxe novamente \u00e0 tona um epis\u00f3dio da vida amorosa do ex-atacante que aconteceu h\u00e1 mais de uma d\u00e9cada.<\/p>\n<p>Vale destacar que as informa\u00e7\u00f5es sobre uma suposta trai\u00e7\u00e3o partem do relato feito por D\u00e9bora Lyra. O conte\u00fado divulgado n\u00e3o apresenta manifesta\u00e7\u00e3o de Alexandre Pato sobre essas declara\u00e7\u00f5es recentes.<\/p>\n<h3>T\u00e9rmino teria acontecido de maneira muito r\u00e1pida<\/h3>\n<p>D\u00e9bora tamb\u00e9m contou que s\u00f3 teria descoberto o suposto envolvimento depois que seu relacionamento com Pato j\u00e1 havia terminado.<\/p>\n<p><strong><a href=\"https:\/\/mrnews.com.br\/index.php\/2026\/08\/30\/fatima-bernardes-surpreende-ao-aparecer-ao-lado-de-bonner-e-da-filha-comentario-de-tulio-chama-atencao\/\">F\u00e1tima Bernardes surpreende ao aparecer ao lado de Bonner e da filha; coment\u00e1rio de T\u00falio chama aten\u00e7\u00e3o<\/a><\/strong><\/p>\n<p><strong><a href=\"https:\/\/mrnews.com.br\/index.php\/2026\/08\/30\/padre-de-59-anos-morre-durante-missa-de-domingo-e-deixa-fieis-em-choque\/\">Padre de 59 anos morre durante missa de domingo e deixa fi\u00e9is em choque<\/a><\/strong><\/p>\n<p>Segundo sua vers\u00e3o, o que mais a abalou foi a rapidez com que o jogador teria aparecido em um novo relacionamento. A modelo afirmou que o namoro terminou e, poucos dias depois, Pato j\u00e1 estaria envolvido com B\u00e1rbara Berlusconi.<\/p>\n<p>Na \u00e9poca, D\u00e9bora ainda era bastante jovem e estava vivendo uma fase de intensa exposi\u00e7\u00e3o ap\u00f3s vencer o Miss Brasil.<\/p>\n<p>Ela relatou que a situa\u00e7\u00e3o teve um impacto emocional importante naquele momento.<\/p>\n<h3>Ex-Miss Brasil comenta comportamento de Alexandre Pato<\/h3>\n<p>Apesar da acusa\u00e7\u00e3o de infidelidade, D\u00e9bora afirmou durante a entrevista que n\u00e3o classificava Alexandre Pato como uma pessoa t\u00f3xica.<\/p>\n<p>Ao comentar sobre o antigo relacionamento, ela fez uma diferencia\u00e7\u00e3o entre o comportamento do ent\u00e3o namorado e a suposta trai\u00e7\u00e3o que afirma ter descoberto posteriormente.<\/p>\n<p>A declara\u00e7\u00e3o surgiu enquanto ela respondia a perguntas sobre sua experi\u00eancia ao lado do jogador e sobre epis\u00f3dios envolvendo antigos relacionamentos de Pato.<\/p>\n<h3>Relacionamento aconteceu em 2010<\/h3>\n<p>O namoro entre Alexandre Pato e D\u00e9bora Lyra aconteceu em 2010 e teria durado aproximadamente quatro meses.<\/p>\n<p>Naquele per\u00edodo, Pato j\u00e1 tinha grande proje\u00e7\u00e3o no futebol internacional, enquanto D\u00e9bora vivia um dos momentos de maior visibilidade de sua carreira como modelo ap\u00f3s receber a faixa de Miss Brasil.<\/p>\n<p>Apesar de breve, o relacionamento voltou ao notici\u00e1rio 16 anos depois justamente por causa das declara\u00e7\u00f5es feitas pela ex-Miss.<\/p>\n<h3>Quem \u00e9 B\u00e1rbara Berlusconi?<\/h3>\n<p>B\u00e1rbara Berlusconi \u00e9 filha do empres\u00e1rio e ex-primeiro-ministro italiano <strong>Silvio Berlusconi<\/strong>.<\/p>\n<p>Ela teve participa\u00e7\u00e3o na administra\u00e7\u00e3o do Milan durante a \u00e9poca em que Alexandre Pato atuava pelo clube italiano.<\/p>\n<p>Pato e B\u00e1rbara posteriormente assumiram publicamente um relacionamento, o que acabou tornando o casal bastante conhecido pela imprensa esportiva e de celebridades daquele per\u00edodo.<\/p>\n<p>O ponto levantado agora por D\u00e9bora Lyra envolve justamente quando essa aproxima\u00e7\u00e3o teria come\u00e7ado.<\/p>\n<h3>Declara\u00e7\u00e3o recupera antigo cap\u00edtulo da vida pessoal de Pato<\/h3>\n<p>As revela\u00e7\u00f5es fizeram com que um relacionamento curto e ocorrido h\u00e1 muitos anos voltasse aos holofotes.<\/p>\n<p>Desde que deixou os gramados, Alexandre Pato continuou sendo um nome bastante conhecido do p\u00fablico brasileiro. Al\u00e9m da carreira como jogador, ele passou a aparecer tamb\u00e9m em projetos ligados \u00e0 televis\u00e3o e ao futebol.<\/p>\n<p>Dessa vez, por\u00e9m, a repercuss\u00e3o n\u00e3o est\u00e1 relacionada ao esporte, mas a uma hist\u00f3ria de sua vida pessoal.<\/p>\n<p>O depoimento de D\u00e9bora Lyra mostra como epis\u00f3dios antigos envolvendo celebridades podem voltar a ganhar aten\u00e7\u00e3o quando uma das pessoas envolvidas decide contar publicamente sua vers\u00e3o dos acontecimentos.<\/p>\n<p>At\u00e9 o momento considerado no relato original, a acusa\u00e7\u00e3o divulgada \u00e9 baseada na vers\u00e3o apresentada pela ex-Miss Brasil.<\/p>\n<h3>Tags SEO<\/h3>\n<p>Alexandre Pato, D\u00e9bora Lyra, Alexandre Pato trai\u00e7\u00e3o, suposta trai\u00e7\u00e3o Alexandre Pato, B\u00e1rbara Berlusconi, Alexandre Pato e D\u00e9bora Lyra, ex-Miss Brasil, Alexandre Pato namoro, famosos, celebridades, jogadores de futebol, vida de Alexandre Pato, pol\u00eamica Alexandre Pato, not\u00edcias dos famosos<\/p>\n<\/div>\n","protected":false},"excerpt":{"rendered":"<p>Por MRNews Alexandre Pato volta ao centro de pol\u00eamica ap\u00f3s revela\u00e7\u00e3o sobre antigo relacionamento Ex-Miss Brasil D\u00e9bora Lyra relembrou namoro<\/p>\n","protected":false},"author":2,"featured_media":0,"comment_status":"","ping_status":"","sticky":false,"template":"","format":"standard","meta":{"colormag_page_container_layout":"default_layout","colormag_page_sidebar_layout":"default_layout","footnotes":""},"categories":[1],"tags":[],"class_list":["post-71457","post","type-post","status-publish","format-standard","hentry","category-ejornais"],"aioseo_notices":[],"aioseo_head":"\n\t\t<!-- All in One SEO 5.0.1.1 - aioseo.com -->\n\t<meta name=\"description\" content=\"Por MRNews Alexandre Pato volta ao centro de pol\u00eamica ap\u00f3s revela\u00e7\u00e3o sobre antigo relacionamentoEx-Miss Brasil D\u00e9bora Lyra relembrou namoro com o ex-jogador e fez uma acusa\u00e7\u00e3o que chamou aten\u00e7\u00e3o nas redesAlexandre Pato voltou a ter sua vida pessoal comentada publicamente depois que a ex-Miss Brasil D\u00e9bora Lyra relembrou um relacionamento que manteve com o ex-jogador\" \/>\n\t<meta name=\"robots\" content=\"max-image-preview:large\" \/>\n\t<meta name=\"author\" content=\"admin1\"\/>\n\t<link rel=\"canonical\" href=\"https:\/\/ejornais.com.br\/index.php\/2026\/08\/31\/alexandre-pato-volta-ao-centro-de-polemica-apos-revelacao-sobre-antigo-relacionamento\/\" \/>\n\t<meta name=\"generator\" content=\"All in One SEO (AIOSEO) 5.0.1.1\" \/>\n\t\t<meta property=\"og:locale\" content=\"pt_BR\" \/>\n\t\t<meta property=\"og:site_name\" content=\"eJornais - Cat\u00e1logo de Jornais no mundo, Not\u00edcias, Blog e Esportes ao vivo\" \/>\n\t\t<meta property=\"og:type\" content=\"article\" \/>\n\t\t<meta property=\"og:title\" content=\"Alexandre Pato volta ao centro de pol\u00eamica ap\u00f3s revela\u00e7\u00e3o sobre antigo relacionamento - eJornais\" \/>\n\t\t<meta property=\"og:description\" content=\"Por MRNews Alexandre Pato volta ao centro de pol\u00eamica ap\u00f3s revela\u00e7\u00e3o sobre antigo relacionamentoEx-Miss Brasil D\u00e9bora Lyra relembrou namoro com o ex-jogador e fez uma acusa\u00e7\u00e3o que chamou aten\u00e7\u00e3o nas redesAlexandre Pato voltou a ter sua vida pessoal comentada publicamente depois que a ex-Miss Brasil D\u00e9bora Lyra relembrou um relacionamento que manteve com o ex-jogador\" \/>\n\t\t<meta property=\"og:url\" content=\"https:\/\/ejornais.com.br\/index.php\/2026\/08\/31\/alexandre-pato-volta-ao-centro-de-polemica-apos-revelacao-sobre-antigo-relacionamento\/\" \/>\n\t\t<meta property=\"article:published_time\" content=\"2026-09-01T01:33:03+00:00\" \/>\n\t\t<meta property=\"article:modified_time\" content=\"2026-09-01T01:33:03+00:00\" \/>\n\t\t<meta name=\"twitter:card\" content=\"summary_large_image\" \/>\n\t\t<meta name=\"twitter:title\" content=\"Alexandre Pato volta ao centro de pol\u00eamica ap\u00f3s revela\u00e7\u00e3o sobre antigo relacionamento - eJornais\" \/>\n\t\t<meta name=\"twitter:description\" content=\"Por MRNews Alexandre Pato volta ao centro de pol\u00eamica ap\u00f3s revela\u00e7\u00e3o sobre antigo relacionamentoEx-Miss Brasil D\u00e9bora Lyra relembrou namoro com o ex-jogador e fez uma acusa\u00e7\u00e3o que chamou aten\u00e7\u00e3o nas redesAlexandre Pato voltou a ter sua vida pessoal comentada publicamente depois que a ex-Miss Brasil D\u00e9bora Lyra relembrou um relacionamento que manteve com o ex-jogador\" \/>\n\t\t<script type=\"application\/ld+json\" class=\"aioseo-schema\">\n\t\t\t{\"@context\":\"https:\\\/\\\/schema.org\",\"@graph\":[{\"@type\":\"BlogPosting\",\"@id\":\"https:\\\/\\\/ejornais.com.br\\\/index.php\\\/2026\\\/08\\\/31\\\/alexandre-pato-volta-ao-centro-de-polemica-apos-revelacao-sobre-antigo-relacionamento\\\/#blogposting\",\"name\":\"Alexandre Pato volta ao centro de pol\\u00eamica ap\\u00f3s revela\\u00e7\\u00e3o sobre antigo relacionamento - eJornais\",\"headline\":\"Alexandre Pato volta ao centro de pol\\u00eamica ap\\u00f3s revela\\u00e7\\u00e3o sobre antigo relacionamento\",\"author\":{\"@id\":\"https:\\\/\\\/ejornais.com.br\\\/index.php\\\/author\\\/admin1\\\/#author\"},\"publisher\":{\"@id\":\"https:\\\/\\\/ejornais.com.br\\\/#organization\"},\"datePublished\":\"2026-08-31T22:33:03-03:00\",\"dateModified\":\"2026-08-31T22:33:03-03:00\",\"inLanguage\":\"pt-BR\",\"mainEntityOfPage\":{\"@id\":\"https:\\\/\\\/ejornais.com.br\\\/index.php\\\/2026\\\/08\\\/31\\\/alexandre-pato-volta-ao-centro-de-polemica-apos-revelacao-sobre-antigo-relacionamento\\\/#webpage\"},\"isPartOf\":{\"@id\":\"https:\\\/\\\/ejornais.com.br\\\/index.php\\\/2026\\\/08\\\/31\\\/alexandre-pato-volta-ao-centro-de-polemica-apos-revelacao-sobre-antigo-relacionamento\\\/#webpage\"},\"articleSection\":\"Cat\\u00e1logo de Jornais\"},{\"@type\":\"BreadcrumbList\",\"@id\":\"https:\\\/\\\/ejornais.com.br\\\/index.php\\\/2026\\\/08\\\/31\\\/alexandre-pato-volta-ao-centro-de-polemica-apos-revelacao-sobre-antigo-relacionamento\\\/#breadcrumblist\",\"itemListElement\":[{\"@type\":\"ListItem\",\"@id\":\"https:\\\/\\\/ejornais.com.br#listItem\",\"position\":1,\"name\":\"In\\u00edcio\",\"item\":\"https:\\\/\\\/ejornais.com.br\",\"nextItem\":{\"@type\":\"ListItem\",\"@id\":\"https:\\\/\\\/ejornais.com.br\\\/index.php\\\/category\\\/ejornais\\\/#listItem\",\"name\":\"Cat\\u00e1logo de Jornais\"}},{\"@type\":\"ListItem\",\"@id\":\"https:\\\/\\\/ejornais.com.br\\\/index.php\\\/category\\\/ejornais\\\/#listItem\",\"position\":2,\"name\":\"Cat\\u00e1logo de Jornais\",\"item\":\"https:\\\/\\\/ejornais.com.br\\\/index.php\\\/category\\\/ejornais\\\/\",\"nextItem\":{\"@type\":\"ListItem\",\"@id\":\"https:\\\/\\\/ejornais.com.br\\\/index.php\\\/2026\\\/08\\\/31\\\/alexandre-pato-volta-ao-centro-de-polemica-apos-revelacao-sobre-antigo-relacionamento\\\/#listItem\",\"name\":\"Alexandre Pato volta ao centro de pol\\u00eamica ap\\u00f3s revela\\u00e7\\u00e3o sobre antigo relacionamento\"},\"previousItem\":{\"@type\":\"ListItem\",\"@id\":\"https:\\\/\\\/ejornais.com.br#listItem\",\"name\":\"In\\u00edcio\"}},{\"@type\":\"ListItem\",\"@id\":\"https:\\\/\\\/ejornais.com.br\\\/index.php\\\/2026\\\/08\\\/31\\\/alexandre-pato-volta-ao-centro-de-polemica-apos-revelacao-sobre-antigo-relacionamento\\\/#listItem\",\"position\":3,\"name\":\"Alexandre Pato volta ao centro de pol\\u00eamica ap\\u00f3s revela\\u00e7\\u00e3o sobre antigo relacionamento\",\"previousItem\":{\"@type\":\"ListItem\",\"@id\":\"https:\\\/\\\/ejornais.com.br\\\/index.php\\\/category\\\/ejornais\\\/#listItem\",\"name\":\"Cat\\u00e1logo de Jornais\"}}]},{\"@type\":\"Organization\",\"@id\":\"https:\\\/\\\/ejornais.com.br\\\/#organization\",\"name\":\"eJornais\",\"description\":\"Cat\\u00e1logo de Jornais no mundo, Not\\u00edcias, Blog e Esportes ao vivo\",\"url\":\"https:\\\/\\\/ejornais.com.br\\\/\"},{\"@type\":\"Person\",\"@id\":\"https:\\\/\\\/ejornais.com.br\\\/index.php\\\/author\\\/admin1\\\/#author\",\"url\":\"https:\\\/\\\/ejornais.com.br\\\/index.php\\\/author\\\/admin1\\\/\",\"name\":\"admin1\",\"image\":{\"@type\":\"ImageObject\",\"@id\":\"https:\\\/\\\/ejornais.com.br\\\/index.php\\\/2026\\\/08\\\/31\\\/alexandre-pato-volta-ao-centro-de-polemica-apos-revelacao-sobre-antigo-relacionamento\\\/#authorImage\",\"url\":\"https:\\\/\\\/secure.gravatar.com\\\/avatar\\\/04084e6d73c042b8646e7c17b494073bf0ede3ea13c7105cfc45cbbbc28385a4?s=96&d=mm&r=g\",\"width\":96,\"height\":96,\"caption\":\"admin1\"}},{\"@type\":\"WebPage\",\"@id\":\"https:\\\/\\\/ejornais.com.br\\\/index.php\\\/2026\\\/08\\\/31\\\/alexandre-pato-volta-ao-centro-de-polemica-apos-revelacao-sobre-antigo-relacionamento\\\/#webpage\",\"url\":\"https:\\\/\\\/ejornais.com.br\\\/index.php\\\/2026\\\/08\\\/31\\\/alexandre-pato-volta-ao-centro-de-polemica-apos-revelacao-sobre-antigo-relacionamento\\\/\",\"name\":\"Alexandre Pato volta ao centro de pol\\u00eamica ap\\u00f3s revela\\u00e7\\u00e3o sobre antigo relacionamento - eJornais\",\"description\":\"Por MRNews Alexandre Pato volta ao centro de pol\\u00eamica ap\\u00f3s revela\\u00e7\\u00e3o sobre antigo relacionamentoEx-Miss Brasil D\\u00e9bora Lyra relembrou namoro com o ex-jogador e fez uma acusa\\u00e7\\u00e3o que chamou aten\\u00e7\\u00e3o nas redesAlexandre Pato voltou a ter sua vida pessoal comentada publicamente depois que a ex-Miss Brasil D\\u00e9bora Lyra relembrou um relacionamento que manteve com o ex-jogador\",\"inLanguage\":\"pt-BR\",\"isPartOf\":{\"@id\":\"https:\\\/\\\/ejornais.com.br\\\/#website\"},\"breadcrumb\":{\"@id\":\"https:\\\/\\\/ejornais.com.br\\\/index.php\\\/2026\\\/08\\\/31\\\/alexandre-pato-volta-ao-centro-de-polemica-apos-revelacao-sobre-antigo-relacionamento\\\/#breadcrumblist\"},\"author\":{\"@id\":\"https:\\\/\\\/ejornais.com.br\\\/index.php\\\/author\\\/admin1\\\/#author\"},\"creator\":{\"@id\":\"https:\\\/\\\/ejornais.com.br\\\/index.php\\\/author\\\/admin1\\\/#author\"},\"datePublished\":\"2026-08-31T22:33:03-03:00\",\"dateModified\":\"2026-08-31T22:33:03-03:00\"},{\"@type\":\"WebSite\",\"@id\":\"https:\\\/\\\/ejornais.com.br\\\/#website\",\"url\":\"https:\\\/\\\/ejornais.com.br\\\/\",\"name\":\"eJornais\",\"description\":\"Cat\\u00e1logo de Jornais no mundo, Not\\u00edcias, Blog e Esportes ao vivo\",\"inLanguage\":\"pt-BR\",\"publisher\":{\"@id\":\"https:\\\/\\\/ejornais.com.br\\\/#organization\"}}]}\n\t\t<\/script>\n\t\t<!-- All in One SEO -->\n\n","aioseo_head_json":{"title":"Alexandre Pato volta ao centro de pol\u00eamica ap\u00f3s revela\u00e7\u00e3o sobre antigo relacionamento - eJornais","description":"Por MRNews Alexandre Pato volta ao centro de pol\u00eamica ap\u00f3s revela\u00e7\u00e3o sobre antigo relacionamentoEx-Miss Brasil D\u00e9bora Lyra relembrou namoro com o ex-jogador e fez uma acusa\u00e7\u00e3o que chamou aten\u00e7\u00e3o nas redesAlexandre Pato voltou a ter sua vida pessoal comentada publicamente depois que a ex-Miss Brasil D\u00e9bora Lyra relembrou um relacionamento que manteve com o ex-jogador","canonical_url":"https:\/\/ejornais.com.br\/index.php\/2026\/08\/31\/alexandre-pato-volta-ao-centro-de-polemica-apos-revelacao-sobre-antigo-relacionamento\/","robots":"max-image-preview:large","keywords":"","webmasterTools":{"miscellaneous":""},"schema":{"@context":"https:\/\/schema.org","@graph":[{"@type":"BlogPosting","@id":"https:\/\/ejornais.com.br\/index.php\/2026\/08\/31\/alexandre-pato-volta-ao-centro-de-polemica-apos-revelacao-sobre-antigo-relacionamento\/#blogposting","name":"Alexandre Pato volta ao centro de pol\u00eamica ap\u00f3s revela\u00e7\u00e3o sobre antigo relacionamento - eJornais","headline":"Alexandre Pato volta ao centro de pol\u00eamica ap\u00f3s revela\u00e7\u00e3o sobre antigo relacionamento","author":{"@id":"https:\/\/ejornais.com.br\/index.php\/author\/admin1\/#author"},"publisher":{"@id":"https:\/\/ejornais.com.br\/#organization"},"datePublished":"2026-08-31T22:33:03-03:00","dateModified":"2026-08-31T22:33:03-03:00","inLanguage":"pt-BR","mainEntityOfPage":{"@id":"https:\/\/ejornais.com.br\/index.php\/2026\/08\/31\/alexandre-pato-volta-ao-centro-de-polemica-apos-revelacao-sobre-antigo-relacionamento\/#webpage"},"isPartOf":{"@id":"https:\/\/ejornais.com.br\/index.php\/2026\/08\/31\/alexandre-pato-volta-ao-centro-de-polemica-apos-revelacao-sobre-antigo-relacionamento\/#webpage"},"articleSection":"Cat\u00e1logo de Jornais"},{"@type":"BreadcrumbList","@id":"https:\/\/ejornais.com.br\/index.php\/2026\/08\/31\/alexandre-pato-volta-ao-centro-de-polemica-apos-revelacao-sobre-antigo-relacionamento\/#breadcrumblist","itemListElement":[{"@type":"ListItem","@id":"https:\/\/ejornais.com.br#listItem","position":1,"name":"In\u00edcio","item":"https:\/\/ejornais.com.br","nextItem":{"@type":"ListItem","@id":"https:\/\/ejornais.com.br\/index.php\/category\/ejornais\/#listItem","name":"Cat\u00e1logo de Jornais"}},{"@type":"ListItem","@id":"https:\/\/ejornais.com.br\/index.php\/category\/ejornais\/#listItem","position":2,"name":"Cat\u00e1logo de Jornais","item":"https:\/\/ejornais.com.br\/index.php\/category\/ejornais\/","nextItem":{"@type":"ListItem","@id":"https:\/\/ejornais.com.br\/index.php\/2026\/08\/31\/alexandre-pato-volta-ao-centro-de-polemica-apos-revelacao-sobre-antigo-relacionamento\/#listItem","name":"Alexandre Pato volta ao centro de pol\u00eamica ap\u00f3s revela\u00e7\u00e3o sobre antigo relacionamento"},"previousItem":{"@type":"ListItem","@id":"https:\/\/ejornais.com.br#listItem","name":"In\u00edcio"}},{"@type":"ListItem","@id":"https:\/\/ejornais.com.br\/index.php\/2026\/08\/31\/alexandre-pato-volta-ao-centro-de-polemica-apos-revelacao-sobre-antigo-relacionamento\/#listItem","position":3,"name":"Alexandre Pato volta ao centro de pol\u00eamica ap\u00f3s revela\u00e7\u00e3o sobre antigo relacionamento","previousItem":{"@type":"ListItem","@id":"https:\/\/ejornais.com.br\/index.php\/category\/ejornais\/#listItem","name":"Cat\u00e1logo de Jornais"}}]},{"@type":"Organization","@id":"https:\/\/ejornais.com.br\/#organization","name":"eJornais","description":"Cat\u00e1logo de Jornais no mundo, Not\u00edcias, Blog e Esportes ao vivo","url":"https:\/\/ejornais.com.br\/"},{"@type":"Person","@id":"https:\/\/ejornais.com.br\/index.php\/author\/admin1\/#author","url":"https:\/\/ejornais.com.br\/index.php\/author\/admin1\/","name":"admin1","image":{"@type":"ImageObject","@id":"https:\/\/ejornais.com.br\/index.php\/2026\/08\/31\/alexandre-pato-volta-ao-centro-de-polemica-apos-revelacao-sobre-antigo-relacionamento\/#authorImage","url":"https:\/\/secure.gravatar.com\/avatar\/04084e6d73c042b8646e7c17b494073bf0ede3ea13c7105cfc45cbbbc28385a4?s=96&d=mm&r=g","width":96,"height":96,"caption":"admin1"}},{"@type":"WebPage","@id":"https:\/\/ejornais.com.br\/index.php\/2026\/08\/31\/alexandre-pato-volta-ao-centro-de-polemica-apos-revelacao-sobre-antigo-relacionamento\/#webpage","url":"https:\/\/ejornais.com.br\/index.php\/2026\/08\/31\/alexandre-pato-volta-ao-centro-de-polemica-apos-revelacao-sobre-antigo-relacionamento\/","name":"Alexandre Pato volta ao centro de pol\u00eamica ap\u00f3s revela\u00e7\u00e3o sobre antigo relacionamento - eJornais","description":"Por MRNews Alexandre Pato volta ao centro de pol\u00eamica ap\u00f3s revela\u00e7\u00e3o sobre antigo relacionamentoEx-Miss Brasil D\u00e9bora Lyra relembrou namoro com o ex-jogador e fez uma acusa\u00e7\u00e3o que chamou aten\u00e7\u00e3o nas redesAlexandre Pato voltou a ter sua vida pessoal comentada publicamente depois que a ex-Miss Brasil D\u00e9bora Lyra relembrou um relacionamento que manteve com o ex-jogador","inLanguage":"pt-BR","isPartOf":{"@id":"https:\/\/ejornais.com.br\/#website"},"breadcrumb":{"@id":"https:\/\/ejornais.com.br\/index.php\/2026\/08\/31\/alexandre-pato-volta-ao-centro-de-polemica-apos-revelacao-sobre-antigo-relacionamento\/#breadcrumblist"},"author":{"@id":"https:\/\/ejornais.com.br\/index.php\/author\/admin1\/#author"},"creator":{"@id":"https:\/\/ejornais.com.br\/index.php\/author\/admin1\/#author"},"datePublished":"2026-08-31T22:33:03-03:00","dateModified":"2026-08-31T22:33:03-03:00"},{"@type":"WebSite","@id":"https:\/\/ejornais.com.br\/#website","url":"https:\/\/ejornais.com.br\/","name":"eJornais","description":"Cat\u00e1logo de Jornais no mundo, Not\u00edcias, Blog e Esportes ao vivo","inLanguage":"pt-BR","publisher":{"@id":"https:\/\/ejornais.com.br\/#organization"}}]},"og:locale":"pt_BR","og:site_name":"eJornais - Cat\u00e1logo de Jornais no mundo, Not\u00edcias, Blog e Esportes ao vivo","og:type":"article","og:title":"Alexandre Pato volta ao centro de pol\u00eamica ap\u00f3s revela\u00e7\u00e3o sobre antigo relacionamento - eJornais","og:description":"Por MRNews Alexandre Pato volta ao centro de pol\u00eamica ap\u00f3s revela\u00e7\u00e3o sobre antigo relacionamentoEx-Miss Brasil D\u00e9bora Lyra relembrou namoro com o ex-jogador e fez uma acusa\u00e7\u00e3o que chamou aten\u00e7\u00e3o nas redesAlexandre Pato voltou a ter sua vida pessoal comentada publicamente depois que a ex-Miss Brasil D\u00e9bora Lyra relembrou um relacionamento que manteve com o ex-jogador","og:url":"https:\/\/ejornais.com.br\/index.php\/2026\/08\/31\/alexandre-pato-volta-ao-centro-de-polemica-apos-revelacao-sobre-antigo-relacionamento\/","article:published_time":"2026-09-01T01:33:03+00:00","article:modified_time":"2026-09-01T01:33:03+00:00","twitter:card":"summary_large_image","twitter:title":"Alexandre Pato volta ao centro de pol\u00eamica ap\u00f3s revela\u00e7\u00e3o sobre antigo relacionamento - eJornais","twitter:description":"Por MRNews Alexandre Pato volta ao centro de pol\u00eamica ap\u00f3s revela\u00e7\u00e3o sobre antigo relacionamentoEx-Miss Brasil D\u00e9bora Lyra relembrou namoro com o ex-jogador e fez uma acusa\u00e7\u00e3o que chamou aten\u00e7\u00e3o nas redesAlexandre Pato voltou a ter sua vida pessoal comentada publicamente depois que a ex-Miss Brasil D\u00e9bora Lyra relembrou um relacionamento que manteve com o ex-jogador"},"aioseo_meta_data":[],"aioseo_breadcrumb":"<div class=\"aioseo-breadcrumbs\"><span class=\"aioseo-breadcrumb\">\n\t\t\t<a href=\"https:\/\/ejornais.com.br\" title=\"In\u00edcio\">In\u00edcio<\/a>\n\t\t<\/span><span class=\"aioseo-breadcrumb-separator\">&raquo;<\/span><span class=\"aioseo-breadcrumb\">\n\t\t\t<a href=\"https:\/\/ejornais.com.br\/index.php\/category\/ejornais\/\" title=\"Cat\u00e1logo de Jornais\">Cat\u00e1logo de Jornais<\/a>\n\t\t<\/span><span class=\"aioseo-breadcrumb-separator\">&raquo;<\/span><span class=\"aioseo-breadcrumb\">\n\t\t\tAlexandre Pato volta ao centro de pol\u00eamica ap\u00f3s revela\u00e7\u00e3o sobre antigo relacionamento\n\t\t<\/span><\/div>","aioseo_breadcrumb_json":[{"label":"In\u00edcio","link":"https:\/\/ejornais.com.br"},{"label":"Cat\u00e1logo de Jornais","link":"https:\/\/ejornais.com.br\/index.php\/category\/ejornais\/"},{"label":"Alexandre Pato volta ao centro de pol\u00eamica ap\u00f3s revela\u00e7\u00e3o sobre antigo relacionamento","link":"https:\/\/ejornais.com.br\/index.php\/2026\/08\/31\/alexandre-pato-volta-ao-centro-de-polemica-apos-revelacao-sobre-antigo-relacionamento\/"}],"amp_enabled":true,"_links":{"self":[{"href":"https:\/\/ejornais.com.br\/index.php\/wp-json\/wp\/v2\/posts\/71457","targetHints":{"allow":["GET"]}}],"collection":[{"href":"https:\/\/ejornais.com.br\/index.php\/wp-json\/wp\/v2\/posts"}],"about":[{"href":"https:\/\/ejornais.com.br\/index.php\/wp-json\/wp\/v2\/types\/post"}],"author":[{"embeddable":true,"href":"https:\/\/ejornais.com.br\/index.php\/wp-json\/wp\/v2\/users\/2"}],"replies":[{"embeddable":true,"href":"https:\/\/ejornais.com.br\/index.php\/wp-json\/wp\/v2\/comments?post=71457"}],"version-history":[{"count":0,"href":"https:\/\/ejornais.com.br\/index.php\/wp-json\/wp\/v2\/posts\/71457\/revisions"}],"wp:attachment":[{"href":"https:\/\/ejornais.com.br\/index.php\/wp-json\/wp\/v2\/media?parent=71457"}],"wp:term":[{"taxonomy":"category","embeddable":true,"href":"https:\/\/ejornais.com.br\/index.php\/wp-json\/wp\/v2\/categories?post=71457"},{"taxonomy":"post_tag","embeddable":true,"href":"https:\/\/ejornais.com.br\/index.php\/wp-json\/wp\/v2\/tags?post=71457"}],"curies":[{"name":"wp","href":"https:\/\/api.w.org\/{rel}","templated":true}]}}