{"id":71486,"date":"2026-09-01T13:16:41","date_gmt":"2026-09-01T16:16:41","guid":{"rendered":"https:\/\/ejornais.com.br\/index.php\/2026\/09\/01\/saude-reorganiza-atendimento-em-unidades-de-campo-grande-cgnoticias\/"},"modified":"2026-09-01T13:16:41","modified_gmt":"2026-09-01T16:16:41","slug":"saude-reorganiza-atendimento-em-unidades-de-campo-grande-cgnoticias","status":"publish","type":"post","link":"https:\/\/ejornais.com.br\/index.php\/2026\/09\/01\/saude-reorganiza-atendimento-em-unidades-de-campo-grande-cgnoticias\/","title":{"rendered":"Sa\u00fade reorganiza atendimento em unidades de Campo Grande \u2013 CGNot\u00edcias"},"content":{"rendered":"<p><\/p>\n<div>\n<p>A Rede Municipal de Sa\u00fade de Campo Grande passa a contar com novos hor\u00e1rios de funcionamento em diferentes servi\u00e7os, a partir de uma reorganiza\u00e7\u00e3o que amplia per\u00edodos de atendimento em algumas unidades e ajusta a distribui\u00e7\u00e3o das jornadas de trabalho. A medida mant\u00e9m a oferta assistencial \u00e0 popula\u00e7\u00e3o e busca adequar a opera\u00e7\u00e3o dos servi\u00e7os \u00e0 estrutura atual da Secretaria Municipal de Sa\u00fade (Sesau).<\/p>\n<p>A atualiza\u00e7\u00e3o considera a organiza\u00e7\u00e3o das jornadas de trabalho dos servidores e as normas vigentes, conforme estabelecido pela Resolu\u00e7\u00e3o Sesau n\u00ba 1.025, de 31 de agosto de 2026. A reorganiza\u00e7\u00e3o busca conciliar as necessidades dos usu\u00e1rios do Sistema \u00danico de Sa\u00fade (SUS), a gest\u00e3o dos servi\u00e7os e o cumprimento das jornadas funcionais dos profissionais.<\/p>\n<p>A proposta permite uma distribui\u00e7\u00e3o mais adequada da for\u00e7a de trabalho dispon\u00edvel, contribuindo para uma utiliza\u00e7\u00e3o mais eficiente dos recursos p\u00fablicos.<\/p>\n<p>\u201cOs servi\u00e7os regularmente oferecidos pelas unidades permanecem mantidos. A mudan\u00e7a est\u00e1 relacionada exclusivamente \u00e0 organiza\u00e7\u00e3o dos hor\u00e1rios de funcionamento e \u00e0 distribui\u00e7\u00e3o da jornada dos servidores dentro de suas respectivas cargas hor\u00e1rias, em conformidade com as normas estabelecidas\u201d, explica o superintendente de Aten\u00e7\u00e3o Especializada e Urg\u00eancia \u00e0 Sa\u00fade, Yama Higa.<\/p>\n<p>A atualiza\u00e7\u00e3o est\u00e1 relacionada \u00e0 Resolu\u00e7\u00e3o Sesau n\u00ba 425, de 1\u00ba de novembro de 2018, que regulamenta a aplica\u00e7\u00e3o de normas referentes \u00e0 jornada de trabalho de servidores com carga hor\u00e1ria superior a 30 horas semanais em determinados setores e unidades, especialmente na aten\u00e7\u00e3o especializada. Tamb\u00e9m considera o Decreto n\u00ba 16.557, de 2 de mar\u00e7o de 2026, que estabeleceu a atual estrutura b\u00e1sica e as compet\u00eancias da Pasta.<\/p>\n<p>Uma das mudan\u00e7as decorrentes da nova estrutura administrativa envolve a Ortopedia. Os atendimentos ambulatoriais especializados da \u00e1rea passaram a integrar o Centro de Especialidades Municipal (CEM), juntamente com os demais ambulat\u00f3rios especializados. Com isso, o CENORT passa a ter sua atua\u00e7\u00e3o direcionada especificamente aos atendimentos de urg\u00eancia ortop\u00e9dica, de acordo com a organiza\u00e7\u00e3o atual da rede.<\/p>\n<p>As adequa\u00e7\u00f5es fazem parte do processo de organiza\u00e7\u00e3o da Rede Municipal de Sa\u00fade e buscam equilibrar a necessidade assistencial, a capacidade operacional dos servi\u00e7os e as condi\u00e7\u00f5es de trabalho dos profissionais. O objetivo \u00e9 garantir a continuidade da assist\u00eancia \u00e0 popula\u00e7\u00e3o, com utiliza\u00e7\u00e3o mais adequada dos recursos humanos e financeiros dispon\u00edveis.<\/p>\n<p><strong>Servi\u00e7o:<\/strong><\/p>\n<p>\u2022 UPA: 24 horas, todos os dias;<br \/>\u2022 CRS: 24 horas, todos os dias;<br \/>\u2022 SAMU 192: 24 horas, todos os dias;<br \/>\u2022 Central de Regula\u00e7\u00e3o de Urg\u00eancias \u2013 192: 24 horas, todos os dias;<br \/>\u2022 CENORT: 6h \u00e0 meia-noite, todos os dias, exclusivamente para urg\u00eancia ortop\u00e9dica;<br \/>\u2022 CEM: segunda a sexta, 6h \u00e0s 22h; plant\u00e3o das 18h \u00e0s 22h; s\u00e1bado, plant\u00e3o das 6h \u00e0s 18h;<br \/>\u2022 CADIM: segunda a sexta, 6h \u00e0 meia-noite; plant\u00e3o das 18h \u00e0s 22h; s\u00e1bados, domingos e feriados, 6h \u00e0 meia-noite;<br \/>\u2022 UERD: segunda a sexta, 6h \u00e0s 18h; plant\u00e3o das 18h \u00e0s 22h;<br \/>\u2022 CRSH: segunda a sexta, 6h \u00e0s 18h; s\u00e1bado, plant\u00e3o das 6h \u00e0s 18h;<br \/>\u2022 CTA: segunda a sexta, 6h \u00e0s 18h;<br \/>\u2022 CEM II: segunda a sexta, 6h \u00e0s 18h; plant\u00e3o das 18h \u00e0s 22h;<br \/>\u2022 Servi\u00e7o de Aten\u00e7\u00e3o Domiciliar (SAD): todos os dias, 6h \u00e0s 19h;<br \/>\u2022 CAPS AD IV, CAPS AD III e CAPS III: funcionamento 24 horas, com atendimento das 6h \u00e0s 18h e plant\u00e3o das 18h \u00e0s 6h.<\/p>\n<\/div>\n<p><script async defer async defer src=\"https:\/\/connect.facebook.net\/en_US\/sdk.js?ver=1#xfbml=1&amp;version=v3.2\" id=\"prefeitura-campogrande-script-facebook-sdk-js\"><\/script><\/p>\n","protected":false},"excerpt":{"rendered":"<p>A Rede Municipal de Sa\u00fade de Campo Grande passa a contar com novos hor\u00e1rios de funcionamento em diferentes servi\u00e7os, a<\/p>\n","protected":false},"author":2,"featured_media":0,"comment_status":"","ping_status":"","sticky":false,"template":"","format":"standard","meta":{"colormag_page_container_layout":"default_layout","colormag_page_sidebar_layout":"default_layout","footnotes":""},"categories":[1],"tags":[],"class_list":["post-71486","post","type-post","status-publish","format-standard","hentry","category-ejornais"],"aioseo_notices":[],"aioseo_head":"\n\t\t<!-- All in One SEO 5.0.1.1 - aioseo.com -->\n\t<meta name=\"description\" content=\"A Rede Municipal de Sa\u00fade de Campo Grande passa a contar com novos hor\u00e1rios de funcionamento em diferentes servi\u00e7os, a partir de uma reorganiza\u00e7\u00e3o que amplia per\u00edodos de atendimento em algumas unidades e ajusta a distribui\u00e7\u00e3o das jornadas de trabalho. A medida mant\u00e9m a oferta assistencial \u00e0 popula\u00e7\u00e3o e busca adequar a opera\u00e7\u00e3o dos servi\u00e7os\" \/>\n\t<meta name=\"robots\" content=\"max-image-preview:large\" \/>\n\t<meta name=\"author\" content=\"admin1\"\/>\n\t<link rel=\"canonical\" href=\"https:\/\/ejornais.com.br\/index.php\/2026\/09\/01\/saude-reorganiza-atendimento-em-unidades-de-campo-grande-cgnoticias\/\" \/>\n\t<meta name=\"generator\" content=\"All in One SEO (AIOSEO) 5.0.1.1\" \/>\n\t\t<meta property=\"og:locale\" content=\"pt_BR\" \/>\n\t\t<meta property=\"og:site_name\" content=\"eJornais - Cat\u00e1logo de Jornais no mundo, Not\u00edcias, Blog e Esportes ao vivo\" \/>\n\t\t<meta property=\"og:type\" content=\"article\" \/>\n\t\t<meta property=\"og:title\" content=\"Sa\u00fade reorganiza atendimento em unidades de Campo Grande \u2013 CGNot\u00edcias - eJornais\" \/>\n\t\t<meta property=\"og:description\" content=\"A Rede Municipal de Sa\u00fade de Campo Grande passa a contar com novos hor\u00e1rios de funcionamento em diferentes servi\u00e7os, a partir de uma reorganiza\u00e7\u00e3o que amplia per\u00edodos de atendimento em algumas unidades e ajusta a distribui\u00e7\u00e3o das jornadas de trabalho. A medida mant\u00e9m a oferta assistencial \u00e0 popula\u00e7\u00e3o e busca adequar a opera\u00e7\u00e3o dos servi\u00e7os\" \/>\n\t\t<meta property=\"og:url\" content=\"https:\/\/ejornais.com.br\/index.php\/2026\/09\/01\/saude-reorganiza-atendimento-em-unidades-de-campo-grande-cgnoticias\/\" \/>\n\t\t<meta property=\"article:published_time\" content=\"2026-09-01T16:16:41+00:00\" \/>\n\t\t<meta property=\"article:modified_time\" content=\"2026-09-01T16:16:41+00:00\" \/>\n\t\t<meta name=\"twitter:card\" content=\"summary_large_image\" \/>\n\t\t<meta name=\"twitter:title\" content=\"Sa\u00fade reorganiza atendimento em unidades de Campo Grande \u2013 CGNot\u00edcias - eJornais\" \/>\n\t\t<meta name=\"twitter:description\" content=\"A Rede Municipal de Sa\u00fade de Campo Grande passa a contar com novos hor\u00e1rios de funcionamento em diferentes servi\u00e7os, a partir de uma reorganiza\u00e7\u00e3o que amplia per\u00edodos de atendimento em algumas unidades e ajusta a distribui\u00e7\u00e3o das jornadas de trabalho. A medida mant\u00e9m a oferta assistencial \u00e0 popula\u00e7\u00e3o e busca adequar a opera\u00e7\u00e3o dos servi\u00e7os\" \/>\n\t\t<script type=\"application\/ld+json\" class=\"aioseo-schema\">\n\t\t\t{\"@context\":\"https:\\\/\\\/schema.org\",\"@graph\":[{\"@type\":\"BlogPosting\",\"@id\":\"https:\\\/\\\/ejornais.com.br\\\/index.php\\\/2026\\\/09\\\/01\\\/saude-reorganiza-atendimento-em-unidades-de-campo-grande-cgnoticias\\\/#blogposting\",\"name\":\"Sa\\u00fade reorganiza atendimento em unidades de Campo Grande \\u2013 CGNot\\u00edcias - eJornais\",\"headline\":\"Sa\\u00fade reorganiza atendimento em unidades de Campo Grande \\u2013 CGNot\\u00edcias\",\"author\":{\"@id\":\"https:\\\/\\\/ejornais.com.br\\\/index.php\\\/author\\\/admin1\\\/#author\"},\"publisher\":{\"@id\":\"https:\\\/\\\/ejornais.com.br\\\/#organization\"},\"datePublished\":\"2026-09-01T13:16:41-03:00\",\"dateModified\":\"2026-09-01T13:16:41-03:00\",\"inLanguage\":\"pt-BR\",\"mainEntityOfPage\":{\"@id\":\"https:\\\/\\\/ejornais.com.br\\\/index.php\\\/2026\\\/09\\\/01\\\/saude-reorganiza-atendimento-em-unidades-de-campo-grande-cgnoticias\\\/#webpage\"},\"isPartOf\":{\"@id\":\"https:\\\/\\\/ejornais.com.br\\\/index.php\\\/2026\\\/09\\\/01\\\/saude-reorganiza-atendimento-em-unidades-de-campo-grande-cgnoticias\\\/#webpage\"},\"articleSection\":\"Cat\\u00e1logo de Jornais\"},{\"@type\":\"BreadcrumbList\",\"@id\":\"https:\\\/\\\/ejornais.com.br\\\/index.php\\\/2026\\\/09\\\/01\\\/saude-reorganiza-atendimento-em-unidades-de-campo-grande-cgnoticias\\\/#breadcrumblist\",\"itemListElement\":[{\"@type\":\"ListItem\",\"@id\":\"https:\\\/\\\/ejornais.com.br#listItem\",\"position\":1,\"name\":\"In\\u00edcio\",\"item\":\"https:\\\/\\\/ejornais.com.br\",\"nextItem\":{\"@type\":\"ListItem\",\"@id\":\"https:\\\/\\\/ejornais.com.br\\\/index.php\\\/category\\\/ejornais\\\/#listItem\",\"name\":\"Cat\\u00e1logo de Jornais\"}},{\"@type\":\"ListItem\",\"@id\":\"https:\\\/\\\/ejornais.com.br\\\/index.php\\\/category\\\/ejornais\\\/#listItem\",\"position\":2,\"name\":\"Cat\\u00e1logo de Jornais\",\"item\":\"https:\\\/\\\/ejornais.com.br\\\/index.php\\\/category\\\/ejornais\\\/\",\"nextItem\":{\"@type\":\"ListItem\",\"@id\":\"https:\\\/\\\/ejornais.com.br\\\/index.php\\\/2026\\\/09\\\/01\\\/saude-reorganiza-atendimento-em-unidades-de-campo-grande-cgnoticias\\\/#listItem\",\"name\":\"Sa\\u00fade reorganiza atendimento em unidades de Campo Grande \\u2013 CGNot\\u00edcias\"},\"previousItem\":{\"@type\":\"ListItem\",\"@id\":\"https:\\\/\\\/ejornais.com.br#listItem\",\"name\":\"In\\u00edcio\"}},{\"@type\":\"ListItem\",\"@id\":\"https:\\\/\\\/ejornais.com.br\\\/index.php\\\/2026\\\/09\\\/01\\\/saude-reorganiza-atendimento-em-unidades-de-campo-grande-cgnoticias\\\/#listItem\",\"position\":3,\"name\":\"Sa\\u00fade reorganiza atendimento em unidades de Campo Grande \\u2013 CGNot\\u00edcias\",\"previousItem\":{\"@type\":\"ListItem\",\"@id\":\"https:\\\/\\\/ejornais.com.br\\\/index.php\\\/category\\\/ejornais\\\/#listItem\",\"name\":\"Cat\\u00e1logo de Jornais\"}}]},{\"@type\":\"Organization\",\"@id\":\"https:\\\/\\\/ejornais.com.br\\\/#organization\",\"name\":\"eJornais\",\"description\":\"Cat\\u00e1logo de Jornais no mundo, Not\\u00edcias, Blog e Esportes ao vivo\",\"url\":\"https:\\\/\\\/ejornais.com.br\\\/\"},{\"@type\":\"Person\",\"@id\":\"https:\\\/\\\/ejornais.com.br\\\/index.php\\\/author\\\/admin1\\\/#author\",\"url\":\"https:\\\/\\\/ejornais.com.br\\\/index.php\\\/author\\\/admin1\\\/\",\"name\":\"admin1\",\"image\":{\"@type\":\"ImageObject\",\"@id\":\"https:\\\/\\\/ejornais.com.br\\\/index.php\\\/2026\\\/09\\\/01\\\/saude-reorganiza-atendimento-em-unidades-de-campo-grande-cgnoticias\\\/#authorImage\",\"url\":\"https:\\\/\\\/secure.gravatar.com\\\/avatar\\\/04084e6d73c042b8646e7c17b494073bf0ede3ea13c7105cfc45cbbbc28385a4?s=96&d=mm&r=g\",\"width\":96,\"height\":96,\"caption\":\"admin1\"}},{\"@type\":\"WebPage\",\"@id\":\"https:\\\/\\\/ejornais.com.br\\\/index.php\\\/2026\\\/09\\\/01\\\/saude-reorganiza-atendimento-em-unidades-de-campo-grande-cgnoticias\\\/#webpage\",\"url\":\"https:\\\/\\\/ejornais.com.br\\\/index.php\\\/2026\\\/09\\\/01\\\/saude-reorganiza-atendimento-em-unidades-de-campo-grande-cgnoticias\\\/\",\"name\":\"Sa\\u00fade reorganiza atendimento em unidades de Campo Grande \\u2013 CGNot\\u00edcias - eJornais\",\"description\":\"A Rede Municipal de Sa\\u00fade de Campo Grande passa a contar com novos hor\\u00e1rios de funcionamento em diferentes servi\\u00e7os, a partir de uma reorganiza\\u00e7\\u00e3o que amplia per\\u00edodos de atendimento em algumas unidades e ajusta a distribui\\u00e7\\u00e3o das jornadas de trabalho. A medida mant\\u00e9m a oferta assistencial \\u00e0 popula\\u00e7\\u00e3o e busca adequar a opera\\u00e7\\u00e3o dos servi\\u00e7os\",\"inLanguage\":\"pt-BR\",\"isPartOf\":{\"@id\":\"https:\\\/\\\/ejornais.com.br\\\/#website\"},\"breadcrumb\":{\"@id\":\"https:\\\/\\\/ejornais.com.br\\\/index.php\\\/2026\\\/09\\\/01\\\/saude-reorganiza-atendimento-em-unidades-de-campo-grande-cgnoticias\\\/#breadcrumblist\"},\"author\":{\"@id\":\"https:\\\/\\\/ejornais.com.br\\\/index.php\\\/author\\\/admin1\\\/#author\"},\"creator\":{\"@id\":\"https:\\\/\\\/ejornais.com.br\\\/index.php\\\/author\\\/admin1\\\/#author\"},\"datePublished\":\"2026-09-01T13:16:41-03:00\",\"dateModified\":\"2026-09-01T13:16:41-03:00\"},{\"@type\":\"WebSite\",\"@id\":\"https:\\\/\\\/ejornais.com.br\\\/#website\",\"url\":\"https:\\\/\\\/ejornais.com.br\\\/\",\"name\":\"eJornais\",\"description\":\"Cat\\u00e1logo de Jornais no mundo, Not\\u00edcias, Blog e Esportes ao vivo\",\"inLanguage\":\"pt-BR\",\"publisher\":{\"@id\":\"https:\\\/\\\/ejornais.com.br\\\/#organization\"}}]}\n\t\t<\/script>\n\t\t<!-- All in One SEO -->\n\n","aioseo_head_json":{"title":"Sa\u00fade reorganiza atendimento em unidades de Campo Grande \u2013 CGNot\u00edcias - eJornais","description":"A Rede Municipal de Sa\u00fade de Campo Grande passa a contar com novos hor\u00e1rios de funcionamento em diferentes servi\u00e7os, a partir de uma reorganiza\u00e7\u00e3o que amplia per\u00edodos de atendimento em algumas unidades e ajusta a distribui\u00e7\u00e3o das jornadas de trabalho. A medida mant\u00e9m a oferta assistencial \u00e0 popula\u00e7\u00e3o e busca adequar a opera\u00e7\u00e3o dos servi\u00e7os","canonical_url":"https:\/\/ejornais.com.br\/index.php\/2026\/09\/01\/saude-reorganiza-atendimento-em-unidades-de-campo-grande-cgnoticias\/","robots":"max-image-preview:large","keywords":"","webmasterTools":{"miscellaneous":""},"schema":{"@context":"https:\/\/schema.org","@graph":[{"@type":"BlogPosting","@id":"https:\/\/ejornais.com.br\/index.php\/2026\/09\/01\/saude-reorganiza-atendimento-em-unidades-de-campo-grande-cgnoticias\/#blogposting","name":"Sa\u00fade reorganiza atendimento em unidades de Campo Grande \u2013 CGNot\u00edcias - eJornais","headline":"Sa\u00fade reorganiza atendimento em unidades de Campo Grande \u2013 CGNot\u00edcias","author":{"@id":"https:\/\/ejornais.com.br\/index.php\/author\/admin1\/#author"},"publisher":{"@id":"https:\/\/ejornais.com.br\/#organization"},"datePublished":"2026-09-01T13:16:41-03:00","dateModified":"2026-09-01T13:16:41-03:00","inLanguage":"pt-BR","mainEntityOfPage":{"@id":"https:\/\/ejornais.com.br\/index.php\/2026\/09\/01\/saude-reorganiza-atendimento-em-unidades-de-campo-grande-cgnoticias\/#webpage"},"isPartOf":{"@id":"https:\/\/ejornais.com.br\/index.php\/2026\/09\/01\/saude-reorganiza-atendimento-em-unidades-de-campo-grande-cgnoticias\/#webpage"},"articleSection":"Cat\u00e1logo de Jornais"},{"@type":"BreadcrumbList","@id":"https:\/\/ejornais.com.br\/index.php\/2026\/09\/01\/saude-reorganiza-atendimento-em-unidades-de-campo-grande-cgnoticias\/#breadcrumblist","itemListElement":[{"@type":"ListItem","@id":"https:\/\/ejornais.com.br#listItem","position":1,"name":"In\u00edcio","item":"https:\/\/ejornais.com.br","nextItem":{"@type":"ListItem","@id":"https:\/\/ejornais.com.br\/index.php\/category\/ejornais\/#listItem","name":"Cat\u00e1logo de Jornais"}},{"@type":"ListItem","@id":"https:\/\/ejornais.com.br\/index.php\/category\/ejornais\/#listItem","position":2,"name":"Cat\u00e1logo de Jornais","item":"https:\/\/ejornais.com.br\/index.php\/category\/ejornais\/","nextItem":{"@type":"ListItem","@id":"https:\/\/ejornais.com.br\/index.php\/2026\/09\/01\/saude-reorganiza-atendimento-em-unidades-de-campo-grande-cgnoticias\/#listItem","name":"Sa\u00fade reorganiza atendimento em unidades de Campo Grande \u2013 CGNot\u00edcias"},"previousItem":{"@type":"ListItem","@id":"https:\/\/ejornais.com.br#listItem","name":"In\u00edcio"}},{"@type":"ListItem","@id":"https:\/\/ejornais.com.br\/index.php\/2026\/09\/01\/saude-reorganiza-atendimento-em-unidades-de-campo-grande-cgnoticias\/#listItem","position":3,"name":"Sa\u00fade reorganiza atendimento em unidades de Campo Grande \u2013 CGNot\u00edcias","previousItem":{"@type":"ListItem","@id":"https:\/\/ejornais.com.br\/index.php\/category\/ejornais\/#listItem","name":"Cat\u00e1logo de Jornais"}}]},{"@type":"Organization","@id":"https:\/\/ejornais.com.br\/#organization","name":"eJornais","description":"Cat\u00e1logo de Jornais no mundo, Not\u00edcias, Blog e Esportes ao vivo","url":"https:\/\/ejornais.com.br\/"},{"@type":"Person","@id":"https:\/\/ejornais.com.br\/index.php\/author\/admin1\/#author","url":"https:\/\/ejornais.com.br\/index.php\/author\/admin1\/","name":"admin1","image":{"@type":"ImageObject","@id":"https:\/\/ejornais.com.br\/index.php\/2026\/09\/01\/saude-reorganiza-atendimento-em-unidades-de-campo-grande-cgnoticias\/#authorImage","url":"https:\/\/secure.gravatar.com\/avatar\/04084e6d73c042b8646e7c17b494073bf0ede3ea13c7105cfc45cbbbc28385a4?s=96&d=mm&r=g","width":96,"height":96,"caption":"admin1"}},{"@type":"WebPage","@id":"https:\/\/ejornais.com.br\/index.php\/2026\/09\/01\/saude-reorganiza-atendimento-em-unidades-de-campo-grande-cgnoticias\/#webpage","url":"https:\/\/ejornais.com.br\/index.php\/2026\/09\/01\/saude-reorganiza-atendimento-em-unidades-de-campo-grande-cgnoticias\/","name":"Sa\u00fade reorganiza atendimento em unidades de Campo Grande \u2013 CGNot\u00edcias - eJornais","description":"A Rede Municipal de Sa\u00fade de Campo Grande passa a contar com novos hor\u00e1rios de funcionamento em diferentes servi\u00e7os, a partir de uma reorganiza\u00e7\u00e3o que amplia per\u00edodos de atendimento em algumas unidades e ajusta a distribui\u00e7\u00e3o das jornadas de trabalho. A medida mant\u00e9m a oferta assistencial \u00e0 popula\u00e7\u00e3o e busca adequar a opera\u00e7\u00e3o dos servi\u00e7os","inLanguage":"pt-BR","isPartOf":{"@id":"https:\/\/ejornais.com.br\/#website"},"breadcrumb":{"@id":"https:\/\/ejornais.com.br\/index.php\/2026\/09\/01\/saude-reorganiza-atendimento-em-unidades-de-campo-grande-cgnoticias\/#breadcrumblist"},"author":{"@id":"https:\/\/ejornais.com.br\/index.php\/author\/admin1\/#author"},"creator":{"@id":"https:\/\/ejornais.com.br\/index.php\/author\/admin1\/#author"},"datePublished":"2026-09-01T13:16:41-03:00","dateModified":"2026-09-01T13:16:41-03:00"},{"@type":"WebSite","@id":"https:\/\/ejornais.com.br\/#website","url":"https:\/\/ejornais.com.br\/","name":"eJornais","description":"Cat\u00e1logo de Jornais no mundo, Not\u00edcias, Blog e Esportes ao vivo","inLanguage":"pt-BR","publisher":{"@id":"https:\/\/ejornais.com.br\/#organization"}}]},"og:locale":"pt_BR","og:site_name":"eJornais - Cat\u00e1logo de Jornais no mundo, Not\u00edcias, Blog e Esportes ao vivo","og:type":"article","og:title":"Sa\u00fade reorganiza atendimento em unidades de Campo Grande \u2013 CGNot\u00edcias - eJornais","og:description":"A Rede Municipal de Sa\u00fade de Campo Grande passa a contar com novos hor\u00e1rios de funcionamento em diferentes servi\u00e7os, a partir de uma reorganiza\u00e7\u00e3o que amplia per\u00edodos de atendimento em algumas unidades e ajusta a distribui\u00e7\u00e3o das jornadas de trabalho. A medida mant\u00e9m a oferta assistencial \u00e0 popula\u00e7\u00e3o e busca adequar a opera\u00e7\u00e3o dos servi\u00e7os","og:url":"https:\/\/ejornais.com.br\/index.php\/2026\/09\/01\/saude-reorganiza-atendimento-em-unidades-de-campo-grande-cgnoticias\/","article:published_time":"2026-09-01T16:16:41+00:00","article:modified_time":"2026-09-01T16:16:41+00:00","twitter:card":"summary_large_image","twitter:title":"Sa\u00fade reorganiza atendimento em unidades de Campo Grande \u2013 CGNot\u00edcias - eJornais","twitter:description":"A Rede Municipal de Sa\u00fade de Campo Grande passa a contar com novos hor\u00e1rios de funcionamento em diferentes servi\u00e7os, a partir de uma reorganiza\u00e7\u00e3o que amplia per\u00edodos de atendimento em algumas unidades e ajusta a distribui\u00e7\u00e3o das jornadas de trabalho. A medida mant\u00e9m a oferta assistencial \u00e0 popula\u00e7\u00e3o e busca adequar a opera\u00e7\u00e3o dos servi\u00e7os"},"aioseo_meta_data":{"post_id":"71486","title":null,"description":null,"keywords":null,"keyphrases":null,"primary_term":null,"canonical_url":null,"og_title":null,"og_description":null,"og_object_type":"default","og_image_type":"default","og_image_url":null,"og_image_width":null,"og_image_height":null,"og_image_custom_url":null,"og_image_custom_fields":null,"og_video":null,"og_custom_url":null,"og_article_section":null,"og_article_tags":null,"twitter_use_og":false,"twitter_card":"default","twitter_image_type":"default","twitter_image_url":null,"twitter_image_custom_url":null,"twitter_image_custom_fields":null,"twitter_title":null,"twitter_description":null,"schema":{"blockGraphs":[],"customGraphs":[],"default":{"data":{"Article":[],"Course":[],"Dataset":[],"FAQPage":[],"Movie":[],"Person":[],"Product":[],"ProductReview":[],"Car":[],"Recipe":[],"Service":[],"SoftwareApplication":[],"WebPage":[]},"graphName":"","isEnabled":true},"graphs":[]},"schema_type":"default","schema_type_options":null,"pillar_content":false,"robots_default":true,"robots_noindex":false,"robots_noarchive":false,"robots_nosnippet":false,"robots_nofollow":false,"robots_noimageindex":false,"robots_noodp":false,"robots_notranslate":false,"robots_max_snippet":null,"robots_max_videopreview":null,"robots_max_imagepreview":"large","priority":null,"frequency":null,"local_seo":null,"breadcrumb_settings":null,"limit_modified_date":false,"ai":null,"created":"2026-09-01 22:45:37","updated":"2026-09-01 22:45:37","seo_analyzer_scan_date":null,"focus_keyword":null,"additional_keywords":null,"truseo_locale":null},"aioseo_breadcrumb":"<div class=\"aioseo-breadcrumbs\"><span class=\"aioseo-breadcrumb\">\n\t\t\t<a href=\"https:\/\/ejornais.com.br\" title=\"In\u00edcio\">In\u00edcio<\/a>\n\t\t<\/span><span class=\"aioseo-breadcrumb-separator\">&raquo;<\/span><span class=\"aioseo-breadcrumb\">\n\t\t\t<a href=\"https:\/\/ejornais.com.br\/index.php\/category\/ejornais\/\" title=\"Cat\u00e1logo de Jornais\">Cat\u00e1logo de Jornais<\/a>\n\t\t<\/span><span class=\"aioseo-breadcrumb-separator\">&raquo;<\/span><span class=\"aioseo-breadcrumb\">\n\t\t\tSa\u00fade reorganiza atendimento em unidades de Campo Grande \u2013 CGNot\u00edcias\n\t\t<\/span><\/div>","aioseo_breadcrumb_json":[{"label":"In\u00edcio","link":"https:\/\/ejornais.com.br"},{"label":"Cat\u00e1logo de Jornais","link":"https:\/\/ejornais.com.br\/index.php\/category\/ejornais\/"},{"label":"Sa\u00fade reorganiza atendimento em unidades de Campo Grande \u2013 CGNot\u00edcias","link":"https:\/\/ejornais.com.br\/index.php\/2026\/09\/01\/saude-reorganiza-atendimento-em-unidades-de-campo-grande-cgnoticias\/"}],"amp_enabled":true,"_links":{"self":[{"href":"https:\/\/ejornais.com.br\/index.php\/wp-json\/wp\/v2\/posts\/71486","targetHints":{"allow":["GET"]}}],"collection":[{"href":"https:\/\/ejornais.com.br\/index.php\/wp-json\/wp\/v2\/posts"}],"about":[{"href":"https:\/\/ejornais.com.br\/index.php\/wp-json\/wp\/v2\/types\/post"}],"author":[{"embeddable":true,"href":"https:\/\/ejornais.com.br\/index.php\/wp-json\/wp\/v2\/users\/2"}],"replies":[{"embeddable":true,"href":"https:\/\/ejornais.com.br\/index.php\/wp-json\/wp\/v2\/comments?post=71486"}],"version-history":[{"count":0,"href":"https:\/\/ejornais.com.br\/index.php\/wp-json\/wp\/v2\/posts\/71486\/revisions"}],"wp:attachment":[{"href":"https:\/\/ejornais.com.br\/index.php\/wp-json\/wp\/v2\/media?parent=71486"}],"wp:term":[{"taxonomy":"category","embeddable":true,"href":"https:\/\/ejornais.com.br\/index.php\/wp-json\/wp\/v2\/categories?post=71486"},{"taxonomy":"post_tag","embeddable":true,"href":"https:\/\/ejornais.com.br\/index.php\/wp-json\/wp\/v2\/tags?post=71486"}],"curies":[{"name":"wp","href":"https:\/\/api.w.org\/{rel}","templated":true}]}}