{"id":71491,"date":"2026-09-01T14:40:35","date_gmt":"2026-09-01T17:40:35","guid":{"rendered":"https:\/\/ejornais.com.br\/index.php\/2026\/09\/01\/vespasiano-martins-sedia-oficina-culinaria-do-fac-cgnoticias\/"},"modified":"2026-09-01T14:40:35","modified_gmt":"2026-09-01T17:40:35","slug":"vespasiano-martins-sedia-oficina-culinaria-do-fac-cgnoticias","status":"publish","type":"post","link":"https:\/\/ejornais.com.br\/index.php\/2026\/09\/01\/vespasiano-martins-sedia-oficina-culinaria-do-fac-cgnoticias\/","title":{"rendered":"Vespasiano Martins sedia oficina culin\u00e1ria do FAC\u00a0\u00a0 \u2013 CGNot\u00edcias"},"content":{"rendered":"<p><\/p>\n<div>\n<p>O Fundo de Apoio \u00e0 Comunidade (FAC) realizou uma oficina de saltenha e brigadeiro de casca de banana, com 50 mulheres do bairro Vespasiano\u00a0Martins, Regi\u00e3o Urbana do\u00a0Anhanduizinho, em Campo Grande.\u00a0<\/p>\n<p>Na aula, as cursistas puderam aprender sobre ingredientes com custo reduzido, que n\u00e3o comprometem o\u00a0resultado final\u00a0e favorecem ao precificar e alcan\u00e7ar lucro com qualidade do produto.\u00a0<\/p>\n<p>A\u00a0professora de culin\u00e1ria do FAC, a chef Eva Galv\u00e3o, ensinou\u00a0como aplicar\u00a0na culin\u00e1ria\u00a0os\u00a0conhecimentos sobre sustentabilidade aprendidos no\u00a0curso, e para isso, foi ensinado o\u00a0brigadeiro feito a partir da casca de banana.\u00a0\u201cCom o brigadeiro de banana, \u00e9 poss\u00edvel trabalhar de\u00a0casa e mostrar que o que vira lixo para muitas pessoas d\u00e1 para aproveitar como comida.\u201d\u00a0\u00a0\u00a0\u00a0<\/p>\n<p>Patr\u00edcia Matos, 41 anos, uma das alunas da oficina, destacou a import\u00e2ncia da capacita\u00e7\u00e3o. \u201cEssa oficina est\u00e1 vindo numa boa hora, meus filhos est\u00e3o na creche, agora \u00e9 tempo de aproveitar, p\u00f4r em pr\u00e1tica e come\u00e7ar a vender. Est\u00e1 sendo muito importante esse aprendizado. \u201d\u00a0<\/p>\n<p>A presidente do FAC, Adir Diniz, destacou que o trabalho do\u00a0fundo\u00a0\u00e9 estimular a independ\u00eancia financeira, sempre indo at\u00e9 os bairros e \u00e0s comunidades para levar conhecimento e forma\u00e7\u00e3o \u00e0s pessoas.\u00a0<\/p>\n<p>\u201cN\u00f3s vamos at\u00e9 elas nos bairros;\u00a0e o nosso objetivo \u00e9 que elas venham a ter uma independ\u00eancia financeira. Que elas possam gerar renda dentro de casa e, no futuro, se pegarem gosto, poderem ser empreendedoras\u201d.\u00a0<\/p>\n<p>Ela, que tamb\u00e9m \u00e9 chef de cozinha,\u00a0tamb\u00e9m\u00a0ensinou, passo a passo, o preparo de saltenhas, tradicionais na\u00a0Bol\u00edvia, adaptando detalhes que possam melhor se encaixar no cen\u00e1rio local. Durante as aulas, as alunas\u00a0tamb\u00e9m\u00a0fizeram\u00a0os\u00a0salgados com recheio de carne e frita.\u00a0<\/p>\n<p><strong>Aprova\u00e7\u00e3o da oficina e a vontade de empreender\u00a0\u00a0<\/strong>\u00a0<\/p>\n<p>Silvana de F\u00e1tima, 65, que tamb\u00e9m participou da oficina M\u00e3o na Massa, receita de saltenha e brigadeiro de casaca de banana, foi outra que, al\u00e9m de provar, aprovou tudo e, principalmente, a receita surpresa. \u201cMuito gostosa, mas a saltenha frita \u00e9 mais gostosa ainda. Foi um \u00f3timo curso e as professoras est\u00e3o\u00a0bem-preparadas\u00a0para dar o curso\u201d.\u00a0<\/p>\n<p>A emo\u00e7\u00e3o das alunas ao final da oficina revelava a aprova\u00e7\u00e3o do grupo, que segue agora investindo e com a chance de empreender dentro de casa, como\u00a0Armandina, 53 anos, \u201cA minha emo\u00e7\u00e3o foi a saltenha diferenciada de carne mo\u00edda. Eu gostei muito e vai ser um diferencial. A maioria \u00e9 de frango e essa vai ser uma novidade. Agora vou p\u00f4r a m\u00e3o na massa e ganhar uma renda extra\u201d.\u00a0\u00a0\u00a0\u00a0<\/p>\n<p><em>#PraTodosVerem: A imagem mostra as alunas durante o curso de brigadeiro de casca de banana<\/em><\/p>\n<\/div>\n<p><script async defer async defer src=\"https:\/\/connect.facebook.net\/en_US\/sdk.js?ver=1#xfbml=1&amp;version=v3.2\" id=\"prefeitura-campogrande-script-facebook-sdk-js\"><\/script><\/p>\n","protected":false},"excerpt":{"rendered":"<p>O Fundo de Apoio \u00e0 Comunidade (FAC) realizou uma oficina de saltenha e brigadeiro de casca de banana, com 50<\/p>\n","protected":false},"author":2,"featured_media":0,"comment_status":"","ping_status":"","sticky":false,"template":"","format":"standard","meta":{"colormag_page_container_layout":"default_layout","colormag_page_sidebar_layout":"default_layout","footnotes":""},"categories":[1],"tags":[],"class_list":["post-71491","post","type-post","status-publish","format-standard","hentry","category-ejornais"],"aioseo_notices":[],"aioseo_head":"\n\t\t<!-- All in One SEO 5.0.1.1 - aioseo.com -->\n\t<meta name=\"description\" content=\"O Fundo de Apoio \u00e0 Comunidade (FAC) realizou uma oficina de saltenha e brigadeiro de casca de banana, com 50 mulheres do bairro Vespasiano Martins, Regi\u00e3o Urbana do Anhanduizinho, em Campo Grande. Na aula, as cursistas puderam aprender sobre ingredientes com custo reduzido, que n\u00e3o comprometem o resultado final e favorecem ao precificar e alcan\u00e7ar lucro com qualidade do\" \/>\n\t<meta name=\"robots\" content=\"max-image-preview:large\" \/>\n\t<meta name=\"author\" content=\"admin1\"\/>\n\t<link rel=\"canonical\" href=\"https:\/\/ejornais.com.br\/index.php\/2026\/09\/01\/vespasiano-martins-sedia-oficina-culinaria-do-fac-cgnoticias\/\" \/>\n\t<meta name=\"generator\" content=\"All in One SEO (AIOSEO) 5.0.1.1\" \/>\n\t\t<meta property=\"og:locale\" content=\"pt_BR\" \/>\n\t\t<meta property=\"og:site_name\" content=\"eJornais - Cat\u00e1logo de Jornais no mundo, Not\u00edcias, Blog e Esportes ao vivo\" \/>\n\t\t<meta property=\"og:type\" content=\"article\" \/>\n\t\t<meta property=\"og:title\" content=\"Vespasiano Martins sedia oficina culin\u00e1ria do FAC \u2013 CGNot\u00edcias - eJornais\" \/>\n\t\t<meta property=\"og:description\" content=\"O Fundo de Apoio \u00e0 Comunidade (FAC) realizou uma oficina de saltenha e brigadeiro de casca de banana, com 50 mulheres do bairro Vespasiano Martins, Regi\u00e3o Urbana do Anhanduizinho, em Campo Grande. Na aula, as cursistas puderam aprender sobre ingredientes com custo reduzido, que n\u00e3o comprometem o resultado final e favorecem ao precificar e alcan\u00e7ar lucro com qualidade do\" \/>\n\t\t<meta property=\"og:url\" content=\"https:\/\/ejornais.com.br\/index.php\/2026\/09\/01\/vespasiano-martins-sedia-oficina-culinaria-do-fac-cgnoticias\/\" \/>\n\t\t<meta property=\"article:published_time\" content=\"2026-09-01T17:40:35+00:00\" \/>\n\t\t<meta property=\"article:modified_time\" content=\"2026-09-01T17:40:35+00:00\" \/>\n\t\t<meta name=\"twitter:card\" content=\"summary_large_image\" \/>\n\t\t<meta name=\"twitter:title\" content=\"Vespasiano Martins sedia oficina culin\u00e1ria do FAC \u2013 CGNot\u00edcias - eJornais\" \/>\n\t\t<meta name=\"twitter:description\" content=\"O Fundo de Apoio \u00e0 Comunidade (FAC) realizou uma oficina de saltenha e brigadeiro de casca de banana, com 50 mulheres do bairro Vespasiano Martins, Regi\u00e3o Urbana do Anhanduizinho, em Campo Grande. Na aula, as cursistas puderam aprender sobre ingredientes com custo reduzido, que n\u00e3o comprometem o resultado final e favorecem ao precificar e alcan\u00e7ar lucro com qualidade do\" \/>\n\t\t<script type=\"application\/ld+json\" class=\"aioseo-schema\">\n\t\t\t{\"@context\":\"https:\\\/\\\/schema.org\",\"@graph\":[{\"@type\":\"BlogPosting\",\"@id\":\"https:\\\/\\\/ejornais.com.br\\\/index.php\\\/2026\\\/09\\\/01\\\/vespasiano-martins-sedia-oficina-culinaria-do-fac-cgnoticias\\\/#blogposting\",\"name\":\"Vespasiano Martins sedia oficina culin\\u00e1ria do FAC \\u2013 CGNot\\u00edcias - eJornais\",\"headline\":\"Vespasiano Martins sedia oficina culin\\u00e1ria do FAC\\u00a0\\u00a0 \\u2013 CGNot\\u00edcias\",\"author\":{\"@id\":\"https:\\\/\\\/ejornais.com.br\\\/index.php\\\/author\\\/admin1\\\/#author\"},\"publisher\":{\"@id\":\"https:\\\/\\\/ejornais.com.br\\\/#organization\"},\"datePublished\":\"2026-09-01T14:40:35-03:00\",\"dateModified\":\"2026-09-01T14:40:35-03:00\",\"inLanguage\":\"pt-BR\",\"mainEntityOfPage\":{\"@id\":\"https:\\\/\\\/ejornais.com.br\\\/index.php\\\/2026\\\/09\\\/01\\\/vespasiano-martins-sedia-oficina-culinaria-do-fac-cgnoticias\\\/#webpage\"},\"isPartOf\":{\"@id\":\"https:\\\/\\\/ejornais.com.br\\\/index.php\\\/2026\\\/09\\\/01\\\/vespasiano-martins-sedia-oficina-culinaria-do-fac-cgnoticias\\\/#webpage\"},\"articleSection\":\"Cat\\u00e1logo de Jornais\"},{\"@type\":\"BreadcrumbList\",\"@id\":\"https:\\\/\\\/ejornais.com.br\\\/index.php\\\/2026\\\/09\\\/01\\\/vespasiano-martins-sedia-oficina-culinaria-do-fac-cgnoticias\\\/#breadcrumblist\",\"itemListElement\":[{\"@type\":\"ListItem\",\"@id\":\"https:\\\/\\\/ejornais.com.br#listItem\",\"position\":1,\"name\":\"In\\u00edcio\",\"item\":\"https:\\\/\\\/ejornais.com.br\",\"nextItem\":{\"@type\":\"ListItem\",\"@id\":\"https:\\\/\\\/ejornais.com.br\\\/index.php\\\/category\\\/ejornais\\\/#listItem\",\"name\":\"Cat\\u00e1logo de Jornais\"}},{\"@type\":\"ListItem\",\"@id\":\"https:\\\/\\\/ejornais.com.br\\\/index.php\\\/category\\\/ejornais\\\/#listItem\",\"position\":2,\"name\":\"Cat\\u00e1logo de Jornais\",\"item\":\"https:\\\/\\\/ejornais.com.br\\\/index.php\\\/category\\\/ejornais\\\/\",\"nextItem\":{\"@type\":\"ListItem\",\"@id\":\"https:\\\/\\\/ejornais.com.br\\\/index.php\\\/2026\\\/09\\\/01\\\/vespasiano-martins-sedia-oficina-culinaria-do-fac-cgnoticias\\\/#listItem\",\"name\":\"Vespasiano Martins sedia oficina culin\\u00e1ria do FAC\\u00a0\\u00a0 \\u2013 CGNot\\u00edcias\"},\"previousItem\":{\"@type\":\"ListItem\",\"@id\":\"https:\\\/\\\/ejornais.com.br#listItem\",\"name\":\"In\\u00edcio\"}},{\"@type\":\"ListItem\",\"@id\":\"https:\\\/\\\/ejornais.com.br\\\/index.php\\\/2026\\\/09\\\/01\\\/vespasiano-martins-sedia-oficina-culinaria-do-fac-cgnoticias\\\/#listItem\",\"position\":3,\"name\":\"Vespasiano Martins sedia oficina culin\\u00e1ria do FAC\\u00a0\\u00a0 \\u2013 CGNot\\u00edcias\",\"previousItem\":{\"@type\":\"ListItem\",\"@id\":\"https:\\\/\\\/ejornais.com.br\\\/index.php\\\/category\\\/ejornais\\\/#listItem\",\"name\":\"Cat\\u00e1logo de Jornais\"}}]},{\"@type\":\"Organization\",\"@id\":\"https:\\\/\\\/ejornais.com.br\\\/#organization\",\"name\":\"eJornais\",\"description\":\"Cat\\u00e1logo de Jornais no mundo, Not\\u00edcias, Blog e Esportes ao vivo\",\"url\":\"https:\\\/\\\/ejornais.com.br\\\/\"},{\"@type\":\"Person\",\"@id\":\"https:\\\/\\\/ejornais.com.br\\\/index.php\\\/author\\\/admin1\\\/#author\",\"url\":\"https:\\\/\\\/ejornais.com.br\\\/index.php\\\/author\\\/admin1\\\/\",\"name\":\"admin1\",\"image\":{\"@type\":\"ImageObject\",\"@id\":\"https:\\\/\\\/ejornais.com.br\\\/index.php\\\/2026\\\/09\\\/01\\\/vespasiano-martins-sedia-oficina-culinaria-do-fac-cgnoticias\\\/#authorImage\",\"url\":\"https:\\\/\\\/secure.gravatar.com\\\/avatar\\\/04084e6d73c042b8646e7c17b494073bf0ede3ea13c7105cfc45cbbbc28385a4?s=96&d=mm&r=g\",\"width\":96,\"height\":96,\"caption\":\"admin1\"}},{\"@type\":\"WebPage\",\"@id\":\"https:\\\/\\\/ejornais.com.br\\\/index.php\\\/2026\\\/09\\\/01\\\/vespasiano-martins-sedia-oficina-culinaria-do-fac-cgnoticias\\\/#webpage\",\"url\":\"https:\\\/\\\/ejornais.com.br\\\/index.php\\\/2026\\\/09\\\/01\\\/vespasiano-martins-sedia-oficina-culinaria-do-fac-cgnoticias\\\/\",\"name\":\"Vespasiano Martins sedia oficina culin\\u00e1ria do FAC \\u2013 CGNot\\u00edcias - eJornais\",\"description\":\"O Fundo de Apoio \\u00e0 Comunidade (FAC) realizou uma oficina de saltenha e brigadeiro de casca de banana, com 50 mulheres do bairro Vespasiano Martins, Regi\\u00e3o Urbana do Anhanduizinho, em Campo Grande. Na aula, as cursistas puderam aprender sobre ingredientes com custo reduzido, que n\\u00e3o comprometem o resultado final e favorecem ao precificar e alcan\\u00e7ar lucro com qualidade do\",\"inLanguage\":\"pt-BR\",\"isPartOf\":{\"@id\":\"https:\\\/\\\/ejornais.com.br\\\/#website\"},\"breadcrumb\":{\"@id\":\"https:\\\/\\\/ejornais.com.br\\\/index.php\\\/2026\\\/09\\\/01\\\/vespasiano-martins-sedia-oficina-culinaria-do-fac-cgnoticias\\\/#breadcrumblist\"},\"author\":{\"@id\":\"https:\\\/\\\/ejornais.com.br\\\/index.php\\\/author\\\/admin1\\\/#author\"},\"creator\":{\"@id\":\"https:\\\/\\\/ejornais.com.br\\\/index.php\\\/author\\\/admin1\\\/#author\"},\"datePublished\":\"2026-09-01T14:40:35-03:00\",\"dateModified\":\"2026-09-01T14:40:35-03:00\"},{\"@type\":\"WebSite\",\"@id\":\"https:\\\/\\\/ejornais.com.br\\\/#website\",\"url\":\"https:\\\/\\\/ejornais.com.br\\\/\",\"name\":\"eJornais\",\"description\":\"Cat\\u00e1logo de Jornais no mundo, Not\\u00edcias, Blog e Esportes ao vivo\",\"inLanguage\":\"pt-BR\",\"publisher\":{\"@id\":\"https:\\\/\\\/ejornais.com.br\\\/#organization\"}}]}\n\t\t<\/script>\n\t\t<!-- All in One SEO -->\n\n","aioseo_head_json":{"title":"Vespasiano Martins sedia oficina culin\u00e1ria do FAC \u2013 CGNot\u00edcias - eJornais","description":"O Fundo de Apoio \u00e0 Comunidade (FAC) realizou uma oficina de saltenha e brigadeiro de casca de banana, com 50 mulheres do bairro Vespasiano Martins, Regi\u00e3o Urbana do Anhanduizinho, em Campo Grande. Na aula, as cursistas puderam aprender sobre ingredientes com custo reduzido, que n\u00e3o comprometem o resultado final e favorecem ao precificar e alcan\u00e7ar lucro com qualidade do","canonical_url":"https:\/\/ejornais.com.br\/index.php\/2026\/09\/01\/vespasiano-martins-sedia-oficina-culinaria-do-fac-cgnoticias\/","robots":"max-image-preview:large","keywords":"","webmasterTools":{"miscellaneous":""},"schema":{"@context":"https:\/\/schema.org","@graph":[{"@type":"BlogPosting","@id":"https:\/\/ejornais.com.br\/index.php\/2026\/09\/01\/vespasiano-martins-sedia-oficina-culinaria-do-fac-cgnoticias\/#blogposting","name":"Vespasiano Martins sedia oficina culin\u00e1ria do FAC \u2013 CGNot\u00edcias - eJornais","headline":"Vespasiano Martins sedia oficina culin\u00e1ria do FAC\u00a0\u00a0 \u2013 CGNot\u00edcias","author":{"@id":"https:\/\/ejornais.com.br\/index.php\/author\/admin1\/#author"},"publisher":{"@id":"https:\/\/ejornais.com.br\/#organization"},"datePublished":"2026-09-01T14:40:35-03:00","dateModified":"2026-09-01T14:40:35-03:00","inLanguage":"pt-BR","mainEntityOfPage":{"@id":"https:\/\/ejornais.com.br\/index.php\/2026\/09\/01\/vespasiano-martins-sedia-oficina-culinaria-do-fac-cgnoticias\/#webpage"},"isPartOf":{"@id":"https:\/\/ejornais.com.br\/index.php\/2026\/09\/01\/vespasiano-martins-sedia-oficina-culinaria-do-fac-cgnoticias\/#webpage"},"articleSection":"Cat\u00e1logo de Jornais"},{"@type":"BreadcrumbList","@id":"https:\/\/ejornais.com.br\/index.php\/2026\/09\/01\/vespasiano-martins-sedia-oficina-culinaria-do-fac-cgnoticias\/#breadcrumblist","itemListElement":[{"@type":"ListItem","@id":"https:\/\/ejornais.com.br#listItem","position":1,"name":"In\u00edcio","item":"https:\/\/ejornais.com.br","nextItem":{"@type":"ListItem","@id":"https:\/\/ejornais.com.br\/index.php\/category\/ejornais\/#listItem","name":"Cat\u00e1logo de Jornais"}},{"@type":"ListItem","@id":"https:\/\/ejornais.com.br\/index.php\/category\/ejornais\/#listItem","position":2,"name":"Cat\u00e1logo de Jornais","item":"https:\/\/ejornais.com.br\/index.php\/category\/ejornais\/","nextItem":{"@type":"ListItem","@id":"https:\/\/ejornais.com.br\/index.php\/2026\/09\/01\/vespasiano-martins-sedia-oficina-culinaria-do-fac-cgnoticias\/#listItem","name":"Vespasiano Martins sedia oficina culin\u00e1ria do FAC\u00a0\u00a0 \u2013 CGNot\u00edcias"},"previousItem":{"@type":"ListItem","@id":"https:\/\/ejornais.com.br#listItem","name":"In\u00edcio"}},{"@type":"ListItem","@id":"https:\/\/ejornais.com.br\/index.php\/2026\/09\/01\/vespasiano-martins-sedia-oficina-culinaria-do-fac-cgnoticias\/#listItem","position":3,"name":"Vespasiano Martins sedia oficina culin\u00e1ria do FAC\u00a0\u00a0 \u2013 CGNot\u00edcias","previousItem":{"@type":"ListItem","@id":"https:\/\/ejornais.com.br\/index.php\/category\/ejornais\/#listItem","name":"Cat\u00e1logo de Jornais"}}]},{"@type":"Organization","@id":"https:\/\/ejornais.com.br\/#organization","name":"eJornais","description":"Cat\u00e1logo de Jornais no mundo, Not\u00edcias, Blog e Esportes ao vivo","url":"https:\/\/ejornais.com.br\/"},{"@type":"Person","@id":"https:\/\/ejornais.com.br\/index.php\/author\/admin1\/#author","url":"https:\/\/ejornais.com.br\/index.php\/author\/admin1\/","name":"admin1","image":{"@type":"ImageObject","@id":"https:\/\/ejornais.com.br\/index.php\/2026\/09\/01\/vespasiano-martins-sedia-oficina-culinaria-do-fac-cgnoticias\/#authorImage","url":"https:\/\/secure.gravatar.com\/avatar\/04084e6d73c042b8646e7c17b494073bf0ede3ea13c7105cfc45cbbbc28385a4?s=96&d=mm&r=g","width":96,"height":96,"caption":"admin1"}},{"@type":"WebPage","@id":"https:\/\/ejornais.com.br\/index.php\/2026\/09\/01\/vespasiano-martins-sedia-oficina-culinaria-do-fac-cgnoticias\/#webpage","url":"https:\/\/ejornais.com.br\/index.php\/2026\/09\/01\/vespasiano-martins-sedia-oficina-culinaria-do-fac-cgnoticias\/","name":"Vespasiano Martins sedia oficina culin\u00e1ria do FAC \u2013 CGNot\u00edcias - eJornais","description":"O Fundo de Apoio \u00e0 Comunidade (FAC) realizou uma oficina de saltenha e brigadeiro de casca de banana, com 50 mulheres do bairro Vespasiano Martins, Regi\u00e3o Urbana do Anhanduizinho, em Campo Grande. Na aula, as cursistas puderam aprender sobre ingredientes com custo reduzido, que n\u00e3o comprometem o resultado final e favorecem ao precificar e alcan\u00e7ar lucro com qualidade do","inLanguage":"pt-BR","isPartOf":{"@id":"https:\/\/ejornais.com.br\/#website"},"breadcrumb":{"@id":"https:\/\/ejornais.com.br\/index.php\/2026\/09\/01\/vespasiano-martins-sedia-oficina-culinaria-do-fac-cgnoticias\/#breadcrumblist"},"author":{"@id":"https:\/\/ejornais.com.br\/index.php\/author\/admin1\/#author"},"creator":{"@id":"https:\/\/ejornais.com.br\/index.php\/author\/admin1\/#author"},"datePublished":"2026-09-01T14:40:35-03:00","dateModified":"2026-09-01T14:40:35-03:00"},{"@type":"WebSite","@id":"https:\/\/ejornais.com.br\/#website","url":"https:\/\/ejornais.com.br\/","name":"eJornais","description":"Cat\u00e1logo de Jornais no mundo, Not\u00edcias, Blog e Esportes ao vivo","inLanguage":"pt-BR","publisher":{"@id":"https:\/\/ejornais.com.br\/#organization"}}]},"og:locale":"pt_BR","og:site_name":"eJornais - Cat\u00e1logo de Jornais no mundo, Not\u00edcias, Blog e Esportes ao vivo","og:type":"article","og:title":"Vespasiano Martins sedia oficina culin\u00e1ria do FAC \u2013 CGNot\u00edcias - eJornais","og:description":"O Fundo de Apoio \u00e0 Comunidade (FAC) realizou uma oficina de saltenha e brigadeiro de casca de banana, com 50 mulheres do bairro Vespasiano Martins, Regi\u00e3o Urbana do Anhanduizinho, em Campo Grande. Na aula, as cursistas puderam aprender sobre ingredientes com custo reduzido, que n\u00e3o comprometem o resultado final e favorecem ao precificar e alcan\u00e7ar lucro com qualidade do","og:url":"https:\/\/ejornais.com.br\/index.php\/2026\/09\/01\/vespasiano-martins-sedia-oficina-culinaria-do-fac-cgnoticias\/","article:published_time":"2026-09-01T17:40:35+00:00","article:modified_time":"2026-09-01T17:40:35+00:00","twitter:card":"summary_large_image","twitter:title":"Vespasiano Martins sedia oficina culin\u00e1ria do FAC \u2013 CGNot\u00edcias - eJornais","twitter:description":"O Fundo de Apoio \u00e0 Comunidade (FAC) realizou uma oficina de saltenha e brigadeiro de casca de banana, com 50 mulheres do bairro Vespasiano Martins, Regi\u00e3o Urbana do Anhanduizinho, em Campo Grande. Na aula, as cursistas puderam aprender sobre ingredientes com custo reduzido, que n\u00e3o comprometem o resultado final e favorecem ao precificar e alcan\u00e7ar lucro com qualidade do"},"aioseo_meta_data":{"post_id":"71491","title":null,"description":null,"keywords":null,"keyphrases":null,"primary_term":null,"canonical_url":null,"og_title":null,"og_description":null,"og_object_type":"default","og_image_type":"default","og_image_url":null,"og_image_width":null,"og_image_height":null,"og_image_custom_url":null,"og_image_custom_fields":null,"og_video":null,"og_custom_url":null,"og_article_section":null,"og_article_tags":null,"twitter_use_og":false,"twitter_card":"default","twitter_image_type":"default","twitter_image_url":null,"twitter_image_custom_url":null,"twitter_image_custom_fields":null,"twitter_title":null,"twitter_description":null,"schema":{"blockGraphs":[],"customGraphs":[],"default":{"data":{"Article":[],"Course":[],"Dataset":[],"FAQPage":[],"Movie":[],"Person":[],"Product":[],"ProductReview":[],"Car":[],"Recipe":[],"Service":[],"SoftwareApplication":[],"WebPage":[]},"graphName":"","isEnabled":true},"graphs":[]},"schema_type":"default","schema_type_options":null,"pillar_content":false,"robots_default":true,"robots_noindex":false,"robots_noarchive":false,"robots_nosnippet":false,"robots_nofollow":false,"robots_noimageindex":false,"robots_noodp":false,"robots_notranslate":false,"robots_max_snippet":null,"robots_max_videopreview":null,"robots_max_imagepreview":"large","priority":null,"frequency":null,"local_seo":null,"breadcrumb_settings":null,"limit_modified_date":false,"ai":null,"created":"2026-09-01 22:45:37","updated":"2026-09-01 22:45:37","seo_analyzer_scan_date":null,"focus_keyword":null,"additional_keywords":null,"truseo_locale":null},"aioseo_breadcrumb":"<div class=\"aioseo-breadcrumbs\"><span class=\"aioseo-breadcrumb\">\n\t\t\t<a href=\"https:\/\/ejornais.com.br\" title=\"In\u00edcio\">In\u00edcio<\/a>\n\t\t<\/span><span class=\"aioseo-breadcrumb-separator\">&raquo;<\/span><span class=\"aioseo-breadcrumb\">\n\t\t\t<a href=\"https:\/\/ejornais.com.br\/index.php\/category\/ejornais\/\" title=\"Cat\u00e1logo de Jornais\">Cat\u00e1logo de Jornais<\/a>\n\t\t<\/span><span class=\"aioseo-breadcrumb-separator\">&raquo;<\/span><span class=\"aioseo-breadcrumb\">\n\t\t\tVespasiano Martins sedia oficina culin\u00e1ria do FAC   \u2013 CGNot\u00edcias\n\t\t<\/span><\/div>","aioseo_breadcrumb_json":[{"label":"In\u00edcio","link":"https:\/\/ejornais.com.br"},{"label":"Cat\u00e1logo de Jornais","link":"https:\/\/ejornais.com.br\/index.php\/category\/ejornais\/"},{"label":"Vespasiano Martins sedia oficina culin\u00e1ria do FAC\u00a0\u00a0 \u2013 CGNot\u00edcias","link":"https:\/\/ejornais.com.br\/index.php\/2026\/09\/01\/vespasiano-martins-sedia-oficina-culinaria-do-fac-cgnoticias\/"}],"amp_enabled":true,"_links":{"self":[{"href":"https:\/\/ejornais.com.br\/index.php\/wp-json\/wp\/v2\/posts\/71491","targetHints":{"allow":["GET"]}}],"collection":[{"href":"https:\/\/ejornais.com.br\/index.php\/wp-json\/wp\/v2\/posts"}],"about":[{"href":"https:\/\/ejornais.com.br\/index.php\/wp-json\/wp\/v2\/types\/post"}],"author":[{"embeddable":true,"href":"https:\/\/ejornais.com.br\/index.php\/wp-json\/wp\/v2\/users\/2"}],"replies":[{"embeddable":true,"href":"https:\/\/ejornais.com.br\/index.php\/wp-json\/wp\/v2\/comments?post=71491"}],"version-history":[{"count":0,"href":"https:\/\/ejornais.com.br\/index.php\/wp-json\/wp\/v2\/posts\/71491\/revisions"}],"wp:attachment":[{"href":"https:\/\/ejornais.com.br\/index.php\/wp-json\/wp\/v2\/media?parent=71491"}],"wp:term":[{"taxonomy":"category","embeddable":true,"href":"https:\/\/ejornais.com.br\/index.php\/wp-json\/wp\/v2\/categories?post=71491"},{"taxonomy":"post_tag","embeddable":true,"href":"https:\/\/ejornais.com.br\/index.php\/wp-json\/wp\/v2\/tags?post=71491"}],"curies":[{"name":"wp","href":"https:\/\/api.w.org\/{rel}","templated":true}]}}