{"id":71500,"date":"2026-09-01T17:28:04","date_gmt":"2026-09-01T20:28:04","guid":{"rendered":"https:\/\/ejornais.com.br\/index.php\/2026\/09\/01\/cartao-de-confirmacao-da-inscricao-sera-divulgado-no-dia-9\/"},"modified":"2026-09-01T17:28:04","modified_gmt":"2026-09-01T20:28:04","slug":"cartao-de-confirmacao-da-inscricao-sera-divulgado-no-dia-9","status":"publish","type":"post","link":"https:\/\/ejornais.com.br\/index.php\/2026\/09\/01\/cartao-de-confirmacao-da-inscricao-sera-divulgado-no-dia-9\/","title":{"rendered":"cart\u00e3o de confirma\u00e7\u00e3o da inscri\u00e7\u00e3o ser\u00e1 divulgado no dia 9"},"content":{"rendered":"<p> Por MRNews<br \/>\n<\/p>\n<div>\n<p><strong>O cart\u00e3o de confirma\u00e7\u00e3o de inscri\u00e7\u00e3o na\u00a0Prova Nacional Docente (PND) 2026 ser\u00e1 divulgado no pr\u00f3ximo dia 9 pelo Instituto Nacional de Estudos e Pesquisas Educacionais An\u00edsio Teixeira (Inep). <\/strong>A data inicial prevista para publica\u00e7\u00e3o do documento estava marcada para esta segunda-feira (31).<\/p>\n<p><strong>O documento informa data, hor\u00e1rio e local de aplica\u00e7\u00e3o da prova, n\u00famero de inscri\u00e7\u00e3o, al\u00e9m de indicar, quando for o caso, o atendimento especializado aprovado e uso do nome social. O candidato pode acessar o cart\u00e3o na P\u00e1gina do Participante da Prova Nacional Docente (PND) diretamente pelo Sistema PND.<\/strong><\/p>\n<p>A Prova Nacional Docente (PND) \u00e9 um exame anual do Minist\u00e9rio da Educa\u00e7\u00e3o (MEC) para facilitar a contrata\u00e7\u00e3o de professores. As redes p\u00fablicas de ensino podem usar os resultados do certame \u2013\u00a0chamada de\u00a0Enem dos Professores \u2013\u00a0em processos seletivos,\u00a0de forma classificat\u00f3ria, eliminat\u00f3ria ou complementar \u00e0 prova pr\u00e1tica. A PND n\u00e3o \u00e9 obrigat\u00f3ria para os professores.<\/p>\n<p><strong><a href=\"https:\/\/mrnews.com.br\/index.php\/2026\/09\/01\/petrobras-reajusta-preco-medio-do-querosene-de-aviacao-em-139\/\">Petrobras reajusta pre\u00e7o m\u00e9dio do querosene de avia\u00e7\u00e3o em 13,9%<\/a><\/strong><\/p>\n<p><strong><a href=\"https:\/\/mrnews.com.br\/index.php\/2026\/09\/01\/anvisa-determina-apreensao-de-produtos-da-marca-united-labz\/\">Anvisa determina apreens\u00e3o de produtos da marca United Labz<\/a><\/strong><\/p>\n<p>Para orientar os candidatos\u00a0a n\u00e3o perderem\u00a0prazos importantes, o Inep elaborou o Guia do Participante da Prova Nacional Docente \u2013 2026.<\/p>\n<h2>Cronograma<\/h2>\n<p>A retifica\u00e7\u00e3o da nova data de divulga\u00e7\u00e3o do cart\u00e3o de confirma\u00e7\u00e3o da inscri\u00e7\u00e3o\u00a0foi publicada pelo Inep no Di\u00e1rio Oficial da Uni\u00e3o. As demais datas do cronograma da PND 2026 est\u00e3o mantidas.<\/p>\n<p><strong>Conforme previsto no\u00a0edital da PND 2026, a aplica\u00e7\u00e3o das provas est\u00e1 marcada para 20 de setembro em todos os estados, no Distrito Federal e nos munic\u00edpios listados no Portal do Inep<\/strong>.<\/p>\n<p>Confira as demais datas do cronograma da PND 2026:<\/p>\n<p><strong><a href=\"https:\/\/mrnews.com.br\/index.php\/2026\/09\/01\/festival-em-tiradentes-celebra-lacos-da-cozinha-mineira-com-portugal\/\">Festival em Tiradentes celebra la\u00e7os da cozinha mineira com Portugal<\/a><\/strong><\/p>\n<p><strong><a href=\"https:\/\/mrnews.com.br\/index.php\/2026\/09\/01\/pib-brasileiro-tem-5o-maior-crescimento-no-segundo-trimestre\/\">PIB brasileiro tem 5\u00ba maior crescimento no segundo trimestre<\/a><\/strong><\/p>\n<ul>\n<li>aplica\u00e7\u00e3o da prova: 20 de setembro;<\/li>\n<li>divulga\u00e7\u00e3o dos cadernos de prova, da grade de corre\u00e7\u00e3o da quest\u00e3o discursiva e das vers\u00f5es preliminares dos gabaritos das quest\u00f5es objetivas: 24 de setembro;<\/li>\n<li>recurso da vers\u00e3o preliminar dos gabaritos das quest\u00f5es objetivas: 24 e 25 de setembro;<\/li>\n<li>reaplica\u00e7\u00e3o da prova para casos espec\u00edficos: 18 de outubro;<\/li>\n<li>divulga\u00e7\u00e3o dos cadernos de prova, da grade de corre\u00e7\u00e3o da quest\u00e3o discursiva e das vers\u00f5es preliminares dos gabaritos das quest\u00f5es objetiva: 24 de outubro;<\/li>\n<li>divulga\u00e7\u00e3o da corre\u00e7\u00e3o preliminar da resposta da quest\u00e3o discursiva: 10 de novembro;<\/li>\n<li>recurso da corre\u00e7\u00e3o da resposta da quest\u00e3o discursiva: 10 a 12 de novembro;<\/li>\n<li>divulga\u00e7\u00e3o do resultado final: 15 de dezembro.<\/li>\n<\/ul>\n<h2>Provas<\/h2>\n<p>A avalia\u00e7\u00e3o te\u00f3rica ter\u00e1 como base o Exame Nacional de Desempenho de Estudantes (Enade) das Licenciaturas, que, desde a edi\u00e7\u00e3o de 2024, foca nos cursos de forma\u00e7\u00e3o docente.<\/p>\n<p><strong>A prova, com dura\u00e7\u00e3o total de cinco horas e 30 minutos, ser\u00e1 composta por uma parte de forma\u00e7\u00e3o geral docente, comum aos cursos de todas as \u00e1reas, e outra de componente espec\u00edfico, pr\u00f3prio de cada \u00e1rea de avalia\u00e7\u00e3o das licenciaturas.<\/strong><\/p>\n<p>A parte de forma\u00e7\u00e3o geral docente ter\u00e1 30 quest\u00f5es de m\u00faltipla escolha, envolvendo situa\u00e7\u00f5es-problema e uma quest\u00e3o discursiva que avaliar\u00e1 aspectos como clareza, coer\u00eancia, coes\u00e3o, estrat\u00e9gias argumentativas, vocabul\u00e1rio e gram\u00e1tica adequados \u00e0 norma padr\u00e3o da l\u00edngua portuguesa.<\/p>\n<p>A parte de componente espec\u00edfico de cada \u00e1rea de avalia\u00e7\u00e3o da PND ter\u00e1 50 quest\u00f5es de m\u00faltipla escolha envolvendo situa\u00e7\u00f5es-problema e estudos de caso.<\/p>\n<h2>\u00c1reas da licenciatura<\/h2>\n<p><strong>Nesta edi\u00e7\u00e3o, 21 \u00e1reas da licenciatura ser\u00e3o avaliadas. Em rela\u00e7\u00e3o a 2025, a amplia\u00e7\u00e3o de \u00e1reas da PND em 2026 incluiu as licenciaturas em: teatro, dan\u00e7a, ci\u00eancias naturais e letras e espanhol.<\/strong><\/p>\n<ul>\n<li>artes visuais<\/li>\n<li>ci\u00eancias biol\u00f3gicas (biologia)<\/li>\n<li>ci\u00eancias naturais (ci\u00eancias da natureza)<\/li>\n<li>ci\u00eancias sociais<\/li>\n<li>computa\u00e7\u00e3o<\/li>\n<li>dan\u00e7a<\/li>\n<li>educa\u00e7\u00e3o f\u00edsica<\/li>\n<li>filosofia<\/li>\n<li>f\u00edsica<\/li>\n<li>geografia<\/li>\n<li>hist\u00f3ria<\/li>\n<li>letras espanhol<\/li>\n<li>letras ingl\u00eas<\/li>\n<li>letras portugu\u00eas<\/li>\n<li>letras portugu\u00eas e espanhol<\/li>\n<li>letras portugu\u00eas e ingl\u00eas<\/li>\n<li>matem\u00e1tica<\/li>\n<li>m\u00fasica<\/li>\n<li>pedagogia<\/li>\n<li>qu\u00edmica<\/li>\n<li>teatro<\/li>\n<\/ul>\n<h2>PND<\/h2>\n<p>A Prova Nacional Docente, al\u00e9m de estimular a realiza\u00e7\u00e3o de concursos p\u00fablicos nas redes p\u00fablicas de ensino, tem os objetivos de melhorar a qualidade dos processos seletivos para professores, e, tamb\u00e9m, induzir o aumento de professores qualificados no magist\u00e9rio p\u00fablico.<\/p>\n<p>A iniciativa federal voltada aos licenciados integra o programa\u00a0Mais Professores\u00a0para o Brasil que re\u00fane a\u00e7\u00f5es integradas para promover a valoriza\u00e7\u00e3o e a qualifica\u00e7\u00e3o do magist\u00e9rio da educa\u00e7\u00e3o b\u00e1sica e o incentivo \u00e0 doc\u00eancia no Brasil.<\/p>\n<\/div>\n","protected":false},"excerpt":{"rendered":"<p>Por MRNews O cart\u00e3o de confirma\u00e7\u00e3o de inscri\u00e7\u00e3o na\u00a0Prova Nacional Docente (PND) 2026 ser\u00e1 divulgado no pr\u00f3ximo dia 9 pelo<\/p>\n","protected":false},"author":2,"featured_media":0,"comment_status":"","ping_status":"","sticky":false,"template":"","format":"standard","meta":{"colormag_page_container_layout":"default_layout","colormag_page_sidebar_layout":"default_layout","footnotes":""},"categories":[1],"tags":[],"class_list":["post-71500","post","type-post","status-publish","format-standard","hentry","category-ejornais"],"aioseo_notices":[],"aioseo_head":"\n\t\t<!-- All in One SEO 5.0.1.1 - aioseo.com -->\n\t<meta name=\"description\" content=\"Por MRNews O cart\u00e3o de confirma\u00e7\u00e3o de inscri\u00e7\u00e3o na Prova Nacional Docente (PND) 2026 ser\u00e1 divulgado no pr\u00f3ximo dia 9 pelo Instituto Nacional de Estudos e Pesquisas Educacionais An\u00edsio Teixeira (Inep). A data inicial prevista para publica\u00e7\u00e3o do documento estava marcada para esta segunda-feira (31).O documento informa data, hor\u00e1rio e local de aplica\u00e7\u00e3o da prova, n\u00famero\" \/>\n\t<meta name=\"robots\" content=\"max-image-preview:large\" \/>\n\t<meta name=\"author\" content=\"admin1\"\/>\n\t<link rel=\"canonical\" href=\"https:\/\/ejornais.com.br\/index.php\/2026\/09\/01\/cartao-de-confirmacao-da-inscricao-sera-divulgado-no-dia-9\/\" \/>\n\t<meta name=\"generator\" content=\"All in One SEO (AIOSEO) 5.0.1.1\" \/>\n\t\t<meta property=\"og:locale\" content=\"pt_BR\" \/>\n\t\t<meta property=\"og:site_name\" content=\"eJornais - Cat\u00e1logo de Jornais no mundo, Not\u00edcias, Blog e Esportes ao vivo\" \/>\n\t\t<meta property=\"og:type\" content=\"article\" \/>\n\t\t<meta property=\"og:title\" content=\"cart\u00e3o de confirma\u00e7\u00e3o da inscri\u00e7\u00e3o ser\u00e1 divulgado no dia 9 - eJornais\" \/>\n\t\t<meta property=\"og:description\" content=\"Por MRNews O cart\u00e3o de confirma\u00e7\u00e3o de inscri\u00e7\u00e3o na Prova Nacional Docente (PND) 2026 ser\u00e1 divulgado no pr\u00f3ximo dia 9 pelo Instituto Nacional de Estudos e Pesquisas Educacionais An\u00edsio Teixeira (Inep). A data inicial prevista para publica\u00e7\u00e3o do documento estava marcada para esta segunda-feira (31).O documento informa data, hor\u00e1rio e local de aplica\u00e7\u00e3o da prova, n\u00famero\" \/>\n\t\t<meta property=\"og:url\" content=\"https:\/\/ejornais.com.br\/index.php\/2026\/09\/01\/cartao-de-confirmacao-da-inscricao-sera-divulgado-no-dia-9\/\" \/>\n\t\t<meta property=\"article:published_time\" content=\"2026-09-01T20:28:04+00:00\" \/>\n\t\t<meta property=\"article:modified_time\" content=\"2026-09-01T20:28:04+00:00\" \/>\n\t\t<meta name=\"twitter:card\" content=\"summary_large_image\" \/>\n\t\t<meta name=\"twitter:title\" content=\"cart\u00e3o de confirma\u00e7\u00e3o da inscri\u00e7\u00e3o ser\u00e1 divulgado no dia 9 - eJornais\" \/>\n\t\t<meta name=\"twitter:description\" content=\"Por MRNews O cart\u00e3o de confirma\u00e7\u00e3o de inscri\u00e7\u00e3o na Prova Nacional Docente (PND) 2026 ser\u00e1 divulgado no pr\u00f3ximo dia 9 pelo Instituto Nacional de Estudos e Pesquisas Educacionais An\u00edsio Teixeira (Inep). A data inicial prevista para publica\u00e7\u00e3o do documento estava marcada para esta segunda-feira (31).O documento informa data, hor\u00e1rio e local de aplica\u00e7\u00e3o da prova, n\u00famero\" \/>\n\t\t<script type=\"application\/ld+json\" class=\"aioseo-schema\">\n\t\t\t{\"@context\":\"https:\\\/\\\/schema.org\",\"@graph\":[{\"@type\":\"BlogPosting\",\"@id\":\"https:\\\/\\\/ejornais.com.br\\\/index.php\\\/2026\\\/09\\\/01\\\/cartao-de-confirmacao-da-inscricao-sera-divulgado-no-dia-9\\\/#blogposting\",\"name\":\"cart\\u00e3o de confirma\\u00e7\\u00e3o da inscri\\u00e7\\u00e3o ser\\u00e1 divulgado no dia 9 - eJornais\",\"headline\":\"cart\\u00e3o de confirma\\u00e7\\u00e3o da inscri\\u00e7\\u00e3o ser\\u00e1 divulgado no dia 9\",\"author\":{\"@id\":\"https:\\\/\\\/ejornais.com.br\\\/index.php\\\/author\\\/admin1\\\/#author\"},\"publisher\":{\"@id\":\"https:\\\/\\\/ejornais.com.br\\\/#organization\"},\"datePublished\":\"2026-09-01T17:28:04-03:00\",\"dateModified\":\"2026-09-01T17:28:04-03:00\",\"inLanguage\":\"pt-BR\",\"mainEntityOfPage\":{\"@id\":\"https:\\\/\\\/ejornais.com.br\\\/index.php\\\/2026\\\/09\\\/01\\\/cartao-de-confirmacao-da-inscricao-sera-divulgado-no-dia-9\\\/#webpage\"},\"isPartOf\":{\"@id\":\"https:\\\/\\\/ejornais.com.br\\\/index.php\\\/2026\\\/09\\\/01\\\/cartao-de-confirmacao-da-inscricao-sera-divulgado-no-dia-9\\\/#webpage\"},\"articleSection\":\"Cat\\u00e1logo de Jornais\"},{\"@type\":\"BreadcrumbList\",\"@id\":\"https:\\\/\\\/ejornais.com.br\\\/index.php\\\/2026\\\/09\\\/01\\\/cartao-de-confirmacao-da-inscricao-sera-divulgado-no-dia-9\\\/#breadcrumblist\",\"itemListElement\":[{\"@type\":\"ListItem\",\"@id\":\"https:\\\/\\\/ejornais.com.br#listItem\",\"position\":1,\"name\":\"In\\u00edcio\",\"item\":\"https:\\\/\\\/ejornais.com.br\",\"nextItem\":{\"@type\":\"ListItem\",\"@id\":\"https:\\\/\\\/ejornais.com.br\\\/index.php\\\/category\\\/ejornais\\\/#listItem\",\"name\":\"Cat\\u00e1logo de Jornais\"}},{\"@type\":\"ListItem\",\"@id\":\"https:\\\/\\\/ejornais.com.br\\\/index.php\\\/category\\\/ejornais\\\/#listItem\",\"position\":2,\"name\":\"Cat\\u00e1logo de Jornais\",\"item\":\"https:\\\/\\\/ejornais.com.br\\\/index.php\\\/category\\\/ejornais\\\/\",\"nextItem\":{\"@type\":\"ListItem\",\"@id\":\"https:\\\/\\\/ejornais.com.br\\\/index.php\\\/2026\\\/09\\\/01\\\/cartao-de-confirmacao-da-inscricao-sera-divulgado-no-dia-9\\\/#listItem\",\"name\":\"cart\\u00e3o de confirma\\u00e7\\u00e3o da inscri\\u00e7\\u00e3o ser\\u00e1 divulgado no dia 9\"},\"previousItem\":{\"@type\":\"ListItem\",\"@id\":\"https:\\\/\\\/ejornais.com.br#listItem\",\"name\":\"In\\u00edcio\"}},{\"@type\":\"ListItem\",\"@id\":\"https:\\\/\\\/ejornais.com.br\\\/index.php\\\/2026\\\/09\\\/01\\\/cartao-de-confirmacao-da-inscricao-sera-divulgado-no-dia-9\\\/#listItem\",\"position\":3,\"name\":\"cart\\u00e3o de confirma\\u00e7\\u00e3o da inscri\\u00e7\\u00e3o ser\\u00e1 divulgado no dia 9\",\"previousItem\":{\"@type\":\"ListItem\",\"@id\":\"https:\\\/\\\/ejornais.com.br\\\/index.php\\\/category\\\/ejornais\\\/#listItem\",\"name\":\"Cat\\u00e1logo de Jornais\"}}]},{\"@type\":\"Organization\",\"@id\":\"https:\\\/\\\/ejornais.com.br\\\/#organization\",\"name\":\"eJornais\",\"description\":\"Cat\\u00e1logo de Jornais no mundo, Not\\u00edcias, Blog e Esportes ao vivo\",\"url\":\"https:\\\/\\\/ejornais.com.br\\\/\"},{\"@type\":\"Person\",\"@id\":\"https:\\\/\\\/ejornais.com.br\\\/index.php\\\/author\\\/admin1\\\/#author\",\"url\":\"https:\\\/\\\/ejornais.com.br\\\/index.php\\\/author\\\/admin1\\\/\",\"name\":\"admin1\",\"image\":{\"@type\":\"ImageObject\",\"@id\":\"https:\\\/\\\/ejornais.com.br\\\/index.php\\\/2026\\\/09\\\/01\\\/cartao-de-confirmacao-da-inscricao-sera-divulgado-no-dia-9\\\/#authorImage\",\"url\":\"https:\\\/\\\/secure.gravatar.com\\\/avatar\\\/04084e6d73c042b8646e7c17b494073bf0ede3ea13c7105cfc45cbbbc28385a4?s=96&d=mm&r=g\",\"width\":96,\"height\":96,\"caption\":\"admin1\"}},{\"@type\":\"WebPage\",\"@id\":\"https:\\\/\\\/ejornais.com.br\\\/index.php\\\/2026\\\/09\\\/01\\\/cartao-de-confirmacao-da-inscricao-sera-divulgado-no-dia-9\\\/#webpage\",\"url\":\"https:\\\/\\\/ejornais.com.br\\\/index.php\\\/2026\\\/09\\\/01\\\/cartao-de-confirmacao-da-inscricao-sera-divulgado-no-dia-9\\\/\",\"name\":\"cart\\u00e3o de confirma\\u00e7\\u00e3o da inscri\\u00e7\\u00e3o ser\\u00e1 divulgado no dia 9 - eJornais\",\"description\":\"Por MRNews O cart\\u00e3o de confirma\\u00e7\\u00e3o de inscri\\u00e7\\u00e3o na Prova Nacional Docente (PND) 2026 ser\\u00e1 divulgado no pr\\u00f3ximo dia 9 pelo Instituto Nacional de Estudos e Pesquisas Educacionais An\\u00edsio Teixeira (Inep). A data inicial prevista para publica\\u00e7\\u00e3o do documento estava marcada para esta segunda-feira (31).O documento informa data, hor\\u00e1rio e local de aplica\\u00e7\\u00e3o da prova, n\\u00famero\",\"inLanguage\":\"pt-BR\",\"isPartOf\":{\"@id\":\"https:\\\/\\\/ejornais.com.br\\\/#website\"},\"breadcrumb\":{\"@id\":\"https:\\\/\\\/ejornais.com.br\\\/index.php\\\/2026\\\/09\\\/01\\\/cartao-de-confirmacao-da-inscricao-sera-divulgado-no-dia-9\\\/#breadcrumblist\"},\"author\":{\"@id\":\"https:\\\/\\\/ejornais.com.br\\\/index.php\\\/author\\\/admin1\\\/#author\"},\"creator\":{\"@id\":\"https:\\\/\\\/ejornais.com.br\\\/index.php\\\/author\\\/admin1\\\/#author\"},\"datePublished\":\"2026-09-01T17:28:04-03:00\",\"dateModified\":\"2026-09-01T17:28:04-03:00\"},{\"@type\":\"WebSite\",\"@id\":\"https:\\\/\\\/ejornais.com.br\\\/#website\",\"url\":\"https:\\\/\\\/ejornais.com.br\\\/\",\"name\":\"eJornais\",\"description\":\"Cat\\u00e1logo de Jornais no mundo, Not\\u00edcias, Blog e Esportes ao vivo\",\"inLanguage\":\"pt-BR\",\"publisher\":{\"@id\":\"https:\\\/\\\/ejornais.com.br\\\/#organization\"}}]}\n\t\t<\/script>\n\t\t<!-- All in One SEO -->\n\n","aioseo_head_json":{"title":"cart\u00e3o de confirma\u00e7\u00e3o da inscri\u00e7\u00e3o ser\u00e1 divulgado no dia 9 - eJornais","description":"Por MRNews O cart\u00e3o de confirma\u00e7\u00e3o de inscri\u00e7\u00e3o na Prova Nacional Docente (PND) 2026 ser\u00e1 divulgado no pr\u00f3ximo dia 9 pelo Instituto Nacional de Estudos e Pesquisas Educacionais An\u00edsio Teixeira (Inep). A data inicial prevista para publica\u00e7\u00e3o do documento estava marcada para esta segunda-feira (31).O documento informa data, hor\u00e1rio e local de aplica\u00e7\u00e3o da prova, n\u00famero","canonical_url":"https:\/\/ejornais.com.br\/index.php\/2026\/09\/01\/cartao-de-confirmacao-da-inscricao-sera-divulgado-no-dia-9\/","robots":"max-image-preview:large","keywords":"","webmasterTools":{"miscellaneous":""},"schema":{"@context":"https:\/\/schema.org","@graph":[{"@type":"BlogPosting","@id":"https:\/\/ejornais.com.br\/index.php\/2026\/09\/01\/cartao-de-confirmacao-da-inscricao-sera-divulgado-no-dia-9\/#blogposting","name":"cart\u00e3o de confirma\u00e7\u00e3o da inscri\u00e7\u00e3o ser\u00e1 divulgado no dia 9 - eJornais","headline":"cart\u00e3o de confirma\u00e7\u00e3o da inscri\u00e7\u00e3o ser\u00e1 divulgado no dia 9","author":{"@id":"https:\/\/ejornais.com.br\/index.php\/author\/admin1\/#author"},"publisher":{"@id":"https:\/\/ejornais.com.br\/#organization"},"datePublished":"2026-09-01T17:28:04-03:00","dateModified":"2026-09-01T17:28:04-03:00","inLanguage":"pt-BR","mainEntityOfPage":{"@id":"https:\/\/ejornais.com.br\/index.php\/2026\/09\/01\/cartao-de-confirmacao-da-inscricao-sera-divulgado-no-dia-9\/#webpage"},"isPartOf":{"@id":"https:\/\/ejornais.com.br\/index.php\/2026\/09\/01\/cartao-de-confirmacao-da-inscricao-sera-divulgado-no-dia-9\/#webpage"},"articleSection":"Cat\u00e1logo de Jornais"},{"@type":"BreadcrumbList","@id":"https:\/\/ejornais.com.br\/index.php\/2026\/09\/01\/cartao-de-confirmacao-da-inscricao-sera-divulgado-no-dia-9\/#breadcrumblist","itemListElement":[{"@type":"ListItem","@id":"https:\/\/ejornais.com.br#listItem","position":1,"name":"In\u00edcio","item":"https:\/\/ejornais.com.br","nextItem":{"@type":"ListItem","@id":"https:\/\/ejornais.com.br\/index.php\/category\/ejornais\/#listItem","name":"Cat\u00e1logo de Jornais"}},{"@type":"ListItem","@id":"https:\/\/ejornais.com.br\/index.php\/category\/ejornais\/#listItem","position":2,"name":"Cat\u00e1logo de Jornais","item":"https:\/\/ejornais.com.br\/index.php\/category\/ejornais\/","nextItem":{"@type":"ListItem","@id":"https:\/\/ejornais.com.br\/index.php\/2026\/09\/01\/cartao-de-confirmacao-da-inscricao-sera-divulgado-no-dia-9\/#listItem","name":"cart\u00e3o de confirma\u00e7\u00e3o da inscri\u00e7\u00e3o ser\u00e1 divulgado no dia 9"},"previousItem":{"@type":"ListItem","@id":"https:\/\/ejornais.com.br#listItem","name":"In\u00edcio"}},{"@type":"ListItem","@id":"https:\/\/ejornais.com.br\/index.php\/2026\/09\/01\/cartao-de-confirmacao-da-inscricao-sera-divulgado-no-dia-9\/#listItem","position":3,"name":"cart\u00e3o de confirma\u00e7\u00e3o da inscri\u00e7\u00e3o ser\u00e1 divulgado no dia 9","previousItem":{"@type":"ListItem","@id":"https:\/\/ejornais.com.br\/index.php\/category\/ejornais\/#listItem","name":"Cat\u00e1logo de Jornais"}}]},{"@type":"Organization","@id":"https:\/\/ejornais.com.br\/#organization","name":"eJornais","description":"Cat\u00e1logo de Jornais no mundo, Not\u00edcias, Blog e Esportes ao vivo","url":"https:\/\/ejornais.com.br\/"},{"@type":"Person","@id":"https:\/\/ejornais.com.br\/index.php\/author\/admin1\/#author","url":"https:\/\/ejornais.com.br\/index.php\/author\/admin1\/","name":"admin1","image":{"@type":"ImageObject","@id":"https:\/\/ejornais.com.br\/index.php\/2026\/09\/01\/cartao-de-confirmacao-da-inscricao-sera-divulgado-no-dia-9\/#authorImage","url":"https:\/\/secure.gravatar.com\/avatar\/04084e6d73c042b8646e7c17b494073bf0ede3ea13c7105cfc45cbbbc28385a4?s=96&d=mm&r=g","width":96,"height":96,"caption":"admin1"}},{"@type":"WebPage","@id":"https:\/\/ejornais.com.br\/index.php\/2026\/09\/01\/cartao-de-confirmacao-da-inscricao-sera-divulgado-no-dia-9\/#webpage","url":"https:\/\/ejornais.com.br\/index.php\/2026\/09\/01\/cartao-de-confirmacao-da-inscricao-sera-divulgado-no-dia-9\/","name":"cart\u00e3o de confirma\u00e7\u00e3o da inscri\u00e7\u00e3o ser\u00e1 divulgado no dia 9 - eJornais","description":"Por MRNews O cart\u00e3o de confirma\u00e7\u00e3o de inscri\u00e7\u00e3o na Prova Nacional Docente (PND) 2026 ser\u00e1 divulgado no pr\u00f3ximo dia 9 pelo Instituto Nacional de Estudos e Pesquisas Educacionais An\u00edsio Teixeira (Inep). A data inicial prevista para publica\u00e7\u00e3o do documento estava marcada para esta segunda-feira (31).O documento informa data, hor\u00e1rio e local de aplica\u00e7\u00e3o da prova, n\u00famero","inLanguage":"pt-BR","isPartOf":{"@id":"https:\/\/ejornais.com.br\/#website"},"breadcrumb":{"@id":"https:\/\/ejornais.com.br\/index.php\/2026\/09\/01\/cartao-de-confirmacao-da-inscricao-sera-divulgado-no-dia-9\/#breadcrumblist"},"author":{"@id":"https:\/\/ejornais.com.br\/index.php\/author\/admin1\/#author"},"creator":{"@id":"https:\/\/ejornais.com.br\/index.php\/author\/admin1\/#author"},"datePublished":"2026-09-01T17:28:04-03:00","dateModified":"2026-09-01T17:28:04-03:00"},{"@type":"WebSite","@id":"https:\/\/ejornais.com.br\/#website","url":"https:\/\/ejornais.com.br\/","name":"eJornais","description":"Cat\u00e1logo de Jornais no mundo, Not\u00edcias, Blog e Esportes ao vivo","inLanguage":"pt-BR","publisher":{"@id":"https:\/\/ejornais.com.br\/#organization"}}]},"og:locale":"pt_BR","og:site_name":"eJornais - Cat\u00e1logo de Jornais no mundo, Not\u00edcias, Blog e Esportes ao vivo","og:type":"article","og:title":"cart\u00e3o de confirma\u00e7\u00e3o da inscri\u00e7\u00e3o ser\u00e1 divulgado no dia 9 - eJornais","og:description":"Por MRNews O cart\u00e3o de confirma\u00e7\u00e3o de inscri\u00e7\u00e3o na Prova Nacional Docente (PND) 2026 ser\u00e1 divulgado no pr\u00f3ximo dia 9 pelo Instituto Nacional de Estudos e Pesquisas Educacionais An\u00edsio Teixeira (Inep). A data inicial prevista para publica\u00e7\u00e3o do documento estava marcada para esta segunda-feira (31).O documento informa data, hor\u00e1rio e local de aplica\u00e7\u00e3o da prova, n\u00famero","og:url":"https:\/\/ejornais.com.br\/index.php\/2026\/09\/01\/cartao-de-confirmacao-da-inscricao-sera-divulgado-no-dia-9\/","article:published_time":"2026-09-01T20:28:04+00:00","article:modified_time":"2026-09-01T20:28:04+00:00","twitter:card":"summary_large_image","twitter:title":"cart\u00e3o de confirma\u00e7\u00e3o da inscri\u00e7\u00e3o ser\u00e1 divulgado no dia 9 - eJornais","twitter:description":"Por MRNews O cart\u00e3o de confirma\u00e7\u00e3o de inscri\u00e7\u00e3o na Prova Nacional Docente (PND) 2026 ser\u00e1 divulgado no pr\u00f3ximo dia 9 pelo Instituto Nacional de Estudos e Pesquisas Educacionais An\u00edsio Teixeira (Inep). A data inicial prevista para publica\u00e7\u00e3o do documento estava marcada para esta segunda-feira (31).O documento informa data, hor\u00e1rio e local de aplica\u00e7\u00e3o da prova, n\u00famero"},"aioseo_meta_data":{"post_id":"71500","title":null,"description":null,"keywords":null,"keyphrases":null,"primary_term":null,"canonical_url":null,"og_title":null,"og_description":null,"og_object_type":"default","og_image_type":"default","og_image_url":null,"og_image_width":null,"og_image_height":null,"og_image_custom_url":null,"og_image_custom_fields":null,"og_video":null,"og_custom_url":null,"og_article_section":null,"og_article_tags":null,"twitter_use_og":false,"twitter_card":"default","twitter_image_type":"default","twitter_image_url":null,"twitter_image_custom_url":null,"twitter_image_custom_fields":null,"twitter_title":null,"twitter_description":null,"schema":{"blockGraphs":[],"customGraphs":[],"default":{"data":{"Article":[],"Course":[],"Dataset":[],"FAQPage":[],"Movie":[],"Person":[],"Product":[],"ProductReview":[],"Car":[],"Recipe":[],"Service":[],"SoftwareApplication":[],"WebPage":[]},"graphName":"","isEnabled":true},"graphs":[]},"schema_type":"default","schema_type_options":null,"pillar_content":false,"robots_default":true,"robots_noindex":false,"robots_noarchive":false,"robots_nosnippet":false,"robots_nofollow":false,"robots_noimageindex":false,"robots_noodp":false,"robots_notranslate":false,"robots_max_snippet":null,"robots_max_videopreview":null,"robots_max_imagepreview":"large","priority":null,"frequency":null,"local_seo":null,"breadcrumb_settings":null,"limit_modified_date":false,"ai":null,"created":"2026-09-01 22:47:07","updated":"2026-09-01 22:47:07","seo_analyzer_scan_date":null,"focus_keyword":null,"additional_keywords":null,"truseo_locale":null},"aioseo_breadcrumb":"<div class=\"aioseo-breadcrumbs\"><span class=\"aioseo-breadcrumb\">\n\t\t\t<a href=\"https:\/\/ejornais.com.br\" title=\"In\u00edcio\">In\u00edcio<\/a>\n\t\t<\/span><span class=\"aioseo-breadcrumb-separator\">&raquo;<\/span><span class=\"aioseo-breadcrumb\">\n\t\t\t<a href=\"https:\/\/ejornais.com.br\/index.php\/category\/ejornais\/\" title=\"Cat\u00e1logo de Jornais\">Cat\u00e1logo de Jornais<\/a>\n\t\t<\/span><span class=\"aioseo-breadcrumb-separator\">&raquo;<\/span><span class=\"aioseo-breadcrumb\">\n\t\t\tcart\u00e3o de confirma\u00e7\u00e3o da inscri\u00e7\u00e3o ser\u00e1 divulgado no dia 9\n\t\t<\/span><\/div>","aioseo_breadcrumb_json":[{"label":"In\u00edcio","link":"https:\/\/ejornais.com.br"},{"label":"Cat\u00e1logo de Jornais","link":"https:\/\/ejornais.com.br\/index.php\/category\/ejornais\/"},{"label":"cart\u00e3o de confirma\u00e7\u00e3o da inscri\u00e7\u00e3o ser\u00e1 divulgado no dia 9","link":"https:\/\/ejornais.com.br\/index.php\/2026\/09\/01\/cartao-de-confirmacao-da-inscricao-sera-divulgado-no-dia-9\/"}],"amp_enabled":true,"_links":{"self":[{"href":"https:\/\/ejornais.com.br\/index.php\/wp-json\/wp\/v2\/posts\/71500","targetHints":{"allow":["GET"]}}],"collection":[{"href":"https:\/\/ejornais.com.br\/index.php\/wp-json\/wp\/v2\/posts"}],"about":[{"href":"https:\/\/ejornais.com.br\/index.php\/wp-json\/wp\/v2\/types\/post"}],"author":[{"embeddable":true,"href":"https:\/\/ejornais.com.br\/index.php\/wp-json\/wp\/v2\/users\/2"}],"replies":[{"embeddable":true,"href":"https:\/\/ejornais.com.br\/index.php\/wp-json\/wp\/v2\/comments?post=71500"}],"version-history":[{"count":0,"href":"https:\/\/ejornais.com.br\/index.php\/wp-json\/wp\/v2\/posts\/71500\/revisions"}],"wp:attachment":[{"href":"https:\/\/ejornais.com.br\/index.php\/wp-json\/wp\/v2\/media?parent=71500"}],"wp:term":[{"taxonomy":"category","embeddable":true,"href":"https:\/\/ejornais.com.br\/index.php\/wp-json\/wp\/v2\/categories?post=71500"},{"taxonomy":"post_tag","embeddable":true,"href":"https:\/\/ejornais.com.br\/index.php\/wp-json\/wp\/v2\/tags?post=71500"}],"curies":[{"name":"wp","href":"https:\/\/api.w.org\/{rel}","templated":true}]}}