{"id":71538,"date":"2026-09-02T06:59:36","date_gmt":"2026-09-02T09:59:36","guid":{"rendered":"https:\/\/ejornais.com.br\/index.php\/2026\/09\/02\/aziz-articula-rito-especial-para-levar-pec-da-escala-6x1-ao-plenario\/"},"modified":"2026-09-02T06:59:36","modified_gmt":"2026-09-02T09:59:36","slug":"aziz-articula-rito-especial-para-levar-pec-da-escala-6x1-ao-plenario","status":"publish","type":"post","link":"https:\/\/ejornais.com.br\/index.php\/2026\/09\/02\/aziz-articula-rito-especial-para-levar-pec-da-escala-6x1-ao-plenario\/","title":{"rendered":"Aziz articula rito especial para levar PEC da escala 6&#215;1 ao plen\u00e1rio"},"content":{"rendered":"<p> Por MRNews<br \/>\n<\/p>\n<div>\n<p><strong>O senador Omar Aziz (PSD-AM), relator da Proposta de Emenda Constitucional (PEC) que acaba com a escala 6\u00d71 e reduz a jornada m\u00e1xima de trabalho para 40 horas semanais no Brasil, afirmou nesta ter\u00e7a-feira (1\u00ba) que o texto dever\u00e1 ser aprovado com ampla maioria na Comiss\u00e3o de Constitui\u00e7\u00e3o e Justi\u00e7a (CCJ).<\/strong><\/p>\n<p><strong>Aziz disse que\u00a0apresentar\u00e1 um requerimento para acelerar a tramita\u00e7\u00e3o da proposta, eliminando intervalos regimentais (chamados de interst\u00edcios), para que a mat\u00e9ria possa ser votada em plen\u00e1rio, em regime de urg\u00eancia. A sess\u00e3o na CCJ que votar\u00e1 o relat\u00f3rio est\u00e1 marcada para esta quarta-feira (2), como segundo item da pauta, ap\u00f3s a vota\u00e7\u00e3o da PEC da Seguran\u00e7a P\u00fablica.<\/strong><\/p>\n<blockquote>\n<p>\u201cA gente aprovando na CCJ, vamos pedir o calend\u00e1rio especial para votar no plen\u00e1rio. O que \u00e9 esse calend\u00e1rio especial? Voc\u00ea quebra os interst\u00edcios, voc\u00ea n\u00e3o precisa ler cinco vezes, em cinco sess\u00f5es seguidas. Voc\u00ea pode votar no primeiro e segundo turnos no mesmo dia\u201d, explicou em entrevista a jornalistas.<\/p>\n<p><strong><a href=\"https:\/\/mrnews.com.br\/index.php\/2026\/09\/02\/pgr-pede-anulacao-de-investigacao-sobre-conversas-de-moraes-e-vorcaro\/\">PGR pede anula\u00e7\u00e3o de investiga\u00e7\u00e3o sobre conversas de Moraes e Vorcaro<\/a><\/strong><\/p>\n<p><strong><a href=\"https:\/\/mrnews.com.br\/index.php\/2026\/09\/02\/bolsa-sobe-13-e-atinge-maior-nivel-em-quase-quatro-meses\/\">Bolsa sobe 1,3% e atinge maior n\u00edvel em quase quatro meses<\/a><\/strong><\/p>\n<\/blockquote>\n<p>A estrat\u00e9gia, segundo o relator, foi acertada em reuni\u00e3o com a l\u00edder do governo no Senado, senadora Teresa Leit\u00e3o (PT-PE), o l\u00edder do governo no Congresso, senador Randolfe Rodrigues (PT-AP) e o presidente da CCJ, senador Otto Alencar (PSD-BA). Apesar disso, n\u00e3o houve, at\u00e9 o momento, nenhuma garantia do presidente do Senado, Davi Alcolumbre (Uni\u00e3o-AP), de que o texto ser\u00e1 levado ao plen\u00e1rio.<\/p>\n<blockquote>\n<p>\u201c\u00c9\u00a0uma mat\u00e9ria que mexe com 37 milh\u00f5es de brasileiros, dos quais quase 20 milh\u00f5es s\u00e3o mulheres que t\u00eam uma jornada dupla de trabalho. A maioria delas \u00e9 m\u00e3e solo e precisa cuidar dos filhos e sair ara trabalhar. E eu chamo essa PEC de PEC da empatia\u201d, defendeu Aziz.<\/p>\n<\/blockquote>\n<p>O senador informou ter recebido representantes de diferentes segmentos empresariais nos \u00faltimos dias, como com\u00e9rcio, servi\u00e7os, educa\u00e7\u00e3o e comunica\u00e7\u00e3o, mas reafirmou que n\u00e3o mudar\u00e1 o relat\u00f3rio da PEC aprovada na C\u00e2mara, para que o texto n\u00e3o precise retornar para an\u00e1lise dos deputados.<\/p>\n<p><strong>Segundo Omar Aziz, determinados setores, que t\u00eam caracter\u00edsticas espec\u00edficas de jornada de trabalho, dever\u00e3o discutir essa situa\u00e7\u00e3o em projeto de complementar ou at\u00e9 mesmo uma eventual nova PEC.<\/strong><\/p>\n<p><strong><a href=\"https:\/\/mrnews.com.br\/index.php\/2026\/09\/02\/mega-sena-acumula-para-r-41-milhoes-confira-os-numeros-sorteados\/\">Mega-Sena acumula para R$ 41 milh\u00f5es; confira os n\u00fameros sorteados<\/a><\/strong><\/p>\n<p><strong><a href=\"https:\/\/mrnews.com.br\/index.php\/2026\/09\/02\/senado-aprova-indicacao-de-rodrigo-pacheco-para-o-tcu\/\">Senado aprova indica\u00e7\u00e3o de Rodrigo Pacheco para o TCU<\/a><\/strong><\/p>\n<p>Na semana passada, Aziz apresentou relat\u00f3rio favor\u00e1vel ao fim da escala 6\u00d71 de trabalhar e \u00e0 redu\u00e7\u00e3o da jornada m\u00e1xima semanal para 40 horas. \u00a0<\/p>\n<h2>Saiba o que prev\u00ea os principais pontos do texto:<\/h2>\n<ul>\n<li>Dois dias de repouso semanal remunerado, sendo um deles preferencialmente aos domingos<\/li>\n<li>Sal\u00e1rio n\u00e3o poder\u00e1 ser reduzido por causa da diminui\u00e7\u00e3o da jornada<\/li>\n<li>Dois meses ap\u00f3s a promulga\u00e7\u00e3o da PEC, a jornada m\u00e1xima passa das atuais 44 para 42 horas semanais.<\/li>\n<li>Um ano depois do fim desse primeiro per\u00edodo, cai definitivamente para 40 horas.<\/li>\n<\/ul>\n<p>Sobre a resist\u00eancia da oposi\u00e7\u00e3o, que promete obstruir a vota\u00e7\u00e3o, o relator afirmou que isso faz parte do jogo democr\u00e1tico. \u201cV\u00e3o usar todos os argumentos que o Regimento permite a eles usarem, \u00e9 normal. Agora, cada um \u00e9 dono da sua opini\u00e3o\u201d.<\/p>\n<p>O qu\u00f3rum para aprova\u00e7\u00e3o de uma PEC \u00e9 de tr\u00eas quintos dos votos (60%) dos senadores, o que equivale a pelo menos 49 votos favor\u00e1veis, em dois turnos de discuss\u00e3o e vota\u00e7\u00e3o.<\/p>\n<\/div>\n","protected":false},"excerpt":{"rendered":"<p>Por MRNews O senador Omar Aziz (PSD-AM), relator da Proposta de Emenda Constitucional (PEC) que acaba com a escala 6\u00d71<\/p>\n","protected":false},"author":2,"featured_media":0,"comment_status":"","ping_status":"","sticky":false,"template":"","format":"standard","meta":{"colormag_page_container_layout":"default_layout","colormag_page_sidebar_layout":"default_layout","footnotes":""},"categories":[1],"tags":[],"class_list":["post-71538","post","type-post","status-publish","format-standard","hentry","category-ejornais"],"aioseo_notices":[],"aioseo_head":"\n\t\t<!-- All in One SEO 5.0.1.1 - aioseo.com -->\n\t<meta name=\"description\" content=\"Por MRNews O senador Omar Aziz (PSD-AM), relator da Proposta de Emenda Constitucional (PEC) que acaba com a escala 6\u00d71 e reduz a jornada m\u00e1xima de trabalho para 40 horas semanais no Brasil, afirmou nesta ter\u00e7a-feira (1\u00ba) que o texto dever\u00e1 ser aprovado com ampla maioria na Comiss\u00e3o de Constitui\u00e7\u00e3o e Justi\u00e7a (CCJ).Aziz disse que apresentar\u00e1\" \/>\n\t<meta name=\"robots\" content=\"max-image-preview:large\" \/>\n\t<meta name=\"author\" content=\"admin1\"\/>\n\t<link rel=\"canonical\" href=\"https:\/\/ejornais.com.br\/index.php\/2026\/09\/02\/aziz-articula-rito-especial-para-levar-pec-da-escala-6x1-ao-plenario\/\" \/>\n\t<meta name=\"generator\" content=\"All in One SEO (AIOSEO) 5.0.1.1\" \/>\n\t\t<meta property=\"og:locale\" content=\"pt_BR\" \/>\n\t\t<meta property=\"og:site_name\" content=\"eJornais - Cat\u00e1logo de Jornais no mundo, Not\u00edcias, Blog e Esportes ao vivo\" \/>\n\t\t<meta property=\"og:type\" content=\"article\" \/>\n\t\t<meta property=\"og:title\" content=\"Aziz articula rito especial para levar PEC da escala 6\u00d71 ao plen\u00e1rio - eJornais\" \/>\n\t\t<meta property=\"og:description\" content=\"Por MRNews O senador Omar Aziz (PSD-AM), relator da Proposta de Emenda Constitucional (PEC) que acaba com a escala 6\u00d71 e reduz a jornada m\u00e1xima de trabalho para 40 horas semanais no Brasil, afirmou nesta ter\u00e7a-feira (1\u00ba) que o texto dever\u00e1 ser aprovado com ampla maioria na Comiss\u00e3o de Constitui\u00e7\u00e3o e Justi\u00e7a (CCJ).Aziz disse que apresentar\u00e1\" \/>\n\t\t<meta property=\"og:url\" content=\"https:\/\/ejornais.com.br\/index.php\/2026\/09\/02\/aziz-articula-rito-especial-para-levar-pec-da-escala-6x1-ao-plenario\/\" \/>\n\t\t<meta property=\"article:published_time\" content=\"2026-09-02T09:59:36+00:00\" \/>\n\t\t<meta property=\"article:modified_time\" content=\"2026-09-02T09:59:36+00:00\" \/>\n\t\t<meta name=\"twitter:card\" content=\"summary_large_image\" \/>\n\t\t<meta name=\"twitter:title\" content=\"Aziz articula rito especial para levar PEC da escala 6\u00d71 ao plen\u00e1rio - eJornais\" \/>\n\t\t<meta name=\"twitter:description\" content=\"Por MRNews O senador Omar Aziz (PSD-AM), relator da Proposta de Emenda Constitucional (PEC) que acaba com a escala 6\u00d71 e reduz a jornada m\u00e1xima de trabalho para 40 horas semanais no Brasil, afirmou nesta ter\u00e7a-feira (1\u00ba) que o texto dever\u00e1 ser aprovado com ampla maioria na Comiss\u00e3o de Constitui\u00e7\u00e3o e Justi\u00e7a (CCJ).Aziz disse que apresentar\u00e1\" \/>\n\t\t<script type=\"application\/ld+json\" class=\"aioseo-schema\">\n\t\t\t{\"@context\":\"https:\\\/\\\/schema.org\",\"@graph\":[{\"@type\":\"BlogPosting\",\"@id\":\"https:\\\/\\\/ejornais.com.br\\\/index.php\\\/2026\\\/09\\\/02\\\/aziz-articula-rito-especial-para-levar-pec-da-escala-6x1-ao-plenario\\\/#blogposting\",\"name\":\"Aziz articula rito especial para levar PEC da escala 6\\u00d71 ao plen\\u00e1rio - eJornais\",\"headline\":\"Aziz articula rito especial para levar PEC da escala 6&#215;1 ao plen\\u00e1rio\",\"author\":{\"@id\":\"https:\\\/\\\/ejornais.com.br\\\/index.php\\\/author\\\/admin1\\\/#author\"},\"publisher\":{\"@id\":\"https:\\\/\\\/ejornais.com.br\\\/#organization\"},\"datePublished\":\"2026-09-02T06:59:36-03:00\",\"dateModified\":\"2026-09-02T06:59:36-03:00\",\"inLanguage\":\"pt-BR\",\"mainEntityOfPage\":{\"@id\":\"https:\\\/\\\/ejornais.com.br\\\/index.php\\\/2026\\\/09\\\/02\\\/aziz-articula-rito-especial-para-levar-pec-da-escala-6x1-ao-plenario\\\/#webpage\"},\"isPartOf\":{\"@id\":\"https:\\\/\\\/ejornais.com.br\\\/index.php\\\/2026\\\/09\\\/02\\\/aziz-articula-rito-especial-para-levar-pec-da-escala-6x1-ao-plenario\\\/#webpage\"},\"articleSection\":\"Cat\\u00e1logo de Jornais\"},{\"@type\":\"BreadcrumbList\",\"@id\":\"https:\\\/\\\/ejornais.com.br\\\/index.php\\\/2026\\\/09\\\/02\\\/aziz-articula-rito-especial-para-levar-pec-da-escala-6x1-ao-plenario\\\/#breadcrumblist\",\"itemListElement\":[{\"@type\":\"ListItem\",\"@id\":\"https:\\\/\\\/ejornais.com.br#listItem\",\"position\":1,\"name\":\"In\\u00edcio\",\"item\":\"https:\\\/\\\/ejornais.com.br\",\"nextItem\":{\"@type\":\"ListItem\",\"@id\":\"https:\\\/\\\/ejornais.com.br\\\/index.php\\\/category\\\/ejornais\\\/#listItem\",\"name\":\"Cat\\u00e1logo de Jornais\"}},{\"@type\":\"ListItem\",\"@id\":\"https:\\\/\\\/ejornais.com.br\\\/index.php\\\/category\\\/ejornais\\\/#listItem\",\"position\":2,\"name\":\"Cat\\u00e1logo de Jornais\",\"item\":\"https:\\\/\\\/ejornais.com.br\\\/index.php\\\/category\\\/ejornais\\\/\",\"nextItem\":{\"@type\":\"ListItem\",\"@id\":\"https:\\\/\\\/ejornais.com.br\\\/index.php\\\/2026\\\/09\\\/02\\\/aziz-articula-rito-especial-para-levar-pec-da-escala-6x1-ao-plenario\\\/#listItem\",\"name\":\"Aziz articula rito especial para levar PEC da escala 6&#215;1 ao plen\\u00e1rio\"},\"previousItem\":{\"@type\":\"ListItem\",\"@id\":\"https:\\\/\\\/ejornais.com.br#listItem\",\"name\":\"In\\u00edcio\"}},{\"@type\":\"ListItem\",\"@id\":\"https:\\\/\\\/ejornais.com.br\\\/index.php\\\/2026\\\/09\\\/02\\\/aziz-articula-rito-especial-para-levar-pec-da-escala-6x1-ao-plenario\\\/#listItem\",\"position\":3,\"name\":\"Aziz articula rito especial para levar PEC da escala 6&#215;1 ao plen\\u00e1rio\",\"previousItem\":{\"@type\":\"ListItem\",\"@id\":\"https:\\\/\\\/ejornais.com.br\\\/index.php\\\/category\\\/ejornais\\\/#listItem\",\"name\":\"Cat\\u00e1logo de Jornais\"}}]},{\"@type\":\"Organization\",\"@id\":\"https:\\\/\\\/ejornais.com.br\\\/#organization\",\"name\":\"eJornais\",\"description\":\"Cat\\u00e1logo de Jornais no mundo, Not\\u00edcias, Blog e Esportes ao vivo\",\"url\":\"https:\\\/\\\/ejornais.com.br\\\/\"},{\"@type\":\"Person\",\"@id\":\"https:\\\/\\\/ejornais.com.br\\\/index.php\\\/author\\\/admin1\\\/#author\",\"url\":\"https:\\\/\\\/ejornais.com.br\\\/index.php\\\/author\\\/admin1\\\/\",\"name\":\"admin1\",\"image\":{\"@type\":\"ImageObject\",\"@id\":\"https:\\\/\\\/ejornais.com.br\\\/index.php\\\/2026\\\/09\\\/02\\\/aziz-articula-rito-especial-para-levar-pec-da-escala-6x1-ao-plenario\\\/#authorImage\",\"url\":\"https:\\\/\\\/secure.gravatar.com\\\/avatar\\\/04084e6d73c042b8646e7c17b494073bf0ede3ea13c7105cfc45cbbbc28385a4?s=96&d=mm&r=g\",\"width\":96,\"height\":96,\"caption\":\"admin1\"}},{\"@type\":\"WebPage\",\"@id\":\"https:\\\/\\\/ejornais.com.br\\\/index.php\\\/2026\\\/09\\\/02\\\/aziz-articula-rito-especial-para-levar-pec-da-escala-6x1-ao-plenario\\\/#webpage\",\"url\":\"https:\\\/\\\/ejornais.com.br\\\/index.php\\\/2026\\\/09\\\/02\\\/aziz-articula-rito-especial-para-levar-pec-da-escala-6x1-ao-plenario\\\/\",\"name\":\"Aziz articula rito especial para levar PEC da escala 6\\u00d71 ao plen\\u00e1rio - eJornais\",\"description\":\"Por MRNews O senador Omar Aziz (PSD-AM), relator da Proposta de Emenda Constitucional (PEC) que acaba com a escala 6\\u00d71 e reduz a jornada m\\u00e1xima de trabalho para 40 horas semanais no Brasil, afirmou nesta ter\\u00e7a-feira (1\\u00ba) que o texto dever\\u00e1 ser aprovado com ampla maioria na Comiss\\u00e3o de Constitui\\u00e7\\u00e3o e Justi\\u00e7a (CCJ).Aziz disse que apresentar\\u00e1\",\"inLanguage\":\"pt-BR\",\"isPartOf\":{\"@id\":\"https:\\\/\\\/ejornais.com.br\\\/#website\"},\"breadcrumb\":{\"@id\":\"https:\\\/\\\/ejornais.com.br\\\/index.php\\\/2026\\\/09\\\/02\\\/aziz-articula-rito-especial-para-levar-pec-da-escala-6x1-ao-plenario\\\/#breadcrumblist\"},\"author\":{\"@id\":\"https:\\\/\\\/ejornais.com.br\\\/index.php\\\/author\\\/admin1\\\/#author\"},\"creator\":{\"@id\":\"https:\\\/\\\/ejornais.com.br\\\/index.php\\\/author\\\/admin1\\\/#author\"},\"datePublished\":\"2026-09-02T06:59:36-03:00\",\"dateModified\":\"2026-09-02T06:59:36-03:00\"},{\"@type\":\"WebSite\",\"@id\":\"https:\\\/\\\/ejornais.com.br\\\/#website\",\"url\":\"https:\\\/\\\/ejornais.com.br\\\/\",\"name\":\"eJornais\",\"description\":\"Cat\\u00e1logo de Jornais no mundo, Not\\u00edcias, Blog e Esportes ao vivo\",\"inLanguage\":\"pt-BR\",\"publisher\":{\"@id\":\"https:\\\/\\\/ejornais.com.br\\\/#organization\"}}]}\n\t\t<\/script>\n\t\t<!-- All in One SEO -->\n\n","aioseo_head_json":{"title":"Aziz articula rito especial para levar PEC da escala 6\u00d71 ao plen\u00e1rio - eJornais","description":"Por MRNews O senador Omar Aziz (PSD-AM), relator da Proposta de Emenda Constitucional (PEC) que acaba com a escala 6\u00d71 e reduz a jornada m\u00e1xima de trabalho para 40 horas semanais no Brasil, afirmou nesta ter\u00e7a-feira (1\u00ba) que o texto dever\u00e1 ser aprovado com ampla maioria na Comiss\u00e3o de Constitui\u00e7\u00e3o e Justi\u00e7a (CCJ).Aziz disse que apresentar\u00e1","canonical_url":"https:\/\/ejornais.com.br\/index.php\/2026\/09\/02\/aziz-articula-rito-especial-para-levar-pec-da-escala-6x1-ao-plenario\/","robots":"max-image-preview:large","keywords":"","webmasterTools":{"miscellaneous":""},"schema":{"@context":"https:\/\/schema.org","@graph":[{"@type":"BlogPosting","@id":"https:\/\/ejornais.com.br\/index.php\/2026\/09\/02\/aziz-articula-rito-especial-para-levar-pec-da-escala-6x1-ao-plenario\/#blogposting","name":"Aziz articula rito especial para levar PEC da escala 6\u00d71 ao plen\u00e1rio - eJornais","headline":"Aziz articula rito especial para levar PEC da escala 6&#215;1 ao plen\u00e1rio","author":{"@id":"https:\/\/ejornais.com.br\/index.php\/author\/admin1\/#author"},"publisher":{"@id":"https:\/\/ejornais.com.br\/#organization"},"datePublished":"2026-09-02T06:59:36-03:00","dateModified":"2026-09-02T06:59:36-03:00","inLanguage":"pt-BR","mainEntityOfPage":{"@id":"https:\/\/ejornais.com.br\/index.php\/2026\/09\/02\/aziz-articula-rito-especial-para-levar-pec-da-escala-6x1-ao-plenario\/#webpage"},"isPartOf":{"@id":"https:\/\/ejornais.com.br\/index.php\/2026\/09\/02\/aziz-articula-rito-especial-para-levar-pec-da-escala-6x1-ao-plenario\/#webpage"},"articleSection":"Cat\u00e1logo de Jornais"},{"@type":"BreadcrumbList","@id":"https:\/\/ejornais.com.br\/index.php\/2026\/09\/02\/aziz-articula-rito-especial-para-levar-pec-da-escala-6x1-ao-plenario\/#breadcrumblist","itemListElement":[{"@type":"ListItem","@id":"https:\/\/ejornais.com.br#listItem","position":1,"name":"In\u00edcio","item":"https:\/\/ejornais.com.br","nextItem":{"@type":"ListItem","@id":"https:\/\/ejornais.com.br\/index.php\/category\/ejornais\/#listItem","name":"Cat\u00e1logo de Jornais"}},{"@type":"ListItem","@id":"https:\/\/ejornais.com.br\/index.php\/category\/ejornais\/#listItem","position":2,"name":"Cat\u00e1logo de Jornais","item":"https:\/\/ejornais.com.br\/index.php\/category\/ejornais\/","nextItem":{"@type":"ListItem","@id":"https:\/\/ejornais.com.br\/index.php\/2026\/09\/02\/aziz-articula-rito-especial-para-levar-pec-da-escala-6x1-ao-plenario\/#listItem","name":"Aziz articula rito especial para levar PEC da escala 6&#215;1 ao plen\u00e1rio"},"previousItem":{"@type":"ListItem","@id":"https:\/\/ejornais.com.br#listItem","name":"In\u00edcio"}},{"@type":"ListItem","@id":"https:\/\/ejornais.com.br\/index.php\/2026\/09\/02\/aziz-articula-rito-especial-para-levar-pec-da-escala-6x1-ao-plenario\/#listItem","position":3,"name":"Aziz articula rito especial para levar PEC da escala 6&#215;1 ao plen\u00e1rio","previousItem":{"@type":"ListItem","@id":"https:\/\/ejornais.com.br\/index.php\/category\/ejornais\/#listItem","name":"Cat\u00e1logo de Jornais"}}]},{"@type":"Organization","@id":"https:\/\/ejornais.com.br\/#organization","name":"eJornais","description":"Cat\u00e1logo de Jornais no mundo, Not\u00edcias, Blog e Esportes ao vivo","url":"https:\/\/ejornais.com.br\/"},{"@type":"Person","@id":"https:\/\/ejornais.com.br\/index.php\/author\/admin1\/#author","url":"https:\/\/ejornais.com.br\/index.php\/author\/admin1\/","name":"admin1","image":{"@type":"ImageObject","@id":"https:\/\/ejornais.com.br\/index.php\/2026\/09\/02\/aziz-articula-rito-especial-para-levar-pec-da-escala-6x1-ao-plenario\/#authorImage","url":"https:\/\/secure.gravatar.com\/avatar\/04084e6d73c042b8646e7c17b494073bf0ede3ea13c7105cfc45cbbbc28385a4?s=96&d=mm&r=g","width":96,"height":96,"caption":"admin1"}},{"@type":"WebPage","@id":"https:\/\/ejornais.com.br\/index.php\/2026\/09\/02\/aziz-articula-rito-especial-para-levar-pec-da-escala-6x1-ao-plenario\/#webpage","url":"https:\/\/ejornais.com.br\/index.php\/2026\/09\/02\/aziz-articula-rito-especial-para-levar-pec-da-escala-6x1-ao-plenario\/","name":"Aziz articula rito especial para levar PEC da escala 6\u00d71 ao plen\u00e1rio - eJornais","description":"Por MRNews O senador Omar Aziz (PSD-AM), relator da Proposta de Emenda Constitucional (PEC) que acaba com a escala 6\u00d71 e reduz a jornada m\u00e1xima de trabalho para 40 horas semanais no Brasil, afirmou nesta ter\u00e7a-feira (1\u00ba) que o texto dever\u00e1 ser aprovado com ampla maioria na Comiss\u00e3o de Constitui\u00e7\u00e3o e Justi\u00e7a (CCJ).Aziz disse que apresentar\u00e1","inLanguage":"pt-BR","isPartOf":{"@id":"https:\/\/ejornais.com.br\/#website"},"breadcrumb":{"@id":"https:\/\/ejornais.com.br\/index.php\/2026\/09\/02\/aziz-articula-rito-especial-para-levar-pec-da-escala-6x1-ao-plenario\/#breadcrumblist"},"author":{"@id":"https:\/\/ejornais.com.br\/index.php\/author\/admin1\/#author"},"creator":{"@id":"https:\/\/ejornais.com.br\/index.php\/author\/admin1\/#author"},"datePublished":"2026-09-02T06:59:36-03:00","dateModified":"2026-09-02T06:59:36-03:00"},{"@type":"WebSite","@id":"https:\/\/ejornais.com.br\/#website","url":"https:\/\/ejornais.com.br\/","name":"eJornais","description":"Cat\u00e1logo de Jornais no mundo, Not\u00edcias, Blog e Esportes ao vivo","inLanguage":"pt-BR","publisher":{"@id":"https:\/\/ejornais.com.br\/#organization"}}]},"og:locale":"pt_BR","og:site_name":"eJornais - Cat\u00e1logo de Jornais no mundo, Not\u00edcias, Blog e Esportes ao vivo","og:type":"article","og:title":"Aziz articula rito especial para levar PEC da escala 6\u00d71 ao plen\u00e1rio - eJornais","og:description":"Por MRNews O senador Omar Aziz (PSD-AM), relator da Proposta de Emenda Constitucional (PEC) que acaba com a escala 6\u00d71 e reduz a jornada m\u00e1xima de trabalho para 40 horas semanais no Brasil, afirmou nesta ter\u00e7a-feira (1\u00ba) que o texto dever\u00e1 ser aprovado com ampla maioria na Comiss\u00e3o de Constitui\u00e7\u00e3o e Justi\u00e7a (CCJ).Aziz disse que apresentar\u00e1","og:url":"https:\/\/ejornais.com.br\/index.php\/2026\/09\/02\/aziz-articula-rito-especial-para-levar-pec-da-escala-6x1-ao-plenario\/","article:published_time":"2026-09-02T09:59:36+00:00","article:modified_time":"2026-09-02T09:59:36+00:00","twitter:card":"summary_large_image","twitter:title":"Aziz articula rito especial para levar PEC da escala 6\u00d71 ao plen\u00e1rio - eJornais","twitter:description":"Por MRNews O senador Omar Aziz (PSD-AM), relator da Proposta de Emenda Constitucional (PEC) que acaba com a escala 6\u00d71 e reduz a jornada m\u00e1xima de trabalho para 40 horas semanais no Brasil, afirmou nesta ter\u00e7a-feira (1\u00ba) que o texto dever\u00e1 ser aprovado com ampla maioria na Comiss\u00e3o de Constitui\u00e7\u00e3o e Justi\u00e7a (CCJ).Aziz disse que apresentar\u00e1"},"aioseo_meta_data":[],"aioseo_breadcrumb":"<div class=\"aioseo-breadcrumbs\"><span class=\"aioseo-breadcrumb\">\n\t\t\t<a href=\"https:\/\/ejornais.com.br\" title=\"In\u00edcio\">In\u00edcio<\/a>\n\t\t<\/span><span class=\"aioseo-breadcrumb-separator\">&raquo;<\/span><span class=\"aioseo-breadcrumb\">\n\t\t\t<a href=\"https:\/\/ejornais.com.br\/index.php\/category\/ejornais\/\" title=\"Cat\u00e1logo de Jornais\">Cat\u00e1logo de Jornais<\/a>\n\t\t<\/span><span class=\"aioseo-breadcrumb-separator\">&raquo;<\/span><span class=\"aioseo-breadcrumb\">\n\t\t\tAziz articula rito especial para levar PEC da escala 6\u00d71 ao plen\u00e1rio\n\t\t<\/span><\/div>","aioseo_breadcrumb_json":[{"label":"In\u00edcio","link":"https:\/\/ejornais.com.br"},{"label":"Cat\u00e1logo de Jornais","link":"https:\/\/ejornais.com.br\/index.php\/category\/ejornais\/"},{"label":"Aziz articula rito especial para levar PEC da escala 6&#215;1 ao plen\u00e1rio","link":"https:\/\/ejornais.com.br\/index.php\/2026\/09\/02\/aziz-articula-rito-especial-para-levar-pec-da-escala-6x1-ao-plenario\/"}],"amp_enabled":true,"_links":{"self":[{"href":"https:\/\/ejornais.com.br\/index.php\/wp-json\/wp\/v2\/posts\/71538","targetHints":{"allow":["GET"]}}],"collection":[{"href":"https:\/\/ejornais.com.br\/index.php\/wp-json\/wp\/v2\/posts"}],"about":[{"href":"https:\/\/ejornais.com.br\/index.php\/wp-json\/wp\/v2\/types\/post"}],"author":[{"embeddable":true,"href":"https:\/\/ejornais.com.br\/index.php\/wp-json\/wp\/v2\/users\/2"}],"replies":[{"embeddable":true,"href":"https:\/\/ejornais.com.br\/index.php\/wp-json\/wp\/v2\/comments?post=71538"}],"version-history":[{"count":0,"href":"https:\/\/ejornais.com.br\/index.php\/wp-json\/wp\/v2\/posts\/71538\/revisions"}],"wp:attachment":[{"href":"https:\/\/ejornais.com.br\/index.php\/wp-json\/wp\/v2\/media?parent=71538"}],"wp:term":[{"taxonomy":"category","embeddable":true,"href":"https:\/\/ejornais.com.br\/index.php\/wp-json\/wp\/v2\/categories?post=71538"},{"taxonomy":"post_tag","embeddable":true,"href":"https:\/\/ejornais.com.br\/index.php\/wp-json\/wp\/v2\/tags?post=71538"}],"curies":[{"name":"wp","href":"https:\/\/api.w.org\/{rel}","templated":true}]}}