{"id":71549,"date":"2026-09-02T11:38:05","date_gmt":"2026-09-02T14:38:05","guid":{"rendered":"https:\/\/ejornais.com.br\/index.php\/2026\/09\/02\/campo-grande-recebe-ii-semana-da-construcao-civil-cgnoticias\/"},"modified":"2026-09-02T11:38:05","modified_gmt":"2026-09-02T14:38:05","slug":"campo-grande-recebe-ii-semana-da-construcao-civil-cgnoticias","status":"publish","type":"post","link":"https:\/\/ejornais.com.br\/index.php\/2026\/09\/02\/campo-grande-recebe-ii-semana-da-construcao-civil-cgnoticias\/","title":{"rendered":"Campo Grande recebe II Semana da Constru\u00e7\u00e3o Civil \u2013 CGNot\u00edcias"},"content":{"rendered":"<p><\/p>\n<div>\n<p>Campo Grande recebe, entre os dias 14 e 18 de setembro, o II Workshop Semana da Constru\u00e7\u00e3o Civil, evento que reunir\u00e1 profissionais, empres\u00e1rios, estudantes, gestores p\u00fablicos e representantes de institui\u00e7\u00f5es ligadas ao setor.<\/p>\n<p>A programa\u00e7\u00e3o abordar\u00e1 temas estrat\u00e9gicos para o desenvolvimento da constru\u00e7\u00e3o civil, como desburocratiza\u00e7\u00e3o, planejamento e gest\u00e3o de obras, engenharia de custos, desenvolvimento urbano, sustentabilidade, responsabilidade t\u00e9cnica e mercado de trabalho.<\/p>\n<p>As inscri\u00e7\u00f5es s\u00e3o gratuitas e j\u00e1 est\u00e3o abertas neste link.<\/p>\n<p>Realizado na Faculdade SENAI da Constru\u00e7\u00e3o, o evento contar\u00e1 com palestras e mesa-redonda sobre temas diretamente relacionados ao cotidiano de profissionais e empresas da constru\u00e7\u00e3o civil e aos processos que envolvem o desenvolvimento urbano.<\/p>\n<p>A programa\u00e7\u00e3o inclui discuss\u00f5es sobre parcelamento do solo, diretrizes urban\u00edsticas, planejamento de obras, custos, efici\u00eancia, aprova\u00e7\u00e3o de projetos, licenciamento ambiental, Habite-se Declarat\u00f3rio, arboriza\u00e7\u00e3o urbana, sinaliza\u00e7\u00e3o vi\u00e1ria, mobilidade e viabilidade municipal.<\/p>\n<p>A abertura ocorre no dia 14 de setembro, \u00e0s 18h30, e segue, \u00e0s 19h30, com a palestra magna \u201cPor que os Cronogramas furam?\u201d, com Aldo D\u00f3rea Mattos, uma das refer\u00eancias nacionais em Engenharia de Custos, Planejamento de Obras e Administra\u00e7\u00e3o Contratual.<\/p>\n<p>Engenheiro civil, advogado e mestre em Geof\u00edsica, Aldo Mattos \u00e9 autor de diversos livros e artigos t\u00e9cnicos e possui certifica\u00e7\u00e3o Project Management Professional (PMP). \u00c9 tamb\u00e9m Fellow da AACE International e tem experi\u00eancia em projetos de grande porte no Brasil e no exterior. Sua atua\u00e7\u00e3o re\u00fane engenharia de custos, planejamento e gest\u00e3o de empreendimentos.<\/p>\n<p>A palestra de abertura dialoga diretamente com a proposta central desta edi\u00e7\u00e3o. O planejamento e o acompanhamento adequado do cronograma s\u00e3o ferramentas fundamentais para reduzir atrasos, controlar recursos e aumentar a efici\u00eancia na execu\u00e7\u00e3o de empreendimentos.<\/p>\n<h6 class=\"wp-block-heading\">Programa\u00e7\u00e3o<\/h6>\n<p>No dia 15 de setembro, a programa\u00e7\u00e3o come\u00e7a \u00e0s 14h, com a palestra \u201cUrbanismo em A\u00e7\u00e3o: Regras e Oportunidades do Parcelamento do Solo\u201d, seguida, \u00e0s 15h30, de \u201cAs Diretrizes Urban\u00edsticas como ferramentas do planejamento urbano municipal\u201d.<\/p>\n<p>\u00c0s 18h30, uma mesa-redonda re\u00fane representantes do poder p\u00fablico e do setor produtivo para discutir \u201cConstru\u00e7\u00e3o em Debate: Custos, Planejamento e Efici\u00eancia\u201d.<\/p>\n<p>No dia <strong>16<\/strong>, os participantes poder\u00e3o acompanhar, \u00e0s 14h, o tema \u201cAlvar\u00e1 de Constru\u00e7\u00e3o e plataforma de aprova\u00e7\u00e3o\u201d e, \u00e0s 16h, \u201cHabite-se Declarat\u00f3rio: Estudo de Casos Reais e Solu\u00e7\u00f5es Pr\u00e1ticas\u201d.<\/p>\n<p>A programa\u00e7\u00e3o do dia <strong>17<\/strong> ser\u00e1 dedicada a quest\u00f5es ambientais relacionadas \u00e0 constru\u00e7\u00e3o, com as palestras \u201cDo papel ao canteiro de obras: licenciamento ambiental na pr\u00e1tica\u201d e \u201cArboriza\u00e7\u00e3o Urbana na Pr\u00e1tica: Supress\u00e3o Arb\u00f3rea e Projeto de Arboriza\u00e7\u00e3o\u201d.<\/p>\n<p>Encerrando a Semana, no dia 18, ser\u00e3o abordados temas relacionados \u00e0 infraestrutura e mobilidade urbana, com \u201cDa aprova\u00e7\u00e3o \u00e0 entrega: Projeto de Sinaliza\u00e7\u00e3o Vi\u00e1ria\u201d, \u201cImpactos das constru\u00e7\u00f5es na mobilidade: ca\u00e7ambas e outros\u201d e \u201cViabilidade e Integra\u00e7\u00e3o: Como Funciona o Novo Integrador Municipal\u201d.<\/p>\n<p>A II Semana da Constru\u00e7\u00e3o Civil \u00e9 uma oportunidade de atualiza\u00e7\u00e3o t\u00e9cnica, troca de experi\u00eancias e fortalecimento do di\u00e1logo entre poder p\u00fablico, profissionais, empresas e entidades que contribuem diariamente para o desenvolvimento urbano e econ\u00f4mico de Campo Grande.<\/p>\n<p>Para o secret\u00e1rio municipal de Meio Ambiente, Gest\u00e3o Urbana e Desenvolvimento Econ\u00f4mico, Tur\u00edstico e Sustent\u00e1vel, <strong>Ademar Silva J\u00fanior<\/strong>, a Semana da Constru\u00e7\u00e3o Civil \u00e9 uma oportunidade para aproximar profissionais, empres\u00e1rios, estudantes e o poder p\u00fablico, promovendo a atualiza\u00e7\u00e3o t\u00e9cnica e o compartilhamento de experi\u00eancias.<\/p>\n<div class=\"wp-block-prefeitura-campogrande-quote\"><span>\u201c<\/span><\/p>\n<blockquote class=\"wp-block-quote is-layout-flow wp-block-quote-is-layout-flow\">\n<p>\u201cNesta edi\u00e7\u00e3o, vamos discutir temas que impactam diretamente a efici\u00eancia dos empreendimentos, a qualidade do planejamento e a simplifica\u00e7\u00e3o dos processos, contribuindo para um ambiente cada vez mais moderno e favor\u00e1vel ao desenvolvimento de Campo Grande\u201d.<\/p>\n<\/blockquote>\n<\/div>\n<h6 class=\"wp-block-heading\">Evento re\u00fane institui\u00e7\u00f5es e entidades ligadas \u00e0 constru\u00e7\u00e3o civil<\/h6>\n<p>O II Workshop Semana da Constru\u00e7\u00e3o Civil \u00e9 uma realiza\u00e7\u00e3o da Prefeitura de Campo Grande, por meio da Secretaria Municipal de Meio Ambiente, Gest\u00e3o Urbana e Desenvolvimento Econ\u00f4mico, Tur\u00edstico e Sustent\u00e1vel (Semades), em parceria com o Servi\u00e7o Nacional de Aprendizagem Industrial de Mato Grosso do Sul (Senai\/MS), Servi\u00e7o Brasileiro de Apoio \u00e0s Micro e Pequenas Empresas (Sebrae\/MS) e M\u00daTUA MS \u2013 Caixa de Assist\u00eancia dos Profissionais do CREA.<\/p>\n<p>O evento conta com a parceria e apoio da Ag\u00eancia Municipal de Meio Ambiente e Planejamento Urbano (Planurb), Ag\u00eancia Municipal de Transporte e Tr\u00e2nsito (Agetran), Conselho Regional de Engenharia e Agronomia de Mato Grosso do Sul (Crea\/MS), Conselho de Arquitetura e Urbanismo de Mato Grosso do Sul (CAU\/MS), Associa\u00e7\u00e3o dos Construtores de Mato Grosso do Sul (Acomasul), Instituto de Arquitetos do Brasil (IAB\/MS) e Instituto de Engenharia de Mato Grosso do Sul (IEMS).<\/p>\n<h6 class=\"wp-block-heading\">Servi\u00e7o<\/h6>\n<p><strong>II Semana da Constru\u00e7\u00e3o Civil<\/strong><\/p>\n<p><strong>Data:<\/strong> 14 a 18 de setembro<\/p>\n<p><strong>Local:<\/strong> Faculdade SENAI da Constru\u00e7\u00e3o<br \/>Av. Rachid Neder, esquina com Rua Caxias do Sul \u2013 Bairro Coronel Antonino<\/p>\n<p><strong>Inscri\u00e7\u00f5es gratuitas:<\/strong> clique aqui<\/p>\n<\/div>\n<p><script async defer async defer src=\"https:\/\/connect.facebook.net\/en_US\/sdk.js?ver=1#xfbml=1&amp;version=v3.2\" id=\"prefeitura-campogrande-script-facebook-sdk-js\"><\/script><\/p>\n","protected":false},"excerpt":{"rendered":"<p>Campo Grande recebe, entre os dias 14 e 18 de setembro, o II Workshop Semana da Constru\u00e7\u00e3o Civil, evento que<\/p>\n","protected":false},"author":2,"featured_media":0,"comment_status":"","ping_status":"","sticky":false,"template":"","format":"standard","meta":{"colormag_page_container_layout":"default_layout","colormag_page_sidebar_layout":"default_layout","footnotes":""},"categories":[1],"tags":[],"class_list":["post-71549","post","type-post","status-publish","format-standard","hentry","category-ejornais"],"aioseo_notices":[],"aioseo_head":"\n\t\t<!-- All in One SEO 5.0.1.1 - aioseo.com -->\n\t<meta name=\"description\" content=\"Campo Grande recebe, entre os dias 14 e 18 de setembro, o II Workshop Semana da Constru\u00e7\u00e3o Civil, evento que reunir\u00e1 profissionais, empres\u00e1rios, estudantes, gestores p\u00fablicos e representantes de institui\u00e7\u00f5es ligadas ao setor. A programa\u00e7\u00e3o abordar\u00e1 temas estrat\u00e9gicos para o desenvolvimento da constru\u00e7\u00e3o civil, como desburocratiza\u00e7\u00e3o, planejamento e gest\u00e3o de obras, engenharia de custos, desenvolvimento\" \/>\n\t<meta name=\"robots\" content=\"max-image-preview:large\" \/>\n\t<meta name=\"author\" content=\"admin1\"\/>\n\t<link rel=\"canonical\" href=\"https:\/\/ejornais.com.br\/index.php\/2026\/09\/02\/campo-grande-recebe-ii-semana-da-construcao-civil-cgnoticias\/\" \/>\n\t<meta name=\"generator\" content=\"All in One SEO (AIOSEO) 5.0.1.1\" \/>\n\t\t<meta property=\"og:locale\" content=\"pt_BR\" \/>\n\t\t<meta property=\"og:site_name\" content=\"eJornais - Cat\u00e1logo de Jornais no mundo, Not\u00edcias, Blog e Esportes ao vivo\" \/>\n\t\t<meta property=\"og:type\" content=\"article\" \/>\n\t\t<meta property=\"og:title\" content=\"Campo Grande recebe II Semana da Constru\u00e7\u00e3o Civil \u2013 CGNot\u00edcias - eJornais\" \/>\n\t\t<meta property=\"og:description\" content=\"Campo Grande recebe, entre os dias 14 e 18 de setembro, o II Workshop Semana da Constru\u00e7\u00e3o Civil, evento que reunir\u00e1 profissionais, empres\u00e1rios, estudantes, gestores p\u00fablicos e representantes de institui\u00e7\u00f5es ligadas ao setor. A programa\u00e7\u00e3o abordar\u00e1 temas estrat\u00e9gicos para o desenvolvimento da constru\u00e7\u00e3o civil, como desburocratiza\u00e7\u00e3o, planejamento e gest\u00e3o de obras, engenharia de custos, desenvolvimento\" \/>\n\t\t<meta property=\"og:url\" content=\"https:\/\/ejornais.com.br\/index.php\/2026\/09\/02\/campo-grande-recebe-ii-semana-da-construcao-civil-cgnoticias\/\" \/>\n\t\t<meta property=\"article:published_time\" content=\"2026-09-02T14:38:05+00:00\" \/>\n\t\t<meta property=\"article:modified_time\" content=\"2026-09-02T14:38:05+00:00\" \/>\n\t\t<meta name=\"twitter:card\" content=\"summary_large_image\" \/>\n\t\t<meta name=\"twitter:title\" content=\"Campo Grande recebe II Semana da Constru\u00e7\u00e3o Civil \u2013 CGNot\u00edcias - eJornais\" \/>\n\t\t<meta name=\"twitter:description\" content=\"Campo Grande recebe, entre os dias 14 e 18 de setembro, o II Workshop Semana da Constru\u00e7\u00e3o Civil, evento que reunir\u00e1 profissionais, empres\u00e1rios, estudantes, gestores p\u00fablicos e representantes de institui\u00e7\u00f5es ligadas ao setor. A programa\u00e7\u00e3o abordar\u00e1 temas estrat\u00e9gicos para o desenvolvimento da constru\u00e7\u00e3o civil, como desburocratiza\u00e7\u00e3o, planejamento e gest\u00e3o de obras, engenharia de custos, desenvolvimento\" \/>\n\t\t<script type=\"application\/ld+json\" class=\"aioseo-schema\">\n\t\t\t{\"@context\":\"https:\\\/\\\/schema.org\",\"@graph\":[{\"@type\":\"BlogPosting\",\"@id\":\"https:\\\/\\\/ejornais.com.br\\\/index.php\\\/2026\\\/09\\\/02\\\/campo-grande-recebe-ii-semana-da-construcao-civil-cgnoticias\\\/#blogposting\",\"name\":\"Campo Grande recebe II Semana da Constru\\u00e7\\u00e3o Civil \\u2013 CGNot\\u00edcias - eJornais\",\"headline\":\"Campo Grande recebe II Semana da Constru\\u00e7\\u00e3o Civil \\u2013 CGNot\\u00edcias\",\"author\":{\"@id\":\"https:\\\/\\\/ejornais.com.br\\\/index.php\\\/author\\\/admin1\\\/#author\"},\"publisher\":{\"@id\":\"https:\\\/\\\/ejornais.com.br\\\/#organization\"},\"datePublished\":\"2026-09-02T11:38:05-03:00\",\"dateModified\":\"2026-09-02T11:38:05-03:00\",\"inLanguage\":\"pt-BR\",\"mainEntityOfPage\":{\"@id\":\"https:\\\/\\\/ejornais.com.br\\\/index.php\\\/2026\\\/09\\\/02\\\/campo-grande-recebe-ii-semana-da-construcao-civil-cgnoticias\\\/#webpage\"},\"isPartOf\":{\"@id\":\"https:\\\/\\\/ejornais.com.br\\\/index.php\\\/2026\\\/09\\\/02\\\/campo-grande-recebe-ii-semana-da-construcao-civil-cgnoticias\\\/#webpage\"},\"articleSection\":\"Cat\\u00e1logo de Jornais\"},{\"@type\":\"BreadcrumbList\",\"@id\":\"https:\\\/\\\/ejornais.com.br\\\/index.php\\\/2026\\\/09\\\/02\\\/campo-grande-recebe-ii-semana-da-construcao-civil-cgnoticias\\\/#breadcrumblist\",\"itemListElement\":[{\"@type\":\"ListItem\",\"@id\":\"https:\\\/\\\/ejornais.com.br#listItem\",\"position\":1,\"name\":\"In\\u00edcio\",\"item\":\"https:\\\/\\\/ejornais.com.br\",\"nextItem\":{\"@type\":\"ListItem\",\"@id\":\"https:\\\/\\\/ejornais.com.br\\\/index.php\\\/category\\\/ejornais\\\/#listItem\",\"name\":\"Cat\\u00e1logo de Jornais\"}},{\"@type\":\"ListItem\",\"@id\":\"https:\\\/\\\/ejornais.com.br\\\/index.php\\\/category\\\/ejornais\\\/#listItem\",\"position\":2,\"name\":\"Cat\\u00e1logo de Jornais\",\"item\":\"https:\\\/\\\/ejornais.com.br\\\/index.php\\\/category\\\/ejornais\\\/\",\"nextItem\":{\"@type\":\"ListItem\",\"@id\":\"https:\\\/\\\/ejornais.com.br\\\/index.php\\\/2026\\\/09\\\/02\\\/campo-grande-recebe-ii-semana-da-construcao-civil-cgnoticias\\\/#listItem\",\"name\":\"Campo Grande recebe II Semana da Constru\\u00e7\\u00e3o Civil \\u2013 CGNot\\u00edcias\"},\"previousItem\":{\"@type\":\"ListItem\",\"@id\":\"https:\\\/\\\/ejornais.com.br#listItem\",\"name\":\"In\\u00edcio\"}},{\"@type\":\"ListItem\",\"@id\":\"https:\\\/\\\/ejornais.com.br\\\/index.php\\\/2026\\\/09\\\/02\\\/campo-grande-recebe-ii-semana-da-construcao-civil-cgnoticias\\\/#listItem\",\"position\":3,\"name\":\"Campo Grande recebe II Semana da Constru\\u00e7\\u00e3o Civil \\u2013 CGNot\\u00edcias\",\"previousItem\":{\"@type\":\"ListItem\",\"@id\":\"https:\\\/\\\/ejornais.com.br\\\/index.php\\\/category\\\/ejornais\\\/#listItem\",\"name\":\"Cat\\u00e1logo de Jornais\"}}]},{\"@type\":\"Organization\",\"@id\":\"https:\\\/\\\/ejornais.com.br\\\/#organization\",\"name\":\"eJornais\",\"description\":\"Cat\\u00e1logo de Jornais no mundo, Not\\u00edcias, Blog e Esportes ao vivo\",\"url\":\"https:\\\/\\\/ejornais.com.br\\\/\"},{\"@type\":\"Person\",\"@id\":\"https:\\\/\\\/ejornais.com.br\\\/index.php\\\/author\\\/admin1\\\/#author\",\"url\":\"https:\\\/\\\/ejornais.com.br\\\/index.php\\\/author\\\/admin1\\\/\",\"name\":\"admin1\",\"image\":{\"@type\":\"ImageObject\",\"@id\":\"https:\\\/\\\/ejornais.com.br\\\/index.php\\\/2026\\\/09\\\/02\\\/campo-grande-recebe-ii-semana-da-construcao-civil-cgnoticias\\\/#authorImage\",\"url\":\"https:\\\/\\\/secure.gravatar.com\\\/avatar\\\/04084e6d73c042b8646e7c17b494073bf0ede3ea13c7105cfc45cbbbc28385a4?s=96&d=mm&r=g\",\"width\":96,\"height\":96,\"caption\":\"admin1\"}},{\"@type\":\"WebPage\",\"@id\":\"https:\\\/\\\/ejornais.com.br\\\/index.php\\\/2026\\\/09\\\/02\\\/campo-grande-recebe-ii-semana-da-construcao-civil-cgnoticias\\\/#webpage\",\"url\":\"https:\\\/\\\/ejornais.com.br\\\/index.php\\\/2026\\\/09\\\/02\\\/campo-grande-recebe-ii-semana-da-construcao-civil-cgnoticias\\\/\",\"name\":\"Campo Grande recebe II Semana da Constru\\u00e7\\u00e3o Civil \\u2013 CGNot\\u00edcias - eJornais\",\"description\":\"Campo Grande recebe, entre os dias 14 e 18 de setembro, o II Workshop Semana da Constru\\u00e7\\u00e3o Civil, evento que reunir\\u00e1 profissionais, empres\\u00e1rios, estudantes, gestores p\\u00fablicos e representantes de institui\\u00e7\\u00f5es ligadas ao setor. A programa\\u00e7\\u00e3o abordar\\u00e1 temas estrat\\u00e9gicos para o desenvolvimento da constru\\u00e7\\u00e3o civil, como desburocratiza\\u00e7\\u00e3o, planejamento e gest\\u00e3o de obras, engenharia de custos, desenvolvimento\",\"inLanguage\":\"pt-BR\",\"isPartOf\":{\"@id\":\"https:\\\/\\\/ejornais.com.br\\\/#website\"},\"breadcrumb\":{\"@id\":\"https:\\\/\\\/ejornais.com.br\\\/index.php\\\/2026\\\/09\\\/02\\\/campo-grande-recebe-ii-semana-da-construcao-civil-cgnoticias\\\/#breadcrumblist\"},\"author\":{\"@id\":\"https:\\\/\\\/ejornais.com.br\\\/index.php\\\/author\\\/admin1\\\/#author\"},\"creator\":{\"@id\":\"https:\\\/\\\/ejornais.com.br\\\/index.php\\\/author\\\/admin1\\\/#author\"},\"datePublished\":\"2026-09-02T11:38:05-03:00\",\"dateModified\":\"2026-09-02T11:38:05-03:00\"},{\"@type\":\"WebSite\",\"@id\":\"https:\\\/\\\/ejornais.com.br\\\/#website\",\"url\":\"https:\\\/\\\/ejornais.com.br\\\/\",\"name\":\"eJornais\",\"description\":\"Cat\\u00e1logo de Jornais no mundo, Not\\u00edcias, Blog e Esportes ao vivo\",\"inLanguage\":\"pt-BR\",\"publisher\":{\"@id\":\"https:\\\/\\\/ejornais.com.br\\\/#organization\"}}]}\n\t\t<\/script>\n\t\t<!-- All in One SEO -->\n\n","aioseo_head_json":{"title":"Campo Grande recebe II Semana da Constru\u00e7\u00e3o Civil \u2013 CGNot\u00edcias - eJornais","description":"Campo Grande recebe, entre os dias 14 e 18 de setembro, o II Workshop Semana da Constru\u00e7\u00e3o Civil, evento que reunir\u00e1 profissionais, empres\u00e1rios, estudantes, gestores p\u00fablicos e representantes de institui\u00e7\u00f5es ligadas ao setor. A programa\u00e7\u00e3o abordar\u00e1 temas estrat\u00e9gicos para o desenvolvimento da constru\u00e7\u00e3o civil, como desburocratiza\u00e7\u00e3o, planejamento e gest\u00e3o de obras, engenharia de custos, desenvolvimento","canonical_url":"https:\/\/ejornais.com.br\/index.php\/2026\/09\/02\/campo-grande-recebe-ii-semana-da-construcao-civil-cgnoticias\/","robots":"max-image-preview:large","keywords":"","webmasterTools":{"miscellaneous":""},"schema":{"@context":"https:\/\/schema.org","@graph":[{"@type":"BlogPosting","@id":"https:\/\/ejornais.com.br\/index.php\/2026\/09\/02\/campo-grande-recebe-ii-semana-da-construcao-civil-cgnoticias\/#blogposting","name":"Campo Grande recebe II Semana da Constru\u00e7\u00e3o Civil \u2013 CGNot\u00edcias - eJornais","headline":"Campo Grande recebe II Semana da Constru\u00e7\u00e3o Civil \u2013 CGNot\u00edcias","author":{"@id":"https:\/\/ejornais.com.br\/index.php\/author\/admin1\/#author"},"publisher":{"@id":"https:\/\/ejornais.com.br\/#organization"},"datePublished":"2026-09-02T11:38:05-03:00","dateModified":"2026-09-02T11:38:05-03:00","inLanguage":"pt-BR","mainEntityOfPage":{"@id":"https:\/\/ejornais.com.br\/index.php\/2026\/09\/02\/campo-grande-recebe-ii-semana-da-construcao-civil-cgnoticias\/#webpage"},"isPartOf":{"@id":"https:\/\/ejornais.com.br\/index.php\/2026\/09\/02\/campo-grande-recebe-ii-semana-da-construcao-civil-cgnoticias\/#webpage"},"articleSection":"Cat\u00e1logo de Jornais"},{"@type":"BreadcrumbList","@id":"https:\/\/ejornais.com.br\/index.php\/2026\/09\/02\/campo-grande-recebe-ii-semana-da-construcao-civil-cgnoticias\/#breadcrumblist","itemListElement":[{"@type":"ListItem","@id":"https:\/\/ejornais.com.br#listItem","position":1,"name":"In\u00edcio","item":"https:\/\/ejornais.com.br","nextItem":{"@type":"ListItem","@id":"https:\/\/ejornais.com.br\/index.php\/category\/ejornais\/#listItem","name":"Cat\u00e1logo de Jornais"}},{"@type":"ListItem","@id":"https:\/\/ejornais.com.br\/index.php\/category\/ejornais\/#listItem","position":2,"name":"Cat\u00e1logo de Jornais","item":"https:\/\/ejornais.com.br\/index.php\/category\/ejornais\/","nextItem":{"@type":"ListItem","@id":"https:\/\/ejornais.com.br\/index.php\/2026\/09\/02\/campo-grande-recebe-ii-semana-da-construcao-civil-cgnoticias\/#listItem","name":"Campo Grande recebe II Semana da Constru\u00e7\u00e3o Civil \u2013 CGNot\u00edcias"},"previousItem":{"@type":"ListItem","@id":"https:\/\/ejornais.com.br#listItem","name":"In\u00edcio"}},{"@type":"ListItem","@id":"https:\/\/ejornais.com.br\/index.php\/2026\/09\/02\/campo-grande-recebe-ii-semana-da-construcao-civil-cgnoticias\/#listItem","position":3,"name":"Campo Grande recebe II Semana da Constru\u00e7\u00e3o Civil \u2013 CGNot\u00edcias","previousItem":{"@type":"ListItem","@id":"https:\/\/ejornais.com.br\/index.php\/category\/ejornais\/#listItem","name":"Cat\u00e1logo de Jornais"}}]},{"@type":"Organization","@id":"https:\/\/ejornais.com.br\/#organization","name":"eJornais","description":"Cat\u00e1logo de Jornais no mundo, Not\u00edcias, Blog e Esportes ao vivo","url":"https:\/\/ejornais.com.br\/"},{"@type":"Person","@id":"https:\/\/ejornais.com.br\/index.php\/author\/admin1\/#author","url":"https:\/\/ejornais.com.br\/index.php\/author\/admin1\/","name":"admin1","image":{"@type":"ImageObject","@id":"https:\/\/ejornais.com.br\/index.php\/2026\/09\/02\/campo-grande-recebe-ii-semana-da-construcao-civil-cgnoticias\/#authorImage","url":"https:\/\/secure.gravatar.com\/avatar\/04084e6d73c042b8646e7c17b494073bf0ede3ea13c7105cfc45cbbbc28385a4?s=96&d=mm&r=g","width":96,"height":96,"caption":"admin1"}},{"@type":"WebPage","@id":"https:\/\/ejornais.com.br\/index.php\/2026\/09\/02\/campo-grande-recebe-ii-semana-da-construcao-civil-cgnoticias\/#webpage","url":"https:\/\/ejornais.com.br\/index.php\/2026\/09\/02\/campo-grande-recebe-ii-semana-da-construcao-civil-cgnoticias\/","name":"Campo Grande recebe II Semana da Constru\u00e7\u00e3o Civil \u2013 CGNot\u00edcias - eJornais","description":"Campo Grande recebe, entre os dias 14 e 18 de setembro, o II Workshop Semana da Constru\u00e7\u00e3o Civil, evento que reunir\u00e1 profissionais, empres\u00e1rios, estudantes, gestores p\u00fablicos e representantes de institui\u00e7\u00f5es ligadas ao setor. A programa\u00e7\u00e3o abordar\u00e1 temas estrat\u00e9gicos para o desenvolvimento da constru\u00e7\u00e3o civil, como desburocratiza\u00e7\u00e3o, planejamento e gest\u00e3o de obras, engenharia de custos, desenvolvimento","inLanguage":"pt-BR","isPartOf":{"@id":"https:\/\/ejornais.com.br\/#website"},"breadcrumb":{"@id":"https:\/\/ejornais.com.br\/index.php\/2026\/09\/02\/campo-grande-recebe-ii-semana-da-construcao-civil-cgnoticias\/#breadcrumblist"},"author":{"@id":"https:\/\/ejornais.com.br\/index.php\/author\/admin1\/#author"},"creator":{"@id":"https:\/\/ejornais.com.br\/index.php\/author\/admin1\/#author"},"datePublished":"2026-09-02T11:38:05-03:00","dateModified":"2026-09-02T11:38:05-03:00"},{"@type":"WebSite","@id":"https:\/\/ejornais.com.br\/#website","url":"https:\/\/ejornais.com.br\/","name":"eJornais","description":"Cat\u00e1logo de Jornais no mundo, Not\u00edcias, Blog e Esportes ao vivo","inLanguage":"pt-BR","publisher":{"@id":"https:\/\/ejornais.com.br\/#organization"}}]},"og:locale":"pt_BR","og:site_name":"eJornais - Cat\u00e1logo de Jornais no mundo, Not\u00edcias, Blog e Esportes ao vivo","og:type":"article","og:title":"Campo Grande recebe II Semana da Constru\u00e7\u00e3o Civil \u2013 CGNot\u00edcias - eJornais","og:description":"Campo Grande recebe, entre os dias 14 e 18 de setembro, o II Workshop Semana da Constru\u00e7\u00e3o Civil, evento que reunir\u00e1 profissionais, empres\u00e1rios, estudantes, gestores p\u00fablicos e representantes de institui\u00e7\u00f5es ligadas ao setor. A programa\u00e7\u00e3o abordar\u00e1 temas estrat\u00e9gicos para o desenvolvimento da constru\u00e7\u00e3o civil, como desburocratiza\u00e7\u00e3o, planejamento e gest\u00e3o de obras, engenharia de custos, desenvolvimento","og:url":"https:\/\/ejornais.com.br\/index.php\/2026\/09\/02\/campo-grande-recebe-ii-semana-da-construcao-civil-cgnoticias\/","article:published_time":"2026-09-02T14:38:05+00:00","article:modified_time":"2026-09-02T14:38:05+00:00","twitter:card":"summary_large_image","twitter:title":"Campo Grande recebe II Semana da Constru\u00e7\u00e3o Civil \u2013 CGNot\u00edcias - eJornais","twitter:description":"Campo Grande recebe, entre os dias 14 e 18 de setembro, o II Workshop Semana da Constru\u00e7\u00e3o Civil, evento que reunir\u00e1 profissionais, empres\u00e1rios, estudantes, gestores p\u00fablicos e representantes de institui\u00e7\u00f5es ligadas ao setor. A programa\u00e7\u00e3o abordar\u00e1 temas estrat\u00e9gicos para o desenvolvimento da constru\u00e7\u00e3o civil, como desburocratiza\u00e7\u00e3o, planejamento e gest\u00e3o de obras, engenharia de custos, desenvolvimento"},"aioseo_meta_data":[],"aioseo_breadcrumb":"<div class=\"aioseo-breadcrumbs\"><span class=\"aioseo-breadcrumb\">\n\t\t\t<a href=\"https:\/\/ejornais.com.br\" title=\"In\u00edcio\">In\u00edcio<\/a>\n\t\t<\/span><span class=\"aioseo-breadcrumb-separator\">&raquo;<\/span><span class=\"aioseo-breadcrumb\">\n\t\t\t<a href=\"https:\/\/ejornais.com.br\/index.php\/category\/ejornais\/\" title=\"Cat\u00e1logo de Jornais\">Cat\u00e1logo de Jornais<\/a>\n\t\t<\/span><span class=\"aioseo-breadcrumb-separator\">&raquo;<\/span><span class=\"aioseo-breadcrumb\">\n\t\t\tCampo Grande recebe II Semana da Constru\u00e7\u00e3o Civil \u2013 CGNot\u00edcias\n\t\t<\/span><\/div>","aioseo_breadcrumb_json":[{"label":"In\u00edcio","link":"https:\/\/ejornais.com.br"},{"label":"Cat\u00e1logo de Jornais","link":"https:\/\/ejornais.com.br\/index.php\/category\/ejornais\/"},{"label":"Campo Grande recebe II Semana da Constru\u00e7\u00e3o Civil \u2013 CGNot\u00edcias","link":"https:\/\/ejornais.com.br\/index.php\/2026\/09\/02\/campo-grande-recebe-ii-semana-da-construcao-civil-cgnoticias\/"}],"amp_enabled":true,"_links":{"self":[{"href":"https:\/\/ejornais.com.br\/index.php\/wp-json\/wp\/v2\/posts\/71549","targetHints":{"allow":["GET"]}}],"collection":[{"href":"https:\/\/ejornais.com.br\/index.php\/wp-json\/wp\/v2\/posts"}],"about":[{"href":"https:\/\/ejornais.com.br\/index.php\/wp-json\/wp\/v2\/types\/post"}],"author":[{"embeddable":true,"href":"https:\/\/ejornais.com.br\/index.php\/wp-json\/wp\/v2\/users\/2"}],"replies":[{"embeddable":true,"href":"https:\/\/ejornais.com.br\/index.php\/wp-json\/wp\/v2\/comments?post=71549"}],"version-history":[{"count":0,"href":"https:\/\/ejornais.com.br\/index.php\/wp-json\/wp\/v2\/posts\/71549\/revisions"}],"wp:attachment":[{"href":"https:\/\/ejornais.com.br\/index.php\/wp-json\/wp\/v2\/media?parent=71549"}],"wp:term":[{"taxonomy":"category","embeddable":true,"href":"https:\/\/ejornais.com.br\/index.php\/wp-json\/wp\/v2\/categories?post=71549"},{"taxonomy":"post_tag","embeddable":true,"href":"https:\/\/ejornais.com.br\/index.php\/wp-json\/wp\/v2\/tags?post=71549"}],"curies":[{"name":"wp","href":"https:\/\/api.w.org\/{rel}","templated":true}]}}