{"id":71551,"date":"2026-09-02T12:19:35","date_gmt":"2026-09-02T15:19:35","guid":{"rendered":"https:\/\/ejornais.com.br\/index.php\/2026\/09\/02\/semu-abre-inscricoes-para-curso-de-comunicacao-e-oratoria-cgnoticias\/"},"modified":"2026-09-02T12:19:35","modified_gmt":"2026-09-02T15:19:35","slug":"semu-abre-inscricoes-para-curso-de-comunicacao-e-oratoria-cgnoticias","status":"publish","type":"post","link":"https:\/\/ejornais.com.br\/index.php\/2026\/09\/02\/semu-abre-inscricoes-para-curso-de-comunicacao-e-oratoria-cgnoticias\/","title":{"rendered":"Semu abre inscri\u00e7\u00f5es para curso de comunica\u00e7\u00e3o e orat\u00f3ria \u2013 CGNot\u00edcias"},"content":{"rendered":"<p><\/p>\n<div>\n<p>A Prefeitura de Campo Grande, por meio da Secretaria Executiva da Mulher (Semu), est\u00e1 com inscri\u00e7\u00f5es abertas para o curso \u201cMulheres com Presen\u00e7a \u2013 Comunica\u00e7\u00e3o, Orat\u00f3ria e Postura\u201d, que ser\u00e1 realizado de 14 a 16 de setembro, das 19h \u00e0s 21h, na sede da Semu, no Centro da Capital. A iniciativa busca fortalecer a comunica\u00e7\u00e3o, a autoconfian\u00e7a e a presen\u00e7a das mulheres em diferentes espa\u00e7os de conviv\u00eancia, trabalho e lideran\u00e7a.<\/p>\n<p>\u00a0Durante os tr\u00eas dias de forma\u00e7\u00e3o, as participantes ter\u00e3o acesso a conte\u00fados e orienta\u00e7\u00f5es voltados ao desenvolvimento da comunica\u00e7\u00e3o verbal e n\u00e3o verbal, t\u00e9cnicas de orat\u00f3ria e postura. A proposta \u00e9 oferecer ferramentas que contribuam para que as mulheres se expressem com mais seguran\u00e7a, clareza e assertividade.<\/p>\n<p>A comunica\u00e7\u00e3o \u00e9 uma habilidade importante tanto para a vida profissional quanto para as rela\u00e7\u00f5es pessoais e sociais. Saber organizar ideias, falar em p\u00fablico e utilizar a postura de forma adequada pode ampliar oportunidades e fortalecer a participa\u00e7\u00e3o feminina em espa\u00e7os de decis\u00e3o.<\/p>\n<p>Para a Semu, a\u00e7\u00f5es de forma\u00e7\u00e3o como essa contribuem para o desenvolvimento da autonomia e do protagonismo das mulheres, oferecendo conhecimento pr\u00e1tico que pode ser aplicado no dia a dia.<\/p>\n<p>O curso tamb\u00e9m representa uma oportunidade de troca de experi\u00eancias entre as participantes, estimulando o aprendizado coletivo e a constru\u00e7\u00e3o de redes de apoio.<\/p>\n<p><strong>Servi\u00e7o<\/strong><\/p>\n<p>Curso Mulheres com Presen\u00e7a \u2013 Comunica\u00e7\u00e3o, Orat\u00f3ria e Postura<br \/><strong>Data<\/strong>: 14 a 16 de setembro<br \/><strong>Hor\u00e1rio<\/strong>: das 19h \u00e0s 21h<br \/><strong>Local<\/strong>: Secretaria Executiva da Mulher (Semu)<br \/><strong>Endere\u00e7o<\/strong>: Rua 15 de Novembro, 1.373, Centro \u2013 Campo Grande<br \/><strong>Inscri\u00e7\u00f5es pelo Whatsapp : <\/strong>67 983617879<\/p>\n<\/div>\n<p><script async defer async defer src=\"https:\/\/connect.facebook.net\/en_US\/sdk.js?ver=1#xfbml=1&amp;version=v3.2\" id=\"prefeitura-campogrande-script-facebook-sdk-js\"><\/script><\/p>\n","protected":false},"excerpt":{"rendered":"<p>A Prefeitura de Campo Grande, por meio da Secretaria Executiva da Mulher (Semu), est\u00e1 com inscri\u00e7\u00f5es abertas para o curso<\/p>\n","protected":false},"author":2,"featured_media":0,"comment_status":"","ping_status":"","sticky":false,"template":"","format":"standard","meta":{"colormag_page_container_layout":"default_layout","colormag_page_sidebar_layout":"default_layout","footnotes":""},"categories":[1],"tags":[],"class_list":["post-71551","post","type-post","status-publish","format-standard","hentry","category-ejornais"],"aioseo_notices":[],"aioseo_head":"\n\t\t<!-- All in One SEO 5.0.1.1 - aioseo.com -->\n\t<meta name=\"description\" content=\"A Prefeitura de Campo Grande, por meio da Secretaria Executiva da Mulher (Semu), est\u00e1 com inscri\u00e7\u00f5es abertas para o curso \u201cMulheres com Presen\u00e7a \u2013 Comunica\u00e7\u00e3o, Orat\u00f3ria e Postura\u201d, que ser\u00e1 realizado de 14 a 16 de setembro, das 19h \u00e0s 21h, na sede da Semu, no Centro da Capital. A iniciativa busca fortalecer a comunica\u00e7\u00e3o,\" \/>\n\t<meta name=\"robots\" content=\"max-image-preview:large\" \/>\n\t<meta name=\"author\" content=\"admin1\"\/>\n\t<link rel=\"canonical\" href=\"https:\/\/ejornais.com.br\/index.php\/2026\/09\/02\/semu-abre-inscricoes-para-curso-de-comunicacao-e-oratoria-cgnoticias\/\" \/>\n\t<meta name=\"generator\" content=\"All in One SEO (AIOSEO) 5.0.1.1\" \/>\n\t\t<meta property=\"og:locale\" content=\"pt_BR\" \/>\n\t\t<meta property=\"og:site_name\" content=\"eJornais - Cat\u00e1logo de Jornais no mundo, Not\u00edcias, Blog e Esportes ao vivo\" \/>\n\t\t<meta property=\"og:type\" content=\"article\" \/>\n\t\t<meta property=\"og:title\" content=\"Semu abre inscri\u00e7\u00f5es para curso de comunica\u00e7\u00e3o e orat\u00f3ria \u2013 CGNot\u00edcias - eJornais\" \/>\n\t\t<meta property=\"og:description\" content=\"A Prefeitura de Campo Grande, por meio da Secretaria Executiva da Mulher (Semu), est\u00e1 com inscri\u00e7\u00f5es abertas para o curso \u201cMulheres com Presen\u00e7a \u2013 Comunica\u00e7\u00e3o, Orat\u00f3ria e Postura\u201d, que ser\u00e1 realizado de 14 a 16 de setembro, das 19h \u00e0s 21h, na sede da Semu, no Centro da Capital. A iniciativa busca fortalecer a comunica\u00e7\u00e3o,\" \/>\n\t\t<meta property=\"og:url\" content=\"https:\/\/ejornais.com.br\/index.php\/2026\/09\/02\/semu-abre-inscricoes-para-curso-de-comunicacao-e-oratoria-cgnoticias\/\" \/>\n\t\t<meta property=\"article:published_time\" content=\"2026-09-02T15:19:35+00:00\" \/>\n\t\t<meta property=\"article:modified_time\" content=\"2026-09-02T15:19:35+00:00\" \/>\n\t\t<meta name=\"twitter:card\" content=\"summary_large_image\" \/>\n\t\t<meta name=\"twitter:title\" content=\"Semu abre inscri\u00e7\u00f5es para curso de comunica\u00e7\u00e3o e orat\u00f3ria \u2013 CGNot\u00edcias - eJornais\" \/>\n\t\t<meta name=\"twitter:description\" content=\"A Prefeitura de Campo Grande, por meio da Secretaria Executiva da Mulher (Semu), est\u00e1 com inscri\u00e7\u00f5es abertas para o curso \u201cMulheres com Presen\u00e7a \u2013 Comunica\u00e7\u00e3o, Orat\u00f3ria e Postura\u201d, que ser\u00e1 realizado de 14 a 16 de setembro, das 19h \u00e0s 21h, na sede da Semu, no Centro da Capital. A iniciativa busca fortalecer a comunica\u00e7\u00e3o,\" \/>\n\t\t<script type=\"application\/ld+json\" class=\"aioseo-schema\">\n\t\t\t{\"@context\":\"https:\\\/\\\/schema.org\",\"@graph\":[{\"@type\":\"BlogPosting\",\"@id\":\"https:\\\/\\\/ejornais.com.br\\\/index.php\\\/2026\\\/09\\\/02\\\/semu-abre-inscricoes-para-curso-de-comunicacao-e-oratoria-cgnoticias\\\/#blogposting\",\"name\":\"Semu abre inscri\\u00e7\\u00f5es para curso de comunica\\u00e7\\u00e3o e orat\\u00f3ria \\u2013 CGNot\\u00edcias - eJornais\",\"headline\":\"Semu abre inscri\\u00e7\\u00f5es para curso de comunica\\u00e7\\u00e3o e orat\\u00f3ria \\u2013 CGNot\\u00edcias\",\"author\":{\"@id\":\"https:\\\/\\\/ejornais.com.br\\\/index.php\\\/author\\\/admin1\\\/#author\"},\"publisher\":{\"@id\":\"https:\\\/\\\/ejornais.com.br\\\/#organization\"},\"datePublished\":\"2026-09-02T12:19:35-03:00\",\"dateModified\":\"2026-09-02T12:19:35-03:00\",\"inLanguage\":\"pt-BR\",\"mainEntityOfPage\":{\"@id\":\"https:\\\/\\\/ejornais.com.br\\\/index.php\\\/2026\\\/09\\\/02\\\/semu-abre-inscricoes-para-curso-de-comunicacao-e-oratoria-cgnoticias\\\/#webpage\"},\"isPartOf\":{\"@id\":\"https:\\\/\\\/ejornais.com.br\\\/index.php\\\/2026\\\/09\\\/02\\\/semu-abre-inscricoes-para-curso-de-comunicacao-e-oratoria-cgnoticias\\\/#webpage\"},\"articleSection\":\"Cat\\u00e1logo de Jornais\"},{\"@type\":\"BreadcrumbList\",\"@id\":\"https:\\\/\\\/ejornais.com.br\\\/index.php\\\/2026\\\/09\\\/02\\\/semu-abre-inscricoes-para-curso-de-comunicacao-e-oratoria-cgnoticias\\\/#breadcrumblist\",\"itemListElement\":[{\"@type\":\"ListItem\",\"@id\":\"https:\\\/\\\/ejornais.com.br#listItem\",\"position\":1,\"name\":\"In\\u00edcio\",\"item\":\"https:\\\/\\\/ejornais.com.br\",\"nextItem\":{\"@type\":\"ListItem\",\"@id\":\"https:\\\/\\\/ejornais.com.br\\\/index.php\\\/category\\\/ejornais\\\/#listItem\",\"name\":\"Cat\\u00e1logo de Jornais\"}},{\"@type\":\"ListItem\",\"@id\":\"https:\\\/\\\/ejornais.com.br\\\/index.php\\\/category\\\/ejornais\\\/#listItem\",\"position\":2,\"name\":\"Cat\\u00e1logo de Jornais\",\"item\":\"https:\\\/\\\/ejornais.com.br\\\/index.php\\\/category\\\/ejornais\\\/\",\"nextItem\":{\"@type\":\"ListItem\",\"@id\":\"https:\\\/\\\/ejornais.com.br\\\/index.php\\\/2026\\\/09\\\/02\\\/semu-abre-inscricoes-para-curso-de-comunicacao-e-oratoria-cgnoticias\\\/#listItem\",\"name\":\"Semu abre inscri\\u00e7\\u00f5es para curso de comunica\\u00e7\\u00e3o e orat\\u00f3ria \\u2013 CGNot\\u00edcias\"},\"previousItem\":{\"@type\":\"ListItem\",\"@id\":\"https:\\\/\\\/ejornais.com.br#listItem\",\"name\":\"In\\u00edcio\"}},{\"@type\":\"ListItem\",\"@id\":\"https:\\\/\\\/ejornais.com.br\\\/index.php\\\/2026\\\/09\\\/02\\\/semu-abre-inscricoes-para-curso-de-comunicacao-e-oratoria-cgnoticias\\\/#listItem\",\"position\":3,\"name\":\"Semu abre inscri\\u00e7\\u00f5es para curso de comunica\\u00e7\\u00e3o e orat\\u00f3ria \\u2013 CGNot\\u00edcias\",\"previousItem\":{\"@type\":\"ListItem\",\"@id\":\"https:\\\/\\\/ejornais.com.br\\\/index.php\\\/category\\\/ejornais\\\/#listItem\",\"name\":\"Cat\\u00e1logo de Jornais\"}}]},{\"@type\":\"Organization\",\"@id\":\"https:\\\/\\\/ejornais.com.br\\\/#organization\",\"name\":\"eJornais\",\"description\":\"Cat\\u00e1logo de Jornais no mundo, Not\\u00edcias, Blog e Esportes ao vivo\",\"url\":\"https:\\\/\\\/ejornais.com.br\\\/\"},{\"@type\":\"Person\",\"@id\":\"https:\\\/\\\/ejornais.com.br\\\/index.php\\\/author\\\/admin1\\\/#author\",\"url\":\"https:\\\/\\\/ejornais.com.br\\\/index.php\\\/author\\\/admin1\\\/\",\"name\":\"admin1\",\"image\":{\"@type\":\"ImageObject\",\"@id\":\"https:\\\/\\\/ejornais.com.br\\\/index.php\\\/2026\\\/09\\\/02\\\/semu-abre-inscricoes-para-curso-de-comunicacao-e-oratoria-cgnoticias\\\/#authorImage\",\"url\":\"https:\\\/\\\/secure.gravatar.com\\\/avatar\\\/04084e6d73c042b8646e7c17b494073bf0ede3ea13c7105cfc45cbbbc28385a4?s=96&d=mm&r=g\",\"width\":96,\"height\":96,\"caption\":\"admin1\"}},{\"@type\":\"WebPage\",\"@id\":\"https:\\\/\\\/ejornais.com.br\\\/index.php\\\/2026\\\/09\\\/02\\\/semu-abre-inscricoes-para-curso-de-comunicacao-e-oratoria-cgnoticias\\\/#webpage\",\"url\":\"https:\\\/\\\/ejornais.com.br\\\/index.php\\\/2026\\\/09\\\/02\\\/semu-abre-inscricoes-para-curso-de-comunicacao-e-oratoria-cgnoticias\\\/\",\"name\":\"Semu abre inscri\\u00e7\\u00f5es para curso de comunica\\u00e7\\u00e3o e orat\\u00f3ria \\u2013 CGNot\\u00edcias - eJornais\",\"description\":\"A Prefeitura de Campo Grande, por meio da Secretaria Executiva da Mulher (Semu), est\\u00e1 com inscri\\u00e7\\u00f5es abertas para o curso \\u201cMulheres com Presen\\u00e7a \\u2013 Comunica\\u00e7\\u00e3o, Orat\\u00f3ria e Postura\\u201d, que ser\\u00e1 realizado de 14 a 16 de setembro, das 19h \\u00e0s 21h, na sede da Semu, no Centro da Capital. A iniciativa busca fortalecer a comunica\\u00e7\\u00e3o,\",\"inLanguage\":\"pt-BR\",\"isPartOf\":{\"@id\":\"https:\\\/\\\/ejornais.com.br\\\/#website\"},\"breadcrumb\":{\"@id\":\"https:\\\/\\\/ejornais.com.br\\\/index.php\\\/2026\\\/09\\\/02\\\/semu-abre-inscricoes-para-curso-de-comunicacao-e-oratoria-cgnoticias\\\/#breadcrumblist\"},\"author\":{\"@id\":\"https:\\\/\\\/ejornais.com.br\\\/index.php\\\/author\\\/admin1\\\/#author\"},\"creator\":{\"@id\":\"https:\\\/\\\/ejornais.com.br\\\/index.php\\\/author\\\/admin1\\\/#author\"},\"datePublished\":\"2026-09-02T12:19:35-03:00\",\"dateModified\":\"2026-09-02T12:19:35-03:00\"},{\"@type\":\"WebSite\",\"@id\":\"https:\\\/\\\/ejornais.com.br\\\/#website\",\"url\":\"https:\\\/\\\/ejornais.com.br\\\/\",\"name\":\"eJornais\",\"description\":\"Cat\\u00e1logo de Jornais no mundo, Not\\u00edcias, Blog e Esportes ao vivo\",\"inLanguage\":\"pt-BR\",\"publisher\":{\"@id\":\"https:\\\/\\\/ejornais.com.br\\\/#organization\"}}]}\n\t\t<\/script>\n\t\t<!-- All in One SEO -->\n\n","aioseo_head_json":{"title":"Semu abre inscri\u00e7\u00f5es para curso de comunica\u00e7\u00e3o e orat\u00f3ria \u2013 CGNot\u00edcias - eJornais","description":"A Prefeitura de Campo Grande, por meio da Secretaria Executiva da Mulher (Semu), est\u00e1 com inscri\u00e7\u00f5es abertas para o curso \u201cMulheres com Presen\u00e7a \u2013 Comunica\u00e7\u00e3o, Orat\u00f3ria e Postura\u201d, que ser\u00e1 realizado de 14 a 16 de setembro, das 19h \u00e0s 21h, na sede da Semu, no Centro da Capital. A iniciativa busca fortalecer a comunica\u00e7\u00e3o,","canonical_url":"https:\/\/ejornais.com.br\/index.php\/2026\/09\/02\/semu-abre-inscricoes-para-curso-de-comunicacao-e-oratoria-cgnoticias\/","robots":"max-image-preview:large","keywords":"","webmasterTools":{"miscellaneous":""},"schema":{"@context":"https:\/\/schema.org","@graph":[{"@type":"BlogPosting","@id":"https:\/\/ejornais.com.br\/index.php\/2026\/09\/02\/semu-abre-inscricoes-para-curso-de-comunicacao-e-oratoria-cgnoticias\/#blogposting","name":"Semu abre inscri\u00e7\u00f5es para curso de comunica\u00e7\u00e3o e orat\u00f3ria \u2013 CGNot\u00edcias - eJornais","headline":"Semu abre inscri\u00e7\u00f5es para curso de comunica\u00e7\u00e3o e orat\u00f3ria \u2013 CGNot\u00edcias","author":{"@id":"https:\/\/ejornais.com.br\/index.php\/author\/admin1\/#author"},"publisher":{"@id":"https:\/\/ejornais.com.br\/#organization"},"datePublished":"2026-09-02T12:19:35-03:00","dateModified":"2026-09-02T12:19:35-03:00","inLanguage":"pt-BR","mainEntityOfPage":{"@id":"https:\/\/ejornais.com.br\/index.php\/2026\/09\/02\/semu-abre-inscricoes-para-curso-de-comunicacao-e-oratoria-cgnoticias\/#webpage"},"isPartOf":{"@id":"https:\/\/ejornais.com.br\/index.php\/2026\/09\/02\/semu-abre-inscricoes-para-curso-de-comunicacao-e-oratoria-cgnoticias\/#webpage"},"articleSection":"Cat\u00e1logo de Jornais"},{"@type":"BreadcrumbList","@id":"https:\/\/ejornais.com.br\/index.php\/2026\/09\/02\/semu-abre-inscricoes-para-curso-de-comunicacao-e-oratoria-cgnoticias\/#breadcrumblist","itemListElement":[{"@type":"ListItem","@id":"https:\/\/ejornais.com.br#listItem","position":1,"name":"In\u00edcio","item":"https:\/\/ejornais.com.br","nextItem":{"@type":"ListItem","@id":"https:\/\/ejornais.com.br\/index.php\/category\/ejornais\/#listItem","name":"Cat\u00e1logo de Jornais"}},{"@type":"ListItem","@id":"https:\/\/ejornais.com.br\/index.php\/category\/ejornais\/#listItem","position":2,"name":"Cat\u00e1logo de Jornais","item":"https:\/\/ejornais.com.br\/index.php\/category\/ejornais\/","nextItem":{"@type":"ListItem","@id":"https:\/\/ejornais.com.br\/index.php\/2026\/09\/02\/semu-abre-inscricoes-para-curso-de-comunicacao-e-oratoria-cgnoticias\/#listItem","name":"Semu abre inscri\u00e7\u00f5es para curso de comunica\u00e7\u00e3o e orat\u00f3ria \u2013 CGNot\u00edcias"},"previousItem":{"@type":"ListItem","@id":"https:\/\/ejornais.com.br#listItem","name":"In\u00edcio"}},{"@type":"ListItem","@id":"https:\/\/ejornais.com.br\/index.php\/2026\/09\/02\/semu-abre-inscricoes-para-curso-de-comunicacao-e-oratoria-cgnoticias\/#listItem","position":3,"name":"Semu abre inscri\u00e7\u00f5es para curso de comunica\u00e7\u00e3o e orat\u00f3ria \u2013 CGNot\u00edcias","previousItem":{"@type":"ListItem","@id":"https:\/\/ejornais.com.br\/index.php\/category\/ejornais\/#listItem","name":"Cat\u00e1logo de Jornais"}}]},{"@type":"Organization","@id":"https:\/\/ejornais.com.br\/#organization","name":"eJornais","description":"Cat\u00e1logo de Jornais no mundo, Not\u00edcias, Blog e Esportes ao vivo","url":"https:\/\/ejornais.com.br\/"},{"@type":"Person","@id":"https:\/\/ejornais.com.br\/index.php\/author\/admin1\/#author","url":"https:\/\/ejornais.com.br\/index.php\/author\/admin1\/","name":"admin1","image":{"@type":"ImageObject","@id":"https:\/\/ejornais.com.br\/index.php\/2026\/09\/02\/semu-abre-inscricoes-para-curso-de-comunicacao-e-oratoria-cgnoticias\/#authorImage","url":"https:\/\/secure.gravatar.com\/avatar\/04084e6d73c042b8646e7c17b494073bf0ede3ea13c7105cfc45cbbbc28385a4?s=96&d=mm&r=g","width":96,"height":96,"caption":"admin1"}},{"@type":"WebPage","@id":"https:\/\/ejornais.com.br\/index.php\/2026\/09\/02\/semu-abre-inscricoes-para-curso-de-comunicacao-e-oratoria-cgnoticias\/#webpage","url":"https:\/\/ejornais.com.br\/index.php\/2026\/09\/02\/semu-abre-inscricoes-para-curso-de-comunicacao-e-oratoria-cgnoticias\/","name":"Semu abre inscri\u00e7\u00f5es para curso de comunica\u00e7\u00e3o e orat\u00f3ria \u2013 CGNot\u00edcias - eJornais","description":"A Prefeitura de Campo Grande, por meio da Secretaria Executiva da Mulher (Semu), est\u00e1 com inscri\u00e7\u00f5es abertas para o curso \u201cMulheres com Presen\u00e7a \u2013 Comunica\u00e7\u00e3o, Orat\u00f3ria e Postura\u201d, que ser\u00e1 realizado de 14 a 16 de setembro, das 19h \u00e0s 21h, na sede da Semu, no Centro da Capital. A iniciativa busca fortalecer a comunica\u00e7\u00e3o,","inLanguage":"pt-BR","isPartOf":{"@id":"https:\/\/ejornais.com.br\/#website"},"breadcrumb":{"@id":"https:\/\/ejornais.com.br\/index.php\/2026\/09\/02\/semu-abre-inscricoes-para-curso-de-comunicacao-e-oratoria-cgnoticias\/#breadcrumblist"},"author":{"@id":"https:\/\/ejornais.com.br\/index.php\/author\/admin1\/#author"},"creator":{"@id":"https:\/\/ejornais.com.br\/index.php\/author\/admin1\/#author"},"datePublished":"2026-09-02T12:19:35-03:00","dateModified":"2026-09-02T12:19:35-03:00"},{"@type":"WebSite","@id":"https:\/\/ejornais.com.br\/#website","url":"https:\/\/ejornais.com.br\/","name":"eJornais","description":"Cat\u00e1logo de Jornais no mundo, Not\u00edcias, Blog e Esportes ao vivo","inLanguage":"pt-BR","publisher":{"@id":"https:\/\/ejornais.com.br\/#organization"}}]},"og:locale":"pt_BR","og:site_name":"eJornais - Cat\u00e1logo de Jornais no mundo, Not\u00edcias, Blog e Esportes ao vivo","og:type":"article","og:title":"Semu abre inscri\u00e7\u00f5es para curso de comunica\u00e7\u00e3o e orat\u00f3ria \u2013 CGNot\u00edcias - eJornais","og:description":"A Prefeitura de Campo Grande, por meio da Secretaria Executiva da Mulher (Semu), est\u00e1 com inscri\u00e7\u00f5es abertas para o curso \u201cMulheres com Presen\u00e7a \u2013 Comunica\u00e7\u00e3o, Orat\u00f3ria e Postura\u201d, que ser\u00e1 realizado de 14 a 16 de setembro, das 19h \u00e0s 21h, na sede da Semu, no Centro da Capital. A iniciativa busca fortalecer a comunica\u00e7\u00e3o,","og:url":"https:\/\/ejornais.com.br\/index.php\/2026\/09\/02\/semu-abre-inscricoes-para-curso-de-comunicacao-e-oratoria-cgnoticias\/","article:published_time":"2026-09-02T15:19:35+00:00","article:modified_time":"2026-09-02T15:19:35+00:00","twitter:card":"summary_large_image","twitter:title":"Semu abre inscri\u00e7\u00f5es para curso de comunica\u00e7\u00e3o e orat\u00f3ria \u2013 CGNot\u00edcias - eJornais","twitter:description":"A Prefeitura de Campo Grande, por meio da Secretaria Executiva da Mulher (Semu), est\u00e1 com inscri\u00e7\u00f5es abertas para o curso \u201cMulheres com Presen\u00e7a \u2013 Comunica\u00e7\u00e3o, Orat\u00f3ria e Postura\u201d, que ser\u00e1 realizado de 14 a 16 de setembro, das 19h \u00e0s 21h, na sede da Semu, no Centro da Capital. A iniciativa busca fortalecer a comunica\u00e7\u00e3o,"},"aioseo_meta_data":[],"aioseo_breadcrumb":"<div class=\"aioseo-breadcrumbs\"><span class=\"aioseo-breadcrumb\">\n\t\t\t<a href=\"https:\/\/ejornais.com.br\" title=\"In\u00edcio\">In\u00edcio<\/a>\n\t\t<\/span><span class=\"aioseo-breadcrumb-separator\">&raquo;<\/span><span class=\"aioseo-breadcrumb\">\n\t\t\t<a href=\"https:\/\/ejornais.com.br\/index.php\/category\/ejornais\/\" title=\"Cat\u00e1logo de Jornais\">Cat\u00e1logo de Jornais<\/a>\n\t\t<\/span><span class=\"aioseo-breadcrumb-separator\">&raquo;<\/span><span class=\"aioseo-breadcrumb\">\n\t\t\tSemu abre inscri\u00e7\u00f5es para curso de comunica\u00e7\u00e3o e orat\u00f3ria \u2013 CGNot\u00edcias\n\t\t<\/span><\/div>","aioseo_breadcrumb_json":[{"label":"In\u00edcio","link":"https:\/\/ejornais.com.br"},{"label":"Cat\u00e1logo de Jornais","link":"https:\/\/ejornais.com.br\/index.php\/category\/ejornais\/"},{"label":"Semu abre inscri\u00e7\u00f5es para curso de comunica\u00e7\u00e3o e orat\u00f3ria \u2013 CGNot\u00edcias","link":"https:\/\/ejornais.com.br\/index.php\/2026\/09\/02\/semu-abre-inscricoes-para-curso-de-comunicacao-e-oratoria-cgnoticias\/"}],"amp_enabled":true,"_links":{"self":[{"href":"https:\/\/ejornais.com.br\/index.php\/wp-json\/wp\/v2\/posts\/71551","targetHints":{"allow":["GET"]}}],"collection":[{"href":"https:\/\/ejornais.com.br\/index.php\/wp-json\/wp\/v2\/posts"}],"about":[{"href":"https:\/\/ejornais.com.br\/index.php\/wp-json\/wp\/v2\/types\/post"}],"author":[{"embeddable":true,"href":"https:\/\/ejornais.com.br\/index.php\/wp-json\/wp\/v2\/users\/2"}],"replies":[{"embeddable":true,"href":"https:\/\/ejornais.com.br\/index.php\/wp-json\/wp\/v2\/comments?post=71551"}],"version-history":[{"count":0,"href":"https:\/\/ejornais.com.br\/index.php\/wp-json\/wp\/v2\/posts\/71551\/revisions"}],"wp:attachment":[{"href":"https:\/\/ejornais.com.br\/index.php\/wp-json\/wp\/v2\/media?parent=71551"}],"wp:term":[{"taxonomy":"category","embeddable":true,"href":"https:\/\/ejornais.com.br\/index.php\/wp-json\/wp\/v2\/categories?post=71551"},{"taxonomy":"post_tag","embeddable":true,"href":"https:\/\/ejornais.com.br\/index.php\/wp-json\/wp\/v2\/tags?post=71551"}],"curies":[{"name":"wp","href":"https:\/\/api.w.org\/{rel}","templated":true}]}}