{"id":71552,"date":"2026-09-02T12:25:04","date_gmt":"2026-09-02T15:25:04","guid":{"rendered":"https:\/\/ejornais.com.br\/index.php\/2026\/09\/02\/cai-numero-de-assassinatos-no-campo-mas-aumenta-o-de-conflitos\/"},"modified":"2026-09-02T12:25:04","modified_gmt":"2026-09-02T15:25:04","slug":"cai-numero-de-assassinatos-no-campo-mas-aumenta-o-de-conflitos","status":"publish","type":"post","link":"https:\/\/ejornais.com.br\/index.php\/2026\/09\/02\/cai-numero-de-assassinatos-no-campo-mas-aumenta-o-de-conflitos\/","title":{"rendered":"Cai n\u00famero de assassinatos no campo, mas aumenta o de conflitos"},"content":{"rendered":"<p> Por MRNews<br \/>\n<\/p>\n<div>\n<p>O Brasil teve mais conflitos agr\u00e1rios no primeiro semestre deste ano, mas o n\u00famero de pessoas assassinadas no campo diminuiu em rela\u00e7\u00e3o ao mesmo per\u00edodo do ano passado. Os dados foram divulgados nesta quarta-feira (2) pela Comiss\u00e3o Pastoral da Terra (CPT), que aponta o aumento da mercantiliza\u00e7\u00e3o e da financeiriza\u00e7\u00e3o da terra no pa\u00eds.<\/p>\n<p><strong>Nos primeiros seis meses deste ano, a comiss\u00e3o contabilizou seis assassinatos no campo, enquanto, de janeiro a junho de 2025, foram 27<\/strong>. O n\u00famero de conflitos, por outro lado, subiu de 798 para 841.<\/p>\n<p>O Maranh\u00e3o se manteve como o estado que mais registrou conflitos no campo nos seis primeiros meses de 2026, com 156 casos. Na sequ\u00eancia, est\u00e3o Par\u00e1 (90), Bahia (85), Rond\u00f4nia (63) e Amazonas (63).<\/p>\n<p><strong><a href=\"https:\/\/mrnews.com.br\/index.php\/2026\/09\/02\/ministro-andre-mendonca-admite-encontro-com-vorcaro-uma-unica-vez\/\">Ministro Andr\u00e9 Mendon\u00e7a admite encontro com Vorcaro \u201cuma \u00fanica vez\u201d<\/a><\/strong><\/p>\n<p><strong><a href=\"https:\/\/mrnews.com.br\/index.php\/2026\/09\/02\/producao-industrial-interrompe-2-meses-de-queda-e-sobe-02-em-julho\/\">Produ\u00e7\u00e3o industrial interrompe 2 meses de queda e sobe 0,2% em julho<\/a><\/strong><\/p>\n<p>Os dados relativos ao primeiro semestre de 2026 servir\u00e3o para avalia\u00e7\u00e3o das tend\u00eancias dos conflitos no campo neste ano e v\u00e3o contribuir para o relat\u00f3rio anual \u201cConflitos no Campo Brasil\u201d, que ser\u00e1 lan\u00e7ado em 2027.<\/p>\n<p>Os levantamentos s\u00e3o realizados com base nas fontes coletadas pelos agentes da CPT em todo o Brasil, al\u00e9m de not\u00edcias veiculadas pela imprensa, divulga\u00e7\u00f5es de \u00f3rg\u00e3os p\u00fablicos, movimentos sociais e organiza\u00e7\u00f5es parceiras da CPT ao longo do ano.<\/p>\n<blockquote>\n<p>\u201cO campo brasileiro est\u00e1 distante do que chamamos de um lugar de paz, onde as pessoas n\u00e3o precisam sempre resistir para a perman\u00eancia na terra\u201d, definiu a coordenadora nacional da CPT, Cec\u00edlia Gomes, em entrevista \u00e0 <strong>Ag\u00eancia Brasil<\/strong>.<\/p>\n<\/blockquote>\n<p>Na concep\u00e7\u00e3o da comiss\u00e3o, <strong>o n\u00famero de assassinatos foi menor, mas se mant\u00e9m uma caracter\u00edstica do ano passado que s\u00e3o os massacres<\/strong>, quando h\u00e1 o assassinato de mais de uma pessoa.\u00a0<\/p>\n<p><strong><a href=\"https:\/\/mrnews.com.br\/index.php\/2026\/09\/02\/livro-inspirado-na-trajetoria-de-helena-theodoro-sera-lancado-no-rio\/\">Livro inspirado na trajet\u00f3ria de Helena Theodoro ser\u00e1 lan\u00e7ado no Rio<\/a><\/strong><\/p>\n<p><strong><a href=\"https:\/\/mrnews.com.br\/index.php\/2026\/09\/02\/quarta-feira-e-de-chuvas-no-sudeste-centro-oeste-e-sul-do-nordeste\/\">Quarta-feira \u00e9 de chuvas no Sudeste, Centro-Oeste e sul do Nordeste<\/a><\/strong><\/p>\n<p>Na avalia\u00e7\u00e3o de Cec\u00edlia Gomes e da CPT, tem se intensificado a mercantiliza\u00e7\u00e3o e a financeiriza\u00e7\u00e3o da terra, com a atua\u00e7\u00e3o de fundos de pens\u00e3o e o interesse nas chamadas terras raras, que, muitas vezes, est\u00e3o em comunidades tradicionais e camponesas.<\/p>\n<p>\u201cToda essa corrida pela terra e pelo que tem na terra acontece cada vez mais no territ\u00f3rio brasileiro, no sentido da financeiriza\u00e7\u00e3o da terra\u201d, denunciou Cec\u00edlia.<\/p>\n<h2>Conflitos por terra<\/h2>\n<p>Os casos registrados neste ano s\u00e3o em grande maioria conflitos por terra (711), seguidos por conflitos por \u00e1gua (100) e ocorr\u00eancias de trabalho escravo rural (30).<\/p>\n<p>Os 711 conflitos por terra\u00a0incluem casos de viol\u00eancia e de resist\u00eancia envolvendo ocupa\u00e7\u00f5es e acampamentos. Enquanto as viol\u00eancias aumentaram de 584 para 663, as resist\u00eancias mantiveram a tend\u00eancia de queda dos \u00faltimos 10 anos e ca\u00edram de 66 para 48 casos.\u00a0<\/p>\n<p>O Maranh\u00e3o (153) tamb\u00e9m concentra a maior parte desses conflitos, seguido pela Bahia (76), Par\u00e1 (68) e Rond\u00f4nia (54). Outro destaque foi o estado do Amazonas, onde as ocorr\u00eancias subiram 140% em compara\u00e7\u00e3o ao mesmo per\u00edodo de 2025 \u2500 de 37 para 52.<\/p>\n<p><strong>A forma de viol\u00eancia mais frequente nos conflitos por terra foi a contamina\u00e7\u00e3o por agrot\u00f3xicos<\/strong>, que aumentou de 98 para 169 casos, seguida de invas\u00e3o aos territ\u00f3rios (de 96 para 109), desmatamento ilegal (de 67 para 107) e amea\u00e7a de despejo (de 63 para 70). O CPT atribui essas viol\u00eancias \u00e0 expans\u00e3o do agroneg\u00f3cio, destacando o estado do Maranh\u00e3o.<\/p>\n<p>Cec\u00edlia Gomes alertou para a gravidade da viol\u00eancia por agrot\u00f3xicos, usados como arma qu\u00edmica:\u00a0<\/p>\n<p>\u201cN\u00e3o vai matar no momento inicial, mas vai matando o sujeito aos poucos\u201d.<\/p>\n<h2>Conflitos pela \u00e1gua<\/h2>\n<p>Os conflitos pela \u00e1gua foram constatados em 20 estados, com significativa expans\u00e3o em rela\u00e7\u00e3o ao primeiro semestre do ano passado \u2500 um aumento de 47 para 100 registros.\u00a0<\/p>\n<p>O Par\u00e1 teve o maior n\u00famero de ocorr\u00eancias (16), seguido por Minas Gerais (11), Amazonas (10) e Mato Grosso (10).\u00a0<\/p>\n<p>No caso do Par\u00e1, o CPT informou que os primeiros meses deste ano t\u00eam sido marcados pela luta dos povos ind\u00edgenas contra a privatiza\u00e7\u00e3o dos rios, por parte do governo federal, e contra a a\u00e7\u00e3o de garimpeiros. H\u00e1 tamb\u00e9m a luta de ribeirinhos e outros povos contra a atua\u00e7\u00e3o de mineradoras.<\/p>\n<p>A Comiss\u00e3o Pastoral lembrou que a luta dos ind\u00edgenas contra a privatiza\u00e7\u00e3o dos rios resultou na revoga\u00e7\u00e3o do Decreto n\u00ba 12.600\/2025, em fevereiro de 2026. A medida inclu\u00eda hidrovias nos rios Madeira, Tapaj\u00f3s e Tocantins no\u00a0Programa Nacional de Desestatiza\u00e7\u00e3o.<\/p>\n<p>\u00a0<\/p>\n<div class=\"dnd-widget-wrapper context-cheio_8colunas type-image\">\n<h6 class=\"meta\">Vista em sobrevoo do Rio Mucaja\u00ed, afetado pelo garimpo ilegal na Terra Ind\u00edgena Yanomami. Foto:\u00a0<strong>Fernando Fraz\u00e3o\/Ag\u00eancia Brasil<\/strong><\/h6>\n<\/div>\n<h2>Trabalho escravo<\/h2>\n<p>As ocorr\u00eancias de trabalho escravo rural ca\u00edram no primeiro semestre de 2026, com 30 registros\u00a0contra 101 no mesmo per\u00edodo de 2025.\u00a0<\/p>\n<p>Do mesmo modo, o n\u00famero de trabalhadores vitimados\u00a0passou de 842 para 355. O maior contingente de trabalhadores resgatados ocorreu no primeiro semestre de 2023, quando 1.395 pessoas foram encontradas nessas condi\u00e7\u00f5es.<\/p>\n<p><strong>Um dos destaques nesse eixo foi o estado de S\u00e3o Paulo, que apresentou os maiores n\u00fameros de trabalhadores resgatados (148) e de casos registrados (cinco)<\/strong>. Em tr\u00eas dessas ocorr\u00eancias, os trabalhadores foram encontrados em atividades de plantio e corte de cana-de-a\u00e7\u00facar.\u00a0<\/p>\n<h2>Viol\u00eancia contra a pessoa<\/h2>\n<p>Entre os seis assassinatos registrados at\u00e9 junho em conflitos no campo est\u00e1 inclu\u00eddo o massacre de tr\u00eas posseiras registrado em L\u00e1brea (AM). Houve ainda dois ind\u00edgenas assassinados, em Roraima e Mato Grosso do Sul, e um trabalhador rural sem-terra. As v\u00edtimas tinham entre 14 e 45 anos.<\/p>\n<p>A CPT informa tamb\u00e9m que os n\u00fameros de casos e de v\u00edtimas da viol\u00eancia aumentaram, passando de 418 para 588 e de 308 para 497, respectivamente.<\/p>\n<p>A viol\u00eancia com maior incid\u00eancia foi a contamina\u00e7\u00e3o por min\u00e9rios, com 195 casos. N\u00e3o houve not\u00edcia\u00a0dessas ocorr\u00eancias no primeiro semestre de 2025.\u00a0<\/p>\n<p>Todos esses registros foram em\u00a0Jacareacanga, no Par\u00e1. As agress\u00f5es decorreram do garimpo ilegal de ouro na Bacia do Rio Tapaj\u00f3s e atingiram a Terra Ind\u00edgena Munduruku.<\/p>\n<p>A contamina\u00e7\u00e3o por agrot\u00f3xicos (132 em 2026, contra 10 nos primeiros seis meses do ano passado), a criminaliza\u00e7\u00e3o (51 contra 46) e os ferimentos (42 contra 26) tamb\u00e9m se destacam entre as formas de viol\u00eancia.\u00a0<\/p>\n<p>As principais v\u00edtimas foram os povos ind\u00edgenas, os trabalhadores e trabalhadoras sem-terra, os posseiros, os seringueiros e os quilombolas.<\/p>\n<p>\u00a0<\/p>\n<div class=\"dnd-widget-wrapper context-cheio_8colunas type-image\">\n<h6 class=\"meta\">A comunidade quilombola de Santa F\u00e9, no munic\u00edpio de Costa Marques, em Rond\u00f4nia, teve 74 fam\u00edlias inclu\u00eddas no Plano Nacional de Reforma Agr\u00e1ria. Foto:\u00a0<strong>ASCOM\/INCRA RO<\/strong><\/h6>\n<\/div>\n<h2>Manifesta\u00e7\u00f5es<\/h2>\n<p>Embora n\u00e3o integre o c\u00e1lculo dos conflitos no campo, as manifesta\u00e7\u00f5es representam importante estrat\u00e9gia das comunidades para denunciar as viol\u00eancias sofridas e lutar pela garantia de seus direitos, sendo uma forma de resist\u00eancia contabilizada pela CPT.<\/p>\n<p>No primeiro semestre de 2026, houve 284 manifesta\u00e7\u00f5es, um aumento em rela\u00e7\u00e3o ao primeiro semestre de 2025, que teve 253. A CPT cita como destaques os atos p\u00fablicos, marchas, protestos, romarias, bloqueios de rodovias, ocupa\u00e7\u00f5es de pr\u00e9dios p\u00fablicos e outras mobiliza\u00e7\u00f5es.\u00a0<\/p>\n<p>As principais reivindica\u00e7\u00f5es s\u00e3o pela demarca\u00e7\u00e3o de terras ind\u00edgenas, contra os agrot\u00f3xicos, contra a minera\u00e7\u00e3o e a privatiza\u00e7\u00e3o das \u00e1guas e por melhores condi\u00e7\u00f5es de trabalho.<\/p>\n<p>\u00a0<\/p>\n<div class=\"dnd-widget-wrapper context-cheio_8colunas type-image\">\n<h6 class=\"meta\">Marcha de ind\u00edgenas de todo pa\u00eds que participam do Acampamento Terra Livre \u2013 ATL 2026. Foto:\u00a0<strong>Rafa Neddermeyer\/Ag\u00eancia Brasil<\/strong><\/h6>\n<\/div>\n<p>Cec\u00edlia Gomes afirmou que a CPT entra no campo n\u00e3o somente para denunciar, mas para mostrar como os povos atuam na resist\u00eancia e no enfrentamento a essas formas de mercantiliza\u00e7\u00e3o e financeiriza\u00e7\u00e3o da terra.\u00a0<\/p>\n<p>\u201cEla colabora e est\u00e1 junto das comunidades nesses enfrentamentos. A CPT n\u00e3o s\u00f3 documenta. Ela est\u00e1 l\u00e1 auxiliando nas viv\u00eancias com esses povos e comunidades na resist\u00eancia\u201d.<\/p>\n<p>Al\u00e9m disso, a entidade atua na perspectiva de constru\u00e7\u00e3o de incid\u00eancias e pol\u00edticas p\u00fablicas voltadas para o campo. A constru\u00e7\u00e3o de documentos \u00e9 tamb\u00e9m nessa perspectiva, indicou Cec\u00edlia.<\/p>\n<\/div>\n","protected":false},"excerpt":{"rendered":"<p>Por MRNews O Brasil teve mais conflitos agr\u00e1rios no primeiro semestre deste ano, mas o n\u00famero de pessoas assassinadas no<\/p>\n","protected":false},"author":2,"featured_media":0,"comment_status":"","ping_status":"","sticky":false,"template":"","format":"standard","meta":{"colormag_page_container_layout":"default_layout","colormag_page_sidebar_layout":"default_layout","footnotes":""},"categories":[1],"tags":[],"class_list":["post-71552","post","type-post","status-publish","format-standard","hentry","category-ejornais"],"aioseo_notices":[],"aioseo_head":"\n\t\t<!-- All in One SEO 5.0.1.1 - aioseo.com -->\n\t<meta name=\"description\" content=\"Por MRNews O Brasil teve mais conflitos agr\u00e1rios no primeiro semestre deste ano, mas o n\u00famero de pessoas assassinadas no campo diminuiu em rela\u00e7\u00e3o ao mesmo per\u00edodo do ano passado. Os dados foram divulgados nesta quarta-feira (2) pela Comiss\u00e3o Pastoral da Terra (CPT), que aponta o aumento da mercantiliza\u00e7\u00e3o e da financeiriza\u00e7\u00e3o da terra no\" \/>\n\t<meta name=\"robots\" content=\"max-image-preview:large\" \/>\n\t<meta name=\"author\" content=\"admin1\"\/>\n\t<link rel=\"canonical\" href=\"https:\/\/ejornais.com.br\/index.php\/2026\/09\/02\/cai-numero-de-assassinatos-no-campo-mas-aumenta-o-de-conflitos\/\" \/>\n\t<meta name=\"generator\" content=\"All in One SEO (AIOSEO) 5.0.1.1\" \/>\n\t\t<meta property=\"og:locale\" content=\"pt_BR\" \/>\n\t\t<meta property=\"og:site_name\" content=\"eJornais - Cat\u00e1logo de Jornais no mundo, Not\u00edcias, Blog e Esportes ao vivo\" \/>\n\t\t<meta property=\"og:type\" content=\"article\" \/>\n\t\t<meta property=\"og:title\" content=\"Cai n\u00famero de assassinatos no campo, mas aumenta o de conflitos - eJornais\" \/>\n\t\t<meta property=\"og:description\" content=\"Por MRNews O Brasil teve mais conflitos agr\u00e1rios no primeiro semestre deste ano, mas o n\u00famero de pessoas assassinadas no campo diminuiu em rela\u00e7\u00e3o ao mesmo per\u00edodo do ano passado. Os dados foram divulgados nesta quarta-feira (2) pela Comiss\u00e3o Pastoral da Terra (CPT), que aponta o aumento da mercantiliza\u00e7\u00e3o e da financeiriza\u00e7\u00e3o da terra no\" \/>\n\t\t<meta property=\"og:url\" content=\"https:\/\/ejornais.com.br\/index.php\/2026\/09\/02\/cai-numero-de-assassinatos-no-campo-mas-aumenta-o-de-conflitos\/\" \/>\n\t\t<meta property=\"article:published_time\" content=\"2026-09-02T15:25:04+00:00\" \/>\n\t\t<meta property=\"article:modified_time\" content=\"2026-09-02T15:25:04+00:00\" \/>\n\t\t<meta name=\"twitter:card\" content=\"summary_large_image\" \/>\n\t\t<meta name=\"twitter:title\" content=\"Cai n\u00famero de assassinatos no campo, mas aumenta o de conflitos - eJornais\" \/>\n\t\t<meta name=\"twitter:description\" content=\"Por MRNews O Brasil teve mais conflitos agr\u00e1rios no primeiro semestre deste ano, mas o n\u00famero de pessoas assassinadas no campo diminuiu em rela\u00e7\u00e3o ao mesmo per\u00edodo do ano passado. Os dados foram divulgados nesta quarta-feira (2) pela Comiss\u00e3o Pastoral da Terra (CPT), que aponta o aumento da mercantiliza\u00e7\u00e3o e da financeiriza\u00e7\u00e3o da terra no\" \/>\n\t\t<script type=\"application\/ld+json\" class=\"aioseo-schema\">\n\t\t\t{\"@context\":\"https:\\\/\\\/schema.org\",\"@graph\":[{\"@type\":\"BlogPosting\",\"@id\":\"https:\\\/\\\/ejornais.com.br\\\/index.php\\\/2026\\\/09\\\/02\\\/cai-numero-de-assassinatos-no-campo-mas-aumenta-o-de-conflitos\\\/#blogposting\",\"name\":\"Cai n\\u00famero de assassinatos no campo, mas aumenta o de conflitos - eJornais\",\"headline\":\"Cai n\\u00famero de assassinatos no campo, mas aumenta o de conflitos\",\"author\":{\"@id\":\"https:\\\/\\\/ejornais.com.br\\\/index.php\\\/author\\\/admin1\\\/#author\"},\"publisher\":{\"@id\":\"https:\\\/\\\/ejornais.com.br\\\/#organization\"},\"datePublished\":\"2026-09-02T12:25:04-03:00\",\"dateModified\":\"2026-09-02T12:25:04-03:00\",\"inLanguage\":\"pt-BR\",\"mainEntityOfPage\":{\"@id\":\"https:\\\/\\\/ejornais.com.br\\\/index.php\\\/2026\\\/09\\\/02\\\/cai-numero-de-assassinatos-no-campo-mas-aumenta-o-de-conflitos\\\/#webpage\"},\"isPartOf\":{\"@id\":\"https:\\\/\\\/ejornais.com.br\\\/index.php\\\/2026\\\/09\\\/02\\\/cai-numero-de-assassinatos-no-campo-mas-aumenta-o-de-conflitos\\\/#webpage\"},\"articleSection\":\"Cat\\u00e1logo de Jornais\"},{\"@type\":\"BreadcrumbList\",\"@id\":\"https:\\\/\\\/ejornais.com.br\\\/index.php\\\/2026\\\/09\\\/02\\\/cai-numero-de-assassinatos-no-campo-mas-aumenta-o-de-conflitos\\\/#breadcrumblist\",\"itemListElement\":[{\"@type\":\"ListItem\",\"@id\":\"https:\\\/\\\/ejornais.com.br#listItem\",\"position\":1,\"name\":\"In\\u00edcio\",\"item\":\"https:\\\/\\\/ejornais.com.br\",\"nextItem\":{\"@type\":\"ListItem\",\"@id\":\"https:\\\/\\\/ejornais.com.br\\\/index.php\\\/category\\\/ejornais\\\/#listItem\",\"name\":\"Cat\\u00e1logo de Jornais\"}},{\"@type\":\"ListItem\",\"@id\":\"https:\\\/\\\/ejornais.com.br\\\/index.php\\\/category\\\/ejornais\\\/#listItem\",\"position\":2,\"name\":\"Cat\\u00e1logo de Jornais\",\"item\":\"https:\\\/\\\/ejornais.com.br\\\/index.php\\\/category\\\/ejornais\\\/\",\"nextItem\":{\"@type\":\"ListItem\",\"@id\":\"https:\\\/\\\/ejornais.com.br\\\/index.php\\\/2026\\\/09\\\/02\\\/cai-numero-de-assassinatos-no-campo-mas-aumenta-o-de-conflitos\\\/#listItem\",\"name\":\"Cai n\\u00famero de assassinatos no campo, mas aumenta o de conflitos\"},\"previousItem\":{\"@type\":\"ListItem\",\"@id\":\"https:\\\/\\\/ejornais.com.br#listItem\",\"name\":\"In\\u00edcio\"}},{\"@type\":\"ListItem\",\"@id\":\"https:\\\/\\\/ejornais.com.br\\\/index.php\\\/2026\\\/09\\\/02\\\/cai-numero-de-assassinatos-no-campo-mas-aumenta-o-de-conflitos\\\/#listItem\",\"position\":3,\"name\":\"Cai n\\u00famero de assassinatos no campo, mas aumenta o de conflitos\",\"previousItem\":{\"@type\":\"ListItem\",\"@id\":\"https:\\\/\\\/ejornais.com.br\\\/index.php\\\/category\\\/ejornais\\\/#listItem\",\"name\":\"Cat\\u00e1logo de Jornais\"}}]},{\"@type\":\"Organization\",\"@id\":\"https:\\\/\\\/ejornais.com.br\\\/#organization\",\"name\":\"eJornais\",\"description\":\"Cat\\u00e1logo de Jornais no mundo, Not\\u00edcias, Blog e Esportes ao vivo\",\"url\":\"https:\\\/\\\/ejornais.com.br\\\/\"},{\"@type\":\"Person\",\"@id\":\"https:\\\/\\\/ejornais.com.br\\\/index.php\\\/author\\\/admin1\\\/#author\",\"url\":\"https:\\\/\\\/ejornais.com.br\\\/index.php\\\/author\\\/admin1\\\/\",\"name\":\"admin1\",\"image\":{\"@type\":\"ImageObject\",\"@id\":\"https:\\\/\\\/ejornais.com.br\\\/index.php\\\/2026\\\/09\\\/02\\\/cai-numero-de-assassinatos-no-campo-mas-aumenta-o-de-conflitos\\\/#authorImage\",\"url\":\"https:\\\/\\\/secure.gravatar.com\\\/avatar\\\/04084e6d73c042b8646e7c17b494073bf0ede3ea13c7105cfc45cbbbc28385a4?s=96&d=mm&r=g\",\"width\":96,\"height\":96,\"caption\":\"admin1\"}},{\"@type\":\"WebPage\",\"@id\":\"https:\\\/\\\/ejornais.com.br\\\/index.php\\\/2026\\\/09\\\/02\\\/cai-numero-de-assassinatos-no-campo-mas-aumenta-o-de-conflitos\\\/#webpage\",\"url\":\"https:\\\/\\\/ejornais.com.br\\\/index.php\\\/2026\\\/09\\\/02\\\/cai-numero-de-assassinatos-no-campo-mas-aumenta-o-de-conflitos\\\/\",\"name\":\"Cai n\\u00famero de assassinatos no campo, mas aumenta o de conflitos - eJornais\",\"description\":\"Por MRNews O Brasil teve mais conflitos agr\\u00e1rios no primeiro semestre deste ano, mas o n\\u00famero de pessoas assassinadas no campo diminuiu em rela\\u00e7\\u00e3o ao mesmo per\\u00edodo do ano passado. Os dados foram divulgados nesta quarta-feira (2) pela Comiss\\u00e3o Pastoral da Terra (CPT), que aponta o aumento da mercantiliza\\u00e7\\u00e3o e da financeiriza\\u00e7\\u00e3o da terra no\",\"inLanguage\":\"pt-BR\",\"isPartOf\":{\"@id\":\"https:\\\/\\\/ejornais.com.br\\\/#website\"},\"breadcrumb\":{\"@id\":\"https:\\\/\\\/ejornais.com.br\\\/index.php\\\/2026\\\/09\\\/02\\\/cai-numero-de-assassinatos-no-campo-mas-aumenta-o-de-conflitos\\\/#breadcrumblist\"},\"author\":{\"@id\":\"https:\\\/\\\/ejornais.com.br\\\/index.php\\\/author\\\/admin1\\\/#author\"},\"creator\":{\"@id\":\"https:\\\/\\\/ejornais.com.br\\\/index.php\\\/author\\\/admin1\\\/#author\"},\"datePublished\":\"2026-09-02T12:25:04-03:00\",\"dateModified\":\"2026-09-02T12:25:04-03:00\"},{\"@type\":\"WebSite\",\"@id\":\"https:\\\/\\\/ejornais.com.br\\\/#website\",\"url\":\"https:\\\/\\\/ejornais.com.br\\\/\",\"name\":\"eJornais\",\"description\":\"Cat\\u00e1logo de Jornais no mundo, Not\\u00edcias, Blog e Esportes ao vivo\",\"inLanguage\":\"pt-BR\",\"publisher\":{\"@id\":\"https:\\\/\\\/ejornais.com.br\\\/#organization\"}}]}\n\t\t<\/script>\n\t\t<!-- All in One SEO -->\n\n","aioseo_head_json":{"title":"Cai n\u00famero de assassinatos no campo, mas aumenta o de conflitos - eJornais","description":"Por MRNews O Brasil teve mais conflitos agr\u00e1rios no primeiro semestre deste ano, mas o n\u00famero de pessoas assassinadas no campo diminuiu em rela\u00e7\u00e3o ao mesmo per\u00edodo do ano passado. Os dados foram divulgados nesta quarta-feira (2) pela Comiss\u00e3o Pastoral da Terra (CPT), que aponta o aumento da mercantiliza\u00e7\u00e3o e da financeiriza\u00e7\u00e3o da terra no","canonical_url":"https:\/\/ejornais.com.br\/index.php\/2026\/09\/02\/cai-numero-de-assassinatos-no-campo-mas-aumenta-o-de-conflitos\/","robots":"max-image-preview:large","keywords":"","webmasterTools":{"miscellaneous":""},"schema":{"@context":"https:\/\/schema.org","@graph":[{"@type":"BlogPosting","@id":"https:\/\/ejornais.com.br\/index.php\/2026\/09\/02\/cai-numero-de-assassinatos-no-campo-mas-aumenta-o-de-conflitos\/#blogposting","name":"Cai n\u00famero de assassinatos no campo, mas aumenta o de conflitos - eJornais","headline":"Cai n\u00famero de assassinatos no campo, mas aumenta o de conflitos","author":{"@id":"https:\/\/ejornais.com.br\/index.php\/author\/admin1\/#author"},"publisher":{"@id":"https:\/\/ejornais.com.br\/#organization"},"datePublished":"2026-09-02T12:25:04-03:00","dateModified":"2026-09-02T12:25:04-03:00","inLanguage":"pt-BR","mainEntityOfPage":{"@id":"https:\/\/ejornais.com.br\/index.php\/2026\/09\/02\/cai-numero-de-assassinatos-no-campo-mas-aumenta-o-de-conflitos\/#webpage"},"isPartOf":{"@id":"https:\/\/ejornais.com.br\/index.php\/2026\/09\/02\/cai-numero-de-assassinatos-no-campo-mas-aumenta-o-de-conflitos\/#webpage"},"articleSection":"Cat\u00e1logo de Jornais"},{"@type":"BreadcrumbList","@id":"https:\/\/ejornais.com.br\/index.php\/2026\/09\/02\/cai-numero-de-assassinatos-no-campo-mas-aumenta-o-de-conflitos\/#breadcrumblist","itemListElement":[{"@type":"ListItem","@id":"https:\/\/ejornais.com.br#listItem","position":1,"name":"In\u00edcio","item":"https:\/\/ejornais.com.br","nextItem":{"@type":"ListItem","@id":"https:\/\/ejornais.com.br\/index.php\/category\/ejornais\/#listItem","name":"Cat\u00e1logo de Jornais"}},{"@type":"ListItem","@id":"https:\/\/ejornais.com.br\/index.php\/category\/ejornais\/#listItem","position":2,"name":"Cat\u00e1logo de Jornais","item":"https:\/\/ejornais.com.br\/index.php\/category\/ejornais\/","nextItem":{"@type":"ListItem","@id":"https:\/\/ejornais.com.br\/index.php\/2026\/09\/02\/cai-numero-de-assassinatos-no-campo-mas-aumenta-o-de-conflitos\/#listItem","name":"Cai n\u00famero de assassinatos no campo, mas aumenta o de conflitos"},"previousItem":{"@type":"ListItem","@id":"https:\/\/ejornais.com.br#listItem","name":"In\u00edcio"}},{"@type":"ListItem","@id":"https:\/\/ejornais.com.br\/index.php\/2026\/09\/02\/cai-numero-de-assassinatos-no-campo-mas-aumenta-o-de-conflitos\/#listItem","position":3,"name":"Cai n\u00famero de assassinatos no campo, mas aumenta o de conflitos","previousItem":{"@type":"ListItem","@id":"https:\/\/ejornais.com.br\/index.php\/category\/ejornais\/#listItem","name":"Cat\u00e1logo de Jornais"}}]},{"@type":"Organization","@id":"https:\/\/ejornais.com.br\/#organization","name":"eJornais","description":"Cat\u00e1logo de Jornais no mundo, Not\u00edcias, Blog e Esportes ao vivo","url":"https:\/\/ejornais.com.br\/"},{"@type":"Person","@id":"https:\/\/ejornais.com.br\/index.php\/author\/admin1\/#author","url":"https:\/\/ejornais.com.br\/index.php\/author\/admin1\/","name":"admin1","image":{"@type":"ImageObject","@id":"https:\/\/ejornais.com.br\/index.php\/2026\/09\/02\/cai-numero-de-assassinatos-no-campo-mas-aumenta-o-de-conflitos\/#authorImage","url":"https:\/\/secure.gravatar.com\/avatar\/04084e6d73c042b8646e7c17b494073bf0ede3ea13c7105cfc45cbbbc28385a4?s=96&d=mm&r=g","width":96,"height":96,"caption":"admin1"}},{"@type":"WebPage","@id":"https:\/\/ejornais.com.br\/index.php\/2026\/09\/02\/cai-numero-de-assassinatos-no-campo-mas-aumenta-o-de-conflitos\/#webpage","url":"https:\/\/ejornais.com.br\/index.php\/2026\/09\/02\/cai-numero-de-assassinatos-no-campo-mas-aumenta-o-de-conflitos\/","name":"Cai n\u00famero de assassinatos no campo, mas aumenta o de conflitos - eJornais","description":"Por MRNews O Brasil teve mais conflitos agr\u00e1rios no primeiro semestre deste ano, mas o n\u00famero de pessoas assassinadas no campo diminuiu em rela\u00e7\u00e3o ao mesmo per\u00edodo do ano passado. Os dados foram divulgados nesta quarta-feira (2) pela Comiss\u00e3o Pastoral da Terra (CPT), que aponta o aumento da mercantiliza\u00e7\u00e3o e da financeiriza\u00e7\u00e3o da terra no","inLanguage":"pt-BR","isPartOf":{"@id":"https:\/\/ejornais.com.br\/#website"},"breadcrumb":{"@id":"https:\/\/ejornais.com.br\/index.php\/2026\/09\/02\/cai-numero-de-assassinatos-no-campo-mas-aumenta-o-de-conflitos\/#breadcrumblist"},"author":{"@id":"https:\/\/ejornais.com.br\/index.php\/author\/admin1\/#author"},"creator":{"@id":"https:\/\/ejornais.com.br\/index.php\/author\/admin1\/#author"},"datePublished":"2026-09-02T12:25:04-03:00","dateModified":"2026-09-02T12:25:04-03:00"},{"@type":"WebSite","@id":"https:\/\/ejornais.com.br\/#website","url":"https:\/\/ejornais.com.br\/","name":"eJornais","description":"Cat\u00e1logo de Jornais no mundo, Not\u00edcias, Blog e Esportes ao vivo","inLanguage":"pt-BR","publisher":{"@id":"https:\/\/ejornais.com.br\/#organization"}}]},"og:locale":"pt_BR","og:site_name":"eJornais - Cat\u00e1logo de Jornais no mundo, Not\u00edcias, Blog e Esportes ao vivo","og:type":"article","og:title":"Cai n\u00famero de assassinatos no campo, mas aumenta o de conflitos - eJornais","og:description":"Por MRNews O Brasil teve mais conflitos agr\u00e1rios no primeiro semestre deste ano, mas o n\u00famero de pessoas assassinadas no campo diminuiu em rela\u00e7\u00e3o ao mesmo per\u00edodo do ano passado. Os dados foram divulgados nesta quarta-feira (2) pela Comiss\u00e3o Pastoral da Terra (CPT), que aponta o aumento da mercantiliza\u00e7\u00e3o e da financeiriza\u00e7\u00e3o da terra no","og:url":"https:\/\/ejornais.com.br\/index.php\/2026\/09\/02\/cai-numero-de-assassinatos-no-campo-mas-aumenta-o-de-conflitos\/","article:published_time":"2026-09-02T15:25:04+00:00","article:modified_time":"2026-09-02T15:25:04+00:00","twitter:card":"summary_large_image","twitter:title":"Cai n\u00famero de assassinatos no campo, mas aumenta o de conflitos - eJornais","twitter:description":"Por MRNews O Brasil teve mais conflitos agr\u00e1rios no primeiro semestre deste ano, mas o n\u00famero de pessoas assassinadas no campo diminuiu em rela\u00e7\u00e3o ao mesmo per\u00edodo do ano passado. Os dados foram divulgados nesta quarta-feira (2) pela Comiss\u00e3o Pastoral da Terra (CPT), que aponta o aumento da mercantiliza\u00e7\u00e3o e da financeiriza\u00e7\u00e3o da terra no"},"aioseo_meta_data":[],"aioseo_breadcrumb":"<div class=\"aioseo-breadcrumbs\"><span class=\"aioseo-breadcrumb\">\n\t\t\t<a href=\"https:\/\/ejornais.com.br\" title=\"In\u00edcio\">In\u00edcio<\/a>\n\t\t<\/span><span class=\"aioseo-breadcrumb-separator\">&raquo;<\/span><span class=\"aioseo-breadcrumb\">\n\t\t\t<a href=\"https:\/\/ejornais.com.br\/index.php\/category\/ejornais\/\" title=\"Cat\u00e1logo de Jornais\">Cat\u00e1logo de Jornais<\/a>\n\t\t<\/span><span class=\"aioseo-breadcrumb-separator\">&raquo;<\/span><span class=\"aioseo-breadcrumb\">\n\t\t\tCai n\u00famero de assassinatos no campo, mas aumenta o de conflitos\n\t\t<\/span><\/div>","aioseo_breadcrumb_json":[{"label":"In\u00edcio","link":"https:\/\/ejornais.com.br"},{"label":"Cat\u00e1logo de Jornais","link":"https:\/\/ejornais.com.br\/index.php\/category\/ejornais\/"},{"label":"Cai n\u00famero de assassinatos no campo, mas aumenta o de conflitos","link":"https:\/\/ejornais.com.br\/index.php\/2026\/09\/02\/cai-numero-de-assassinatos-no-campo-mas-aumenta-o-de-conflitos\/"}],"amp_enabled":true,"_links":{"self":[{"href":"https:\/\/ejornais.com.br\/index.php\/wp-json\/wp\/v2\/posts\/71552","targetHints":{"allow":["GET"]}}],"collection":[{"href":"https:\/\/ejornais.com.br\/index.php\/wp-json\/wp\/v2\/posts"}],"about":[{"href":"https:\/\/ejornais.com.br\/index.php\/wp-json\/wp\/v2\/types\/post"}],"author":[{"embeddable":true,"href":"https:\/\/ejornais.com.br\/index.php\/wp-json\/wp\/v2\/users\/2"}],"replies":[{"embeddable":true,"href":"https:\/\/ejornais.com.br\/index.php\/wp-json\/wp\/v2\/comments?post=71552"}],"version-history":[{"count":0,"href":"https:\/\/ejornais.com.br\/index.php\/wp-json\/wp\/v2\/posts\/71552\/revisions"}],"wp:attachment":[{"href":"https:\/\/ejornais.com.br\/index.php\/wp-json\/wp\/v2\/media?parent=71552"}],"wp:term":[{"taxonomy":"category","embeddable":true,"href":"https:\/\/ejornais.com.br\/index.php\/wp-json\/wp\/v2\/categories?post=71552"},{"taxonomy":"post_tag","embeddable":true,"href":"https:\/\/ejornais.com.br\/index.php\/wp-json\/wp\/v2\/tags?post=71552"}],"curies":[{"name":"wp","href":"https:\/\/api.w.org\/{rel}","templated":true}]}}