{"id":71558,"date":"2026-09-02T14:26:35","date_gmt":"2026-09-02T17:26:35","guid":{"rendered":"https:\/\/ejornais.com.br\/index.php\/2026\/09\/02\/portal-cuida-mais-facilita-acesso-a-carteirinha-para-pessoas-com-fibromialgia-cgnoticias\/"},"modified":"2026-09-02T14:26:35","modified_gmt":"2026-09-02T17:26:35","slug":"portal-cuida-mais-facilita-acesso-a-carteirinha-para-pessoas-com-fibromialgia-cgnoticias","status":"publish","type":"post","link":"https:\/\/ejornais.com.br\/index.php\/2026\/09\/02\/portal-cuida-mais-facilita-acesso-a-carteirinha-para-pessoas-com-fibromialgia-cgnoticias\/","title":{"rendered":"Portal Cuida Mais facilita acesso \u00e0 carteirinha para pessoas com fibromialgia \u2013 CGNot\u00edcias"},"content":{"rendered":"<p><\/p>\n<div>\n<p>Conviver com dores generalizadas, cansa\u00e7o extremo e outros sintomas que afetam a rotina \u00e9 uma realidade para milhares de pessoas com fibromialgia em Campo Grande. Para facilitar o acesso a direitos e dar mais praticidade ao cidad\u00e3o, a Secretaria Municipal de Sa\u00fade mudou o processo de solicita\u00e7\u00e3o da Carteirinha de Identifica\u00e7\u00e3o da Pessoa com Fibromialgia, que desde janeiro passou a ser feito pelo Portal Cuida Mais, da Prefeitura.<\/p>\n<p>A partir deste ano, a solicita\u00e7\u00e3o deixou o antigo sistema de Condi\u00e7\u00e3o Permanente e passou a ser realizada pelo Portal Cuida Mais, da Sesau. A ferramenta permite fazer o pedido pela internet e acompanhar o andamento at\u00e9 a libera\u00e7\u00e3o do documento.<\/p>\n<p>Para solicitar, a orienta\u00e7\u00e3o da Secretaria \u00e9 acessar o Portal Cuida Mais, entrar em \u201cAcesso ao Cidad\u00e3o\u201d e selecionar \u201cCondi\u00e7\u00e3o Permanente \u2013 FIBROMIALGIA\u201d. No primeiro acesso, o usu\u00e1rio deve informar o CPF e utilizar os quatro primeiros d\u00edgitos do pr\u00f3prio CPF como senha inicial. O sistema solicitar\u00e1, ent\u00e3o, o cadastramento de uma nova senha.<\/p>\n<p>Depois, basta acessar novamente o cadastro, selecionar \u201cInformar nova condi\u00e7\u00e3o permanente\u201d, preencher os campos solicitados e anexar os documentos necess\u00e1rios: CPF, RG, Cart\u00e3o Nacional de Sa\u00fade (CNS), comprovante de resid\u00eancia em Campo Grande dos \u00faltimos tr\u00eas meses e laudo m\u00e9dico \u2013 CID de fibromialgia emitido nos \u00faltimos seis meses. Os arquivos devem estar leg\u00edveis e completos e podem ser enviados em PDF, JPG, JPEG, PNG ou HEIC, com at\u00e9 2 MB.<\/p>\n<p>\u201cA mudan\u00e7a para o Portal Cuida Mais facilita a orienta\u00e7\u00e3o ao cidad\u00e3o, porque todo o processo pode ser acompanhado pelo pr\u00f3prio usu\u00e1rio. \u00c9 importante que a pessoa esteja atenta ao preenchimento das informa\u00e7\u00f5es e \u00e0 documenta\u00e7\u00e3o solicitada, para evitar pend\u00eancias na an\u00e1lise\u201d, explica B\u00e1rbara Medeiros, representante da \u00e1rea t\u00e9cnica de doen\u00e7as cr\u00f4nicas da Sesau.<\/p>\n<p>Ap\u00f3s o envio, a an\u00e1lise pode levar at\u00e9 21 dias. O cidad\u00e3o \u00e9 respons\u00e1vel por acompanhar a solicita\u00e7\u00e3o diretamente no Portal Cuida Mais, utilizando CPF e senha. Se estiver \u201cpendente\u201d, significa que o pedido ainda est\u00e1 em avalia\u00e7\u00e3o. Caso seja \u201creprovado\u201d, o sistema apresentar\u00e1 o motivo para que as informa\u00e7\u00f5es sejam corrigidas e a solicita\u00e7\u00e3o reenviada. Quando aprovada, a carteirinha aparecer\u00e1 no pr\u00f3prio portal para download.<\/p>\n<p>A carteirinha \u00e9 um documento importante para garantir direitos previstos na legisla\u00e7\u00e3o municipal. A Lei n\u00ba 6.491\/2020, atualizada pela Lei n\u00ba 6.702\/2021, estabelece que pessoas com fibromialgia sejam inclu\u00eddas nas filas de atendimento preferencial em estabelecimentos p\u00fablicos e privados de Campo Grande. A legisla\u00e7\u00e3o tamb\u00e9m permite o uso de vagas de estacionamento destinadas a idosos, gestantes e pessoas com defici\u00eancia.<\/p>\n<p><strong>Aten\u00e7\u00e3o<\/strong><\/p>\n<p>O acompanhamento da solicita\u00e7\u00e3o deve ser feito pelo pr\u00f3prio cidad\u00e3o diretamente no Portal Cuida Mais. A Sesau n\u00e3o realiza contato individual para informar sobre a aprova\u00e7\u00e3o ou a disponibilidade da carteirinha. Por isso, ap\u00f3s o envio dos documentos, \u00e9 importante acessar periodicamente o portal para verificar o andamento do pedido e consultar a libera\u00e7\u00e3o do documento.<\/p>\n<p>Caso o usu\u00e1rio tenha esquecido a senha, \u00e9 poss\u00edvel utilizar a op\u00e7\u00e3o \u201cEsqueci a minha senha\u201d e informar CPF e nome da m\u00e3e. Para receber a redefini\u00e7\u00e3o, \u00e9 necess\u00e1rio ter um e-mail cadastrado no e-SUS PEC. Quem n\u00e3o possui e-mail registrado deve procurar a Unidade de Sa\u00fade da Fam\u00edlia (USF) mais pr\u00f3xima para atualizar o cadastro.<\/p>\n<p>Se houver dados pessoais incorretos ou desatualizados no Portal Cuida Mais, a atualiza\u00e7\u00e3o tamb\u00e9m deve ser feita na unidade de sa\u00fade, pois as informa\u00e7\u00f5es s\u00e3o provenientes do e-SUS PEC.<\/p>\n<p>Mais informa\u00e7\u00f5es:<\/p>\n<p>Portal Cuida Mais<\/p>\n<p>Ouvidoria da Sesau \u2013 0800 314 9955 | ouvidoria@sesau.campogrande.ms.gov.br. <\/p>\n<p>Atendimento presencial na Rua Bahia, n\u00ba 280, Jardim dos Estados, das 7h \u00e0s 17h, em dias \u00fateis.<\/p>\n<\/div>\n<p><script async defer async defer src=\"https:\/\/connect.facebook.net\/en_US\/sdk.js?ver=1#xfbml=1&amp;version=v3.2\" id=\"prefeitura-campogrande-script-facebook-sdk-js\"><\/script><\/p>\n","protected":false},"excerpt":{"rendered":"<p>Conviver com dores generalizadas, cansa\u00e7o extremo e outros sintomas que afetam a rotina \u00e9 uma realidade para milhares de pessoas<\/p>\n","protected":false},"author":2,"featured_media":0,"comment_status":"","ping_status":"","sticky":false,"template":"","format":"standard","meta":{"colormag_page_container_layout":"default_layout","colormag_page_sidebar_layout":"default_layout","footnotes":""},"categories":[1],"tags":[],"class_list":["post-71558","post","type-post","status-publish","format-standard","hentry","category-ejornais"],"aioseo_notices":[],"aioseo_head":"\n\t\t<!-- All in One SEO 5.0.1.1 - aioseo.com -->\n\t<meta name=\"description\" content=\"Conviver com dores generalizadas, cansa\u00e7o extremo e outros sintomas que afetam a rotina \u00e9 uma realidade para milhares de pessoas com fibromialgia em Campo Grande. Para facilitar o acesso a direitos e dar mais praticidade ao cidad\u00e3o, a Secretaria Municipal de Sa\u00fade mudou o processo de solicita\u00e7\u00e3o da Carteirinha de Identifica\u00e7\u00e3o da Pessoa com Fibromialgia,\" \/>\n\t<meta name=\"robots\" content=\"max-image-preview:large\" \/>\n\t<meta name=\"author\" content=\"admin1\"\/>\n\t<link rel=\"canonical\" href=\"https:\/\/ejornais.com.br\/index.php\/2026\/09\/02\/portal-cuida-mais-facilita-acesso-a-carteirinha-para-pessoas-com-fibromialgia-cgnoticias\/\" \/>\n\t<meta name=\"generator\" content=\"All in One SEO (AIOSEO) 5.0.1.1\" \/>\n\t\t<meta property=\"og:locale\" content=\"pt_BR\" \/>\n\t\t<meta property=\"og:site_name\" content=\"eJornais - Cat\u00e1logo de Jornais no mundo, Not\u00edcias, Blog e Esportes ao vivo\" \/>\n\t\t<meta property=\"og:type\" content=\"article\" \/>\n\t\t<meta property=\"og:title\" content=\"Portal Cuida Mais facilita acesso \u00e0 carteirinha para pessoas com fibromialgia \u2013 CGNot\u00edcias - eJornais\" \/>\n\t\t<meta property=\"og:description\" content=\"Conviver com dores generalizadas, cansa\u00e7o extremo e outros sintomas que afetam a rotina \u00e9 uma realidade para milhares de pessoas com fibromialgia em Campo Grande. Para facilitar o acesso a direitos e dar mais praticidade ao cidad\u00e3o, a Secretaria Municipal de Sa\u00fade mudou o processo de solicita\u00e7\u00e3o da Carteirinha de Identifica\u00e7\u00e3o da Pessoa com Fibromialgia,\" \/>\n\t\t<meta property=\"og:url\" content=\"https:\/\/ejornais.com.br\/index.php\/2026\/09\/02\/portal-cuida-mais-facilita-acesso-a-carteirinha-para-pessoas-com-fibromialgia-cgnoticias\/\" \/>\n\t\t<meta property=\"article:published_time\" content=\"2026-09-02T17:26:35+00:00\" \/>\n\t\t<meta property=\"article:modified_time\" content=\"2026-09-02T17:26:35+00:00\" \/>\n\t\t<meta name=\"twitter:card\" content=\"summary_large_image\" \/>\n\t\t<meta name=\"twitter:title\" content=\"Portal Cuida Mais facilita acesso \u00e0 carteirinha para pessoas com fibromialgia \u2013 CGNot\u00edcias - eJornais\" \/>\n\t\t<meta name=\"twitter:description\" content=\"Conviver com dores generalizadas, cansa\u00e7o extremo e outros sintomas que afetam a rotina \u00e9 uma realidade para milhares de pessoas com fibromialgia em Campo Grande. Para facilitar o acesso a direitos e dar mais praticidade ao cidad\u00e3o, a Secretaria Municipal de Sa\u00fade mudou o processo de solicita\u00e7\u00e3o da Carteirinha de Identifica\u00e7\u00e3o da Pessoa com Fibromialgia,\" \/>\n\t\t<script type=\"application\/ld+json\" class=\"aioseo-schema\">\n\t\t\t{\"@context\":\"https:\\\/\\\/schema.org\",\"@graph\":[{\"@type\":\"BlogPosting\",\"@id\":\"https:\\\/\\\/ejornais.com.br\\\/index.php\\\/2026\\\/09\\\/02\\\/portal-cuida-mais-facilita-acesso-a-carteirinha-para-pessoas-com-fibromialgia-cgnoticias\\\/#blogposting\",\"name\":\"Portal Cuida Mais facilita acesso \\u00e0 carteirinha para pessoas com fibromialgia \\u2013 CGNot\\u00edcias - eJornais\",\"headline\":\"Portal Cuida Mais facilita acesso \\u00e0 carteirinha para pessoas com fibromialgia \\u2013 CGNot\\u00edcias\",\"author\":{\"@id\":\"https:\\\/\\\/ejornais.com.br\\\/index.php\\\/author\\\/admin1\\\/#author\"},\"publisher\":{\"@id\":\"https:\\\/\\\/ejornais.com.br\\\/#organization\"},\"datePublished\":\"2026-09-02T14:26:35-03:00\",\"dateModified\":\"2026-09-02T14:26:35-03:00\",\"inLanguage\":\"pt-BR\",\"mainEntityOfPage\":{\"@id\":\"https:\\\/\\\/ejornais.com.br\\\/index.php\\\/2026\\\/09\\\/02\\\/portal-cuida-mais-facilita-acesso-a-carteirinha-para-pessoas-com-fibromialgia-cgnoticias\\\/#webpage\"},\"isPartOf\":{\"@id\":\"https:\\\/\\\/ejornais.com.br\\\/index.php\\\/2026\\\/09\\\/02\\\/portal-cuida-mais-facilita-acesso-a-carteirinha-para-pessoas-com-fibromialgia-cgnoticias\\\/#webpage\"},\"articleSection\":\"Cat\\u00e1logo de Jornais\"},{\"@type\":\"BreadcrumbList\",\"@id\":\"https:\\\/\\\/ejornais.com.br\\\/index.php\\\/2026\\\/09\\\/02\\\/portal-cuida-mais-facilita-acesso-a-carteirinha-para-pessoas-com-fibromialgia-cgnoticias\\\/#breadcrumblist\",\"itemListElement\":[{\"@type\":\"ListItem\",\"@id\":\"https:\\\/\\\/ejornais.com.br#listItem\",\"position\":1,\"name\":\"In\\u00edcio\",\"item\":\"https:\\\/\\\/ejornais.com.br\",\"nextItem\":{\"@type\":\"ListItem\",\"@id\":\"https:\\\/\\\/ejornais.com.br\\\/index.php\\\/category\\\/ejornais\\\/#listItem\",\"name\":\"Cat\\u00e1logo de Jornais\"}},{\"@type\":\"ListItem\",\"@id\":\"https:\\\/\\\/ejornais.com.br\\\/index.php\\\/category\\\/ejornais\\\/#listItem\",\"position\":2,\"name\":\"Cat\\u00e1logo de Jornais\",\"item\":\"https:\\\/\\\/ejornais.com.br\\\/index.php\\\/category\\\/ejornais\\\/\",\"nextItem\":{\"@type\":\"ListItem\",\"@id\":\"https:\\\/\\\/ejornais.com.br\\\/index.php\\\/2026\\\/09\\\/02\\\/portal-cuida-mais-facilita-acesso-a-carteirinha-para-pessoas-com-fibromialgia-cgnoticias\\\/#listItem\",\"name\":\"Portal Cuida Mais facilita acesso \\u00e0 carteirinha para pessoas com fibromialgia \\u2013 CGNot\\u00edcias\"},\"previousItem\":{\"@type\":\"ListItem\",\"@id\":\"https:\\\/\\\/ejornais.com.br#listItem\",\"name\":\"In\\u00edcio\"}},{\"@type\":\"ListItem\",\"@id\":\"https:\\\/\\\/ejornais.com.br\\\/index.php\\\/2026\\\/09\\\/02\\\/portal-cuida-mais-facilita-acesso-a-carteirinha-para-pessoas-com-fibromialgia-cgnoticias\\\/#listItem\",\"position\":3,\"name\":\"Portal Cuida Mais facilita acesso \\u00e0 carteirinha para pessoas com fibromialgia \\u2013 CGNot\\u00edcias\",\"previousItem\":{\"@type\":\"ListItem\",\"@id\":\"https:\\\/\\\/ejornais.com.br\\\/index.php\\\/category\\\/ejornais\\\/#listItem\",\"name\":\"Cat\\u00e1logo de Jornais\"}}]},{\"@type\":\"Organization\",\"@id\":\"https:\\\/\\\/ejornais.com.br\\\/#organization\",\"name\":\"eJornais\",\"description\":\"Cat\\u00e1logo de Jornais no mundo, Not\\u00edcias, Blog e Esportes ao vivo\",\"url\":\"https:\\\/\\\/ejornais.com.br\\\/\"},{\"@type\":\"Person\",\"@id\":\"https:\\\/\\\/ejornais.com.br\\\/index.php\\\/author\\\/admin1\\\/#author\",\"url\":\"https:\\\/\\\/ejornais.com.br\\\/index.php\\\/author\\\/admin1\\\/\",\"name\":\"admin1\",\"image\":{\"@type\":\"ImageObject\",\"@id\":\"https:\\\/\\\/ejornais.com.br\\\/index.php\\\/2026\\\/09\\\/02\\\/portal-cuida-mais-facilita-acesso-a-carteirinha-para-pessoas-com-fibromialgia-cgnoticias\\\/#authorImage\",\"url\":\"https:\\\/\\\/secure.gravatar.com\\\/avatar\\\/04084e6d73c042b8646e7c17b494073bf0ede3ea13c7105cfc45cbbbc28385a4?s=96&d=mm&r=g\",\"width\":96,\"height\":96,\"caption\":\"admin1\"}},{\"@type\":\"WebPage\",\"@id\":\"https:\\\/\\\/ejornais.com.br\\\/index.php\\\/2026\\\/09\\\/02\\\/portal-cuida-mais-facilita-acesso-a-carteirinha-para-pessoas-com-fibromialgia-cgnoticias\\\/#webpage\",\"url\":\"https:\\\/\\\/ejornais.com.br\\\/index.php\\\/2026\\\/09\\\/02\\\/portal-cuida-mais-facilita-acesso-a-carteirinha-para-pessoas-com-fibromialgia-cgnoticias\\\/\",\"name\":\"Portal Cuida Mais facilita acesso \\u00e0 carteirinha para pessoas com fibromialgia \\u2013 CGNot\\u00edcias - eJornais\",\"description\":\"Conviver com dores generalizadas, cansa\\u00e7o extremo e outros sintomas que afetam a rotina \\u00e9 uma realidade para milhares de pessoas com fibromialgia em Campo Grande. Para facilitar o acesso a direitos e dar mais praticidade ao cidad\\u00e3o, a Secretaria Municipal de Sa\\u00fade mudou o processo de solicita\\u00e7\\u00e3o da Carteirinha de Identifica\\u00e7\\u00e3o da Pessoa com Fibromialgia,\",\"inLanguage\":\"pt-BR\",\"isPartOf\":{\"@id\":\"https:\\\/\\\/ejornais.com.br\\\/#website\"},\"breadcrumb\":{\"@id\":\"https:\\\/\\\/ejornais.com.br\\\/index.php\\\/2026\\\/09\\\/02\\\/portal-cuida-mais-facilita-acesso-a-carteirinha-para-pessoas-com-fibromialgia-cgnoticias\\\/#breadcrumblist\"},\"author\":{\"@id\":\"https:\\\/\\\/ejornais.com.br\\\/index.php\\\/author\\\/admin1\\\/#author\"},\"creator\":{\"@id\":\"https:\\\/\\\/ejornais.com.br\\\/index.php\\\/author\\\/admin1\\\/#author\"},\"datePublished\":\"2026-09-02T14:26:35-03:00\",\"dateModified\":\"2026-09-02T14:26:35-03:00\"},{\"@type\":\"WebSite\",\"@id\":\"https:\\\/\\\/ejornais.com.br\\\/#website\",\"url\":\"https:\\\/\\\/ejornais.com.br\\\/\",\"name\":\"eJornais\",\"description\":\"Cat\\u00e1logo de Jornais no mundo, Not\\u00edcias, Blog e Esportes ao vivo\",\"inLanguage\":\"pt-BR\",\"publisher\":{\"@id\":\"https:\\\/\\\/ejornais.com.br\\\/#organization\"}}]}\n\t\t<\/script>\n\t\t<!-- All in One SEO -->\n\n","aioseo_head_json":{"title":"Portal Cuida Mais facilita acesso \u00e0 carteirinha para pessoas com fibromialgia \u2013 CGNot\u00edcias - eJornais","description":"Conviver com dores generalizadas, cansa\u00e7o extremo e outros sintomas que afetam a rotina \u00e9 uma realidade para milhares de pessoas com fibromialgia em Campo Grande. Para facilitar o acesso a direitos e dar mais praticidade ao cidad\u00e3o, a Secretaria Municipal de Sa\u00fade mudou o processo de solicita\u00e7\u00e3o da Carteirinha de Identifica\u00e7\u00e3o da Pessoa com Fibromialgia,","canonical_url":"https:\/\/ejornais.com.br\/index.php\/2026\/09\/02\/portal-cuida-mais-facilita-acesso-a-carteirinha-para-pessoas-com-fibromialgia-cgnoticias\/","robots":"max-image-preview:large","keywords":"","webmasterTools":{"miscellaneous":""},"schema":{"@context":"https:\/\/schema.org","@graph":[{"@type":"BlogPosting","@id":"https:\/\/ejornais.com.br\/index.php\/2026\/09\/02\/portal-cuida-mais-facilita-acesso-a-carteirinha-para-pessoas-com-fibromialgia-cgnoticias\/#blogposting","name":"Portal Cuida Mais facilita acesso \u00e0 carteirinha para pessoas com fibromialgia \u2013 CGNot\u00edcias - eJornais","headline":"Portal Cuida Mais facilita acesso \u00e0 carteirinha para pessoas com fibromialgia \u2013 CGNot\u00edcias","author":{"@id":"https:\/\/ejornais.com.br\/index.php\/author\/admin1\/#author"},"publisher":{"@id":"https:\/\/ejornais.com.br\/#organization"},"datePublished":"2026-09-02T14:26:35-03:00","dateModified":"2026-09-02T14:26:35-03:00","inLanguage":"pt-BR","mainEntityOfPage":{"@id":"https:\/\/ejornais.com.br\/index.php\/2026\/09\/02\/portal-cuida-mais-facilita-acesso-a-carteirinha-para-pessoas-com-fibromialgia-cgnoticias\/#webpage"},"isPartOf":{"@id":"https:\/\/ejornais.com.br\/index.php\/2026\/09\/02\/portal-cuida-mais-facilita-acesso-a-carteirinha-para-pessoas-com-fibromialgia-cgnoticias\/#webpage"},"articleSection":"Cat\u00e1logo de Jornais"},{"@type":"BreadcrumbList","@id":"https:\/\/ejornais.com.br\/index.php\/2026\/09\/02\/portal-cuida-mais-facilita-acesso-a-carteirinha-para-pessoas-com-fibromialgia-cgnoticias\/#breadcrumblist","itemListElement":[{"@type":"ListItem","@id":"https:\/\/ejornais.com.br#listItem","position":1,"name":"In\u00edcio","item":"https:\/\/ejornais.com.br","nextItem":{"@type":"ListItem","@id":"https:\/\/ejornais.com.br\/index.php\/category\/ejornais\/#listItem","name":"Cat\u00e1logo de Jornais"}},{"@type":"ListItem","@id":"https:\/\/ejornais.com.br\/index.php\/category\/ejornais\/#listItem","position":2,"name":"Cat\u00e1logo de Jornais","item":"https:\/\/ejornais.com.br\/index.php\/category\/ejornais\/","nextItem":{"@type":"ListItem","@id":"https:\/\/ejornais.com.br\/index.php\/2026\/09\/02\/portal-cuida-mais-facilita-acesso-a-carteirinha-para-pessoas-com-fibromialgia-cgnoticias\/#listItem","name":"Portal Cuida Mais facilita acesso \u00e0 carteirinha para pessoas com fibromialgia \u2013 CGNot\u00edcias"},"previousItem":{"@type":"ListItem","@id":"https:\/\/ejornais.com.br#listItem","name":"In\u00edcio"}},{"@type":"ListItem","@id":"https:\/\/ejornais.com.br\/index.php\/2026\/09\/02\/portal-cuida-mais-facilita-acesso-a-carteirinha-para-pessoas-com-fibromialgia-cgnoticias\/#listItem","position":3,"name":"Portal Cuida Mais facilita acesso \u00e0 carteirinha para pessoas com fibromialgia \u2013 CGNot\u00edcias","previousItem":{"@type":"ListItem","@id":"https:\/\/ejornais.com.br\/index.php\/category\/ejornais\/#listItem","name":"Cat\u00e1logo de Jornais"}}]},{"@type":"Organization","@id":"https:\/\/ejornais.com.br\/#organization","name":"eJornais","description":"Cat\u00e1logo de Jornais no mundo, Not\u00edcias, Blog e Esportes ao vivo","url":"https:\/\/ejornais.com.br\/"},{"@type":"Person","@id":"https:\/\/ejornais.com.br\/index.php\/author\/admin1\/#author","url":"https:\/\/ejornais.com.br\/index.php\/author\/admin1\/","name":"admin1","image":{"@type":"ImageObject","@id":"https:\/\/ejornais.com.br\/index.php\/2026\/09\/02\/portal-cuida-mais-facilita-acesso-a-carteirinha-para-pessoas-com-fibromialgia-cgnoticias\/#authorImage","url":"https:\/\/secure.gravatar.com\/avatar\/04084e6d73c042b8646e7c17b494073bf0ede3ea13c7105cfc45cbbbc28385a4?s=96&d=mm&r=g","width":96,"height":96,"caption":"admin1"}},{"@type":"WebPage","@id":"https:\/\/ejornais.com.br\/index.php\/2026\/09\/02\/portal-cuida-mais-facilita-acesso-a-carteirinha-para-pessoas-com-fibromialgia-cgnoticias\/#webpage","url":"https:\/\/ejornais.com.br\/index.php\/2026\/09\/02\/portal-cuida-mais-facilita-acesso-a-carteirinha-para-pessoas-com-fibromialgia-cgnoticias\/","name":"Portal Cuida Mais facilita acesso \u00e0 carteirinha para pessoas com fibromialgia \u2013 CGNot\u00edcias - eJornais","description":"Conviver com dores generalizadas, cansa\u00e7o extremo e outros sintomas que afetam a rotina \u00e9 uma realidade para milhares de pessoas com fibromialgia em Campo Grande. Para facilitar o acesso a direitos e dar mais praticidade ao cidad\u00e3o, a Secretaria Municipal de Sa\u00fade mudou o processo de solicita\u00e7\u00e3o da Carteirinha de Identifica\u00e7\u00e3o da Pessoa com Fibromialgia,","inLanguage":"pt-BR","isPartOf":{"@id":"https:\/\/ejornais.com.br\/#website"},"breadcrumb":{"@id":"https:\/\/ejornais.com.br\/index.php\/2026\/09\/02\/portal-cuida-mais-facilita-acesso-a-carteirinha-para-pessoas-com-fibromialgia-cgnoticias\/#breadcrumblist"},"author":{"@id":"https:\/\/ejornais.com.br\/index.php\/author\/admin1\/#author"},"creator":{"@id":"https:\/\/ejornais.com.br\/index.php\/author\/admin1\/#author"},"datePublished":"2026-09-02T14:26:35-03:00","dateModified":"2026-09-02T14:26:35-03:00"},{"@type":"WebSite","@id":"https:\/\/ejornais.com.br\/#website","url":"https:\/\/ejornais.com.br\/","name":"eJornais","description":"Cat\u00e1logo de Jornais no mundo, Not\u00edcias, Blog e Esportes ao vivo","inLanguage":"pt-BR","publisher":{"@id":"https:\/\/ejornais.com.br\/#organization"}}]},"og:locale":"pt_BR","og:site_name":"eJornais - Cat\u00e1logo de Jornais no mundo, Not\u00edcias, Blog e Esportes ao vivo","og:type":"article","og:title":"Portal Cuida Mais facilita acesso \u00e0 carteirinha para pessoas com fibromialgia \u2013 CGNot\u00edcias - eJornais","og:description":"Conviver com dores generalizadas, cansa\u00e7o extremo e outros sintomas que afetam a rotina \u00e9 uma realidade para milhares de pessoas com fibromialgia em Campo Grande. Para facilitar o acesso a direitos e dar mais praticidade ao cidad\u00e3o, a Secretaria Municipal de Sa\u00fade mudou o processo de solicita\u00e7\u00e3o da Carteirinha de Identifica\u00e7\u00e3o da Pessoa com Fibromialgia,","og:url":"https:\/\/ejornais.com.br\/index.php\/2026\/09\/02\/portal-cuida-mais-facilita-acesso-a-carteirinha-para-pessoas-com-fibromialgia-cgnoticias\/","article:published_time":"2026-09-02T17:26:35+00:00","article:modified_time":"2026-09-02T17:26:35+00:00","twitter:card":"summary_large_image","twitter:title":"Portal Cuida Mais facilita acesso \u00e0 carteirinha para pessoas com fibromialgia \u2013 CGNot\u00edcias - eJornais","twitter:description":"Conviver com dores generalizadas, cansa\u00e7o extremo e outros sintomas que afetam a rotina \u00e9 uma realidade para milhares de pessoas com fibromialgia em Campo Grande. Para facilitar o acesso a direitos e dar mais praticidade ao cidad\u00e3o, a Secretaria Municipal de Sa\u00fade mudou o processo de solicita\u00e7\u00e3o da Carteirinha de Identifica\u00e7\u00e3o da Pessoa com Fibromialgia,"},"aioseo_meta_data":[],"aioseo_breadcrumb":"<div class=\"aioseo-breadcrumbs\"><span class=\"aioseo-breadcrumb\">\n\t\t\t<a href=\"https:\/\/ejornais.com.br\" title=\"In\u00edcio\">In\u00edcio<\/a>\n\t\t<\/span><span class=\"aioseo-breadcrumb-separator\">&raquo;<\/span><span class=\"aioseo-breadcrumb\">\n\t\t\t<a href=\"https:\/\/ejornais.com.br\/index.php\/category\/ejornais\/\" title=\"Cat\u00e1logo de Jornais\">Cat\u00e1logo de Jornais<\/a>\n\t\t<\/span><span class=\"aioseo-breadcrumb-separator\">&raquo;<\/span><span class=\"aioseo-breadcrumb\">\n\t\t\tPortal Cuida Mais facilita acesso \u00e0 carteirinha para pessoas com fibromialgia \u2013 CGNot\u00edcias\n\t\t<\/span><\/div>","aioseo_breadcrumb_json":[{"label":"In\u00edcio","link":"https:\/\/ejornais.com.br"},{"label":"Cat\u00e1logo de Jornais","link":"https:\/\/ejornais.com.br\/index.php\/category\/ejornais\/"},{"label":"Portal Cuida Mais facilita acesso \u00e0 carteirinha para pessoas com fibromialgia \u2013 CGNot\u00edcias","link":"https:\/\/ejornais.com.br\/index.php\/2026\/09\/02\/portal-cuida-mais-facilita-acesso-a-carteirinha-para-pessoas-com-fibromialgia-cgnoticias\/"}],"amp_enabled":true,"_links":{"self":[{"href":"https:\/\/ejornais.com.br\/index.php\/wp-json\/wp\/v2\/posts\/71558","targetHints":{"allow":["GET"]}}],"collection":[{"href":"https:\/\/ejornais.com.br\/index.php\/wp-json\/wp\/v2\/posts"}],"about":[{"href":"https:\/\/ejornais.com.br\/index.php\/wp-json\/wp\/v2\/types\/post"}],"author":[{"embeddable":true,"href":"https:\/\/ejornais.com.br\/index.php\/wp-json\/wp\/v2\/users\/2"}],"replies":[{"embeddable":true,"href":"https:\/\/ejornais.com.br\/index.php\/wp-json\/wp\/v2\/comments?post=71558"}],"version-history":[{"count":0,"href":"https:\/\/ejornais.com.br\/index.php\/wp-json\/wp\/v2\/posts\/71558\/revisions"}],"wp:attachment":[{"href":"https:\/\/ejornais.com.br\/index.php\/wp-json\/wp\/v2\/media?parent=71558"}],"wp:term":[{"taxonomy":"category","embeddable":true,"href":"https:\/\/ejornais.com.br\/index.php\/wp-json\/wp\/v2\/categories?post=71558"},{"taxonomy":"post_tag","embeddable":true,"href":"https:\/\/ejornais.com.br\/index.php\/wp-json\/wp\/v2\/tags?post=71558"}],"curies":[{"name":"wp","href":"https:\/\/api.w.org\/{rel}","templated":true}]}}