{"id":71564,"date":"2026-09-02T16:29:13","date_gmt":"2026-09-02T19:29:13","guid":{"rendered":"https:\/\/ejornais.com.br\/index.php\/2026\/09\/02\/competitividade-do-mercado-de-carbono-moderniza-conservacao-florestal\/"},"modified":"2026-09-02T16:29:13","modified_gmt":"2026-09-02T19:29:13","slug":"competitividade-do-mercado-de-carbono-moderniza-conservacao-florestal","status":"publish","type":"post","link":"https:\/\/ejornais.com.br\/index.php\/2026\/09\/02\/competitividade-do-mercado-de-carbono-moderniza-conservacao-florestal\/","title":{"rendered":"Competitividade do mercado de carbono moderniza conserva\u00e7\u00e3o florestal"},"content":{"rendered":"<p> Por MRNews<br \/>\n<\/p>\n<div>\n<p>No munic\u00edpio de Caracara\u00ed, em Roraima, um modelo de conserva\u00e7\u00e3o\u00a0aliou inova\u00e7\u00e3o tecnol\u00f3gica e a\u00e7\u00f5es socioambientais para garantir longevidade e competitividade no mercado de carbono em uma \u00e1rea de 14 mil hectares.<\/p>\n<p>A iniciativa, promovida pela empresa paulista de solu\u00e7\u00f5es para descarboniza\u00e7\u00e3o ZEG (Zero Emission Goal), \u00e9 uma alternativa produtiva para \u00e1reas florestais que ainda mant\u00e9m vegeta\u00e7\u00e3o nativa e que est\u00e3o sob press\u00e3o do desmatamento legal, a principal fonte de emiss\u00e3o de gases do efeito estufa no Brasil.<\/p>\n<p>O ac\u00famulo desses gases na atmosfera \u00e9 apontado como a causa para o aquecimento global, as mudan\u00e7as clim\u00e1ticas e o aumento da recorr\u00eancia de eventos clim\u00e1ticos extremos.<\/p>\n<p><strong><a href=\"https:\/\/mrnews.com.br\/index.php\/2026\/09\/02\/tse-e-dpu-ampliam-assistencia-gratuita-remota-nas-eleicoes\/\">TSE e DPU ampliam assist\u00eancia gratuita remota nas elei\u00e7\u00f5es<\/a><\/strong><\/p>\n<p><strong><a href=\"https:\/\/mrnews.com.br\/index.php\/2026\/09\/02\/casos-confirmados-de-sarampo-chegam-a-28-em-sao-paulo\/\">Casos confirmados de sarampo chegam a 28 em S\u00e3o Paulo<\/a><\/strong><\/p>\n<p>Segundo o diretor-presidente da ZEG, Carlos Jacob, a \u00e1rea pertence a um produtor rural de soja de Goi\u00e1s\u00a0que havia solicitado ao Estado a autoriza\u00e7\u00e3o para desmate legal.<\/p>\n<p>\u201cO propriet\u00e1rio comprou essa \u00e1rea logo depois que Roraima passou por uma redu\u00e7\u00e3o da reserva legal\u201d, diz.<\/p>\n<p>\u00a0<\/p>\n<div class=\"dnd-widget-wrapper context-cheio_8colunas type-image\">\n<h6 class=\"meta\">Carlos Jacob, diretor presidente da ZEG \u2013 Floresta Amaz\u00f4nica conservada em Caracara\u00ed Foto:\u00a0<strong>Fab\u00edola Sinimb\u00fa \/Ag\u00eancia Brasil<\/strong><\/h6>\n<\/div>\n<p>O C\u00f3digo Florestal (Lei 12.651\/2012) prev\u00ea que estados como Roraima, onde mais de 65% do territ\u00f3rio \u00e9 formado por unidades de conserva\u00e7\u00e3o, podem reduzir a reserva legal do bioma para 50% nas propriedades privadas, desde que haja um zoneamento ecol\u00f3gico econ\u00f4mico.<\/p>\n<p>Na \u00e1rea onde o modelo de conserva\u00e7\u00e3o foi implementado o bioma \u00e9 amaz\u00f4nico e, portanto, a reserva legal seria de 80% dos 14 mil hectares. Mas, como o estado de Roraima concluiu o zoneamento ecol\u00f3gico-econ\u00f4mico em 2022, o propriet\u00e1rio passou a ter direito de desmatar metade da \u00e1rea para plantar soja.<\/p>\n<blockquote>\n<p>\u201cA gente ficou sabendo que ele estava com esse pedido de supress\u00e3o da \u00e1rea. Ent\u00e3o, a gente contatou o produtor e no come\u00e7o ele ficou bastante com d\u00favidas se esse era o caminho a seguir, mas ele acreditou no nosso projeto e decidiu embarcar\u201d, conta Jacob.<\/p>\n<\/blockquote>\n<h2>Modelo<\/h2>\n<p>A proposta apresentada pela empresa ao produtor rural previa um modelo inovador com investimentos em tecnologia de monitoramento e preven\u00e7\u00e3o de inc\u00eandio, programa socioambiental voltado \u00e0s comunidades coletoras de castanha-do-Par\u00e1 do entorno e todo o processo de certifica\u00e7\u00e3o dos estoques de carbono existentes.<\/p>\n<p>Com a aprova\u00e7\u00e3o do propriet\u00e1rio, foi realizado um trabalho de seguran\u00e7a jur\u00eddica com a remontagem da cadeia dominial da propriedade, para evitar problemas sobre direito de posse. O propriet\u00e1rio tamb\u00e9m fez a cess\u00e3o do direito real da superf\u00edcie da \u00e1rea por 40 anos, o tempo de dura\u00e7\u00e3o do contrato para comercializa\u00e7\u00e3o dos estoques de carbono.<\/p>\n<p>Segundo Carlos Jacob, essa iniciativa \u00e9 decisiva para dar credibilidade aos investidores ap\u00f3s o colapso do mercado de conserva\u00e7\u00e3o, entre 2021 e 2023, causado por n\u00fameros de mitiga\u00e7\u00e3o superestimados e comercializa\u00e7\u00e3o de estoques em \u00e1reas sobrepostas a terras p\u00fablicas.<\/p>\n<p>\u201cFoi quando a gente entendeu que tinha que entrar no mercado de conserva\u00e7\u00e3o para fazer diferente\u201d, diz Jacob.<\/p>\n<h2>Preven\u00e7\u00e3o de inc\u00eandio<\/h2>\n<p>A \u00e1rea de conserva\u00e7\u00e3o tamb\u00e9m recebeu uma torre de 60 metros, com um sistema de monitoramento capaz de identificar focos de inc\u00eandio e alertar a equipe em campo. O sistema conta com uma\u00a0c\u00e2mera associada a um programa de intelig\u00eancia artificial.\u00a0<\/p>\n<p>\u201cA gente consegue saber em tempo recorde, dentro dos tr\u00eas minutos que a c\u00e2mera leva para dar um giro de 360 graus. Chega para a gente um relat\u00f3rio, que mostra exatamente onde est\u00e1 acontecendo o foco de inc\u00eandio, e a gente coloca a equipe de campo para ir at\u00e9 o local\u201d, explica Cineone Silva, coordenador de opera\u00e7\u00f5es de campo da ZEG.<\/p>\n<p>Toda a equipe local, composta por 20 pessoas, passou por treinamento da brigada de inc\u00eandio interna. E como a capacidade de alcance da c\u00e2mera vai al\u00e9m da \u00e1rea de conserva\u00e7\u00e3o, duas \u00e1reas de assentamento vizinhas ao local tamb\u00e9m passaram por atualiza\u00e7\u00e3o de treinamento em suas brigadas comunit\u00e1rias.<\/p>\n<p>\u201cO principal risco, que a gente tem mais dificuldade de mitigar, \u00e9 o inc\u00eandio. Ent\u00e3o, a gente investiu bastante na infraestrutura de combate a inc\u00eandio\u201d, refor\u00e7a Carlos Jacob.<\/p>\n<h2>\u00a0<\/h2>\n<div class=\"dnd-widget-wrapper context-cheio_8colunas type-image\">\n<h6 class=\"meta\">Cineone Silva, coordenador de opera\u00e7\u00e3o da ZEG \u2013 Floresta Amaz\u00f4nica conservada em Caracara\u00ed Foto:\u00a0<strong>Fab\u00edola Sinimb\u00fa \/Ag\u00eancia Brasil<\/strong><\/h6>\n<\/div>\n<h2>Floresta em p\u00e9<\/h2>\n<p>Cerca de 36 fam\u00edlias\u00a0que vivem nos assentamentos vizinhos e que t\u00eam como fonte de renda a coleta da castanha-do-Par\u00e1\u00a0puderam manter o extrativismo de subsist\u00eancia.<\/p>\n<p>Um\u00a0desses moradores \u00e9 Jo\u00e3o In\u00e1cio Neto, que aprendeu a coletar a castanha desde crian\u00e7a, com o pai, que tamb\u00e9m era extrativista.<\/p>\n<blockquote>\n<p>\u201cEu nasci e me criei nesse estado e, nos \u00faltimos 15 anos, eu vi a transforma\u00e7\u00e3o com a entrada do agroneg\u00f3cio aqui na regi\u00e3o, com o plantio de soja e mais veneno que a gente n\u00e3o tinha. Quando venderam esse lugar, a gente imaginou tamb\u00e9m que n\u00e3o ia mais poder coletar\u201d, conta.<\/p>\n<\/blockquote>\n<p>\u00a0<\/p>\n<div class=\"dnd-widget-wrapper context-cheio_8colunas type-image\">\n<h6 class=\"meta\">Jo\u00e3o In\u00e1cio Neto, extrativista de castanha Foto:\u00a0<strong>Fab\u00edola Sinimb\u00fa \/Ag\u00eancia Brasil<\/strong><\/h6>\n<\/div>\n<p>A conserva\u00e7\u00e3o da \u00e1rea e a parceria com a comunidade local resultaram tamb\u00e9m no fortalecimento da atividade por meio de capacita\u00e7\u00e3o e apoio para a constitui\u00e7\u00e3o da Associa\u00e7\u00e3o Agroextrativista do Munic\u00edpio de Caracara\u00ed (Agrocar).<\/p>\n<p>Em vez de trabalharem de forma isolada, as fam\u00edlias produziram juntas na \u00faltima safra,\u00a0para obterem pre\u00e7os mais vantajosos com a\u00a0pesagem e a venda coletiva.<\/p>\n<p>\u201cEste ano, eu achei que melhorou bastante, na compara\u00e7\u00e3o com os outros anos. Eu achei mais organizado\u00a0porque, antes, a gente vendia direto para o atravessador. Trabalhando junto, a gente j\u00e1 pode pensar em fazer uma venda melhor\u201d, diz a extrativista e secret\u00e1ria da Agrocar, Eliane de Sena.<\/p>\n<p>\u00a0<\/p>\n<div class=\"dnd-widget-wrapper context-cheio_8colunas type-image\">\n<h6 class=\"meta\">Eliane de Sena, extrativista e secret\u00e1ria da Agrocar, extrativista de castanha Foto: <strong>Fab\u00edola Sinimb\u00fa \/Ag\u00eancia Brasil<\/strong><\/h6>\n<\/div>\n<p>Segundo Carlos Jacob, alcan\u00e7ando pre\u00e7os melhores, os extrativistas podem tamb\u00e9m melhorar a log\u00edstica e o transporte da castanha-do-Par\u00e1, o que\u00a0tamb\u00e9m permite o aproveitamento\u00a0do ouri\u00e7o.<\/p>\n<p>\u201cQuando a gente tira o caminho tradicional de desenvolvimento, a gente precisa dar uma alternativa que, nesse caso, \u00e9 a economia da floresta em p\u00e9, que passa por valorizar os bioativos e todos os produtos da floresta\u201d, diz o executivo.<\/p>\n<h2>Competitividade<\/h2>\n<p>Em todo o empreendimento,\u00a0foram investidos um total de R$ 20 milh\u00f5es, incluindo o processo de certifica\u00e7\u00e3o dos estoques de carbono.<\/p>\n<p>\u201cA gente usa a certifica\u00e7\u00e3o da Verra, passa pela auditoria da Earthwood, que \u00e9 uma empresa indiana, e, al\u00e9m dessas duas salvaguardas, a gente ainda tomou cuidado de pegar uma ag\u00eancia que vai certificar a qualidade\u201d, afirma Jacob.<\/p>\n<p>\u00a0<\/p>\n<div class=\"dnd-widget-wrapper context-cheio_8colunas type-image\">\n<h6 class=\"meta\">Castanha-do-par\u00e1 coletada na \u00e1rea de conserva\u00e7\u00e3o em Caracara\u00ed (RR) Foto:\u00a0<strong>Fab\u00edola Sinimb\u00fa \/Ag\u00eancia Brasil<\/strong><\/h6>\n<\/div>\n<p>O estoque de carbono ainda n\u00e3o foi comercializado, mas a iniciativa j\u00e1 garantiu uma classifica\u00e7\u00e3o AA pela ag\u00eancia BeZero.<\/p>\n<p>\u201c\u00c9 a primeira nota duplo A de um projeto de carbono na Amaz\u00f4nia, e a primeira do mundo tamb\u00e9m para um projeto de desmatamento evitado\u201d, conclui Jacob.<\/p>\n<p><em>*A rep\u00f3rter viajou a convite da empresa ZEG<\/em>.<\/p>\n<\/div>\n","protected":false},"excerpt":{"rendered":"<p>Por MRNews No munic\u00edpio de Caracara\u00ed, em Roraima, um modelo de conserva\u00e7\u00e3o\u00a0aliou inova\u00e7\u00e3o tecnol\u00f3gica e a\u00e7\u00f5es socioambientais para garantir longevidade<\/p>\n","protected":false},"author":2,"featured_media":0,"comment_status":"","ping_status":"","sticky":false,"template":"","format":"standard","meta":{"colormag_page_container_layout":"default_layout","colormag_page_sidebar_layout":"default_layout","footnotes":""},"categories":[1],"tags":[],"class_list":["post-71564","post","type-post","status-publish","format-standard","hentry","category-ejornais"],"aioseo_notices":[],"aioseo_head":"\n\t\t<!-- All in One SEO 5.0.1.1 - aioseo.com -->\n\t<meta name=\"description\" content=\"Por MRNews No munic\u00edpio de Caracara\u00ed, em Roraima, um modelo de conserva\u00e7\u00e3o aliou inova\u00e7\u00e3o tecnol\u00f3gica e a\u00e7\u00f5es socioambientais para garantir longevidade e competitividade no mercado de carbono em uma \u00e1rea de 14 mil hectares.A iniciativa, promovida pela empresa paulista de solu\u00e7\u00f5es para descarboniza\u00e7\u00e3o ZEG (Zero Emission Goal), \u00e9 uma alternativa produtiva para \u00e1reas florestais que ainda\" \/>\n\t<meta name=\"robots\" content=\"max-image-preview:large\" \/>\n\t<meta name=\"author\" content=\"admin1\"\/>\n\t<link rel=\"canonical\" href=\"https:\/\/ejornais.com.br\/index.php\/2026\/09\/02\/competitividade-do-mercado-de-carbono-moderniza-conservacao-florestal\/\" \/>\n\t<meta name=\"generator\" content=\"All in One SEO (AIOSEO) 5.0.1.1\" \/>\n\t\t<meta property=\"og:locale\" content=\"pt_BR\" \/>\n\t\t<meta property=\"og:site_name\" content=\"eJornais - Cat\u00e1logo de Jornais no mundo, Not\u00edcias, Blog e Esportes ao vivo\" \/>\n\t\t<meta property=\"og:type\" content=\"article\" \/>\n\t\t<meta property=\"og:title\" content=\"Competitividade do mercado de carbono moderniza conserva\u00e7\u00e3o florestal - eJornais\" \/>\n\t\t<meta property=\"og:description\" content=\"Por MRNews No munic\u00edpio de Caracara\u00ed, em Roraima, um modelo de conserva\u00e7\u00e3o aliou inova\u00e7\u00e3o tecnol\u00f3gica e a\u00e7\u00f5es socioambientais para garantir longevidade e competitividade no mercado de carbono em uma \u00e1rea de 14 mil hectares.A iniciativa, promovida pela empresa paulista de solu\u00e7\u00f5es para descarboniza\u00e7\u00e3o ZEG (Zero Emission Goal), \u00e9 uma alternativa produtiva para \u00e1reas florestais que ainda\" \/>\n\t\t<meta property=\"og:url\" content=\"https:\/\/ejornais.com.br\/index.php\/2026\/09\/02\/competitividade-do-mercado-de-carbono-moderniza-conservacao-florestal\/\" \/>\n\t\t<meta property=\"article:published_time\" content=\"2026-09-02T19:29:13+00:00\" \/>\n\t\t<meta property=\"article:modified_time\" content=\"2026-09-02T19:29:13+00:00\" \/>\n\t\t<meta name=\"twitter:card\" content=\"summary_large_image\" \/>\n\t\t<meta name=\"twitter:title\" content=\"Competitividade do mercado de carbono moderniza conserva\u00e7\u00e3o florestal - eJornais\" \/>\n\t\t<meta name=\"twitter:description\" content=\"Por MRNews No munic\u00edpio de Caracara\u00ed, em Roraima, um modelo de conserva\u00e7\u00e3o aliou inova\u00e7\u00e3o tecnol\u00f3gica e a\u00e7\u00f5es socioambientais para garantir longevidade e competitividade no mercado de carbono em uma \u00e1rea de 14 mil hectares.A iniciativa, promovida pela empresa paulista de solu\u00e7\u00f5es para descarboniza\u00e7\u00e3o ZEG (Zero Emission Goal), \u00e9 uma alternativa produtiva para \u00e1reas florestais que ainda\" \/>\n\t\t<script type=\"application\/ld+json\" class=\"aioseo-schema\">\n\t\t\t{\"@context\":\"https:\\\/\\\/schema.org\",\"@graph\":[{\"@type\":\"BlogPosting\",\"@id\":\"https:\\\/\\\/ejornais.com.br\\\/index.php\\\/2026\\\/09\\\/02\\\/competitividade-do-mercado-de-carbono-moderniza-conservacao-florestal\\\/#blogposting\",\"name\":\"Competitividade do mercado de carbono moderniza conserva\\u00e7\\u00e3o florestal - eJornais\",\"headline\":\"Competitividade do mercado de carbono moderniza conserva\\u00e7\\u00e3o florestal\",\"author\":{\"@id\":\"https:\\\/\\\/ejornais.com.br\\\/index.php\\\/author\\\/admin1\\\/#author\"},\"publisher\":{\"@id\":\"https:\\\/\\\/ejornais.com.br\\\/#organization\"},\"datePublished\":\"2026-09-02T16:29:13-03:00\",\"dateModified\":\"2026-09-02T16:29:13-03:00\",\"inLanguage\":\"pt-BR\",\"mainEntityOfPage\":{\"@id\":\"https:\\\/\\\/ejornais.com.br\\\/index.php\\\/2026\\\/09\\\/02\\\/competitividade-do-mercado-de-carbono-moderniza-conservacao-florestal\\\/#webpage\"},\"isPartOf\":{\"@id\":\"https:\\\/\\\/ejornais.com.br\\\/index.php\\\/2026\\\/09\\\/02\\\/competitividade-do-mercado-de-carbono-moderniza-conservacao-florestal\\\/#webpage\"},\"articleSection\":\"Cat\\u00e1logo de Jornais\"},{\"@type\":\"BreadcrumbList\",\"@id\":\"https:\\\/\\\/ejornais.com.br\\\/index.php\\\/2026\\\/09\\\/02\\\/competitividade-do-mercado-de-carbono-moderniza-conservacao-florestal\\\/#breadcrumblist\",\"itemListElement\":[{\"@type\":\"ListItem\",\"@id\":\"https:\\\/\\\/ejornais.com.br#listItem\",\"position\":1,\"name\":\"In\\u00edcio\",\"item\":\"https:\\\/\\\/ejornais.com.br\",\"nextItem\":{\"@type\":\"ListItem\",\"@id\":\"https:\\\/\\\/ejornais.com.br\\\/index.php\\\/category\\\/ejornais\\\/#listItem\",\"name\":\"Cat\\u00e1logo de Jornais\"}},{\"@type\":\"ListItem\",\"@id\":\"https:\\\/\\\/ejornais.com.br\\\/index.php\\\/category\\\/ejornais\\\/#listItem\",\"position\":2,\"name\":\"Cat\\u00e1logo de Jornais\",\"item\":\"https:\\\/\\\/ejornais.com.br\\\/index.php\\\/category\\\/ejornais\\\/\",\"nextItem\":{\"@type\":\"ListItem\",\"@id\":\"https:\\\/\\\/ejornais.com.br\\\/index.php\\\/2026\\\/09\\\/02\\\/competitividade-do-mercado-de-carbono-moderniza-conservacao-florestal\\\/#listItem\",\"name\":\"Competitividade do mercado de carbono moderniza conserva\\u00e7\\u00e3o florestal\"},\"previousItem\":{\"@type\":\"ListItem\",\"@id\":\"https:\\\/\\\/ejornais.com.br#listItem\",\"name\":\"In\\u00edcio\"}},{\"@type\":\"ListItem\",\"@id\":\"https:\\\/\\\/ejornais.com.br\\\/index.php\\\/2026\\\/09\\\/02\\\/competitividade-do-mercado-de-carbono-moderniza-conservacao-florestal\\\/#listItem\",\"position\":3,\"name\":\"Competitividade do mercado de carbono moderniza conserva\\u00e7\\u00e3o florestal\",\"previousItem\":{\"@type\":\"ListItem\",\"@id\":\"https:\\\/\\\/ejornais.com.br\\\/index.php\\\/category\\\/ejornais\\\/#listItem\",\"name\":\"Cat\\u00e1logo de Jornais\"}}]},{\"@type\":\"Organization\",\"@id\":\"https:\\\/\\\/ejornais.com.br\\\/#organization\",\"name\":\"eJornais\",\"description\":\"Cat\\u00e1logo de Jornais no mundo, Not\\u00edcias, Blog e Esportes ao vivo\",\"url\":\"https:\\\/\\\/ejornais.com.br\\\/\"},{\"@type\":\"Person\",\"@id\":\"https:\\\/\\\/ejornais.com.br\\\/index.php\\\/author\\\/admin1\\\/#author\",\"url\":\"https:\\\/\\\/ejornais.com.br\\\/index.php\\\/author\\\/admin1\\\/\",\"name\":\"admin1\",\"image\":{\"@type\":\"ImageObject\",\"@id\":\"https:\\\/\\\/ejornais.com.br\\\/index.php\\\/2026\\\/09\\\/02\\\/competitividade-do-mercado-de-carbono-moderniza-conservacao-florestal\\\/#authorImage\",\"url\":\"https:\\\/\\\/secure.gravatar.com\\\/avatar\\\/04084e6d73c042b8646e7c17b494073bf0ede3ea13c7105cfc45cbbbc28385a4?s=96&d=mm&r=g\",\"width\":96,\"height\":96,\"caption\":\"admin1\"}},{\"@type\":\"WebPage\",\"@id\":\"https:\\\/\\\/ejornais.com.br\\\/index.php\\\/2026\\\/09\\\/02\\\/competitividade-do-mercado-de-carbono-moderniza-conservacao-florestal\\\/#webpage\",\"url\":\"https:\\\/\\\/ejornais.com.br\\\/index.php\\\/2026\\\/09\\\/02\\\/competitividade-do-mercado-de-carbono-moderniza-conservacao-florestal\\\/\",\"name\":\"Competitividade do mercado de carbono moderniza conserva\\u00e7\\u00e3o florestal - eJornais\",\"description\":\"Por MRNews No munic\\u00edpio de Caracara\\u00ed, em Roraima, um modelo de conserva\\u00e7\\u00e3o aliou inova\\u00e7\\u00e3o tecnol\\u00f3gica e a\\u00e7\\u00f5es socioambientais para garantir longevidade e competitividade no mercado de carbono em uma \\u00e1rea de 14 mil hectares.A iniciativa, promovida pela empresa paulista de solu\\u00e7\\u00f5es para descarboniza\\u00e7\\u00e3o ZEG (Zero Emission Goal), \\u00e9 uma alternativa produtiva para \\u00e1reas florestais que ainda\",\"inLanguage\":\"pt-BR\",\"isPartOf\":{\"@id\":\"https:\\\/\\\/ejornais.com.br\\\/#website\"},\"breadcrumb\":{\"@id\":\"https:\\\/\\\/ejornais.com.br\\\/index.php\\\/2026\\\/09\\\/02\\\/competitividade-do-mercado-de-carbono-moderniza-conservacao-florestal\\\/#breadcrumblist\"},\"author\":{\"@id\":\"https:\\\/\\\/ejornais.com.br\\\/index.php\\\/author\\\/admin1\\\/#author\"},\"creator\":{\"@id\":\"https:\\\/\\\/ejornais.com.br\\\/index.php\\\/author\\\/admin1\\\/#author\"},\"datePublished\":\"2026-09-02T16:29:13-03:00\",\"dateModified\":\"2026-09-02T16:29:13-03:00\"},{\"@type\":\"WebSite\",\"@id\":\"https:\\\/\\\/ejornais.com.br\\\/#website\",\"url\":\"https:\\\/\\\/ejornais.com.br\\\/\",\"name\":\"eJornais\",\"description\":\"Cat\\u00e1logo de Jornais no mundo, Not\\u00edcias, Blog e Esportes ao vivo\",\"inLanguage\":\"pt-BR\",\"publisher\":{\"@id\":\"https:\\\/\\\/ejornais.com.br\\\/#organization\"}}]}\n\t\t<\/script>\n\t\t<!-- All in One SEO -->\n\n","aioseo_head_json":{"title":"Competitividade do mercado de carbono moderniza conserva\u00e7\u00e3o florestal - eJornais","description":"Por MRNews No munic\u00edpio de Caracara\u00ed, em Roraima, um modelo de conserva\u00e7\u00e3o aliou inova\u00e7\u00e3o tecnol\u00f3gica e a\u00e7\u00f5es socioambientais para garantir longevidade e competitividade no mercado de carbono em uma \u00e1rea de 14 mil hectares.A iniciativa, promovida pela empresa paulista de solu\u00e7\u00f5es para descarboniza\u00e7\u00e3o ZEG (Zero Emission Goal), \u00e9 uma alternativa produtiva para \u00e1reas florestais que ainda","canonical_url":"https:\/\/ejornais.com.br\/index.php\/2026\/09\/02\/competitividade-do-mercado-de-carbono-moderniza-conservacao-florestal\/","robots":"max-image-preview:large","keywords":"","webmasterTools":{"miscellaneous":""},"schema":{"@context":"https:\/\/schema.org","@graph":[{"@type":"BlogPosting","@id":"https:\/\/ejornais.com.br\/index.php\/2026\/09\/02\/competitividade-do-mercado-de-carbono-moderniza-conservacao-florestal\/#blogposting","name":"Competitividade do mercado de carbono moderniza conserva\u00e7\u00e3o florestal - eJornais","headline":"Competitividade do mercado de carbono moderniza conserva\u00e7\u00e3o florestal","author":{"@id":"https:\/\/ejornais.com.br\/index.php\/author\/admin1\/#author"},"publisher":{"@id":"https:\/\/ejornais.com.br\/#organization"},"datePublished":"2026-09-02T16:29:13-03:00","dateModified":"2026-09-02T16:29:13-03:00","inLanguage":"pt-BR","mainEntityOfPage":{"@id":"https:\/\/ejornais.com.br\/index.php\/2026\/09\/02\/competitividade-do-mercado-de-carbono-moderniza-conservacao-florestal\/#webpage"},"isPartOf":{"@id":"https:\/\/ejornais.com.br\/index.php\/2026\/09\/02\/competitividade-do-mercado-de-carbono-moderniza-conservacao-florestal\/#webpage"},"articleSection":"Cat\u00e1logo de Jornais"},{"@type":"BreadcrumbList","@id":"https:\/\/ejornais.com.br\/index.php\/2026\/09\/02\/competitividade-do-mercado-de-carbono-moderniza-conservacao-florestal\/#breadcrumblist","itemListElement":[{"@type":"ListItem","@id":"https:\/\/ejornais.com.br#listItem","position":1,"name":"In\u00edcio","item":"https:\/\/ejornais.com.br","nextItem":{"@type":"ListItem","@id":"https:\/\/ejornais.com.br\/index.php\/category\/ejornais\/#listItem","name":"Cat\u00e1logo de Jornais"}},{"@type":"ListItem","@id":"https:\/\/ejornais.com.br\/index.php\/category\/ejornais\/#listItem","position":2,"name":"Cat\u00e1logo de Jornais","item":"https:\/\/ejornais.com.br\/index.php\/category\/ejornais\/","nextItem":{"@type":"ListItem","@id":"https:\/\/ejornais.com.br\/index.php\/2026\/09\/02\/competitividade-do-mercado-de-carbono-moderniza-conservacao-florestal\/#listItem","name":"Competitividade do mercado de carbono moderniza conserva\u00e7\u00e3o florestal"},"previousItem":{"@type":"ListItem","@id":"https:\/\/ejornais.com.br#listItem","name":"In\u00edcio"}},{"@type":"ListItem","@id":"https:\/\/ejornais.com.br\/index.php\/2026\/09\/02\/competitividade-do-mercado-de-carbono-moderniza-conservacao-florestal\/#listItem","position":3,"name":"Competitividade do mercado de carbono moderniza conserva\u00e7\u00e3o florestal","previousItem":{"@type":"ListItem","@id":"https:\/\/ejornais.com.br\/index.php\/category\/ejornais\/#listItem","name":"Cat\u00e1logo de Jornais"}}]},{"@type":"Organization","@id":"https:\/\/ejornais.com.br\/#organization","name":"eJornais","description":"Cat\u00e1logo de Jornais no mundo, Not\u00edcias, Blog e Esportes ao vivo","url":"https:\/\/ejornais.com.br\/"},{"@type":"Person","@id":"https:\/\/ejornais.com.br\/index.php\/author\/admin1\/#author","url":"https:\/\/ejornais.com.br\/index.php\/author\/admin1\/","name":"admin1","image":{"@type":"ImageObject","@id":"https:\/\/ejornais.com.br\/index.php\/2026\/09\/02\/competitividade-do-mercado-de-carbono-moderniza-conservacao-florestal\/#authorImage","url":"https:\/\/secure.gravatar.com\/avatar\/04084e6d73c042b8646e7c17b494073bf0ede3ea13c7105cfc45cbbbc28385a4?s=96&d=mm&r=g","width":96,"height":96,"caption":"admin1"}},{"@type":"WebPage","@id":"https:\/\/ejornais.com.br\/index.php\/2026\/09\/02\/competitividade-do-mercado-de-carbono-moderniza-conservacao-florestal\/#webpage","url":"https:\/\/ejornais.com.br\/index.php\/2026\/09\/02\/competitividade-do-mercado-de-carbono-moderniza-conservacao-florestal\/","name":"Competitividade do mercado de carbono moderniza conserva\u00e7\u00e3o florestal - eJornais","description":"Por MRNews No munic\u00edpio de Caracara\u00ed, em Roraima, um modelo de conserva\u00e7\u00e3o aliou inova\u00e7\u00e3o tecnol\u00f3gica e a\u00e7\u00f5es socioambientais para garantir longevidade e competitividade no mercado de carbono em uma \u00e1rea de 14 mil hectares.A iniciativa, promovida pela empresa paulista de solu\u00e7\u00f5es para descarboniza\u00e7\u00e3o ZEG (Zero Emission Goal), \u00e9 uma alternativa produtiva para \u00e1reas florestais que ainda","inLanguage":"pt-BR","isPartOf":{"@id":"https:\/\/ejornais.com.br\/#website"},"breadcrumb":{"@id":"https:\/\/ejornais.com.br\/index.php\/2026\/09\/02\/competitividade-do-mercado-de-carbono-moderniza-conservacao-florestal\/#breadcrumblist"},"author":{"@id":"https:\/\/ejornais.com.br\/index.php\/author\/admin1\/#author"},"creator":{"@id":"https:\/\/ejornais.com.br\/index.php\/author\/admin1\/#author"},"datePublished":"2026-09-02T16:29:13-03:00","dateModified":"2026-09-02T16:29:13-03:00"},{"@type":"WebSite","@id":"https:\/\/ejornais.com.br\/#website","url":"https:\/\/ejornais.com.br\/","name":"eJornais","description":"Cat\u00e1logo de Jornais no mundo, Not\u00edcias, Blog e Esportes ao vivo","inLanguage":"pt-BR","publisher":{"@id":"https:\/\/ejornais.com.br\/#organization"}}]},"og:locale":"pt_BR","og:site_name":"eJornais - Cat\u00e1logo de Jornais no mundo, Not\u00edcias, Blog e Esportes ao vivo","og:type":"article","og:title":"Competitividade do mercado de carbono moderniza conserva\u00e7\u00e3o florestal - eJornais","og:description":"Por MRNews No munic\u00edpio de Caracara\u00ed, em Roraima, um modelo de conserva\u00e7\u00e3o aliou inova\u00e7\u00e3o tecnol\u00f3gica e a\u00e7\u00f5es socioambientais para garantir longevidade e competitividade no mercado de carbono em uma \u00e1rea de 14 mil hectares.A iniciativa, promovida pela empresa paulista de solu\u00e7\u00f5es para descarboniza\u00e7\u00e3o ZEG (Zero Emission Goal), \u00e9 uma alternativa produtiva para \u00e1reas florestais que ainda","og:url":"https:\/\/ejornais.com.br\/index.php\/2026\/09\/02\/competitividade-do-mercado-de-carbono-moderniza-conservacao-florestal\/","article:published_time":"2026-09-02T19:29:13+00:00","article:modified_time":"2026-09-02T19:29:13+00:00","twitter:card":"summary_large_image","twitter:title":"Competitividade do mercado de carbono moderniza conserva\u00e7\u00e3o florestal - eJornais","twitter:description":"Por MRNews No munic\u00edpio de Caracara\u00ed, em Roraima, um modelo de conserva\u00e7\u00e3o aliou inova\u00e7\u00e3o tecnol\u00f3gica e a\u00e7\u00f5es socioambientais para garantir longevidade e competitividade no mercado de carbono em uma \u00e1rea de 14 mil hectares.A iniciativa, promovida pela empresa paulista de solu\u00e7\u00f5es para descarboniza\u00e7\u00e3o ZEG (Zero Emission Goal), \u00e9 uma alternativa produtiva para \u00e1reas florestais que ainda"},"aioseo_meta_data":[],"aioseo_breadcrumb":"<div class=\"aioseo-breadcrumbs\"><span class=\"aioseo-breadcrumb\">\n\t\t\t<a href=\"https:\/\/ejornais.com.br\" title=\"In\u00edcio\">In\u00edcio<\/a>\n\t\t<\/span><span class=\"aioseo-breadcrumb-separator\">&raquo;<\/span><span class=\"aioseo-breadcrumb\">\n\t\t\t<a href=\"https:\/\/ejornais.com.br\/index.php\/category\/ejornais\/\" title=\"Cat\u00e1logo de Jornais\">Cat\u00e1logo de Jornais<\/a>\n\t\t<\/span><span class=\"aioseo-breadcrumb-separator\">&raquo;<\/span><span class=\"aioseo-breadcrumb\">\n\t\t\tCompetitividade do mercado de carbono moderniza conserva\u00e7\u00e3o florestal\n\t\t<\/span><\/div>","aioseo_breadcrumb_json":[{"label":"In\u00edcio","link":"https:\/\/ejornais.com.br"},{"label":"Cat\u00e1logo de Jornais","link":"https:\/\/ejornais.com.br\/index.php\/category\/ejornais\/"},{"label":"Competitividade do mercado de carbono moderniza conserva\u00e7\u00e3o florestal","link":"https:\/\/ejornais.com.br\/index.php\/2026\/09\/02\/competitividade-do-mercado-de-carbono-moderniza-conservacao-florestal\/"}],"amp_enabled":true,"_links":{"self":[{"href":"https:\/\/ejornais.com.br\/index.php\/wp-json\/wp\/v2\/posts\/71564","targetHints":{"allow":["GET"]}}],"collection":[{"href":"https:\/\/ejornais.com.br\/index.php\/wp-json\/wp\/v2\/posts"}],"about":[{"href":"https:\/\/ejornais.com.br\/index.php\/wp-json\/wp\/v2\/types\/post"}],"author":[{"embeddable":true,"href":"https:\/\/ejornais.com.br\/index.php\/wp-json\/wp\/v2\/users\/2"}],"replies":[{"embeddable":true,"href":"https:\/\/ejornais.com.br\/index.php\/wp-json\/wp\/v2\/comments?post=71564"}],"version-history":[{"count":0,"href":"https:\/\/ejornais.com.br\/index.php\/wp-json\/wp\/v2\/posts\/71564\/revisions"}],"wp:attachment":[{"href":"https:\/\/ejornais.com.br\/index.php\/wp-json\/wp\/v2\/media?parent=71564"}],"wp:term":[{"taxonomy":"category","embeddable":true,"href":"https:\/\/ejornais.com.br\/index.php\/wp-json\/wp\/v2\/categories?post=71564"},{"taxonomy":"post_tag","embeddable":true,"href":"https:\/\/ejornais.com.br\/index.php\/wp-json\/wp\/v2\/tags?post=71564"}],"curies":[{"name":"wp","href":"https:\/\/api.w.org\/{rel}","templated":true}]}}