{"id":71577,"date":"2026-09-02T22:17:04","date_gmt":"2026-09-03T01:17:04","guid":{"rendered":"https:\/\/ejornais.com.br\/index.php\/2026\/09\/02\/confira-a-programacao-gratuita-das-bibliotecas-municipais-de-sorocaba-deste-mes-de-setembro-agencia-de-noticias\/"},"modified":"2026-09-02T22:17:04","modified_gmt":"2026-09-03T01:17:04","slug":"confira-a-programacao-gratuita-das-bibliotecas-municipais-de-sorocaba-deste-mes-de-setembro-agencia-de-noticias","status":"publish","type":"post","link":"https:\/\/ejornais.com.br\/index.php\/2026\/09\/02\/confira-a-programacao-gratuita-das-bibliotecas-municipais-de-sorocaba-deste-mes-de-setembro-agencia-de-noticias\/","title":{"rendered":"Confira a programa\u00e7\u00e3o gratuita das Bibliotecas Municipais de Sorocaba deste m\u00eas de setembro \u2013 Ag\u00eancia de Not\u00edcias"},"content":{"rendered":"<p><\/p>\n<div>\n<p class=\"\">Neste m\u00eas de setembro, a Prefeitura de Sorocaba, por meio da Secretaria de Cultura (Secult), oferece uma programa\u00e7\u00e3o gratuita na Biblioteca Municipal \u201cJorge Guilherme Senger\u201d, no Alto da Boa Vista, e na Biblioteca Infantil Municipal \u201cRenato S\u00eaneca de S\u00e1 Fleury\u201d, que fica no Centro, voltada a pessoas de todas as idades.<\/p>\n<p class=\"\">O objetivo das atividades \u00e9 aproximar a popula\u00e7\u00e3o do rico acervo das Bibliotecas Municipais de Sorocaba, al\u00e9m de incentivar o acesso \u00e0 leitura, com propostas art\u00edsticas e l\u00fadicas. As fam\u00edlias podem participar gratuitamente de oficinas, roda de conversa, sess\u00e3o de cinema, entre outras.<\/p>\n<p class=\"\">Entre os destaques, est\u00e1 a oficina de cria\u00e7\u00e3o de capas de vinil, na Biblioteca Infantil e na Biblioteca Municipal, nos dias 9 e 11 de setembro, respectivamente, \u00e0s 14h30. A atividade tem o intuito de unir as artes visuais com a m\u00fasica, incentivando a pesquisa sobre artistas, \u00e1lbuns e hist\u00f3ria, al\u00e9m da m\u00fasica e da arte. As inscri\u00e7\u00f5es para a Biblioteca Municipal devem ser realizadas pelo link:\u00a0https:\/\/agenda-eventos.sorocaba.sp.gov.br\/oficina-de-criacao-de-ca pa-de-vinil-bms-setembro\/\u00a0e, para a Biblioteca Infantil no link:\u00a0https:\/\/agenda-eventos.sorocaba.sp.gov.br\/oficina-de-criacao-de-ca pa-de-vinil-bim-setembro\/.<\/p>\n<p class=\"\">A programa\u00e7\u00e3o tamb\u00e9m conta com o encontro liter\u00e1rio \u201cEntre Linhas e Ideias: caf\u00e9 e leitura\u201d, na Biblioteca Infantil, nos dias 14, 21 e 28 de setembro, \u00e0s 14h. A proposta \u00e9 aproximar jovens e adultos do mundo dos livros por meio da discuss\u00e3o coletiva e do di\u00e1logo sobre obras selecionadas. Durante a atividade, ser\u00e1 realizada uma media\u00e7\u00e3o de leitura e debate, incentivando a reflex\u00e3o cr\u00edtica e a participa\u00e7\u00e3o ativa dos integrantes. As inscri\u00e7\u00f5es podem ser feitas diretamente na biblioteca ou pelo link: https:\/\/agenda-eventos.sorocaba.sp.gov.br\/entre-linhas-e-ideias-setembro\/.<\/p>\n<p class=\"\">A Biblioteca Municipal \u201cJorge Guilherme Senger\u201d est\u00e1 localizada na Rua Ministro Coqueijo Costa, 180, no Alto da Boa Vista, e funciona de segunda a sexta-feira, das 9h \u00e0s 17h. Mais informa\u00e7\u00f5es podem ser obtidas pelo telefone: (15) 3228-1955. J\u00e1 a Biblioteca Infantil Municipal \u201cRenato S\u00eaneca de S\u00e1 Fleury\u201d fica na Rua da Penha, 673, no Centro, e funciona de segunda a sexta-feira, das 8h \u00e0s 17h. Mais informa\u00e7\u00f5es pelo telefone: (15) 3231-5723.<\/p>\n<p>\u00a0<\/p>\n<p>Confira, abaixo, a programa\u00e7\u00e3o do m\u00eas de setembro:<\/p>\n<p><em>3 de setembro (quinta-feira)<\/em><\/p>\n<p><strong>Conta\u00e7\u00e3o de hist\u00f3ria \u2013 \u201cExploradores de Hist\u00f3rias: Uma Viagem pelo Mundo dos Livros\u201d<\/strong><\/p>\n<p>Hor\u00e1rio: 14h<\/p>\n<p>Local: Biblioteca Infantil Municipal \u201cRenato S\u00eaneca de S\u00e1 Fleury\u201d (Rua da Penha, 673 \u2013 Centro)<\/p>\n<p>Atividade aberta ao p\u00fablico em geral<\/p>\n<p>\u00a0<\/p>\n<p><em>3 e 4 de setembro (quinta e sexta-feira)<\/em><\/p>\n<p><strong>Leitura e videogame<\/strong><\/p>\n<p>Hor\u00e1rio: 9h \u00e0s 16h<\/p>\n<p>Local: Biblioteca Municipal \u201cJorge Guilherme Senger\u201d (Rua Ministro Coqueijo Costa, 180 \u2013 Alto da Boa Vista)<\/p>\n<p>Atividade aberta ao p\u00fablico at\u00e9 16 anos<\/p>\n<p>\u00a0<\/p>\n<p><em>4 de setembro (sexta-feira)<\/em><\/p>\n<p><strong>Oficina de Colagem<\/strong><\/p>\n<p>Hor\u00e1rio: 14h30<\/p>\n<p>Local: Biblioteca Municipal \u201cJorge Guilherme Senger\u201d (Rua Ministro Coqueijo Costa, 180 \u2013 Alto da Boa Vista)<\/p>\n<p>Atividade aberta ao p\u00fablico a partir de 6 anos<\/p>\n<p>\u00a0<\/p>\n<p><em>9 de setembro (quarta-feira)<\/em><\/p>\n<p><strong>Oficina de cria\u00e7\u00e3o de capas de vinil<\/strong><\/p>\n<p>Hor\u00e1rio: 14h30<\/p>\n<p>Local: Biblioteca Infantil Municipal \u201cRenato S\u00eaneca de S\u00e1 Fleury\u201d (Rua da Penha, 673 \u2013 Centro)<\/p>\n<p>Atividade aberta ao p\u00fablico a partir de 6 anos<\/p>\n<p>Inscri\u00e7\u00f5es pelo link: https:\/\/agenda-eventos.sorocaba.sp.gov.br\/oficina-de-criacao-de-ca pa-de-vinil-bim-setembro\/<\/p>\n<p>\u00a0<\/p>\n<p><em>10 de setembro (quinta-feira)<\/em><\/p>\n<p><strong>Conta\u00e7\u00e3o de hist\u00f3ria \u2013 \u201cExploradores de Hist\u00f3rias: Uma Viagem pelo Mundo dos Livros\u201d<\/strong><\/p>\n<p>Hor\u00e1rio: 14h<\/p>\n<p>Local: Biblioteca Infantil Municipal \u201cRenato S\u00eaneca de S\u00e1 Fleury\u201d (Rua da Penha, 673 \u2013 Centro)<\/p>\n<p>Atividade aberta ao p\u00fablico em geral<\/p>\n<p>\u00a0<\/p>\n<p><em>10 e 11 de setembro (quinta e sexta-feira)<\/em><\/p>\n<p><strong>Leitura e videogame<\/strong><\/p>\n<p>Hor\u00e1rio: 9h \u00e0s 16h<\/p>\n<p>Local: Biblioteca Municipal \u201cJorge Guilherme Senger\u201d (Rua Ministro Coqueijo Costa, 180 \u2013 Alto da Boa Vista)<\/p>\n<p>Atividade aberta ao p\u00fablico at\u00e9 16 anos<\/p>\n<p>\u00a0<\/p>\n<p><em>11 de setembro (sexta-feira)<\/em><\/p>\n<p><strong>Oficina de cria\u00e7\u00e3o de capas de vinil<\/strong><\/p>\n<p>Hor\u00e1rio: 14h30<\/p>\n<p>Local: Biblioteca Municipal \u201cJorge Guilherme Senger\u201d (Rua Ministro Coqueijo Costa, 180 \u2013 Alto da Boa Vista)<\/p>\n<p>Atividade aberta ao p\u00fablico a partir de 6 anos<\/p>\n<p>Inscri\u00e7\u00f5es pelo link: https:\/\/agenda-eventos.sorocaba.sp.gov.br\/oficina-de-criacao-de-ca pa-de-vinil-bms-setembro\/<\/p>\n<p>\u00a0<\/p>\n<p><em>12 de setembro (s\u00e1bado)<\/em><\/p>\n<p><strong>Apresenta\u00e7\u00e3o do grupo musical \u201cAmigos da BIM\u201d<\/strong><\/p>\n<p>Hor\u00e1rio: 10h \u00e0s 12h<\/p>\n<p>Local: Biblioteca Infantil Municipal \u201cRenato S\u00eaneca de S\u00e1 Fleury\u201d (Rua da Penha, 673 \u2013 Centro)<\/p>\n<p>Atividade aberta ao p\u00fablico em geral<\/p>\n<p>\u00a0<\/p>\n<p><em>14 de setembro (segunda-feira)<\/em><\/p>\n<p><strong>Encontro liter\u00e1rio \u201cEntre Linhas e Ideias: caf\u00e9 e leitura\u201d<\/strong><\/p>\n<p>Hor\u00e1rio: 14h<\/p>\n<p>Local: Biblioteca Infantil Municipal \u201cRenato S\u00eaneca de S\u00e1 Fleury\u201d (Rua da Penha, 673 \u2013 Centro)<\/p>\n<p>Atividade aberta ao p\u00fablico a partir de 15 anos<\/p>\n<p>Inscri\u00e7\u00f5es pelo link: https:\/\/agenda-eventos.sorocaba.sp.gov.br\/entre-linhas-e-ideias-set embro\/<\/p>\n<p>\u00a0<\/p>\n<p><em>16 de setembro (quarta-feira)<\/em><\/p>\n<p><strong>Oficina de desenho<\/strong><\/p>\n<p>Hor\u00e1rio: 14h<\/p>\n<p>Local: Biblioteca Infantil Municipal \u201cRenato S\u00eaneca de S\u00e1 Fleury\u201d (Rua da Penha, 673 \u2013 Centro)<\/p>\n<p>Atividade aberta ao p\u00fablico em geral<\/p>\n<p>Inscri\u00e7\u00f5es pelo link:\u00a0https:\/\/agenda-eventos.sorocaba.sp.gov.br\/oficina-de-desenho-bimsetembro\/<\/p>\n<p>\u00a0<\/p>\n<p><em>17 de setembro (quinta-feira)<\/em><\/p>\n<p><strong>Conta\u00e7\u00e3o de hist\u00f3ria \u2013 \u201cExploradores de Hist\u00f3rias: Uma Viagem pelo Mundo dos Livros\u201d<\/strong><\/p>\n<p>Hor\u00e1rio: 14h<\/p>\n<p>Local: Biblioteca Infantil Municipal \u201cRenato S\u00eaneca de S\u00e1 Fleury\u201d (Rua da Penha, 673 \u2013 Centro)<\/p>\n<p>Atividade aberta ao p\u00fablico em geral<\/p>\n<p>\u00a0<\/p>\n<p><em>17 e 18 de setembro (quinta e sexta-feira)<\/em><\/p>\n<p><strong>Leitura e videogame<\/strong><\/p>\n<p>Hor\u00e1rio: 9h \u00e0s 16h<\/p>\n<p>Local: Biblioteca Municipal \u201cJorge Guilherme Senger\u201d (Rua Ministro Coqueijo Costa, 180 \u2013 Alto da Boa Vista)<\/p>\n<p>Atividade aberta ao p\u00fablico at\u00e9 16 anos<\/p>\n<p>\u00a0<\/p>\n<p><em>18 de setembro (sexta-feira)<\/em><\/p>\n<p><strong>Oficina de desenho<\/strong><\/p>\n<p>Hor\u00e1rio: 14h30<\/p>\n<p>Local: Biblioteca Municipal \u201cJorge Guilherme Senger\u201d (Rua Ministro Coqueijo Costa, 180 \u2013 Alto da Boa Vista)<\/p>\n<p>Inscri\u00e7\u00f5es pelo link:\u00a0https:\/\/agenda-eventos.sorocaba.sp.gov.br\/oficina-de-desenho-bms -setembro\/<\/p>\n<p>\u00a0<\/p>\n<p><em>21 de setembro (segunda-feira)<\/em><\/p>\n<p><strong>Encontro liter\u00e1rio \u201cEntre Linhas e Ideias: caf\u00e9 e leitura\u201d<\/strong><\/p>\n<p>Hor\u00e1rio: 14h<\/p>\n<p>Local: Biblioteca Infantil Municipal \u201cRenato S\u00eaneca de S\u00e1 Fleury\u201d (Rua da Penha, 673 \u2013 Centro)<\/p>\n<p>Atividade aberta ao p\u00fablico a partir de 15 anos<\/p>\n<p>Inscri\u00e7\u00f5es pelo link: https:\/\/agenda-eventos.sorocaba.sp.gov.br\/entre-linhas-e-ideias-set embro\/<\/p>\n<p>\u00a0<\/p>\n<p><em>23 de setembro (quarta-feira)<\/em><\/p>\n<p><strong>Oficina de Mini Jardins \u201cA Biblioteca virou floresta\u201d<\/strong><\/p>\n<p>Hor\u00e1rio: 14h<\/p>\n<p>Local: Biblioteca Infantil Municipal \u201cRenato S\u00eaneca de S\u00e1 Fleury\u201d (Rua da Penha, 673 \u2013 Centro)<\/p>\n<p>Inscri\u00e7\u00f5es pelo link: https:\/\/agenda-eventos.sorocaba.sp.gov.br\/a-biblioteca-virou-flores ta\/<\/p>\n<p>\u00a0<\/p>\n<p><em>24 de setembro (quinta-feira)<\/em><\/p>\n<p><strong>Conta\u00e7\u00e3o de hist\u00f3ria \u2013 \u201cExploradores de Hist\u00f3rias: Uma Viagem pelo Mundo dos Livros\u201d<\/strong><\/p>\n<p>Hor\u00e1rio: 14h<\/p>\n<p>Local: Biblioteca Infantil Municipal \u201cRenato S\u00eaneca de S\u00e1 Fleury\u201d (Rua da Penha, 673 \u2013 Centro)<\/p>\n<p>Atividade aberta ao p\u00fablico em geral<\/p>\n<p>\u00a0<\/p>\n<p><em>24 e 25 de setembro (quinta e sexta-feira)<\/em><\/p>\n<p><strong>Leitura e videogame<\/strong><\/p>\n<p>Hor\u00e1rio: 9h \u00e0s 16h<\/p>\n<p>Local: Biblioteca Municipal \u201cJorge Guilherme Senger\u201d (Rua Ministro Coqueijo Costa, 180 \u2013 Alto da Boa Vista)<\/p>\n<p>Atividade aberta ao p\u00fablico at\u00e9 16 anos<\/p>\n<p>\u00a0<\/p>\n<p><em>25 de setembro (sexta-feira)<\/em><\/p>\n<p><strong>Sess\u00e3o Cinema \u2013 \u201cBee Movie\u201d (2007)<\/strong><\/p>\n<p>Hor\u00e1rio: 14h30<\/p>\n<p>Local: Biblioteca Municipal \u201cJorge Guilherme Senger\u201d (Rua Ministro Coqueijo Costa, 180 \u2013 Alto da Boa Vista)<\/p>\n<p>Atividade aberta ao p\u00fablico em geral<\/p>\n<p>\u00a0<\/p>\n<p><em>26 de setembro (s\u00e1bado)<\/em><\/p>\n<p><strong>Apresenta\u00e7\u00e3o do grupo musical \u201cAmigos da BIM\u201d<\/strong><\/p>\n<p>Hor\u00e1rio: 10h \u00e0s 12h<\/p>\n<p>Local: Biblioteca Infantil Municipal \u201cRenato S\u00eaneca de S\u00e1 Fleury\u201d (Rua da Penha, 673 \u2013 Centro)<\/p>\n<p>Atividade aberta ao p\u00fablico em geral<\/p>\n<p>\u00a0<\/p>\n<p><em>28 de setembro (segunda-feira)<\/em><\/p>\n<p><strong>Encontro liter\u00e1rio \u201cEntre Linhas e Ideias: caf\u00e9 e leitura\u201d<\/strong><\/p>\n<p>Hor\u00e1rio: 14h<\/p>\n<p>Local: Biblioteca Infantil Municipal \u201cRenato S\u00eaneca de S\u00e1 Fleury\u201d (Rua da Penha, 673 \u2013 Centro)<\/p>\n<p>Atividade aberta ao p\u00fablico a partir de 15 anos<\/p>\n<p>Inscri\u00e7\u00f5es pelo link: https:\/\/agenda-eventos.sorocaba.sp.gov.br\/entre-linhas-e-ideias-set embro\/<\/p>\n<p>\u00a0<\/p>\n<p><em>30 de setembro (quarta-feira)<\/em><\/p>\n<p><strong>Sess\u00e3o Cinema \u2013 \u201cBee Movie\u201d (2007)<\/strong><\/p>\n<p>Hor\u00e1rio: 14h30<\/p>\n<p>Local: Biblioteca Infantil Municipal \u201cRenato S\u00eaneca de S\u00e1 Fleury\u201d (Rua da Penha, 673 \u2013 Centro)<\/p>\n<p>Atividade aberta ao p\u00fablico em geral<\/p>\n<\/p><\/div>\n","protected":false},"excerpt":{"rendered":"<p>Neste m\u00eas de setembro, a Prefeitura de Sorocaba, por meio da Secretaria de Cultura (Secult), oferece uma programa\u00e7\u00e3o gratuita na<\/p>\n","protected":false},"author":2,"featured_media":0,"comment_status":"","ping_status":"","sticky":false,"template":"","format":"standard","meta":{"colormag_page_container_layout":"default_layout","colormag_page_sidebar_layout":"default_layout","footnotes":""},"categories":[1],"tags":[],"class_list":["post-71577","post","type-post","status-publish","format-standard","hentry","category-ejornais"],"aioseo_notices":[],"aioseo_head":"\n\t\t<!-- All in One SEO 5.0.1.1 - aioseo.com -->\n\t<meta name=\"description\" content=\"Neste m\u00eas de setembro, a Prefeitura de Sorocaba, por meio da Secretaria de Cultura (Secult), oferece uma programa\u00e7\u00e3o gratuita na Biblioteca Municipal \u201cJorge Guilherme Senger\u201d, no Alto da Boa Vista, e na Biblioteca Infantil Municipal \u201cRenato S\u00eaneca de S\u00e1 Fleury\u201d, que fica no Centro, voltada a pessoas de todas as idades. O objetivo das atividades\" \/>\n\t<meta name=\"robots\" content=\"max-image-preview:large\" \/>\n\t<meta name=\"author\" content=\"admin1\"\/>\n\t<link rel=\"canonical\" href=\"https:\/\/ejornais.com.br\/index.php\/2026\/09\/02\/confira-a-programacao-gratuita-das-bibliotecas-municipais-de-sorocaba-deste-mes-de-setembro-agencia-de-noticias\/\" \/>\n\t<meta name=\"generator\" content=\"All in One SEO (AIOSEO) 5.0.1.1\" \/>\n\t\t<meta property=\"og:locale\" content=\"pt_BR\" \/>\n\t\t<meta property=\"og:site_name\" content=\"eJornais - Cat\u00e1logo de Jornais no mundo, Not\u00edcias, Blog e Esportes ao vivo\" \/>\n\t\t<meta property=\"og:type\" content=\"article\" \/>\n\t\t<meta property=\"og:title\" content=\"Confira a programa\u00e7\u00e3o gratuita das Bibliotecas Municipais de Sorocaba deste m\u00eas de setembro \u2013 Ag\u00eancia de Not\u00edcias - eJornais\" \/>\n\t\t<meta property=\"og:description\" content=\"Neste m\u00eas de setembro, a Prefeitura de Sorocaba, por meio da Secretaria de Cultura (Secult), oferece uma programa\u00e7\u00e3o gratuita na Biblioteca Municipal \u201cJorge Guilherme Senger\u201d, no Alto da Boa Vista, e na Biblioteca Infantil Municipal \u201cRenato S\u00eaneca de S\u00e1 Fleury\u201d, que fica no Centro, voltada a pessoas de todas as idades. O objetivo das atividades\" \/>\n\t\t<meta property=\"og:url\" content=\"https:\/\/ejornais.com.br\/index.php\/2026\/09\/02\/confira-a-programacao-gratuita-das-bibliotecas-municipais-de-sorocaba-deste-mes-de-setembro-agencia-de-noticias\/\" \/>\n\t\t<meta property=\"article:published_time\" content=\"2026-09-03T01:17:04+00:00\" \/>\n\t\t<meta property=\"article:modified_time\" content=\"2026-09-03T01:17:04+00:00\" \/>\n\t\t<meta name=\"twitter:card\" content=\"summary_large_image\" \/>\n\t\t<meta name=\"twitter:title\" content=\"Confira a programa\u00e7\u00e3o gratuita das Bibliotecas Municipais de Sorocaba deste m\u00eas de setembro \u2013 Ag\u00eancia de Not\u00edcias - eJornais\" \/>\n\t\t<meta name=\"twitter:description\" content=\"Neste m\u00eas de setembro, a Prefeitura de Sorocaba, por meio da Secretaria de Cultura (Secult), oferece uma programa\u00e7\u00e3o gratuita na Biblioteca Municipal \u201cJorge Guilherme Senger\u201d, no Alto da Boa Vista, e na Biblioteca Infantil Municipal \u201cRenato S\u00eaneca de S\u00e1 Fleury\u201d, que fica no Centro, voltada a pessoas de todas as idades. O objetivo das atividades\" \/>\n\t\t<script type=\"application\/ld+json\" class=\"aioseo-schema\">\n\t\t\t{\"@context\":\"https:\\\/\\\/schema.org\",\"@graph\":[{\"@type\":\"BlogPosting\",\"@id\":\"https:\\\/\\\/ejornais.com.br\\\/index.php\\\/2026\\\/09\\\/02\\\/confira-a-programacao-gratuita-das-bibliotecas-municipais-de-sorocaba-deste-mes-de-setembro-agencia-de-noticias\\\/#blogposting\",\"name\":\"Confira a programa\\u00e7\\u00e3o gratuita das Bibliotecas Municipais de Sorocaba deste m\\u00eas de setembro \\u2013 Ag\\u00eancia de Not\\u00edcias - eJornais\",\"headline\":\"Confira a programa\\u00e7\\u00e3o gratuita das Bibliotecas Municipais de Sorocaba deste m\\u00eas de setembro \\u2013 Ag\\u00eancia de Not\\u00edcias\",\"author\":{\"@id\":\"https:\\\/\\\/ejornais.com.br\\\/index.php\\\/author\\\/admin1\\\/#author\"},\"publisher\":{\"@id\":\"https:\\\/\\\/ejornais.com.br\\\/#organization\"},\"datePublished\":\"2026-09-02T22:17:04-03:00\",\"dateModified\":\"2026-09-02T22:17:04-03:00\",\"inLanguage\":\"pt-BR\",\"mainEntityOfPage\":{\"@id\":\"https:\\\/\\\/ejornais.com.br\\\/index.php\\\/2026\\\/09\\\/02\\\/confira-a-programacao-gratuita-das-bibliotecas-municipais-de-sorocaba-deste-mes-de-setembro-agencia-de-noticias\\\/#webpage\"},\"isPartOf\":{\"@id\":\"https:\\\/\\\/ejornais.com.br\\\/index.php\\\/2026\\\/09\\\/02\\\/confira-a-programacao-gratuita-das-bibliotecas-municipais-de-sorocaba-deste-mes-de-setembro-agencia-de-noticias\\\/#webpage\"},\"articleSection\":\"Cat\\u00e1logo de Jornais\"},{\"@type\":\"BreadcrumbList\",\"@id\":\"https:\\\/\\\/ejornais.com.br\\\/index.php\\\/2026\\\/09\\\/02\\\/confira-a-programacao-gratuita-das-bibliotecas-municipais-de-sorocaba-deste-mes-de-setembro-agencia-de-noticias\\\/#breadcrumblist\",\"itemListElement\":[{\"@type\":\"ListItem\",\"@id\":\"https:\\\/\\\/ejornais.com.br#listItem\",\"position\":1,\"name\":\"In\\u00edcio\",\"item\":\"https:\\\/\\\/ejornais.com.br\",\"nextItem\":{\"@type\":\"ListItem\",\"@id\":\"https:\\\/\\\/ejornais.com.br\\\/index.php\\\/category\\\/ejornais\\\/#listItem\",\"name\":\"Cat\\u00e1logo de Jornais\"}},{\"@type\":\"ListItem\",\"@id\":\"https:\\\/\\\/ejornais.com.br\\\/index.php\\\/category\\\/ejornais\\\/#listItem\",\"position\":2,\"name\":\"Cat\\u00e1logo de Jornais\",\"item\":\"https:\\\/\\\/ejornais.com.br\\\/index.php\\\/category\\\/ejornais\\\/\",\"nextItem\":{\"@type\":\"ListItem\",\"@id\":\"https:\\\/\\\/ejornais.com.br\\\/index.php\\\/2026\\\/09\\\/02\\\/confira-a-programacao-gratuita-das-bibliotecas-municipais-de-sorocaba-deste-mes-de-setembro-agencia-de-noticias\\\/#listItem\",\"name\":\"Confira a programa\\u00e7\\u00e3o gratuita das Bibliotecas Municipais de Sorocaba deste m\\u00eas de setembro \\u2013 Ag\\u00eancia de Not\\u00edcias\"},\"previousItem\":{\"@type\":\"ListItem\",\"@id\":\"https:\\\/\\\/ejornais.com.br#listItem\",\"name\":\"In\\u00edcio\"}},{\"@type\":\"ListItem\",\"@id\":\"https:\\\/\\\/ejornais.com.br\\\/index.php\\\/2026\\\/09\\\/02\\\/confira-a-programacao-gratuita-das-bibliotecas-municipais-de-sorocaba-deste-mes-de-setembro-agencia-de-noticias\\\/#listItem\",\"position\":3,\"name\":\"Confira a programa\\u00e7\\u00e3o gratuita das Bibliotecas Municipais de Sorocaba deste m\\u00eas de setembro \\u2013 Ag\\u00eancia de Not\\u00edcias\",\"previousItem\":{\"@type\":\"ListItem\",\"@id\":\"https:\\\/\\\/ejornais.com.br\\\/index.php\\\/category\\\/ejornais\\\/#listItem\",\"name\":\"Cat\\u00e1logo de Jornais\"}}]},{\"@type\":\"Organization\",\"@id\":\"https:\\\/\\\/ejornais.com.br\\\/#organization\",\"name\":\"eJornais\",\"description\":\"Cat\\u00e1logo de Jornais no mundo, Not\\u00edcias, Blog e Esportes ao vivo\",\"url\":\"https:\\\/\\\/ejornais.com.br\\\/\"},{\"@type\":\"Person\",\"@id\":\"https:\\\/\\\/ejornais.com.br\\\/index.php\\\/author\\\/admin1\\\/#author\",\"url\":\"https:\\\/\\\/ejornais.com.br\\\/index.php\\\/author\\\/admin1\\\/\",\"name\":\"admin1\",\"image\":{\"@type\":\"ImageObject\",\"@id\":\"https:\\\/\\\/ejornais.com.br\\\/index.php\\\/2026\\\/09\\\/02\\\/confira-a-programacao-gratuita-das-bibliotecas-municipais-de-sorocaba-deste-mes-de-setembro-agencia-de-noticias\\\/#authorImage\",\"url\":\"https:\\\/\\\/secure.gravatar.com\\\/avatar\\\/04084e6d73c042b8646e7c17b494073bf0ede3ea13c7105cfc45cbbbc28385a4?s=96&d=mm&r=g\",\"width\":96,\"height\":96,\"caption\":\"admin1\"}},{\"@type\":\"WebPage\",\"@id\":\"https:\\\/\\\/ejornais.com.br\\\/index.php\\\/2026\\\/09\\\/02\\\/confira-a-programacao-gratuita-das-bibliotecas-municipais-de-sorocaba-deste-mes-de-setembro-agencia-de-noticias\\\/#webpage\",\"url\":\"https:\\\/\\\/ejornais.com.br\\\/index.php\\\/2026\\\/09\\\/02\\\/confira-a-programacao-gratuita-das-bibliotecas-municipais-de-sorocaba-deste-mes-de-setembro-agencia-de-noticias\\\/\",\"name\":\"Confira a programa\\u00e7\\u00e3o gratuita das Bibliotecas Municipais de Sorocaba deste m\\u00eas de setembro \\u2013 Ag\\u00eancia de Not\\u00edcias - eJornais\",\"description\":\"Neste m\\u00eas de setembro, a Prefeitura de Sorocaba, por meio da Secretaria de Cultura (Secult), oferece uma programa\\u00e7\\u00e3o gratuita na Biblioteca Municipal \\u201cJorge Guilherme Senger\\u201d, no Alto da Boa Vista, e na Biblioteca Infantil Municipal \\u201cRenato S\\u00eaneca de S\\u00e1 Fleury\\u201d, que fica no Centro, voltada a pessoas de todas as idades. O objetivo das atividades\",\"inLanguage\":\"pt-BR\",\"isPartOf\":{\"@id\":\"https:\\\/\\\/ejornais.com.br\\\/#website\"},\"breadcrumb\":{\"@id\":\"https:\\\/\\\/ejornais.com.br\\\/index.php\\\/2026\\\/09\\\/02\\\/confira-a-programacao-gratuita-das-bibliotecas-municipais-de-sorocaba-deste-mes-de-setembro-agencia-de-noticias\\\/#breadcrumblist\"},\"author\":{\"@id\":\"https:\\\/\\\/ejornais.com.br\\\/index.php\\\/author\\\/admin1\\\/#author\"},\"creator\":{\"@id\":\"https:\\\/\\\/ejornais.com.br\\\/index.php\\\/author\\\/admin1\\\/#author\"},\"datePublished\":\"2026-09-02T22:17:04-03:00\",\"dateModified\":\"2026-09-02T22:17:04-03:00\"},{\"@type\":\"WebSite\",\"@id\":\"https:\\\/\\\/ejornais.com.br\\\/#website\",\"url\":\"https:\\\/\\\/ejornais.com.br\\\/\",\"name\":\"eJornais\",\"description\":\"Cat\\u00e1logo de Jornais no mundo, Not\\u00edcias, Blog e Esportes ao vivo\",\"inLanguage\":\"pt-BR\",\"publisher\":{\"@id\":\"https:\\\/\\\/ejornais.com.br\\\/#organization\"}}]}\n\t\t<\/script>\n\t\t<!-- All in One SEO -->\n\n","aioseo_head_json":{"title":"Confira a programa\u00e7\u00e3o gratuita das Bibliotecas Municipais de Sorocaba deste m\u00eas de setembro \u2013 Ag\u00eancia de Not\u00edcias - eJornais","description":"Neste m\u00eas de setembro, a Prefeitura de Sorocaba, por meio da Secretaria de Cultura (Secult), oferece uma programa\u00e7\u00e3o gratuita na Biblioteca Municipal \u201cJorge Guilherme Senger\u201d, no Alto da Boa Vista, e na Biblioteca Infantil Municipal \u201cRenato S\u00eaneca de S\u00e1 Fleury\u201d, que fica no Centro, voltada a pessoas de todas as idades. O objetivo das atividades","canonical_url":"https:\/\/ejornais.com.br\/index.php\/2026\/09\/02\/confira-a-programacao-gratuita-das-bibliotecas-municipais-de-sorocaba-deste-mes-de-setembro-agencia-de-noticias\/","robots":"max-image-preview:large","keywords":"","webmasterTools":{"miscellaneous":""},"schema":{"@context":"https:\/\/schema.org","@graph":[{"@type":"BlogPosting","@id":"https:\/\/ejornais.com.br\/index.php\/2026\/09\/02\/confira-a-programacao-gratuita-das-bibliotecas-municipais-de-sorocaba-deste-mes-de-setembro-agencia-de-noticias\/#blogposting","name":"Confira a programa\u00e7\u00e3o gratuita das Bibliotecas Municipais de Sorocaba deste m\u00eas de setembro \u2013 Ag\u00eancia de Not\u00edcias - eJornais","headline":"Confira a programa\u00e7\u00e3o gratuita das Bibliotecas Municipais de Sorocaba deste m\u00eas de setembro \u2013 Ag\u00eancia de Not\u00edcias","author":{"@id":"https:\/\/ejornais.com.br\/index.php\/author\/admin1\/#author"},"publisher":{"@id":"https:\/\/ejornais.com.br\/#organization"},"datePublished":"2026-09-02T22:17:04-03:00","dateModified":"2026-09-02T22:17:04-03:00","inLanguage":"pt-BR","mainEntityOfPage":{"@id":"https:\/\/ejornais.com.br\/index.php\/2026\/09\/02\/confira-a-programacao-gratuita-das-bibliotecas-municipais-de-sorocaba-deste-mes-de-setembro-agencia-de-noticias\/#webpage"},"isPartOf":{"@id":"https:\/\/ejornais.com.br\/index.php\/2026\/09\/02\/confira-a-programacao-gratuita-das-bibliotecas-municipais-de-sorocaba-deste-mes-de-setembro-agencia-de-noticias\/#webpage"},"articleSection":"Cat\u00e1logo de Jornais"},{"@type":"BreadcrumbList","@id":"https:\/\/ejornais.com.br\/index.php\/2026\/09\/02\/confira-a-programacao-gratuita-das-bibliotecas-municipais-de-sorocaba-deste-mes-de-setembro-agencia-de-noticias\/#breadcrumblist","itemListElement":[{"@type":"ListItem","@id":"https:\/\/ejornais.com.br#listItem","position":1,"name":"In\u00edcio","item":"https:\/\/ejornais.com.br","nextItem":{"@type":"ListItem","@id":"https:\/\/ejornais.com.br\/index.php\/category\/ejornais\/#listItem","name":"Cat\u00e1logo de Jornais"}},{"@type":"ListItem","@id":"https:\/\/ejornais.com.br\/index.php\/category\/ejornais\/#listItem","position":2,"name":"Cat\u00e1logo de Jornais","item":"https:\/\/ejornais.com.br\/index.php\/category\/ejornais\/","nextItem":{"@type":"ListItem","@id":"https:\/\/ejornais.com.br\/index.php\/2026\/09\/02\/confira-a-programacao-gratuita-das-bibliotecas-municipais-de-sorocaba-deste-mes-de-setembro-agencia-de-noticias\/#listItem","name":"Confira a programa\u00e7\u00e3o gratuita das Bibliotecas Municipais de Sorocaba deste m\u00eas de setembro \u2013 Ag\u00eancia de Not\u00edcias"},"previousItem":{"@type":"ListItem","@id":"https:\/\/ejornais.com.br#listItem","name":"In\u00edcio"}},{"@type":"ListItem","@id":"https:\/\/ejornais.com.br\/index.php\/2026\/09\/02\/confira-a-programacao-gratuita-das-bibliotecas-municipais-de-sorocaba-deste-mes-de-setembro-agencia-de-noticias\/#listItem","position":3,"name":"Confira a programa\u00e7\u00e3o gratuita das Bibliotecas Municipais de Sorocaba deste m\u00eas de setembro \u2013 Ag\u00eancia de Not\u00edcias","previousItem":{"@type":"ListItem","@id":"https:\/\/ejornais.com.br\/index.php\/category\/ejornais\/#listItem","name":"Cat\u00e1logo de Jornais"}}]},{"@type":"Organization","@id":"https:\/\/ejornais.com.br\/#organization","name":"eJornais","description":"Cat\u00e1logo de Jornais no mundo, Not\u00edcias, Blog e Esportes ao vivo","url":"https:\/\/ejornais.com.br\/"},{"@type":"Person","@id":"https:\/\/ejornais.com.br\/index.php\/author\/admin1\/#author","url":"https:\/\/ejornais.com.br\/index.php\/author\/admin1\/","name":"admin1","image":{"@type":"ImageObject","@id":"https:\/\/ejornais.com.br\/index.php\/2026\/09\/02\/confira-a-programacao-gratuita-das-bibliotecas-municipais-de-sorocaba-deste-mes-de-setembro-agencia-de-noticias\/#authorImage","url":"https:\/\/secure.gravatar.com\/avatar\/04084e6d73c042b8646e7c17b494073bf0ede3ea13c7105cfc45cbbbc28385a4?s=96&d=mm&r=g","width":96,"height":96,"caption":"admin1"}},{"@type":"WebPage","@id":"https:\/\/ejornais.com.br\/index.php\/2026\/09\/02\/confira-a-programacao-gratuita-das-bibliotecas-municipais-de-sorocaba-deste-mes-de-setembro-agencia-de-noticias\/#webpage","url":"https:\/\/ejornais.com.br\/index.php\/2026\/09\/02\/confira-a-programacao-gratuita-das-bibliotecas-municipais-de-sorocaba-deste-mes-de-setembro-agencia-de-noticias\/","name":"Confira a programa\u00e7\u00e3o gratuita das Bibliotecas Municipais de Sorocaba deste m\u00eas de setembro \u2013 Ag\u00eancia de Not\u00edcias - eJornais","description":"Neste m\u00eas de setembro, a Prefeitura de Sorocaba, por meio da Secretaria de Cultura (Secult), oferece uma programa\u00e7\u00e3o gratuita na Biblioteca Municipal \u201cJorge Guilherme Senger\u201d, no Alto da Boa Vista, e na Biblioteca Infantil Municipal \u201cRenato S\u00eaneca de S\u00e1 Fleury\u201d, que fica no Centro, voltada a pessoas de todas as idades. O objetivo das atividades","inLanguage":"pt-BR","isPartOf":{"@id":"https:\/\/ejornais.com.br\/#website"},"breadcrumb":{"@id":"https:\/\/ejornais.com.br\/index.php\/2026\/09\/02\/confira-a-programacao-gratuita-das-bibliotecas-municipais-de-sorocaba-deste-mes-de-setembro-agencia-de-noticias\/#breadcrumblist"},"author":{"@id":"https:\/\/ejornais.com.br\/index.php\/author\/admin1\/#author"},"creator":{"@id":"https:\/\/ejornais.com.br\/index.php\/author\/admin1\/#author"},"datePublished":"2026-09-02T22:17:04-03:00","dateModified":"2026-09-02T22:17:04-03:00"},{"@type":"WebSite","@id":"https:\/\/ejornais.com.br\/#website","url":"https:\/\/ejornais.com.br\/","name":"eJornais","description":"Cat\u00e1logo de Jornais no mundo, Not\u00edcias, Blog e Esportes ao vivo","inLanguage":"pt-BR","publisher":{"@id":"https:\/\/ejornais.com.br\/#organization"}}]},"og:locale":"pt_BR","og:site_name":"eJornais - Cat\u00e1logo de Jornais no mundo, Not\u00edcias, Blog e Esportes ao vivo","og:type":"article","og:title":"Confira a programa\u00e7\u00e3o gratuita das Bibliotecas Municipais de Sorocaba deste m\u00eas de setembro \u2013 Ag\u00eancia de Not\u00edcias - eJornais","og:description":"Neste m\u00eas de setembro, a Prefeitura de Sorocaba, por meio da Secretaria de Cultura (Secult), oferece uma programa\u00e7\u00e3o gratuita na Biblioteca Municipal \u201cJorge Guilherme Senger\u201d, no Alto da Boa Vista, e na Biblioteca Infantil Municipal \u201cRenato S\u00eaneca de S\u00e1 Fleury\u201d, que fica no Centro, voltada a pessoas de todas as idades. O objetivo das atividades","og:url":"https:\/\/ejornais.com.br\/index.php\/2026\/09\/02\/confira-a-programacao-gratuita-das-bibliotecas-municipais-de-sorocaba-deste-mes-de-setembro-agencia-de-noticias\/","article:published_time":"2026-09-03T01:17:04+00:00","article:modified_time":"2026-09-03T01:17:04+00:00","twitter:card":"summary_large_image","twitter:title":"Confira a programa\u00e7\u00e3o gratuita das Bibliotecas Municipais de Sorocaba deste m\u00eas de setembro \u2013 Ag\u00eancia de Not\u00edcias - eJornais","twitter:description":"Neste m\u00eas de setembro, a Prefeitura de Sorocaba, por meio da Secretaria de Cultura (Secult), oferece uma programa\u00e7\u00e3o gratuita na Biblioteca Municipal \u201cJorge Guilherme Senger\u201d, no Alto da Boa Vista, e na Biblioteca Infantil Municipal \u201cRenato S\u00eaneca de S\u00e1 Fleury\u201d, que fica no Centro, voltada a pessoas de todas as idades. O objetivo das atividades"},"aioseo_meta_data":[],"aioseo_breadcrumb":"<div class=\"aioseo-breadcrumbs\"><span class=\"aioseo-breadcrumb\">\n\t\t\t<a href=\"https:\/\/ejornais.com.br\" title=\"In\u00edcio\">In\u00edcio<\/a>\n\t\t<\/span><span class=\"aioseo-breadcrumb-separator\">&raquo;<\/span><span class=\"aioseo-breadcrumb\">\n\t\t\t<a href=\"https:\/\/ejornais.com.br\/index.php\/category\/ejornais\/\" title=\"Cat\u00e1logo de Jornais\">Cat\u00e1logo de Jornais<\/a>\n\t\t<\/span><span class=\"aioseo-breadcrumb-separator\">&raquo;<\/span><span class=\"aioseo-breadcrumb\">\n\t\t\tConfira a programa\u00e7\u00e3o gratuita das Bibliotecas Municipais de Sorocaba deste m\u00eas de setembro \u2013 Ag\u00eancia de Not\u00edcias\n\t\t<\/span><\/div>","aioseo_breadcrumb_json":[{"label":"In\u00edcio","link":"https:\/\/ejornais.com.br"},{"label":"Cat\u00e1logo de Jornais","link":"https:\/\/ejornais.com.br\/index.php\/category\/ejornais\/"},{"label":"Confira a programa\u00e7\u00e3o gratuita das Bibliotecas Municipais de Sorocaba deste m\u00eas de setembro \u2013 Ag\u00eancia de Not\u00edcias","link":"https:\/\/ejornais.com.br\/index.php\/2026\/09\/02\/confira-a-programacao-gratuita-das-bibliotecas-municipais-de-sorocaba-deste-mes-de-setembro-agencia-de-noticias\/"}],"amp_enabled":true,"_links":{"self":[{"href":"https:\/\/ejornais.com.br\/index.php\/wp-json\/wp\/v2\/posts\/71577","targetHints":{"allow":["GET"]}}],"collection":[{"href":"https:\/\/ejornais.com.br\/index.php\/wp-json\/wp\/v2\/posts"}],"about":[{"href":"https:\/\/ejornais.com.br\/index.php\/wp-json\/wp\/v2\/types\/post"}],"author":[{"embeddable":true,"href":"https:\/\/ejornais.com.br\/index.php\/wp-json\/wp\/v2\/users\/2"}],"replies":[{"embeddable":true,"href":"https:\/\/ejornais.com.br\/index.php\/wp-json\/wp\/v2\/comments?post=71577"}],"version-history":[{"count":0,"href":"https:\/\/ejornais.com.br\/index.php\/wp-json\/wp\/v2\/posts\/71577\/revisions"}],"wp:attachment":[{"href":"https:\/\/ejornais.com.br\/index.php\/wp-json\/wp\/v2\/media?parent=71577"}],"wp:term":[{"taxonomy":"category","embeddable":true,"href":"https:\/\/ejornais.com.br\/index.php\/wp-json\/wp\/v2\/categories?post=71577"},{"taxonomy":"post_tag","embeddable":true,"href":"https:\/\/ejornais.com.br\/index.php\/wp-json\/wp\/v2\/tags?post=71577"}],"curies":[{"name":"wp","href":"https:\/\/api.w.org\/{rel}","templated":true}]}}