{"id":71583,"date":"2026-09-03T02:29:03","date_gmt":"2026-09-03T05:29:03","guid":{"rendered":"https:\/\/ejornais.com.br\/index.php\/2026\/09\/03\/terminal-brt-metropolitano-passa-a-ter-nova-opcao-de-embarque-para-sao-paulo-prefeitura-da-cidade-do-rio-de-janeiro\/"},"modified":"2026-09-03T02:29:03","modified_gmt":"2026-09-03T05:29:03","slug":"terminal-brt-metropolitano-passa-a-ter-nova-opcao-de-embarque-para-sao-paulo-prefeitura-da-cidade-do-rio-de-janeiro","status":"publish","type":"post","link":"https:\/\/ejornais.com.br\/index.php\/2026\/09\/03\/terminal-brt-metropolitano-passa-a-ter-nova-opcao-de-embarque-para-sao-paulo-prefeitura-da-cidade-do-rio-de-janeiro\/","title":{"rendered":"Terminal BRT Metropolitano passa a ter nova op\u00e7\u00e3o de embarque para S\u00e3o Paulo &#8211; Prefeitura da Cidade do Rio de Janeiro"},"content":{"rendered":"<p><\/p>\n<div dir=\"auto\">A Prefeitura do Rio, por meio da Secretaria Municipal de Transportes (SMTR), informa que o Terminal BRT Metropolitano, no Trevo das Margaridas, em Iraj\u00e1, passa a contar com uma nova op\u00e7\u00e3o de viagem interestadual para S\u00e3o Paulo a partir da sexta-feira (4\/9). O servi\u00e7o ser\u00e1 operado pela Penha, com sa\u00eddas de domingo a sexta-feira, \u00e0s 22h.<\/p>\n<p>O trecho Terminal Margaridas x S\u00e3o Paulo ter\u00e1 como destino o Terminal Rodovi\u00e1rio do Tiet\u00ea, na capital paulista. O \u00f4nibus parte do Terminal BRT Metropolitano, faz uma parada no Terminal de Campo Grande e segue para S\u00e3o Paulo. No sentido contr\u00e1rio, o trecho S\u00e3o Paulo x Terminal Margaridas ter\u00e1 sa\u00edda do Terminal Rodovi\u00e1rio do Tiet\u00ea \u00e0s 23h20, com destino ao Terminal BRT Metropolitano.<\/p>\n<p>\u2013 Este \u00e9 um pedido antigo da Zona Norte e da Baixada. O terminal j\u00e1 integra 11 linhas de seis cidades da Baixada ao BRT e facilitou muito a vida de quem circula entre o Rio e a regi\u00e3o. Agora\u00a0ganha mais uma conex\u00e3o importante \u2013 destaca o prefeito Eduardo Cavaliere.<\/p>\n<p>A nova opera\u00e7\u00e3o amplia as op\u00e7\u00f5es de deslocamento para os passageiros que utilizam o terminal, oferecendo uma alternativa de viagem interestadual no per\u00edodo noturno. O servi\u00e7o ser\u00e1 realizado em \u00f4nibus rodovi\u00e1rios dos tipos semi-leito ou cama, proporcionando mais conforto durante o trajeto.<\/p>\n<p>Os bilhetes podem ser adquiridos pelo site da Penha.<\/p>\n<p><b>Integra\u00e7\u00e3o entre o Rio e a Baixada Fluminense<\/b><\/p>\n<p>Inaugurado em 14 de mar\u00e7o deste ano, o Terminal BRT Metropolitano funciona 24 horas por dia. Localizado no Trevo das Margaridas, em Iraj\u00e1, no ponto de encontro da Rodovia Presidente Dutra com a Avenida Brasil, o terminal passou a integrar diretamente ao corredor Transbrasil as linhas intermunicipais provenientes da Baixada Fluminense.<\/p>\n<p>Com 63,4 mil metros quadrados de \u00e1rea constru\u00edda, o equipamento atende atualmente passageiros de seis munic\u00edpios da Baixada: Nova Igua\u00e7u, S\u00e3o Jo\u00e3o de Meriti, Mesquita, Nil\u00f3polis, Belford Roxo e Queimados. Ao todo, s\u00e3o 11 linhas intermunicipais integradas ao sistema.<\/p>\n<p>A partir do terminal, os passageiros t\u00eam acesso ao corredor Transbrasil em faixa exclusiva, podendo seguir at\u00e9 o Centro, com conex\u00e3o no Terminal Intermodal Gentileza (TIG), ou continuar at\u00e9 regi\u00f5es como Barra da Tijuca, Recreio dos Bandeirantes e o Aeroporto Internacional Tom Jobim, por meio dos corredores Transol\u00edmpica e Transcarioca.<\/p>\n<p>Com o Bilhete \u00danico Margaridas (BUM) do Ja\u00e9 \u2014 dispon\u00edvel para passageiros de linhas intermunicipais que utilizam o Terminal BRT Metropolitano \u2014, \u00e9 poss\u00edvel realizar at\u00e9 quatro viagens em BRT, VLT e \u00f4nibus municipais dentro de um per\u00edodo de 20 horas, com a integra\u00e7\u00e3o municipal pelo valor de R$ 5.<br \/><b><br \/>Servi\u00e7os no Terminal BRT Metropolitano<\/b><\/p>\n<p><b>\u00d4nibus rodovi\u00e1rio interestadual<\/b><\/p>\n<p><b>Terminal Margaridas x S\u00e3o Paulo<\/b><br \/>Terminal BRT Metropolitano (Rio de Janeiro) x Terminal Rodovi\u00e1rio do Tiet\u00ea (S\u00e3o Paulo)<br \/>Sa\u00edda do Terminal Margaridas: domingo a sexta-feira, \u00e0s 22h<\/p>\n<p><b>S\u00e3o Paulo x Terminal Margaridas<\/b><br \/>Terminal Rodovi\u00e1rio do Tiet\u00ea (S\u00e3o Paulo) x Terminal BRT Metropolitano (Rio de Janeiro)<br \/>Sa\u00edda de S\u00e3o Paulo: domingo a sexta-feira, \u00e0s 23h20<\/p>\n<p><b>Linhas intermunicipais<\/b><\/p>\n<p><i>Nova Igua\u00e7u<\/i><\/p>\n<p>579I \u2013 Nova Igua\u00e7u \u2013 Margaridas<br \/>618I \u2013 Nova Igua\u00e7u \u2013 Margaridas<br \/>790I \u2013 Miguel Couto \u2013 Margaridas,\u00a0via Luiz de Lemos<br \/>791I\u00a0\u2013 Austin \u2013 Margaridas, via Tio Luiz<br \/>742I \u2013 Cabu\u00e7u \u2013 Margaridas<\/p>\n<p><i>S\u00e3o Jo\u00e3o de Meriti<\/i><\/p>\n<p>518I \u2013 Pra\u00e7a da Bandeira \u2013 Margaridas<br \/>519I \u2013 \u00c9den \u2013 Margaridas<\/p>\n<p><i>Mesquita<\/i><\/p>\n<p>478I \u2013 Mesquita \u2013 Margaridas, via Chatuba<\/p>\n<p><i>Queimados<\/i><\/p>\n<p>441I \u2013 Queimados \u2013 Margaridas<\/p>\n<p><i>Belford Roxo<\/i><\/p>\n<p>718I \u2013 Nova Aurora \u2013 Margaridas<\/p>\n<p><i>Nil\u00f3polis<\/i><\/p>\n<p>516I \u2013 Km 2,5 da BR-116 \u2013 Nil\u00f3polis, via Terminal Margaridas<\/p>\n<p><b>BRT<\/b><\/p>\n<p><i>Servi\u00e7o 70 \u2013 Parador<\/i><\/p>\n<p>Terminal BRT Metropolitano \u2013 Terminal Intermodal Gentileza<br \/><i><br \/>Servi\u00e7o 73 \u2013 Expresso<\/i><\/p>\n<p>Terminal BRT Metropolitano \u2013 Terminal Intermodal Gentileza<\/p>\n<p><b>Linhas municipais<\/b><\/p>\n<p>944 Pavuna x Terminal Margaridas<br \/>685 Terminal Margaridas x M\u00e9ier<br \/>950 Vicente de Carvalho x Vista Alegre<br \/>951 Vicente de Carvalho x Vista Alegre<br \/>959 Metr\u00f4 Vicente de Carvalho x Iraj\u00e1<br \/>SV774 Madureira x Jardim Am\u00e9rica<br \/>SVA665 Pavuna x Saens Pe\u00f1a<\/p>\n<\/div>\n","protected":false},"excerpt":{"rendered":"<p>A Prefeitura do Rio, por meio da Secretaria Municipal de Transportes (SMTR), informa que o Terminal BRT Metropolitano, no Trevo<\/p>\n","protected":false},"author":2,"featured_media":0,"comment_status":"","ping_status":"","sticky":false,"template":"","format":"standard","meta":{"colormag_page_container_layout":"default_layout","colormag_page_sidebar_layout":"default_layout","footnotes":""},"categories":[1],"tags":[],"class_list":["post-71583","post","type-post","status-publish","format-standard","hentry","category-ejornais"],"aioseo_notices":[],"aioseo_head":"\n\t\t<!-- All in One SEO 5.0.1.1 - aioseo.com -->\n\t<meta name=\"description\" content=\"A Prefeitura do Rio, por meio da Secretaria Municipal de Transportes (SMTR), informa que o Terminal BRT Metropolitano, no Trevo das Margaridas, em Iraj\u00e1, passa a contar com uma nova op\u00e7\u00e3o de viagem interestadual para S\u00e3o Paulo a partir da sexta-feira (4\/9). O servi\u00e7o ser\u00e1 operado pela Penha, com sa\u00eddas de domingo a sexta-feira, \u00e0s\" \/>\n\t<meta name=\"robots\" content=\"max-image-preview:large\" \/>\n\t<meta name=\"author\" content=\"admin1\"\/>\n\t<link rel=\"canonical\" href=\"https:\/\/ejornais.com.br\/index.php\/2026\/09\/03\/terminal-brt-metropolitano-passa-a-ter-nova-opcao-de-embarque-para-sao-paulo-prefeitura-da-cidade-do-rio-de-janeiro\/\" \/>\n\t<meta name=\"generator\" content=\"All in One SEO (AIOSEO) 5.0.1.1\" \/>\n\t\t<meta property=\"og:locale\" content=\"pt_BR\" \/>\n\t\t<meta property=\"og:site_name\" content=\"eJornais - Cat\u00e1logo de Jornais no mundo, Not\u00edcias, Blog e Esportes ao vivo\" \/>\n\t\t<meta property=\"og:type\" content=\"article\" \/>\n\t\t<meta property=\"og:title\" content=\"Terminal BRT Metropolitano passa a ter nova op\u00e7\u00e3o de embarque para S\u00e3o Paulo \u2013 Prefeitura da Cidade do Rio de Janeiro - eJornais\" \/>\n\t\t<meta property=\"og:description\" content=\"A Prefeitura do Rio, por meio da Secretaria Municipal de Transportes (SMTR), informa que o Terminal BRT Metropolitano, no Trevo das Margaridas, em Iraj\u00e1, passa a contar com uma nova op\u00e7\u00e3o de viagem interestadual para S\u00e3o Paulo a partir da sexta-feira (4\/9). O servi\u00e7o ser\u00e1 operado pela Penha, com sa\u00eddas de domingo a sexta-feira, \u00e0s\" \/>\n\t\t<meta property=\"og:url\" content=\"https:\/\/ejornais.com.br\/index.php\/2026\/09\/03\/terminal-brt-metropolitano-passa-a-ter-nova-opcao-de-embarque-para-sao-paulo-prefeitura-da-cidade-do-rio-de-janeiro\/\" \/>\n\t\t<meta property=\"article:published_time\" content=\"2026-09-03T05:29:03+00:00\" \/>\n\t\t<meta property=\"article:modified_time\" content=\"2026-09-03T05:29:03+00:00\" \/>\n\t\t<meta name=\"twitter:card\" content=\"summary_large_image\" \/>\n\t\t<meta name=\"twitter:title\" content=\"Terminal BRT Metropolitano passa a ter nova op\u00e7\u00e3o de embarque para S\u00e3o Paulo \u2013 Prefeitura da Cidade do Rio de Janeiro - eJornais\" \/>\n\t\t<meta name=\"twitter:description\" content=\"A Prefeitura do Rio, por meio da Secretaria Municipal de Transportes (SMTR), informa que o Terminal BRT Metropolitano, no Trevo das Margaridas, em Iraj\u00e1, passa a contar com uma nova op\u00e7\u00e3o de viagem interestadual para S\u00e3o Paulo a partir da sexta-feira (4\/9). O servi\u00e7o ser\u00e1 operado pela Penha, com sa\u00eddas de domingo a sexta-feira, \u00e0s\" \/>\n\t\t<script type=\"application\/ld+json\" class=\"aioseo-schema\">\n\t\t\t{\"@context\":\"https:\\\/\\\/schema.org\",\"@graph\":[{\"@type\":\"BlogPosting\",\"@id\":\"https:\\\/\\\/ejornais.com.br\\\/index.php\\\/2026\\\/09\\\/03\\\/terminal-brt-metropolitano-passa-a-ter-nova-opcao-de-embarque-para-sao-paulo-prefeitura-da-cidade-do-rio-de-janeiro\\\/#blogposting\",\"name\":\"Terminal BRT Metropolitano passa a ter nova op\\u00e7\\u00e3o de embarque para S\\u00e3o Paulo \\u2013 Prefeitura da Cidade do Rio de Janeiro - eJornais\",\"headline\":\"Terminal BRT Metropolitano passa a ter nova op\\u00e7\\u00e3o de embarque para S\\u00e3o Paulo &#8211; Prefeitura da Cidade do Rio de Janeiro\",\"author\":{\"@id\":\"https:\\\/\\\/ejornais.com.br\\\/index.php\\\/author\\\/admin1\\\/#author\"},\"publisher\":{\"@id\":\"https:\\\/\\\/ejornais.com.br\\\/#organization\"},\"datePublished\":\"2026-09-03T02:29:03-03:00\",\"dateModified\":\"2026-09-03T02:29:03-03:00\",\"inLanguage\":\"pt-BR\",\"mainEntityOfPage\":{\"@id\":\"https:\\\/\\\/ejornais.com.br\\\/index.php\\\/2026\\\/09\\\/03\\\/terminal-brt-metropolitano-passa-a-ter-nova-opcao-de-embarque-para-sao-paulo-prefeitura-da-cidade-do-rio-de-janeiro\\\/#webpage\"},\"isPartOf\":{\"@id\":\"https:\\\/\\\/ejornais.com.br\\\/index.php\\\/2026\\\/09\\\/03\\\/terminal-brt-metropolitano-passa-a-ter-nova-opcao-de-embarque-para-sao-paulo-prefeitura-da-cidade-do-rio-de-janeiro\\\/#webpage\"},\"articleSection\":\"Cat\\u00e1logo de Jornais\"},{\"@type\":\"BreadcrumbList\",\"@id\":\"https:\\\/\\\/ejornais.com.br\\\/index.php\\\/2026\\\/09\\\/03\\\/terminal-brt-metropolitano-passa-a-ter-nova-opcao-de-embarque-para-sao-paulo-prefeitura-da-cidade-do-rio-de-janeiro\\\/#breadcrumblist\",\"itemListElement\":[{\"@type\":\"ListItem\",\"@id\":\"https:\\\/\\\/ejornais.com.br#listItem\",\"position\":1,\"name\":\"In\\u00edcio\",\"item\":\"https:\\\/\\\/ejornais.com.br\",\"nextItem\":{\"@type\":\"ListItem\",\"@id\":\"https:\\\/\\\/ejornais.com.br\\\/index.php\\\/category\\\/ejornais\\\/#listItem\",\"name\":\"Cat\\u00e1logo de Jornais\"}},{\"@type\":\"ListItem\",\"@id\":\"https:\\\/\\\/ejornais.com.br\\\/index.php\\\/category\\\/ejornais\\\/#listItem\",\"position\":2,\"name\":\"Cat\\u00e1logo de Jornais\",\"item\":\"https:\\\/\\\/ejornais.com.br\\\/index.php\\\/category\\\/ejornais\\\/\",\"nextItem\":{\"@type\":\"ListItem\",\"@id\":\"https:\\\/\\\/ejornais.com.br\\\/index.php\\\/2026\\\/09\\\/03\\\/terminal-brt-metropolitano-passa-a-ter-nova-opcao-de-embarque-para-sao-paulo-prefeitura-da-cidade-do-rio-de-janeiro\\\/#listItem\",\"name\":\"Terminal BRT Metropolitano passa a ter nova op\\u00e7\\u00e3o de embarque para S\\u00e3o Paulo &#8211; Prefeitura da Cidade do Rio de Janeiro\"},\"previousItem\":{\"@type\":\"ListItem\",\"@id\":\"https:\\\/\\\/ejornais.com.br#listItem\",\"name\":\"In\\u00edcio\"}},{\"@type\":\"ListItem\",\"@id\":\"https:\\\/\\\/ejornais.com.br\\\/index.php\\\/2026\\\/09\\\/03\\\/terminal-brt-metropolitano-passa-a-ter-nova-opcao-de-embarque-para-sao-paulo-prefeitura-da-cidade-do-rio-de-janeiro\\\/#listItem\",\"position\":3,\"name\":\"Terminal BRT Metropolitano passa a ter nova op\\u00e7\\u00e3o de embarque para S\\u00e3o Paulo &#8211; Prefeitura da Cidade do Rio de Janeiro\",\"previousItem\":{\"@type\":\"ListItem\",\"@id\":\"https:\\\/\\\/ejornais.com.br\\\/index.php\\\/category\\\/ejornais\\\/#listItem\",\"name\":\"Cat\\u00e1logo de Jornais\"}}]},{\"@type\":\"Organization\",\"@id\":\"https:\\\/\\\/ejornais.com.br\\\/#organization\",\"name\":\"eJornais\",\"description\":\"Cat\\u00e1logo de Jornais no mundo, Not\\u00edcias, Blog e Esportes ao vivo\",\"url\":\"https:\\\/\\\/ejornais.com.br\\\/\"},{\"@type\":\"Person\",\"@id\":\"https:\\\/\\\/ejornais.com.br\\\/index.php\\\/author\\\/admin1\\\/#author\",\"url\":\"https:\\\/\\\/ejornais.com.br\\\/index.php\\\/author\\\/admin1\\\/\",\"name\":\"admin1\",\"image\":{\"@type\":\"ImageObject\",\"@id\":\"https:\\\/\\\/ejornais.com.br\\\/index.php\\\/2026\\\/09\\\/03\\\/terminal-brt-metropolitano-passa-a-ter-nova-opcao-de-embarque-para-sao-paulo-prefeitura-da-cidade-do-rio-de-janeiro\\\/#authorImage\",\"url\":\"https:\\\/\\\/secure.gravatar.com\\\/avatar\\\/04084e6d73c042b8646e7c17b494073bf0ede3ea13c7105cfc45cbbbc28385a4?s=96&d=mm&r=g\",\"width\":96,\"height\":96,\"caption\":\"admin1\"}},{\"@type\":\"WebPage\",\"@id\":\"https:\\\/\\\/ejornais.com.br\\\/index.php\\\/2026\\\/09\\\/03\\\/terminal-brt-metropolitano-passa-a-ter-nova-opcao-de-embarque-para-sao-paulo-prefeitura-da-cidade-do-rio-de-janeiro\\\/#webpage\",\"url\":\"https:\\\/\\\/ejornais.com.br\\\/index.php\\\/2026\\\/09\\\/03\\\/terminal-brt-metropolitano-passa-a-ter-nova-opcao-de-embarque-para-sao-paulo-prefeitura-da-cidade-do-rio-de-janeiro\\\/\",\"name\":\"Terminal BRT Metropolitano passa a ter nova op\\u00e7\\u00e3o de embarque para S\\u00e3o Paulo \\u2013 Prefeitura da Cidade do Rio de Janeiro - eJornais\",\"description\":\"A Prefeitura do Rio, por meio da Secretaria Municipal de Transportes (SMTR), informa que o Terminal BRT Metropolitano, no Trevo das Margaridas, em Iraj\\u00e1, passa a contar com uma nova op\\u00e7\\u00e3o de viagem interestadual para S\\u00e3o Paulo a partir da sexta-feira (4\\\/9). O servi\\u00e7o ser\\u00e1 operado pela Penha, com sa\\u00eddas de domingo a sexta-feira, \\u00e0s\",\"inLanguage\":\"pt-BR\",\"isPartOf\":{\"@id\":\"https:\\\/\\\/ejornais.com.br\\\/#website\"},\"breadcrumb\":{\"@id\":\"https:\\\/\\\/ejornais.com.br\\\/index.php\\\/2026\\\/09\\\/03\\\/terminal-brt-metropolitano-passa-a-ter-nova-opcao-de-embarque-para-sao-paulo-prefeitura-da-cidade-do-rio-de-janeiro\\\/#breadcrumblist\"},\"author\":{\"@id\":\"https:\\\/\\\/ejornais.com.br\\\/index.php\\\/author\\\/admin1\\\/#author\"},\"creator\":{\"@id\":\"https:\\\/\\\/ejornais.com.br\\\/index.php\\\/author\\\/admin1\\\/#author\"},\"datePublished\":\"2026-09-03T02:29:03-03:00\",\"dateModified\":\"2026-09-03T02:29:03-03:00\"},{\"@type\":\"WebSite\",\"@id\":\"https:\\\/\\\/ejornais.com.br\\\/#website\",\"url\":\"https:\\\/\\\/ejornais.com.br\\\/\",\"name\":\"eJornais\",\"description\":\"Cat\\u00e1logo de Jornais no mundo, Not\\u00edcias, Blog e Esportes ao vivo\",\"inLanguage\":\"pt-BR\",\"publisher\":{\"@id\":\"https:\\\/\\\/ejornais.com.br\\\/#organization\"}}]}\n\t\t<\/script>\n\t\t<!-- All in One SEO -->\n\n","aioseo_head_json":{"title":"Terminal BRT Metropolitano passa a ter nova op\u00e7\u00e3o de embarque para S\u00e3o Paulo \u2013 Prefeitura da Cidade do Rio de Janeiro - eJornais","description":"A Prefeitura do Rio, por meio da Secretaria Municipal de Transportes (SMTR), informa que o Terminal BRT Metropolitano, no Trevo das Margaridas, em Iraj\u00e1, passa a contar com uma nova op\u00e7\u00e3o de viagem interestadual para S\u00e3o Paulo a partir da sexta-feira (4\/9). O servi\u00e7o ser\u00e1 operado pela Penha, com sa\u00eddas de domingo a sexta-feira, \u00e0s","canonical_url":"https:\/\/ejornais.com.br\/index.php\/2026\/09\/03\/terminal-brt-metropolitano-passa-a-ter-nova-opcao-de-embarque-para-sao-paulo-prefeitura-da-cidade-do-rio-de-janeiro\/","robots":"max-image-preview:large","keywords":"","webmasterTools":{"miscellaneous":""},"schema":{"@context":"https:\/\/schema.org","@graph":[{"@type":"BlogPosting","@id":"https:\/\/ejornais.com.br\/index.php\/2026\/09\/03\/terminal-brt-metropolitano-passa-a-ter-nova-opcao-de-embarque-para-sao-paulo-prefeitura-da-cidade-do-rio-de-janeiro\/#blogposting","name":"Terminal BRT Metropolitano passa a ter nova op\u00e7\u00e3o de embarque para S\u00e3o Paulo \u2013 Prefeitura da Cidade do Rio de Janeiro - eJornais","headline":"Terminal BRT Metropolitano passa a ter nova op\u00e7\u00e3o de embarque para S\u00e3o Paulo &#8211; Prefeitura da Cidade do Rio de Janeiro","author":{"@id":"https:\/\/ejornais.com.br\/index.php\/author\/admin1\/#author"},"publisher":{"@id":"https:\/\/ejornais.com.br\/#organization"},"datePublished":"2026-09-03T02:29:03-03:00","dateModified":"2026-09-03T02:29:03-03:00","inLanguage":"pt-BR","mainEntityOfPage":{"@id":"https:\/\/ejornais.com.br\/index.php\/2026\/09\/03\/terminal-brt-metropolitano-passa-a-ter-nova-opcao-de-embarque-para-sao-paulo-prefeitura-da-cidade-do-rio-de-janeiro\/#webpage"},"isPartOf":{"@id":"https:\/\/ejornais.com.br\/index.php\/2026\/09\/03\/terminal-brt-metropolitano-passa-a-ter-nova-opcao-de-embarque-para-sao-paulo-prefeitura-da-cidade-do-rio-de-janeiro\/#webpage"},"articleSection":"Cat\u00e1logo de Jornais"},{"@type":"BreadcrumbList","@id":"https:\/\/ejornais.com.br\/index.php\/2026\/09\/03\/terminal-brt-metropolitano-passa-a-ter-nova-opcao-de-embarque-para-sao-paulo-prefeitura-da-cidade-do-rio-de-janeiro\/#breadcrumblist","itemListElement":[{"@type":"ListItem","@id":"https:\/\/ejornais.com.br#listItem","position":1,"name":"In\u00edcio","item":"https:\/\/ejornais.com.br","nextItem":{"@type":"ListItem","@id":"https:\/\/ejornais.com.br\/index.php\/category\/ejornais\/#listItem","name":"Cat\u00e1logo de Jornais"}},{"@type":"ListItem","@id":"https:\/\/ejornais.com.br\/index.php\/category\/ejornais\/#listItem","position":2,"name":"Cat\u00e1logo de Jornais","item":"https:\/\/ejornais.com.br\/index.php\/category\/ejornais\/","nextItem":{"@type":"ListItem","@id":"https:\/\/ejornais.com.br\/index.php\/2026\/09\/03\/terminal-brt-metropolitano-passa-a-ter-nova-opcao-de-embarque-para-sao-paulo-prefeitura-da-cidade-do-rio-de-janeiro\/#listItem","name":"Terminal BRT Metropolitano passa a ter nova op\u00e7\u00e3o de embarque para S\u00e3o Paulo &#8211; Prefeitura da Cidade do Rio de Janeiro"},"previousItem":{"@type":"ListItem","@id":"https:\/\/ejornais.com.br#listItem","name":"In\u00edcio"}},{"@type":"ListItem","@id":"https:\/\/ejornais.com.br\/index.php\/2026\/09\/03\/terminal-brt-metropolitano-passa-a-ter-nova-opcao-de-embarque-para-sao-paulo-prefeitura-da-cidade-do-rio-de-janeiro\/#listItem","position":3,"name":"Terminal BRT Metropolitano passa a ter nova op\u00e7\u00e3o de embarque para S\u00e3o Paulo &#8211; Prefeitura da Cidade do Rio de Janeiro","previousItem":{"@type":"ListItem","@id":"https:\/\/ejornais.com.br\/index.php\/category\/ejornais\/#listItem","name":"Cat\u00e1logo de Jornais"}}]},{"@type":"Organization","@id":"https:\/\/ejornais.com.br\/#organization","name":"eJornais","description":"Cat\u00e1logo de Jornais no mundo, Not\u00edcias, Blog e Esportes ao vivo","url":"https:\/\/ejornais.com.br\/"},{"@type":"Person","@id":"https:\/\/ejornais.com.br\/index.php\/author\/admin1\/#author","url":"https:\/\/ejornais.com.br\/index.php\/author\/admin1\/","name":"admin1","image":{"@type":"ImageObject","@id":"https:\/\/ejornais.com.br\/index.php\/2026\/09\/03\/terminal-brt-metropolitano-passa-a-ter-nova-opcao-de-embarque-para-sao-paulo-prefeitura-da-cidade-do-rio-de-janeiro\/#authorImage","url":"https:\/\/secure.gravatar.com\/avatar\/04084e6d73c042b8646e7c17b494073bf0ede3ea13c7105cfc45cbbbc28385a4?s=96&d=mm&r=g","width":96,"height":96,"caption":"admin1"}},{"@type":"WebPage","@id":"https:\/\/ejornais.com.br\/index.php\/2026\/09\/03\/terminal-brt-metropolitano-passa-a-ter-nova-opcao-de-embarque-para-sao-paulo-prefeitura-da-cidade-do-rio-de-janeiro\/#webpage","url":"https:\/\/ejornais.com.br\/index.php\/2026\/09\/03\/terminal-brt-metropolitano-passa-a-ter-nova-opcao-de-embarque-para-sao-paulo-prefeitura-da-cidade-do-rio-de-janeiro\/","name":"Terminal BRT Metropolitano passa a ter nova op\u00e7\u00e3o de embarque para S\u00e3o Paulo \u2013 Prefeitura da Cidade do Rio de Janeiro - eJornais","description":"A Prefeitura do Rio, por meio da Secretaria Municipal de Transportes (SMTR), informa que o Terminal BRT Metropolitano, no Trevo das Margaridas, em Iraj\u00e1, passa a contar com uma nova op\u00e7\u00e3o de viagem interestadual para S\u00e3o Paulo a partir da sexta-feira (4\/9). O servi\u00e7o ser\u00e1 operado pela Penha, com sa\u00eddas de domingo a sexta-feira, \u00e0s","inLanguage":"pt-BR","isPartOf":{"@id":"https:\/\/ejornais.com.br\/#website"},"breadcrumb":{"@id":"https:\/\/ejornais.com.br\/index.php\/2026\/09\/03\/terminal-brt-metropolitano-passa-a-ter-nova-opcao-de-embarque-para-sao-paulo-prefeitura-da-cidade-do-rio-de-janeiro\/#breadcrumblist"},"author":{"@id":"https:\/\/ejornais.com.br\/index.php\/author\/admin1\/#author"},"creator":{"@id":"https:\/\/ejornais.com.br\/index.php\/author\/admin1\/#author"},"datePublished":"2026-09-03T02:29:03-03:00","dateModified":"2026-09-03T02:29:03-03:00"},{"@type":"WebSite","@id":"https:\/\/ejornais.com.br\/#website","url":"https:\/\/ejornais.com.br\/","name":"eJornais","description":"Cat\u00e1logo de Jornais no mundo, Not\u00edcias, Blog e Esportes ao vivo","inLanguage":"pt-BR","publisher":{"@id":"https:\/\/ejornais.com.br\/#organization"}}]},"og:locale":"pt_BR","og:site_name":"eJornais - Cat\u00e1logo de Jornais no mundo, Not\u00edcias, Blog e Esportes ao vivo","og:type":"article","og:title":"Terminal BRT Metropolitano passa a ter nova op\u00e7\u00e3o de embarque para S\u00e3o Paulo \u2013 Prefeitura da Cidade do Rio de Janeiro - eJornais","og:description":"A Prefeitura do Rio, por meio da Secretaria Municipal de Transportes (SMTR), informa que o Terminal BRT Metropolitano, no Trevo das Margaridas, em Iraj\u00e1, passa a contar com uma nova op\u00e7\u00e3o de viagem interestadual para S\u00e3o Paulo a partir da sexta-feira (4\/9). O servi\u00e7o ser\u00e1 operado pela Penha, com sa\u00eddas de domingo a sexta-feira, \u00e0s","og:url":"https:\/\/ejornais.com.br\/index.php\/2026\/09\/03\/terminal-brt-metropolitano-passa-a-ter-nova-opcao-de-embarque-para-sao-paulo-prefeitura-da-cidade-do-rio-de-janeiro\/","article:published_time":"2026-09-03T05:29:03+00:00","article:modified_time":"2026-09-03T05:29:03+00:00","twitter:card":"summary_large_image","twitter:title":"Terminal BRT Metropolitano passa a ter nova op\u00e7\u00e3o de embarque para S\u00e3o Paulo \u2013 Prefeitura da Cidade do Rio de Janeiro - eJornais","twitter:description":"A Prefeitura do Rio, por meio da Secretaria Municipal de Transportes (SMTR), informa que o Terminal BRT Metropolitano, no Trevo das Margaridas, em Iraj\u00e1, passa a contar com uma nova op\u00e7\u00e3o de viagem interestadual para S\u00e3o Paulo a partir da sexta-feira (4\/9). O servi\u00e7o ser\u00e1 operado pela Penha, com sa\u00eddas de domingo a sexta-feira, \u00e0s"},"aioseo_meta_data":[],"aioseo_breadcrumb":"<div class=\"aioseo-breadcrumbs\"><span class=\"aioseo-breadcrumb\">\n\t\t\t<a href=\"https:\/\/ejornais.com.br\" title=\"In\u00edcio\">In\u00edcio<\/a>\n\t\t<\/span><span class=\"aioseo-breadcrumb-separator\">&raquo;<\/span><span class=\"aioseo-breadcrumb\">\n\t\t\t<a href=\"https:\/\/ejornais.com.br\/index.php\/category\/ejornais\/\" title=\"Cat\u00e1logo de Jornais\">Cat\u00e1logo de Jornais<\/a>\n\t\t<\/span><span class=\"aioseo-breadcrumb-separator\">&raquo;<\/span><span class=\"aioseo-breadcrumb\">\n\t\t\tTerminal BRT Metropolitano passa a ter nova op\u00e7\u00e3o de embarque para S\u00e3o Paulo \u2013 Prefeitura da Cidade do Rio de Janeiro\n\t\t<\/span><\/div>","aioseo_breadcrumb_json":[{"label":"In\u00edcio","link":"https:\/\/ejornais.com.br"},{"label":"Cat\u00e1logo de Jornais","link":"https:\/\/ejornais.com.br\/index.php\/category\/ejornais\/"},{"label":"Terminal BRT Metropolitano passa a ter nova op\u00e7\u00e3o de embarque para S\u00e3o Paulo &#8211; Prefeitura da Cidade do Rio de Janeiro","link":"https:\/\/ejornais.com.br\/index.php\/2026\/09\/03\/terminal-brt-metropolitano-passa-a-ter-nova-opcao-de-embarque-para-sao-paulo-prefeitura-da-cidade-do-rio-de-janeiro\/"}],"amp_enabled":true,"_links":{"self":[{"href":"https:\/\/ejornais.com.br\/index.php\/wp-json\/wp\/v2\/posts\/71583","targetHints":{"allow":["GET"]}}],"collection":[{"href":"https:\/\/ejornais.com.br\/index.php\/wp-json\/wp\/v2\/posts"}],"about":[{"href":"https:\/\/ejornais.com.br\/index.php\/wp-json\/wp\/v2\/types\/post"}],"author":[{"embeddable":true,"href":"https:\/\/ejornais.com.br\/index.php\/wp-json\/wp\/v2\/users\/2"}],"replies":[{"embeddable":true,"href":"https:\/\/ejornais.com.br\/index.php\/wp-json\/wp\/v2\/comments?post=71583"}],"version-history":[{"count":0,"href":"https:\/\/ejornais.com.br\/index.php\/wp-json\/wp\/v2\/posts\/71583\/revisions"}],"wp:attachment":[{"href":"https:\/\/ejornais.com.br\/index.php\/wp-json\/wp\/v2\/media?parent=71583"}],"wp:term":[{"taxonomy":"category","embeddable":true,"href":"https:\/\/ejornais.com.br\/index.php\/wp-json\/wp\/v2\/categories?post=71583"},{"taxonomy":"post_tag","embeddable":true,"href":"https:\/\/ejornais.com.br\/index.php\/wp-json\/wp\/v2\/tags?post=71583"}],"curies":[{"name":"wp","href":"https:\/\/api.w.org\/{rel}","templated":true}]}}