{"id":71584,"date":"2026-09-03T03:18:33","date_gmt":"2026-09-03T06:18:33","guid":{"rendered":"https:\/\/ejornais.com.br\/index.php\/2026\/09\/03\/toffoli-libera-propaganda-digital-do-candidato-a-presidente-grassi\/"},"modified":"2026-09-03T03:18:33","modified_gmt":"2026-09-03T06:18:33","slug":"toffoli-libera-propaganda-digital-do-candidato-a-presidente-grassi","status":"publish","type":"post","link":"https:\/\/ejornais.com.br\/index.php\/2026\/09\/03\/toffoli-libera-propaganda-digital-do-candidato-a-presidente-grassi\/","title":{"rendered":"Toffoli libera propaganda digital do candidato a presidente Grassi"},"content":{"rendered":"<p> Por MRNews<br \/>\n<\/p>\n<div>\n<p><strong>O ministro Dias Toffoli, do Tribunal Superior Eleitoral (TSE), liberou nesta quarta-feira (2)\u00a0a propaganda eleitoral do candidato \u00e0 Presid\u00eancia Wilson Grassi\u00a0(Democrata) na internet.\u00a0<\/strong><\/p>\n<p>Na \u00faltima segunda-feira, o ministro determinou a suspens\u00e3o da campanha digital ap\u00f3s indicar que o candidato informou \u00e0 Justi\u00e7a Eleitoral oito perfis nas redes sociais 17 dias ap\u00f3s o requerimento de registro de candidatura.<\/p>\n<p>De acordo com a Lei das Elei\u00e7\u00f5es, partidos e candidatos devem informar os endere\u00e7os eletr\u00f4nicos que ser\u00e3o usados na campanha, incluindo blogs e redes sociais.<\/p>\n<p><strong><a href=\"https:\/\/mrnews.com.br\/index.php\/2026\/09\/03\/bolsa-dispara-3-e-atinge-o-maior-nivel-desde-maio\/\">Bolsa dispara 3% e atinge o maior n\u00edvel desde maio<\/a><\/strong><\/p>\n<p><strong><a href=\"https:\/\/mrnews.com.br\/index.php\/2026\/09\/03\/flamengo-vence-e-fica-a-um-ponto-do-palmeiras-lider-do-brasileirao\/\">Flamengo vence e fica a um ponto do Palmeiras, l\u00edder do Brasileir\u00e3o<\/a><\/strong><\/p>\n<p>A partir da indica\u00e7\u00e3o, as plataformas que operam as redes sociais n\u00e3o podem usar algoritmos para recomendar os perfis aos usu\u00e1rios.\u00a0<\/p>\n<p>Ao rever sua pr\u00f3pria decis\u00e3o, <strong>Toffoli disse que a defesa do candidato prestou os esclarecimentos solicitados e admitiu que usa mecanismo de espelhamento entre contas do Facebook e no Instagram para aumentar o alcance as postagens.<\/strong><\/p>\n<p>\u201cQualquer dos perfis espelhados, que n\u00e3o tenha devidamente sido exclu\u00eddo dos sistemas de recomenda\u00e7\u00e3o, permite que conte\u00fados eleitorais escapem dos filtros de cada plataforma\u201d, afirmou.<\/p>\n<p>Com a nova decis\u00e3o,<strong> o candidato tamb\u00e9m voltar\u00e1 a receber repasses do Fundo Especial de Financiamento de Campanha (FEFC) e poder\u00e1 participar de debates que forem realizados em televis\u00e3o, r\u00e1dio e podcasts.<\/strong><\/p>\n<p><strong><a href=\"https:\/\/mrnews.com.br\/index.php\/2026\/09\/03\/aquecimento-alem-de-15c-ameaca-saude-agricultura-e-economia\/\">Aquecimento al\u00e9m de 1,5\u00b0C amea\u00e7a sa\u00fade, agricultura e economia<\/a><\/strong><\/p>\n<p><strong><a href=\"https:\/\/mrnews.com.br\/index.php\/2026\/09\/02\/senado-oposicao-obstrui-e-fim-da-escala-6x1-nao-vai-a-plenario\/\">Senado: oposi\u00e7\u00e3o obstrui e fim da escala 6\u00d71 n\u00e3o vai a plen\u00e1rio<\/a><\/strong><\/p>\n<\/div>\n","protected":false},"excerpt":{"rendered":"<p>Por MRNews O ministro Dias Toffoli, do Tribunal Superior Eleitoral (TSE), liberou nesta quarta-feira (2)\u00a0a propaganda eleitoral do candidato \u00e0<\/p>\n","protected":false},"author":2,"featured_media":0,"comment_status":"","ping_status":"","sticky":false,"template":"","format":"standard","meta":{"colormag_page_container_layout":"default_layout","colormag_page_sidebar_layout":"default_layout","footnotes":""},"categories":[1],"tags":[],"class_list":["post-71584","post","type-post","status-publish","format-standard","hentry","category-ejornais"],"aioseo_notices":[],"aioseo_head":"\n\t\t<!-- All in One SEO 5.0.1.1 - aioseo.com -->\n\t<meta name=\"description\" content=\"Por MRNews O ministro Dias Toffoli, do Tribunal Superior Eleitoral (TSE), liberou nesta quarta-feira (2) a propaganda eleitoral do candidato \u00e0 Presid\u00eancia Wilson Grassi (Democrata) na internet. Na \u00faltima segunda-feira, o ministro determinou a suspens\u00e3o da campanha digital ap\u00f3s indicar que o candidato informou \u00e0 Justi\u00e7a Eleitoral oito perfis nas redes sociais 17 dias ap\u00f3s o requerimento de\" \/>\n\t<meta name=\"robots\" content=\"max-image-preview:large\" \/>\n\t<meta name=\"author\" content=\"admin1\"\/>\n\t<link rel=\"canonical\" href=\"https:\/\/ejornais.com.br\/index.php\/2026\/09\/03\/toffoli-libera-propaganda-digital-do-candidato-a-presidente-grassi\/\" \/>\n\t<meta name=\"generator\" content=\"All in One SEO (AIOSEO) 5.0.1.1\" \/>\n\t\t<meta property=\"og:locale\" content=\"pt_BR\" \/>\n\t\t<meta property=\"og:site_name\" content=\"eJornais - Cat\u00e1logo de Jornais no mundo, Not\u00edcias, Blog e Esportes ao vivo\" \/>\n\t\t<meta property=\"og:type\" content=\"article\" \/>\n\t\t<meta property=\"og:title\" content=\"Toffoli libera propaganda digital do candidato a presidente Grassi - eJornais\" \/>\n\t\t<meta property=\"og:description\" content=\"Por MRNews O ministro Dias Toffoli, do Tribunal Superior Eleitoral (TSE), liberou nesta quarta-feira (2) a propaganda eleitoral do candidato \u00e0 Presid\u00eancia Wilson Grassi (Democrata) na internet. Na \u00faltima segunda-feira, o ministro determinou a suspens\u00e3o da campanha digital ap\u00f3s indicar que o candidato informou \u00e0 Justi\u00e7a Eleitoral oito perfis nas redes sociais 17 dias ap\u00f3s o requerimento de\" \/>\n\t\t<meta property=\"og:url\" content=\"https:\/\/ejornais.com.br\/index.php\/2026\/09\/03\/toffoli-libera-propaganda-digital-do-candidato-a-presidente-grassi\/\" \/>\n\t\t<meta property=\"article:published_time\" content=\"2026-09-03T06:18:33+00:00\" \/>\n\t\t<meta property=\"article:modified_time\" content=\"2026-09-03T06:18:33+00:00\" \/>\n\t\t<meta name=\"twitter:card\" content=\"summary_large_image\" \/>\n\t\t<meta name=\"twitter:title\" content=\"Toffoli libera propaganda digital do candidato a presidente Grassi - eJornais\" \/>\n\t\t<meta name=\"twitter:description\" content=\"Por MRNews O ministro Dias Toffoli, do Tribunal Superior Eleitoral (TSE), liberou nesta quarta-feira (2) a propaganda eleitoral do candidato \u00e0 Presid\u00eancia Wilson Grassi (Democrata) na internet. Na \u00faltima segunda-feira, o ministro determinou a suspens\u00e3o da campanha digital ap\u00f3s indicar que o candidato informou \u00e0 Justi\u00e7a Eleitoral oito perfis nas redes sociais 17 dias ap\u00f3s o requerimento de\" \/>\n\t\t<script type=\"application\/ld+json\" class=\"aioseo-schema\">\n\t\t\t{\"@context\":\"https:\\\/\\\/schema.org\",\"@graph\":[{\"@type\":\"BlogPosting\",\"@id\":\"https:\\\/\\\/ejornais.com.br\\\/index.php\\\/2026\\\/09\\\/03\\\/toffoli-libera-propaganda-digital-do-candidato-a-presidente-grassi\\\/#blogposting\",\"name\":\"Toffoli libera propaganda digital do candidato a presidente Grassi - eJornais\",\"headline\":\"Toffoli libera propaganda digital do candidato a presidente Grassi\",\"author\":{\"@id\":\"https:\\\/\\\/ejornais.com.br\\\/index.php\\\/author\\\/admin1\\\/#author\"},\"publisher\":{\"@id\":\"https:\\\/\\\/ejornais.com.br\\\/#organization\"},\"datePublished\":\"2026-09-03T03:18:33-03:00\",\"dateModified\":\"2026-09-03T03:18:33-03:00\",\"inLanguage\":\"pt-BR\",\"mainEntityOfPage\":{\"@id\":\"https:\\\/\\\/ejornais.com.br\\\/index.php\\\/2026\\\/09\\\/03\\\/toffoli-libera-propaganda-digital-do-candidato-a-presidente-grassi\\\/#webpage\"},\"isPartOf\":{\"@id\":\"https:\\\/\\\/ejornais.com.br\\\/index.php\\\/2026\\\/09\\\/03\\\/toffoli-libera-propaganda-digital-do-candidato-a-presidente-grassi\\\/#webpage\"},\"articleSection\":\"Cat\\u00e1logo de Jornais\"},{\"@type\":\"BreadcrumbList\",\"@id\":\"https:\\\/\\\/ejornais.com.br\\\/index.php\\\/2026\\\/09\\\/03\\\/toffoli-libera-propaganda-digital-do-candidato-a-presidente-grassi\\\/#breadcrumblist\",\"itemListElement\":[{\"@type\":\"ListItem\",\"@id\":\"https:\\\/\\\/ejornais.com.br#listItem\",\"position\":1,\"name\":\"In\\u00edcio\",\"item\":\"https:\\\/\\\/ejornais.com.br\",\"nextItem\":{\"@type\":\"ListItem\",\"@id\":\"https:\\\/\\\/ejornais.com.br\\\/index.php\\\/category\\\/ejornais\\\/#listItem\",\"name\":\"Cat\\u00e1logo de Jornais\"}},{\"@type\":\"ListItem\",\"@id\":\"https:\\\/\\\/ejornais.com.br\\\/index.php\\\/category\\\/ejornais\\\/#listItem\",\"position\":2,\"name\":\"Cat\\u00e1logo de Jornais\",\"item\":\"https:\\\/\\\/ejornais.com.br\\\/index.php\\\/category\\\/ejornais\\\/\",\"nextItem\":{\"@type\":\"ListItem\",\"@id\":\"https:\\\/\\\/ejornais.com.br\\\/index.php\\\/2026\\\/09\\\/03\\\/toffoli-libera-propaganda-digital-do-candidato-a-presidente-grassi\\\/#listItem\",\"name\":\"Toffoli libera propaganda digital do candidato a presidente Grassi\"},\"previousItem\":{\"@type\":\"ListItem\",\"@id\":\"https:\\\/\\\/ejornais.com.br#listItem\",\"name\":\"In\\u00edcio\"}},{\"@type\":\"ListItem\",\"@id\":\"https:\\\/\\\/ejornais.com.br\\\/index.php\\\/2026\\\/09\\\/03\\\/toffoli-libera-propaganda-digital-do-candidato-a-presidente-grassi\\\/#listItem\",\"position\":3,\"name\":\"Toffoli libera propaganda digital do candidato a presidente Grassi\",\"previousItem\":{\"@type\":\"ListItem\",\"@id\":\"https:\\\/\\\/ejornais.com.br\\\/index.php\\\/category\\\/ejornais\\\/#listItem\",\"name\":\"Cat\\u00e1logo de Jornais\"}}]},{\"@type\":\"Organization\",\"@id\":\"https:\\\/\\\/ejornais.com.br\\\/#organization\",\"name\":\"eJornais\",\"description\":\"Cat\\u00e1logo de Jornais no mundo, Not\\u00edcias, Blog e Esportes ao vivo\",\"url\":\"https:\\\/\\\/ejornais.com.br\\\/\"},{\"@type\":\"Person\",\"@id\":\"https:\\\/\\\/ejornais.com.br\\\/index.php\\\/author\\\/admin1\\\/#author\",\"url\":\"https:\\\/\\\/ejornais.com.br\\\/index.php\\\/author\\\/admin1\\\/\",\"name\":\"admin1\",\"image\":{\"@type\":\"ImageObject\",\"@id\":\"https:\\\/\\\/ejornais.com.br\\\/index.php\\\/2026\\\/09\\\/03\\\/toffoli-libera-propaganda-digital-do-candidato-a-presidente-grassi\\\/#authorImage\",\"url\":\"https:\\\/\\\/secure.gravatar.com\\\/avatar\\\/04084e6d73c042b8646e7c17b494073bf0ede3ea13c7105cfc45cbbbc28385a4?s=96&d=mm&r=g\",\"width\":96,\"height\":96,\"caption\":\"admin1\"}},{\"@type\":\"WebPage\",\"@id\":\"https:\\\/\\\/ejornais.com.br\\\/index.php\\\/2026\\\/09\\\/03\\\/toffoli-libera-propaganda-digital-do-candidato-a-presidente-grassi\\\/#webpage\",\"url\":\"https:\\\/\\\/ejornais.com.br\\\/index.php\\\/2026\\\/09\\\/03\\\/toffoli-libera-propaganda-digital-do-candidato-a-presidente-grassi\\\/\",\"name\":\"Toffoli libera propaganda digital do candidato a presidente Grassi - eJornais\",\"description\":\"Por MRNews O ministro Dias Toffoli, do Tribunal Superior Eleitoral (TSE), liberou nesta quarta-feira (2) a propaganda eleitoral do candidato \\u00e0 Presid\\u00eancia Wilson Grassi (Democrata) na internet. Na \\u00faltima segunda-feira, o ministro determinou a suspens\\u00e3o da campanha digital ap\\u00f3s indicar que o candidato informou \\u00e0 Justi\\u00e7a Eleitoral oito perfis nas redes sociais 17 dias ap\\u00f3s o requerimento de\",\"inLanguage\":\"pt-BR\",\"isPartOf\":{\"@id\":\"https:\\\/\\\/ejornais.com.br\\\/#website\"},\"breadcrumb\":{\"@id\":\"https:\\\/\\\/ejornais.com.br\\\/index.php\\\/2026\\\/09\\\/03\\\/toffoli-libera-propaganda-digital-do-candidato-a-presidente-grassi\\\/#breadcrumblist\"},\"author\":{\"@id\":\"https:\\\/\\\/ejornais.com.br\\\/index.php\\\/author\\\/admin1\\\/#author\"},\"creator\":{\"@id\":\"https:\\\/\\\/ejornais.com.br\\\/index.php\\\/author\\\/admin1\\\/#author\"},\"datePublished\":\"2026-09-03T03:18:33-03:00\",\"dateModified\":\"2026-09-03T03:18:33-03:00\"},{\"@type\":\"WebSite\",\"@id\":\"https:\\\/\\\/ejornais.com.br\\\/#website\",\"url\":\"https:\\\/\\\/ejornais.com.br\\\/\",\"name\":\"eJornais\",\"description\":\"Cat\\u00e1logo de Jornais no mundo, Not\\u00edcias, Blog e Esportes ao vivo\",\"inLanguage\":\"pt-BR\",\"publisher\":{\"@id\":\"https:\\\/\\\/ejornais.com.br\\\/#organization\"}}]}\n\t\t<\/script>\n\t\t<!-- All in One SEO -->\n\n","aioseo_head_json":{"title":"Toffoli libera propaganda digital do candidato a presidente Grassi - eJornais","description":"Por MRNews O ministro Dias Toffoli, do Tribunal Superior Eleitoral (TSE), liberou nesta quarta-feira (2) a propaganda eleitoral do candidato \u00e0 Presid\u00eancia Wilson Grassi (Democrata) na internet. Na \u00faltima segunda-feira, o ministro determinou a suspens\u00e3o da campanha digital ap\u00f3s indicar que o candidato informou \u00e0 Justi\u00e7a Eleitoral oito perfis nas redes sociais 17 dias ap\u00f3s o requerimento de","canonical_url":"https:\/\/ejornais.com.br\/index.php\/2026\/09\/03\/toffoli-libera-propaganda-digital-do-candidato-a-presidente-grassi\/","robots":"max-image-preview:large","keywords":"","webmasterTools":{"miscellaneous":""},"schema":{"@context":"https:\/\/schema.org","@graph":[{"@type":"BlogPosting","@id":"https:\/\/ejornais.com.br\/index.php\/2026\/09\/03\/toffoli-libera-propaganda-digital-do-candidato-a-presidente-grassi\/#blogposting","name":"Toffoli libera propaganda digital do candidato a presidente Grassi - eJornais","headline":"Toffoli libera propaganda digital do candidato a presidente Grassi","author":{"@id":"https:\/\/ejornais.com.br\/index.php\/author\/admin1\/#author"},"publisher":{"@id":"https:\/\/ejornais.com.br\/#organization"},"datePublished":"2026-09-03T03:18:33-03:00","dateModified":"2026-09-03T03:18:33-03:00","inLanguage":"pt-BR","mainEntityOfPage":{"@id":"https:\/\/ejornais.com.br\/index.php\/2026\/09\/03\/toffoli-libera-propaganda-digital-do-candidato-a-presidente-grassi\/#webpage"},"isPartOf":{"@id":"https:\/\/ejornais.com.br\/index.php\/2026\/09\/03\/toffoli-libera-propaganda-digital-do-candidato-a-presidente-grassi\/#webpage"},"articleSection":"Cat\u00e1logo de Jornais"},{"@type":"BreadcrumbList","@id":"https:\/\/ejornais.com.br\/index.php\/2026\/09\/03\/toffoli-libera-propaganda-digital-do-candidato-a-presidente-grassi\/#breadcrumblist","itemListElement":[{"@type":"ListItem","@id":"https:\/\/ejornais.com.br#listItem","position":1,"name":"In\u00edcio","item":"https:\/\/ejornais.com.br","nextItem":{"@type":"ListItem","@id":"https:\/\/ejornais.com.br\/index.php\/category\/ejornais\/#listItem","name":"Cat\u00e1logo de Jornais"}},{"@type":"ListItem","@id":"https:\/\/ejornais.com.br\/index.php\/category\/ejornais\/#listItem","position":2,"name":"Cat\u00e1logo de Jornais","item":"https:\/\/ejornais.com.br\/index.php\/category\/ejornais\/","nextItem":{"@type":"ListItem","@id":"https:\/\/ejornais.com.br\/index.php\/2026\/09\/03\/toffoli-libera-propaganda-digital-do-candidato-a-presidente-grassi\/#listItem","name":"Toffoli libera propaganda digital do candidato a presidente Grassi"},"previousItem":{"@type":"ListItem","@id":"https:\/\/ejornais.com.br#listItem","name":"In\u00edcio"}},{"@type":"ListItem","@id":"https:\/\/ejornais.com.br\/index.php\/2026\/09\/03\/toffoli-libera-propaganda-digital-do-candidato-a-presidente-grassi\/#listItem","position":3,"name":"Toffoli libera propaganda digital do candidato a presidente Grassi","previousItem":{"@type":"ListItem","@id":"https:\/\/ejornais.com.br\/index.php\/category\/ejornais\/#listItem","name":"Cat\u00e1logo de Jornais"}}]},{"@type":"Organization","@id":"https:\/\/ejornais.com.br\/#organization","name":"eJornais","description":"Cat\u00e1logo de Jornais no mundo, Not\u00edcias, Blog e Esportes ao vivo","url":"https:\/\/ejornais.com.br\/"},{"@type":"Person","@id":"https:\/\/ejornais.com.br\/index.php\/author\/admin1\/#author","url":"https:\/\/ejornais.com.br\/index.php\/author\/admin1\/","name":"admin1","image":{"@type":"ImageObject","@id":"https:\/\/ejornais.com.br\/index.php\/2026\/09\/03\/toffoli-libera-propaganda-digital-do-candidato-a-presidente-grassi\/#authorImage","url":"https:\/\/secure.gravatar.com\/avatar\/04084e6d73c042b8646e7c17b494073bf0ede3ea13c7105cfc45cbbbc28385a4?s=96&d=mm&r=g","width":96,"height":96,"caption":"admin1"}},{"@type":"WebPage","@id":"https:\/\/ejornais.com.br\/index.php\/2026\/09\/03\/toffoli-libera-propaganda-digital-do-candidato-a-presidente-grassi\/#webpage","url":"https:\/\/ejornais.com.br\/index.php\/2026\/09\/03\/toffoli-libera-propaganda-digital-do-candidato-a-presidente-grassi\/","name":"Toffoli libera propaganda digital do candidato a presidente Grassi - eJornais","description":"Por MRNews O ministro Dias Toffoli, do Tribunal Superior Eleitoral (TSE), liberou nesta quarta-feira (2) a propaganda eleitoral do candidato \u00e0 Presid\u00eancia Wilson Grassi (Democrata) na internet. Na \u00faltima segunda-feira, o ministro determinou a suspens\u00e3o da campanha digital ap\u00f3s indicar que o candidato informou \u00e0 Justi\u00e7a Eleitoral oito perfis nas redes sociais 17 dias ap\u00f3s o requerimento de","inLanguage":"pt-BR","isPartOf":{"@id":"https:\/\/ejornais.com.br\/#website"},"breadcrumb":{"@id":"https:\/\/ejornais.com.br\/index.php\/2026\/09\/03\/toffoli-libera-propaganda-digital-do-candidato-a-presidente-grassi\/#breadcrumblist"},"author":{"@id":"https:\/\/ejornais.com.br\/index.php\/author\/admin1\/#author"},"creator":{"@id":"https:\/\/ejornais.com.br\/index.php\/author\/admin1\/#author"},"datePublished":"2026-09-03T03:18:33-03:00","dateModified":"2026-09-03T03:18:33-03:00"},{"@type":"WebSite","@id":"https:\/\/ejornais.com.br\/#website","url":"https:\/\/ejornais.com.br\/","name":"eJornais","description":"Cat\u00e1logo de Jornais no mundo, Not\u00edcias, Blog e Esportes ao vivo","inLanguage":"pt-BR","publisher":{"@id":"https:\/\/ejornais.com.br\/#organization"}}]},"og:locale":"pt_BR","og:site_name":"eJornais - Cat\u00e1logo de Jornais no mundo, Not\u00edcias, Blog e Esportes ao vivo","og:type":"article","og:title":"Toffoli libera propaganda digital do candidato a presidente Grassi - eJornais","og:description":"Por MRNews O ministro Dias Toffoli, do Tribunal Superior Eleitoral (TSE), liberou nesta quarta-feira (2) a propaganda eleitoral do candidato \u00e0 Presid\u00eancia Wilson Grassi (Democrata) na internet. Na \u00faltima segunda-feira, o ministro determinou a suspens\u00e3o da campanha digital ap\u00f3s indicar que o candidato informou \u00e0 Justi\u00e7a Eleitoral oito perfis nas redes sociais 17 dias ap\u00f3s o requerimento de","og:url":"https:\/\/ejornais.com.br\/index.php\/2026\/09\/03\/toffoli-libera-propaganda-digital-do-candidato-a-presidente-grassi\/","article:published_time":"2026-09-03T06:18:33+00:00","article:modified_time":"2026-09-03T06:18:33+00:00","twitter:card":"summary_large_image","twitter:title":"Toffoli libera propaganda digital do candidato a presidente Grassi - eJornais","twitter:description":"Por MRNews O ministro Dias Toffoli, do Tribunal Superior Eleitoral (TSE), liberou nesta quarta-feira (2) a propaganda eleitoral do candidato \u00e0 Presid\u00eancia Wilson Grassi (Democrata) na internet. Na \u00faltima segunda-feira, o ministro determinou a suspens\u00e3o da campanha digital ap\u00f3s indicar que o candidato informou \u00e0 Justi\u00e7a Eleitoral oito perfis nas redes sociais 17 dias ap\u00f3s o requerimento de"},"aioseo_meta_data":{"post_id":"71584","title":null,"description":null,"keywords":null,"keyphrases":null,"primary_term":null,"canonical_url":null,"og_title":null,"og_description":null,"og_object_type":"default","og_image_type":"default","og_image_url":null,"og_image_width":null,"og_image_height":null,"og_image_custom_url":null,"og_image_custom_fields":null,"og_video":null,"og_custom_url":null,"og_article_section":null,"og_article_tags":null,"twitter_use_og":false,"twitter_card":"default","twitter_image_type":"default","twitter_image_url":null,"twitter_image_custom_url":null,"twitter_image_custom_fields":null,"twitter_title":null,"twitter_description":null,"schema":{"blockGraphs":[],"customGraphs":[],"default":{"data":{"Article":[],"Course":[],"Dataset":[],"FAQPage":[],"Movie":[],"Person":[],"Product":[],"ProductReview":[],"Car":[],"Recipe":[],"Service":[],"SoftwareApplication":[],"WebPage":[]},"graphName":"","isEnabled":true},"graphs":[]},"schema_type":"default","schema_type_options":null,"pillar_content":false,"robots_default":true,"robots_noindex":false,"robots_noarchive":false,"robots_nosnippet":false,"robots_nofollow":false,"robots_noimageindex":false,"robots_noodp":false,"robots_notranslate":false,"robots_max_snippet":null,"robots_max_videopreview":null,"robots_max_imagepreview":"large","priority":null,"frequency":null,"local_seo":null,"breadcrumb_settings":null,"limit_modified_date":false,"ai":null,"created":"2026-09-05 04:00:45","updated":"2026-09-05 04:00:45","seo_analyzer_scan_date":null,"focus_keyword":null,"additional_keywords":null,"truseo_locale":null},"aioseo_breadcrumb":"<div class=\"aioseo-breadcrumbs\"><span class=\"aioseo-breadcrumb\">\n\t\t\t<a href=\"https:\/\/ejornais.com.br\" title=\"In\u00edcio\">In\u00edcio<\/a>\n\t\t<\/span><span class=\"aioseo-breadcrumb-separator\">&raquo;<\/span><span class=\"aioseo-breadcrumb\">\n\t\t\t<a href=\"https:\/\/ejornais.com.br\/index.php\/category\/ejornais\/\" title=\"Cat\u00e1logo de Jornais\">Cat\u00e1logo de Jornais<\/a>\n\t\t<\/span><span class=\"aioseo-breadcrumb-separator\">&raquo;<\/span><span class=\"aioseo-breadcrumb\">\n\t\t\tToffoli libera propaganda digital do candidato a presidente Grassi\n\t\t<\/span><\/div>","aioseo_breadcrumb_json":[{"label":"In\u00edcio","link":"https:\/\/ejornais.com.br"},{"label":"Cat\u00e1logo de Jornais","link":"https:\/\/ejornais.com.br\/index.php\/category\/ejornais\/"},{"label":"Toffoli libera propaganda digital do candidato a presidente Grassi","link":"https:\/\/ejornais.com.br\/index.php\/2026\/09\/03\/toffoli-libera-propaganda-digital-do-candidato-a-presidente-grassi\/"}],"amp_enabled":true,"_links":{"self":[{"href":"https:\/\/ejornais.com.br\/index.php\/wp-json\/wp\/v2\/posts\/71584","targetHints":{"allow":["GET"]}}],"collection":[{"href":"https:\/\/ejornais.com.br\/index.php\/wp-json\/wp\/v2\/posts"}],"about":[{"href":"https:\/\/ejornais.com.br\/index.php\/wp-json\/wp\/v2\/types\/post"}],"author":[{"embeddable":true,"href":"https:\/\/ejornais.com.br\/index.php\/wp-json\/wp\/v2\/users\/2"}],"replies":[{"embeddable":true,"href":"https:\/\/ejornais.com.br\/index.php\/wp-json\/wp\/v2\/comments?post=71584"}],"version-history":[{"count":0,"href":"https:\/\/ejornais.com.br\/index.php\/wp-json\/wp\/v2\/posts\/71584\/revisions"}],"wp:attachment":[{"href":"https:\/\/ejornais.com.br\/index.php\/wp-json\/wp\/v2\/media?parent=71584"}],"wp:term":[{"taxonomy":"category","embeddable":true,"href":"https:\/\/ejornais.com.br\/index.php\/wp-json\/wp\/v2\/categories?post=71584"},{"taxonomy":"post_tag","embeddable":true,"href":"https:\/\/ejornais.com.br\/index.php\/wp-json\/wp\/v2\/tags?post=71584"}],"curies":[{"name":"wp","href":"https:\/\/api.w.org\/{rel}","templated":true}]}}