{"id":71588,"date":"2026-09-03T06:00:06","date_gmt":"2026-09-03T09:00:06","guid":{"rendered":"https:\/\/ejornais.com.br\/index.php\/2026\/09\/03\/funesp-e-cbf-debatem-melhorias-para-o-futebol-da-capital-cgnoticias-2\/"},"modified":"2026-09-03T06:00:06","modified_gmt":"2026-09-03T09:00:06","slug":"funesp-e-cbf-debatem-melhorias-para-o-futebol-da-capital-cgnoticias-2","status":"publish","type":"post","link":"https:\/\/ejornais.com.br\/index.php\/2026\/09\/03\/funesp-e-cbf-debatem-melhorias-para-o-futebol-da-capital-cgnoticias-2\/","title":{"rendered":"Funesp\u00a0e CBF debatem melhorias para o futebol da Capital\u00a0\u00a0 \u2013 CGNot\u00edcias"},"content":{"rendered":"<p> Por MRNews<br \/>\n<\/p>\n<div>\n<p>A Funda\u00e7\u00e3o Municipal de Esportes (Funesp) debateu o fortalecimento do futebol sul-mato-grossense com o presidente da Confedera\u00e7\u00e3o Brasileira de Futebol (CBF), Samir\u00a0Xaud. O encontro institucional ocorreu na manh\u00e3 desta quarta-feira (2), na sede da Federa\u00e7\u00e3o de Futebol de Mato Grosso do Sul (FFMS).\u00a0<\/p>\n<p>O diretor-presidente, Maicon\u00a0Mommad, e o diretor executivo, Ernani da Silva, representaram a autarquia municipal. A pauta priorizou a parceria mantida com a entidade estadual, chancelada por meio de Termo de Autoriza\u00e7\u00e3o de Uso dos est\u00e1dios Jacques da Luz e Vila Nasser para as competi\u00e7\u00f5es oficiais.\u00a0<\/p>\n<p>A gest\u00e3o, a fiscaliza\u00e7\u00e3o e o agendamento desses espa\u00e7os esportivos permanecem sob total responsabilidade do munic\u00edpio. O Est\u00e1dio Jacques da Luz, situado no bairro Moreninhas, atua de forma estrat\u00e9gica para os clubes locais. O local \u00e9 o \u00fanico palco de Campo Grande com laudos e condi\u00e7\u00f5es pr\u00e1ticas para sediar partidas profissionais.\u00a0<\/p>\n<p><strong><a href=\"https:\/\/mrnews.com.br\/index.php\/2026\/09\/02\/transito-tera-interdicoes-para-desfile-de-7-de-setembro-confira-cgnoticias\/\">Tr\u00e2nsito ter\u00e1 interdi\u00e7\u00f5es para Desfile de 7 de Setembro; confira \u2013 CGNot\u00edcias<\/a><\/strong><\/p>\n<p><strong><a href=\"https:\/\/mrnews.com.br\/index.php\/2026\/09\/02\/prefeito-sanciona-lei-que-oficializa-asseb-como-entidade-de-utilidade-publica-em-bonito-prefeitura-municipal-de-bonito\/\">Prefeito sanciona lei que oficializa ASSEB como entidade de utilidade p\u00fablica em Bonito \u2013 Prefeitura Municipal de Bonito<\/a><\/strong><\/p>\n<p>\u201c\u00c9 uma alegria imensa para Campo Grande poder receber o presidente da CBF. \u00c9 muito importante para a nossa Capital poder receber autoridades, principalmente os representantes das confedera\u00e7\u00f5es e das federa\u00e7\u00f5es, para que a gente possa construir uma pol\u00edtica p\u00fablica mais s\u00f3lida, n\u00e3o s\u00f3 em n\u00edvel municipal, mas tamb\u00e9m a n\u00edvel nacional\u201d, destacou Maicon\u00a0Mommad.\u00a0<\/p>\n<p>O gestor enfatizou a necessidade de trocar experi\u00eancias e atrair novos conhecimentos para estruturar a\u00e7\u00f5es voltadas \u00e0 comunidade.\u00a0<\/p>\n<p>\u201cN\u00f3s trazemos a\u00ed a experi\u00eancia de um gestor em n\u00edvel nacional, que vem para lan\u00e7ar uma obra, que \u00e9 um legado da Copa do Mundo de 2014. Mas, al\u00e9m disso, vem para construir pontes\u00a0e tamb\u00e9m\u00a0para aprimorarmos a constru\u00e7\u00e3o das pol\u00edticas p\u00fablicas\u201d, afirmou.\u00a0<\/p>\n<p>As agendas oficiais continuar\u00e3o na manh\u00e3 desta quinta-feira (3). A\u00a0Funesp\u00a0participar\u00e1 da inaugura\u00e7\u00e3o do Centro de Desenvolvimento do Futebol, marcada para as 8h30. O novo espa\u00e7o esportivo fica na Avenida Tamandar\u00e9, n\u00famero 11.297, na regi\u00e3o da Vila Nasser.\u00a0<\/p>\n<p><strong><a href=\"https:\/\/mrnews.com.br\/index.php\/2026\/09\/02\/funsat-disponibiliza-820-vagas-nesta-quarta-feira-2-cgnoticias\/\">Funsat disponibiliza 820 vagas nesta quarta-feira (2) \u2013 CGNot\u00edcias<\/a><\/strong><\/p>\n<p><strong><a href=\"https:\/\/mrnews.com.br\/index.php\/2026\/09\/02\/semu-abre-inscricoes-para-curso-de-manicure-e-pedicure-cgnoticias\/\">Semu\u00a0abre inscri\u00e7\u00f5es para curso de manicure e pedicure\u00a0 \u2013 CGNot\u00edcias<\/a><\/strong><\/p>\n<\/div>\n<p><script async defer async defer src=\"https:\/\/connect.facebook.net\/en_US\/sdk.js?ver=1#xfbml=1&amp;version=v3.2\" id=\"prefeitura-campogrande-script-facebook-sdk-js\" type=\"5721b3d31f75a925bd11b8b3-text\/javascript\"><\/script><\/p>\n","protected":false},"excerpt":{"rendered":"<p>Por MRNews A Funda\u00e7\u00e3o Municipal de Esportes (Funesp) debateu o fortalecimento do futebol sul-mato-grossense com o presidente da Confedera\u00e7\u00e3o Brasileira<\/p>\n","protected":false},"author":2,"featured_media":0,"comment_status":"","ping_status":"","sticky":false,"template":"","format":"standard","meta":{"colormag_page_container_layout":"default_layout","colormag_page_sidebar_layout":"default_layout","footnotes":""},"categories":[1],"tags":[],"class_list":["post-71588","post","type-post","status-publish","format-standard","hentry","category-ejornais"],"aioseo_notices":[],"aioseo_head":"\n\t\t<!-- All in One SEO 5.0.1.1 - aioseo.com -->\n\t<meta name=\"description\" content=\"Por MRNews A Funda\u00e7\u00e3o Municipal de Esportes (Funesp) debateu o fortalecimento do futebol sul-mato-grossense com o presidente da Confedera\u00e7\u00e3o Brasileira de Futebol (CBF), Samir Xaud. O encontro institucional ocorreu na manh\u00e3 desta quarta-feira (2), na sede da Federa\u00e7\u00e3o de Futebol de Mato Grosso do Sul (FFMS). O diretor-presidente, Maicon Mommad, e o diretor executivo, Ernani da Silva, representaram\" \/>\n\t<meta name=\"robots\" content=\"max-image-preview:large\" \/>\n\t<meta name=\"author\" content=\"admin1\"\/>\n\t<link rel=\"canonical\" href=\"https:\/\/ejornais.com.br\/index.php\/2026\/09\/03\/funesp-e-cbf-debatem-melhorias-para-o-futebol-da-capital-cgnoticias-2\/\" \/>\n\t<meta name=\"generator\" content=\"All in One SEO (AIOSEO) 5.0.1.1\" \/>\n\t\t<meta property=\"og:locale\" content=\"pt_BR\" \/>\n\t\t<meta property=\"og:site_name\" content=\"eJornais - Cat\u00e1logo de Jornais no mundo, Not\u00edcias, Blog e Esportes ao vivo\" \/>\n\t\t<meta property=\"og:type\" content=\"article\" \/>\n\t\t<meta property=\"og:title\" content=\"Funesp e CBF debatem melhorias para o futebol da Capital \u2013 CGNot\u00edcias - eJornais\" \/>\n\t\t<meta property=\"og:description\" content=\"Por MRNews A Funda\u00e7\u00e3o Municipal de Esportes (Funesp) debateu o fortalecimento do futebol sul-mato-grossense com o presidente da Confedera\u00e7\u00e3o Brasileira de Futebol (CBF), Samir Xaud. O encontro institucional ocorreu na manh\u00e3 desta quarta-feira (2), na sede da Federa\u00e7\u00e3o de Futebol de Mato Grosso do Sul (FFMS). O diretor-presidente, Maicon Mommad, e o diretor executivo, Ernani da Silva, representaram\" \/>\n\t\t<meta property=\"og:url\" content=\"https:\/\/ejornais.com.br\/index.php\/2026\/09\/03\/funesp-e-cbf-debatem-melhorias-para-o-futebol-da-capital-cgnoticias-2\/\" \/>\n\t\t<meta property=\"article:published_time\" content=\"2026-09-03T09:00:06+00:00\" \/>\n\t\t<meta property=\"article:modified_time\" content=\"2026-09-03T09:00:06+00:00\" \/>\n\t\t<meta name=\"twitter:card\" content=\"summary_large_image\" \/>\n\t\t<meta name=\"twitter:title\" content=\"Funesp e CBF debatem melhorias para o futebol da Capital \u2013 CGNot\u00edcias - eJornais\" \/>\n\t\t<meta name=\"twitter:description\" content=\"Por MRNews A Funda\u00e7\u00e3o Municipal de Esportes (Funesp) debateu o fortalecimento do futebol sul-mato-grossense com o presidente da Confedera\u00e7\u00e3o Brasileira de Futebol (CBF), Samir Xaud. O encontro institucional ocorreu na manh\u00e3 desta quarta-feira (2), na sede da Federa\u00e7\u00e3o de Futebol de Mato Grosso do Sul (FFMS). O diretor-presidente, Maicon Mommad, e o diretor executivo, Ernani da Silva, representaram\" \/>\n\t\t<script type=\"application\/ld+json\" class=\"aioseo-schema\">\n\t\t\t{\"@context\":\"https:\\\/\\\/schema.org\",\"@graph\":[{\"@type\":\"BlogPosting\",\"@id\":\"https:\\\/\\\/ejornais.com.br\\\/index.php\\\/2026\\\/09\\\/03\\\/funesp-e-cbf-debatem-melhorias-para-o-futebol-da-capital-cgnoticias-2\\\/#blogposting\",\"name\":\"Funesp e CBF debatem melhorias para o futebol da Capital \\u2013 CGNot\\u00edcias - eJornais\",\"headline\":\"Funesp\\u00a0e CBF debatem melhorias para o futebol da Capital\\u00a0\\u00a0 \\u2013 CGNot\\u00edcias\",\"author\":{\"@id\":\"https:\\\/\\\/ejornais.com.br\\\/index.php\\\/author\\\/admin1\\\/#author\"},\"publisher\":{\"@id\":\"https:\\\/\\\/ejornais.com.br\\\/#organization\"},\"datePublished\":\"2026-09-03T06:00:06-03:00\",\"dateModified\":\"2026-09-03T06:00:06-03:00\",\"inLanguage\":\"pt-BR\",\"mainEntityOfPage\":{\"@id\":\"https:\\\/\\\/ejornais.com.br\\\/index.php\\\/2026\\\/09\\\/03\\\/funesp-e-cbf-debatem-melhorias-para-o-futebol-da-capital-cgnoticias-2\\\/#webpage\"},\"isPartOf\":{\"@id\":\"https:\\\/\\\/ejornais.com.br\\\/index.php\\\/2026\\\/09\\\/03\\\/funesp-e-cbf-debatem-melhorias-para-o-futebol-da-capital-cgnoticias-2\\\/#webpage\"},\"articleSection\":\"Cat\\u00e1logo de Jornais\"},{\"@type\":\"BreadcrumbList\",\"@id\":\"https:\\\/\\\/ejornais.com.br\\\/index.php\\\/2026\\\/09\\\/03\\\/funesp-e-cbf-debatem-melhorias-para-o-futebol-da-capital-cgnoticias-2\\\/#breadcrumblist\",\"itemListElement\":[{\"@type\":\"ListItem\",\"@id\":\"https:\\\/\\\/ejornais.com.br#listItem\",\"position\":1,\"name\":\"In\\u00edcio\",\"item\":\"https:\\\/\\\/ejornais.com.br\",\"nextItem\":{\"@type\":\"ListItem\",\"@id\":\"https:\\\/\\\/ejornais.com.br\\\/index.php\\\/category\\\/ejornais\\\/#listItem\",\"name\":\"Cat\\u00e1logo de Jornais\"}},{\"@type\":\"ListItem\",\"@id\":\"https:\\\/\\\/ejornais.com.br\\\/index.php\\\/category\\\/ejornais\\\/#listItem\",\"position\":2,\"name\":\"Cat\\u00e1logo de Jornais\",\"item\":\"https:\\\/\\\/ejornais.com.br\\\/index.php\\\/category\\\/ejornais\\\/\",\"nextItem\":{\"@type\":\"ListItem\",\"@id\":\"https:\\\/\\\/ejornais.com.br\\\/index.php\\\/2026\\\/09\\\/03\\\/funesp-e-cbf-debatem-melhorias-para-o-futebol-da-capital-cgnoticias-2\\\/#listItem\",\"name\":\"Funesp\\u00a0e CBF debatem melhorias para o futebol da Capital\\u00a0\\u00a0 \\u2013 CGNot\\u00edcias\"},\"previousItem\":{\"@type\":\"ListItem\",\"@id\":\"https:\\\/\\\/ejornais.com.br#listItem\",\"name\":\"In\\u00edcio\"}},{\"@type\":\"ListItem\",\"@id\":\"https:\\\/\\\/ejornais.com.br\\\/index.php\\\/2026\\\/09\\\/03\\\/funesp-e-cbf-debatem-melhorias-para-o-futebol-da-capital-cgnoticias-2\\\/#listItem\",\"position\":3,\"name\":\"Funesp\\u00a0e CBF debatem melhorias para o futebol da Capital\\u00a0\\u00a0 \\u2013 CGNot\\u00edcias\",\"previousItem\":{\"@type\":\"ListItem\",\"@id\":\"https:\\\/\\\/ejornais.com.br\\\/index.php\\\/category\\\/ejornais\\\/#listItem\",\"name\":\"Cat\\u00e1logo de Jornais\"}}]},{\"@type\":\"Organization\",\"@id\":\"https:\\\/\\\/ejornais.com.br\\\/#organization\",\"name\":\"eJornais\",\"description\":\"Cat\\u00e1logo de Jornais no mundo, Not\\u00edcias, Blog e Esportes ao vivo\",\"url\":\"https:\\\/\\\/ejornais.com.br\\\/\"},{\"@type\":\"Person\",\"@id\":\"https:\\\/\\\/ejornais.com.br\\\/index.php\\\/author\\\/admin1\\\/#author\",\"url\":\"https:\\\/\\\/ejornais.com.br\\\/index.php\\\/author\\\/admin1\\\/\",\"name\":\"admin1\",\"image\":{\"@type\":\"ImageObject\",\"@id\":\"https:\\\/\\\/ejornais.com.br\\\/index.php\\\/2026\\\/09\\\/03\\\/funesp-e-cbf-debatem-melhorias-para-o-futebol-da-capital-cgnoticias-2\\\/#authorImage\",\"url\":\"https:\\\/\\\/secure.gravatar.com\\\/avatar\\\/04084e6d73c042b8646e7c17b494073bf0ede3ea13c7105cfc45cbbbc28385a4?s=96&d=mm&r=g\",\"width\":96,\"height\":96,\"caption\":\"admin1\"}},{\"@type\":\"WebPage\",\"@id\":\"https:\\\/\\\/ejornais.com.br\\\/index.php\\\/2026\\\/09\\\/03\\\/funesp-e-cbf-debatem-melhorias-para-o-futebol-da-capital-cgnoticias-2\\\/#webpage\",\"url\":\"https:\\\/\\\/ejornais.com.br\\\/index.php\\\/2026\\\/09\\\/03\\\/funesp-e-cbf-debatem-melhorias-para-o-futebol-da-capital-cgnoticias-2\\\/\",\"name\":\"Funesp e CBF debatem melhorias para o futebol da Capital \\u2013 CGNot\\u00edcias - eJornais\",\"description\":\"Por MRNews A Funda\\u00e7\\u00e3o Municipal de Esportes (Funesp) debateu o fortalecimento do futebol sul-mato-grossense com o presidente da Confedera\\u00e7\\u00e3o Brasileira de Futebol (CBF), Samir Xaud. O encontro institucional ocorreu na manh\\u00e3 desta quarta-feira (2), na sede da Federa\\u00e7\\u00e3o de Futebol de Mato Grosso do Sul (FFMS). O diretor-presidente, Maicon Mommad, e o diretor executivo, Ernani da Silva, representaram\",\"inLanguage\":\"pt-BR\",\"isPartOf\":{\"@id\":\"https:\\\/\\\/ejornais.com.br\\\/#website\"},\"breadcrumb\":{\"@id\":\"https:\\\/\\\/ejornais.com.br\\\/index.php\\\/2026\\\/09\\\/03\\\/funesp-e-cbf-debatem-melhorias-para-o-futebol-da-capital-cgnoticias-2\\\/#breadcrumblist\"},\"author\":{\"@id\":\"https:\\\/\\\/ejornais.com.br\\\/index.php\\\/author\\\/admin1\\\/#author\"},\"creator\":{\"@id\":\"https:\\\/\\\/ejornais.com.br\\\/index.php\\\/author\\\/admin1\\\/#author\"},\"datePublished\":\"2026-09-03T06:00:06-03:00\",\"dateModified\":\"2026-09-03T06:00:06-03:00\"},{\"@type\":\"WebSite\",\"@id\":\"https:\\\/\\\/ejornais.com.br\\\/#website\",\"url\":\"https:\\\/\\\/ejornais.com.br\\\/\",\"name\":\"eJornais\",\"description\":\"Cat\\u00e1logo de Jornais no mundo, Not\\u00edcias, Blog e Esportes ao vivo\",\"inLanguage\":\"pt-BR\",\"publisher\":{\"@id\":\"https:\\\/\\\/ejornais.com.br\\\/#organization\"}}]}\n\t\t<\/script>\n\t\t<!-- All in One SEO -->\n\n","aioseo_head_json":{"title":"Funesp e CBF debatem melhorias para o futebol da Capital \u2013 CGNot\u00edcias - eJornais","description":"Por MRNews A Funda\u00e7\u00e3o Municipal de Esportes (Funesp) debateu o fortalecimento do futebol sul-mato-grossense com o presidente da Confedera\u00e7\u00e3o Brasileira de Futebol (CBF), Samir Xaud. O encontro institucional ocorreu na manh\u00e3 desta quarta-feira (2), na sede da Federa\u00e7\u00e3o de Futebol de Mato Grosso do Sul (FFMS). O diretor-presidente, Maicon Mommad, e o diretor executivo, Ernani da Silva, representaram","canonical_url":"https:\/\/ejornais.com.br\/index.php\/2026\/09\/03\/funesp-e-cbf-debatem-melhorias-para-o-futebol-da-capital-cgnoticias-2\/","robots":"max-image-preview:large","keywords":"","webmasterTools":{"miscellaneous":""},"schema":{"@context":"https:\/\/schema.org","@graph":[{"@type":"BlogPosting","@id":"https:\/\/ejornais.com.br\/index.php\/2026\/09\/03\/funesp-e-cbf-debatem-melhorias-para-o-futebol-da-capital-cgnoticias-2\/#blogposting","name":"Funesp e CBF debatem melhorias para o futebol da Capital \u2013 CGNot\u00edcias - eJornais","headline":"Funesp\u00a0e CBF debatem melhorias para o futebol da Capital\u00a0\u00a0 \u2013 CGNot\u00edcias","author":{"@id":"https:\/\/ejornais.com.br\/index.php\/author\/admin1\/#author"},"publisher":{"@id":"https:\/\/ejornais.com.br\/#organization"},"datePublished":"2026-09-03T06:00:06-03:00","dateModified":"2026-09-03T06:00:06-03:00","inLanguage":"pt-BR","mainEntityOfPage":{"@id":"https:\/\/ejornais.com.br\/index.php\/2026\/09\/03\/funesp-e-cbf-debatem-melhorias-para-o-futebol-da-capital-cgnoticias-2\/#webpage"},"isPartOf":{"@id":"https:\/\/ejornais.com.br\/index.php\/2026\/09\/03\/funesp-e-cbf-debatem-melhorias-para-o-futebol-da-capital-cgnoticias-2\/#webpage"},"articleSection":"Cat\u00e1logo de Jornais"},{"@type":"BreadcrumbList","@id":"https:\/\/ejornais.com.br\/index.php\/2026\/09\/03\/funesp-e-cbf-debatem-melhorias-para-o-futebol-da-capital-cgnoticias-2\/#breadcrumblist","itemListElement":[{"@type":"ListItem","@id":"https:\/\/ejornais.com.br#listItem","position":1,"name":"In\u00edcio","item":"https:\/\/ejornais.com.br","nextItem":{"@type":"ListItem","@id":"https:\/\/ejornais.com.br\/index.php\/category\/ejornais\/#listItem","name":"Cat\u00e1logo de Jornais"}},{"@type":"ListItem","@id":"https:\/\/ejornais.com.br\/index.php\/category\/ejornais\/#listItem","position":2,"name":"Cat\u00e1logo de Jornais","item":"https:\/\/ejornais.com.br\/index.php\/category\/ejornais\/","nextItem":{"@type":"ListItem","@id":"https:\/\/ejornais.com.br\/index.php\/2026\/09\/03\/funesp-e-cbf-debatem-melhorias-para-o-futebol-da-capital-cgnoticias-2\/#listItem","name":"Funesp\u00a0e CBF debatem melhorias para o futebol da Capital\u00a0\u00a0 \u2013 CGNot\u00edcias"},"previousItem":{"@type":"ListItem","@id":"https:\/\/ejornais.com.br#listItem","name":"In\u00edcio"}},{"@type":"ListItem","@id":"https:\/\/ejornais.com.br\/index.php\/2026\/09\/03\/funesp-e-cbf-debatem-melhorias-para-o-futebol-da-capital-cgnoticias-2\/#listItem","position":3,"name":"Funesp\u00a0e CBF debatem melhorias para o futebol da Capital\u00a0\u00a0 \u2013 CGNot\u00edcias","previousItem":{"@type":"ListItem","@id":"https:\/\/ejornais.com.br\/index.php\/category\/ejornais\/#listItem","name":"Cat\u00e1logo de Jornais"}}]},{"@type":"Organization","@id":"https:\/\/ejornais.com.br\/#organization","name":"eJornais","description":"Cat\u00e1logo de Jornais no mundo, Not\u00edcias, Blog e Esportes ao vivo","url":"https:\/\/ejornais.com.br\/"},{"@type":"Person","@id":"https:\/\/ejornais.com.br\/index.php\/author\/admin1\/#author","url":"https:\/\/ejornais.com.br\/index.php\/author\/admin1\/","name":"admin1","image":{"@type":"ImageObject","@id":"https:\/\/ejornais.com.br\/index.php\/2026\/09\/03\/funesp-e-cbf-debatem-melhorias-para-o-futebol-da-capital-cgnoticias-2\/#authorImage","url":"https:\/\/secure.gravatar.com\/avatar\/04084e6d73c042b8646e7c17b494073bf0ede3ea13c7105cfc45cbbbc28385a4?s=96&d=mm&r=g","width":96,"height":96,"caption":"admin1"}},{"@type":"WebPage","@id":"https:\/\/ejornais.com.br\/index.php\/2026\/09\/03\/funesp-e-cbf-debatem-melhorias-para-o-futebol-da-capital-cgnoticias-2\/#webpage","url":"https:\/\/ejornais.com.br\/index.php\/2026\/09\/03\/funesp-e-cbf-debatem-melhorias-para-o-futebol-da-capital-cgnoticias-2\/","name":"Funesp e CBF debatem melhorias para o futebol da Capital \u2013 CGNot\u00edcias - eJornais","description":"Por MRNews A Funda\u00e7\u00e3o Municipal de Esportes (Funesp) debateu o fortalecimento do futebol sul-mato-grossense com o presidente da Confedera\u00e7\u00e3o Brasileira de Futebol (CBF), Samir Xaud. O encontro institucional ocorreu na manh\u00e3 desta quarta-feira (2), na sede da Federa\u00e7\u00e3o de Futebol de Mato Grosso do Sul (FFMS). O diretor-presidente, Maicon Mommad, e o diretor executivo, Ernani da Silva, representaram","inLanguage":"pt-BR","isPartOf":{"@id":"https:\/\/ejornais.com.br\/#website"},"breadcrumb":{"@id":"https:\/\/ejornais.com.br\/index.php\/2026\/09\/03\/funesp-e-cbf-debatem-melhorias-para-o-futebol-da-capital-cgnoticias-2\/#breadcrumblist"},"author":{"@id":"https:\/\/ejornais.com.br\/index.php\/author\/admin1\/#author"},"creator":{"@id":"https:\/\/ejornais.com.br\/index.php\/author\/admin1\/#author"},"datePublished":"2026-09-03T06:00:06-03:00","dateModified":"2026-09-03T06:00:06-03:00"},{"@type":"WebSite","@id":"https:\/\/ejornais.com.br\/#website","url":"https:\/\/ejornais.com.br\/","name":"eJornais","description":"Cat\u00e1logo de Jornais no mundo, Not\u00edcias, Blog e Esportes ao vivo","inLanguage":"pt-BR","publisher":{"@id":"https:\/\/ejornais.com.br\/#organization"}}]},"og:locale":"pt_BR","og:site_name":"eJornais - Cat\u00e1logo de Jornais no mundo, Not\u00edcias, Blog e Esportes ao vivo","og:type":"article","og:title":"Funesp e CBF debatem melhorias para o futebol da Capital \u2013 CGNot\u00edcias - eJornais","og:description":"Por MRNews A Funda\u00e7\u00e3o Municipal de Esportes (Funesp) debateu o fortalecimento do futebol sul-mato-grossense com o presidente da Confedera\u00e7\u00e3o Brasileira de Futebol (CBF), Samir Xaud. O encontro institucional ocorreu na manh\u00e3 desta quarta-feira (2), na sede da Federa\u00e7\u00e3o de Futebol de Mato Grosso do Sul (FFMS). O diretor-presidente, Maicon Mommad, e o diretor executivo, Ernani da Silva, representaram","og:url":"https:\/\/ejornais.com.br\/index.php\/2026\/09\/03\/funesp-e-cbf-debatem-melhorias-para-o-futebol-da-capital-cgnoticias-2\/","article:published_time":"2026-09-03T09:00:06+00:00","article:modified_time":"2026-09-03T09:00:06+00:00","twitter:card":"summary_large_image","twitter:title":"Funesp e CBF debatem melhorias para o futebol da Capital \u2013 CGNot\u00edcias - eJornais","twitter:description":"Por MRNews A Funda\u00e7\u00e3o Municipal de Esportes (Funesp) debateu o fortalecimento do futebol sul-mato-grossense com o presidente da Confedera\u00e7\u00e3o Brasileira de Futebol (CBF), Samir Xaud. O encontro institucional ocorreu na manh\u00e3 desta quarta-feira (2), na sede da Federa\u00e7\u00e3o de Futebol de Mato Grosso do Sul (FFMS). O diretor-presidente, Maicon Mommad, e o diretor executivo, Ernani da Silva, representaram"},"aioseo_meta_data":[],"aioseo_breadcrumb":"<div class=\"aioseo-breadcrumbs\"><span class=\"aioseo-breadcrumb\">\n\t\t\t<a href=\"https:\/\/ejornais.com.br\" title=\"In\u00edcio\">In\u00edcio<\/a>\n\t\t<\/span><span class=\"aioseo-breadcrumb-separator\">&raquo;<\/span><span class=\"aioseo-breadcrumb\">\n\t\t\t<a href=\"https:\/\/ejornais.com.br\/index.php\/category\/ejornais\/\" title=\"Cat\u00e1logo de Jornais\">Cat\u00e1logo de Jornais<\/a>\n\t\t<\/span><span class=\"aioseo-breadcrumb-separator\">&raquo;<\/span><span class=\"aioseo-breadcrumb\">\n\t\t\tFunesp e CBF debatem melhorias para o futebol da Capital   \u2013 CGNot\u00edcias\n\t\t<\/span><\/div>","aioseo_breadcrumb_json":[{"label":"In\u00edcio","link":"https:\/\/ejornais.com.br"},{"label":"Cat\u00e1logo de Jornais","link":"https:\/\/ejornais.com.br\/index.php\/category\/ejornais\/"},{"label":"Funesp\u00a0e CBF debatem melhorias para o futebol da Capital\u00a0\u00a0 \u2013 CGNot\u00edcias","link":"https:\/\/ejornais.com.br\/index.php\/2026\/09\/03\/funesp-e-cbf-debatem-melhorias-para-o-futebol-da-capital-cgnoticias-2\/"}],"amp_enabled":true,"_links":{"self":[{"href":"https:\/\/ejornais.com.br\/index.php\/wp-json\/wp\/v2\/posts\/71588","targetHints":{"allow":["GET"]}}],"collection":[{"href":"https:\/\/ejornais.com.br\/index.php\/wp-json\/wp\/v2\/posts"}],"about":[{"href":"https:\/\/ejornais.com.br\/index.php\/wp-json\/wp\/v2\/types\/post"}],"author":[{"embeddable":true,"href":"https:\/\/ejornais.com.br\/index.php\/wp-json\/wp\/v2\/users\/2"}],"replies":[{"embeddable":true,"href":"https:\/\/ejornais.com.br\/index.php\/wp-json\/wp\/v2\/comments?post=71588"}],"version-history":[{"count":0,"href":"https:\/\/ejornais.com.br\/index.php\/wp-json\/wp\/v2\/posts\/71588\/revisions"}],"wp:attachment":[{"href":"https:\/\/ejornais.com.br\/index.php\/wp-json\/wp\/v2\/media?parent=71588"}],"wp:term":[{"taxonomy":"category","embeddable":true,"href":"https:\/\/ejornais.com.br\/index.php\/wp-json\/wp\/v2\/categories?post=71588"},{"taxonomy":"post_tag","embeddable":true,"href":"https:\/\/ejornais.com.br\/index.php\/wp-json\/wp\/v2\/tags?post=71588"}],"curies":[{"name":"wp","href":"https:\/\/api.w.org\/{rel}","templated":true}]}}