{"id":71592,"date":"2026-09-03T08:42:07","date_gmt":"2026-09-03T11:42:07","guid":{"rendered":"https:\/\/ejornais.com.br\/index.php\/2026\/09\/03\/aquecimento-alem-de-15c-ameaca-saude-agricultura-e-economia\/"},"modified":"2026-09-03T08:42:07","modified_gmt":"2026-09-03T11:42:07","slug":"aquecimento-alem-de-15c-ameaca-saude-agricultura-e-economia","status":"publish","type":"post","link":"https:\/\/ejornais.com.br\/index.php\/2026\/09\/03\/aquecimento-alem-de-15c-ameaca-saude-agricultura-e-economia\/","title":{"rendered":"Aquecimento al\u00e9m de 1,5\u00b0C amea\u00e7a sa\u00fade, agricultura e economia"},"content":{"rendered":"<p> Por MRNews<br \/>\n<\/p>\n<div>\n<p>Desastres naturais, ondas de calor, secas hist\u00f3ricas, chuvas intensas e perdas agr\u00edcolas s\u00e3o alguns dos eventos extremos que se tornar\u00e3o frequentes em um planeta mais quente do que o esperado. A conclus\u00e3o \u00e9 de especialistas diante do an\u00fancio das Na\u00e7\u00f5es Unidas nesta quarta-feira (2) de que o planeta deve ultrapassar o limite de 1,5\u00ba C de aquecimento nos pr\u00f3ximos anos.<\/p>\n<p>Para o diretor executivo do Instituto de Pesquisa Ambiental da Amaz\u00f4nia (IPAM), Andr\u00e9 Guimar\u00e3es, a informa\u00e7\u00e3o precisa ser tratada com a devida gravidade e provocar esfor\u00e7os urgentes para mudar o cen\u00e1rio.<\/p>\n<blockquote>\n<p>\u201cHoje \u00e9 um dia triste para a humanidade. Fomos derrotados por n\u00f3s mesmos\u201d, lamenta Andr\u00e9.<\/p>\n<p><strong><a href=\"https:\/\/mrnews.com.br\/index.php\/2026\/09\/03\/avanco-dos-eua-sobre-recursos-estrategicos-pauta-o-brasil-no-mundo\/\">Avan\u00e7o dos EUA sobre recursos estrat\u00e9gicos pauta o Brasil no Mundo<\/a><\/strong><\/p>\n<p><strong><a href=\"https:\/\/mrnews.com.br\/index.php\/2026\/09\/03\/cbf-anuncia-amistosos-da-selecao-brasileira-contra-japao-e-singapura\/\">CBF anuncia amistosos da sele\u00e7\u00e3o brasileira contra Jap\u00e3o e Singapura<\/a><\/strong><\/p>\n<\/blockquote>\n<p>E especialista diz que a humanidade pode\u00a0redesenhar o pr\u00f3prio futuro neste planeta.<\/p>\n<blockquote>\n<p>\u201cTemos que reduzir urgentemente a queima de combust\u00edveis f\u00f3sseis, acabar com a convers\u00e3o de florestas e mudar, de forma geral, nossa rela\u00e7\u00e3o com a natureza\u201d, complementa.<\/p>\n<\/blockquote>\n<p>Em evento promovido pelo pelo Instituto Clima e Sociedade (iCS), a presidente do Comit\u00ea Diretor do Sistema Global de Observa\u00e7\u00e3o do Clima (GCOS), da Organiza\u00e7\u00e3o Meteorol\u00f3gica Mundial (OMM), <strong>Thelma Krug, disse\u00a0que a dimens\u00e3o e a dura\u00e7\u00e3o do aquecimento determinar\u00e3o o tamanho dos impactos sobre a sociedade e o meio ambiente.<\/strong><\/p>\n<p><strong>Quanto mais quente e mais tempo o planeta permanecer acima do limite de 1,5\u00baC, maior ser\u00e1 a necessidade de remo\u00e7\u00e3o de di\u00f3xido de carbono da atmosfera e mais dif\u00edcil ser\u00e1 reverter o aquecimento.<\/strong><\/p>\n<p><strong><a href=\"https:\/\/mrnews.com.br\/index.php\/2026\/09\/03\/toffoli-libera-propaganda-digital-do-candidato-a-presidente-grassi\/\">Toffoli libera propaganda digital do candidato a presidente Grassi<\/a><\/strong><\/p>\n<p><strong><a href=\"https:\/\/mrnews.com.br\/index.php\/2026\/09\/03\/bolsa-dispara-3-e-atinge-o-maior-nivel-desde-maio\/\">Bolsa dispara 3% e atinge o maior n\u00edvel desde maio<\/a><\/strong><\/p>\n<p>A temperatura global, segundo Thelma Krug, j\u00e1 est\u00e1 cerca de 1,37\u00b0C acima dos n\u00edveis pr\u00e9-industriais, com avan\u00e7o aproximado de 0,26\u00b0C por d\u00e9cada.<\/p>\n<blockquote>\n<p>\u201cFazendo uma conta bem r\u00e1pida, ter\u00edamos tr\u00eas ou quatro anos para limitar o aquecimento, se continuarmos no ritmo atual de emiss\u00f5es\u201d, explicou Thelma.<\/p>\n<\/blockquote>\n<h2>Preju\u00edzos<\/h2>\n<p>O economista Sergio Margulis, especialista do Instituto Internacional para Sustentabilidade (IIS) e professor da PUC-Rio, destaca os preju\u00edzos econ\u00f4micos do aumento das temperaturas. <strong>Perdas em infraestrutura, agricultura, sa\u00fade e energia j\u00e1 representam 2% do PIB global.<\/strong><\/p>\n<p>Margulis\u00a0indica que \u00e9 preciso investir na transi\u00e7\u00e3o energ\u00e9tica agora, para n\u00e3o elevar ainda mais esses preju\u00edzos.<\/p>\n<blockquote>\n<p>\u201cHoje o mundo gasta uns 2 trilh\u00f5es de d\u00f3lares com descarboniza\u00e7\u00e3o. S\u00f3 que a gente precisa aumentar esse patamar para 5 trilh\u00f5es ou at\u00e9 um pouco mais. N\u00e3o tem como fugir disso\u201d, analisa o economista.<\/p>\n<\/blockquote>\n<p>Margulis tamb\u00e9m destaca que os governos precisar\u00e3o ampliar os investimentos em adapta\u00e7\u00e3o, por\u00e9m, o mais urgente \u00e9 reduzir o problema na fonte.<\/p>\n<p>\u201cAdapta\u00e7\u00e3o n\u00e3o resolve o problema f\u00edsico do aquecimento global. Temos que parar com as emiss\u00f5es. Os pa\u00edses n\u00e3o podem ficar esperando a revers\u00e3o do clima para agir\u201d, destacou.<\/p>\n<p>O coordenador de pol\u00edtica internacional do Observat\u00f3rio do Clima (OC), Claudio Angelo, refor\u00e7a que o relat\u00f3rio da ONU \u00e9 um alerta para impedir que a ultrapassagem de 1,5\u00b0C seja ainda maior.<\/p>\n<p>\u201cAbandonar o objetivo de devolver os term\u00f4metros a 1,5\u00baC n\u00e3o \u00e9 uma op\u00e7\u00e3o; seria assinar um pacto coletivo de suic\u00eddio. Mas o pico e o decl\u00ednio n\u00e3o ocorrer\u00e3o enquanto pa\u00edses produtores de combust\u00edveis f\u00f3sseis olharem para essas ind\u00fastrias como uma benesse em vez de uma maldi\u00e7\u00e3o\u201d, analisa Angelo.<\/p>\n<p>\u201c\u00c9 preciso parar j\u00e1 a expans\u00e3o f\u00f3ssil no mundo, e a COP31, daqui a dois meses, \u00e9 uma oportunidade de tomar essa decis\u00e3o\u201d, finaliza.<\/p>\n<\/div>\n","protected":false},"excerpt":{"rendered":"<p>Por MRNews Desastres naturais, ondas de calor, secas hist\u00f3ricas, chuvas intensas e perdas agr\u00edcolas s\u00e3o alguns dos eventos extremos que<\/p>\n","protected":false},"author":2,"featured_media":0,"comment_status":"","ping_status":"","sticky":false,"template":"","format":"standard","meta":{"colormag_page_container_layout":"default_layout","colormag_page_sidebar_layout":"default_layout","footnotes":""},"categories":[1],"tags":[],"class_list":["post-71592","post","type-post","status-publish","format-standard","hentry","category-ejornais"],"aioseo_notices":[],"aioseo_head":"\n\t\t<!-- All in One SEO 5.0.1.1 - aioseo.com -->\n\t<meta name=\"description\" content=\"Por MRNews Desastres naturais, ondas de calor, secas hist\u00f3ricas, chuvas intensas e perdas agr\u00edcolas s\u00e3o alguns dos eventos extremos que se tornar\u00e3o frequentes em um planeta mais quente do que o esperado. A conclus\u00e3o \u00e9 de especialistas diante do an\u00fancio das Na\u00e7\u00f5es Unidas nesta quarta-feira (2) de que o planeta deve ultrapassar o limite de\" \/>\n\t<meta name=\"robots\" content=\"max-image-preview:large\" \/>\n\t<meta name=\"author\" content=\"admin1\"\/>\n\t<link rel=\"canonical\" href=\"https:\/\/ejornais.com.br\/index.php\/2026\/09\/03\/aquecimento-alem-de-15c-ameaca-saude-agricultura-e-economia\/\" \/>\n\t<meta name=\"generator\" content=\"All in One SEO (AIOSEO) 5.0.1.1\" \/>\n\t\t<meta property=\"og:locale\" content=\"pt_BR\" \/>\n\t\t<meta property=\"og:site_name\" content=\"eJornais - Cat\u00e1logo de Jornais no mundo, Not\u00edcias, Blog e Esportes ao vivo\" \/>\n\t\t<meta property=\"og:type\" content=\"article\" \/>\n\t\t<meta property=\"og:title\" content=\"Aquecimento al\u00e9m de 1,5\u00b0C amea\u00e7a sa\u00fade, agricultura e economia - eJornais\" \/>\n\t\t<meta property=\"og:description\" content=\"Por MRNews Desastres naturais, ondas de calor, secas hist\u00f3ricas, chuvas intensas e perdas agr\u00edcolas s\u00e3o alguns dos eventos extremos que se tornar\u00e3o frequentes em um planeta mais quente do que o esperado. A conclus\u00e3o \u00e9 de especialistas diante do an\u00fancio das Na\u00e7\u00f5es Unidas nesta quarta-feira (2) de que o planeta deve ultrapassar o limite de\" \/>\n\t\t<meta property=\"og:url\" content=\"https:\/\/ejornais.com.br\/index.php\/2026\/09\/03\/aquecimento-alem-de-15c-ameaca-saude-agricultura-e-economia\/\" \/>\n\t\t<meta property=\"article:published_time\" content=\"2026-09-03T11:42:07+00:00\" \/>\n\t\t<meta property=\"article:modified_time\" content=\"2026-09-03T11:42:07+00:00\" \/>\n\t\t<meta name=\"twitter:card\" content=\"summary_large_image\" \/>\n\t\t<meta name=\"twitter:title\" content=\"Aquecimento al\u00e9m de 1,5\u00b0C amea\u00e7a sa\u00fade, agricultura e economia - eJornais\" \/>\n\t\t<meta name=\"twitter:description\" content=\"Por MRNews Desastres naturais, ondas de calor, secas hist\u00f3ricas, chuvas intensas e perdas agr\u00edcolas s\u00e3o alguns dos eventos extremos que se tornar\u00e3o frequentes em um planeta mais quente do que o esperado. A conclus\u00e3o \u00e9 de especialistas diante do an\u00fancio das Na\u00e7\u00f5es Unidas nesta quarta-feira (2) de que o planeta deve ultrapassar o limite de\" \/>\n\t\t<script type=\"application\/ld+json\" class=\"aioseo-schema\">\n\t\t\t{\"@context\":\"https:\\\/\\\/schema.org\",\"@graph\":[{\"@type\":\"BlogPosting\",\"@id\":\"https:\\\/\\\/ejornais.com.br\\\/index.php\\\/2026\\\/09\\\/03\\\/aquecimento-alem-de-15c-ameaca-saude-agricultura-e-economia\\\/#blogposting\",\"name\":\"Aquecimento al\\u00e9m de 1,5\\u00b0C amea\\u00e7a sa\\u00fade, agricultura e economia - eJornais\",\"headline\":\"Aquecimento al\\u00e9m de 1,5\\u00b0C amea\\u00e7a sa\\u00fade, agricultura e economia\",\"author\":{\"@id\":\"https:\\\/\\\/ejornais.com.br\\\/index.php\\\/author\\\/admin1\\\/#author\"},\"publisher\":{\"@id\":\"https:\\\/\\\/ejornais.com.br\\\/#organization\"},\"datePublished\":\"2026-09-03T08:42:07-03:00\",\"dateModified\":\"2026-09-03T08:42:07-03:00\",\"inLanguage\":\"pt-BR\",\"mainEntityOfPage\":{\"@id\":\"https:\\\/\\\/ejornais.com.br\\\/index.php\\\/2026\\\/09\\\/03\\\/aquecimento-alem-de-15c-ameaca-saude-agricultura-e-economia\\\/#webpage\"},\"isPartOf\":{\"@id\":\"https:\\\/\\\/ejornais.com.br\\\/index.php\\\/2026\\\/09\\\/03\\\/aquecimento-alem-de-15c-ameaca-saude-agricultura-e-economia\\\/#webpage\"},\"articleSection\":\"Cat\\u00e1logo de Jornais\"},{\"@type\":\"BreadcrumbList\",\"@id\":\"https:\\\/\\\/ejornais.com.br\\\/index.php\\\/2026\\\/09\\\/03\\\/aquecimento-alem-de-15c-ameaca-saude-agricultura-e-economia\\\/#breadcrumblist\",\"itemListElement\":[{\"@type\":\"ListItem\",\"@id\":\"https:\\\/\\\/ejornais.com.br#listItem\",\"position\":1,\"name\":\"In\\u00edcio\",\"item\":\"https:\\\/\\\/ejornais.com.br\",\"nextItem\":{\"@type\":\"ListItem\",\"@id\":\"https:\\\/\\\/ejornais.com.br\\\/index.php\\\/category\\\/ejornais\\\/#listItem\",\"name\":\"Cat\\u00e1logo de Jornais\"}},{\"@type\":\"ListItem\",\"@id\":\"https:\\\/\\\/ejornais.com.br\\\/index.php\\\/category\\\/ejornais\\\/#listItem\",\"position\":2,\"name\":\"Cat\\u00e1logo de Jornais\",\"item\":\"https:\\\/\\\/ejornais.com.br\\\/index.php\\\/category\\\/ejornais\\\/\",\"nextItem\":{\"@type\":\"ListItem\",\"@id\":\"https:\\\/\\\/ejornais.com.br\\\/index.php\\\/2026\\\/09\\\/03\\\/aquecimento-alem-de-15c-ameaca-saude-agricultura-e-economia\\\/#listItem\",\"name\":\"Aquecimento al\\u00e9m de 1,5\\u00b0C amea\\u00e7a sa\\u00fade, agricultura e economia\"},\"previousItem\":{\"@type\":\"ListItem\",\"@id\":\"https:\\\/\\\/ejornais.com.br#listItem\",\"name\":\"In\\u00edcio\"}},{\"@type\":\"ListItem\",\"@id\":\"https:\\\/\\\/ejornais.com.br\\\/index.php\\\/2026\\\/09\\\/03\\\/aquecimento-alem-de-15c-ameaca-saude-agricultura-e-economia\\\/#listItem\",\"position\":3,\"name\":\"Aquecimento al\\u00e9m de 1,5\\u00b0C amea\\u00e7a sa\\u00fade, agricultura e economia\",\"previousItem\":{\"@type\":\"ListItem\",\"@id\":\"https:\\\/\\\/ejornais.com.br\\\/index.php\\\/category\\\/ejornais\\\/#listItem\",\"name\":\"Cat\\u00e1logo de Jornais\"}}]},{\"@type\":\"Organization\",\"@id\":\"https:\\\/\\\/ejornais.com.br\\\/#organization\",\"name\":\"eJornais\",\"description\":\"Cat\\u00e1logo de Jornais no mundo, Not\\u00edcias, Blog e Esportes ao vivo\",\"url\":\"https:\\\/\\\/ejornais.com.br\\\/\"},{\"@type\":\"Person\",\"@id\":\"https:\\\/\\\/ejornais.com.br\\\/index.php\\\/author\\\/admin1\\\/#author\",\"url\":\"https:\\\/\\\/ejornais.com.br\\\/index.php\\\/author\\\/admin1\\\/\",\"name\":\"admin1\",\"image\":{\"@type\":\"ImageObject\",\"@id\":\"https:\\\/\\\/ejornais.com.br\\\/index.php\\\/2026\\\/09\\\/03\\\/aquecimento-alem-de-15c-ameaca-saude-agricultura-e-economia\\\/#authorImage\",\"url\":\"https:\\\/\\\/secure.gravatar.com\\\/avatar\\\/04084e6d73c042b8646e7c17b494073bf0ede3ea13c7105cfc45cbbbc28385a4?s=96&d=mm&r=g\",\"width\":96,\"height\":96,\"caption\":\"admin1\"}},{\"@type\":\"WebPage\",\"@id\":\"https:\\\/\\\/ejornais.com.br\\\/index.php\\\/2026\\\/09\\\/03\\\/aquecimento-alem-de-15c-ameaca-saude-agricultura-e-economia\\\/#webpage\",\"url\":\"https:\\\/\\\/ejornais.com.br\\\/index.php\\\/2026\\\/09\\\/03\\\/aquecimento-alem-de-15c-ameaca-saude-agricultura-e-economia\\\/\",\"name\":\"Aquecimento al\\u00e9m de 1,5\\u00b0C amea\\u00e7a sa\\u00fade, agricultura e economia - eJornais\",\"description\":\"Por MRNews Desastres naturais, ondas de calor, secas hist\\u00f3ricas, chuvas intensas e perdas agr\\u00edcolas s\\u00e3o alguns dos eventos extremos que se tornar\\u00e3o frequentes em um planeta mais quente do que o esperado. A conclus\\u00e3o \\u00e9 de especialistas diante do an\\u00fancio das Na\\u00e7\\u00f5es Unidas nesta quarta-feira (2) de que o planeta deve ultrapassar o limite de\",\"inLanguage\":\"pt-BR\",\"isPartOf\":{\"@id\":\"https:\\\/\\\/ejornais.com.br\\\/#website\"},\"breadcrumb\":{\"@id\":\"https:\\\/\\\/ejornais.com.br\\\/index.php\\\/2026\\\/09\\\/03\\\/aquecimento-alem-de-15c-ameaca-saude-agricultura-e-economia\\\/#breadcrumblist\"},\"author\":{\"@id\":\"https:\\\/\\\/ejornais.com.br\\\/index.php\\\/author\\\/admin1\\\/#author\"},\"creator\":{\"@id\":\"https:\\\/\\\/ejornais.com.br\\\/index.php\\\/author\\\/admin1\\\/#author\"},\"datePublished\":\"2026-09-03T08:42:07-03:00\",\"dateModified\":\"2026-09-03T08:42:07-03:00\"},{\"@type\":\"WebSite\",\"@id\":\"https:\\\/\\\/ejornais.com.br\\\/#website\",\"url\":\"https:\\\/\\\/ejornais.com.br\\\/\",\"name\":\"eJornais\",\"description\":\"Cat\\u00e1logo de Jornais no mundo, Not\\u00edcias, Blog e Esportes ao vivo\",\"inLanguage\":\"pt-BR\",\"publisher\":{\"@id\":\"https:\\\/\\\/ejornais.com.br\\\/#organization\"}}]}\n\t\t<\/script>\n\t\t<!-- All in One SEO -->\n\n","aioseo_head_json":{"title":"Aquecimento al\u00e9m de 1,5\u00b0C amea\u00e7a sa\u00fade, agricultura e economia - eJornais","description":"Por MRNews Desastres naturais, ondas de calor, secas hist\u00f3ricas, chuvas intensas e perdas agr\u00edcolas s\u00e3o alguns dos eventos extremos que se tornar\u00e3o frequentes em um planeta mais quente do que o esperado. A conclus\u00e3o \u00e9 de especialistas diante do an\u00fancio das Na\u00e7\u00f5es Unidas nesta quarta-feira (2) de que o planeta deve ultrapassar o limite de","canonical_url":"https:\/\/ejornais.com.br\/index.php\/2026\/09\/03\/aquecimento-alem-de-15c-ameaca-saude-agricultura-e-economia\/","robots":"max-image-preview:large","keywords":"","webmasterTools":{"miscellaneous":""},"schema":{"@context":"https:\/\/schema.org","@graph":[{"@type":"BlogPosting","@id":"https:\/\/ejornais.com.br\/index.php\/2026\/09\/03\/aquecimento-alem-de-15c-ameaca-saude-agricultura-e-economia\/#blogposting","name":"Aquecimento al\u00e9m de 1,5\u00b0C amea\u00e7a sa\u00fade, agricultura e economia - eJornais","headline":"Aquecimento al\u00e9m de 1,5\u00b0C amea\u00e7a sa\u00fade, agricultura e economia","author":{"@id":"https:\/\/ejornais.com.br\/index.php\/author\/admin1\/#author"},"publisher":{"@id":"https:\/\/ejornais.com.br\/#organization"},"datePublished":"2026-09-03T08:42:07-03:00","dateModified":"2026-09-03T08:42:07-03:00","inLanguage":"pt-BR","mainEntityOfPage":{"@id":"https:\/\/ejornais.com.br\/index.php\/2026\/09\/03\/aquecimento-alem-de-15c-ameaca-saude-agricultura-e-economia\/#webpage"},"isPartOf":{"@id":"https:\/\/ejornais.com.br\/index.php\/2026\/09\/03\/aquecimento-alem-de-15c-ameaca-saude-agricultura-e-economia\/#webpage"},"articleSection":"Cat\u00e1logo de Jornais"},{"@type":"BreadcrumbList","@id":"https:\/\/ejornais.com.br\/index.php\/2026\/09\/03\/aquecimento-alem-de-15c-ameaca-saude-agricultura-e-economia\/#breadcrumblist","itemListElement":[{"@type":"ListItem","@id":"https:\/\/ejornais.com.br#listItem","position":1,"name":"In\u00edcio","item":"https:\/\/ejornais.com.br","nextItem":{"@type":"ListItem","@id":"https:\/\/ejornais.com.br\/index.php\/category\/ejornais\/#listItem","name":"Cat\u00e1logo de Jornais"}},{"@type":"ListItem","@id":"https:\/\/ejornais.com.br\/index.php\/category\/ejornais\/#listItem","position":2,"name":"Cat\u00e1logo de Jornais","item":"https:\/\/ejornais.com.br\/index.php\/category\/ejornais\/","nextItem":{"@type":"ListItem","@id":"https:\/\/ejornais.com.br\/index.php\/2026\/09\/03\/aquecimento-alem-de-15c-ameaca-saude-agricultura-e-economia\/#listItem","name":"Aquecimento al\u00e9m de 1,5\u00b0C amea\u00e7a sa\u00fade, agricultura e economia"},"previousItem":{"@type":"ListItem","@id":"https:\/\/ejornais.com.br#listItem","name":"In\u00edcio"}},{"@type":"ListItem","@id":"https:\/\/ejornais.com.br\/index.php\/2026\/09\/03\/aquecimento-alem-de-15c-ameaca-saude-agricultura-e-economia\/#listItem","position":3,"name":"Aquecimento al\u00e9m de 1,5\u00b0C amea\u00e7a sa\u00fade, agricultura e economia","previousItem":{"@type":"ListItem","@id":"https:\/\/ejornais.com.br\/index.php\/category\/ejornais\/#listItem","name":"Cat\u00e1logo de Jornais"}}]},{"@type":"Organization","@id":"https:\/\/ejornais.com.br\/#organization","name":"eJornais","description":"Cat\u00e1logo de Jornais no mundo, Not\u00edcias, Blog e Esportes ao vivo","url":"https:\/\/ejornais.com.br\/"},{"@type":"Person","@id":"https:\/\/ejornais.com.br\/index.php\/author\/admin1\/#author","url":"https:\/\/ejornais.com.br\/index.php\/author\/admin1\/","name":"admin1","image":{"@type":"ImageObject","@id":"https:\/\/ejornais.com.br\/index.php\/2026\/09\/03\/aquecimento-alem-de-15c-ameaca-saude-agricultura-e-economia\/#authorImage","url":"https:\/\/secure.gravatar.com\/avatar\/04084e6d73c042b8646e7c17b494073bf0ede3ea13c7105cfc45cbbbc28385a4?s=96&d=mm&r=g","width":96,"height":96,"caption":"admin1"}},{"@type":"WebPage","@id":"https:\/\/ejornais.com.br\/index.php\/2026\/09\/03\/aquecimento-alem-de-15c-ameaca-saude-agricultura-e-economia\/#webpage","url":"https:\/\/ejornais.com.br\/index.php\/2026\/09\/03\/aquecimento-alem-de-15c-ameaca-saude-agricultura-e-economia\/","name":"Aquecimento al\u00e9m de 1,5\u00b0C amea\u00e7a sa\u00fade, agricultura e economia - eJornais","description":"Por MRNews Desastres naturais, ondas de calor, secas hist\u00f3ricas, chuvas intensas e perdas agr\u00edcolas s\u00e3o alguns dos eventos extremos que se tornar\u00e3o frequentes em um planeta mais quente do que o esperado. A conclus\u00e3o \u00e9 de especialistas diante do an\u00fancio das Na\u00e7\u00f5es Unidas nesta quarta-feira (2) de que o planeta deve ultrapassar o limite de","inLanguage":"pt-BR","isPartOf":{"@id":"https:\/\/ejornais.com.br\/#website"},"breadcrumb":{"@id":"https:\/\/ejornais.com.br\/index.php\/2026\/09\/03\/aquecimento-alem-de-15c-ameaca-saude-agricultura-e-economia\/#breadcrumblist"},"author":{"@id":"https:\/\/ejornais.com.br\/index.php\/author\/admin1\/#author"},"creator":{"@id":"https:\/\/ejornais.com.br\/index.php\/author\/admin1\/#author"},"datePublished":"2026-09-03T08:42:07-03:00","dateModified":"2026-09-03T08:42:07-03:00"},{"@type":"WebSite","@id":"https:\/\/ejornais.com.br\/#website","url":"https:\/\/ejornais.com.br\/","name":"eJornais","description":"Cat\u00e1logo de Jornais no mundo, Not\u00edcias, Blog e Esportes ao vivo","inLanguage":"pt-BR","publisher":{"@id":"https:\/\/ejornais.com.br\/#organization"}}]},"og:locale":"pt_BR","og:site_name":"eJornais - Cat\u00e1logo de Jornais no mundo, Not\u00edcias, Blog e Esportes ao vivo","og:type":"article","og:title":"Aquecimento al\u00e9m de 1,5\u00b0C amea\u00e7a sa\u00fade, agricultura e economia - eJornais","og:description":"Por MRNews Desastres naturais, ondas de calor, secas hist\u00f3ricas, chuvas intensas e perdas agr\u00edcolas s\u00e3o alguns dos eventos extremos que se tornar\u00e3o frequentes em um planeta mais quente do que o esperado. A conclus\u00e3o \u00e9 de especialistas diante do an\u00fancio das Na\u00e7\u00f5es Unidas nesta quarta-feira (2) de que o planeta deve ultrapassar o limite de","og:url":"https:\/\/ejornais.com.br\/index.php\/2026\/09\/03\/aquecimento-alem-de-15c-ameaca-saude-agricultura-e-economia\/","article:published_time":"2026-09-03T11:42:07+00:00","article:modified_time":"2026-09-03T11:42:07+00:00","twitter:card":"summary_large_image","twitter:title":"Aquecimento al\u00e9m de 1,5\u00b0C amea\u00e7a sa\u00fade, agricultura e economia - eJornais","twitter:description":"Por MRNews Desastres naturais, ondas de calor, secas hist\u00f3ricas, chuvas intensas e perdas agr\u00edcolas s\u00e3o alguns dos eventos extremos que se tornar\u00e3o frequentes em um planeta mais quente do que o esperado. A conclus\u00e3o \u00e9 de especialistas diante do an\u00fancio das Na\u00e7\u00f5es Unidas nesta quarta-feira (2) de que o planeta deve ultrapassar o limite de"},"aioseo_meta_data":[],"aioseo_breadcrumb":"<div class=\"aioseo-breadcrumbs\"><span class=\"aioseo-breadcrumb\">\n\t\t\t<a href=\"https:\/\/ejornais.com.br\" title=\"In\u00edcio\">In\u00edcio<\/a>\n\t\t<\/span><span class=\"aioseo-breadcrumb-separator\">&raquo;<\/span><span class=\"aioseo-breadcrumb\">\n\t\t\t<a href=\"https:\/\/ejornais.com.br\/index.php\/category\/ejornais\/\" title=\"Cat\u00e1logo de Jornais\">Cat\u00e1logo de Jornais<\/a>\n\t\t<\/span><span class=\"aioseo-breadcrumb-separator\">&raquo;<\/span><span class=\"aioseo-breadcrumb\">\n\t\t\tAquecimento al\u00e9m de 1,5\u00b0C amea\u00e7a sa\u00fade, agricultura e economia\n\t\t<\/span><\/div>","aioseo_breadcrumb_json":[{"label":"In\u00edcio","link":"https:\/\/ejornais.com.br"},{"label":"Cat\u00e1logo de Jornais","link":"https:\/\/ejornais.com.br\/index.php\/category\/ejornais\/"},{"label":"Aquecimento al\u00e9m de 1,5\u00b0C amea\u00e7a sa\u00fade, agricultura e economia","link":"https:\/\/ejornais.com.br\/index.php\/2026\/09\/03\/aquecimento-alem-de-15c-ameaca-saude-agricultura-e-economia\/"}],"amp_enabled":true,"_links":{"self":[{"href":"https:\/\/ejornais.com.br\/index.php\/wp-json\/wp\/v2\/posts\/71592","targetHints":{"allow":["GET"]}}],"collection":[{"href":"https:\/\/ejornais.com.br\/index.php\/wp-json\/wp\/v2\/posts"}],"about":[{"href":"https:\/\/ejornais.com.br\/index.php\/wp-json\/wp\/v2\/types\/post"}],"author":[{"embeddable":true,"href":"https:\/\/ejornais.com.br\/index.php\/wp-json\/wp\/v2\/users\/2"}],"replies":[{"embeddable":true,"href":"https:\/\/ejornais.com.br\/index.php\/wp-json\/wp\/v2\/comments?post=71592"}],"version-history":[{"count":0,"href":"https:\/\/ejornais.com.br\/index.php\/wp-json\/wp\/v2\/posts\/71592\/revisions"}],"wp:attachment":[{"href":"https:\/\/ejornais.com.br\/index.php\/wp-json\/wp\/v2\/media?parent=71592"}],"wp:term":[{"taxonomy":"category","embeddable":true,"href":"https:\/\/ejornais.com.br\/index.php\/wp-json\/wp\/v2\/categories?post=71592"},{"taxonomy":"post_tag","embeddable":true,"href":"https:\/\/ejornais.com.br\/index.php\/wp-json\/wp\/v2\/tags?post=71592"}],"curies":[{"name":"wp","href":"https:\/\/api.w.org\/{rel}","templated":true}]}}