{"id":71593,"date":"2026-09-03T08:47:05","date_gmt":"2026-09-03T11:47:05","guid":{"rendered":"https:\/\/ejornais.com.br\/index.php\/2026\/09\/03\/prefeitura-recebe-comitiva-do-ministerio-da-igualdade-racial-e-discute-politicas-voltadas-a-populacao-negra\/"},"modified":"2026-09-03T08:47:05","modified_gmt":"2026-09-03T11:47:05","slug":"prefeitura-recebe-comitiva-do-ministerio-da-igualdade-racial-e-discute-politicas-voltadas-a-populacao-negra","status":"publish","type":"post","link":"https:\/\/ejornais.com.br\/index.php\/2026\/09\/03\/prefeitura-recebe-comitiva-do-ministerio-da-igualdade-racial-e-discute-politicas-voltadas-a-populacao-negra\/","title":{"rendered":"Prefeitura recebe comitiva do Minist\u00e9rio da Igualdade Racial e discute pol\u00edticas voltadas \u00e0 popula\u00e7\u00e3o negra"},"content":{"rendered":"<p><\/p>\n<div id=\"texto\">\n<p>A Prefeitura de Jo\u00e3o Pessoa recebe, nesta sexta-feira (4), uma comitiva do Minist\u00e9rio da Igualdade Racial, de Bras\u00edlia, para discutir pol\u00edticas p\u00fablicas voltadas \u00e0 promo\u00e7\u00e3o da igualdade racial e \u00e0 garantia de direitos.<\/p>\n<p>\u201cA visita refor\u00e7a a parceria institucional para a implementa\u00e7\u00e3o de pol\u00edticas de igualdade racial e a constru\u00e7\u00e3o de a\u00e7\u00f5es que atendam \u00e0s especificidades das comunidades e da popula\u00e7\u00e3o negra de Jo\u00e3o Pessoa\u201d, disse a coordenadora da Promo\u00e7\u00e3o a Igualdade Racial de Jo\u00e3o Pessoa, Carla Uedler.<\/p>\n<p>Entre os assuntos que ser\u00e3o tratados est\u00e1 o acompanhamento das a\u00e7\u00f5es relacionadas \u00e0 ades\u00e3o do Munic\u00edpio ao Plano Nacional aos Povos e Comunidades de Terreiro e ao Plano da Juventude Negra Viva. \u201cAs iniciativas integram as pol\u00edticas nacionais de promo\u00e7\u00e3o da igualdade racial e buscam fortalecer a\u00e7\u00f5es de prote\u00e7\u00e3o, inclus\u00e3o e garantia de direitos para comunidades tradicionais e para a juventude negra\u201d, destacou.<\/p>\n<p>Durante a perman\u00eancia na Capital, a delega\u00e7\u00e3o dever\u00e1 tratar ainda de estrat\u00e9gias para o fortalecimento das pol\u00edticas p\u00fablicas destinadas aos povos e comunidades tradicionais, ampliando o di\u00e1logo entre o Governo Federal e o Munic\u00edpio.<\/p>\n<p>A comitiva do Minist\u00e9rio da Igualdade Racial cumpre uma agenda de tr\u00eas dias em Jo\u00e3o Pessoa e \u00e9 formada por Ronaldo Santos, secret\u00e1rio de Pol\u00edticas para Quilombolas, Povos e Comunidades Tradicionais de Matriz Africana, Terreiros e Ciganos; Luzi Borges, diretora de Pol\u00edticas para Povos e Comunidades Tradicionais de Matriz Africana e de Terreiro; Edilma Nascimento, coordenadora-geral de Pol\u00edticas para Ciganos e Sarah Nascimento, coordenadora de Pol\u00edticas para Povos e Comunidades Tradicionais de Matriz Africana e de Terreiro.<\/p>\n<\/p><\/div>\n","protected":false},"excerpt":{"rendered":"<p>A Prefeitura de Jo\u00e3o Pessoa recebe, nesta sexta-feira (4), uma comitiva do Minist\u00e9rio da Igualdade Racial, de Bras\u00edlia, para discutir<\/p>\n","protected":false},"author":2,"featured_media":0,"comment_status":"","ping_status":"","sticky":false,"template":"","format":"standard","meta":{"colormag_page_container_layout":"default_layout","colormag_page_sidebar_layout":"default_layout","footnotes":""},"categories":[1],"tags":[],"class_list":["post-71593","post","type-post","status-publish","format-standard","hentry","category-ejornais"],"aioseo_notices":[],"aioseo_head":"\n\t\t<!-- All in One SEO 5.0.1.1 - aioseo.com -->\n\t<meta name=\"description\" content=\"A Prefeitura de Jo\u00e3o Pessoa recebe, nesta sexta-feira (4), uma comitiva do Minist\u00e9rio da Igualdade Racial, de Bras\u00edlia, para discutir pol\u00edticas p\u00fablicas voltadas \u00e0 promo\u00e7\u00e3o da igualdade racial e \u00e0 garantia de direitos. \u201cA visita refor\u00e7a a parceria institucional para a implementa\u00e7\u00e3o de pol\u00edticas de igualdade racial e a constru\u00e7\u00e3o de a\u00e7\u00f5es que atendam \u00e0s\" \/>\n\t<meta name=\"robots\" content=\"max-image-preview:large\" \/>\n\t<meta name=\"author\" content=\"admin1\"\/>\n\t<link rel=\"canonical\" href=\"https:\/\/ejornais.com.br\/index.php\/2026\/09\/03\/prefeitura-recebe-comitiva-do-ministerio-da-igualdade-racial-e-discute-politicas-voltadas-a-populacao-negra\/\" \/>\n\t<meta name=\"generator\" content=\"All in One SEO (AIOSEO) 5.0.1.1\" \/>\n\t\t<meta property=\"og:locale\" content=\"pt_BR\" \/>\n\t\t<meta property=\"og:site_name\" content=\"eJornais - Cat\u00e1logo de Jornais no mundo, Not\u00edcias, Blog e Esportes ao vivo\" \/>\n\t\t<meta property=\"og:type\" content=\"article\" \/>\n\t\t<meta property=\"og:title\" content=\"Prefeitura recebe comitiva do Minist\u00e9rio da Igualdade Racial e discute pol\u00edticas voltadas \u00e0 popula\u00e7\u00e3o negra - eJornais\" \/>\n\t\t<meta property=\"og:description\" content=\"A Prefeitura de Jo\u00e3o Pessoa recebe, nesta sexta-feira (4), uma comitiva do Minist\u00e9rio da Igualdade Racial, de Bras\u00edlia, para discutir pol\u00edticas p\u00fablicas voltadas \u00e0 promo\u00e7\u00e3o da igualdade racial e \u00e0 garantia de direitos. \u201cA visita refor\u00e7a a parceria institucional para a implementa\u00e7\u00e3o de pol\u00edticas de igualdade racial e a constru\u00e7\u00e3o de a\u00e7\u00f5es que atendam \u00e0s\" \/>\n\t\t<meta property=\"og:url\" content=\"https:\/\/ejornais.com.br\/index.php\/2026\/09\/03\/prefeitura-recebe-comitiva-do-ministerio-da-igualdade-racial-e-discute-politicas-voltadas-a-populacao-negra\/\" \/>\n\t\t<meta property=\"article:published_time\" content=\"2026-09-03T11:47:05+00:00\" \/>\n\t\t<meta property=\"article:modified_time\" content=\"2026-09-03T11:47:05+00:00\" \/>\n\t\t<meta name=\"twitter:card\" content=\"summary_large_image\" \/>\n\t\t<meta name=\"twitter:title\" content=\"Prefeitura recebe comitiva do Minist\u00e9rio da Igualdade Racial e discute pol\u00edticas voltadas \u00e0 popula\u00e7\u00e3o negra - eJornais\" \/>\n\t\t<meta name=\"twitter:description\" content=\"A Prefeitura de Jo\u00e3o Pessoa recebe, nesta sexta-feira (4), uma comitiva do Minist\u00e9rio da Igualdade Racial, de Bras\u00edlia, para discutir pol\u00edticas p\u00fablicas voltadas \u00e0 promo\u00e7\u00e3o da igualdade racial e \u00e0 garantia de direitos. \u201cA visita refor\u00e7a a parceria institucional para a implementa\u00e7\u00e3o de pol\u00edticas de igualdade racial e a constru\u00e7\u00e3o de a\u00e7\u00f5es que atendam \u00e0s\" \/>\n\t\t<script type=\"application\/ld+json\" class=\"aioseo-schema\">\n\t\t\t{\"@context\":\"https:\\\/\\\/schema.org\",\"@graph\":[{\"@type\":\"BlogPosting\",\"@id\":\"https:\\\/\\\/ejornais.com.br\\\/index.php\\\/2026\\\/09\\\/03\\\/prefeitura-recebe-comitiva-do-ministerio-da-igualdade-racial-e-discute-politicas-voltadas-a-populacao-negra\\\/#blogposting\",\"name\":\"Prefeitura recebe comitiva do Minist\\u00e9rio da Igualdade Racial e discute pol\\u00edticas voltadas \\u00e0 popula\\u00e7\\u00e3o negra - eJornais\",\"headline\":\"Prefeitura recebe comitiva do Minist\\u00e9rio da Igualdade Racial e discute pol\\u00edticas voltadas \\u00e0 popula\\u00e7\\u00e3o negra\",\"author\":{\"@id\":\"https:\\\/\\\/ejornais.com.br\\\/index.php\\\/author\\\/admin1\\\/#author\"},\"publisher\":{\"@id\":\"https:\\\/\\\/ejornais.com.br\\\/#organization\"},\"datePublished\":\"2026-09-03T08:47:05-03:00\",\"dateModified\":\"2026-09-03T08:47:05-03:00\",\"inLanguage\":\"pt-BR\",\"mainEntityOfPage\":{\"@id\":\"https:\\\/\\\/ejornais.com.br\\\/index.php\\\/2026\\\/09\\\/03\\\/prefeitura-recebe-comitiva-do-ministerio-da-igualdade-racial-e-discute-politicas-voltadas-a-populacao-negra\\\/#webpage\"},\"isPartOf\":{\"@id\":\"https:\\\/\\\/ejornais.com.br\\\/index.php\\\/2026\\\/09\\\/03\\\/prefeitura-recebe-comitiva-do-ministerio-da-igualdade-racial-e-discute-politicas-voltadas-a-populacao-negra\\\/#webpage\"},\"articleSection\":\"Cat\\u00e1logo de Jornais\"},{\"@type\":\"BreadcrumbList\",\"@id\":\"https:\\\/\\\/ejornais.com.br\\\/index.php\\\/2026\\\/09\\\/03\\\/prefeitura-recebe-comitiva-do-ministerio-da-igualdade-racial-e-discute-politicas-voltadas-a-populacao-negra\\\/#breadcrumblist\",\"itemListElement\":[{\"@type\":\"ListItem\",\"@id\":\"https:\\\/\\\/ejornais.com.br#listItem\",\"position\":1,\"name\":\"In\\u00edcio\",\"item\":\"https:\\\/\\\/ejornais.com.br\",\"nextItem\":{\"@type\":\"ListItem\",\"@id\":\"https:\\\/\\\/ejornais.com.br\\\/index.php\\\/category\\\/ejornais\\\/#listItem\",\"name\":\"Cat\\u00e1logo de Jornais\"}},{\"@type\":\"ListItem\",\"@id\":\"https:\\\/\\\/ejornais.com.br\\\/index.php\\\/category\\\/ejornais\\\/#listItem\",\"position\":2,\"name\":\"Cat\\u00e1logo de Jornais\",\"item\":\"https:\\\/\\\/ejornais.com.br\\\/index.php\\\/category\\\/ejornais\\\/\",\"nextItem\":{\"@type\":\"ListItem\",\"@id\":\"https:\\\/\\\/ejornais.com.br\\\/index.php\\\/2026\\\/09\\\/03\\\/prefeitura-recebe-comitiva-do-ministerio-da-igualdade-racial-e-discute-politicas-voltadas-a-populacao-negra\\\/#listItem\",\"name\":\"Prefeitura recebe comitiva do Minist\\u00e9rio da Igualdade Racial e discute pol\\u00edticas voltadas \\u00e0 popula\\u00e7\\u00e3o negra\"},\"previousItem\":{\"@type\":\"ListItem\",\"@id\":\"https:\\\/\\\/ejornais.com.br#listItem\",\"name\":\"In\\u00edcio\"}},{\"@type\":\"ListItem\",\"@id\":\"https:\\\/\\\/ejornais.com.br\\\/index.php\\\/2026\\\/09\\\/03\\\/prefeitura-recebe-comitiva-do-ministerio-da-igualdade-racial-e-discute-politicas-voltadas-a-populacao-negra\\\/#listItem\",\"position\":3,\"name\":\"Prefeitura recebe comitiva do Minist\\u00e9rio da Igualdade Racial e discute pol\\u00edticas voltadas \\u00e0 popula\\u00e7\\u00e3o negra\",\"previousItem\":{\"@type\":\"ListItem\",\"@id\":\"https:\\\/\\\/ejornais.com.br\\\/index.php\\\/category\\\/ejornais\\\/#listItem\",\"name\":\"Cat\\u00e1logo de Jornais\"}}]},{\"@type\":\"Organization\",\"@id\":\"https:\\\/\\\/ejornais.com.br\\\/#organization\",\"name\":\"eJornais\",\"description\":\"Cat\\u00e1logo de Jornais no mundo, Not\\u00edcias, Blog e Esportes ao vivo\",\"url\":\"https:\\\/\\\/ejornais.com.br\\\/\"},{\"@type\":\"Person\",\"@id\":\"https:\\\/\\\/ejornais.com.br\\\/index.php\\\/author\\\/admin1\\\/#author\",\"url\":\"https:\\\/\\\/ejornais.com.br\\\/index.php\\\/author\\\/admin1\\\/\",\"name\":\"admin1\",\"image\":{\"@type\":\"ImageObject\",\"@id\":\"https:\\\/\\\/ejornais.com.br\\\/index.php\\\/2026\\\/09\\\/03\\\/prefeitura-recebe-comitiva-do-ministerio-da-igualdade-racial-e-discute-politicas-voltadas-a-populacao-negra\\\/#authorImage\",\"url\":\"https:\\\/\\\/secure.gravatar.com\\\/avatar\\\/04084e6d73c042b8646e7c17b494073bf0ede3ea13c7105cfc45cbbbc28385a4?s=96&d=mm&r=g\",\"width\":96,\"height\":96,\"caption\":\"admin1\"}},{\"@type\":\"WebPage\",\"@id\":\"https:\\\/\\\/ejornais.com.br\\\/index.php\\\/2026\\\/09\\\/03\\\/prefeitura-recebe-comitiva-do-ministerio-da-igualdade-racial-e-discute-politicas-voltadas-a-populacao-negra\\\/#webpage\",\"url\":\"https:\\\/\\\/ejornais.com.br\\\/index.php\\\/2026\\\/09\\\/03\\\/prefeitura-recebe-comitiva-do-ministerio-da-igualdade-racial-e-discute-politicas-voltadas-a-populacao-negra\\\/\",\"name\":\"Prefeitura recebe comitiva do Minist\\u00e9rio da Igualdade Racial e discute pol\\u00edticas voltadas \\u00e0 popula\\u00e7\\u00e3o negra - eJornais\",\"description\":\"A Prefeitura de Jo\\u00e3o Pessoa recebe, nesta sexta-feira (4), uma comitiva do Minist\\u00e9rio da Igualdade Racial, de Bras\\u00edlia, para discutir pol\\u00edticas p\\u00fablicas voltadas \\u00e0 promo\\u00e7\\u00e3o da igualdade racial e \\u00e0 garantia de direitos. \\u201cA visita refor\\u00e7a a parceria institucional para a implementa\\u00e7\\u00e3o de pol\\u00edticas de igualdade racial e a constru\\u00e7\\u00e3o de a\\u00e7\\u00f5es que atendam \\u00e0s\",\"inLanguage\":\"pt-BR\",\"isPartOf\":{\"@id\":\"https:\\\/\\\/ejornais.com.br\\\/#website\"},\"breadcrumb\":{\"@id\":\"https:\\\/\\\/ejornais.com.br\\\/index.php\\\/2026\\\/09\\\/03\\\/prefeitura-recebe-comitiva-do-ministerio-da-igualdade-racial-e-discute-politicas-voltadas-a-populacao-negra\\\/#breadcrumblist\"},\"author\":{\"@id\":\"https:\\\/\\\/ejornais.com.br\\\/index.php\\\/author\\\/admin1\\\/#author\"},\"creator\":{\"@id\":\"https:\\\/\\\/ejornais.com.br\\\/index.php\\\/author\\\/admin1\\\/#author\"},\"datePublished\":\"2026-09-03T08:47:05-03:00\",\"dateModified\":\"2026-09-03T08:47:05-03:00\"},{\"@type\":\"WebSite\",\"@id\":\"https:\\\/\\\/ejornais.com.br\\\/#website\",\"url\":\"https:\\\/\\\/ejornais.com.br\\\/\",\"name\":\"eJornais\",\"description\":\"Cat\\u00e1logo de Jornais no mundo, Not\\u00edcias, Blog e Esportes ao vivo\",\"inLanguage\":\"pt-BR\",\"publisher\":{\"@id\":\"https:\\\/\\\/ejornais.com.br\\\/#organization\"}}]}\n\t\t<\/script>\n\t\t<!-- All in One SEO -->\n\n","aioseo_head_json":{"title":"Prefeitura recebe comitiva do Minist\u00e9rio da Igualdade Racial e discute pol\u00edticas voltadas \u00e0 popula\u00e7\u00e3o negra - eJornais","description":"A Prefeitura de Jo\u00e3o Pessoa recebe, nesta sexta-feira (4), uma comitiva do Minist\u00e9rio da Igualdade Racial, de Bras\u00edlia, para discutir pol\u00edticas p\u00fablicas voltadas \u00e0 promo\u00e7\u00e3o da igualdade racial e \u00e0 garantia de direitos. \u201cA visita refor\u00e7a a parceria institucional para a implementa\u00e7\u00e3o de pol\u00edticas de igualdade racial e a constru\u00e7\u00e3o de a\u00e7\u00f5es que atendam \u00e0s","canonical_url":"https:\/\/ejornais.com.br\/index.php\/2026\/09\/03\/prefeitura-recebe-comitiva-do-ministerio-da-igualdade-racial-e-discute-politicas-voltadas-a-populacao-negra\/","robots":"max-image-preview:large","keywords":"","webmasterTools":{"miscellaneous":""},"schema":{"@context":"https:\/\/schema.org","@graph":[{"@type":"BlogPosting","@id":"https:\/\/ejornais.com.br\/index.php\/2026\/09\/03\/prefeitura-recebe-comitiva-do-ministerio-da-igualdade-racial-e-discute-politicas-voltadas-a-populacao-negra\/#blogposting","name":"Prefeitura recebe comitiva do Minist\u00e9rio da Igualdade Racial e discute pol\u00edticas voltadas \u00e0 popula\u00e7\u00e3o negra - eJornais","headline":"Prefeitura recebe comitiva do Minist\u00e9rio da Igualdade Racial e discute pol\u00edticas voltadas \u00e0 popula\u00e7\u00e3o negra","author":{"@id":"https:\/\/ejornais.com.br\/index.php\/author\/admin1\/#author"},"publisher":{"@id":"https:\/\/ejornais.com.br\/#organization"},"datePublished":"2026-09-03T08:47:05-03:00","dateModified":"2026-09-03T08:47:05-03:00","inLanguage":"pt-BR","mainEntityOfPage":{"@id":"https:\/\/ejornais.com.br\/index.php\/2026\/09\/03\/prefeitura-recebe-comitiva-do-ministerio-da-igualdade-racial-e-discute-politicas-voltadas-a-populacao-negra\/#webpage"},"isPartOf":{"@id":"https:\/\/ejornais.com.br\/index.php\/2026\/09\/03\/prefeitura-recebe-comitiva-do-ministerio-da-igualdade-racial-e-discute-politicas-voltadas-a-populacao-negra\/#webpage"},"articleSection":"Cat\u00e1logo de Jornais"},{"@type":"BreadcrumbList","@id":"https:\/\/ejornais.com.br\/index.php\/2026\/09\/03\/prefeitura-recebe-comitiva-do-ministerio-da-igualdade-racial-e-discute-politicas-voltadas-a-populacao-negra\/#breadcrumblist","itemListElement":[{"@type":"ListItem","@id":"https:\/\/ejornais.com.br#listItem","position":1,"name":"In\u00edcio","item":"https:\/\/ejornais.com.br","nextItem":{"@type":"ListItem","@id":"https:\/\/ejornais.com.br\/index.php\/category\/ejornais\/#listItem","name":"Cat\u00e1logo de Jornais"}},{"@type":"ListItem","@id":"https:\/\/ejornais.com.br\/index.php\/category\/ejornais\/#listItem","position":2,"name":"Cat\u00e1logo de Jornais","item":"https:\/\/ejornais.com.br\/index.php\/category\/ejornais\/","nextItem":{"@type":"ListItem","@id":"https:\/\/ejornais.com.br\/index.php\/2026\/09\/03\/prefeitura-recebe-comitiva-do-ministerio-da-igualdade-racial-e-discute-politicas-voltadas-a-populacao-negra\/#listItem","name":"Prefeitura recebe comitiva do Minist\u00e9rio da Igualdade Racial e discute pol\u00edticas voltadas \u00e0 popula\u00e7\u00e3o negra"},"previousItem":{"@type":"ListItem","@id":"https:\/\/ejornais.com.br#listItem","name":"In\u00edcio"}},{"@type":"ListItem","@id":"https:\/\/ejornais.com.br\/index.php\/2026\/09\/03\/prefeitura-recebe-comitiva-do-ministerio-da-igualdade-racial-e-discute-politicas-voltadas-a-populacao-negra\/#listItem","position":3,"name":"Prefeitura recebe comitiva do Minist\u00e9rio da Igualdade Racial e discute pol\u00edticas voltadas \u00e0 popula\u00e7\u00e3o negra","previousItem":{"@type":"ListItem","@id":"https:\/\/ejornais.com.br\/index.php\/category\/ejornais\/#listItem","name":"Cat\u00e1logo de Jornais"}}]},{"@type":"Organization","@id":"https:\/\/ejornais.com.br\/#organization","name":"eJornais","description":"Cat\u00e1logo de Jornais no mundo, Not\u00edcias, Blog e Esportes ao vivo","url":"https:\/\/ejornais.com.br\/"},{"@type":"Person","@id":"https:\/\/ejornais.com.br\/index.php\/author\/admin1\/#author","url":"https:\/\/ejornais.com.br\/index.php\/author\/admin1\/","name":"admin1","image":{"@type":"ImageObject","@id":"https:\/\/ejornais.com.br\/index.php\/2026\/09\/03\/prefeitura-recebe-comitiva-do-ministerio-da-igualdade-racial-e-discute-politicas-voltadas-a-populacao-negra\/#authorImage","url":"https:\/\/secure.gravatar.com\/avatar\/04084e6d73c042b8646e7c17b494073bf0ede3ea13c7105cfc45cbbbc28385a4?s=96&d=mm&r=g","width":96,"height":96,"caption":"admin1"}},{"@type":"WebPage","@id":"https:\/\/ejornais.com.br\/index.php\/2026\/09\/03\/prefeitura-recebe-comitiva-do-ministerio-da-igualdade-racial-e-discute-politicas-voltadas-a-populacao-negra\/#webpage","url":"https:\/\/ejornais.com.br\/index.php\/2026\/09\/03\/prefeitura-recebe-comitiva-do-ministerio-da-igualdade-racial-e-discute-politicas-voltadas-a-populacao-negra\/","name":"Prefeitura recebe comitiva do Minist\u00e9rio da Igualdade Racial e discute pol\u00edticas voltadas \u00e0 popula\u00e7\u00e3o negra - eJornais","description":"A Prefeitura de Jo\u00e3o Pessoa recebe, nesta sexta-feira (4), uma comitiva do Minist\u00e9rio da Igualdade Racial, de Bras\u00edlia, para discutir pol\u00edticas p\u00fablicas voltadas \u00e0 promo\u00e7\u00e3o da igualdade racial e \u00e0 garantia de direitos. \u201cA visita refor\u00e7a a parceria institucional para a implementa\u00e7\u00e3o de pol\u00edticas de igualdade racial e a constru\u00e7\u00e3o de a\u00e7\u00f5es que atendam \u00e0s","inLanguage":"pt-BR","isPartOf":{"@id":"https:\/\/ejornais.com.br\/#website"},"breadcrumb":{"@id":"https:\/\/ejornais.com.br\/index.php\/2026\/09\/03\/prefeitura-recebe-comitiva-do-ministerio-da-igualdade-racial-e-discute-politicas-voltadas-a-populacao-negra\/#breadcrumblist"},"author":{"@id":"https:\/\/ejornais.com.br\/index.php\/author\/admin1\/#author"},"creator":{"@id":"https:\/\/ejornais.com.br\/index.php\/author\/admin1\/#author"},"datePublished":"2026-09-03T08:47:05-03:00","dateModified":"2026-09-03T08:47:05-03:00"},{"@type":"WebSite","@id":"https:\/\/ejornais.com.br\/#website","url":"https:\/\/ejornais.com.br\/","name":"eJornais","description":"Cat\u00e1logo de Jornais no mundo, Not\u00edcias, Blog e Esportes ao vivo","inLanguage":"pt-BR","publisher":{"@id":"https:\/\/ejornais.com.br\/#organization"}}]},"og:locale":"pt_BR","og:site_name":"eJornais - Cat\u00e1logo de Jornais no mundo, Not\u00edcias, Blog e Esportes ao vivo","og:type":"article","og:title":"Prefeitura recebe comitiva do Minist\u00e9rio da Igualdade Racial e discute pol\u00edticas voltadas \u00e0 popula\u00e7\u00e3o negra - eJornais","og:description":"A Prefeitura de Jo\u00e3o Pessoa recebe, nesta sexta-feira (4), uma comitiva do Minist\u00e9rio da Igualdade Racial, de Bras\u00edlia, para discutir pol\u00edticas p\u00fablicas voltadas \u00e0 promo\u00e7\u00e3o da igualdade racial e \u00e0 garantia de direitos. \u201cA visita refor\u00e7a a parceria institucional para a implementa\u00e7\u00e3o de pol\u00edticas de igualdade racial e a constru\u00e7\u00e3o de a\u00e7\u00f5es que atendam \u00e0s","og:url":"https:\/\/ejornais.com.br\/index.php\/2026\/09\/03\/prefeitura-recebe-comitiva-do-ministerio-da-igualdade-racial-e-discute-politicas-voltadas-a-populacao-negra\/","article:published_time":"2026-09-03T11:47:05+00:00","article:modified_time":"2026-09-03T11:47:05+00:00","twitter:card":"summary_large_image","twitter:title":"Prefeitura recebe comitiva do Minist\u00e9rio da Igualdade Racial e discute pol\u00edticas voltadas \u00e0 popula\u00e7\u00e3o negra - eJornais","twitter:description":"A Prefeitura de Jo\u00e3o Pessoa recebe, nesta sexta-feira (4), uma comitiva do Minist\u00e9rio da Igualdade Racial, de Bras\u00edlia, para discutir pol\u00edticas p\u00fablicas voltadas \u00e0 promo\u00e7\u00e3o da igualdade racial e \u00e0 garantia de direitos. \u201cA visita refor\u00e7a a parceria institucional para a implementa\u00e7\u00e3o de pol\u00edticas de igualdade racial e a constru\u00e7\u00e3o de a\u00e7\u00f5es que atendam \u00e0s"},"aioseo_meta_data":[],"aioseo_breadcrumb":"<div class=\"aioseo-breadcrumbs\"><span class=\"aioseo-breadcrumb\">\n\t\t\t<a href=\"https:\/\/ejornais.com.br\" title=\"In\u00edcio\">In\u00edcio<\/a>\n\t\t<\/span><span class=\"aioseo-breadcrumb-separator\">&raquo;<\/span><span class=\"aioseo-breadcrumb\">\n\t\t\t<a href=\"https:\/\/ejornais.com.br\/index.php\/category\/ejornais\/\" title=\"Cat\u00e1logo de Jornais\">Cat\u00e1logo de Jornais<\/a>\n\t\t<\/span><span class=\"aioseo-breadcrumb-separator\">&raquo;<\/span><span class=\"aioseo-breadcrumb\">\n\t\t\tPrefeitura recebe comitiva do Minist\u00e9rio da Igualdade Racial e discute pol\u00edticas voltadas \u00e0 popula\u00e7\u00e3o negra\n\t\t<\/span><\/div>","aioseo_breadcrumb_json":[{"label":"In\u00edcio","link":"https:\/\/ejornais.com.br"},{"label":"Cat\u00e1logo de Jornais","link":"https:\/\/ejornais.com.br\/index.php\/category\/ejornais\/"},{"label":"Prefeitura recebe comitiva do Minist\u00e9rio da Igualdade Racial e discute pol\u00edticas voltadas \u00e0 popula\u00e7\u00e3o negra","link":"https:\/\/ejornais.com.br\/index.php\/2026\/09\/03\/prefeitura-recebe-comitiva-do-ministerio-da-igualdade-racial-e-discute-politicas-voltadas-a-populacao-negra\/"}],"amp_enabled":true,"_links":{"self":[{"href":"https:\/\/ejornais.com.br\/index.php\/wp-json\/wp\/v2\/posts\/71593","targetHints":{"allow":["GET"]}}],"collection":[{"href":"https:\/\/ejornais.com.br\/index.php\/wp-json\/wp\/v2\/posts"}],"about":[{"href":"https:\/\/ejornais.com.br\/index.php\/wp-json\/wp\/v2\/types\/post"}],"author":[{"embeddable":true,"href":"https:\/\/ejornais.com.br\/index.php\/wp-json\/wp\/v2\/users\/2"}],"replies":[{"embeddable":true,"href":"https:\/\/ejornais.com.br\/index.php\/wp-json\/wp\/v2\/comments?post=71593"}],"version-history":[{"count":0,"href":"https:\/\/ejornais.com.br\/index.php\/wp-json\/wp\/v2\/posts\/71593\/revisions"}],"wp:attachment":[{"href":"https:\/\/ejornais.com.br\/index.php\/wp-json\/wp\/v2\/media?parent=71593"}],"wp:term":[{"taxonomy":"category","embeddable":true,"href":"https:\/\/ejornais.com.br\/index.php\/wp-json\/wp\/v2\/categories?post=71593"},{"taxonomy":"post_tag","embeddable":true,"href":"https:\/\/ejornais.com.br\/index.php\/wp-json\/wp\/v2\/tags?post=71593"}],"curies":[{"name":"wp","href":"https:\/\/api.w.org\/{rel}","templated":true}]}}