{"id":71595,"date":"2026-09-03T10:03:20","date_gmt":"2026-09-03T13:03:20","guid":{"rendered":"https:\/\/ejornais.com.br\/index.php\/2026\/09\/03\/procurador-defende-asfixia-financeira-no-combate-ao-crime-organizado\/"},"modified":"2026-09-03T10:03:20","modified_gmt":"2026-09-03T13:03:20","slug":"procurador-defende-asfixia-financeira-no-combate-ao-crime-organizado","status":"publish","type":"post","link":"https:\/\/ejornais.com.br\/index.php\/2026\/09\/03\/procurador-defende-asfixia-financeira-no-combate-ao-crime-organizado\/","title":{"rendered":"Procurador defende asfixia financeira no combate ao crime organizado"},"content":{"rendered":"<p> Por MRNews<br \/>\n<\/p>\n<div>\n<p>O procurador-geral de Justi\u00e7a do Rio, Ant\u00f4nio Jos\u00e9 Campos Moreira, disse nessa quarta-feira (2), durante encontro com empres\u00e1rios promovido pelo Grupo de L\u00edderes Empresariais (Lide), que \u00e9 preciso identificar o crime como atividade empresarial, que concorre com todos.<\/p>\n<p><strong>Ao abordar os reflexos da criminalidade na ordem econ\u00f4mica e financeira, o procurador afirmou que o enfrentamento \u00e0s organiza\u00e7\u00f5es criminosas deve avan\u00e7ar sobre seu patrim\u00f4nio e seus fluxos financeiros, com prioridade para a investiga\u00e7\u00e3o patrimonial e a recupera\u00e7\u00e3o de ativos.<\/strong><\/p>\n<blockquote>\n<p>\u201cPrender, ainda que prender lideran\u00e7as, n\u00e3o \u00e9 suficiente\u201d. \u00a0disse Ant\u00f4nio Jos\u00e9 durante o debate. \u201cInvestigar, processar, condenar e prender permanece indispens\u00e1vel, mas precisa ser acompanhado de estrat\u00e9gias capazes de atingir a estrutura econ\u00f4mica das organiza\u00e7\u00f5es criminosas\u201d.<\/p>\n<p><strong><a href=\"https:\/\/mrnews.com.br\/index.php\/2026\/09\/03\/mp-denuncia-envolvidos-em-lavagem-de-dinheiro-por-meio-de-bets\/\">MP denuncia envolvidos em lavagem de dinheiro por meio de bets<\/a><\/strong><\/p>\n<p><strong><a href=\"https:\/\/mrnews.com.br\/index.php\/2026\/09\/03\/vasco-e-palmeiras-avancam-e-se-enfrentam-na-semi-da-copa-do-brasil\/\">Vasco e Palmeiras avan\u00e7am e se enfrentam na semi da Copa do Brasil<\/a><\/strong><\/p>\n<\/blockquote>\n<p><strong>O procurador-geral de Justi\u00e7a explicou que o Minist\u00e9rio P\u00fablico do Rio de Janeiro (MPRJ) vem direcionando sua atua\u00e7\u00e3o para a investiga\u00e7\u00e3o patrimonial e a recupera\u00e7\u00e3o de ativos, com o objetivo de asfixiar financeiramente esses grupos.<\/strong><\/p>\n<blockquote>\n<p>\u201cA investiga\u00e7\u00e3o patrimonial e a recupera\u00e7\u00e3o de ativos s\u00e3o, para n\u00f3s, o norte do enfrentamento da criminalidade organizada\u201d.<\/p>\n<\/blockquote>\n<p><strong>Ant\u00f4nio Jos\u00e9 afirmou ainda que a expans\u00e3o das fac\u00e7\u00f5es criminosas ultrapassou os limites da seguran\u00e7a p\u00fablica.<\/strong><\/p>\n<blockquote>\n<p>\u201cO Rio de Janeiro \u00e9 um estado fatiado, dividido e dominado territorialmente por fac\u00e7\u00f5es criminosas. \u00c9 um problema de seguran\u00e7a p\u00fablica, mas que transcende, que ultrapassa a seguran\u00e7a p\u00fablica. \u00c9 um problema de soberania\u201d, acrescentou.<\/p>\n<p><strong><a href=\"https:\/\/mrnews.com.br\/index.php\/2026\/09\/03\/avanco-dos-eua-sobre-recursos-estrategicos-pauta-o-brasil-no-mundo\/\">Avan\u00e7o dos EUA sobre recursos estrat\u00e9gicos pauta o Brasil no Mundo<\/a><\/strong><\/p>\n<p><strong><a href=\"https:\/\/mrnews.com.br\/index.php\/2026\/09\/03\/cbf-anuncia-amistosos-da-selecao-brasileira-contra-japao-e-singapura\/\">CBF anuncia amistosos da sele\u00e7\u00e3o brasileira contra Jap\u00e3o e Singapura<\/a><\/strong><\/p>\n<\/blockquote>\n<p><strong>Para ele, o dom\u00ednio territorial permitiu \u00e0s organiza\u00e7\u00f5es criminosas diversificar suas fontes de receita e avan\u00e7ar sobre atividades econ\u00f4micas l\u00edcitas.<\/strong> Na sua opini\u00e3o,\u00a0o tr\u00e1fico de drogas tornou-se uma atividade econ\u00f4mica secund\u00e1ria no Rio diante da diversifica\u00e7\u00e3o dos neg\u00f3cios controlados pelas fac\u00e7\u00f5es.<\/p>\n<p>\u201cOs impactos econ\u00f4micos e financeiros s\u00e3o enormes. S\u00e3o tributos que o Estado e os munic\u00edpios deixam de arrecadar. S\u00e3o empres\u00e1rios que poderiam estar empreendendo,\u00a0trabalhando\u201d.<\/p>\n<\/div>\n","protected":false},"excerpt":{"rendered":"<p>Por MRNews O procurador-geral de Justi\u00e7a do Rio, Ant\u00f4nio Jos\u00e9 Campos Moreira, disse nessa quarta-feira (2), durante encontro com empres\u00e1rios<\/p>\n","protected":false},"author":2,"featured_media":0,"comment_status":"","ping_status":"","sticky":false,"template":"","format":"standard","meta":{"colormag_page_container_layout":"default_layout","colormag_page_sidebar_layout":"default_layout","footnotes":""},"categories":[1],"tags":[],"class_list":["post-71595","post","type-post","status-publish","format-standard","hentry","category-ejornais"],"aioseo_notices":[],"aioseo_head":"\n\t\t<!-- All in One SEO 5.0.1.1 - aioseo.com -->\n\t<meta name=\"description\" content=\"Por MRNews O procurador-geral de Justi\u00e7a do Rio, Ant\u00f4nio Jos\u00e9 Campos Moreira, disse nessa quarta-feira (2), durante encontro com empres\u00e1rios promovido pelo Grupo de L\u00edderes Empresariais (Lide), que \u00e9 preciso identificar o crime como atividade empresarial, que concorre com todos.Ao abordar os reflexos da criminalidade na ordem econ\u00f4mica e financeira, o procurador afirmou que o\" \/>\n\t<meta name=\"robots\" content=\"max-image-preview:large\" \/>\n\t<meta name=\"author\" content=\"admin1\"\/>\n\t<link rel=\"canonical\" href=\"https:\/\/ejornais.com.br\/index.php\/2026\/09\/03\/procurador-defende-asfixia-financeira-no-combate-ao-crime-organizado\/\" \/>\n\t<meta name=\"generator\" content=\"All in One SEO (AIOSEO) 5.0.1.1\" \/>\n\t\t<meta property=\"og:locale\" content=\"pt_BR\" \/>\n\t\t<meta property=\"og:site_name\" content=\"eJornais - Cat\u00e1logo de Jornais no mundo, Not\u00edcias, Blog e Esportes ao vivo\" \/>\n\t\t<meta property=\"og:type\" content=\"article\" \/>\n\t\t<meta property=\"og:title\" content=\"Procurador defende asfixia financeira no combate ao crime organizado - eJornais\" \/>\n\t\t<meta property=\"og:description\" content=\"Por MRNews O procurador-geral de Justi\u00e7a do Rio, Ant\u00f4nio Jos\u00e9 Campos Moreira, disse nessa quarta-feira (2), durante encontro com empres\u00e1rios promovido pelo Grupo de L\u00edderes Empresariais (Lide), que \u00e9 preciso identificar o crime como atividade empresarial, que concorre com todos.Ao abordar os reflexos da criminalidade na ordem econ\u00f4mica e financeira, o procurador afirmou que o\" \/>\n\t\t<meta property=\"og:url\" content=\"https:\/\/ejornais.com.br\/index.php\/2026\/09\/03\/procurador-defende-asfixia-financeira-no-combate-ao-crime-organizado\/\" \/>\n\t\t<meta property=\"article:published_time\" content=\"2026-09-03T13:03:20+00:00\" \/>\n\t\t<meta property=\"article:modified_time\" content=\"2026-09-03T13:03:20+00:00\" \/>\n\t\t<meta name=\"twitter:card\" content=\"summary_large_image\" \/>\n\t\t<meta name=\"twitter:title\" content=\"Procurador defende asfixia financeira no combate ao crime organizado - eJornais\" \/>\n\t\t<meta name=\"twitter:description\" content=\"Por MRNews O procurador-geral de Justi\u00e7a do Rio, Ant\u00f4nio Jos\u00e9 Campos Moreira, disse nessa quarta-feira (2), durante encontro com empres\u00e1rios promovido pelo Grupo de L\u00edderes Empresariais (Lide), que \u00e9 preciso identificar o crime como atividade empresarial, que concorre com todos.Ao abordar os reflexos da criminalidade na ordem econ\u00f4mica e financeira, o procurador afirmou que o\" \/>\n\t\t<script type=\"application\/ld+json\" class=\"aioseo-schema\">\n\t\t\t{\"@context\":\"https:\\\/\\\/schema.org\",\"@graph\":[{\"@type\":\"BlogPosting\",\"@id\":\"https:\\\/\\\/ejornais.com.br\\\/index.php\\\/2026\\\/09\\\/03\\\/procurador-defende-asfixia-financeira-no-combate-ao-crime-organizado\\\/#blogposting\",\"name\":\"Procurador defende asfixia financeira no combate ao crime organizado - eJornais\",\"headline\":\"Procurador defende asfixia financeira no combate ao crime organizado\",\"author\":{\"@id\":\"https:\\\/\\\/ejornais.com.br\\\/index.php\\\/author\\\/admin1\\\/#author\"},\"publisher\":{\"@id\":\"https:\\\/\\\/ejornais.com.br\\\/#organization\"},\"datePublished\":\"2026-09-03T10:03:20-03:00\",\"dateModified\":\"2026-09-03T10:03:20-03:00\",\"inLanguage\":\"pt-BR\",\"mainEntityOfPage\":{\"@id\":\"https:\\\/\\\/ejornais.com.br\\\/index.php\\\/2026\\\/09\\\/03\\\/procurador-defende-asfixia-financeira-no-combate-ao-crime-organizado\\\/#webpage\"},\"isPartOf\":{\"@id\":\"https:\\\/\\\/ejornais.com.br\\\/index.php\\\/2026\\\/09\\\/03\\\/procurador-defende-asfixia-financeira-no-combate-ao-crime-organizado\\\/#webpage\"},\"articleSection\":\"Cat\\u00e1logo de Jornais\"},{\"@type\":\"BreadcrumbList\",\"@id\":\"https:\\\/\\\/ejornais.com.br\\\/index.php\\\/2026\\\/09\\\/03\\\/procurador-defende-asfixia-financeira-no-combate-ao-crime-organizado\\\/#breadcrumblist\",\"itemListElement\":[{\"@type\":\"ListItem\",\"@id\":\"https:\\\/\\\/ejornais.com.br#listItem\",\"position\":1,\"name\":\"In\\u00edcio\",\"item\":\"https:\\\/\\\/ejornais.com.br\",\"nextItem\":{\"@type\":\"ListItem\",\"@id\":\"https:\\\/\\\/ejornais.com.br\\\/index.php\\\/category\\\/ejornais\\\/#listItem\",\"name\":\"Cat\\u00e1logo de Jornais\"}},{\"@type\":\"ListItem\",\"@id\":\"https:\\\/\\\/ejornais.com.br\\\/index.php\\\/category\\\/ejornais\\\/#listItem\",\"position\":2,\"name\":\"Cat\\u00e1logo de Jornais\",\"item\":\"https:\\\/\\\/ejornais.com.br\\\/index.php\\\/category\\\/ejornais\\\/\",\"nextItem\":{\"@type\":\"ListItem\",\"@id\":\"https:\\\/\\\/ejornais.com.br\\\/index.php\\\/2026\\\/09\\\/03\\\/procurador-defende-asfixia-financeira-no-combate-ao-crime-organizado\\\/#listItem\",\"name\":\"Procurador defende asfixia financeira no combate ao crime organizado\"},\"previousItem\":{\"@type\":\"ListItem\",\"@id\":\"https:\\\/\\\/ejornais.com.br#listItem\",\"name\":\"In\\u00edcio\"}},{\"@type\":\"ListItem\",\"@id\":\"https:\\\/\\\/ejornais.com.br\\\/index.php\\\/2026\\\/09\\\/03\\\/procurador-defende-asfixia-financeira-no-combate-ao-crime-organizado\\\/#listItem\",\"position\":3,\"name\":\"Procurador defende asfixia financeira no combate ao crime organizado\",\"previousItem\":{\"@type\":\"ListItem\",\"@id\":\"https:\\\/\\\/ejornais.com.br\\\/index.php\\\/category\\\/ejornais\\\/#listItem\",\"name\":\"Cat\\u00e1logo de Jornais\"}}]},{\"@type\":\"Organization\",\"@id\":\"https:\\\/\\\/ejornais.com.br\\\/#organization\",\"name\":\"eJornais\",\"description\":\"Cat\\u00e1logo de Jornais no mundo, Not\\u00edcias, Blog e Esportes ao vivo\",\"url\":\"https:\\\/\\\/ejornais.com.br\\\/\"},{\"@type\":\"Person\",\"@id\":\"https:\\\/\\\/ejornais.com.br\\\/index.php\\\/author\\\/admin1\\\/#author\",\"url\":\"https:\\\/\\\/ejornais.com.br\\\/index.php\\\/author\\\/admin1\\\/\",\"name\":\"admin1\",\"image\":{\"@type\":\"ImageObject\",\"@id\":\"https:\\\/\\\/ejornais.com.br\\\/index.php\\\/2026\\\/09\\\/03\\\/procurador-defende-asfixia-financeira-no-combate-ao-crime-organizado\\\/#authorImage\",\"url\":\"https:\\\/\\\/secure.gravatar.com\\\/avatar\\\/04084e6d73c042b8646e7c17b494073bf0ede3ea13c7105cfc45cbbbc28385a4?s=96&d=mm&r=g\",\"width\":96,\"height\":96,\"caption\":\"admin1\"}},{\"@type\":\"WebPage\",\"@id\":\"https:\\\/\\\/ejornais.com.br\\\/index.php\\\/2026\\\/09\\\/03\\\/procurador-defende-asfixia-financeira-no-combate-ao-crime-organizado\\\/#webpage\",\"url\":\"https:\\\/\\\/ejornais.com.br\\\/index.php\\\/2026\\\/09\\\/03\\\/procurador-defende-asfixia-financeira-no-combate-ao-crime-organizado\\\/\",\"name\":\"Procurador defende asfixia financeira no combate ao crime organizado - eJornais\",\"description\":\"Por MRNews O procurador-geral de Justi\\u00e7a do Rio, Ant\\u00f4nio Jos\\u00e9 Campos Moreira, disse nessa quarta-feira (2), durante encontro com empres\\u00e1rios promovido pelo Grupo de L\\u00edderes Empresariais (Lide), que \\u00e9 preciso identificar o crime como atividade empresarial, que concorre com todos.Ao abordar os reflexos da criminalidade na ordem econ\\u00f4mica e financeira, o procurador afirmou que o\",\"inLanguage\":\"pt-BR\",\"isPartOf\":{\"@id\":\"https:\\\/\\\/ejornais.com.br\\\/#website\"},\"breadcrumb\":{\"@id\":\"https:\\\/\\\/ejornais.com.br\\\/index.php\\\/2026\\\/09\\\/03\\\/procurador-defende-asfixia-financeira-no-combate-ao-crime-organizado\\\/#breadcrumblist\"},\"author\":{\"@id\":\"https:\\\/\\\/ejornais.com.br\\\/index.php\\\/author\\\/admin1\\\/#author\"},\"creator\":{\"@id\":\"https:\\\/\\\/ejornais.com.br\\\/index.php\\\/author\\\/admin1\\\/#author\"},\"datePublished\":\"2026-09-03T10:03:20-03:00\",\"dateModified\":\"2026-09-03T10:03:20-03:00\"},{\"@type\":\"WebSite\",\"@id\":\"https:\\\/\\\/ejornais.com.br\\\/#website\",\"url\":\"https:\\\/\\\/ejornais.com.br\\\/\",\"name\":\"eJornais\",\"description\":\"Cat\\u00e1logo de Jornais no mundo, Not\\u00edcias, Blog e Esportes ao vivo\",\"inLanguage\":\"pt-BR\",\"publisher\":{\"@id\":\"https:\\\/\\\/ejornais.com.br\\\/#organization\"}}]}\n\t\t<\/script>\n\t\t<!-- All in One SEO -->\n\n","aioseo_head_json":{"title":"Procurador defende asfixia financeira no combate ao crime organizado - eJornais","description":"Por MRNews O procurador-geral de Justi\u00e7a do Rio, Ant\u00f4nio Jos\u00e9 Campos Moreira, disse nessa quarta-feira (2), durante encontro com empres\u00e1rios promovido pelo Grupo de L\u00edderes Empresariais (Lide), que \u00e9 preciso identificar o crime como atividade empresarial, que concorre com todos.Ao abordar os reflexos da criminalidade na ordem econ\u00f4mica e financeira, o procurador afirmou que o","canonical_url":"https:\/\/ejornais.com.br\/index.php\/2026\/09\/03\/procurador-defende-asfixia-financeira-no-combate-ao-crime-organizado\/","robots":"max-image-preview:large","keywords":"","webmasterTools":{"miscellaneous":""},"schema":{"@context":"https:\/\/schema.org","@graph":[{"@type":"BlogPosting","@id":"https:\/\/ejornais.com.br\/index.php\/2026\/09\/03\/procurador-defende-asfixia-financeira-no-combate-ao-crime-organizado\/#blogposting","name":"Procurador defende asfixia financeira no combate ao crime organizado - eJornais","headline":"Procurador defende asfixia financeira no combate ao crime organizado","author":{"@id":"https:\/\/ejornais.com.br\/index.php\/author\/admin1\/#author"},"publisher":{"@id":"https:\/\/ejornais.com.br\/#organization"},"datePublished":"2026-09-03T10:03:20-03:00","dateModified":"2026-09-03T10:03:20-03:00","inLanguage":"pt-BR","mainEntityOfPage":{"@id":"https:\/\/ejornais.com.br\/index.php\/2026\/09\/03\/procurador-defende-asfixia-financeira-no-combate-ao-crime-organizado\/#webpage"},"isPartOf":{"@id":"https:\/\/ejornais.com.br\/index.php\/2026\/09\/03\/procurador-defende-asfixia-financeira-no-combate-ao-crime-organizado\/#webpage"},"articleSection":"Cat\u00e1logo de Jornais"},{"@type":"BreadcrumbList","@id":"https:\/\/ejornais.com.br\/index.php\/2026\/09\/03\/procurador-defende-asfixia-financeira-no-combate-ao-crime-organizado\/#breadcrumblist","itemListElement":[{"@type":"ListItem","@id":"https:\/\/ejornais.com.br#listItem","position":1,"name":"In\u00edcio","item":"https:\/\/ejornais.com.br","nextItem":{"@type":"ListItem","@id":"https:\/\/ejornais.com.br\/index.php\/category\/ejornais\/#listItem","name":"Cat\u00e1logo de Jornais"}},{"@type":"ListItem","@id":"https:\/\/ejornais.com.br\/index.php\/category\/ejornais\/#listItem","position":2,"name":"Cat\u00e1logo de Jornais","item":"https:\/\/ejornais.com.br\/index.php\/category\/ejornais\/","nextItem":{"@type":"ListItem","@id":"https:\/\/ejornais.com.br\/index.php\/2026\/09\/03\/procurador-defende-asfixia-financeira-no-combate-ao-crime-organizado\/#listItem","name":"Procurador defende asfixia financeira no combate ao crime organizado"},"previousItem":{"@type":"ListItem","@id":"https:\/\/ejornais.com.br#listItem","name":"In\u00edcio"}},{"@type":"ListItem","@id":"https:\/\/ejornais.com.br\/index.php\/2026\/09\/03\/procurador-defende-asfixia-financeira-no-combate-ao-crime-organizado\/#listItem","position":3,"name":"Procurador defende asfixia financeira no combate ao crime organizado","previousItem":{"@type":"ListItem","@id":"https:\/\/ejornais.com.br\/index.php\/category\/ejornais\/#listItem","name":"Cat\u00e1logo de Jornais"}}]},{"@type":"Organization","@id":"https:\/\/ejornais.com.br\/#organization","name":"eJornais","description":"Cat\u00e1logo de Jornais no mundo, Not\u00edcias, Blog e Esportes ao vivo","url":"https:\/\/ejornais.com.br\/"},{"@type":"Person","@id":"https:\/\/ejornais.com.br\/index.php\/author\/admin1\/#author","url":"https:\/\/ejornais.com.br\/index.php\/author\/admin1\/","name":"admin1","image":{"@type":"ImageObject","@id":"https:\/\/ejornais.com.br\/index.php\/2026\/09\/03\/procurador-defende-asfixia-financeira-no-combate-ao-crime-organizado\/#authorImage","url":"https:\/\/secure.gravatar.com\/avatar\/04084e6d73c042b8646e7c17b494073bf0ede3ea13c7105cfc45cbbbc28385a4?s=96&d=mm&r=g","width":96,"height":96,"caption":"admin1"}},{"@type":"WebPage","@id":"https:\/\/ejornais.com.br\/index.php\/2026\/09\/03\/procurador-defende-asfixia-financeira-no-combate-ao-crime-organizado\/#webpage","url":"https:\/\/ejornais.com.br\/index.php\/2026\/09\/03\/procurador-defende-asfixia-financeira-no-combate-ao-crime-organizado\/","name":"Procurador defende asfixia financeira no combate ao crime organizado - eJornais","description":"Por MRNews O procurador-geral de Justi\u00e7a do Rio, Ant\u00f4nio Jos\u00e9 Campos Moreira, disse nessa quarta-feira (2), durante encontro com empres\u00e1rios promovido pelo Grupo de L\u00edderes Empresariais (Lide), que \u00e9 preciso identificar o crime como atividade empresarial, que concorre com todos.Ao abordar os reflexos da criminalidade na ordem econ\u00f4mica e financeira, o procurador afirmou que o","inLanguage":"pt-BR","isPartOf":{"@id":"https:\/\/ejornais.com.br\/#website"},"breadcrumb":{"@id":"https:\/\/ejornais.com.br\/index.php\/2026\/09\/03\/procurador-defende-asfixia-financeira-no-combate-ao-crime-organizado\/#breadcrumblist"},"author":{"@id":"https:\/\/ejornais.com.br\/index.php\/author\/admin1\/#author"},"creator":{"@id":"https:\/\/ejornais.com.br\/index.php\/author\/admin1\/#author"},"datePublished":"2026-09-03T10:03:20-03:00","dateModified":"2026-09-03T10:03:20-03:00"},{"@type":"WebSite","@id":"https:\/\/ejornais.com.br\/#website","url":"https:\/\/ejornais.com.br\/","name":"eJornais","description":"Cat\u00e1logo de Jornais no mundo, Not\u00edcias, Blog e Esportes ao vivo","inLanguage":"pt-BR","publisher":{"@id":"https:\/\/ejornais.com.br\/#organization"}}]},"og:locale":"pt_BR","og:site_name":"eJornais - Cat\u00e1logo de Jornais no mundo, Not\u00edcias, Blog e Esportes ao vivo","og:type":"article","og:title":"Procurador defende asfixia financeira no combate ao crime organizado - eJornais","og:description":"Por MRNews O procurador-geral de Justi\u00e7a do Rio, Ant\u00f4nio Jos\u00e9 Campos Moreira, disse nessa quarta-feira (2), durante encontro com empres\u00e1rios promovido pelo Grupo de L\u00edderes Empresariais (Lide), que \u00e9 preciso identificar o crime como atividade empresarial, que concorre com todos.Ao abordar os reflexos da criminalidade na ordem econ\u00f4mica e financeira, o procurador afirmou que o","og:url":"https:\/\/ejornais.com.br\/index.php\/2026\/09\/03\/procurador-defende-asfixia-financeira-no-combate-ao-crime-organizado\/","article:published_time":"2026-09-03T13:03:20+00:00","article:modified_time":"2026-09-03T13:03:20+00:00","twitter:card":"summary_large_image","twitter:title":"Procurador defende asfixia financeira no combate ao crime organizado - eJornais","twitter:description":"Por MRNews O procurador-geral de Justi\u00e7a do Rio, Ant\u00f4nio Jos\u00e9 Campos Moreira, disse nessa quarta-feira (2), durante encontro com empres\u00e1rios promovido pelo Grupo de L\u00edderes Empresariais (Lide), que \u00e9 preciso identificar o crime como atividade empresarial, que concorre com todos.Ao abordar os reflexos da criminalidade na ordem econ\u00f4mica e financeira, o procurador afirmou que o"},"aioseo_meta_data":[],"aioseo_breadcrumb":"<div class=\"aioseo-breadcrumbs\"><span class=\"aioseo-breadcrumb\">\n\t\t\t<a href=\"https:\/\/ejornais.com.br\" title=\"In\u00edcio\">In\u00edcio<\/a>\n\t\t<\/span><span class=\"aioseo-breadcrumb-separator\">&raquo;<\/span><span class=\"aioseo-breadcrumb\">\n\t\t\t<a href=\"https:\/\/ejornais.com.br\/index.php\/category\/ejornais\/\" title=\"Cat\u00e1logo de Jornais\">Cat\u00e1logo de Jornais<\/a>\n\t\t<\/span><span class=\"aioseo-breadcrumb-separator\">&raquo;<\/span><span class=\"aioseo-breadcrumb\">\n\t\t\tProcurador defende asfixia financeira no combate ao crime organizado\n\t\t<\/span><\/div>","aioseo_breadcrumb_json":[{"label":"In\u00edcio","link":"https:\/\/ejornais.com.br"},{"label":"Cat\u00e1logo de Jornais","link":"https:\/\/ejornais.com.br\/index.php\/category\/ejornais\/"},{"label":"Procurador defende asfixia financeira no combate ao crime organizado","link":"https:\/\/ejornais.com.br\/index.php\/2026\/09\/03\/procurador-defende-asfixia-financeira-no-combate-ao-crime-organizado\/"}],"amp_enabled":true,"_links":{"self":[{"href":"https:\/\/ejornais.com.br\/index.php\/wp-json\/wp\/v2\/posts\/71595","targetHints":{"allow":["GET"]}}],"collection":[{"href":"https:\/\/ejornais.com.br\/index.php\/wp-json\/wp\/v2\/posts"}],"about":[{"href":"https:\/\/ejornais.com.br\/index.php\/wp-json\/wp\/v2\/types\/post"}],"author":[{"embeddable":true,"href":"https:\/\/ejornais.com.br\/index.php\/wp-json\/wp\/v2\/users\/2"}],"replies":[{"embeddable":true,"href":"https:\/\/ejornais.com.br\/index.php\/wp-json\/wp\/v2\/comments?post=71595"}],"version-history":[{"count":0,"href":"https:\/\/ejornais.com.br\/index.php\/wp-json\/wp\/v2\/posts\/71595\/revisions"}],"wp:attachment":[{"href":"https:\/\/ejornais.com.br\/index.php\/wp-json\/wp\/v2\/media?parent=71595"}],"wp:term":[{"taxonomy":"category","embeddable":true,"href":"https:\/\/ejornais.com.br\/index.php\/wp-json\/wp\/v2\/categories?post=71595"},{"taxonomy":"post_tag","embeddable":true,"href":"https:\/\/ejornais.com.br\/index.php\/wp-json\/wp\/v2\/tags?post=71595"}],"curies":[{"name":"wp","href":"https:\/\/api.w.org\/{rel}","templated":true}]}}