{"id":71601,"date":"2026-09-03T12:16:04","date_gmt":"2026-09-03T15:16:04","guid":{"rendered":"https:\/\/ejornais.com.br\/index.php\/2026\/09\/03\/casa-da-juventude-abre-inscricoes-para-oficinas-gratuitas-em-nova-iguacu\/"},"modified":"2026-09-03T12:16:04","modified_gmt":"2026-09-03T15:16:04","slug":"casa-da-juventude-abre-inscricoes-para-oficinas-gratuitas-em-nova-iguacu","status":"publish","type":"post","link":"https:\/\/ejornais.com.br\/index.php\/2026\/09\/03\/casa-da-juventude-abre-inscricoes-para-oficinas-gratuitas-em-nova-iguacu\/","title":{"rendered":"Casa da Juventude abre inscri\u00e7\u00f5es para oficinas gratuitas em Nova Igua\u00e7u"},"content":{"rendered":"<p><\/p>\n<div id=\"post_38772\">\n<header>\n<h2>Casa da Juventude abre inscri\u00e7\u00f5es para oficinas gratuitas em Nova Igua\u00e7u<\/h2>\n<h4>\n                <em><br \/>\n                    <time class=\"text-muted\" datetime=\"02-09-2026\">02 de setembro de 2026<\/time><br \/>\n                <\/em><br \/>\n            <\/h4>\n<\/header>\n<section>\n<p style=\"text-align: justify;\">A m\u00fasica, o movimento, a interpreta\u00e7\u00e3o e as cores s\u00e3o diferentes formas de express\u00e3o que estar\u00e3o reunidas na Casa da Juventude de Nova Igua\u00e7u. No m\u00eas em que \u00e9 celebrado o Dia da Juventude do Brasil, comemorado em 22 de setembro, a Prefeitura est\u00e1 com inscri\u00e7\u00f5es abertas para quatro oficinas gratuitas: DJ, dan\u00e7a, teatro e grafite. Ao todo, s\u00e3o 80 vagas dispon\u00edveis para novos alunos.<\/p>\n<p style=\"text-align: justify;\">As atividades s\u00e3o voltadas para jovens igua\u00e7uanos com idade entre 15 e 29 anos inscritos no Cadastro \u00danico (Cad\u00danico). As oficinas j\u00e1 est\u00e3o em andamento e oferecem oportunidades de aprendizado e desenvolvimento art\u00edstico, estimulando a criatividade, a conviv\u00eancia e o protagonismo da juventude.<\/p>\n<p style=\"text-align: justify;\">Do som produzido nas pick-ups ao movimento da dan\u00e7a, da interpreta\u00e7\u00e3o no palco \u00e0s cores e tra\u00e7os do grafite, cada oficina apresenta uma linguagem diferente da arte e da cultura. A proposta \u00e9 criar um espa\u00e7o onde os jovens possam descobrir e desenvolver talentos, trocar experi\u00eancias e encontrar novas formas de express\u00e3o.<\/p>\n<p style=\"text-align: justify;\">\u201cInvestir na juventude \u00e9 criar oportunidades para que nossos jovens possam desenvolver seus talentos e construir seus pr\u00f3prios caminhos. A Casa da Juventude \u00e9 um espa\u00e7o de acolhimento, aprendizado e conviv\u00eancia, onde a arte e a cultura tamb\u00e9m se tornam instrumentos de transforma\u00e7\u00e3o social. Essas oficinas valorizam diferentes formas de express\u00e3o e ajudam a fortalecer o protagonismo dos nossos jovens\u201d, afirma Cristiane Araujo, coordenadora da Casa da Juventude, equipamento da Secretaria Municipal de Assist\u00eancia Social.<\/p>\n<p style=\"text-align: justify;\">As oficinas de DJ e de dan\u00e7a acontecem sempre \u00e0s segundas-feiras. A primeira tem aulas das 10h \u00e0s 11h30 e das 14h \u00e0s 15h30. J\u00e1 a segunda conta com tr\u00eas turmas com uma hora de aula cada. Os hor\u00e1rios s\u00e3o: 10h, 11h e 14h. \u00c0s ter\u00e7as, a CAJU promove a oficina de teatro, das 10h \u00e0s 11h30 e das 14h \u00e0s 16h. J\u00e1 as aulas de DJ acontecem \u00e0s quartas, das 10h \u00e0s 12h e das 14h \u00e0s 16h. Cada oficina oferece 20 vagas.<\/p>\n<p style=\"text-align: justify;\">As inscri\u00e7\u00f5es j\u00e1 est\u00e3o abertas e podem ser feitas pela internet. Basta acessar www.novaiguacu.rj.gov.br\/semas\/equipamentos\/caju e preencher o formul\u00e1rio. Quem preferir pode tamb\u00e9m se matricular diretamente na CAJU, na Rua da Liberdade, n\u00ba 58, Calif\u00f3rnia. \u00c9 preciso apresentar c\u00f3pia do RG e CPF , comprovante de resid\u00eancia e inscri\u00e7\u00e3o do Cad\u00fanico. Menores de idade precisam estar acompanhados por um respons\u00e1vel no ato da inscri\u00e7\u00e3o.<\/p>\n<\/section><\/div>\n","protected":false},"excerpt":{"rendered":"<p>Casa da Juventude abre inscri\u00e7\u00f5es para oficinas gratuitas em Nova Igua\u00e7u 02 de setembro de 2026 A m\u00fasica, o movimento,<\/p>\n","protected":false},"author":2,"featured_media":0,"comment_status":"","ping_status":"","sticky":false,"template":"","format":"standard","meta":{"colormag_page_container_layout":"default_layout","colormag_page_sidebar_layout":"default_layout","footnotes":""},"categories":[1],"tags":[],"class_list":["post-71601","post","type-post","status-publish","format-standard","hentry","category-ejornais"],"aioseo_notices":[],"aioseo_head":"\n\t\t<!-- All in One SEO 5.0.1.1 - aioseo.com -->\n\t<meta name=\"description\" content=\"Casa da Juventude abre inscri\u00e7\u00f5es para oficinas gratuitas em Nova Igua\u00e7u 02 de setembro de 2026 A m\u00fasica, o movimento, a interpreta\u00e7\u00e3o e as cores s\u00e3o diferentes formas de express\u00e3o que estar\u00e3o reunidas na Casa da Juventude de Nova Igua\u00e7u. No m\u00eas em que \u00e9 celebrado o Dia da Juventude do Brasil, comemorado em 22\" \/>\n\t<meta name=\"robots\" content=\"max-image-preview:large\" \/>\n\t<meta name=\"author\" content=\"admin1\"\/>\n\t<link rel=\"canonical\" href=\"https:\/\/ejornais.com.br\/index.php\/2026\/09\/03\/casa-da-juventude-abre-inscricoes-para-oficinas-gratuitas-em-nova-iguacu\/\" \/>\n\t<meta name=\"generator\" content=\"All in One SEO (AIOSEO) 5.0.1.1\" \/>\n\t\t<meta property=\"og:locale\" content=\"pt_BR\" \/>\n\t\t<meta property=\"og:site_name\" content=\"eJornais - Cat\u00e1logo de Jornais no mundo, Not\u00edcias, Blog e Esportes ao vivo\" \/>\n\t\t<meta property=\"og:type\" content=\"article\" \/>\n\t\t<meta property=\"og:title\" content=\"Casa da Juventude abre inscri\u00e7\u00f5es para oficinas gratuitas em Nova Igua\u00e7u - eJornais\" \/>\n\t\t<meta property=\"og:description\" content=\"Casa da Juventude abre inscri\u00e7\u00f5es para oficinas gratuitas em Nova Igua\u00e7u 02 de setembro de 2026 A m\u00fasica, o movimento, a interpreta\u00e7\u00e3o e as cores s\u00e3o diferentes formas de express\u00e3o que estar\u00e3o reunidas na Casa da Juventude de Nova Igua\u00e7u. No m\u00eas em que \u00e9 celebrado o Dia da Juventude do Brasil, comemorado em 22\" \/>\n\t\t<meta property=\"og:url\" content=\"https:\/\/ejornais.com.br\/index.php\/2026\/09\/03\/casa-da-juventude-abre-inscricoes-para-oficinas-gratuitas-em-nova-iguacu\/\" \/>\n\t\t<meta property=\"article:published_time\" content=\"2026-09-03T15:16:04+00:00\" \/>\n\t\t<meta property=\"article:modified_time\" content=\"2026-09-03T15:16:04+00:00\" \/>\n\t\t<meta name=\"twitter:card\" content=\"summary_large_image\" \/>\n\t\t<meta name=\"twitter:title\" content=\"Casa da Juventude abre inscri\u00e7\u00f5es para oficinas gratuitas em Nova Igua\u00e7u - eJornais\" \/>\n\t\t<meta name=\"twitter:description\" content=\"Casa da Juventude abre inscri\u00e7\u00f5es para oficinas gratuitas em Nova Igua\u00e7u 02 de setembro de 2026 A m\u00fasica, o movimento, a interpreta\u00e7\u00e3o e as cores s\u00e3o diferentes formas de express\u00e3o que estar\u00e3o reunidas na Casa da Juventude de Nova Igua\u00e7u. No m\u00eas em que \u00e9 celebrado o Dia da Juventude do Brasil, comemorado em 22\" \/>\n\t\t<script type=\"application\/ld+json\" class=\"aioseo-schema\">\n\t\t\t{\"@context\":\"https:\\\/\\\/schema.org\",\"@graph\":[{\"@type\":\"BlogPosting\",\"@id\":\"https:\\\/\\\/ejornais.com.br\\\/index.php\\\/2026\\\/09\\\/03\\\/casa-da-juventude-abre-inscricoes-para-oficinas-gratuitas-em-nova-iguacu\\\/#blogposting\",\"name\":\"Casa da Juventude abre inscri\\u00e7\\u00f5es para oficinas gratuitas em Nova Igua\\u00e7u - eJornais\",\"headline\":\"Casa da Juventude abre inscri\\u00e7\\u00f5es para oficinas gratuitas em Nova Igua\\u00e7u\",\"author\":{\"@id\":\"https:\\\/\\\/ejornais.com.br\\\/index.php\\\/author\\\/admin1\\\/#author\"},\"publisher\":{\"@id\":\"https:\\\/\\\/ejornais.com.br\\\/#organization\"},\"datePublished\":\"2026-09-03T12:16:04-03:00\",\"dateModified\":\"2026-09-03T12:16:04-03:00\",\"inLanguage\":\"pt-BR\",\"mainEntityOfPage\":{\"@id\":\"https:\\\/\\\/ejornais.com.br\\\/index.php\\\/2026\\\/09\\\/03\\\/casa-da-juventude-abre-inscricoes-para-oficinas-gratuitas-em-nova-iguacu\\\/#webpage\"},\"isPartOf\":{\"@id\":\"https:\\\/\\\/ejornais.com.br\\\/index.php\\\/2026\\\/09\\\/03\\\/casa-da-juventude-abre-inscricoes-para-oficinas-gratuitas-em-nova-iguacu\\\/#webpage\"},\"articleSection\":\"Cat\\u00e1logo de Jornais\"},{\"@type\":\"BreadcrumbList\",\"@id\":\"https:\\\/\\\/ejornais.com.br\\\/index.php\\\/2026\\\/09\\\/03\\\/casa-da-juventude-abre-inscricoes-para-oficinas-gratuitas-em-nova-iguacu\\\/#breadcrumblist\",\"itemListElement\":[{\"@type\":\"ListItem\",\"@id\":\"https:\\\/\\\/ejornais.com.br#listItem\",\"position\":1,\"name\":\"In\\u00edcio\",\"item\":\"https:\\\/\\\/ejornais.com.br\",\"nextItem\":{\"@type\":\"ListItem\",\"@id\":\"https:\\\/\\\/ejornais.com.br\\\/index.php\\\/category\\\/ejornais\\\/#listItem\",\"name\":\"Cat\\u00e1logo de Jornais\"}},{\"@type\":\"ListItem\",\"@id\":\"https:\\\/\\\/ejornais.com.br\\\/index.php\\\/category\\\/ejornais\\\/#listItem\",\"position\":2,\"name\":\"Cat\\u00e1logo de Jornais\",\"item\":\"https:\\\/\\\/ejornais.com.br\\\/index.php\\\/category\\\/ejornais\\\/\",\"nextItem\":{\"@type\":\"ListItem\",\"@id\":\"https:\\\/\\\/ejornais.com.br\\\/index.php\\\/2026\\\/09\\\/03\\\/casa-da-juventude-abre-inscricoes-para-oficinas-gratuitas-em-nova-iguacu\\\/#listItem\",\"name\":\"Casa da Juventude abre inscri\\u00e7\\u00f5es para oficinas gratuitas em Nova Igua\\u00e7u\"},\"previousItem\":{\"@type\":\"ListItem\",\"@id\":\"https:\\\/\\\/ejornais.com.br#listItem\",\"name\":\"In\\u00edcio\"}},{\"@type\":\"ListItem\",\"@id\":\"https:\\\/\\\/ejornais.com.br\\\/index.php\\\/2026\\\/09\\\/03\\\/casa-da-juventude-abre-inscricoes-para-oficinas-gratuitas-em-nova-iguacu\\\/#listItem\",\"position\":3,\"name\":\"Casa da Juventude abre inscri\\u00e7\\u00f5es para oficinas gratuitas em Nova Igua\\u00e7u\",\"previousItem\":{\"@type\":\"ListItem\",\"@id\":\"https:\\\/\\\/ejornais.com.br\\\/index.php\\\/category\\\/ejornais\\\/#listItem\",\"name\":\"Cat\\u00e1logo de Jornais\"}}]},{\"@type\":\"Organization\",\"@id\":\"https:\\\/\\\/ejornais.com.br\\\/#organization\",\"name\":\"eJornais\",\"description\":\"Cat\\u00e1logo de Jornais no mundo, Not\\u00edcias, Blog e Esportes ao vivo\",\"url\":\"https:\\\/\\\/ejornais.com.br\\\/\"},{\"@type\":\"Person\",\"@id\":\"https:\\\/\\\/ejornais.com.br\\\/index.php\\\/author\\\/admin1\\\/#author\",\"url\":\"https:\\\/\\\/ejornais.com.br\\\/index.php\\\/author\\\/admin1\\\/\",\"name\":\"admin1\",\"image\":{\"@type\":\"ImageObject\",\"@id\":\"https:\\\/\\\/ejornais.com.br\\\/index.php\\\/2026\\\/09\\\/03\\\/casa-da-juventude-abre-inscricoes-para-oficinas-gratuitas-em-nova-iguacu\\\/#authorImage\",\"url\":\"https:\\\/\\\/secure.gravatar.com\\\/avatar\\\/04084e6d73c042b8646e7c17b494073bf0ede3ea13c7105cfc45cbbbc28385a4?s=96&d=mm&r=g\",\"width\":96,\"height\":96,\"caption\":\"admin1\"}},{\"@type\":\"WebPage\",\"@id\":\"https:\\\/\\\/ejornais.com.br\\\/index.php\\\/2026\\\/09\\\/03\\\/casa-da-juventude-abre-inscricoes-para-oficinas-gratuitas-em-nova-iguacu\\\/#webpage\",\"url\":\"https:\\\/\\\/ejornais.com.br\\\/index.php\\\/2026\\\/09\\\/03\\\/casa-da-juventude-abre-inscricoes-para-oficinas-gratuitas-em-nova-iguacu\\\/\",\"name\":\"Casa da Juventude abre inscri\\u00e7\\u00f5es para oficinas gratuitas em Nova Igua\\u00e7u - eJornais\",\"description\":\"Casa da Juventude abre inscri\\u00e7\\u00f5es para oficinas gratuitas em Nova Igua\\u00e7u 02 de setembro de 2026 A m\\u00fasica, o movimento, a interpreta\\u00e7\\u00e3o e as cores s\\u00e3o diferentes formas de express\\u00e3o que estar\\u00e3o reunidas na Casa da Juventude de Nova Igua\\u00e7u. No m\\u00eas em que \\u00e9 celebrado o Dia da Juventude do Brasil, comemorado em 22\",\"inLanguage\":\"pt-BR\",\"isPartOf\":{\"@id\":\"https:\\\/\\\/ejornais.com.br\\\/#website\"},\"breadcrumb\":{\"@id\":\"https:\\\/\\\/ejornais.com.br\\\/index.php\\\/2026\\\/09\\\/03\\\/casa-da-juventude-abre-inscricoes-para-oficinas-gratuitas-em-nova-iguacu\\\/#breadcrumblist\"},\"author\":{\"@id\":\"https:\\\/\\\/ejornais.com.br\\\/index.php\\\/author\\\/admin1\\\/#author\"},\"creator\":{\"@id\":\"https:\\\/\\\/ejornais.com.br\\\/index.php\\\/author\\\/admin1\\\/#author\"},\"datePublished\":\"2026-09-03T12:16:04-03:00\",\"dateModified\":\"2026-09-03T12:16:04-03:00\"},{\"@type\":\"WebSite\",\"@id\":\"https:\\\/\\\/ejornais.com.br\\\/#website\",\"url\":\"https:\\\/\\\/ejornais.com.br\\\/\",\"name\":\"eJornais\",\"description\":\"Cat\\u00e1logo de Jornais no mundo, Not\\u00edcias, Blog e Esportes ao vivo\",\"inLanguage\":\"pt-BR\",\"publisher\":{\"@id\":\"https:\\\/\\\/ejornais.com.br\\\/#organization\"}}]}\n\t\t<\/script>\n\t\t<!-- All in One SEO -->\n\n","aioseo_head_json":{"title":"Casa da Juventude abre inscri\u00e7\u00f5es para oficinas gratuitas em Nova Igua\u00e7u - eJornais","description":"Casa da Juventude abre inscri\u00e7\u00f5es para oficinas gratuitas em Nova Igua\u00e7u 02 de setembro de 2026 A m\u00fasica, o movimento, a interpreta\u00e7\u00e3o e as cores s\u00e3o diferentes formas de express\u00e3o que estar\u00e3o reunidas na Casa da Juventude de Nova Igua\u00e7u. No m\u00eas em que \u00e9 celebrado o Dia da Juventude do Brasil, comemorado em 22","canonical_url":"https:\/\/ejornais.com.br\/index.php\/2026\/09\/03\/casa-da-juventude-abre-inscricoes-para-oficinas-gratuitas-em-nova-iguacu\/","robots":"max-image-preview:large","keywords":"","webmasterTools":{"miscellaneous":""},"schema":{"@context":"https:\/\/schema.org","@graph":[{"@type":"BlogPosting","@id":"https:\/\/ejornais.com.br\/index.php\/2026\/09\/03\/casa-da-juventude-abre-inscricoes-para-oficinas-gratuitas-em-nova-iguacu\/#blogposting","name":"Casa da Juventude abre inscri\u00e7\u00f5es para oficinas gratuitas em Nova Igua\u00e7u - eJornais","headline":"Casa da Juventude abre inscri\u00e7\u00f5es para oficinas gratuitas em Nova Igua\u00e7u","author":{"@id":"https:\/\/ejornais.com.br\/index.php\/author\/admin1\/#author"},"publisher":{"@id":"https:\/\/ejornais.com.br\/#organization"},"datePublished":"2026-09-03T12:16:04-03:00","dateModified":"2026-09-03T12:16:04-03:00","inLanguage":"pt-BR","mainEntityOfPage":{"@id":"https:\/\/ejornais.com.br\/index.php\/2026\/09\/03\/casa-da-juventude-abre-inscricoes-para-oficinas-gratuitas-em-nova-iguacu\/#webpage"},"isPartOf":{"@id":"https:\/\/ejornais.com.br\/index.php\/2026\/09\/03\/casa-da-juventude-abre-inscricoes-para-oficinas-gratuitas-em-nova-iguacu\/#webpage"},"articleSection":"Cat\u00e1logo de Jornais"},{"@type":"BreadcrumbList","@id":"https:\/\/ejornais.com.br\/index.php\/2026\/09\/03\/casa-da-juventude-abre-inscricoes-para-oficinas-gratuitas-em-nova-iguacu\/#breadcrumblist","itemListElement":[{"@type":"ListItem","@id":"https:\/\/ejornais.com.br#listItem","position":1,"name":"In\u00edcio","item":"https:\/\/ejornais.com.br","nextItem":{"@type":"ListItem","@id":"https:\/\/ejornais.com.br\/index.php\/category\/ejornais\/#listItem","name":"Cat\u00e1logo de Jornais"}},{"@type":"ListItem","@id":"https:\/\/ejornais.com.br\/index.php\/category\/ejornais\/#listItem","position":2,"name":"Cat\u00e1logo de Jornais","item":"https:\/\/ejornais.com.br\/index.php\/category\/ejornais\/","nextItem":{"@type":"ListItem","@id":"https:\/\/ejornais.com.br\/index.php\/2026\/09\/03\/casa-da-juventude-abre-inscricoes-para-oficinas-gratuitas-em-nova-iguacu\/#listItem","name":"Casa da Juventude abre inscri\u00e7\u00f5es para oficinas gratuitas em Nova Igua\u00e7u"},"previousItem":{"@type":"ListItem","@id":"https:\/\/ejornais.com.br#listItem","name":"In\u00edcio"}},{"@type":"ListItem","@id":"https:\/\/ejornais.com.br\/index.php\/2026\/09\/03\/casa-da-juventude-abre-inscricoes-para-oficinas-gratuitas-em-nova-iguacu\/#listItem","position":3,"name":"Casa da Juventude abre inscri\u00e7\u00f5es para oficinas gratuitas em Nova Igua\u00e7u","previousItem":{"@type":"ListItem","@id":"https:\/\/ejornais.com.br\/index.php\/category\/ejornais\/#listItem","name":"Cat\u00e1logo de Jornais"}}]},{"@type":"Organization","@id":"https:\/\/ejornais.com.br\/#organization","name":"eJornais","description":"Cat\u00e1logo de Jornais no mundo, Not\u00edcias, Blog e Esportes ao vivo","url":"https:\/\/ejornais.com.br\/"},{"@type":"Person","@id":"https:\/\/ejornais.com.br\/index.php\/author\/admin1\/#author","url":"https:\/\/ejornais.com.br\/index.php\/author\/admin1\/","name":"admin1","image":{"@type":"ImageObject","@id":"https:\/\/ejornais.com.br\/index.php\/2026\/09\/03\/casa-da-juventude-abre-inscricoes-para-oficinas-gratuitas-em-nova-iguacu\/#authorImage","url":"https:\/\/secure.gravatar.com\/avatar\/04084e6d73c042b8646e7c17b494073bf0ede3ea13c7105cfc45cbbbc28385a4?s=96&d=mm&r=g","width":96,"height":96,"caption":"admin1"}},{"@type":"WebPage","@id":"https:\/\/ejornais.com.br\/index.php\/2026\/09\/03\/casa-da-juventude-abre-inscricoes-para-oficinas-gratuitas-em-nova-iguacu\/#webpage","url":"https:\/\/ejornais.com.br\/index.php\/2026\/09\/03\/casa-da-juventude-abre-inscricoes-para-oficinas-gratuitas-em-nova-iguacu\/","name":"Casa da Juventude abre inscri\u00e7\u00f5es para oficinas gratuitas em Nova Igua\u00e7u - eJornais","description":"Casa da Juventude abre inscri\u00e7\u00f5es para oficinas gratuitas em Nova Igua\u00e7u 02 de setembro de 2026 A m\u00fasica, o movimento, a interpreta\u00e7\u00e3o e as cores s\u00e3o diferentes formas de express\u00e3o que estar\u00e3o reunidas na Casa da Juventude de Nova Igua\u00e7u. No m\u00eas em que \u00e9 celebrado o Dia da Juventude do Brasil, comemorado em 22","inLanguage":"pt-BR","isPartOf":{"@id":"https:\/\/ejornais.com.br\/#website"},"breadcrumb":{"@id":"https:\/\/ejornais.com.br\/index.php\/2026\/09\/03\/casa-da-juventude-abre-inscricoes-para-oficinas-gratuitas-em-nova-iguacu\/#breadcrumblist"},"author":{"@id":"https:\/\/ejornais.com.br\/index.php\/author\/admin1\/#author"},"creator":{"@id":"https:\/\/ejornais.com.br\/index.php\/author\/admin1\/#author"},"datePublished":"2026-09-03T12:16:04-03:00","dateModified":"2026-09-03T12:16:04-03:00"},{"@type":"WebSite","@id":"https:\/\/ejornais.com.br\/#website","url":"https:\/\/ejornais.com.br\/","name":"eJornais","description":"Cat\u00e1logo de Jornais no mundo, Not\u00edcias, Blog e Esportes ao vivo","inLanguage":"pt-BR","publisher":{"@id":"https:\/\/ejornais.com.br\/#organization"}}]},"og:locale":"pt_BR","og:site_name":"eJornais - Cat\u00e1logo de Jornais no mundo, Not\u00edcias, Blog e Esportes ao vivo","og:type":"article","og:title":"Casa da Juventude abre inscri\u00e7\u00f5es para oficinas gratuitas em Nova Igua\u00e7u - eJornais","og:description":"Casa da Juventude abre inscri\u00e7\u00f5es para oficinas gratuitas em Nova Igua\u00e7u 02 de setembro de 2026 A m\u00fasica, o movimento, a interpreta\u00e7\u00e3o e as cores s\u00e3o diferentes formas de express\u00e3o que estar\u00e3o reunidas na Casa da Juventude de Nova Igua\u00e7u. No m\u00eas em que \u00e9 celebrado o Dia da Juventude do Brasil, comemorado em 22","og:url":"https:\/\/ejornais.com.br\/index.php\/2026\/09\/03\/casa-da-juventude-abre-inscricoes-para-oficinas-gratuitas-em-nova-iguacu\/","article:published_time":"2026-09-03T15:16:04+00:00","article:modified_time":"2026-09-03T15:16:04+00:00","twitter:card":"summary_large_image","twitter:title":"Casa da Juventude abre inscri\u00e7\u00f5es para oficinas gratuitas em Nova Igua\u00e7u - eJornais","twitter:description":"Casa da Juventude abre inscri\u00e7\u00f5es para oficinas gratuitas em Nova Igua\u00e7u 02 de setembro de 2026 A m\u00fasica, o movimento, a interpreta\u00e7\u00e3o e as cores s\u00e3o diferentes formas de express\u00e3o que estar\u00e3o reunidas na Casa da Juventude de Nova Igua\u00e7u. No m\u00eas em que \u00e9 celebrado o Dia da Juventude do Brasil, comemorado em 22"},"aioseo_meta_data":[],"aioseo_breadcrumb":"<div class=\"aioseo-breadcrumbs\"><span class=\"aioseo-breadcrumb\">\n\t\t\t<a href=\"https:\/\/ejornais.com.br\" title=\"In\u00edcio\">In\u00edcio<\/a>\n\t\t<\/span><span class=\"aioseo-breadcrumb-separator\">&raquo;<\/span><span class=\"aioseo-breadcrumb\">\n\t\t\t<a href=\"https:\/\/ejornais.com.br\/index.php\/category\/ejornais\/\" title=\"Cat\u00e1logo de Jornais\">Cat\u00e1logo de Jornais<\/a>\n\t\t<\/span><span class=\"aioseo-breadcrumb-separator\">&raquo;<\/span><span class=\"aioseo-breadcrumb\">\n\t\t\tCasa da Juventude abre inscri\u00e7\u00f5es para oficinas gratuitas em Nova Igua\u00e7u\n\t\t<\/span><\/div>","aioseo_breadcrumb_json":[{"label":"In\u00edcio","link":"https:\/\/ejornais.com.br"},{"label":"Cat\u00e1logo de Jornais","link":"https:\/\/ejornais.com.br\/index.php\/category\/ejornais\/"},{"label":"Casa da Juventude abre inscri\u00e7\u00f5es para oficinas gratuitas em Nova Igua\u00e7u","link":"https:\/\/ejornais.com.br\/index.php\/2026\/09\/03\/casa-da-juventude-abre-inscricoes-para-oficinas-gratuitas-em-nova-iguacu\/"}],"amp_enabled":true,"_links":{"self":[{"href":"https:\/\/ejornais.com.br\/index.php\/wp-json\/wp\/v2\/posts\/71601","targetHints":{"allow":["GET"]}}],"collection":[{"href":"https:\/\/ejornais.com.br\/index.php\/wp-json\/wp\/v2\/posts"}],"about":[{"href":"https:\/\/ejornais.com.br\/index.php\/wp-json\/wp\/v2\/types\/post"}],"author":[{"embeddable":true,"href":"https:\/\/ejornais.com.br\/index.php\/wp-json\/wp\/v2\/users\/2"}],"replies":[{"embeddable":true,"href":"https:\/\/ejornais.com.br\/index.php\/wp-json\/wp\/v2\/comments?post=71601"}],"version-history":[{"count":0,"href":"https:\/\/ejornais.com.br\/index.php\/wp-json\/wp\/v2\/posts\/71601\/revisions"}],"wp:attachment":[{"href":"https:\/\/ejornais.com.br\/index.php\/wp-json\/wp\/v2\/media?parent=71601"}],"wp:term":[{"taxonomy":"category","embeddable":true,"href":"https:\/\/ejornais.com.br\/index.php\/wp-json\/wp\/v2\/categories?post=71601"},{"taxonomy":"post_tag","embeddable":true,"href":"https:\/\/ejornais.com.br\/index.php\/wp-json\/wp\/v2\/tags?post=71601"}],"curies":[{"name":"wp","href":"https:\/\/api.w.org\/{rel}","templated":true}]}}