{"id":71614,"date":"2026-09-03T16:20:35","date_gmt":"2026-09-03T19:20:35","guid":{"rendered":"https:\/\/ejornais.com.br\/index.php\/2026\/09\/03\/funsat-e-uems-iniciam-curso-de-portugues-para-migrantes-cgnoticias\/"},"modified":"2026-09-03T16:20:35","modified_gmt":"2026-09-03T19:20:35","slug":"funsat-e-uems-iniciam-curso-de-portugues-para-migrantes-cgnoticias","status":"publish","type":"post","link":"https:\/\/ejornais.com.br\/index.php\/2026\/09\/03\/funsat-e-uems-iniciam-curso-de-portugues-para-migrantes-cgnoticias\/","title":{"rendered":"Funsat\u00a0e\u00a0Uems\u00a0iniciam curso de portugu\u00eas para migrantes\u00a0\u00a0 \u2013 CGNot\u00edcias"},"content":{"rendered":"<p><\/p>\n<div>\n<p>A integra\u00e7\u00e3o de estrangeiros em Campo Grande ganha um novo amparo educacional na\u00a0pr\u00f3xima\u00a0quarta-feira (9). O projeto \u201cUems\u00a0Acolhe\u201d inicia a terceira turma do curso de L\u00edngua Portuguesa para migrantes, estruturado em conv\u00eanio entre a Universidade Estadual de Mato Grosso do Sul (Uems) e a Funda\u00e7\u00e3o Social do Trabalho (Funsat).\u00a0<\/p>\n<p>O cronograma de ensino abrange 12 semanas ininterruptas de estudo. A grade curricular totaliza 60 horas de conte\u00fado focado exclusivamente na instru\u00e7\u00e3o do idioma local, com t\u00e9rmino estipulado para o m\u00eas de dezembro.\u00a0<\/p>\n<p>As atividades ocorrer\u00e3o na modalidade presencial, sempre \u00e0s quartas-feiras, no per\u00edodo noturno, das 19h \u00e0s 21h30. O polo da Escola Funsat contabiliza 19 inscri\u00e7\u00f5es confirmadas para esta edi\u00e7\u00e3o. As turmas anteriores englobaram cidad\u00e3os de mais de dez nacionalidades distintas.\u00a0<\/p>\n<p>A Escola Funsat disponibiliza infraestrutura em duas unidades na Capital para as suas capacita\u00e7\u00f5es. O escrit\u00f3rio central localiza-se na Rua 14 de Julho, n\u00famero 992, no primeiro andar, na Vila Gl\u00f3ria. O Polo Moreninhas atende a Regi\u00e3o Bandeira na Rua Anac\u00e1, n\u00famero 699.\u00a0<\/p>\n<p>Os interessados podem buscar orienta\u00e7\u00f5es sobre o lan\u00e7amento de cursos profissionalizantes e treinamentos gratuitos pelas redes sociais da institui\u00e7\u00e3o, no Instagram @funsat.cg e no Facebook Funsatcampograndems. O contato direto funciona tamb\u00e9m pelo WhatsApp no n\u00famero (67) 3314-3089.\u00a0<\/p>\n<p><em>#PraTodosVerem: A imagem mostra uma idosa em curso<\/em><\/p>\n<\/div>\n<p><script async defer async defer src=\"https:\/\/connect.facebook.net\/en_US\/sdk.js?ver=1#xfbml=1&amp;version=v3.2\" id=\"prefeitura-campogrande-script-facebook-sdk-js\"><\/script><\/p>\n","protected":false},"excerpt":{"rendered":"<p>A integra\u00e7\u00e3o de estrangeiros em Campo Grande ganha um novo amparo educacional na\u00a0pr\u00f3xima\u00a0quarta-feira (9). O projeto \u201cUems\u00a0Acolhe\u201d inicia a terceira<\/p>\n","protected":false},"author":2,"featured_media":0,"comment_status":"","ping_status":"","sticky":false,"template":"","format":"standard","meta":{"colormag_page_container_layout":"default_layout","colormag_page_sidebar_layout":"default_layout","footnotes":""},"categories":[1],"tags":[],"class_list":["post-71614","post","type-post","status-publish","format-standard","hentry","category-ejornais"],"aioseo_notices":[],"aioseo_head":"\n\t\t<!-- All in One SEO 5.0.1.1 - aioseo.com -->\n\t<meta name=\"description\" content=\"A integra\u00e7\u00e3o de estrangeiros em Campo Grande ganha um novo amparo educacional na pr\u00f3xima quarta-feira (9). O projeto \u201cUems Acolhe\u201d inicia a terceira turma do curso de L\u00edngua Portuguesa para migrantes, estruturado em conv\u00eanio entre a Universidade Estadual de Mato Grosso do Sul (Uems) e a Funda\u00e7\u00e3o Social do Trabalho (Funsat). O cronograma de ensino abrange 12 semanas\" \/>\n\t<meta name=\"robots\" content=\"max-image-preview:large\" \/>\n\t<meta name=\"author\" content=\"admin1\"\/>\n\t<link rel=\"canonical\" href=\"https:\/\/ejornais.com.br\/index.php\/2026\/09\/03\/funsat-e-uems-iniciam-curso-de-portugues-para-migrantes-cgnoticias\/\" \/>\n\t<meta name=\"generator\" content=\"All in One SEO (AIOSEO) 5.0.1.1\" \/>\n\t\t<meta property=\"og:locale\" content=\"pt_BR\" \/>\n\t\t<meta property=\"og:site_name\" content=\"eJornais - Cat\u00e1logo de Jornais no mundo, Not\u00edcias, Blog e Esportes ao vivo\" \/>\n\t\t<meta property=\"og:type\" content=\"article\" \/>\n\t\t<meta property=\"og:title\" content=\"Funsat e Uems iniciam curso de portugu\u00eas para migrantes \u2013 CGNot\u00edcias - eJornais\" \/>\n\t\t<meta property=\"og:description\" content=\"A integra\u00e7\u00e3o de estrangeiros em Campo Grande ganha um novo amparo educacional na pr\u00f3xima quarta-feira (9). O projeto \u201cUems Acolhe\u201d inicia a terceira turma do curso de L\u00edngua Portuguesa para migrantes, estruturado em conv\u00eanio entre a Universidade Estadual de Mato Grosso do Sul (Uems) e a Funda\u00e7\u00e3o Social do Trabalho (Funsat). O cronograma de ensino abrange 12 semanas\" \/>\n\t\t<meta property=\"og:url\" content=\"https:\/\/ejornais.com.br\/index.php\/2026\/09\/03\/funsat-e-uems-iniciam-curso-de-portugues-para-migrantes-cgnoticias\/\" \/>\n\t\t<meta property=\"article:published_time\" content=\"2026-09-03T19:20:35+00:00\" \/>\n\t\t<meta property=\"article:modified_time\" content=\"2026-09-03T19:20:35+00:00\" \/>\n\t\t<meta name=\"twitter:card\" content=\"summary_large_image\" \/>\n\t\t<meta name=\"twitter:title\" content=\"Funsat e Uems iniciam curso de portugu\u00eas para migrantes \u2013 CGNot\u00edcias - eJornais\" \/>\n\t\t<meta name=\"twitter:description\" content=\"A integra\u00e7\u00e3o de estrangeiros em Campo Grande ganha um novo amparo educacional na pr\u00f3xima quarta-feira (9). O projeto \u201cUems Acolhe\u201d inicia a terceira turma do curso de L\u00edngua Portuguesa para migrantes, estruturado em conv\u00eanio entre a Universidade Estadual de Mato Grosso do Sul (Uems) e a Funda\u00e7\u00e3o Social do Trabalho (Funsat). O cronograma de ensino abrange 12 semanas\" \/>\n\t\t<script type=\"application\/ld+json\" class=\"aioseo-schema\">\n\t\t\t{\"@context\":\"https:\\\/\\\/schema.org\",\"@graph\":[{\"@type\":\"BlogPosting\",\"@id\":\"https:\\\/\\\/ejornais.com.br\\\/index.php\\\/2026\\\/09\\\/03\\\/funsat-e-uems-iniciam-curso-de-portugues-para-migrantes-cgnoticias\\\/#blogposting\",\"name\":\"Funsat e Uems iniciam curso de portugu\\u00eas para migrantes \\u2013 CGNot\\u00edcias - eJornais\",\"headline\":\"Funsat\\u00a0e\\u00a0Uems\\u00a0iniciam curso de portugu\\u00eas para migrantes\\u00a0\\u00a0 \\u2013 CGNot\\u00edcias\",\"author\":{\"@id\":\"https:\\\/\\\/ejornais.com.br\\\/index.php\\\/author\\\/admin1\\\/#author\"},\"publisher\":{\"@id\":\"https:\\\/\\\/ejornais.com.br\\\/#organization\"},\"datePublished\":\"2026-09-03T16:20:35-03:00\",\"dateModified\":\"2026-09-03T16:20:35-03:00\",\"inLanguage\":\"pt-BR\",\"mainEntityOfPage\":{\"@id\":\"https:\\\/\\\/ejornais.com.br\\\/index.php\\\/2026\\\/09\\\/03\\\/funsat-e-uems-iniciam-curso-de-portugues-para-migrantes-cgnoticias\\\/#webpage\"},\"isPartOf\":{\"@id\":\"https:\\\/\\\/ejornais.com.br\\\/index.php\\\/2026\\\/09\\\/03\\\/funsat-e-uems-iniciam-curso-de-portugues-para-migrantes-cgnoticias\\\/#webpage\"},\"articleSection\":\"Cat\\u00e1logo de Jornais\"},{\"@type\":\"BreadcrumbList\",\"@id\":\"https:\\\/\\\/ejornais.com.br\\\/index.php\\\/2026\\\/09\\\/03\\\/funsat-e-uems-iniciam-curso-de-portugues-para-migrantes-cgnoticias\\\/#breadcrumblist\",\"itemListElement\":[{\"@type\":\"ListItem\",\"@id\":\"https:\\\/\\\/ejornais.com.br#listItem\",\"position\":1,\"name\":\"In\\u00edcio\",\"item\":\"https:\\\/\\\/ejornais.com.br\",\"nextItem\":{\"@type\":\"ListItem\",\"@id\":\"https:\\\/\\\/ejornais.com.br\\\/index.php\\\/category\\\/ejornais\\\/#listItem\",\"name\":\"Cat\\u00e1logo de Jornais\"}},{\"@type\":\"ListItem\",\"@id\":\"https:\\\/\\\/ejornais.com.br\\\/index.php\\\/category\\\/ejornais\\\/#listItem\",\"position\":2,\"name\":\"Cat\\u00e1logo de Jornais\",\"item\":\"https:\\\/\\\/ejornais.com.br\\\/index.php\\\/category\\\/ejornais\\\/\",\"nextItem\":{\"@type\":\"ListItem\",\"@id\":\"https:\\\/\\\/ejornais.com.br\\\/index.php\\\/2026\\\/09\\\/03\\\/funsat-e-uems-iniciam-curso-de-portugues-para-migrantes-cgnoticias\\\/#listItem\",\"name\":\"Funsat\\u00a0e\\u00a0Uems\\u00a0iniciam curso de portugu\\u00eas para migrantes\\u00a0\\u00a0 \\u2013 CGNot\\u00edcias\"},\"previousItem\":{\"@type\":\"ListItem\",\"@id\":\"https:\\\/\\\/ejornais.com.br#listItem\",\"name\":\"In\\u00edcio\"}},{\"@type\":\"ListItem\",\"@id\":\"https:\\\/\\\/ejornais.com.br\\\/index.php\\\/2026\\\/09\\\/03\\\/funsat-e-uems-iniciam-curso-de-portugues-para-migrantes-cgnoticias\\\/#listItem\",\"position\":3,\"name\":\"Funsat\\u00a0e\\u00a0Uems\\u00a0iniciam curso de portugu\\u00eas para migrantes\\u00a0\\u00a0 \\u2013 CGNot\\u00edcias\",\"previousItem\":{\"@type\":\"ListItem\",\"@id\":\"https:\\\/\\\/ejornais.com.br\\\/index.php\\\/category\\\/ejornais\\\/#listItem\",\"name\":\"Cat\\u00e1logo de Jornais\"}}]},{\"@type\":\"Organization\",\"@id\":\"https:\\\/\\\/ejornais.com.br\\\/#organization\",\"name\":\"eJornais\",\"description\":\"Cat\\u00e1logo de Jornais no mundo, Not\\u00edcias, Blog e Esportes ao vivo\",\"url\":\"https:\\\/\\\/ejornais.com.br\\\/\"},{\"@type\":\"Person\",\"@id\":\"https:\\\/\\\/ejornais.com.br\\\/index.php\\\/author\\\/admin1\\\/#author\",\"url\":\"https:\\\/\\\/ejornais.com.br\\\/index.php\\\/author\\\/admin1\\\/\",\"name\":\"admin1\",\"image\":{\"@type\":\"ImageObject\",\"@id\":\"https:\\\/\\\/ejornais.com.br\\\/index.php\\\/2026\\\/09\\\/03\\\/funsat-e-uems-iniciam-curso-de-portugues-para-migrantes-cgnoticias\\\/#authorImage\",\"url\":\"https:\\\/\\\/secure.gravatar.com\\\/avatar\\\/04084e6d73c042b8646e7c17b494073bf0ede3ea13c7105cfc45cbbbc28385a4?s=96&d=mm&r=g\",\"width\":96,\"height\":96,\"caption\":\"admin1\"}},{\"@type\":\"WebPage\",\"@id\":\"https:\\\/\\\/ejornais.com.br\\\/index.php\\\/2026\\\/09\\\/03\\\/funsat-e-uems-iniciam-curso-de-portugues-para-migrantes-cgnoticias\\\/#webpage\",\"url\":\"https:\\\/\\\/ejornais.com.br\\\/index.php\\\/2026\\\/09\\\/03\\\/funsat-e-uems-iniciam-curso-de-portugues-para-migrantes-cgnoticias\\\/\",\"name\":\"Funsat e Uems iniciam curso de portugu\\u00eas para migrantes \\u2013 CGNot\\u00edcias - eJornais\",\"description\":\"A integra\\u00e7\\u00e3o de estrangeiros em Campo Grande ganha um novo amparo educacional na pr\\u00f3xima quarta-feira (9). O projeto \\u201cUems Acolhe\\u201d inicia a terceira turma do curso de L\\u00edngua Portuguesa para migrantes, estruturado em conv\\u00eanio entre a Universidade Estadual de Mato Grosso do Sul (Uems) e a Funda\\u00e7\\u00e3o Social do Trabalho (Funsat). O cronograma de ensino abrange 12 semanas\",\"inLanguage\":\"pt-BR\",\"isPartOf\":{\"@id\":\"https:\\\/\\\/ejornais.com.br\\\/#website\"},\"breadcrumb\":{\"@id\":\"https:\\\/\\\/ejornais.com.br\\\/index.php\\\/2026\\\/09\\\/03\\\/funsat-e-uems-iniciam-curso-de-portugues-para-migrantes-cgnoticias\\\/#breadcrumblist\"},\"author\":{\"@id\":\"https:\\\/\\\/ejornais.com.br\\\/index.php\\\/author\\\/admin1\\\/#author\"},\"creator\":{\"@id\":\"https:\\\/\\\/ejornais.com.br\\\/index.php\\\/author\\\/admin1\\\/#author\"},\"datePublished\":\"2026-09-03T16:20:35-03:00\",\"dateModified\":\"2026-09-03T16:20:35-03:00\"},{\"@type\":\"WebSite\",\"@id\":\"https:\\\/\\\/ejornais.com.br\\\/#website\",\"url\":\"https:\\\/\\\/ejornais.com.br\\\/\",\"name\":\"eJornais\",\"description\":\"Cat\\u00e1logo de Jornais no mundo, Not\\u00edcias, Blog e Esportes ao vivo\",\"inLanguage\":\"pt-BR\",\"publisher\":{\"@id\":\"https:\\\/\\\/ejornais.com.br\\\/#organization\"}}]}\n\t\t<\/script>\n\t\t<!-- All in One SEO -->\n\n","aioseo_head_json":{"title":"Funsat e Uems iniciam curso de portugu\u00eas para migrantes \u2013 CGNot\u00edcias - eJornais","description":"A integra\u00e7\u00e3o de estrangeiros em Campo Grande ganha um novo amparo educacional na pr\u00f3xima quarta-feira (9). O projeto \u201cUems Acolhe\u201d inicia a terceira turma do curso de L\u00edngua Portuguesa para migrantes, estruturado em conv\u00eanio entre a Universidade Estadual de Mato Grosso do Sul (Uems) e a Funda\u00e7\u00e3o Social do Trabalho (Funsat). O cronograma de ensino abrange 12 semanas","canonical_url":"https:\/\/ejornais.com.br\/index.php\/2026\/09\/03\/funsat-e-uems-iniciam-curso-de-portugues-para-migrantes-cgnoticias\/","robots":"max-image-preview:large","keywords":"","webmasterTools":{"miscellaneous":""},"schema":{"@context":"https:\/\/schema.org","@graph":[{"@type":"BlogPosting","@id":"https:\/\/ejornais.com.br\/index.php\/2026\/09\/03\/funsat-e-uems-iniciam-curso-de-portugues-para-migrantes-cgnoticias\/#blogposting","name":"Funsat e Uems iniciam curso de portugu\u00eas para migrantes \u2013 CGNot\u00edcias - eJornais","headline":"Funsat\u00a0e\u00a0Uems\u00a0iniciam curso de portugu\u00eas para migrantes\u00a0\u00a0 \u2013 CGNot\u00edcias","author":{"@id":"https:\/\/ejornais.com.br\/index.php\/author\/admin1\/#author"},"publisher":{"@id":"https:\/\/ejornais.com.br\/#organization"},"datePublished":"2026-09-03T16:20:35-03:00","dateModified":"2026-09-03T16:20:35-03:00","inLanguage":"pt-BR","mainEntityOfPage":{"@id":"https:\/\/ejornais.com.br\/index.php\/2026\/09\/03\/funsat-e-uems-iniciam-curso-de-portugues-para-migrantes-cgnoticias\/#webpage"},"isPartOf":{"@id":"https:\/\/ejornais.com.br\/index.php\/2026\/09\/03\/funsat-e-uems-iniciam-curso-de-portugues-para-migrantes-cgnoticias\/#webpage"},"articleSection":"Cat\u00e1logo de Jornais"},{"@type":"BreadcrumbList","@id":"https:\/\/ejornais.com.br\/index.php\/2026\/09\/03\/funsat-e-uems-iniciam-curso-de-portugues-para-migrantes-cgnoticias\/#breadcrumblist","itemListElement":[{"@type":"ListItem","@id":"https:\/\/ejornais.com.br#listItem","position":1,"name":"In\u00edcio","item":"https:\/\/ejornais.com.br","nextItem":{"@type":"ListItem","@id":"https:\/\/ejornais.com.br\/index.php\/category\/ejornais\/#listItem","name":"Cat\u00e1logo de Jornais"}},{"@type":"ListItem","@id":"https:\/\/ejornais.com.br\/index.php\/category\/ejornais\/#listItem","position":2,"name":"Cat\u00e1logo de Jornais","item":"https:\/\/ejornais.com.br\/index.php\/category\/ejornais\/","nextItem":{"@type":"ListItem","@id":"https:\/\/ejornais.com.br\/index.php\/2026\/09\/03\/funsat-e-uems-iniciam-curso-de-portugues-para-migrantes-cgnoticias\/#listItem","name":"Funsat\u00a0e\u00a0Uems\u00a0iniciam curso de portugu\u00eas para migrantes\u00a0\u00a0 \u2013 CGNot\u00edcias"},"previousItem":{"@type":"ListItem","@id":"https:\/\/ejornais.com.br#listItem","name":"In\u00edcio"}},{"@type":"ListItem","@id":"https:\/\/ejornais.com.br\/index.php\/2026\/09\/03\/funsat-e-uems-iniciam-curso-de-portugues-para-migrantes-cgnoticias\/#listItem","position":3,"name":"Funsat\u00a0e\u00a0Uems\u00a0iniciam curso de portugu\u00eas para migrantes\u00a0\u00a0 \u2013 CGNot\u00edcias","previousItem":{"@type":"ListItem","@id":"https:\/\/ejornais.com.br\/index.php\/category\/ejornais\/#listItem","name":"Cat\u00e1logo de Jornais"}}]},{"@type":"Organization","@id":"https:\/\/ejornais.com.br\/#organization","name":"eJornais","description":"Cat\u00e1logo de Jornais no mundo, Not\u00edcias, Blog e Esportes ao vivo","url":"https:\/\/ejornais.com.br\/"},{"@type":"Person","@id":"https:\/\/ejornais.com.br\/index.php\/author\/admin1\/#author","url":"https:\/\/ejornais.com.br\/index.php\/author\/admin1\/","name":"admin1","image":{"@type":"ImageObject","@id":"https:\/\/ejornais.com.br\/index.php\/2026\/09\/03\/funsat-e-uems-iniciam-curso-de-portugues-para-migrantes-cgnoticias\/#authorImage","url":"https:\/\/secure.gravatar.com\/avatar\/04084e6d73c042b8646e7c17b494073bf0ede3ea13c7105cfc45cbbbc28385a4?s=96&d=mm&r=g","width":96,"height":96,"caption":"admin1"}},{"@type":"WebPage","@id":"https:\/\/ejornais.com.br\/index.php\/2026\/09\/03\/funsat-e-uems-iniciam-curso-de-portugues-para-migrantes-cgnoticias\/#webpage","url":"https:\/\/ejornais.com.br\/index.php\/2026\/09\/03\/funsat-e-uems-iniciam-curso-de-portugues-para-migrantes-cgnoticias\/","name":"Funsat e Uems iniciam curso de portugu\u00eas para migrantes \u2013 CGNot\u00edcias - eJornais","description":"A integra\u00e7\u00e3o de estrangeiros em Campo Grande ganha um novo amparo educacional na pr\u00f3xima quarta-feira (9). O projeto \u201cUems Acolhe\u201d inicia a terceira turma do curso de L\u00edngua Portuguesa para migrantes, estruturado em conv\u00eanio entre a Universidade Estadual de Mato Grosso do Sul (Uems) e a Funda\u00e7\u00e3o Social do Trabalho (Funsat). O cronograma de ensino abrange 12 semanas","inLanguage":"pt-BR","isPartOf":{"@id":"https:\/\/ejornais.com.br\/#website"},"breadcrumb":{"@id":"https:\/\/ejornais.com.br\/index.php\/2026\/09\/03\/funsat-e-uems-iniciam-curso-de-portugues-para-migrantes-cgnoticias\/#breadcrumblist"},"author":{"@id":"https:\/\/ejornais.com.br\/index.php\/author\/admin1\/#author"},"creator":{"@id":"https:\/\/ejornais.com.br\/index.php\/author\/admin1\/#author"},"datePublished":"2026-09-03T16:20:35-03:00","dateModified":"2026-09-03T16:20:35-03:00"},{"@type":"WebSite","@id":"https:\/\/ejornais.com.br\/#website","url":"https:\/\/ejornais.com.br\/","name":"eJornais","description":"Cat\u00e1logo de Jornais no mundo, Not\u00edcias, Blog e Esportes ao vivo","inLanguage":"pt-BR","publisher":{"@id":"https:\/\/ejornais.com.br\/#organization"}}]},"og:locale":"pt_BR","og:site_name":"eJornais - Cat\u00e1logo de Jornais no mundo, Not\u00edcias, Blog e Esportes ao vivo","og:type":"article","og:title":"Funsat e Uems iniciam curso de portugu\u00eas para migrantes \u2013 CGNot\u00edcias - eJornais","og:description":"A integra\u00e7\u00e3o de estrangeiros em Campo Grande ganha um novo amparo educacional na pr\u00f3xima quarta-feira (9). O projeto \u201cUems Acolhe\u201d inicia a terceira turma do curso de L\u00edngua Portuguesa para migrantes, estruturado em conv\u00eanio entre a Universidade Estadual de Mato Grosso do Sul (Uems) e a Funda\u00e7\u00e3o Social do Trabalho (Funsat). O cronograma de ensino abrange 12 semanas","og:url":"https:\/\/ejornais.com.br\/index.php\/2026\/09\/03\/funsat-e-uems-iniciam-curso-de-portugues-para-migrantes-cgnoticias\/","article:published_time":"2026-09-03T19:20:35+00:00","article:modified_time":"2026-09-03T19:20:35+00:00","twitter:card":"summary_large_image","twitter:title":"Funsat e Uems iniciam curso de portugu\u00eas para migrantes \u2013 CGNot\u00edcias - eJornais","twitter:description":"A integra\u00e7\u00e3o de estrangeiros em Campo Grande ganha um novo amparo educacional na pr\u00f3xima quarta-feira (9). O projeto \u201cUems Acolhe\u201d inicia a terceira turma do curso de L\u00edngua Portuguesa para migrantes, estruturado em conv\u00eanio entre a Universidade Estadual de Mato Grosso do Sul (Uems) e a Funda\u00e7\u00e3o Social do Trabalho (Funsat). O cronograma de ensino abrange 12 semanas"},"aioseo_meta_data":[],"aioseo_breadcrumb":"<div class=\"aioseo-breadcrumbs\"><span class=\"aioseo-breadcrumb\">\n\t\t\t<a href=\"https:\/\/ejornais.com.br\" title=\"In\u00edcio\">In\u00edcio<\/a>\n\t\t<\/span><span class=\"aioseo-breadcrumb-separator\">&raquo;<\/span><span class=\"aioseo-breadcrumb\">\n\t\t\t<a href=\"https:\/\/ejornais.com.br\/index.php\/category\/ejornais\/\" title=\"Cat\u00e1logo de Jornais\">Cat\u00e1logo de Jornais<\/a>\n\t\t<\/span><span class=\"aioseo-breadcrumb-separator\">&raquo;<\/span><span class=\"aioseo-breadcrumb\">\n\t\t\tFunsat e Uems iniciam curso de portugu\u00eas para migrantes   \u2013 CGNot\u00edcias\n\t\t<\/span><\/div>","aioseo_breadcrumb_json":[{"label":"In\u00edcio","link":"https:\/\/ejornais.com.br"},{"label":"Cat\u00e1logo de Jornais","link":"https:\/\/ejornais.com.br\/index.php\/category\/ejornais\/"},{"label":"Funsat\u00a0e\u00a0Uems\u00a0iniciam curso de portugu\u00eas para migrantes\u00a0\u00a0 \u2013 CGNot\u00edcias","link":"https:\/\/ejornais.com.br\/index.php\/2026\/09\/03\/funsat-e-uems-iniciam-curso-de-portugues-para-migrantes-cgnoticias\/"}],"amp_enabled":true,"_links":{"self":[{"href":"https:\/\/ejornais.com.br\/index.php\/wp-json\/wp\/v2\/posts\/71614","targetHints":{"allow":["GET"]}}],"collection":[{"href":"https:\/\/ejornais.com.br\/index.php\/wp-json\/wp\/v2\/posts"}],"about":[{"href":"https:\/\/ejornais.com.br\/index.php\/wp-json\/wp\/v2\/types\/post"}],"author":[{"embeddable":true,"href":"https:\/\/ejornais.com.br\/index.php\/wp-json\/wp\/v2\/users\/2"}],"replies":[{"embeddable":true,"href":"https:\/\/ejornais.com.br\/index.php\/wp-json\/wp\/v2\/comments?post=71614"}],"version-history":[{"count":0,"href":"https:\/\/ejornais.com.br\/index.php\/wp-json\/wp\/v2\/posts\/71614\/revisions"}],"wp:attachment":[{"href":"https:\/\/ejornais.com.br\/index.php\/wp-json\/wp\/v2\/media?parent=71614"}],"wp:term":[{"taxonomy":"category","embeddable":true,"href":"https:\/\/ejornais.com.br\/index.php\/wp-json\/wp\/v2\/categories?post=71614"},{"taxonomy":"post_tag","embeddable":true,"href":"https:\/\/ejornais.com.br\/index.php\/wp-json\/wp\/v2\/tags?post=71614"}],"curies":[{"name":"wp","href":"https:\/\/api.w.org\/{rel}","templated":true}]}}