{"id":71615,"date":"2026-09-03T16:49:33","date_gmt":"2026-09-03T19:49:33","guid":{"rendered":"https:\/\/ejornais.com.br\/index.php\/2026\/09\/03\/mendonca-diz-que-deixara-sociedade-no-instituto-iter\/"},"modified":"2026-09-03T16:49:33","modified_gmt":"2026-09-03T19:49:33","slug":"mendonca-diz-que-deixara-sociedade-no-instituto-iter","status":"publish","type":"post","link":"https:\/\/ejornais.com.br\/index.php\/2026\/09\/03\/mendonca-diz-que-deixara-sociedade-no-instituto-iter\/","title":{"rendered":"Mendon\u00e7a diz que deixar\u00e1 sociedade no Instituto Iter"},"content":{"rendered":"<p> Por MRNews<br \/>\n<\/p>\n<div>\n<p><strong>O ministro Andr\u00e9 Mendon\u00e7a, do Supremo Tribunal Federal (STF), anunciou nesta quinta-feira (3), que vai deixar a sociedade no Instituto Iter, institui\u00e7\u00e3o de ensino privada que oferece cursos de capacita\u00e7\u00e3o e p\u00f3s-gradua\u00e7\u00e3o executiva.<\/strong><\/p>\n<p>Em nota, Mendon\u00e7a afirma\u00a0que nunca recebeu lucros advindos do instituto que ajudou a fundar, em novembro de 2023, quase dois anos ap\u00f3s ele ter tomado posse como ministro da mais alta Corte de justi\u00e7a do pa\u00eds.<\/p>\n<p><strong>Mendon\u00e7a disse que ceder\u00e1 suas cotas, bem como as de sua esposa, Janei Mendon\u00e7a, de maneira que eventuais valores decorrentes da participa\u00e7\u00e3o do casal na empresa sejam destinadas para fins sociais e educacionais.<\/strong><\/p>\n<p><strong><a href=\"https:\/\/mrnews.com.br\/index.php\/2026\/09\/03\/lavagem-de-madeleine-exalta-cultura-afro-brasileira-em-paris\/\">Lavagem de Madeleine exalta cultura afro-brasileira em Paris<\/a><\/strong><\/p>\n<p><strong><a href=\"https:\/\/mrnews.com.br\/index.php\/2026\/09\/03\/idosos-do-cras-de-mangabeira-participam-do-desfile-civico-na-avenida-josefa-taveira\/\">Idosos do Cras de Mangabeira participam do desfile c\u00edvico na Avenida Josefa Taveira<\/a><\/strong><\/p>\n<p>Ainda segundo Mendon\u00e7a, o Iter ser\u00e1 transformado em entidade sem fins\u00a0lucrativos, \u201crefor\u00e7ando sua voca\u00e7\u00e3o exclusivamente educacional e social\u201d, \u00e0 qual \u201co ministro permanecer\u00e1 prestando servi\u00e7os exclusivamente acad\u00eamicos, na qualidade de professor\u201d. No site do Iter, Mendon\u00e7a\u00a0\u00e9 apontado como professor do curso <em>Arte e a Ci\u00eancia da Orat\u00f3ria<\/em>.\u00a0<\/p>\n<p><strong>De acordo com o ministro, a decis\u00e3o de transformar o Iter em entidade sem fins lucrativos foi tomada em conjunto com o presidente do instituto, Victor Godoy Veiga.<\/strong><\/p>\n<p>Mendon\u00e7a e Veiga foram ministros de Estado durante o governo de Jair Bolsonaro. O primeiro, comandou o Minist\u00e9rio da Justi\u00e7a e Seguran\u00e7a P\u00fablica entre abril de 2020 e mar\u00e7o de 2021. Veiga chefiou o Minist\u00e9rio da Educa\u00e7\u00e3o de mar\u00e7o a 2022 e janeiro 2023.<\/p>\n<p>A Revista F\u00f3rum noticiou, esta manh\u00e3, em seu site, que, desde que foi fundado, o Iter firmou ao menos 55 contratos com \u00f3rg\u00e3os p\u00fablicos de 14 unidades federativas. Somados, os contratos envolvem valores da ordem de R$ 10,8 milh\u00f5es. De acordo com a apura\u00e7\u00e3o do jornalista Pl\u00ednio Teodoro, da F\u00f3rum, 54 desses contratos foram formalizados por meio de contrata\u00e7\u00e3o direta, sem a realiza\u00e7\u00e3o de licita\u00e7\u00e3o pr\u00e9via.<\/p>\n<p><strong><a href=\"https:\/\/mrnews.com.br\/index.php\/2026\/09\/03\/em-audio-nikolas-pede-ajuda-a-vorcaro-para-liberar-ativo-de-minerio\/\">Em \u00e1udio, Nikolas pede ajuda a Vorcaro para liberar ativo de min\u00e9rio<\/a><\/strong><\/p>\n<p><strong><a href=\"https:\/\/mrnews.com.br\/index.php\/2026\/09\/03\/mpsp-faz-operacao-para-aprofundar-investigacoes-da-operacao-icaro\/\">MPSP faz opera\u00e7\u00e3o para aprofundar investiga\u00e7\u00f5es da Opera\u00e7\u00e3o \u00cdcaro<\/a><\/strong><\/p>\n<p><strong>A reportagem da Ag\u00eancia Brasil entrou em contato com o Instituto Iter e aguarda uma resposta.<\/strong><\/p>\n<\/div>\n","protected":false},"excerpt":{"rendered":"<p>Por MRNews O ministro Andr\u00e9 Mendon\u00e7a, do Supremo Tribunal Federal (STF), anunciou nesta quinta-feira (3), que vai deixar a sociedade<\/p>\n","protected":false},"author":2,"featured_media":0,"comment_status":"","ping_status":"","sticky":false,"template":"","format":"standard","meta":{"colormag_page_container_layout":"default_layout","colormag_page_sidebar_layout":"default_layout","footnotes":""},"categories":[1],"tags":[],"class_list":["post-71615","post","type-post","status-publish","format-standard","hentry","category-ejornais"],"aioseo_notices":[],"aioseo_head":"\n\t\t<!-- All in One SEO 5.0.1.1 - aioseo.com -->\n\t<meta name=\"description\" content=\"Por MRNews O ministro Andr\u00e9 Mendon\u00e7a, do Supremo Tribunal Federal (STF), anunciou nesta quinta-feira (3), que vai deixar a sociedade no Instituto Iter, institui\u00e7\u00e3o de ensino privada que oferece cursos de capacita\u00e7\u00e3o e p\u00f3s-gradua\u00e7\u00e3o executiva.Em nota, Mendon\u00e7a afirma que nunca recebeu lucros advindos do instituto que ajudou a fundar, em novembro de 2023, quase dois anos\" \/>\n\t<meta name=\"robots\" content=\"max-image-preview:large\" \/>\n\t<meta name=\"author\" content=\"admin1\"\/>\n\t<link rel=\"canonical\" href=\"https:\/\/ejornais.com.br\/index.php\/2026\/09\/03\/mendonca-diz-que-deixara-sociedade-no-instituto-iter\/\" \/>\n\t<meta name=\"generator\" content=\"All in One SEO (AIOSEO) 5.0.1.1\" \/>\n\t\t<meta property=\"og:locale\" content=\"pt_BR\" \/>\n\t\t<meta property=\"og:site_name\" content=\"eJornais - Cat\u00e1logo de Jornais no mundo, Not\u00edcias, Blog e Esportes ao vivo\" \/>\n\t\t<meta property=\"og:type\" content=\"article\" \/>\n\t\t<meta property=\"og:title\" content=\"Mendon\u00e7a diz que deixar\u00e1 sociedade no Instituto Iter - eJornais\" \/>\n\t\t<meta property=\"og:description\" content=\"Por MRNews O ministro Andr\u00e9 Mendon\u00e7a, do Supremo Tribunal Federal (STF), anunciou nesta quinta-feira (3), que vai deixar a sociedade no Instituto Iter, institui\u00e7\u00e3o de ensino privada que oferece cursos de capacita\u00e7\u00e3o e p\u00f3s-gradua\u00e7\u00e3o executiva.Em nota, Mendon\u00e7a afirma que nunca recebeu lucros advindos do instituto que ajudou a fundar, em novembro de 2023, quase dois anos\" \/>\n\t\t<meta property=\"og:url\" content=\"https:\/\/ejornais.com.br\/index.php\/2026\/09\/03\/mendonca-diz-que-deixara-sociedade-no-instituto-iter\/\" \/>\n\t\t<meta property=\"article:published_time\" content=\"2026-09-03T19:49:33+00:00\" \/>\n\t\t<meta property=\"article:modified_time\" content=\"2026-09-03T19:49:33+00:00\" \/>\n\t\t<meta name=\"twitter:card\" content=\"summary_large_image\" \/>\n\t\t<meta name=\"twitter:title\" content=\"Mendon\u00e7a diz que deixar\u00e1 sociedade no Instituto Iter - eJornais\" \/>\n\t\t<meta name=\"twitter:description\" content=\"Por MRNews O ministro Andr\u00e9 Mendon\u00e7a, do Supremo Tribunal Federal (STF), anunciou nesta quinta-feira (3), que vai deixar a sociedade no Instituto Iter, institui\u00e7\u00e3o de ensino privada que oferece cursos de capacita\u00e7\u00e3o e p\u00f3s-gradua\u00e7\u00e3o executiva.Em nota, Mendon\u00e7a afirma que nunca recebeu lucros advindos do instituto que ajudou a fundar, em novembro de 2023, quase dois anos\" \/>\n\t\t<script type=\"application\/ld+json\" class=\"aioseo-schema\">\n\t\t\t{\"@context\":\"https:\\\/\\\/schema.org\",\"@graph\":[{\"@type\":\"BlogPosting\",\"@id\":\"https:\\\/\\\/ejornais.com.br\\\/index.php\\\/2026\\\/09\\\/03\\\/mendonca-diz-que-deixara-sociedade-no-instituto-iter\\\/#blogposting\",\"name\":\"Mendon\\u00e7a diz que deixar\\u00e1 sociedade no Instituto Iter - eJornais\",\"headline\":\"Mendon\\u00e7a diz que deixar\\u00e1 sociedade no Instituto Iter\",\"author\":{\"@id\":\"https:\\\/\\\/ejornais.com.br\\\/index.php\\\/author\\\/admin1\\\/#author\"},\"publisher\":{\"@id\":\"https:\\\/\\\/ejornais.com.br\\\/#organization\"},\"datePublished\":\"2026-09-03T16:49:33-03:00\",\"dateModified\":\"2026-09-03T16:49:33-03:00\",\"inLanguage\":\"pt-BR\",\"mainEntityOfPage\":{\"@id\":\"https:\\\/\\\/ejornais.com.br\\\/index.php\\\/2026\\\/09\\\/03\\\/mendonca-diz-que-deixara-sociedade-no-instituto-iter\\\/#webpage\"},\"isPartOf\":{\"@id\":\"https:\\\/\\\/ejornais.com.br\\\/index.php\\\/2026\\\/09\\\/03\\\/mendonca-diz-que-deixara-sociedade-no-instituto-iter\\\/#webpage\"},\"articleSection\":\"Cat\\u00e1logo de Jornais\"},{\"@type\":\"BreadcrumbList\",\"@id\":\"https:\\\/\\\/ejornais.com.br\\\/index.php\\\/2026\\\/09\\\/03\\\/mendonca-diz-que-deixara-sociedade-no-instituto-iter\\\/#breadcrumblist\",\"itemListElement\":[{\"@type\":\"ListItem\",\"@id\":\"https:\\\/\\\/ejornais.com.br#listItem\",\"position\":1,\"name\":\"In\\u00edcio\",\"item\":\"https:\\\/\\\/ejornais.com.br\",\"nextItem\":{\"@type\":\"ListItem\",\"@id\":\"https:\\\/\\\/ejornais.com.br\\\/index.php\\\/category\\\/ejornais\\\/#listItem\",\"name\":\"Cat\\u00e1logo de Jornais\"}},{\"@type\":\"ListItem\",\"@id\":\"https:\\\/\\\/ejornais.com.br\\\/index.php\\\/category\\\/ejornais\\\/#listItem\",\"position\":2,\"name\":\"Cat\\u00e1logo de Jornais\",\"item\":\"https:\\\/\\\/ejornais.com.br\\\/index.php\\\/category\\\/ejornais\\\/\",\"nextItem\":{\"@type\":\"ListItem\",\"@id\":\"https:\\\/\\\/ejornais.com.br\\\/index.php\\\/2026\\\/09\\\/03\\\/mendonca-diz-que-deixara-sociedade-no-instituto-iter\\\/#listItem\",\"name\":\"Mendon\\u00e7a diz que deixar\\u00e1 sociedade no Instituto Iter\"},\"previousItem\":{\"@type\":\"ListItem\",\"@id\":\"https:\\\/\\\/ejornais.com.br#listItem\",\"name\":\"In\\u00edcio\"}},{\"@type\":\"ListItem\",\"@id\":\"https:\\\/\\\/ejornais.com.br\\\/index.php\\\/2026\\\/09\\\/03\\\/mendonca-diz-que-deixara-sociedade-no-instituto-iter\\\/#listItem\",\"position\":3,\"name\":\"Mendon\\u00e7a diz que deixar\\u00e1 sociedade no Instituto Iter\",\"previousItem\":{\"@type\":\"ListItem\",\"@id\":\"https:\\\/\\\/ejornais.com.br\\\/index.php\\\/category\\\/ejornais\\\/#listItem\",\"name\":\"Cat\\u00e1logo de Jornais\"}}]},{\"@type\":\"Organization\",\"@id\":\"https:\\\/\\\/ejornais.com.br\\\/#organization\",\"name\":\"eJornais\",\"description\":\"Cat\\u00e1logo de Jornais no mundo, Not\\u00edcias, Blog e Esportes ao vivo\",\"url\":\"https:\\\/\\\/ejornais.com.br\\\/\"},{\"@type\":\"Person\",\"@id\":\"https:\\\/\\\/ejornais.com.br\\\/index.php\\\/author\\\/admin1\\\/#author\",\"url\":\"https:\\\/\\\/ejornais.com.br\\\/index.php\\\/author\\\/admin1\\\/\",\"name\":\"admin1\",\"image\":{\"@type\":\"ImageObject\",\"@id\":\"https:\\\/\\\/ejornais.com.br\\\/index.php\\\/2026\\\/09\\\/03\\\/mendonca-diz-que-deixara-sociedade-no-instituto-iter\\\/#authorImage\",\"url\":\"https:\\\/\\\/secure.gravatar.com\\\/avatar\\\/04084e6d73c042b8646e7c17b494073bf0ede3ea13c7105cfc45cbbbc28385a4?s=96&d=mm&r=g\",\"width\":96,\"height\":96,\"caption\":\"admin1\"}},{\"@type\":\"WebPage\",\"@id\":\"https:\\\/\\\/ejornais.com.br\\\/index.php\\\/2026\\\/09\\\/03\\\/mendonca-diz-que-deixara-sociedade-no-instituto-iter\\\/#webpage\",\"url\":\"https:\\\/\\\/ejornais.com.br\\\/index.php\\\/2026\\\/09\\\/03\\\/mendonca-diz-que-deixara-sociedade-no-instituto-iter\\\/\",\"name\":\"Mendon\\u00e7a diz que deixar\\u00e1 sociedade no Instituto Iter - eJornais\",\"description\":\"Por MRNews O ministro Andr\\u00e9 Mendon\\u00e7a, do Supremo Tribunal Federal (STF), anunciou nesta quinta-feira (3), que vai deixar a sociedade no Instituto Iter, institui\\u00e7\\u00e3o de ensino privada que oferece cursos de capacita\\u00e7\\u00e3o e p\\u00f3s-gradua\\u00e7\\u00e3o executiva.Em nota, Mendon\\u00e7a afirma que nunca recebeu lucros advindos do instituto que ajudou a fundar, em novembro de 2023, quase dois anos\",\"inLanguage\":\"pt-BR\",\"isPartOf\":{\"@id\":\"https:\\\/\\\/ejornais.com.br\\\/#website\"},\"breadcrumb\":{\"@id\":\"https:\\\/\\\/ejornais.com.br\\\/index.php\\\/2026\\\/09\\\/03\\\/mendonca-diz-que-deixara-sociedade-no-instituto-iter\\\/#breadcrumblist\"},\"author\":{\"@id\":\"https:\\\/\\\/ejornais.com.br\\\/index.php\\\/author\\\/admin1\\\/#author\"},\"creator\":{\"@id\":\"https:\\\/\\\/ejornais.com.br\\\/index.php\\\/author\\\/admin1\\\/#author\"},\"datePublished\":\"2026-09-03T16:49:33-03:00\",\"dateModified\":\"2026-09-03T16:49:33-03:00\"},{\"@type\":\"WebSite\",\"@id\":\"https:\\\/\\\/ejornais.com.br\\\/#website\",\"url\":\"https:\\\/\\\/ejornais.com.br\\\/\",\"name\":\"eJornais\",\"description\":\"Cat\\u00e1logo de Jornais no mundo, Not\\u00edcias, Blog e Esportes ao vivo\",\"inLanguage\":\"pt-BR\",\"publisher\":{\"@id\":\"https:\\\/\\\/ejornais.com.br\\\/#organization\"}}]}\n\t\t<\/script>\n\t\t<!-- All in One SEO -->\n\n","aioseo_head_json":{"title":"Mendon\u00e7a diz que deixar\u00e1 sociedade no Instituto Iter - eJornais","description":"Por MRNews O ministro Andr\u00e9 Mendon\u00e7a, do Supremo Tribunal Federal (STF), anunciou nesta quinta-feira (3), que vai deixar a sociedade no Instituto Iter, institui\u00e7\u00e3o de ensino privada que oferece cursos de capacita\u00e7\u00e3o e p\u00f3s-gradua\u00e7\u00e3o executiva.Em nota, Mendon\u00e7a afirma que nunca recebeu lucros advindos do instituto que ajudou a fundar, em novembro de 2023, quase dois anos","canonical_url":"https:\/\/ejornais.com.br\/index.php\/2026\/09\/03\/mendonca-diz-que-deixara-sociedade-no-instituto-iter\/","robots":"max-image-preview:large","keywords":"","webmasterTools":{"miscellaneous":""},"schema":{"@context":"https:\/\/schema.org","@graph":[{"@type":"BlogPosting","@id":"https:\/\/ejornais.com.br\/index.php\/2026\/09\/03\/mendonca-diz-que-deixara-sociedade-no-instituto-iter\/#blogposting","name":"Mendon\u00e7a diz que deixar\u00e1 sociedade no Instituto Iter - eJornais","headline":"Mendon\u00e7a diz que deixar\u00e1 sociedade no Instituto Iter","author":{"@id":"https:\/\/ejornais.com.br\/index.php\/author\/admin1\/#author"},"publisher":{"@id":"https:\/\/ejornais.com.br\/#organization"},"datePublished":"2026-09-03T16:49:33-03:00","dateModified":"2026-09-03T16:49:33-03:00","inLanguage":"pt-BR","mainEntityOfPage":{"@id":"https:\/\/ejornais.com.br\/index.php\/2026\/09\/03\/mendonca-diz-que-deixara-sociedade-no-instituto-iter\/#webpage"},"isPartOf":{"@id":"https:\/\/ejornais.com.br\/index.php\/2026\/09\/03\/mendonca-diz-que-deixara-sociedade-no-instituto-iter\/#webpage"},"articleSection":"Cat\u00e1logo de Jornais"},{"@type":"BreadcrumbList","@id":"https:\/\/ejornais.com.br\/index.php\/2026\/09\/03\/mendonca-diz-que-deixara-sociedade-no-instituto-iter\/#breadcrumblist","itemListElement":[{"@type":"ListItem","@id":"https:\/\/ejornais.com.br#listItem","position":1,"name":"In\u00edcio","item":"https:\/\/ejornais.com.br","nextItem":{"@type":"ListItem","@id":"https:\/\/ejornais.com.br\/index.php\/category\/ejornais\/#listItem","name":"Cat\u00e1logo de Jornais"}},{"@type":"ListItem","@id":"https:\/\/ejornais.com.br\/index.php\/category\/ejornais\/#listItem","position":2,"name":"Cat\u00e1logo de Jornais","item":"https:\/\/ejornais.com.br\/index.php\/category\/ejornais\/","nextItem":{"@type":"ListItem","@id":"https:\/\/ejornais.com.br\/index.php\/2026\/09\/03\/mendonca-diz-que-deixara-sociedade-no-instituto-iter\/#listItem","name":"Mendon\u00e7a diz que deixar\u00e1 sociedade no Instituto Iter"},"previousItem":{"@type":"ListItem","@id":"https:\/\/ejornais.com.br#listItem","name":"In\u00edcio"}},{"@type":"ListItem","@id":"https:\/\/ejornais.com.br\/index.php\/2026\/09\/03\/mendonca-diz-que-deixara-sociedade-no-instituto-iter\/#listItem","position":3,"name":"Mendon\u00e7a diz que deixar\u00e1 sociedade no Instituto Iter","previousItem":{"@type":"ListItem","@id":"https:\/\/ejornais.com.br\/index.php\/category\/ejornais\/#listItem","name":"Cat\u00e1logo de Jornais"}}]},{"@type":"Organization","@id":"https:\/\/ejornais.com.br\/#organization","name":"eJornais","description":"Cat\u00e1logo de Jornais no mundo, Not\u00edcias, Blog e Esportes ao vivo","url":"https:\/\/ejornais.com.br\/"},{"@type":"Person","@id":"https:\/\/ejornais.com.br\/index.php\/author\/admin1\/#author","url":"https:\/\/ejornais.com.br\/index.php\/author\/admin1\/","name":"admin1","image":{"@type":"ImageObject","@id":"https:\/\/ejornais.com.br\/index.php\/2026\/09\/03\/mendonca-diz-que-deixara-sociedade-no-instituto-iter\/#authorImage","url":"https:\/\/secure.gravatar.com\/avatar\/04084e6d73c042b8646e7c17b494073bf0ede3ea13c7105cfc45cbbbc28385a4?s=96&d=mm&r=g","width":96,"height":96,"caption":"admin1"}},{"@type":"WebPage","@id":"https:\/\/ejornais.com.br\/index.php\/2026\/09\/03\/mendonca-diz-que-deixara-sociedade-no-instituto-iter\/#webpage","url":"https:\/\/ejornais.com.br\/index.php\/2026\/09\/03\/mendonca-diz-que-deixara-sociedade-no-instituto-iter\/","name":"Mendon\u00e7a diz que deixar\u00e1 sociedade no Instituto Iter - eJornais","description":"Por MRNews O ministro Andr\u00e9 Mendon\u00e7a, do Supremo Tribunal Federal (STF), anunciou nesta quinta-feira (3), que vai deixar a sociedade no Instituto Iter, institui\u00e7\u00e3o de ensino privada que oferece cursos de capacita\u00e7\u00e3o e p\u00f3s-gradua\u00e7\u00e3o executiva.Em nota, Mendon\u00e7a afirma que nunca recebeu lucros advindos do instituto que ajudou a fundar, em novembro de 2023, quase dois anos","inLanguage":"pt-BR","isPartOf":{"@id":"https:\/\/ejornais.com.br\/#website"},"breadcrumb":{"@id":"https:\/\/ejornais.com.br\/index.php\/2026\/09\/03\/mendonca-diz-que-deixara-sociedade-no-instituto-iter\/#breadcrumblist"},"author":{"@id":"https:\/\/ejornais.com.br\/index.php\/author\/admin1\/#author"},"creator":{"@id":"https:\/\/ejornais.com.br\/index.php\/author\/admin1\/#author"},"datePublished":"2026-09-03T16:49:33-03:00","dateModified":"2026-09-03T16:49:33-03:00"},{"@type":"WebSite","@id":"https:\/\/ejornais.com.br\/#website","url":"https:\/\/ejornais.com.br\/","name":"eJornais","description":"Cat\u00e1logo de Jornais no mundo, Not\u00edcias, Blog e Esportes ao vivo","inLanguage":"pt-BR","publisher":{"@id":"https:\/\/ejornais.com.br\/#organization"}}]},"og:locale":"pt_BR","og:site_name":"eJornais - Cat\u00e1logo de Jornais no mundo, Not\u00edcias, Blog e Esportes ao vivo","og:type":"article","og:title":"Mendon\u00e7a diz que deixar\u00e1 sociedade no Instituto Iter - eJornais","og:description":"Por MRNews O ministro Andr\u00e9 Mendon\u00e7a, do Supremo Tribunal Federal (STF), anunciou nesta quinta-feira (3), que vai deixar a sociedade no Instituto Iter, institui\u00e7\u00e3o de ensino privada que oferece cursos de capacita\u00e7\u00e3o e p\u00f3s-gradua\u00e7\u00e3o executiva.Em nota, Mendon\u00e7a afirma que nunca recebeu lucros advindos do instituto que ajudou a fundar, em novembro de 2023, quase dois anos","og:url":"https:\/\/ejornais.com.br\/index.php\/2026\/09\/03\/mendonca-diz-que-deixara-sociedade-no-instituto-iter\/","article:published_time":"2026-09-03T19:49:33+00:00","article:modified_time":"2026-09-03T19:49:33+00:00","twitter:card":"summary_large_image","twitter:title":"Mendon\u00e7a diz que deixar\u00e1 sociedade no Instituto Iter - eJornais","twitter:description":"Por MRNews O ministro Andr\u00e9 Mendon\u00e7a, do Supremo Tribunal Federal (STF), anunciou nesta quinta-feira (3), que vai deixar a sociedade no Instituto Iter, institui\u00e7\u00e3o de ensino privada que oferece cursos de capacita\u00e7\u00e3o e p\u00f3s-gradua\u00e7\u00e3o executiva.Em nota, Mendon\u00e7a afirma que nunca recebeu lucros advindos do instituto que ajudou a fundar, em novembro de 2023, quase dois anos"},"aioseo_meta_data":[],"aioseo_breadcrumb":"<div class=\"aioseo-breadcrumbs\"><span class=\"aioseo-breadcrumb\">\n\t\t\t<a href=\"https:\/\/ejornais.com.br\" title=\"In\u00edcio\">In\u00edcio<\/a>\n\t\t<\/span><span class=\"aioseo-breadcrumb-separator\">&raquo;<\/span><span class=\"aioseo-breadcrumb\">\n\t\t\t<a href=\"https:\/\/ejornais.com.br\/index.php\/category\/ejornais\/\" title=\"Cat\u00e1logo de Jornais\">Cat\u00e1logo de Jornais<\/a>\n\t\t<\/span><span class=\"aioseo-breadcrumb-separator\">&raquo;<\/span><span class=\"aioseo-breadcrumb\">\n\t\t\tMendon\u00e7a diz que deixar\u00e1 sociedade no Instituto Iter\n\t\t<\/span><\/div>","aioseo_breadcrumb_json":[{"label":"In\u00edcio","link":"https:\/\/ejornais.com.br"},{"label":"Cat\u00e1logo de Jornais","link":"https:\/\/ejornais.com.br\/index.php\/category\/ejornais\/"},{"label":"Mendon\u00e7a diz que deixar\u00e1 sociedade no Instituto Iter","link":"https:\/\/ejornais.com.br\/index.php\/2026\/09\/03\/mendonca-diz-que-deixara-sociedade-no-instituto-iter\/"}],"amp_enabled":true,"_links":{"self":[{"href":"https:\/\/ejornais.com.br\/index.php\/wp-json\/wp\/v2\/posts\/71615","targetHints":{"allow":["GET"]}}],"collection":[{"href":"https:\/\/ejornais.com.br\/index.php\/wp-json\/wp\/v2\/posts"}],"about":[{"href":"https:\/\/ejornais.com.br\/index.php\/wp-json\/wp\/v2\/types\/post"}],"author":[{"embeddable":true,"href":"https:\/\/ejornais.com.br\/index.php\/wp-json\/wp\/v2\/users\/2"}],"replies":[{"embeddable":true,"href":"https:\/\/ejornais.com.br\/index.php\/wp-json\/wp\/v2\/comments?post=71615"}],"version-history":[{"count":0,"href":"https:\/\/ejornais.com.br\/index.php\/wp-json\/wp\/v2\/posts\/71615\/revisions"}],"wp:attachment":[{"href":"https:\/\/ejornais.com.br\/index.php\/wp-json\/wp\/v2\/media?parent=71615"}],"wp:term":[{"taxonomy":"category","embeddable":true,"href":"https:\/\/ejornais.com.br\/index.php\/wp-json\/wp\/v2\/categories?post=71615"},{"taxonomy":"post_tag","embeddable":true,"href":"https:\/\/ejornais.com.br\/index.php\/wp-json\/wp\/v2\/tags?post=71615"}],"curies":[{"name":"wp","href":"https:\/\/api.w.org\/{rel}","templated":true}]}}