{"id":71617,"date":"2026-09-03T17:10:33","date_gmt":"2026-09-03T20:10:33","guid":{"rendered":"https:\/\/ejornais.com.br\/index.php\/2026\/09\/03\/alunos-da-rede-municipal-de-nova-iguacu-conquistam-os-dois-primeiros-lugares-em-concurso-literario\/"},"modified":"2026-09-03T17:10:33","modified_gmt":"2026-09-03T20:10:33","slug":"alunos-da-rede-municipal-de-nova-iguacu-conquistam-os-dois-primeiros-lugares-em-concurso-literario","status":"publish","type":"post","link":"https:\/\/ejornais.com.br\/index.php\/2026\/09\/03\/alunos-da-rede-municipal-de-nova-iguacu-conquistam-os-dois-primeiros-lugares-em-concurso-literario\/","title":{"rendered":"Alunos da rede municipal de Nova Igua\u00e7u conquistam os dois primeiros lugares em concurso liter\u00e1rio"},"content":{"rendered":"<p><\/p>\n<div id=\"post_38781\">\n<header>\n<h2>Alunos da rede municipal de Nova Igua\u00e7u conquistam os dois primeiros lugares em concurso liter\u00e1rio<\/h2>\n<h4>\n                <em><br \/>\n                    <time class=\"text-muted\" datetime=\"03-09-2026\">03 de setembro de 2026<\/time><br \/>\n                <\/em><br \/>\n            <\/h4>\n<\/header>\n<section>\n<p style=\"text-align: justify;\">Estreante no Concurso Liter\u00e1rio da Arc\u00e1dia Igua\u00e7uana, a rede municipal de Nova Igua\u00e7u j\u00e1 chegou ao topo da disputa. Duas escolas conquistaram os dois primeiros lugares da 3\u00aa edi\u00e7\u00e3o. Luiz Felipe Oliveira, da Escola Municipal Enilza Barros dos Santos Chiconelli, ficou em primeiro lugar, seguido por Arthur Siqueira, da Escola Municipal Nicanor Gon\u00e7alves Pereira.<\/p>\n<p style=\"text-align: justify;\">A participa\u00e7\u00e3o dos estudantes do Ensino Fundamental foi uma novidade desta edi\u00e7\u00e3o do concurso. Os dois alunos do 9\u00ba ano foram premiados pela produ\u00e7\u00e3o de cr\u00f4nicas argumentativas e colocaram Nova Igua\u00e7u nas duas primeiras posi\u00e7\u00f5es da competi\u00e7\u00e3o. Luiz Felipe venceu com a cr\u00f4nica \u201cA volta \/ \u00e0 Lua\u201d. J\u00e1 Arthur Siqueira conquistou o segundo lugar com o trabalho \u201cDe volta \u00e0 Lua\u2026 e \u00e0 Competi\u00e7\u00e3o! Vai vendo\u201d.<\/p>\n<\/p>\n<p>Para a secret\u00e1ria municipal de Educa\u00e7\u00e3o, Virg\u00ednia Rocha, o resultado demonstra o potencial dos estudantes da rede e refor\u00e7a a import\u00e2ncia de iniciativas que aproximam os alunos da literatura.<\/p>\n<p style=\"text-align: justify;\">\u201c\u00c9 uma grande alegria ver nossas escolas municipais se destacando em um concurso t\u00e3o importante. O resultado representa o talento, a dedica\u00e7\u00e3o e o compromisso dos nossos estudantes, professores e equipes escolares com a literatura. Essas iniciativas s\u00e3o fundamentais para incentivar a leitura, a escrita e o protagonismo dos nossos alunos\u201d, afirmou, destacando o resultado de todo o trabalho desenvolvido nos anos finais.<\/p>\n<p style=\"text-align: justify;\">Os estudantes foram orientados pela equipe de Incentivo \u00e0 Leitura da Secretaria Municipal de Educa\u00e7\u00e3o. A t\u00e9cnica Carla Ribeiro acompanhou os participantes e ofereceu orienta\u00e7\u00f5es sobre a produ\u00e7\u00e3o das cr\u00f4nicas argumentativas, g\u00eanero escolhido para o concurso.<\/p>\n<p style=\"text-align: justify;\">\u201cO resultado celebra n\u00e3o apenas as escolas vencedoras, mas todos os estudantes que participaram e se dedicaram \u00e0 produ\u00e7\u00e3o liter\u00e1ria. A premia\u00e7\u00e3o representa um incentivo para que cada vez mais alunos descubram na leitura e na escrita novas formas de aprender e transformar suas ideias em hist\u00f3rias\u201d, disse.<\/p>\n<\/section><\/div>\n","protected":false},"excerpt":{"rendered":"<p>Alunos da rede municipal de Nova Igua\u00e7u conquistam os dois primeiros lugares em concurso liter\u00e1rio 03 de setembro de 2026<\/p>\n","protected":false},"author":2,"featured_media":0,"comment_status":"","ping_status":"","sticky":false,"template":"","format":"standard","meta":{"colormag_page_container_layout":"default_layout","colormag_page_sidebar_layout":"default_layout","footnotes":""},"categories":[1],"tags":[],"class_list":["post-71617","post","type-post","status-publish","format-standard","hentry","category-ejornais"],"aioseo_notices":[],"aioseo_head":"\n\t\t<!-- All in One SEO 5.0.1.1 - aioseo.com -->\n\t<meta name=\"description\" content=\"Alunos da rede municipal de Nova Igua\u00e7u conquistam os dois primeiros lugares em concurso liter\u00e1rio 03 de setembro de 2026 Estreante no Concurso Liter\u00e1rio da Arc\u00e1dia Igua\u00e7uana, a rede municipal de Nova Igua\u00e7u j\u00e1 chegou ao topo da disputa. Duas escolas conquistaram os dois primeiros lugares da 3\u00aa edi\u00e7\u00e3o. Luiz Felipe Oliveira, da Escola Municipal\" \/>\n\t<meta name=\"robots\" content=\"max-image-preview:large\" \/>\n\t<meta name=\"author\" content=\"admin1\"\/>\n\t<link rel=\"canonical\" href=\"https:\/\/ejornais.com.br\/index.php\/2026\/09\/03\/alunos-da-rede-municipal-de-nova-iguacu-conquistam-os-dois-primeiros-lugares-em-concurso-literario\/\" \/>\n\t<meta name=\"generator\" content=\"All in One SEO (AIOSEO) 5.0.1.1\" \/>\n\t\t<meta property=\"og:locale\" content=\"pt_BR\" \/>\n\t\t<meta property=\"og:site_name\" content=\"eJornais - Cat\u00e1logo de Jornais no mundo, Not\u00edcias, Blog e Esportes ao vivo\" \/>\n\t\t<meta property=\"og:type\" content=\"article\" \/>\n\t\t<meta property=\"og:title\" content=\"Alunos da rede municipal de Nova Igua\u00e7u conquistam os dois primeiros lugares em concurso liter\u00e1rio - eJornais\" \/>\n\t\t<meta property=\"og:description\" content=\"Alunos da rede municipal de Nova Igua\u00e7u conquistam os dois primeiros lugares em concurso liter\u00e1rio 03 de setembro de 2026 Estreante no Concurso Liter\u00e1rio da Arc\u00e1dia Igua\u00e7uana, a rede municipal de Nova Igua\u00e7u j\u00e1 chegou ao topo da disputa. Duas escolas conquistaram os dois primeiros lugares da 3\u00aa edi\u00e7\u00e3o. Luiz Felipe Oliveira, da Escola Municipal\" \/>\n\t\t<meta property=\"og:url\" content=\"https:\/\/ejornais.com.br\/index.php\/2026\/09\/03\/alunos-da-rede-municipal-de-nova-iguacu-conquistam-os-dois-primeiros-lugares-em-concurso-literario\/\" \/>\n\t\t<meta property=\"article:published_time\" content=\"2026-09-03T20:10:33+00:00\" \/>\n\t\t<meta property=\"article:modified_time\" content=\"2026-09-03T20:10:33+00:00\" \/>\n\t\t<meta name=\"twitter:card\" content=\"summary_large_image\" \/>\n\t\t<meta name=\"twitter:title\" content=\"Alunos da rede municipal de Nova Igua\u00e7u conquistam os dois primeiros lugares em concurso liter\u00e1rio - eJornais\" \/>\n\t\t<meta name=\"twitter:description\" content=\"Alunos da rede municipal de Nova Igua\u00e7u conquistam os dois primeiros lugares em concurso liter\u00e1rio 03 de setembro de 2026 Estreante no Concurso Liter\u00e1rio da Arc\u00e1dia Igua\u00e7uana, a rede municipal de Nova Igua\u00e7u j\u00e1 chegou ao topo da disputa. Duas escolas conquistaram os dois primeiros lugares da 3\u00aa edi\u00e7\u00e3o. Luiz Felipe Oliveira, da Escola Municipal\" \/>\n\t\t<script type=\"application\/ld+json\" class=\"aioseo-schema\">\n\t\t\t{\"@context\":\"https:\\\/\\\/schema.org\",\"@graph\":[{\"@type\":\"BlogPosting\",\"@id\":\"https:\\\/\\\/ejornais.com.br\\\/index.php\\\/2026\\\/09\\\/03\\\/alunos-da-rede-municipal-de-nova-iguacu-conquistam-os-dois-primeiros-lugares-em-concurso-literario\\\/#blogposting\",\"name\":\"Alunos da rede municipal de Nova Igua\\u00e7u conquistam os dois primeiros lugares em concurso liter\\u00e1rio - eJornais\",\"headline\":\"Alunos da rede municipal de Nova Igua\\u00e7u conquistam os dois primeiros lugares em concurso liter\\u00e1rio\",\"author\":{\"@id\":\"https:\\\/\\\/ejornais.com.br\\\/index.php\\\/author\\\/admin1\\\/#author\"},\"publisher\":{\"@id\":\"https:\\\/\\\/ejornais.com.br\\\/#organization\"},\"datePublished\":\"2026-09-03T17:10:33-03:00\",\"dateModified\":\"2026-09-03T17:10:33-03:00\",\"inLanguage\":\"pt-BR\",\"mainEntityOfPage\":{\"@id\":\"https:\\\/\\\/ejornais.com.br\\\/index.php\\\/2026\\\/09\\\/03\\\/alunos-da-rede-municipal-de-nova-iguacu-conquistam-os-dois-primeiros-lugares-em-concurso-literario\\\/#webpage\"},\"isPartOf\":{\"@id\":\"https:\\\/\\\/ejornais.com.br\\\/index.php\\\/2026\\\/09\\\/03\\\/alunos-da-rede-municipal-de-nova-iguacu-conquistam-os-dois-primeiros-lugares-em-concurso-literario\\\/#webpage\"},\"articleSection\":\"Cat\\u00e1logo de Jornais\"},{\"@type\":\"BreadcrumbList\",\"@id\":\"https:\\\/\\\/ejornais.com.br\\\/index.php\\\/2026\\\/09\\\/03\\\/alunos-da-rede-municipal-de-nova-iguacu-conquistam-os-dois-primeiros-lugares-em-concurso-literario\\\/#breadcrumblist\",\"itemListElement\":[{\"@type\":\"ListItem\",\"@id\":\"https:\\\/\\\/ejornais.com.br#listItem\",\"position\":1,\"name\":\"In\\u00edcio\",\"item\":\"https:\\\/\\\/ejornais.com.br\",\"nextItem\":{\"@type\":\"ListItem\",\"@id\":\"https:\\\/\\\/ejornais.com.br\\\/index.php\\\/category\\\/ejornais\\\/#listItem\",\"name\":\"Cat\\u00e1logo de Jornais\"}},{\"@type\":\"ListItem\",\"@id\":\"https:\\\/\\\/ejornais.com.br\\\/index.php\\\/category\\\/ejornais\\\/#listItem\",\"position\":2,\"name\":\"Cat\\u00e1logo de Jornais\",\"item\":\"https:\\\/\\\/ejornais.com.br\\\/index.php\\\/category\\\/ejornais\\\/\",\"nextItem\":{\"@type\":\"ListItem\",\"@id\":\"https:\\\/\\\/ejornais.com.br\\\/index.php\\\/2026\\\/09\\\/03\\\/alunos-da-rede-municipal-de-nova-iguacu-conquistam-os-dois-primeiros-lugares-em-concurso-literario\\\/#listItem\",\"name\":\"Alunos da rede municipal de Nova Igua\\u00e7u conquistam os dois primeiros lugares em concurso liter\\u00e1rio\"},\"previousItem\":{\"@type\":\"ListItem\",\"@id\":\"https:\\\/\\\/ejornais.com.br#listItem\",\"name\":\"In\\u00edcio\"}},{\"@type\":\"ListItem\",\"@id\":\"https:\\\/\\\/ejornais.com.br\\\/index.php\\\/2026\\\/09\\\/03\\\/alunos-da-rede-municipal-de-nova-iguacu-conquistam-os-dois-primeiros-lugares-em-concurso-literario\\\/#listItem\",\"position\":3,\"name\":\"Alunos da rede municipal de Nova Igua\\u00e7u conquistam os dois primeiros lugares em concurso liter\\u00e1rio\",\"previousItem\":{\"@type\":\"ListItem\",\"@id\":\"https:\\\/\\\/ejornais.com.br\\\/index.php\\\/category\\\/ejornais\\\/#listItem\",\"name\":\"Cat\\u00e1logo de Jornais\"}}]},{\"@type\":\"Organization\",\"@id\":\"https:\\\/\\\/ejornais.com.br\\\/#organization\",\"name\":\"eJornais\",\"description\":\"Cat\\u00e1logo de Jornais no mundo, Not\\u00edcias, Blog e Esportes ao vivo\",\"url\":\"https:\\\/\\\/ejornais.com.br\\\/\"},{\"@type\":\"Person\",\"@id\":\"https:\\\/\\\/ejornais.com.br\\\/index.php\\\/author\\\/admin1\\\/#author\",\"url\":\"https:\\\/\\\/ejornais.com.br\\\/index.php\\\/author\\\/admin1\\\/\",\"name\":\"admin1\",\"image\":{\"@type\":\"ImageObject\",\"@id\":\"https:\\\/\\\/ejornais.com.br\\\/index.php\\\/2026\\\/09\\\/03\\\/alunos-da-rede-municipal-de-nova-iguacu-conquistam-os-dois-primeiros-lugares-em-concurso-literario\\\/#authorImage\",\"url\":\"https:\\\/\\\/secure.gravatar.com\\\/avatar\\\/04084e6d73c042b8646e7c17b494073bf0ede3ea13c7105cfc45cbbbc28385a4?s=96&d=mm&r=g\",\"width\":96,\"height\":96,\"caption\":\"admin1\"}},{\"@type\":\"WebPage\",\"@id\":\"https:\\\/\\\/ejornais.com.br\\\/index.php\\\/2026\\\/09\\\/03\\\/alunos-da-rede-municipal-de-nova-iguacu-conquistam-os-dois-primeiros-lugares-em-concurso-literario\\\/#webpage\",\"url\":\"https:\\\/\\\/ejornais.com.br\\\/index.php\\\/2026\\\/09\\\/03\\\/alunos-da-rede-municipal-de-nova-iguacu-conquistam-os-dois-primeiros-lugares-em-concurso-literario\\\/\",\"name\":\"Alunos da rede municipal de Nova Igua\\u00e7u conquistam os dois primeiros lugares em concurso liter\\u00e1rio - eJornais\",\"description\":\"Alunos da rede municipal de Nova Igua\\u00e7u conquistam os dois primeiros lugares em concurso liter\\u00e1rio 03 de setembro de 2026 Estreante no Concurso Liter\\u00e1rio da Arc\\u00e1dia Igua\\u00e7uana, a rede municipal de Nova Igua\\u00e7u j\\u00e1 chegou ao topo da disputa. Duas escolas conquistaram os dois primeiros lugares da 3\\u00aa edi\\u00e7\\u00e3o. Luiz Felipe Oliveira, da Escola Municipal\",\"inLanguage\":\"pt-BR\",\"isPartOf\":{\"@id\":\"https:\\\/\\\/ejornais.com.br\\\/#website\"},\"breadcrumb\":{\"@id\":\"https:\\\/\\\/ejornais.com.br\\\/index.php\\\/2026\\\/09\\\/03\\\/alunos-da-rede-municipal-de-nova-iguacu-conquistam-os-dois-primeiros-lugares-em-concurso-literario\\\/#breadcrumblist\"},\"author\":{\"@id\":\"https:\\\/\\\/ejornais.com.br\\\/index.php\\\/author\\\/admin1\\\/#author\"},\"creator\":{\"@id\":\"https:\\\/\\\/ejornais.com.br\\\/index.php\\\/author\\\/admin1\\\/#author\"},\"datePublished\":\"2026-09-03T17:10:33-03:00\",\"dateModified\":\"2026-09-03T17:10:33-03:00\"},{\"@type\":\"WebSite\",\"@id\":\"https:\\\/\\\/ejornais.com.br\\\/#website\",\"url\":\"https:\\\/\\\/ejornais.com.br\\\/\",\"name\":\"eJornais\",\"description\":\"Cat\\u00e1logo de Jornais no mundo, Not\\u00edcias, Blog e Esportes ao vivo\",\"inLanguage\":\"pt-BR\",\"publisher\":{\"@id\":\"https:\\\/\\\/ejornais.com.br\\\/#organization\"}}]}\n\t\t<\/script>\n\t\t<!-- All in One SEO -->\n\n","aioseo_head_json":{"title":"Alunos da rede municipal de Nova Igua\u00e7u conquistam os dois primeiros lugares em concurso liter\u00e1rio - eJornais","description":"Alunos da rede municipal de Nova Igua\u00e7u conquistam os dois primeiros lugares em concurso liter\u00e1rio 03 de setembro de 2026 Estreante no Concurso Liter\u00e1rio da Arc\u00e1dia Igua\u00e7uana, a rede municipal de Nova Igua\u00e7u j\u00e1 chegou ao topo da disputa. Duas escolas conquistaram os dois primeiros lugares da 3\u00aa edi\u00e7\u00e3o. Luiz Felipe Oliveira, da Escola Municipal","canonical_url":"https:\/\/ejornais.com.br\/index.php\/2026\/09\/03\/alunos-da-rede-municipal-de-nova-iguacu-conquistam-os-dois-primeiros-lugares-em-concurso-literario\/","robots":"max-image-preview:large","keywords":"","webmasterTools":{"miscellaneous":""},"schema":{"@context":"https:\/\/schema.org","@graph":[{"@type":"BlogPosting","@id":"https:\/\/ejornais.com.br\/index.php\/2026\/09\/03\/alunos-da-rede-municipal-de-nova-iguacu-conquistam-os-dois-primeiros-lugares-em-concurso-literario\/#blogposting","name":"Alunos da rede municipal de Nova Igua\u00e7u conquistam os dois primeiros lugares em concurso liter\u00e1rio - eJornais","headline":"Alunos da rede municipal de Nova Igua\u00e7u conquistam os dois primeiros lugares em concurso liter\u00e1rio","author":{"@id":"https:\/\/ejornais.com.br\/index.php\/author\/admin1\/#author"},"publisher":{"@id":"https:\/\/ejornais.com.br\/#organization"},"datePublished":"2026-09-03T17:10:33-03:00","dateModified":"2026-09-03T17:10:33-03:00","inLanguage":"pt-BR","mainEntityOfPage":{"@id":"https:\/\/ejornais.com.br\/index.php\/2026\/09\/03\/alunos-da-rede-municipal-de-nova-iguacu-conquistam-os-dois-primeiros-lugares-em-concurso-literario\/#webpage"},"isPartOf":{"@id":"https:\/\/ejornais.com.br\/index.php\/2026\/09\/03\/alunos-da-rede-municipal-de-nova-iguacu-conquistam-os-dois-primeiros-lugares-em-concurso-literario\/#webpage"},"articleSection":"Cat\u00e1logo de Jornais"},{"@type":"BreadcrumbList","@id":"https:\/\/ejornais.com.br\/index.php\/2026\/09\/03\/alunos-da-rede-municipal-de-nova-iguacu-conquistam-os-dois-primeiros-lugares-em-concurso-literario\/#breadcrumblist","itemListElement":[{"@type":"ListItem","@id":"https:\/\/ejornais.com.br#listItem","position":1,"name":"In\u00edcio","item":"https:\/\/ejornais.com.br","nextItem":{"@type":"ListItem","@id":"https:\/\/ejornais.com.br\/index.php\/category\/ejornais\/#listItem","name":"Cat\u00e1logo de Jornais"}},{"@type":"ListItem","@id":"https:\/\/ejornais.com.br\/index.php\/category\/ejornais\/#listItem","position":2,"name":"Cat\u00e1logo de Jornais","item":"https:\/\/ejornais.com.br\/index.php\/category\/ejornais\/","nextItem":{"@type":"ListItem","@id":"https:\/\/ejornais.com.br\/index.php\/2026\/09\/03\/alunos-da-rede-municipal-de-nova-iguacu-conquistam-os-dois-primeiros-lugares-em-concurso-literario\/#listItem","name":"Alunos da rede municipal de Nova Igua\u00e7u conquistam os dois primeiros lugares em concurso liter\u00e1rio"},"previousItem":{"@type":"ListItem","@id":"https:\/\/ejornais.com.br#listItem","name":"In\u00edcio"}},{"@type":"ListItem","@id":"https:\/\/ejornais.com.br\/index.php\/2026\/09\/03\/alunos-da-rede-municipal-de-nova-iguacu-conquistam-os-dois-primeiros-lugares-em-concurso-literario\/#listItem","position":3,"name":"Alunos da rede municipal de Nova Igua\u00e7u conquistam os dois primeiros lugares em concurso liter\u00e1rio","previousItem":{"@type":"ListItem","@id":"https:\/\/ejornais.com.br\/index.php\/category\/ejornais\/#listItem","name":"Cat\u00e1logo de Jornais"}}]},{"@type":"Organization","@id":"https:\/\/ejornais.com.br\/#organization","name":"eJornais","description":"Cat\u00e1logo de Jornais no mundo, Not\u00edcias, Blog e Esportes ao vivo","url":"https:\/\/ejornais.com.br\/"},{"@type":"Person","@id":"https:\/\/ejornais.com.br\/index.php\/author\/admin1\/#author","url":"https:\/\/ejornais.com.br\/index.php\/author\/admin1\/","name":"admin1","image":{"@type":"ImageObject","@id":"https:\/\/ejornais.com.br\/index.php\/2026\/09\/03\/alunos-da-rede-municipal-de-nova-iguacu-conquistam-os-dois-primeiros-lugares-em-concurso-literario\/#authorImage","url":"https:\/\/secure.gravatar.com\/avatar\/04084e6d73c042b8646e7c17b494073bf0ede3ea13c7105cfc45cbbbc28385a4?s=96&d=mm&r=g","width":96,"height":96,"caption":"admin1"}},{"@type":"WebPage","@id":"https:\/\/ejornais.com.br\/index.php\/2026\/09\/03\/alunos-da-rede-municipal-de-nova-iguacu-conquistam-os-dois-primeiros-lugares-em-concurso-literario\/#webpage","url":"https:\/\/ejornais.com.br\/index.php\/2026\/09\/03\/alunos-da-rede-municipal-de-nova-iguacu-conquistam-os-dois-primeiros-lugares-em-concurso-literario\/","name":"Alunos da rede municipal de Nova Igua\u00e7u conquistam os dois primeiros lugares em concurso liter\u00e1rio - eJornais","description":"Alunos da rede municipal de Nova Igua\u00e7u conquistam os dois primeiros lugares em concurso liter\u00e1rio 03 de setembro de 2026 Estreante no Concurso Liter\u00e1rio da Arc\u00e1dia Igua\u00e7uana, a rede municipal de Nova Igua\u00e7u j\u00e1 chegou ao topo da disputa. Duas escolas conquistaram os dois primeiros lugares da 3\u00aa edi\u00e7\u00e3o. Luiz Felipe Oliveira, da Escola Municipal","inLanguage":"pt-BR","isPartOf":{"@id":"https:\/\/ejornais.com.br\/#website"},"breadcrumb":{"@id":"https:\/\/ejornais.com.br\/index.php\/2026\/09\/03\/alunos-da-rede-municipal-de-nova-iguacu-conquistam-os-dois-primeiros-lugares-em-concurso-literario\/#breadcrumblist"},"author":{"@id":"https:\/\/ejornais.com.br\/index.php\/author\/admin1\/#author"},"creator":{"@id":"https:\/\/ejornais.com.br\/index.php\/author\/admin1\/#author"},"datePublished":"2026-09-03T17:10:33-03:00","dateModified":"2026-09-03T17:10:33-03:00"},{"@type":"WebSite","@id":"https:\/\/ejornais.com.br\/#website","url":"https:\/\/ejornais.com.br\/","name":"eJornais","description":"Cat\u00e1logo de Jornais no mundo, Not\u00edcias, Blog e Esportes ao vivo","inLanguage":"pt-BR","publisher":{"@id":"https:\/\/ejornais.com.br\/#organization"}}]},"og:locale":"pt_BR","og:site_name":"eJornais - Cat\u00e1logo de Jornais no mundo, Not\u00edcias, Blog e Esportes ao vivo","og:type":"article","og:title":"Alunos da rede municipal de Nova Igua\u00e7u conquistam os dois primeiros lugares em concurso liter\u00e1rio - eJornais","og:description":"Alunos da rede municipal de Nova Igua\u00e7u conquistam os dois primeiros lugares em concurso liter\u00e1rio 03 de setembro de 2026 Estreante no Concurso Liter\u00e1rio da Arc\u00e1dia Igua\u00e7uana, a rede municipal de Nova Igua\u00e7u j\u00e1 chegou ao topo da disputa. Duas escolas conquistaram os dois primeiros lugares da 3\u00aa edi\u00e7\u00e3o. Luiz Felipe Oliveira, da Escola Municipal","og:url":"https:\/\/ejornais.com.br\/index.php\/2026\/09\/03\/alunos-da-rede-municipal-de-nova-iguacu-conquistam-os-dois-primeiros-lugares-em-concurso-literario\/","article:published_time":"2026-09-03T20:10:33+00:00","article:modified_time":"2026-09-03T20:10:33+00:00","twitter:card":"summary_large_image","twitter:title":"Alunos da rede municipal de Nova Igua\u00e7u conquistam os dois primeiros lugares em concurso liter\u00e1rio - eJornais","twitter:description":"Alunos da rede municipal de Nova Igua\u00e7u conquistam os dois primeiros lugares em concurso liter\u00e1rio 03 de setembro de 2026 Estreante no Concurso Liter\u00e1rio da Arc\u00e1dia Igua\u00e7uana, a rede municipal de Nova Igua\u00e7u j\u00e1 chegou ao topo da disputa. Duas escolas conquistaram os dois primeiros lugares da 3\u00aa edi\u00e7\u00e3o. Luiz Felipe Oliveira, da Escola Municipal"},"aioseo_meta_data":[],"aioseo_breadcrumb":"<div class=\"aioseo-breadcrumbs\"><span class=\"aioseo-breadcrumb\">\n\t\t\t<a href=\"https:\/\/ejornais.com.br\" title=\"In\u00edcio\">In\u00edcio<\/a>\n\t\t<\/span><span class=\"aioseo-breadcrumb-separator\">&raquo;<\/span><span class=\"aioseo-breadcrumb\">\n\t\t\t<a href=\"https:\/\/ejornais.com.br\/index.php\/category\/ejornais\/\" title=\"Cat\u00e1logo de Jornais\">Cat\u00e1logo de Jornais<\/a>\n\t\t<\/span><span class=\"aioseo-breadcrumb-separator\">&raquo;<\/span><span class=\"aioseo-breadcrumb\">\n\t\t\tAlunos da rede municipal de Nova Igua\u00e7u conquistam os dois primeiros lugares em concurso liter\u00e1rio\n\t\t<\/span><\/div>","aioseo_breadcrumb_json":[{"label":"In\u00edcio","link":"https:\/\/ejornais.com.br"},{"label":"Cat\u00e1logo de Jornais","link":"https:\/\/ejornais.com.br\/index.php\/category\/ejornais\/"},{"label":"Alunos da rede municipal de Nova Igua\u00e7u conquistam os dois primeiros lugares em concurso liter\u00e1rio","link":"https:\/\/ejornais.com.br\/index.php\/2026\/09\/03\/alunos-da-rede-municipal-de-nova-iguacu-conquistam-os-dois-primeiros-lugares-em-concurso-literario\/"}],"amp_enabled":true,"_links":{"self":[{"href":"https:\/\/ejornais.com.br\/index.php\/wp-json\/wp\/v2\/posts\/71617","targetHints":{"allow":["GET"]}}],"collection":[{"href":"https:\/\/ejornais.com.br\/index.php\/wp-json\/wp\/v2\/posts"}],"about":[{"href":"https:\/\/ejornais.com.br\/index.php\/wp-json\/wp\/v2\/types\/post"}],"author":[{"embeddable":true,"href":"https:\/\/ejornais.com.br\/index.php\/wp-json\/wp\/v2\/users\/2"}],"replies":[{"embeddable":true,"href":"https:\/\/ejornais.com.br\/index.php\/wp-json\/wp\/v2\/comments?post=71617"}],"version-history":[{"count":0,"href":"https:\/\/ejornais.com.br\/index.php\/wp-json\/wp\/v2\/posts\/71617\/revisions"}],"wp:attachment":[{"href":"https:\/\/ejornais.com.br\/index.php\/wp-json\/wp\/v2\/media?parent=71617"}],"wp:term":[{"taxonomy":"category","embeddable":true,"href":"https:\/\/ejornais.com.br\/index.php\/wp-json\/wp\/v2\/categories?post=71617"},{"taxonomy":"post_tag","embeddable":true,"href":"https:\/\/ejornais.com.br\/index.php\/wp-json\/wp\/v2\/tags?post=71617"}],"curies":[{"name":"wp","href":"https:\/\/api.w.org\/{rel}","templated":true}]}}