{"id":71619,"date":"2026-09-03T17:52:09","date_gmt":"2026-09-03T20:52:09","guid":{"rendered":"https:\/\/ejornais.com.br\/index.php\/2026\/09\/03\/exposicao-reune-producoes-artisticas-de-alunos-da-rede-municipal-de-ensino-na-biblioteca-central-da-ufpb\/"},"modified":"2026-09-03T17:52:09","modified_gmt":"2026-09-03T20:52:09","slug":"exposicao-reune-producoes-artisticas-de-alunos-da-rede-municipal-de-ensino-na-biblioteca-central-da-ufpb","status":"publish","type":"post","link":"https:\/\/ejornais.com.br\/index.php\/2026\/09\/03\/exposicao-reune-producoes-artisticas-de-alunos-da-rede-municipal-de-ensino-na-biblioteca-central-da-ufpb\/","title":{"rendered":"Exposi\u00e7\u00e3o re\u00fane produ\u00e7\u00f5es art\u00edsticas de alunos da Rede Municipal de Ensino na Biblioteca Central da UFPB"},"content":{"rendered":"<p><\/p>\n<div id=\"texto\">\n<p>A Prefeitura de Jo\u00e3o Pessoa, por meio da Secretaria de Educa\u00e7\u00e3o e Cultura (Sedec), abriu, nesta quinta-feira (3), uma exposi\u00e7\u00e3o que promove a valoriza\u00e7\u00e3o da arte e da express\u00e3o criativa dos estudantes da Rede Municipal de Ensino. Durante 30 dias, a Biblioteca Central da Universidade Federal da Para\u00edba (UFPB) recebe a exposi\u00e7\u00e3o \u2018Um olhar para o mundo\u2019, com produ\u00e7\u00f5es art\u00edsticas dos alunos da Escola Municipal General Rodrigo Ot\u00e1vio, no Bairro dos Estados.<\/p>\n<p>A mostra re\u00fane trabalhos que expressam a criatividade, a sensibilidade e as diferentes formas de os estudantes enxergarem o mundo. A iniciativa tamb\u00e9m fortalece a rela\u00e7\u00e3o entre a escola e o espa\u00e7o universit\u00e1rio, proporcionando aos alunos a oportunidade de compartilhar seus talentos com a comunidade.<\/p>\n<figure class=\"wp-block-gallery has-nested-images columns-default is-cropped wp-block-gallery-1 is-layout-flex wp-block-gallery-is-layout-flex\">\n<figure class=\"wp-block-image size-large\"><\/figure>\n<figure class=\"wp-block-image size-large\"><\/figure>\n<figure class=\"wp-block-image size-large\"><\/figure>\n<figure class=\"wp-block-image size-large\"><\/figure>\n<figure class=\"wp-block-image size-large\"><\/figure>\n<figure class=\"wp-block-image size-large\"><\/figure>\n<\/figure>\n<p>Para a secret\u00e1ria de Educa\u00e7\u00e3o e Cultura de Jo\u00e3o Pessoa, Am\u00e9rica Castro, a exposi\u00e7\u00e3o representa um momento de celebra\u00e7\u00e3o da produ\u00e7\u00e3o art\u00edstica dos estudantes. \u201c\u00c9 com muita alegria que abrimos esta exposi\u00e7\u00e3o, que re\u00fane as produ\u00e7\u00f5es art\u00edsticas dos estudantes da Escola Municipal General Rodrigo Ot\u00e1vio. Por meio da arte, nossos estudantes expressam sua criatividade, sensibilidade e diferentes formas de enxergar o mundo\u201d, afirmou.<\/p>\n<p>Am\u00e9rica Castro tamb\u00e9m destacou a import\u00e2ncia de levar os trabalhos para al\u00e9m dos muros da escola. \u201cDurante 30 dias, a exposi\u00e7\u00e3o estar\u00e1 aberta \u00e0 visita\u00e7\u00e3o na Biblioteca Central da Universidade, valorizando o talento dos nossos jovens e aproximando a escola do espa\u00e7o universit\u00e1rio\u201d, ressaltou.<\/p>\n<figure class=\"wp-block-gallery has-nested-images columns-default is-cropped wp-block-gallery-2 is-layout-flex wp-block-gallery-is-layout-flex\">\n<figure class=\"wp-block-image size-large\"><\/figure>\n<figure class=\"wp-block-image size-large\"><\/figure>\n<figure class=\"wp-block-image size-large\"><\/figure>\n<figure class=\"wp-block-image size-large\"><\/figure>\n<figure class=\"wp-block-image size-large\"><\/figure>\n<figure class=\"wp-block-image size-large\"><\/figure>\n<\/figure>\n<p><strong>Servi\u00e7o:<\/strong><\/p>\n<p>Exposi\u00e7\u00e3o de produ\u00e7\u00f5es art\u00edsticas dos estudantes da Escola Municipal General Rodrigo Ot\u00e1vio<\/p>\n<p><strong>Local:<\/strong> Biblioteca Central da UFPB<\/p>\n<p><strong>Visita\u00e7\u00e3o:<\/strong> Durante 30 dias<\/p>\n<\/p><\/div>\n","protected":false},"excerpt":{"rendered":"<p>A Prefeitura de Jo\u00e3o Pessoa, por meio da Secretaria de Educa\u00e7\u00e3o e Cultura (Sedec), abriu, nesta quinta-feira (3), uma exposi\u00e7\u00e3o<\/p>\n","protected":false},"author":2,"featured_media":0,"comment_status":"","ping_status":"","sticky":false,"template":"","format":"standard","meta":{"colormag_page_container_layout":"default_layout","colormag_page_sidebar_layout":"default_layout","footnotes":""},"categories":[1],"tags":[],"class_list":["post-71619","post","type-post","status-publish","format-standard","hentry","category-ejornais"],"aioseo_notices":[],"aioseo_head":"\n\t\t<!-- All in One SEO 5.0.1.1 - aioseo.com -->\n\t<meta name=\"description\" content=\"A Prefeitura de Jo\u00e3o Pessoa, por meio da Secretaria de Educa\u00e7\u00e3o e Cultura (Sedec), abriu, nesta quinta-feira (3), uma exposi\u00e7\u00e3o que promove a valoriza\u00e7\u00e3o da arte e da express\u00e3o criativa dos estudantes da Rede Municipal de Ensino. Durante 30 dias, a Biblioteca Central da Universidade Federal da Para\u00edba (UFPB) recebe a exposi\u00e7\u00e3o \u2018Um olhar para\" \/>\n\t<meta name=\"robots\" content=\"max-image-preview:large\" \/>\n\t<meta name=\"author\" content=\"admin1\"\/>\n\t<link rel=\"canonical\" href=\"https:\/\/ejornais.com.br\/index.php\/2026\/09\/03\/exposicao-reune-producoes-artisticas-de-alunos-da-rede-municipal-de-ensino-na-biblioteca-central-da-ufpb\/\" \/>\n\t<meta name=\"generator\" content=\"All in One SEO (AIOSEO) 5.0.1.1\" \/>\n\t\t<meta property=\"og:locale\" content=\"pt_BR\" \/>\n\t\t<meta property=\"og:site_name\" content=\"eJornais - Cat\u00e1logo de Jornais no mundo, Not\u00edcias, Blog e Esportes ao vivo\" \/>\n\t\t<meta property=\"og:type\" content=\"article\" \/>\n\t\t<meta property=\"og:title\" content=\"Exposi\u00e7\u00e3o re\u00fane produ\u00e7\u00f5es art\u00edsticas de alunos da Rede Municipal de Ensino na Biblioteca Central da UFPB - eJornais\" \/>\n\t\t<meta property=\"og:description\" content=\"A Prefeitura de Jo\u00e3o Pessoa, por meio da Secretaria de Educa\u00e7\u00e3o e Cultura (Sedec), abriu, nesta quinta-feira (3), uma exposi\u00e7\u00e3o que promove a valoriza\u00e7\u00e3o da arte e da express\u00e3o criativa dos estudantes da Rede Municipal de Ensino. Durante 30 dias, a Biblioteca Central da Universidade Federal da Para\u00edba (UFPB) recebe a exposi\u00e7\u00e3o \u2018Um olhar para\" \/>\n\t\t<meta property=\"og:url\" content=\"https:\/\/ejornais.com.br\/index.php\/2026\/09\/03\/exposicao-reune-producoes-artisticas-de-alunos-da-rede-municipal-de-ensino-na-biblioteca-central-da-ufpb\/\" \/>\n\t\t<meta property=\"article:published_time\" content=\"2026-09-03T20:52:09+00:00\" \/>\n\t\t<meta property=\"article:modified_time\" content=\"2026-09-03T20:52:09+00:00\" \/>\n\t\t<meta name=\"twitter:card\" content=\"summary_large_image\" \/>\n\t\t<meta name=\"twitter:title\" content=\"Exposi\u00e7\u00e3o re\u00fane produ\u00e7\u00f5es art\u00edsticas de alunos da Rede Municipal de Ensino na Biblioteca Central da UFPB - eJornais\" \/>\n\t\t<meta name=\"twitter:description\" content=\"A Prefeitura de Jo\u00e3o Pessoa, por meio da Secretaria de Educa\u00e7\u00e3o e Cultura (Sedec), abriu, nesta quinta-feira (3), uma exposi\u00e7\u00e3o que promove a valoriza\u00e7\u00e3o da arte e da express\u00e3o criativa dos estudantes da Rede Municipal de Ensino. Durante 30 dias, a Biblioteca Central da Universidade Federal da Para\u00edba (UFPB) recebe a exposi\u00e7\u00e3o \u2018Um olhar para\" \/>\n\t\t<script type=\"application\/ld+json\" class=\"aioseo-schema\">\n\t\t\t{\"@context\":\"https:\\\/\\\/schema.org\",\"@graph\":[{\"@type\":\"BlogPosting\",\"@id\":\"https:\\\/\\\/ejornais.com.br\\\/index.php\\\/2026\\\/09\\\/03\\\/exposicao-reune-producoes-artisticas-de-alunos-da-rede-municipal-de-ensino-na-biblioteca-central-da-ufpb\\\/#blogposting\",\"name\":\"Exposi\\u00e7\\u00e3o re\\u00fane produ\\u00e7\\u00f5es art\\u00edsticas de alunos da Rede Municipal de Ensino na Biblioteca Central da UFPB - eJornais\",\"headline\":\"Exposi\\u00e7\\u00e3o re\\u00fane produ\\u00e7\\u00f5es art\\u00edsticas de alunos da Rede Municipal de Ensino na Biblioteca Central da UFPB\",\"author\":{\"@id\":\"https:\\\/\\\/ejornais.com.br\\\/index.php\\\/author\\\/admin1\\\/#author\"},\"publisher\":{\"@id\":\"https:\\\/\\\/ejornais.com.br\\\/#organization\"},\"datePublished\":\"2026-09-03T17:52:09-03:00\",\"dateModified\":\"2026-09-03T17:52:09-03:00\",\"inLanguage\":\"pt-BR\",\"mainEntityOfPage\":{\"@id\":\"https:\\\/\\\/ejornais.com.br\\\/index.php\\\/2026\\\/09\\\/03\\\/exposicao-reune-producoes-artisticas-de-alunos-da-rede-municipal-de-ensino-na-biblioteca-central-da-ufpb\\\/#webpage\"},\"isPartOf\":{\"@id\":\"https:\\\/\\\/ejornais.com.br\\\/index.php\\\/2026\\\/09\\\/03\\\/exposicao-reune-producoes-artisticas-de-alunos-da-rede-municipal-de-ensino-na-biblioteca-central-da-ufpb\\\/#webpage\"},\"articleSection\":\"Cat\\u00e1logo de Jornais\"},{\"@type\":\"BreadcrumbList\",\"@id\":\"https:\\\/\\\/ejornais.com.br\\\/index.php\\\/2026\\\/09\\\/03\\\/exposicao-reune-producoes-artisticas-de-alunos-da-rede-municipal-de-ensino-na-biblioteca-central-da-ufpb\\\/#breadcrumblist\",\"itemListElement\":[{\"@type\":\"ListItem\",\"@id\":\"https:\\\/\\\/ejornais.com.br#listItem\",\"position\":1,\"name\":\"In\\u00edcio\",\"item\":\"https:\\\/\\\/ejornais.com.br\",\"nextItem\":{\"@type\":\"ListItem\",\"@id\":\"https:\\\/\\\/ejornais.com.br\\\/index.php\\\/category\\\/ejornais\\\/#listItem\",\"name\":\"Cat\\u00e1logo de Jornais\"}},{\"@type\":\"ListItem\",\"@id\":\"https:\\\/\\\/ejornais.com.br\\\/index.php\\\/category\\\/ejornais\\\/#listItem\",\"position\":2,\"name\":\"Cat\\u00e1logo de Jornais\",\"item\":\"https:\\\/\\\/ejornais.com.br\\\/index.php\\\/category\\\/ejornais\\\/\",\"nextItem\":{\"@type\":\"ListItem\",\"@id\":\"https:\\\/\\\/ejornais.com.br\\\/index.php\\\/2026\\\/09\\\/03\\\/exposicao-reune-producoes-artisticas-de-alunos-da-rede-municipal-de-ensino-na-biblioteca-central-da-ufpb\\\/#listItem\",\"name\":\"Exposi\\u00e7\\u00e3o re\\u00fane produ\\u00e7\\u00f5es art\\u00edsticas de alunos da Rede Municipal de Ensino na Biblioteca Central da UFPB\"},\"previousItem\":{\"@type\":\"ListItem\",\"@id\":\"https:\\\/\\\/ejornais.com.br#listItem\",\"name\":\"In\\u00edcio\"}},{\"@type\":\"ListItem\",\"@id\":\"https:\\\/\\\/ejornais.com.br\\\/index.php\\\/2026\\\/09\\\/03\\\/exposicao-reune-producoes-artisticas-de-alunos-da-rede-municipal-de-ensino-na-biblioteca-central-da-ufpb\\\/#listItem\",\"position\":3,\"name\":\"Exposi\\u00e7\\u00e3o re\\u00fane produ\\u00e7\\u00f5es art\\u00edsticas de alunos da Rede Municipal de Ensino na Biblioteca Central da UFPB\",\"previousItem\":{\"@type\":\"ListItem\",\"@id\":\"https:\\\/\\\/ejornais.com.br\\\/index.php\\\/category\\\/ejornais\\\/#listItem\",\"name\":\"Cat\\u00e1logo de Jornais\"}}]},{\"@type\":\"Organization\",\"@id\":\"https:\\\/\\\/ejornais.com.br\\\/#organization\",\"name\":\"eJornais\",\"description\":\"Cat\\u00e1logo de Jornais no mundo, Not\\u00edcias, Blog e Esportes ao vivo\",\"url\":\"https:\\\/\\\/ejornais.com.br\\\/\"},{\"@type\":\"Person\",\"@id\":\"https:\\\/\\\/ejornais.com.br\\\/index.php\\\/author\\\/admin1\\\/#author\",\"url\":\"https:\\\/\\\/ejornais.com.br\\\/index.php\\\/author\\\/admin1\\\/\",\"name\":\"admin1\",\"image\":{\"@type\":\"ImageObject\",\"@id\":\"https:\\\/\\\/ejornais.com.br\\\/index.php\\\/2026\\\/09\\\/03\\\/exposicao-reune-producoes-artisticas-de-alunos-da-rede-municipal-de-ensino-na-biblioteca-central-da-ufpb\\\/#authorImage\",\"url\":\"https:\\\/\\\/secure.gravatar.com\\\/avatar\\\/04084e6d73c042b8646e7c17b494073bf0ede3ea13c7105cfc45cbbbc28385a4?s=96&d=mm&r=g\",\"width\":96,\"height\":96,\"caption\":\"admin1\"}},{\"@type\":\"WebPage\",\"@id\":\"https:\\\/\\\/ejornais.com.br\\\/index.php\\\/2026\\\/09\\\/03\\\/exposicao-reune-producoes-artisticas-de-alunos-da-rede-municipal-de-ensino-na-biblioteca-central-da-ufpb\\\/#webpage\",\"url\":\"https:\\\/\\\/ejornais.com.br\\\/index.php\\\/2026\\\/09\\\/03\\\/exposicao-reune-producoes-artisticas-de-alunos-da-rede-municipal-de-ensino-na-biblioteca-central-da-ufpb\\\/\",\"name\":\"Exposi\\u00e7\\u00e3o re\\u00fane produ\\u00e7\\u00f5es art\\u00edsticas de alunos da Rede Municipal de Ensino na Biblioteca Central da UFPB - eJornais\",\"description\":\"A Prefeitura de Jo\\u00e3o Pessoa, por meio da Secretaria de Educa\\u00e7\\u00e3o e Cultura (Sedec), abriu, nesta quinta-feira (3), uma exposi\\u00e7\\u00e3o que promove a valoriza\\u00e7\\u00e3o da arte e da express\\u00e3o criativa dos estudantes da Rede Municipal de Ensino. Durante 30 dias, a Biblioteca Central da Universidade Federal da Para\\u00edba (UFPB) recebe a exposi\\u00e7\\u00e3o \\u2018Um olhar para\",\"inLanguage\":\"pt-BR\",\"isPartOf\":{\"@id\":\"https:\\\/\\\/ejornais.com.br\\\/#website\"},\"breadcrumb\":{\"@id\":\"https:\\\/\\\/ejornais.com.br\\\/index.php\\\/2026\\\/09\\\/03\\\/exposicao-reune-producoes-artisticas-de-alunos-da-rede-municipal-de-ensino-na-biblioteca-central-da-ufpb\\\/#breadcrumblist\"},\"author\":{\"@id\":\"https:\\\/\\\/ejornais.com.br\\\/index.php\\\/author\\\/admin1\\\/#author\"},\"creator\":{\"@id\":\"https:\\\/\\\/ejornais.com.br\\\/index.php\\\/author\\\/admin1\\\/#author\"},\"datePublished\":\"2026-09-03T17:52:09-03:00\",\"dateModified\":\"2026-09-03T17:52:09-03:00\"},{\"@type\":\"WebSite\",\"@id\":\"https:\\\/\\\/ejornais.com.br\\\/#website\",\"url\":\"https:\\\/\\\/ejornais.com.br\\\/\",\"name\":\"eJornais\",\"description\":\"Cat\\u00e1logo de Jornais no mundo, Not\\u00edcias, Blog e Esportes ao vivo\",\"inLanguage\":\"pt-BR\",\"publisher\":{\"@id\":\"https:\\\/\\\/ejornais.com.br\\\/#organization\"}}]}\n\t\t<\/script>\n\t\t<!-- All in One SEO -->\n\n","aioseo_head_json":{"title":"Exposi\u00e7\u00e3o re\u00fane produ\u00e7\u00f5es art\u00edsticas de alunos da Rede Municipal de Ensino na Biblioteca Central da UFPB - eJornais","description":"A Prefeitura de Jo\u00e3o Pessoa, por meio da Secretaria de Educa\u00e7\u00e3o e Cultura (Sedec), abriu, nesta quinta-feira (3), uma exposi\u00e7\u00e3o que promove a valoriza\u00e7\u00e3o da arte e da express\u00e3o criativa dos estudantes da Rede Municipal de Ensino. Durante 30 dias, a Biblioteca Central da Universidade Federal da Para\u00edba (UFPB) recebe a exposi\u00e7\u00e3o \u2018Um olhar para","canonical_url":"https:\/\/ejornais.com.br\/index.php\/2026\/09\/03\/exposicao-reune-producoes-artisticas-de-alunos-da-rede-municipal-de-ensino-na-biblioteca-central-da-ufpb\/","robots":"max-image-preview:large","keywords":"","webmasterTools":{"miscellaneous":""},"schema":{"@context":"https:\/\/schema.org","@graph":[{"@type":"BlogPosting","@id":"https:\/\/ejornais.com.br\/index.php\/2026\/09\/03\/exposicao-reune-producoes-artisticas-de-alunos-da-rede-municipal-de-ensino-na-biblioteca-central-da-ufpb\/#blogposting","name":"Exposi\u00e7\u00e3o re\u00fane produ\u00e7\u00f5es art\u00edsticas de alunos da Rede Municipal de Ensino na Biblioteca Central da UFPB - eJornais","headline":"Exposi\u00e7\u00e3o re\u00fane produ\u00e7\u00f5es art\u00edsticas de alunos da Rede Municipal de Ensino na Biblioteca Central da UFPB","author":{"@id":"https:\/\/ejornais.com.br\/index.php\/author\/admin1\/#author"},"publisher":{"@id":"https:\/\/ejornais.com.br\/#organization"},"datePublished":"2026-09-03T17:52:09-03:00","dateModified":"2026-09-03T17:52:09-03:00","inLanguage":"pt-BR","mainEntityOfPage":{"@id":"https:\/\/ejornais.com.br\/index.php\/2026\/09\/03\/exposicao-reune-producoes-artisticas-de-alunos-da-rede-municipal-de-ensino-na-biblioteca-central-da-ufpb\/#webpage"},"isPartOf":{"@id":"https:\/\/ejornais.com.br\/index.php\/2026\/09\/03\/exposicao-reune-producoes-artisticas-de-alunos-da-rede-municipal-de-ensino-na-biblioteca-central-da-ufpb\/#webpage"},"articleSection":"Cat\u00e1logo de Jornais"},{"@type":"BreadcrumbList","@id":"https:\/\/ejornais.com.br\/index.php\/2026\/09\/03\/exposicao-reune-producoes-artisticas-de-alunos-da-rede-municipal-de-ensino-na-biblioteca-central-da-ufpb\/#breadcrumblist","itemListElement":[{"@type":"ListItem","@id":"https:\/\/ejornais.com.br#listItem","position":1,"name":"In\u00edcio","item":"https:\/\/ejornais.com.br","nextItem":{"@type":"ListItem","@id":"https:\/\/ejornais.com.br\/index.php\/category\/ejornais\/#listItem","name":"Cat\u00e1logo de Jornais"}},{"@type":"ListItem","@id":"https:\/\/ejornais.com.br\/index.php\/category\/ejornais\/#listItem","position":2,"name":"Cat\u00e1logo de Jornais","item":"https:\/\/ejornais.com.br\/index.php\/category\/ejornais\/","nextItem":{"@type":"ListItem","@id":"https:\/\/ejornais.com.br\/index.php\/2026\/09\/03\/exposicao-reune-producoes-artisticas-de-alunos-da-rede-municipal-de-ensino-na-biblioteca-central-da-ufpb\/#listItem","name":"Exposi\u00e7\u00e3o re\u00fane produ\u00e7\u00f5es art\u00edsticas de alunos da Rede Municipal de Ensino na Biblioteca Central da UFPB"},"previousItem":{"@type":"ListItem","@id":"https:\/\/ejornais.com.br#listItem","name":"In\u00edcio"}},{"@type":"ListItem","@id":"https:\/\/ejornais.com.br\/index.php\/2026\/09\/03\/exposicao-reune-producoes-artisticas-de-alunos-da-rede-municipal-de-ensino-na-biblioteca-central-da-ufpb\/#listItem","position":3,"name":"Exposi\u00e7\u00e3o re\u00fane produ\u00e7\u00f5es art\u00edsticas de alunos da Rede Municipal de Ensino na Biblioteca Central da UFPB","previousItem":{"@type":"ListItem","@id":"https:\/\/ejornais.com.br\/index.php\/category\/ejornais\/#listItem","name":"Cat\u00e1logo de Jornais"}}]},{"@type":"Organization","@id":"https:\/\/ejornais.com.br\/#organization","name":"eJornais","description":"Cat\u00e1logo de Jornais no mundo, Not\u00edcias, Blog e Esportes ao vivo","url":"https:\/\/ejornais.com.br\/"},{"@type":"Person","@id":"https:\/\/ejornais.com.br\/index.php\/author\/admin1\/#author","url":"https:\/\/ejornais.com.br\/index.php\/author\/admin1\/","name":"admin1","image":{"@type":"ImageObject","@id":"https:\/\/ejornais.com.br\/index.php\/2026\/09\/03\/exposicao-reune-producoes-artisticas-de-alunos-da-rede-municipal-de-ensino-na-biblioteca-central-da-ufpb\/#authorImage","url":"https:\/\/secure.gravatar.com\/avatar\/04084e6d73c042b8646e7c17b494073bf0ede3ea13c7105cfc45cbbbc28385a4?s=96&d=mm&r=g","width":96,"height":96,"caption":"admin1"}},{"@type":"WebPage","@id":"https:\/\/ejornais.com.br\/index.php\/2026\/09\/03\/exposicao-reune-producoes-artisticas-de-alunos-da-rede-municipal-de-ensino-na-biblioteca-central-da-ufpb\/#webpage","url":"https:\/\/ejornais.com.br\/index.php\/2026\/09\/03\/exposicao-reune-producoes-artisticas-de-alunos-da-rede-municipal-de-ensino-na-biblioteca-central-da-ufpb\/","name":"Exposi\u00e7\u00e3o re\u00fane produ\u00e7\u00f5es art\u00edsticas de alunos da Rede Municipal de Ensino na Biblioteca Central da UFPB - eJornais","description":"A Prefeitura de Jo\u00e3o Pessoa, por meio da Secretaria de Educa\u00e7\u00e3o e Cultura (Sedec), abriu, nesta quinta-feira (3), uma exposi\u00e7\u00e3o que promove a valoriza\u00e7\u00e3o da arte e da express\u00e3o criativa dos estudantes da Rede Municipal de Ensino. Durante 30 dias, a Biblioteca Central da Universidade Federal da Para\u00edba (UFPB) recebe a exposi\u00e7\u00e3o \u2018Um olhar para","inLanguage":"pt-BR","isPartOf":{"@id":"https:\/\/ejornais.com.br\/#website"},"breadcrumb":{"@id":"https:\/\/ejornais.com.br\/index.php\/2026\/09\/03\/exposicao-reune-producoes-artisticas-de-alunos-da-rede-municipal-de-ensino-na-biblioteca-central-da-ufpb\/#breadcrumblist"},"author":{"@id":"https:\/\/ejornais.com.br\/index.php\/author\/admin1\/#author"},"creator":{"@id":"https:\/\/ejornais.com.br\/index.php\/author\/admin1\/#author"},"datePublished":"2026-09-03T17:52:09-03:00","dateModified":"2026-09-03T17:52:09-03:00"},{"@type":"WebSite","@id":"https:\/\/ejornais.com.br\/#website","url":"https:\/\/ejornais.com.br\/","name":"eJornais","description":"Cat\u00e1logo de Jornais no mundo, Not\u00edcias, Blog e Esportes ao vivo","inLanguage":"pt-BR","publisher":{"@id":"https:\/\/ejornais.com.br\/#organization"}}]},"og:locale":"pt_BR","og:site_name":"eJornais - Cat\u00e1logo de Jornais no mundo, Not\u00edcias, Blog e Esportes ao vivo","og:type":"article","og:title":"Exposi\u00e7\u00e3o re\u00fane produ\u00e7\u00f5es art\u00edsticas de alunos da Rede Municipal de Ensino na Biblioteca Central da UFPB - eJornais","og:description":"A Prefeitura de Jo\u00e3o Pessoa, por meio da Secretaria de Educa\u00e7\u00e3o e Cultura (Sedec), abriu, nesta quinta-feira (3), uma exposi\u00e7\u00e3o que promove a valoriza\u00e7\u00e3o da arte e da express\u00e3o criativa dos estudantes da Rede Municipal de Ensino. Durante 30 dias, a Biblioteca Central da Universidade Federal da Para\u00edba (UFPB) recebe a exposi\u00e7\u00e3o \u2018Um olhar para","og:url":"https:\/\/ejornais.com.br\/index.php\/2026\/09\/03\/exposicao-reune-producoes-artisticas-de-alunos-da-rede-municipal-de-ensino-na-biblioteca-central-da-ufpb\/","article:published_time":"2026-09-03T20:52:09+00:00","article:modified_time":"2026-09-03T20:52:09+00:00","twitter:card":"summary_large_image","twitter:title":"Exposi\u00e7\u00e3o re\u00fane produ\u00e7\u00f5es art\u00edsticas de alunos da Rede Municipal de Ensino na Biblioteca Central da UFPB - eJornais","twitter:description":"A Prefeitura de Jo\u00e3o Pessoa, por meio da Secretaria de Educa\u00e7\u00e3o e Cultura (Sedec), abriu, nesta quinta-feira (3), uma exposi\u00e7\u00e3o que promove a valoriza\u00e7\u00e3o da arte e da express\u00e3o criativa dos estudantes da Rede Municipal de Ensino. Durante 30 dias, a Biblioteca Central da Universidade Federal da Para\u00edba (UFPB) recebe a exposi\u00e7\u00e3o \u2018Um olhar para"},"aioseo_meta_data":[],"aioseo_breadcrumb":"<div class=\"aioseo-breadcrumbs\"><span class=\"aioseo-breadcrumb\">\n\t\t\t<a href=\"https:\/\/ejornais.com.br\" title=\"In\u00edcio\">In\u00edcio<\/a>\n\t\t<\/span><span class=\"aioseo-breadcrumb-separator\">&raquo;<\/span><span class=\"aioseo-breadcrumb\">\n\t\t\t<a href=\"https:\/\/ejornais.com.br\/index.php\/category\/ejornais\/\" title=\"Cat\u00e1logo de Jornais\">Cat\u00e1logo de Jornais<\/a>\n\t\t<\/span><span class=\"aioseo-breadcrumb-separator\">&raquo;<\/span><span class=\"aioseo-breadcrumb\">\n\t\t\tExposi\u00e7\u00e3o re\u00fane produ\u00e7\u00f5es art\u00edsticas de alunos da Rede Municipal de Ensino na Biblioteca Central da UFPB\n\t\t<\/span><\/div>","aioseo_breadcrumb_json":[{"label":"In\u00edcio","link":"https:\/\/ejornais.com.br"},{"label":"Cat\u00e1logo de Jornais","link":"https:\/\/ejornais.com.br\/index.php\/category\/ejornais\/"},{"label":"Exposi\u00e7\u00e3o re\u00fane produ\u00e7\u00f5es art\u00edsticas de alunos da Rede Municipal de Ensino na Biblioteca Central da UFPB","link":"https:\/\/ejornais.com.br\/index.php\/2026\/09\/03\/exposicao-reune-producoes-artisticas-de-alunos-da-rede-municipal-de-ensino-na-biblioteca-central-da-ufpb\/"}],"amp_enabled":true,"_links":{"self":[{"href":"https:\/\/ejornais.com.br\/index.php\/wp-json\/wp\/v2\/posts\/71619","targetHints":{"allow":["GET"]}}],"collection":[{"href":"https:\/\/ejornais.com.br\/index.php\/wp-json\/wp\/v2\/posts"}],"about":[{"href":"https:\/\/ejornais.com.br\/index.php\/wp-json\/wp\/v2\/types\/post"}],"author":[{"embeddable":true,"href":"https:\/\/ejornais.com.br\/index.php\/wp-json\/wp\/v2\/users\/2"}],"replies":[{"embeddable":true,"href":"https:\/\/ejornais.com.br\/index.php\/wp-json\/wp\/v2\/comments?post=71619"}],"version-history":[{"count":0,"href":"https:\/\/ejornais.com.br\/index.php\/wp-json\/wp\/v2\/posts\/71619\/revisions"}],"wp:attachment":[{"href":"https:\/\/ejornais.com.br\/index.php\/wp-json\/wp\/v2\/media?parent=71619"}],"wp:term":[{"taxonomy":"category","embeddable":true,"href":"https:\/\/ejornais.com.br\/index.php\/wp-json\/wp\/v2\/categories?post=71619"},{"taxonomy":"post_tag","embeddable":true,"href":"https:\/\/ejornais.com.br\/index.php\/wp-json\/wp\/v2\/tags?post=71619"}],"curies":[{"name":"wp","href":"https:\/\/api.w.org\/{rel}","templated":true}]}}