{"id":71620,"date":"2026-09-03T18:10:04","date_gmt":"2026-09-03T21:10:04","guid":{"rendered":"https:\/\/ejornais.com.br\/index.php\/2026\/09\/03\/lavagem-de-madeleine-exalta-cultura-afro-brasileira-em-paris\/"},"modified":"2026-09-03T18:10:04","modified_gmt":"2026-09-03T21:10:04","slug":"lavagem-de-madeleine-exalta-cultura-afro-brasileira-em-paris","status":"publish","type":"post","link":"https:\/\/ejornais.com.br\/index.php\/2026\/09\/03\/lavagem-de-madeleine-exalta-cultura-afro-brasileira-em-paris\/","title":{"rendered":"Lavagem de Madeleine exalta cultura afro-brasileira em Paris"},"content":{"rendered":"<p> Por MRNews<br \/>\n<\/p>\n<div>\n<p><strong>Cerca de 60 mil pessoas devem participar este ano da 25\u00aa edi\u00e7\u00e3o da Lavagem de Madeleine \u2013 um dos maiores encontros da cultura afro-brasileira na Europa. Brasileiros, franceses e turistas de todo o mundo se encontrar\u00e3o, entre os dias 10 e 13 deste m\u00eas, em Paris.\u00a0<\/strong><\/p>\n<p>A expectativa \u00e9 do criador do evento, Roberto Chaves, o Robertinho, como \u00e9 chamado o multiartista negro,<em> queer<\/em>, andr\u00f3gino e de Candombl\u00e9. Nascido em Santo Amaro da Purifica\u00e7\u00e3o (BA), ele vive desde 1990 na Fran\u00e7a, onde divulga a cultura brasileira e afro-brasileira.<\/p>\n<p><strong>Patrim\u00f4nio Imaterial da Fran\u00e7a, a Lavagem de Madeleine faz parte do calend\u00e1rio oficial da capital francesa e conta com apoio da prefeitura local e da Secretaria de Turismo da Bahia, al\u00e9m de patroc\u00ednio da Ag\u00eancia Brasileira de Promo\u00e7\u00e3o Internacional do Turismo (Embratur).<\/strong><\/p>\n<p><strong><a href=\"https:\/\/mrnews.com.br\/index.php\/2026\/09\/03\/fifa-abre-inscricoes-para-voluntarios-na-copa-do-mundo-feminina-2027\/\">Fifa abre inscri\u00e7\u00f5es para volunt\u00e1rios na Copa do Mundo Feminina 2027<\/a><\/strong><\/p>\n<p><strong><a href=\"https:\/\/mrnews.com.br\/index.php\/2026\/09\/03\/idosos-do-cras-de-mangabeira-participam-do-desfile-civico-na-avenida-josefa-taveira\/\">Idosos do Cras de Mangabeira participam do desfile c\u00edvico na Avenida Josefa Taveira<\/a><\/strong><\/p>\n<p>O evento integra tamb\u00e9m a Rota dos Escravizados da Organiza\u00e7\u00e3o das Na\u00e7\u00f5es Unidas para a Educa\u00e7\u00e3o, a Ci\u00eancia e a Cultura (Unesco), roteiro cultural internacional que conecta locais relacionados \u00e0 hist\u00f3ria da escravid\u00e3o e busca preservar a mem\u00f3ria desse per\u00edodo.<\/p>\n<h2>Origem<br \/>\u00a0<\/h2>\n<div class=\"dnd-widget-wrapper context-cheio_8colunas type-image\">\n<div class=\"dnd-caption-wrapper\">\n<p>P\u00fablico reunido nas escadarias da Igreja de la Madeleine. Foto:\u00a0<strong>Ulysses Venturin\/Lavagem de Madeleine<\/strong><\/p>\n<\/div>\n<\/div>\n<p>Robertinho conta que a ideia de promover a lavagem da escadaria de uma igreja em Paris, inspirada na Lavagem da Igreja do Bonfim, de Salvador (BA), surgiu em 1998, na Bas\u00edlica do Sacr\u00e9-C\u0153ur, em Montmartre, aproveitando a Copa do Mundo de Futebol na Fran\u00e7a para divulgar o Brasil.<\/p>\n<p><strong><a href=\"https:\/\/mrnews.com.br\/index.php\/2026\/09\/03\/em-audio-nikolas-pede-ajuda-a-vorcaro-para-liberar-ativo-de-minerio\/\">Em \u00e1udio, Nikolas pede ajuda a Vorcaro para liberar ativo de min\u00e9rio<\/a><\/strong><\/p>\n<p><strong><a href=\"https:\/\/mrnews.com.br\/index.php\/2026\/09\/03\/mpsp-faz-operacao-para-aprofundar-investigacoes-da-operacao-icaro\/\">MPSP faz opera\u00e7\u00e3o para aprofundar investiga\u00e7\u00f5es da Opera\u00e7\u00e3o \u00cdcaro<\/a><\/strong><\/p>\n<blockquote>\n<p>\u201cEu estava querendo trazer o Brasil para perto de mim, matar o meu \u2018banzo\u2019, as saudades da fam\u00edlia, dos amigos, trazer a cultura, e pensei em fazer um evento da Bahia que eu tinha sabedoria. Um evento de branco, com pai de santo, tambores, um evento afro.\u201d<\/p>\n<\/blockquote>\n<p>Um dia, passando em frente \u00e0 Igreja de la Madeleine, Roberto Chaves resolveu conversar com o padre encarregado da administra\u00e7\u00e3o e descobriu que ele j\u00e1 havia visitado a Bahia e conhecia seu povo.\u00a0<\/p>\n<p>A partir dali, a Lavagem de Madeleine ocorreu ganhou propor\u00e7\u00e3o maior a cada ano. \u201cAno passado, foram 60 mil seguidores\u201d. O cortejo da edi\u00e7\u00e3o 2025 foi puxado pelo grupo Olodum.<\/p>\n<h2>Import\u00e2ncia<\/h2>\n<p>Robertinho considera que a Lavagem de Madeleine \u00e9 de grande relev\u00e2ncia para o Brasil e para a cultura afro-brasileira.\u00a0<\/p>\n<blockquote>\n<p>\u201cA Lavagem mostra que o Brasil tem culin\u00e1ria, tem cultura, capoeira, dan\u00e7a\u201d, disse. \u201cTem maracatu, samba de roda, afox\u00e9, v\u00e1rias alas representando os estados brasileiros. \u00c9 um festival da cultura brasileira\u201d, acrescentou.<\/p>\n<\/blockquote>\n<h2>Roteiro<br \/>\u00a0<\/h2>\n<div class=\"dnd-widget-wrapper context-cheio_8colunas type-image\">\n<div class=\"dnd-caption-wrapper\">\n<p>Cerca de 60 mil pessoas devem participar este ano. Estimativa \u00e9 do criador do evento, Robertinho, ao centro\u00a0 \u2013 <strong>Ulysses Venturin\/Lavagem de Madeleine<\/strong><\/p>\n<\/div>\n<\/div>\n<p>A exposi\u00e7\u00e3o fotogr\u00e1fica <em>Tr\u00eas Olhares<\/em>, em homenagem aos 25 anos da lavagem, abrir\u00e1 o evento no dia 10\/9, na Embaixada do Brasil na Fran\u00e7a. Nos dias 11 e 12 de setembro haver\u00e1 <em>workshop<\/em> de dan\u00e7a afro-brasileira.\u00a0<\/p>\n<p>O cortejo \u00e9 o ponto alto da Lavagem de Madeleine. Mais de 700 artistas v\u00e3o ocupar as ruas de Paris, no dia 13, apresentando a cultura afro-brasileira. Este ano, a cantora Mariene de Castro e Robertinho Chaves comandar\u00e3o o trio el\u00e9trico, que ter\u00e1 participa\u00e7\u00f5es dos artistas Jau, Gildaa e Lorena Pires.<\/p>\n<p>\u201cS\u00e3o 15 grupos folcl\u00f3ricos afros que desfilar\u00e3o no cortejo\u201d. Participam tamb\u00e9m grupos de percuss\u00e3o, samba, maracatu, capoeira, al\u00e9m da ala de baianas.<\/p>\n<p>A concentra\u00e7\u00e3o ser\u00e1 na Place de la R\u00e9publique. Dali, o cortejo seguir\u00e1 at\u00e9 a Igreja de La Madeleine, onde ocorrer\u00e1 a tradicional lavagem simb\u00f3lica das escadarias pelas baianas, em uma cerim\u00f4nia marcada pelo di\u00e1logo entre diferentes tradi\u00e7\u00f5es religiosas e culturais.<\/p>\n<p>Para marcar o sincretismo, a cantora l\u00edrica brasileira Lorena Pires, residente da Academia da \u00d3pera Nacional de Paris desde o ano passado, interpretar\u00e1 a m\u00fasica<em> Ave-Maria<\/em>, refor\u00e7ando o encontro entre as diferentes tradi\u00e7\u00f5es culturais que marcam a Lavagem.<\/p>\n<\/div>\n","protected":false},"excerpt":{"rendered":"<p>Por MRNews Cerca de 60 mil pessoas devem participar este ano da 25\u00aa edi\u00e7\u00e3o da Lavagem de Madeleine \u2013 um<\/p>\n","protected":false},"author":2,"featured_media":0,"comment_status":"","ping_status":"","sticky":false,"template":"","format":"standard","meta":{"colormag_page_container_layout":"default_layout","colormag_page_sidebar_layout":"default_layout","footnotes":""},"categories":[1],"tags":[],"class_list":["post-71620","post","type-post","status-publish","format-standard","hentry","category-ejornais"],"aioseo_notices":[],"aioseo_head":"\n\t\t<!-- All in One SEO 5.0.1.1 - aioseo.com -->\n\t<meta name=\"description\" content=\"Por MRNews Cerca de 60 mil pessoas devem participar este ano da 25\u00aa edi\u00e7\u00e3o da Lavagem de Madeleine \u2013 um dos maiores encontros da cultura afro-brasileira na Europa. Brasileiros, franceses e turistas de todo o mundo se encontrar\u00e3o, entre os dias 10 e 13 deste m\u00eas, em Paris. A expectativa \u00e9 do criador do evento, Roberto\" \/>\n\t<meta name=\"robots\" content=\"max-image-preview:large\" \/>\n\t<meta name=\"author\" content=\"admin1\"\/>\n\t<link rel=\"canonical\" href=\"https:\/\/ejornais.com.br\/index.php\/2026\/09\/03\/lavagem-de-madeleine-exalta-cultura-afro-brasileira-em-paris\/\" \/>\n\t<meta name=\"generator\" content=\"All in One SEO (AIOSEO) 5.0.1.1\" \/>\n\t\t<meta property=\"og:locale\" content=\"pt_BR\" \/>\n\t\t<meta property=\"og:site_name\" content=\"eJornais - Cat\u00e1logo de Jornais no mundo, Not\u00edcias, Blog e Esportes ao vivo\" \/>\n\t\t<meta property=\"og:type\" content=\"article\" \/>\n\t\t<meta property=\"og:title\" content=\"Lavagem de Madeleine exalta cultura afro-brasileira em Paris - eJornais\" \/>\n\t\t<meta property=\"og:description\" content=\"Por MRNews Cerca de 60 mil pessoas devem participar este ano da 25\u00aa edi\u00e7\u00e3o da Lavagem de Madeleine \u2013 um dos maiores encontros da cultura afro-brasileira na Europa. Brasileiros, franceses e turistas de todo o mundo se encontrar\u00e3o, entre os dias 10 e 13 deste m\u00eas, em Paris. A expectativa \u00e9 do criador do evento, Roberto\" \/>\n\t\t<meta property=\"og:url\" content=\"https:\/\/ejornais.com.br\/index.php\/2026\/09\/03\/lavagem-de-madeleine-exalta-cultura-afro-brasileira-em-paris\/\" \/>\n\t\t<meta property=\"article:published_time\" content=\"2026-09-03T21:10:04+00:00\" \/>\n\t\t<meta property=\"article:modified_time\" content=\"2026-09-03T21:10:04+00:00\" \/>\n\t\t<meta name=\"twitter:card\" content=\"summary_large_image\" \/>\n\t\t<meta name=\"twitter:title\" content=\"Lavagem de Madeleine exalta cultura afro-brasileira em Paris - eJornais\" \/>\n\t\t<meta name=\"twitter:description\" content=\"Por MRNews Cerca de 60 mil pessoas devem participar este ano da 25\u00aa edi\u00e7\u00e3o da Lavagem de Madeleine \u2013 um dos maiores encontros da cultura afro-brasileira na Europa. Brasileiros, franceses e turistas de todo o mundo se encontrar\u00e3o, entre os dias 10 e 13 deste m\u00eas, em Paris. A expectativa \u00e9 do criador do evento, Roberto\" \/>\n\t\t<script type=\"application\/ld+json\" class=\"aioseo-schema\">\n\t\t\t{\"@context\":\"https:\\\/\\\/schema.org\",\"@graph\":[{\"@type\":\"BlogPosting\",\"@id\":\"https:\\\/\\\/ejornais.com.br\\\/index.php\\\/2026\\\/09\\\/03\\\/lavagem-de-madeleine-exalta-cultura-afro-brasileira-em-paris\\\/#blogposting\",\"name\":\"Lavagem de Madeleine exalta cultura afro-brasileira em Paris - eJornais\",\"headline\":\"Lavagem de Madeleine exalta cultura afro-brasileira em Paris\",\"author\":{\"@id\":\"https:\\\/\\\/ejornais.com.br\\\/index.php\\\/author\\\/admin1\\\/#author\"},\"publisher\":{\"@id\":\"https:\\\/\\\/ejornais.com.br\\\/#organization\"},\"datePublished\":\"2026-09-03T18:10:04-03:00\",\"dateModified\":\"2026-09-03T18:10:04-03:00\",\"inLanguage\":\"pt-BR\",\"mainEntityOfPage\":{\"@id\":\"https:\\\/\\\/ejornais.com.br\\\/index.php\\\/2026\\\/09\\\/03\\\/lavagem-de-madeleine-exalta-cultura-afro-brasileira-em-paris\\\/#webpage\"},\"isPartOf\":{\"@id\":\"https:\\\/\\\/ejornais.com.br\\\/index.php\\\/2026\\\/09\\\/03\\\/lavagem-de-madeleine-exalta-cultura-afro-brasileira-em-paris\\\/#webpage\"},\"articleSection\":\"Cat\\u00e1logo de Jornais\"},{\"@type\":\"BreadcrumbList\",\"@id\":\"https:\\\/\\\/ejornais.com.br\\\/index.php\\\/2026\\\/09\\\/03\\\/lavagem-de-madeleine-exalta-cultura-afro-brasileira-em-paris\\\/#breadcrumblist\",\"itemListElement\":[{\"@type\":\"ListItem\",\"@id\":\"https:\\\/\\\/ejornais.com.br#listItem\",\"position\":1,\"name\":\"In\\u00edcio\",\"item\":\"https:\\\/\\\/ejornais.com.br\",\"nextItem\":{\"@type\":\"ListItem\",\"@id\":\"https:\\\/\\\/ejornais.com.br\\\/index.php\\\/category\\\/ejornais\\\/#listItem\",\"name\":\"Cat\\u00e1logo de Jornais\"}},{\"@type\":\"ListItem\",\"@id\":\"https:\\\/\\\/ejornais.com.br\\\/index.php\\\/category\\\/ejornais\\\/#listItem\",\"position\":2,\"name\":\"Cat\\u00e1logo de Jornais\",\"item\":\"https:\\\/\\\/ejornais.com.br\\\/index.php\\\/category\\\/ejornais\\\/\",\"nextItem\":{\"@type\":\"ListItem\",\"@id\":\"https:\\\/\\\/ejornais.com.br\\\/index.php\\\/2026\\\/09\\\/03\\\/lavagem-de-madeleine-exalta-cultura-afro-brasileira-em-paris\\\/#listItem\",\"name\":\"Lavagem de Madeleine exalta cultura afro-brasileira em Paris\"},\"previousItem\":{\"@type\":\"ListItem\",\"@id\":\"https:\\\/\\\/ejornais.com.br#listItem\",\"name\":\"In\\u00edcio\"}},{\"@type\":\"ListItem\",\"@id\":\"https:\\\/\\\/ejornais.com.br\\\/index.php\\\/2026\\\/09\\\/03\\\/lavagem-de-madeleine-exalta-cultura-afro-brasileira-em-paris\\\/#listItem\",\"position\":3,\"name\":\"Lavagem de Madeleine exalta cultura afro-brasileira em Paris\",\"previousItem\":{\"@type\":\"ListItem\",\"@id\":\"https:\\\/\\\/ejornais.com.br\\\/index.php\\\/category\\\/ejornais\\\/#listItem\",\"name\":\"Cat\\u00e1logo de Jornais\"}}]},{\"@type\":\"Organization\",\"@id\":\"https:\\\/\\\/ejornais.com.br\\\/#organization\",\"name\":\"eJornais\",\"description\":\"Cat\\u00e1logo de Jornais no mundo, Not\\u00edcias, Blog e Esportes ao vivo\",\"url\":\"https:\\\/\\\/ejornais.com.br\\\/\"},{\"@type\":\"Person\",\"@id\":\"https:\\\/\\\/ejornais.com.br\\\/index.php\\\/author\\\/admin1\\\/#author\",\"url\":\"https:\\\/\\\/ejornais.com.br\\\/index.php\\\/author\\\/admin1\\\/\",\"name\":\"admin1\",\"image\":{\"@type\":\"ImageObject\",\"@id\":\"https:\\\/\\\/ejornais.com.br\\\/index.php\\\/2026\\\/09\\\/03\\\/lavagem-de-madeleine-exalta-cultura-afro-brasileira-em-paris\\\/#authorImage\",\"url\":\"https:\\\/\\\/secure.gravatar.com\\\/avatar\\\/04084e6d73c042b8646e7c17b494073bf0ede3ea13c7105cfc45cbbbc28385a4?s=96&d=mm&r=g\",\"width\":96,\"height\":96,\"caption\":\"admin1\"}},{\"@type\":\"WebPage\",\"@id\":\"https:\\\/\\\/ejornais.com.br\\\/index.php\\\/2026\\\/09\\\/03\\\/lavagem-de-madeleine-exalta-cultura-afro-brasileira-em-paris\\\/#webpage\",\"url\":\"https:\\\/\\\/ejornais.com.br\\\/index.php\\\/2026\\\/09\\\/03\\\/lavagem-de-madeleine-exalta-cultura-afro-brasileira-em-paris\\\/\",\"name\":\"Lavagem de Madeleine exalta cultura afro-brasileira em Paris - eJornais\",\"description\":\"Por MRNews Cerca de 60 mil pessoas devem participar este ano da 25\\u00aa edi\\u00e7\\u00e3o da Lavagem de Madeleine \\u2013 um dos maiores encontros da cultura afro-brasileira na Europa. Brasileiros, franceses e turistas de todo o mundo se encontrar\\u00e3o, entre os dias 10 e 13 deste m\\u00eas, em Paris. A expectativa \\u00e9 do criador do evento, Roberto\",\"inLanguage\":\"pt-BR\",\"isPartOf\":{\"@id\":\"https:\\\/\\\/ejornais.com.br\\\/#website\"},\"breadcrumb\":{\"@id\":\"https:\\\/\\\/ejornais.com.br\\\/index.php\\\/2026\\\/09\\\/03\\\/lavagem-de-madeleine-exalta-cultura-afro-brasileira-em-paris\\\/#breadcrumblist\"},\"author\":{\"@id\":\"https:\\\/\\\/ejornais.com.br\\\/index.php\\\/author\\\/admin1\\\/#author\"},\"creator\":{\"@id\":\"https:\\\/\\\/ejornais.com.br\\\/index.php\\\/author\\\/admin1\\\/#author\"},\"datePublished\":\"2026-09-03T18:10:04-03:00\",\"dateModified\":\"2026-09-03T18:10:04-03:00\"},{\"@type\":\"WebSite\",\"@id\":\"https:\\\/\\\/ejornais.com.br\\\/#website\",\"url\":\"https:\\\/\\\/ejornais.com.br\\\/\",\"name\":\"eJornais\",\"description\":\"Cat\\u00e1logo de Jornais no mundo, Not\\u00edcias, Blog e Esportes ao vivo\",\"inLanguage\":\"pt-BR\",\"publisher\":{\"@id\":\"https:\\\/\\\/ejornais.com.br\\\/#organization\"}}]}\n\t\t<\/script>\n\t\t<!-- All in One SEO -->\n\n","aioseo_head_json":{"title":"Lavagem de Madeleine exalta cultura afro-brasileira em Paris - eJornais","description":"Por MRNews Cerca de 60 mil pessoas devem participar este ano da 25\u00aa edi\u00e7\u00e3o da Lavagem de Madeleine \u2013 um dos maiores encontros da cultura afro-brasileira na Europa. Brasileiros, franceses e turistas de todo o mundo se encontrar\u00e3o, entre os dias 10 e 13 deste m\u00eas, em Paris. A expectativa \u00e9 do criador do evento, Roberto","canonical_url":"https:\/\/ejornais.com.br\/index.php\/2026\/09\/03\/lavagem-de-madeleine-exalta-cultura-afro-brasileira-em-paris\/","robots":"max-image-preview:large","keywords":"","webmasterTools":{"miscellaneous":""},"schema":{"@context":"https:\/\/schema.org","@graph":[{"@type":"BlogPosting","@id":"https:\/\/ejornais.com.br\/index.php\/2026\/09\/03\/lavagem-de-madeleine-exalta-cultura-afro-brasileira-em-paris\/#blogposting","name":"Lavagem de Madeleine exalta cultura afro-brasileira em Paris - eJornais","headline":"Lavagem de Madeleine exalta cultura afro-brasileira em Paris","author":{"@id":"https:\/\/ejornais.com.br\/index.php\/author\/admin1\/#author"},"publisher":{"@id":"https:\/\/ejornais.com.br\/#organization"},"datePublished":"2026-09-03T18:10:04-03:00","dateModified":"2026-09-03T18:10:04-03:00","inLanguage":"pt-BR","mainEntityOfPage":{"@id":"https:\/\/ejornais.com.br\/index.php\/2026\/09\/03\/lavagem-de-madeleine-exalta-cultura-afro-brasileira-em-paris\/#webpage"},"isPartOf":{"@id":"https:\/\/ejornais.com.br\/index.php\/2026\/09\/03\/lavagem-de-madeleine-exalta-cultura-afro-brasileira-em-paris\/#webpage"},"articleSection":"Cat\u00e1logo de Jornais"},{"@type":"BreadcrumbList","@id":"https:\/\/ejornais.com.br\/index.php\/2026\/09\/03\/lavagem-de-madeleine-exalta-cultura-afro-brasileira-em-paris\/#breadcrumblist","itemListElement":[{"@type":"ListItem","@id":"https:\/\/ejornais.com.br#listItem","position":1,"name":"In\u00edcio","item":"https:\/\/ejornais.com.br","nextItem":{"@type":"ListItem","@id":"https:\/\/ejornais.com.br\/index.php\/category\/ejornais\/#listItem","name":"Cat\u00e1logo de Jornais"}},{"@type":"ListItem","@id":"https:\/\/ejornais.com.br\/index.php\/category\/ejornais\/#listItem","position":2,"name":"Cat\u00e1logo de Jornais","item":"https:\/\/ejornais.com.br\/index.php\/category\/ejornais\/","nextItem":{"@type":"ListItem","@id":"https:\/\/ejornais.com.br\/index.php\/2026\/09\/03\/lavagem-de-madeleine-exalta-cultura-afro-brasileira-em-paris\/#listItem","name":"Lavagem de Madeleine exalta cultura afro-brasileira em Paris"},"previousItem":{"@type":"ListItem","@id":"https:\/\/ejornais.com.br#listItem","name":"In\u00edcio"}},{"@type":"ListItem","@id":"https:\/\/ejornais.com.br\/index.php\/2026\/09\/03\/lavagem-de-madeleine-exalta-cultura-afro-brasileira-em-paris\/#listItem","position":3,"name":"Lavagem de Madeleine exalta cultura afro-brasileira em Paris","previousItem":{"@type":"ListItem","@id":"https:\/\/ejornais.com.br\/index.php\/category\/ejornais\/#listItem","name":"Cat\u00e1logo de Jornais"}}]},{"@type":"Organization","@id":"https:\/\/ejornais.com.br\/#organization","name":"eJornais","description":"Cat\u00e1logo de Jornais no mundo, Not\u00edcias, Blog e Esportes ao vivo","url":"https:\/\/ejornais.com.br\/"},{"@type":"Person","@id":"https:\/\/ejornais.com.br\/index.php\/author\/admin1\/#author","url":"https:\/\/ejornais.com.br\/index.php\/author\/admin1\/","name":"admin1","image":{"@type":"ImageObject","@id":"https:\/\/ejornais.com.br\/index.php\/2026\/09\/03\/lavagem-de-madeleine-exalta-cultura-afro-brasileira-em-paris\/#authorImage","url":"https:\/\/secure.gravatar.com\/avatar\/04084e6d73c042b8646e7c17b494073bf0ede3ea13c7105cfc45cbbbc28385a4?s=96&d=mm&r=g","width":96,"height":96,"caption":"admin1"}},{"@type":"WebPage","@id":"https:\/\/ejornais.com.br\/index.php\/2026\/09\/03\/lavagem-de-madeleine-exalta-cultura-afro-brasileira-em-paris\/#webpage","url":"https:\/\/ejornais.com.br\/index.php\/2026\/09\/03\/lavagem-de-madeleine-exalta-cultura-afro-brasileira-em-paris\/","name":"Lavagem de Madeleine exalta cultura afro-brasileira em Paris - eJornais","description":"Por MRNews Cerca de 60 mil pessoas devem participar este ano da 25\u00aa edi\u00e7\u00e3o da Lavagem de Madeleine \u2013 um dos maiores encontros da cultura afro-brasileira na Europa. Brasileiros, franceses e turistas de todo o mundo se encontrar\u00e3o, entre os dias 10 e 13 deste m\u00eas, em Paris. A expectativa \u00e9 do criador do evento, Roberto","inLanguage":"pt-BR","isPartOf":{"@id":"https:\/\/ejornais.com.br\/#website"},"breadcrumb":{"@id":"https:\/\/ejornais.com.br\/index.php\/2026\/09\/03\/lavagem-de-madeleine-exalta-cultura-afro-brasileira-em-paris\/#breadcrumblist"},"author":{"@id":"https:\/\/ejornais.com.br\/index.php\/author\/admin1\/#author"},"creator":{"@id":"https:\/\/ejornais.com.br\/index.php\/author\/admin1\/#author"},"datePublished":"2026-09-03T18:10:04-03:00","dateModified":"2026-09-03T18:10:04-03:00"},{"@type":"WebSite","@id":"https:\/\/ejornais.com.br\/#website","url":"https:\/\/ejornais.com.br\/","name":"eJornais","description":"Cat\u00e1logo de Jornais no mundo, Not\u00edcias, Blog e Esportes ao vivo","inLanguage":"pt-BR","publisher":{"@id":"https:\/\/ejornais.com.br\/#organization"}}]},"og:locale":"pt_BR","og:site_name":"eJornais - Cat\u00e1logo de Jornais no mundo, Not\u00edcias, Blog e Esportes ao vivo","og:type":"article","og:title":"Lavagem de Madeleine exalta cultura afro-brasileira em Paris - eJornais","og:description":"Por MRNews Cerca de 60 mil pessoas devem participar este ano da 25\u00aa edi\u00e7\u00e3o da Lavagem de Madeleine \u2013 um dos maiores encontros da cultura afro-brasileira na Europa. Brasileiros, franceses e turistas de todo o mundo se encontrar\u00e3o, entre os dias 10 e 13 deste m\u00eas, em Paris. A expectativa \u00e9 do criador do evento, Roberto","og:url":"https:\/\/ejornais.com.br\/index.php\/2026\/09\/03\/lavagem-de-madeleine-exalta-cultura-afro-brasileira-em-paris\/","article:published_time":"2026-09-03T21:10:04+00:00","article:modified_time":"2026-09-03T21:10:04+00:00","twitter:card":"summary_large_image","twitter:title":"Lavagem de Madeleine exalta cultura afro-brasileira em Paris - eJornais","twitter:description":"Por MRNews Cerca de 60 mil pessoas devem participar este ano da 25\u00aa edi\u00e7\u00e3o da Lavagem de Madeleine \u2013 um dos maiores encontros da cultura afro-brasileira na Europa. Brasileiros, franceses e turistas de todo o mundo se encontrar\u00e3o, entre os dias 10 e 13 deste m\u00eas, em Paris. A expectativa \u00e9 do criador do evento, Roberto"},"aioseo_meta_data":[],"aioseo_breadcrumb":"<div class=\"aioseo-breadcrumbs\"><span class=\"aioseo-breadcrumb\">\n\t\t\t<a href=\"https:\/\/ejornais.com.br\" title=\"In\u00edcio\">In\u00edcio<\/a>\n\t\t<\/span><span class=\"aioseo-breadcrumb-separator\">&raquo;<\/span><span class=\"aioseo-breadcrumb\">\n\t\t\t<a href=\"https:\/\/ejornais.com.br\/index.php\/category\/ejornais\/\" title=\"Cat\u00e1logo de Jornais\">Cat\u00e1logo de Jornais<\/a>\n\t\t<\/span><span class=\"aioseo-breadcrumb-separator\">&raquo;<\/span><span class=\"aioseo-breadcrumb\">\n\t\t\tLavagem de Madeleine exalta cultura afro-brasileira em Paris\n\t\t<\/span><\/div>","aioseo_breadcrumb_json":[{"label":"In\u00edcio","link":"https:\/\/ejornais.com.br"},{"label":"Cat\u00e1logo de Jornais","link":"https:\/\/ejornais.com.br\/index.php\/category\/ejornais\/"},{"label":"Lavagem de Madeleine exalta cultura afro-brasileira em Paris","link":"https:\/\/ejornais.com.br\/index.php\/2026\/09\/03\/lavagem-de-madeleine-exalta-cultura-afro-brasileira-em-paris\/"}],"amp_enabled":true,"_links":{"self":[{"href":"https:\/\/ejornais.com.br\/index.php\/wp-json\/wp\/v2\/posts\/71620","targetHints":{"allow":["GET"]}}],"collection":[{"href":"https:\/\/ejornais.com.br\/index.php\/wp-json\/wp\/v2\/posts"}],"about":[{"href":"https:\/\/ejornais.com.br\/index.php\/wp-json\/wp\/v2\/types\/post"}],"author":[{"embeddable":true,"href":"https:\/\/ejornais.com.br\/index.php\/wp-json\/wp\/v2\/users\/2"}],"replies":[{"embeddable":true,"href":"https:\/\/ejornais.com.br\/index.php\/wp-json\/wp\/v2\/comments?post=71620"}],"version-history":[{"count":0,"href":"https:\/\/ejornais.com.br\/index.php\/wp-json\/wp\/v2\/posts\/71620\/revisions"}],"wp:attachment":[{"href":"https:\/\/ejornais.com.br\/index.php\/wp-json\/wp\/v2\/media?parent=71620"}],"wp:term":[{"taxonomy":"category","embeddable":true,"href":"https:\/\/ejornais.com.br\/index.php\/wp-json\/wp\/v2\/categories?post=71620"},{"taxonomy":"post_tag","embeddable":true,"href":"https:\/\/ejornais.com.br\/index.php\/wp-json\/wp\/v2\/tags?post=71620"}],"curies":[{"name":"wp","href":"https:\/\/api.w.org\/{rel}","templated":true}]}}