{"id":71624,"date":"2026-09-03T19:31:07","date_gmt":"2026-09-03T22:31:07","guid":{"rendered":"https:\/\/ejornais.com.br\/index.php\/2026\/09\/03\/autorizacao-da-inexigibilidade-no-25-2026\/"},"modified":"2026-09-03T19:31:07","modified_gmt":"2026-09-03T22:31:07","slug":"autorizacao-da-inexigibilidade-no-25-2026","status":"publish","type":"post","link":"https:\/\/ejornais.com.br\/index.php\/2026\/09\/03\/autorizacao-da-inexigibilidade-no-25-2026\/","title":{"rendered":"AUTORIZA\u00c7\u00c3O DA INEXIGIBILIDADE N\u00ba. 25\/2026"},"content":{"rendered":"<p> Por MRNews<br \/>\n<\/p>\n<div>\n<p class=\"wp-block-paragraph\"><strong>AUTORIZA\u00c7\u00c3O DA INEXIGIBILIDADE N\u00ba. 25\/2026<\/strong><\/p>\n<p class=\"wp-block-paragraph\">Autorizo a Inexigibilidade de Licita\u00e7\u00e3o conforme solicita\u00e7\u00e3o, justificativa e parecer jur\u00eddico constante no processo abaixo, tendo como objeto a <strong>contrata\u00e7\u00e3o de empresa para presta\u00e7\u00e3o de servi\u00e7os t\u00e9cnicos especializados de assessoria e consultoria cont\u00e1bil aplicada ao setor p\u00fablico, bem como o acompanhamento e orienta\u00e7\u00e3o aos servidores e respons\u00e1veis pela administra\u00e7\u00e3o p\u00fablica da entidade nas \u00e1reas or\u00e7ament\u00e1ria, financeira, escritura\u00e7\u00e3o cont\u00e1bil patrimonial, cont\u00e1bil, administrativa, planejamento e de prepara\u00e7\u00e3o, configura\u00e7\u00e3o e valida\u00e7\u00e3o dos arquivos digitais referentes \u00e0s informa\u00e7\u00f5es eletr\u00f4nicas de remessa obrigat\u00f3ria, de modo a atender \u00e0s normas legais e vigentes<\/strong><strong>,<\/strong> com fundamento no artigo 74, inciso III, al\u00ednea c, e \u00a7 3\u00ba da Lei n. 14.133\/2021.<\/p>\n<p class=\"wp-block-paragraph\">AUTORIZO a Inexigibilidade em cumprimento \u00e0s determina\u00e7\u00f5es contidas no art. 72, VIII da Lei retro mencionada.<\/p>\n<p><strong><a href=\"https:\/\/mrnews.com.br\/index.php\/2026\/09\/03\/edital-convoca-agricultores-para-fornecer-hortifruti-ao-paa-cgnoticias\/\">Edital convoca agricultores para fornecer hortifruti ao PAA \u2013 CGNot\u00edcias<\/a><\/strong><\/p>\n<p><strong><a href=\"https:\/\/mrnews.com.br\/index.php\/2026\/09\/03\/funesp-e-cbf-debatem-melhorias-para-o-futebol-da-capital-cgnoticias\/\">Funesp\u00a0e CBF debatem melhorias para o futebol da Capital\u00a0\u00a0 \u2013 CGNot\u00edcias<\/a><\/strong><\/p>\n<p class=\"wp-block-paragraph\"><strong>INEXIGIBILIDADE DE LICITA\u00c7\u00c3O N\u00ba 25\/2026<\/strong><\/p>\n<p class=\"wp-block-paragraph\"><strong>PROCESSO LICITAT\u00d3RIO N\u00ba 104\/2026<\/strong><\/p>\n<p class=\"wp-block-paragraph\"><strong>FAVORECIDO:<\/strong> FOCCUS CONSULTORIA LTDA<\/p>\n<p class=\"wp-block-paragraph\"><strong>CNPJ:<\/strong> 16.798.077\/0001-99<\/p>\n<p><strong><a href=\"https:\/\/mrnews.com.br\/index.php\/2026\/09\/02\/transito-tera-interdicoes-para-desfile-de-7-de-setembro-confira-cgnoticias\/\">Tr\u00e2nsito ter\u00e1 interdi\u00e7\u00f5es para Desfile de 7 de Setembro; confira \u2013 CGNot\u00edcias<\/a><\/strong><\/p>\n<p><strong><a href=\"https:\/\/mrnews.com.br\/index.php\/2026\/09\/02\/prefeito-sanciona-lei-que-oficializa-asseb-como-entidade-de-utilidade-publica-em-bonito-prefeitura-municipal-de-bonito\/\">Prefeito sanciona lei que oficializa ASSEB como entidade de utilidade p\u00fablica em Bonito \u2013 Prefeitura Municipal de Bonito<\/a><\/strong><\/p>\n<p class=\"wp-block-paragraph\"><strong>VALOR TOTAL:<\/strong> R$ 240.000,00 (duzentos e quarenta mil reais).<\/p>\n<p class=\"wp-block-paragraph\"><strong>PRAZO:<\/strong> 12 (doze) meses.<\/p>\n<p class=\"wp-block-paragraph\">Bonito \u2013 MS, 03 de setembro de 2026.<\/p>\n<p class=\"wp-block-paragraph\"><strong>Josmail Rodrigues<\/strong><\/p>\n<p class=\"wp-block-paragraph\">Prefeito Municipal.<\/p>\n<\/div>\n","protected":false},"excerpt":{"rendered":"<p>Por MRNews AUTORIZA\u00c7\u00c3O DA INEXIGIBILIDADE N\u00ba. 25\/2026 Autorizo a Inexigibilidade de Licita\u00e7\u00e3o conforme solicita\u00e7\u00e3o, justificativa e parecer jur\u00eddico constante no<\/p>\n","protected":false},"author":2,"featured_media":0,"comment_status":"","ping_status":"","sticky":false,"template":"","format":"standard","meta":{"colormag_page_container_layout":"default_layout","colormag_page_sidebar_layout":"default_layout","footnotes":""},"categories":[1],"tags":[],"class_list":["post-71624","post","type-post","status-publish","format-standard","hentry","category-ejornais"],"aioseo_notices":[],"aioseo_head":"\n\t\t<!-- All in One SEO 5.0.1.1 - aioseo.com -->\n\t<meta name=\"description\" content=\"Por MRNews AUTORIZA\u00c7\u00c3O DA INEXIGIBILIDADE N\u00ba. 25\/2026Autorizo a Inexigibilidade de Licita\u00e7\u00e3o conforme solicita\u00e7\u00e3o, justificativa e parecer jur\u00eddico constante no processo abaixo, tendo como objeto a contrata\u00e7\u00e3o de empresa para presta\u00e7\u00e3o de servi\u00e7os t\u00e9cnicos especializados de assessoria e consultoria cont\u00e1bil aplicada ao setor p\u00fablico, bem como o acompanhamento e orienta\u00e7\u00e3o aos servidores e respons\u00e1veis pela administra\u00e7\u00e3o\" \/>\n\t<meta name=\"robots\" content=\"max-image-preview:large\" \/>\n\t<meta name=\"author\" content=\"admin1\"\/>\n\t<link rel=\"canonical\" href=\"https:\/\/ejornais.com.br\/index.php\/2026\/09\/03\/autorizacao-da-inexigibilidade-no-25-2026\/\" \/>\n\t<meta name=\"generator\" content=\"All in One SEO (AIOSEO) 5.0.1.1\" \/>\n\t\t<meta property=\"og:locale\" content=\"pt_BR\" \/>\n\t\t<meta property=\"og:site_name\" content=\"eJornais - Cat\u00e1logo de Jornais no mundo, Not\u00edcias, Blog e Esportes ao vivo\" \/>\n\t\t<meta property=\"og:type\" content=\"article\" \/>\n\t\t<meta property=\"og:title\" content=\"AUTORIZA\u00c7\u00c3O DA INEXIGIBILIDADE N\u00ba. 25\/2026 - eJornais\" \/>\n\t\t<meta property=\"og:description\" content=\"Por MRNews AUTORIZA\u00c7\u00c3O DA INEXIGIBILIDADE N\u00ba. 25\/2026Autorizo a Inexigibilidade de Licita\u00e7\u00e3o conforme solicita\u00e7\u00e3o, justificativa e parecer jur\u00eddico constante no processo abaixo, tendo como objeto a contrata\u00e7\u00e3o de empresa para presta\u00e7\u00e3o de servi\u00e7os t\u00e9cnicos especializados de assessoria e consultoria cont\u00e1bil aplicada ao setor p\u00fablico, bem como o acompanhamento e orienta\u00e7\u00e3o aos servidores e respons\u00e1veis pela administra\u00e7\u00e3o\" \/>\n\t\t<meta property=\"og:url\" content=\"https:\/\/ejornais.com.br\/index.php\/2026\/09\/03\/autorizacao-da-inexigibilidade-no-25-2026\/\" \/>\n\t\t<meta property=\"article:published_time\" content=\"2026-09-03T22:31:07+00:00\" \/>\n\t\t<meta property=\"article:modified_time\" content=\"2026-09-03T22:31:07+00:00\" \/>\n\t\t<meta name=\"twitter:card\" content=\"summary_large_image\" \/>\n\t\t<meta name=\"twitter:title\" content=\"AUTORIZA\u00c7\u00c3O DA INEXIGIBILIDADE N\u00ba. 25\/2026 - eJornais\" \/>\n\t\t<meta name=\"twitter:description\" content=\"Por MRNews AUTORIZA\u00c7\u00c3O DA INEXIGIBILIDADE N\u00ba. 25\/2026Autorizo a Inexigibilidade de Licita\u00e7\u00e3o conforme solicita\u00e7\u00e3o, justificativa e parecer jur\u00eddico constante no processo abaixo, tendo como objeto a contrata\u00e7\u00e3o de empresa para presta\u00e7\u00e3o de servi\u00e7os t\u00e9cnicos especializados de assessoria e consultoria cont\u00e1bil aplicada ao setor p\u00fablico, bem como o acompanhamento e orienta\u00e7\u00e3o aos servidores e respons\u00e1veis pela administra\u00e7\u00e3o\" \/>\n\t\t<script type=\"application\/ld+json\" class=\"aioseo-schema\">\n\t\t\t{\"@context\":\"https:\\\/\\\/schema.org\",\"@graph\":[{\"@type\":\"BlogPosting\",\"@id\":\"https:\\\/\\\/ejornais.com.br\\\/index.php\\\/2026\\\/09\\\/03\\\/autorizacao-da-inexigibilidade-no-25-2026\\\/#blogposting\",\"name\":\"AUTORIZA\\u00c7\\u00c3O DA INEXIGIBILIDADE N\\u00ba. 25\\\/2026 - eJornais\",\"headline\":\"AUTORIZA\\u00c7\\u00c3O DA INEXIGIBILIDADE N\\u00ba. 25\\\/2026\",\"author\":{\"@id\":\"https:\\\/\\\/ejornais.com.br\\\/index.php\\\/author\\\/admin1\\\/#author\"},\"publisher\":{\"@id\":\"https:\\\/\\\/ejornais.com.br\\\/#organization\"},\"datePublished\":\"2026-09-03T19:31:07-03:00\",\"dateModified\":\"2026-09-03T19:31:07-03:00\",\"inLanguage\":\"pt-BR\",\"mainEntityOfPage\":{\"@id\":\"https:\\\/\\\/ejornais.com.br\\\/index.php\\\/2026\\\/09\\\/03\\\/autorizacao-da-inexigibilidade-no-25-2026\\\/#webpage\"},\"isPartOf\":{\"@id\":\"https:\\\/\\\/ejornais.com.br\\\/index.php\\\/2026\\\/09\\\/03\\\/autorizacao-da-inexigibilidade-no-25-2026\\\/#webpage\"},\"articleSection\":\"Cat\\u00e1logo de Jornais\"},{\"@type\":\"BreadcrumbList\",\"@id\":\"https:\\\/\\\/ejornais.com.br\\\/index.php\\\/2026\\\/09\\\/03\\\/autorizacao-da-inexigibilidade-no-25-2026\\\/#breadcrumblist\",\"itemListElement\":[{\"@type\":\"ListItem\",\"@id\":\"https:\\\/\\\/ejornais.com.br#listItem\",\"position\":1,\"name\":\"In\\u00edcio\",\"item\":\"https:\\\/\\\/ejornais.com.br\",\"nextItem\":{\"@type\":\"ListItem\",\"@id\":\"https:\\\/\\\/ejornais.com.br\\\/index.php\\\/category\\\/ejornais\\\/#listItem\",\"name\":\"Cat\\u00e1logo de Jornais\"}},{\"@type\":\"ListItem\",\"@id\":\"https:\\\/\\\/ejornais.com.br\\\/index.php\\\/category\\\/ejornais\\\/#listItem\",\"position\":2,\"name\":\"Cat\\u00e1logo de Jornais\",\"item\":\"https:\\\/\\\/ejornais.com.br\\\/index.php\\\/category\\\/ejornais\\\/\",\"nextItem\":{\"@type\":\"ListItem\",\"@id\":\"https:\\\/\\\/ejornais.com.br\\\/index.php\\\/2026\\\/09\\\/03\\\/autorizacao-da-inexigibilidade-no-25-2026\\\/#listItem\",\"name\":\"AUTORIZA\\u00c7\\u00c3O DA INEXIGIBILIDADE N\\u00ba. 25\\\/2026\"},\"previousItem\":{\"@type\":\"ListItem\",\"@id\":\"https:\\\/\\\/ejornais.com.br#listItem\",\"name\":\"In\\u00edcio\"}},{\"@type\":\"ListItem\",\"@id\":\"https:\\\/\\\/ejornais.com.br\\\/index.php\\\/2026\\\/09\\\/03\\\/autorizacao-da-inexigibilidade-no-25-2026\\\/#listItem\",\"position\":3,\"name\":\"AUTORIZA\\u00c7\\u00c3O DA INEXIGIBILIDADE N\\u00ba. 25\\\/2026\",\"previousItem\":{\"@type\":\"ListItem\",\"@id\":\"https:\\\/\\\/ejornais.com.br\\\/index.php\\\/category\\\/ejornais\\\/#listItem\",\"name\":\"Cat\\u00e1logo de Jornais\"}}]},{\"@type\":\"Organization\",\"@id\":\"https:\\\/\\\/ejornais.com.br\\\/#organization\",\"name\":\"eJornais\",\"description\":\"Cat\\u00e1logo de Jornais no mundo, Not\\u00edcias, Blog e Esportes ao vivo\",\"url\":\"https:\\\/\\\/ejornais.com.br\\\/\"},{\"@type\":\"Person\",\"@id\":\"https:\\\/\\\/ejornais.com.br\\\/index.php\\\/author\\\/admin1\\\/#author\",\"url\":\"https:\\\/\\\/ejornais.com.br\\\/index.php\\\/author\\\/admin1\\\/\",\"name\":\"admin1\",\"image\":{\"@type\":\"ImageObject\",\"@id\":\"https:\\\/\\\/ejornais.com.br\\\/index.php\\\/2026\\\/09\\\/03\\\/autorizacao-da-inexigibilidade-no-25-2026\\\/#authorImage\",\"url\":\"https:\\\/\\\/secure.gravatar.com\\\/avatar\\\/04084e6d73c042b8646e7c17b494073bf0ede3ea13c7105cfc45cbbbc28385a4?s=96&d=mm&r=g\",\"width\":96,\"height\":96,\"caption\":\"admin1\"}},{\"@type\":\"WebPage\",\"@id\":\"https:\\\/\\\/ejornais.com.br\\\/index.php\\\/2026\\\/09\\\/03\\\/autorizacao-da-inexigibilidade-no-25-2026\\\/#webpage\",\"url\":\"https:\\\/\\\/ejornais.com.br\\\/index.php\\\/2026\\\/09\\\/03\\\/autorizacao-da-inexigibilidade-no-25-2026\\\/\",\"name\":\"AUTORIZA\\u00c7\\u00c3O DA INEXIGIBILIDADE N\\u00ba. 25\\\/2026 - eJornais\",\"description\":\"Por MRNews AUTORIZA\\u00c7\\u00c3O DA INEXIGIBILIDADE N\\u00ba. 25\\\/2026Autorizo a Inexigibilidade de Licita\\u00e7\\u00e3o conforme solicita\\u00e7\\u00e3o, justificativa e parecer jur\\u00eddico constante no processo abaixo, tendo como objeto a contrata\\u00e7\\u00e3o de empresa para presta\\u00e7\\u00e3o de servi\\u00e7os t\\u00e9cnicos especializados de assessoria e consultoria cont\\u00e1bil aplicada ao setor p\\u00fablico, bem como o acompanhamento e orienta\\u00e7\\u00e3o aos servidores e respons\\u00e1veis pela administra\\u00e7\\u00e3o\",\"inLanguage\":\"pt-BR\",\"isPartOf\":{\"@id\":\"https:\\\/\\\/ejornais.com.br\\\/#website\"},\"breadcrumb\":{\"@id\":\"https:\\\/\\\/ejornais.com.br\\\/index.php\\\/2026\\\/09\\\/03\\\/autorizacao-da-inexigibilidade-no-25-2026\\\/#breadcrumblist\"},\"author\":{\"@id\":\"https:\\\/\\\/ejornais.com.br\\\/index.php\\\/author\\\/admin1\\\/#author\"},\"creator\":{\"@id\":\"https:\\\/\\\/ejornais.com.br\\\/index.php\\\/author\\\/admin1\\\/#author\"},\"datePublished\":\"2026-09-03T19:31:07-03:00\",\"dateModified\":\"2026-09-03T19:31:07-03:00\"},{\"@type\":\"WebSite\",\"@id\":\"https:\\\/\\\/ejornais.com.br\\\/#website\",\"url\":\"https:\\\/\\\/ejornais.com.br\\\/\",\"name\":\"eJornais\",\"description\":\"Cat\\u00e1logo de Jornais no mundo, Not\\u00edcias, Blog e Esportes ao vivo\",\"inLanguage\":\"pt-BR\",\"publisher\":{\"@id\":\"https:\\\/\\\/ejornais.com.br\\\/#organization\"}}]}\n\t\t<\/script>\n\t\t<!-- All in One SEO -->\n\n","aioseo_head_json":{"title":"AUTORIZA\u00c7\u00c3O DA INEXIGIBILIDADE N\u00ba. 25\/2026 - eJornais","description":"Por MRNews AUTORIZA\u00c7\u00c3O DA INEXIGIBILIDADE N\u00ba. 25\/2026Autorizo a Inexigibilidade de Licita\u00e7\u00e3o conforme solicita\u00e7\u00e3o, justificativa e parecer jur\u00eddico constante no processo abaixo, tendo como objeto a contrata\u00e7\u00e3o de empresa para presta\u00e7\u00e3o de servi\u00e7os t\u00e9cnicos especializados de assessoria e consultoria cont\u00e1bil aplicada ao setor p\u00fablico, bem como o acompanhamento e orienta\u00e7\u00e3o aos servidores e respons\u00e1veis pela administra\u00e7\u00e3o","canonical_url":"https:\/\/ejornais.com.br\/index.php\/2026\/09\/03\/autorizacao-da-inexigibilidade-no-25-2026\/","robots":"max-image-preview:large","keywords":"","webmasterTools":{"miscellaneous":""},"schema":{"@context":"https:\/\/schema.org","@graph":[{"@type":"BlogPosting","@id":"https:\/\/ejornais.com.br\/index.php\/2026\/09\/03\/autorizacao-da-inexigibilidade-no-25-2026\/#blogposting","name":"AUTORIZA\u00c7\u00c3O DA INEXIGIBILIDADE N\u00ba. 25\/2026 - eJornais","headline":"AUTORIZA\u00c7\u00c3O DA INEXIGIBILIDADE N\u00ba. 25\/2026","author":{"@id":"https:\/\/ejornais.com.br\/index.php\/author\/admin1\/#author"},"publisher":{"@id":"https:\/\/ejornais.com.br\/#organization"},"datePublished":"2026-09-03T19:31:07-03:00","dateModified":"2026-09-03T19:31:07-03:00","inLanguage":"pt-BR","mainEntityOfPage":{"@id":"https:\/\/ejornais.com.br\/index.php\/2026\/09\/03\/autorizacao-da-inexigibilidade-no-25-2026\/#webpage"},"isPartOf":{"@id":"https:\/\/ejornais.com.br\/index.php\/2026\/09\/03\/autorizacao-da-inexigibilidade-no-25-2026\/#webpage"},"articleSection":"Cat\u00e1logo de Jornais"},{"@type":"BreadcrumbList","@id":"https:\/\/ejornais.com.br\/index.php\/2026\/09\/03\/autorizacao-da-inexigibilidade-no-25-2026\/#breadcrumblist","itemListElement":[{"@type":"ListItem","@id":"https:\/\/ejornais.com.br#listItem","position":1,"name":"In\u00edcio","item":"https:\/\/ejornais.com.br","nextItem":{"@type":"ListItem","@id":"https:\/\/ejornais.com.br\/index.php\/category\/ejornais\/#listItem","name":"Cat\u00e1logo de Jornais"}},{"@type":"ListItem","@id":"https:\/\/ejornais.com.br\/index.php\/category\/ejornais\/#listItem","position":2,"name":"Cat\u00e1logo de Jornais","item":"https:\/\/ejornais.com.br\/index.php\/category\/ejornais\/","nextItem":{"@type":"ListItem","@id":"https:\/\/ejornais.com.br\/index.php\/2026\/09\/03\/autorizacao-da-inexigibilidade-no-25-2026\/#listItem","name":"AUTORIZA\u00c7\u00c3O DA INEXIGIBILIDADE N\u00ba. 25\/2026"},"previousItem":{"@type":"ListItem","@id":"https:\/\/ejornais.com.br#listItem","name":"In\u00edcio"}},{"@type":"ListItem","@id":"https:\/\/ejornais.com.br\/index.php\/2026\/09\/03\/autorizacao-da-inexigibilidade-no-25-2026\/#listItem","position":3,"name":"AUTORIZA\u00c7\u00c3O DA INEXIGIBILIDADE N\u00ba. 25\/2026","previousItem":{"@type":"ListItem","@id":"https:\/\/ejornais.com.br\/index.php\/category\/ejornais\/#listItem","name":"Cat\u00e1logo de Jornais"}}]},{"@type":"Organization","@id":"https:\/\/ejornais.com.br\/#organization","name":"eJornais","description":"Cat\u00e1logo de Jornais no mundo, Not\u00edcias, Blog e Esportes ao vivo","url":"https:\/\/ejornais.com.br\/"},{"@type":"Person","@id":"https:\/\/ejornais.com.br\/index.php\/author\/admin1\/#author","url":"https:\/\/ejornais.com.br\/index.php\/author\/admin1\/","name":"admin1","image":{"@type":"ImageObject","@id":"https:\/\/ejornais.com.br\/index.php\/2026\/09\/03\/autorizacao-da-inexigibilidade-no-25-2026\/#authorImage","url":"https:\/\/secure.gravatar.com\/avatar\/04084e6d73c042b8646e7c17b494073bf0ede3ea13c7105cfc45cbbbc28385a4?s=96&d=mm&r=g","width":96,"height":96,"caption":"admin1"}},{"@type":"WebPage","@id":"https:\/\/ejornais.com.br\/index.php\/2026\/09\/03\/autorizacao-da-inexigibilidade-no-25-2026\/#webpage","url":"https:\/\/ejornais.com.br\/index.php\/2026\/09\/03\/autorizacao-da-inexigibilidade-no-25-2026\/","name":"AUTORIZA\u00c7\u00c3O DA INEXIGIBILIDADE N\u00ba. 25\/2026 - eJornais","description":"Por MRNews AUTORIZA\u00c7\u00c3O DA INEXIGIBILIDADE N\u00ba. 25\/2026Autorizo a Inexigibilidade de Licita\u00e7\u00e3o conforme solicita\u00e7\u00e3o, justificativa e parecer jur\u00eddico constante no processo abaixo, tendo como objeto a contrata\u00e7\u00e3o de empresa para presta\u00e7\u00e3o de servi\u00e7os t\u00e9cnicos especializados de assessoria e consultoria cont\u00e1bil aplicada ao setor p\u00fablico, bem como o acompanhamento e orienta\u00e7\u00e3o aos servidores e respons\u00e1veis pela administra\u00e7\u00e3o","inLanguage":"pt-BR","isPartOf":{"@id":"https:\/\/ejornais.com.br\/#website"},"breadcrumb":{"@id":"https:\/\/ejornais.com.br\/index.php\/2026\/09\/03\/autorizacao-da-inexigibilidade-no-25-2026\/#breadcrumblist"},"author":{"@id":"https:\/\/ejornais.com.br\/index.php\/author\/admin1\/#author"},"creator":{"@id":"https:\/\/ejornais.com.br\/index.php\/author\/admin1\/#author"},"datePublished":"2026-09-03T19:31:07-03:00","dateModified":"2026-09-03T19:31:07-03:00"},{"@type":"WebSite","@id":"https:\/\/ejornais.com.br\/#website","url":"https:\/\/ejornais.com.br\/","name":"eJornais","description":"Cat\u00e1logo de Jornais no mundo, Not\u00edcias, Blog e Esportes ao vivo","inLanguage":"pt-BR","publisher":{"@id":"https:\/\/ejornais.com.br\/#organization"}}]},"og:locale":"pt_BR","og:site_name":"eJornais - Cat\u00e1logo de Jornais no mundo, Not\u00edcias, Blog e Esportes ao vivo","og:type":"article","og:title":"AUTORIZA\u00c7\u00c3O DA INEXIGIBILIDADE N\u00ba. 25\/2026 - eJornais","og:description":"Por MRNews AUTORIZA\u00c7\u00c3O DA INEXIGIBILIDADE N\u00ba. 25\/2026Autorizo a Inexigibilidade de Licita\u00e7\u00e3o conforme solicita\u00e7\u00e3o, justificativa e parecer jur\u00eddico constante no processo abaixo, tendo como objeto a contrata\u00e7\u00e3o de empresa para presta\u00e7\u00e3o de servi\u00e7os t\u00e9cnicos especializados de assessoria e consultoria cont\u00e1bil aplicada ao setor p\u00fablico, bem como o acompanhamento e orienta\u00e7\u00e3o aos servidores e respons\u00e1veis pela administra\u00e7\u00e3o","og:url":"https:\/\/ejornais.com.br\/index.php\/2026\/09\/03\/autorizacao-da-inexigibilidade-no-25-2026\/","article:published_time":"2026-09-03T22:31:07+00:00","article:modified_time":"2026-09-03T22:31:07+00:00","twitter:card":"summary_large_image","twitter:title":"AUTORIZA\u00c7\u00c3O DA INEXIGIBILIDADE N\u00ba. 25\/2026 - eJornais","twitter:description":"Por MRNews AUTORIZA\u00c7\u00c3O DA INEXIGIBILIDADE N\u00ba. 25\/2026Autorizo a Inexigibilidade de Licita\u00e7\u00e3o conforme solicita\u00e7\u00e3o, justificativa e parecer jur\u00eddico constante no processo abaixo, tendo como objeto a contrata\u00e7\u00e3o de empresa para presta\u00e7\u00e3o de servi\u00e7os t\u00e9cnicos especializados de assessoria e consultoria cont\u00e1bil aplicada ao setor p\u00fablico, bem como o acompanhamento e orienta\u00e7\u00e3o aos servidores e respons\u00e1veis pela administra\u00e7\u00e3o"},"aioseo_meta_data":[],"aioseo_breadcrumb":"<div class=\"aioseo-breadcrumbs\"><span class=\"aioseo-breadcrumb\">\n\t\t\t<a href=\"https:\/\/ejornais.com.br\" title=\"In\u00edcio\">In\u00edcio<\/a>\n\t\t<\/span><span class=\"aioseo-breadcrumb-separator\">&raquo;<\/span><span class=\"aioseo-breadcrumb\">\n\t\t\t<a href=\"https:\/\/ejornais.com.br\/index.php\/category\/ejornais\/\" title=\"Cat\u00e1logo de Jornais\">Cat\u00e1logo de Jornais<\/a>\n\t\t<\/span><span class=\"aioseo-breadcrumb-separator\">&raquo;<\/span><span class=\"aioseo-breadcrumb\">\n\t\t\tAUTORIZA\u00c7\u00c3O DA INEXIGIBILIDADE N\u00ba. 25\/2026\n\t\t<\/span><\/div>","aioseo_breadcrumb_json":[{"label":"In\u00edcio","link":"https:\/\/ejornais.com.br"},{"label":"Cat\u00e1logo de Jornais","link":"https:\/\/ejornais.com.br\/index.php\/category\/ejornais\/"},{"label":"AUTORIZA\u00c7\u00c3O DA INEXIGIBILIDADE N\u00ba. 25\/2026","link":"https:\/\/ejornais.com.br\/index.php\/2026\/09\/03\/autorizacao-da-inexigibilidade-no-25-2026\/"}],"amp_enabled":true,"_links":{"self":[{"href":"https:\/\/ejornais.com.br\/index.php\/wp-json\/wp\/v2\/posts\/71624","targetHints":{"allow":["GET"]}}],"collection":[{"href":"https:\/\/ejornais.com.br\/index.php\/wp-json\/wp\/v2\/posts"}],"about":[{"href":"https:\/\/ejornais.com.br\/index.php\/wp-json\/wp\/v2\/types\/post"}],"author":[{"embeddable":true,"href":"https:\/\/ejornais.com.br\/index.php\/wp-json\/wp\/v2\/users\/2"}],"replies":[{"embeddable":true,"href":"https:\/\/ejornais.com.br\/index.php\/wp-json\/wp\/v2\/comments?post=71624"}],"version-history":[{"count":0,"href":"https:\/\/ejornais.com.br\/index.php\/wp-json\/wp\/v2\/posts\/71624\/revisions"}],"wp:attachment":[{"href":"https:\/\/ejornais.com.br\/index.php\/wp-json\/wp\/v2\/media?parent=71624"}],"wp:term":[{"taxonomy":"category","embeddable":true,"href":"https:\/\/ejornais.com.br\/index.php\/wp-json\/wp\/v2\/categories?post=71624"},{"taxonomy":"post_tag","embeddable":true,"href":"https:\/\/ejornais.com.br\/index.php\/wp-json\/wp\/v2\/tags?post=71624"}],"curies":[{"name":"wp","href":"https:\/\/api.w.org\/{rel}","templated":true}]}}