{"id":71632,"date":"2026-09-03T23:34:09","date_gmt":"2026-09-04T02:34:09","guid":{"rendered":"https:\/\/ejornais.com.br\/index.php\/2026\/09\/03\/com-risco-de-vendavais-defesa-civil-emite-alerta-amarelo-cgnoticias-3\/"},"modified":"2026-09-03T23:34:09","modified_gmt":"2026-09-04T02:34:09","slug":"com-risco-de-vendavais-defesa-civil-emite-alerta-amarelo-cgnoticias-3","status":"publish","type":"post","link":"https:\/\/ejornais.com.br\/index.php\/2026\/09\/03\/com-risco-de-vendavais-defesa-civil-emite-alerta-amarelo-cgnoticias-3\/","title":{"rendered":"Com risco de vendavais, Defesa Civil emite alerta amarelo\u00a0 \u2013 CGNot\u00edcias"},"content":{"rendered":"<p> Por MRNews<br \/>\n<\/p>\n<div>\n<p>A Coordenadoria de Prote\u00e7\u00e3o e Defesa Civil de Campo Grande emitiu um alerta para\u00a0amanh\u00e3 (04), a partir das 23h, sobre o risco de vendavais na Capital at\u00e9 \u00e0s 22h59 de\u00a0s\u00e1bado\u00a0(05).\u00a0<\/p>\n<p>O alerta amarelo foi emitido pela possibilidade de fortes rajadas de vento, variando entre 40km\/h e 60km\/h. Ainda conforme o alerta, h\u00e1 risco baixo de queda de \u00e1rvores em diversas regi\u00f5es da cidade. O alerta foi feito pelo Instituto Nacional de Meteorologia (Inmet).\u00a0<\/p>\n<figure class=\"wp-block-image aligncenter size-large\"><figcaption class=\"wp-element-caption\">Alerta emitido pela Defesa Civil<\/figcaption><\/figure>\n<p>Caso seja atingido por alguma intemp\u00e9rie, o mun\u00edcipe pode acionar a Defesa Civil atrav\u00e9s do contato 199, ou solicitar servi\u00e7os, como a remo\u00e7\u00e3o de \u00e1rvores pelo 156.\u00a0<\/p>\n<p><strong><a href=\"https:\/\/mrnews.com.br\/index.php\/2026\/09\/03\/autorizacao-da-inexigibilidade-no-25-2026-prefeitura-municipal-de-bonito\/\">AUTORIZA\u00c7\u00c3O DA INEXIGIBILIDADE N\u00ba. 25\/2026 \u2013 Prefeitura Municipal de Bonito<\/a><\/strong><\/p>\n<p><strong><a href=\"https:\/\/mrnews.com.br\/index.php\/2026\/09\/03\/edital-convoca-agricultores-para-fornecer-hortifruti-ao-paa-cgnoticias\/\">Edital convoca agricultores para fornecer hortifruti ao PAA \u2013 CGNot\u00edcias<\/a><\/strong><\/p>\n<p>Naqueles casos em que a queda total ou parcial da \u00e1rvore aconteceu sobre a fia\u00e7\u00e3o e h\u00e1 riscos de o im\u00f3vel ou planta estar eletrificada, o contato deve ser feito ao 193.\u00a0<\/p>\n<p><em>#PraTodosVerem: A imagem mostra um cen\u00e1rio de chuva na regi\u00e3o central da cidade.<\/em><\/p>\n<\/div>\n<p><script async defer async defer src=\"https:\/\/connect.facebook.net\/en_US\/sdk.js?ver=1#xfbml=1&amp;version=v3.2\" id=\"prefeitura-campogrande-script-facebook-sdk-js\" type=\"5be1ac5a39fc684a852d8a5e-text\/javascript\"><\/script><\/p>\n","protected":false},"excerpt":{"rendered":"<p>Por MRNews A Coordenadoria de Prote\u00e7\u00e3o e Defesa Civil de Campo Grande emitiu um alerta para\u00a0amanh\u00e3 (04), a partir das<\/p>\n","protected":false},"author":2,"featured_media":0,"comment_status":"","ping_status":"","sticky":false,"template":"","format":"standard","meta":{"colormag_page_container_layout":"default_layout","colormag_page_sidebar_layout":"default_layout","footnotes":""},"categories":[1],"tags":[],"class_list":["post-71632","post","type-post","status-publish","format-standard","hentry","category-ejornais"],"aioseo_notices":[],"aioseo_head":"\n\t\t<!-- All in One SEO 5.0.1.1 - aioseo.com -->\n\t<meta name=\"description\" content=\"Por MRNews A Coordenadoria de Prote\u00e7\u00e3o e Defesa Civil de Campo Grande emitiu um alerta para amanh\u00e3 (04), a partir das 23h, sobre o risco de vendavais na Capital at\u00e9 \u00e0s 22h59 de s\u00e1bado (05). O alerta amarelo foi emitido pela possibilidade de fortes rajadas de vento, variando entre 40km\/h e 60km\/h. Ainda conforme o alerta, h\u00e1 risco baixo\" \/>\n\t<meta name=\"robots\" content=\"max-image-preview:large\" \/>\n\t<meta name=\"author\" content=\"admin1\"\/>\n\t<link rel=\"canonical\" href=\"https:\/\/ejornais.com.br\/index.php\/2026\/09\/03\/com-risco-de-vendavais-defesa-civil-emite-alerta-amarelo-cgnoticias-3\/\" \/>\n\t<meta name=\"generator\" content=\"All in One SEO (AIOSEO) 5.0.1.1\" \/>\n\t\t<meta property=\"og:locale\" content=\"pt_BR\" \/>\n\t\t<meta property=\"og:site_name\" content=\"eJornais - Cat\u00e1logo de Jornais no mundo, Not\u00edcias, Blog e Esportes ao vivo\" \/>\n\t\t<meta property=\"og:type\" content=\"article\" \/>\n\t\t<meta property=\"og:title\" content=\"Com risco de vendavais, Defesa Civil emite alerta amarelo \u2013 CGNot\u00edcias - eJornais\" \/>\n\t\t<meta property=\"og:description\" content=\"Por MRNews A Coordenadoria de Prote\u00e7\u00e3o e Defesa Civil de Campo Grande emitiu um alerta para amanh\u00e3 (04), a partir das 23h, sobre o risco de vendavais na Capital at\u00e9 \u00e0s 22h59 de s\u00e1bado (05). O alerta amarelo foi emitido pela possibilidade de fortes rajadas de vento, variando entre 40km\/h e 60km\/h. Ainda conforme o alerta, h\u00e1 risco baixo\" \/>\n\t\t<meta property=\"og:url\" content=\"https:\/\/ejornais.com.br\/index.php\/2026\/09\/03\/com-risco-de-vendavais-defesa-civil-emite-alerta-amarelo-cgnoticias-3\/\" \/>\n\t\t<meta property=\"article:published_time\" content=\"2026-09-04T02:34:09+00:00\" \/>\n\t\t<meta property=\"article:modified_time\" content=\"2026-09-04T02:34:09+00:00\" \/>\n\t\t<meta name=\"twitter:card\" content=\"summary_large_image\" \/>\n\t\t<meta name=\"twitter:title\" content=\"Com risco de vendavais, Defesa Civil emite alerta amarelo \u2013 CGNot\u00edcias - eJornais\" \/>\n\t\t<meta name=\"twitter:description\" content=\"Por MRNews A Coordenadoria de Prote\u00e7\u00e3o e Defesa Civil de Campo Grande emitiu um alerta para amanh\u00e3 (04), a partir das 23h, sobre o risco de vendavais na Capital at\u00e9 \u00e0s 22h59 de s\u00e1bado (05). O alerta amarelo foi emitido pela possibilidade de fortes rajadas de vento, variando entre 40km\/h e 60km\/h. Ainda conforme o alerta, h\u00e1 risco baixo\" \/>\n\t\t<script type=\"application\/ld+json\" class=\"aioseo-schema\">\n\t\t\t{\"@context\":\"https:\\\/\\\/schema.org\",\"@graph\":[{\"@type\":\"BlogPosting\",\"@id\":\"https:\\\/\\\/ejornais.com.br\\\/index.php\\\/2026\\\/09\\\/03\\\/com-risco-de-vendavais-defesa-civil-emite-alerta-amarelo-cgnoticias-3\\\/#blogposting\",\"name\":\"Com risco de vendavais, Defesa Civil emite alerta amarelo \\u2013 CGNot\\u00edcias - eJornais\",\"headline\":\"Com risco de vendavais, Defesa Civil emite alerta amarelo\\u00a0 \\u2013 CGNot\\u00edcias\",\"author\":{\"@id\":\"https:\\\/\\\/ejornais.com.br\\\/index.php\\\/author\\\/admin1\\\/#author\"},\"publisher\":{\"@id\":\"https:\\\/\\\/ejornais.com.br\\\/#organization\"},\"datePublished\":\"2026-09-03T23:34:09-03:00\",\"dateModified\":\"2026-09-03T23:34:09-03:00\",\"inLanguage\":\"pt-BR\",\"mainEntityOfPage\":{\"@id\":\"https:\\\/\\\/ejornais.com.br\\\/index.php\\\/2026\\\/09\\\/03\\\/com-risco-de-vendavais-defesa-civil-emite-alerta-amarelo-cgnoticias-3\\\/#webpage\"},\"isPartOf\":{\"@id\":\"https:\\\/\\\/ejornais.com.br\\\/index.php\\\/2026\\\/09\\\/03\\\/com-risco-de-vendavais-defesa-civil-emite-alerta-amarelo-cgnoticias-3\\\/#webpage\"},\"articleSection\":\"Cat\\u00e1logo de Jornais\"},{\"@type\":\"BreadcrumbList\",\"@id\":\"https:\\\/\\\/ejornais.com.br\\\/index.php\\\/2026\\\/09\\\/03\\\/com-risco-de-vendavais-defesa-civil-emite-alerta-amarelo-cgnoticias-3\\\/#breadcrumblist\",\"itemListElement\":[{\"@type\":\"ListItem\",\"@id\":\"https:\\\/\\\/ejornais.com.br#listItem\",\"position\":1,\"name\":\"In\\u00edcio\",\"item\":\"https:\\\/\\\/ejornais.com.br\",\"nextItem\":{\"@type\":\"ListItem\",\"@id\":\"https:\\\/\\\/ejornais.com.br\\\/index.php\\\/category\\\/ejornais\\\/#listItem\",\"name\":\"Cat\\u00e1logo de Jornais\"}},{\"@type\":\"ListItem\",\"@id\":\"https:\\\/\\\/ejornais.com.br\\\/index.php\\\/category\\\/ejornais\\\/#listItem\",\"position\":2,\"name\":\"Cat\\u00e1logo de Jornais\",\"item\":\"https:\\\/\\\/ejornais.com.br\\\/index.php\\\/category\\\/ejornais\\\/\",\"nextItem\":{\"@type\":\"ListItem\",\"@id\":\"https:\\\/\\\/ejornais.com.br\\\/index.php\\\/2026\\\/09\\\/03\\\/com-risco-de-vendavais-defesa-civil-emite-alerta-amarelo-cgnoticias-3\\\/#listItem\",\"name\":\"Com risco de vendavais, Defesa Civil emite alerta amarelo\\u00a0 \\u2013 CGNot\\u00edcias\"},\"previousItem\":{\"@type\":\"ListItem\",\"@id\":\"https:\\\/\\\/ejornais.com.br#listItem\",\"name\":\"In\\u00edcio\"}},{\"@type\":\"ListItem\",\"@id\":\"https:\\\/\\\/ejornais.com.br\\\/index.php\\\/2026\\\/09\\\/03\\\/com-risco-de-vendavais-defesa-civil-emite-alerta-amarelo-cgnoticias-3\\\/#listItem\",\"position\":3,\"name\":\"Com risco de vendavais, Defesa Civil emite alerta amarelo\\u00a0 \\u2013 CGNot\\u00edcias\",\"previousItem\":{\"@type\":\"ListItem\",\"@id\":\"https:\\\/\\\/ejornais.com.br\\\/index.php\\\/category\\\/ejornais\\\/#listItem\",\"name\":\"Cat\\u00e1logo de Jornais\"}}]},{\"@type\":\"Organization\",\"@id\":\"https:\\\/\\\/ejornais.com.br\\\/#organization\",\"name\":\"eJornais\",\"description\":\"Cat\\u00e1logo de Jornais no mundo, Not\\u00edcias, Blog e Esportes ao vivo\",\"url\":\"https:\\\/\\\/ejornais.com.br\\\/\"},{\"@type\":\"Person\",\"@id\":\"https:\\\/\\\/ejornais.com.br\\\/index.php\\\/author\\\/admin1\\\/#author\",\"url\":\"https:\\\/\\\/ejornais.com.br\\\/index.php\\\/author\\\/admin1\\\/\",\"name\":\"admin1\",\"image\":{\"@type\":\"ImageObject\",\"@id\":\"https:\\\/\\\/ejornais.com.br\\\/index.php\\\/2026\\\/09\\\/03\\\/com-risco-de-vendavais-defesa-civil-emite-alerta-amarelo-cgnoticias-3\\\/#authorImage\",\"url\":\"https:\\\/\\\/secure.gravatar.com\\\/avatar\\\/04084e6d73c042b8646e7c17b494073bf0ede3ea13c7105cfc45cbbbc28385a4?s=96&d=mm&r=g\",\"width\":96,\"height\":96,\"caption\":\"admin1\"}},{\"@type\":\"WebPage\",\"@id\":\"https:\\\/\\\/ejornais.com.br\\\/index.php\\\/2026\\\/09\\\/03\\\/com-risco-de-vendavais-defesa-civil-emite-alerta-amarelo-cgnoticias-3\\\/#webpage\",\"url\":\"https:\\\/\\\/ejornais.com.br\\\/index.php\\\/2026\\\/09\\\/03\\\/com-risco-de-vendavais-defesa-civil-emite-alerta-amarelo-cgnoticias-3\\\/\",\"name\":\"Com risco de vendavais, Defesa Civil emite alerta amarelo \\u2013 CGNot\\u00edcias - eJornais\",\"description\":\"Por MRNews A Coordenadoria de Prote\\u00e7\\u00e3o e Defesa Civil de Campo Grande emitiu um alerta para amanh\\u00e3 (04), a partir das 23h, sobre o risco de vendavais na Capital at\\u00e9 \\u00e0s 22h59 de s\\u00e1bado (05). O alerta amarelo foi emitido pela possibilidade de fortes rajadas de vento, variando entre 40km\\\/h e 60km\\\/h. Ainda conforme o alerta, h\\u00e1 risco baixo\",\"inLanguage\":\"pt-BR\",\"isPartOf\":{\"@id\":\"https:\\\/\\\/ejornais.com.br\\\/#website\"},\"breadcrumb\":{\"@id\":\"https:\\\/\\\/ejornais.com.br\\\/index.php\\\/2026\\\/09\\\/03\\\/com-risco-de-vendavais-defesa-civil-emite-alerta-amarelo-cgnoticias-3\\\/#breadcrumblist\"},\"author\":{\"@id\":\"https:\\\/\\\/ejornais.com.br\\\/index.php\\\/author\\\/admin1\\\/#author\"},\"creator\":{\"@id\":\"https:\\\/\\\/ejornais.com.br\\\/index.php\\\/author\\\/admin1\\\/#author\"},\"datePublished\":\"2026-09-03T23:34:09-03:00\",\"dateModified\":\"2026-09-03T23:34:09-03:00\"},{\"@type\":\"WebSite\",\"@id\":\"https:\\\/\\\/ejornais.com.br\\\/#website\",\"url\":\"https:\\\/\\\/ejornais.com.br\\\/\",\"name\":\"eJornais\",\"description\":\"Cat\\u00e1logo de Jornais no mundo, Not\\u00edcias, Blog e Esportes ao vivo\",\"inLanguage\":\"pt-BR\",\"publisher\":{\"@id\":\"https:\\\/\\\/ejornais.com.br\\\/#organization\"}}]}\n\t\t<\/script>\n\t\t<!-- All in One SEO -->\n\n","aioseo_head_json":{"title":"Com risco de vendavais, Defesa Civil emite alerta amarelo \u2013 CGNot\u00edcias - eJornais","description":"Por MRNews A Coordenadoria de Prote\u00e7\u00e3o e Defesa Civil de Campo Grande emitiu um alerta para amanh\u00e3 (04), a partir das 23h, sobre o risco de vendavais na Capital at\u00e9 \u00e0s 22h59 de s\u00e1bado (05). O alerta amarelo foi emitido pela possibilidade de fortes rajadas de vento, variando entre 40km\/h e 60km\/h. Ainda conforme o alerta, h\u00e1 risco baixo","canonical_url":"https:\/\/ejornais.com.br\/index.php\/2026\/09\/03\/com-risco-de-vendavais-defesa-civil-emite-alerta-amarelo-cgnoticias-3\/","robots":"max-image-preview:large","keywords":"","webmasterTools":{"miscellaneous":""},"schema":{"@context":"https:\/\/schema.org","@graph":[{"@type":"BlogPosting","@id":"https:\/\/ejornais.com.br\/index.php\/2026\/09\/03\/com-risco-de-vendavais-defesa-civil-emite-alerta-amarelo-cgnoticias-3\/#blogposting","name":"Com risco de vendavais, Defesa Civil emite alerta amarelo \u2013 CGNot\u00edcias - eJornais","headline":"Com risco de vendavais, Defesa Civil emite alerta amarelo\u00a0 \u2013 CGNot\u00edcias","author":{"@id":"https:\/\/ejornais.com.br\/index.php\/author\/admin1\/#author"},"publisher":{"@id":"https:\/\/ejornais.com.br\/#organization"},"datePublished":"2026-09-03T23:34:09-03:00","dateModified":"2026-09-03T23:34:09-03:00","inLanguage":"pt-BR","mainEntityOfPage":{"@id":"https:\/\/ejornais.com.br\/index.php\/2026\/09\/03\/com-risco-de-vendavais-defesa-civil-emite-alerta-amarelo-cgnoticias-3\/#webpage"},"isPartOf":{"@id":"https:\/\/ejornais.com.br\/index.php\/2026\/09\/03\/com-risco-de-vendavais-defesa-civil-emite-alerta-amarelo-cgnoticias-3\/#webpage"},"articleSection":"Cat\u00e1logo de Jornais"},{"@type":"BreadcrumbList","@id":"https:\/\/ejornais.com.br\/index.php\/2026\/09\/03\/com-risco-de-vendavais-defesa-civil-emite-alerta-amarelo-cgnoticias-3\/#breadcrumblist","itemListElement":[{"@type":"ListItem","@id":"https:\/\/ejornais.com.br#listItem","position":1,"name":"In\u00edcio","item":"https:\/\/ejornais.com.br","nextItem":{"@type":"ListItem","@id":"https:\/\/ejornais.com.br\/index.php\/category\/ejornais\/#listItem","name":"Cat\u00e1logo de Jornais"}},{"@type":"ListItem","@id":"https:\/\/ejornais.com.br\/index.php\/category\/ejornais\/#listItem","position":2,"name":"Cat\u00e1logo de Jornais","item":"https:\/\/ejornais.com.br\/index.php\/category\/ejornais\/","nextItem":{"@type":"ListItem","@id":"https:\/\/ejornais.com.br\/index.php\/2026\/09\/03\/com-risco-de-vendavais-defesa-civil-emite-alerta-amarelo-cgnoticias-3\/#listItem","name":"Com risco de vendavais, Defesa Civil emite alerta amarelo\u00a0 \u2013 CGNot\u00edcias"},"previousItem":{"@type":"ListItem","@id":"https:\/\/ejornais.com.br#listItem","name":"In\u00edcio"}},{"@type":"ListItem","@id":"https:\/\/ejornais.com.br\/index.php\/2026\/09\/03\/com-risco-de-vendavais-defesa-civil-emite-alerta-amarelo-cgnoticias-3\/#listItem","position":3,"name":"Com risco de vendavais, Defesa Civil emite alerta amarelo\u00a0 \u2013 CGNot\u00edcias","previousItem":{"@type":"ListItem","@id":"https:\/\/ejornais.com.br\/index.php\/category\/ejornais\/#listItem","name":"Cat\u00e1logo de Jornais"}}]},{"@type":"Organization","@id":"https:\/\/ejornais.com.br\/#organization","name":"eJornais","description":"Cat\u00e1logo de Jornais no mundo, Not\u00edcias, Blog e Esportes ao vivo","url":"https:\/\/ejornais.com.br\/"},{"@type":"Person","@id":"https:\/\/ejornais.com.br\/index.php\/author\/admin1\/#author","url":"https:\/\/ejornais.com.br\/index.php\/author\/admin1\/","name":"admin1","image":{"@type":"ImageObject","@id":"https:\/\/ejornais.com.br\/index.php\/2026\/09\/03\/com-risco-de-vendavais-defesa-civil-emite-alerta-amarelo-cgnoticias-3\/#authorImage","url":"https:\/\/secure.gravatar.com\/avatar\/04084e6d73c042b8646e7c17b494073bf0ede3ea13c7105cfc45cbbbc28385a4?s=96&d=mm&r=g","width":96,"height":96,"caption":"admin1"}},{"@type":"WebPage","@id":"https:\/\/ejornais.com.br\/index.php\/2026\/09\/03\/com-risco-de-vendavais-defesa-civil-emite-alerta-amarelo-cgnoticias-3\/#webpage","url":"https:\/\/ejornais.com.br\/index.php\/2026\/09\/03\/com-risco-de-vendavais-defesa-civil-emite-alerta-amarelo-cgnoticias-3\/","name":"Com risco de vendavais, Defesa Civil emite alerta amarelo \u2013 CGNot\u00edcias - eJornais","description":"Por MRNews A Coordenadoria de Prote\u00e7\u00e3o e Defesa Civil de Campo Grande emitiu um alerta para amanh\u00e3 (04), a partir das 23h, sobre o risco de vendavais na Capital at\u00e9 \u00e0s 22h59 de s\u00e1bado (05). O alerta amarelo foi emitido pela possibilidade de fortes rajadas de vento, variando entre 40km\/h e 60km\/h. Ainda conforme o alerta, h\u00e1 risco baixo","inLanguage":"pt-BR","isPartOf":{"@id":"https:\/\/ejornais.com.br\/#website"},"breadcrumb":{"@id":"https:\/\/ejornais.com.br\/index.php\/2026\/09\/03\/com-risco-de-vendavais-defesa-civil-emite-alerta-amarelo-cgnoticias-3\/#breadcrumblist"},"author":{"@id":"https:\/\/ejornais.com.br\/index.php\/author\/admin1\/#author"},"creator":{"@id":"https:\/\/ejornais.com.br\/index.php\/author\/admin1\/#author"},"datePublished":"2026-09-03T23:34:09-03:00","dateModified":"2026-09-03T23:34:09-03:00"},{"@type":"WebSite","@id":"https:\/\/ejornais.com.br\/#website","url":"https:\/\/ejornais.com.br\/","name":"eJornais","description":"Cat\u00e1logo de Jornais no mundo, Not\u00edcias, Blog e Esportes ao vivo","inLanguage":"pt-BR","publisher":{"@id":"https:\/\/ejornais.com.br\/#organization"}}]},"og:locale":"pt_BR","og:site_name":"eJornais - Cat\u00e1logo de Jornais no mundo, Not\u00edcias, Blog e Esportes ao vivo","og:type":"article","og:title":"Com risco de vendavais, Defesa Civil emite alerta amarelo \u2013 CGNot\u00edcias - eJornais","og:description":"Por MRNews A Coordenadoria de Prote\u00e7\u00e3o e Defesa Civil de Campo Grande emitiu um alerta para amanh\u00e3 (04), a partir das 23h, sobre o risco de vendavais na Capital at\u00e9 \u00e0s 22h59 de s\u00e1bado (05). O alerta amarelo foi emitido pela possibilidade de fortes rajadas de vento, variando entre 40km\/h e 60km\/h. Ainda conforme o alerta, h\u00e1 risco baixo","og:url":"https:\/\/ejornais.com.br\/index.php\/2026\/09\/03\/com-risco-de-vendavais-defesa-civil-emite-alerta-amarelo-cgnoticias-3\/","article:published_time":"2026-09-04T02:34:09+00:00","article:modified_time":"2026-09-04T02:34:09+00:00","twitter:card":"summary_large_image","twitter:title":"Com risco de vendavais, Defesa Civil emite alerta amarelo \u2013 CGNot\u00edcias - eJornais","twitter:description":"Por MRNews A Coordenadoria de Prote\u00e7\u00e3o e Defesa Civil de Campo Grande emitiu um alerta para amanh\u00e3 (04), a partir das 23h, sobre o risco de vendavais na Capital at\u00e9 \u00e0s 22h59 de s\u00e1bado (05). O alerta amarelo foi emitido pela possibilidade de fortes rajadas de vento, variando entre 40km\/h e 60km\/h. Ainda conforme o alerta, h\u00e1 risco baixo"},"aioseo_meta_data":{"post_id":"71632","title":null,"description":null,"keywords":null,"keyphrases":null,"primary_term":null,"canonical_url":null,"og_title":null,"og_description":null,"og_object_type":"default","og_image_type":"default","og_image_url":null,"og_image_width":null,"og_image_height":null,"og_image_custom_url":null,"og_image_custom_fields":null,"og_video":null,"og_custom_url":null,"og_article_section":null,"og_article_tags":null,"twitter_use_og":false,"twitter_card":"default","twitter_image_type":"default","twitter_image_url":null,"twitter_image_custom_url":null,"twitter_image_custom_fields":null,"twitter_title":null,"twitter_description":null,"schema":{"blockGraphs":[],"customGraphs":[],"default":{"data":{"Article":[],"Course":[],"Dataset":[],"FAQPage":[],"Movie":[],"Person":[],"Product":[],"ProductReview":[],"Car":[],"Recipe":[],"Service":[],"SoftwareApplication":[],"WebPage":[]},"graphName":"","isEnabled":true},"graphs":[]},"schema_type":"default","schema_type_options":null,"pillar_content":false,"robots_default":true,"robots_noindex":false,"robots_noarchive":false,"robots_nosnippet":false,"robots_nofollow":false,"robots_noimageindex":false,"robots_noodp":false,"robots_notranslate":false,"robots_max_snippet":null,"robots_max_videopreview":null,"robots_max_imagepreview":"large","priority":null,"frequency":null,"local_seo":null,"breadcrumb_settings":null,"limit_modified_date":false,"ai":null,"created":"2026-09-05 04:08:31","updated":"2026-09-05 04:08:31","seo_analyzer_scan_date":null,"focus_keyword":null,"additional_keywords":null,"truseo_locale":null},"aioseo_breadcrumb":"<div class=\"aioseo-breadcrumbs\"><span class=\"aioseo-breadcrumb\">\n\t\t\t<a href=\"https:\/\/ejornais.com.br\" title=\"In\u00edcio\">In\u00edcio<\/a>\n\t\t<\/span><span class=\"aioseo-breadcrumb-separator\">&raquo;<\/span><span class=\"aioseo-breadcrumb\">\n\t\t\t<a href=\"https:\/\/ejornais.com.br\/index.php\/category\/ejornais\/\" title=\"Cat\u00e1logo de Jornais\">Cat\u00e1logo de Jornais<\/a>\n\t\t<\/span><span class=\"aioseo-breadcrumb-separator\">&raquo;<\/span><span class=\"aioseo-breadcrumb\">\n\t\t\tCom risco de vendavais, Defesa Civil emite alerta amarelo  \u2013 CGNot\u00edcias\n\t\t<\/span><\/div>","aioseo_breadcrumb_json":[{"label":"In\u00edcio","link":"https:\/\/ejornais.com.br"},{"label":"Cat\u00e1logo de Jornais","link":"https:\/\/ejornais.com.br\/index.php\/category\/ejornais\/"},{"label":"Com risco de vendavais, Defesa Civil emite alerta amarelo\u00a0 \u2013 CGNot\u00edcias","link":"https:\/\/ejornais.com.br\/index.php\/2026\/09\/03\/com-risco-de-vendavais-defesa-civil-emite-alerta-amarelo-cgnoticias-3\/"}],"amp_enabled":true,"_links":{"self":[{"href":"https:\/\/ejornais.com.br\/index.php\/wp-json\/wp\/v2\/posts\/71632","targetHints":{"allow":["GET"]}}],"collection":[{"href":"https:\/\/ejornais.com.br\/index.php\/wp-json\/wp\/v2\/posts"}],"about":[{"href":"https:\/\/ejornais.com.br\/index.php\/wp-json\/wp\/v2\/types\/post"}],"author":[{"embeddable":true,"href":"https:\/\/ejornais.com.br\/index.php\/wp-json\/wp\/v2\/users\/2"}],"replies":[{"embeddable":true,"href":"https:\/\/ejornais.com.br\/index.php\/wp-json\/wp\/v2\/comments?post=71632"}],"version-history":[{"count":0,"href":"https:\/\/ejornais.com.br\/index.php\/wp-json\/wp\/v2\/posts\/71632\/revisions"}],"wp:attachment":[{"href":"https:\/\/ejornais.com.br\/index.php\/wp-json\/wp\/v2\/media?parent=71632"}],"wp:term":[{"taxonomy":"category","embeddable":true,"href":"https:\/\/ejornais.com.br\/index.php\/wp-json\/wp\/v2\/categories?post=71632"},{"taxonomy":"post_tag","embeddable":true,"href":"https:\/\/ejornais.com.br\/index.php\/wp-json\/wp\/v2\/tags?post=71632"}],"curies":[{"name":"wp","href":"https:\/\/api.w.org\/{rel}","templated":true}]}}