{"id":71633,"date":"2026-09-04T00:10:45","date_gmt":"2026-09-04T03:10:45","guid":{"rendered":"https:\/\/ejornais.com.br\/index.php\/2026\/09\/04\/cidade-ganha-pontos-extras-de-vacinacao-durante-rock-in-rio-prefeitura-da-cidade-do-rio-de-janeiro\/"},"modified":"2026-09-04T00:10:45","modified_gmt":"2026-09-04T03:10:45","slug":"cidade-ganha-pontos-extras-de-vacinacao-durante-rock-in-rio-prefeitura-da-cidade-do-rio-de-janeiro","status":"publish","type":"post","link":"https:\/\/ejornais.com.br\/index.php\/2026\/09\/04\/cidade-ganha-pontos-extras-de-vacinacao-durante-rock-in-rio-prefeitura-da-cidade-do-rio-de-janeiro\/","title":{"rendered":"Cidade ganha pontos extras de vacina\u00e7\u00e3o durante Rock in Rio &#8211; Prefeitura da Cidade do Rio de Janeiro"},"content":{"rendered":"<p><\/p>\n<div id=\"main\">\n<div class=\"wrapper-breadcrumbs\" wp_automatic_readability=\"81.03390567268\">\n<div class=\"image-post\" wp_automatic_readability=\"34\">\n                     Com milhares de visitantes na cidade, SMS refor\u00e7a prote\u00e7\u00e3o da popula\u00e7\u00e3o contra o sarampo &#8211; Divulga\u00e7\u00e3o \/ SMS                  <\/div>\n<p>Com a grande circula\u00e7\u00e3o de pessoas no Rio para os sete dias do Rock in Rio, que come\u00e7a esta semana, no Parque Ol\u00edmpico da Barra da Tijuca, a Secretaria Municipal de Sa\u00fade (SMS) iniciou nesta quinta-feira (3\/9) a\u00e7\u00e3o de intensifica\u00e7\u00e3o da imuniza\u00e7\u00e3o contra o sarampo na cidade. Pontos de vacina\u00e7\u00e3o (PV) est\u00e3o montados nos principais port\u00f5es de entrada do munic\u00edpio e em locais de grande circula\u00e7\u00e3o de pessoas. A medida visa refor\u00e7ar a prote\u00e7\u00e3o da popula\u00e7\u00e3o no per\u00edodo em que a cidade receber\u00e1 pessoas vindas de diversos estados e pa\u00edses, incluindo lugares onde h\u00e1 casos recentes da doen\u00e7a.<\/p>\n<p>S\u00e3o sete PVs que come\u00e7aram a funcionar nesta quinta-feira e estar\u00e3o abertos nos dias 4, 5, 10, 11 e 12 na Rodovi\u00e1ria do Rio (2\u00ba andar pr\u00f3ximo \u00e0s cadeiras de massagem); aeroportos do Gale\u00e3o (Terminal 2, Desembarque) e Santos Dumont (Desembarque, Port\u00e3o A); na orla de Copacabana (esquina ao lado do Copacabana Palace); na pra\u00e7a da Urca (pr\u00f3ximo ao Bondinho P\u00e3o de A\u00e7\u00facar) e nos shoppings Via Parque (pr\u00f3ximo \u00e0 Pra\u00e7a de Alimenta\u00e7\u00e3o) e Metropolitano Barra (entrada sul). Al\u00e9m da tr\u00edplice viral, que protege contra sarampo, caxumba e rub\u00e9ola, tamb\u00e9m estar\u00e3o dispon\u00edveis as vacinas contra febre amarela e gripe, entre outras.<\/p>\n<p>\u00a0<\/p>\n<p><strong>Confira o funcionamento dos pontos de vacina\u00e7\u00e3o<\/strong><\/p>\n<p><strong>Nos dias 3, 4, 10 e 11 de setembro<\/strong><\/p>\n<p>Rodovi\u00e1ria do Rio \u2013 Hor\u00e1rio: 8h \u00e0s 16h<br \/>Aeroporto Santos Dumont \u2013 Hor\u00e1rio: 9h \u00e0s 17h<br \/>Aeroporto do Gale\u00e3o \u2013 Hor\u00e1rio: 8h \u00e0s 16h<br \/>Copacabana \u2013 Hor\u00e1rio: 9h \u00e0s 16h<br \/>Urca \u2013 Hor\u00e1rio: 9h \u00e0s 16h<br \/>Shopping Via Parque \u2013 Hor\u00e1rio: 10h \u00e0s 17h<br \/>Shopping Metropolitano Barra \u2013 Hor\u00e1rio: 10h \u00e0s 17h<\/p>\n<p><strong>Nos dias 5 e 12 de setembro<\/strong><\/p>\n<p>Rodovi\u00e1ria do Rio \u2013 Hor\u00e1rio: 8h \u00e0s 12h<br \/>Aeroporto Santos Dumont \u2013 Hor\u00e1rio: 8h \u00e0s 12h<br \/>Aeroporto do Gale\u00e3o \u2013 Hor\u00e1rio: 8h \u00e0s 12h<br \/>Copacabana \u2013 Hor\u00e1rio: 9h \u00e0s 12h<br \/>Urca \u2013 Hor\u00e1rio: 9h \u00e0s 12h<br \/>Shopping Via Parque \u2013 Hor\u00e1rio: 10h \u00e0s 14h<br \/>Shopping Metropolitano Barra \u2013 Hor\u00e1rio: 10h \u00e0s 14h<\/p>\n<p>\u00a0<\/p>\n<p><strong>Campanha de Multivacina\u00e7\u00e3o continua em toda a rede<\/strong><\/p>\n<p>A rede municipal de sa\u00fade tamb\u00e9m segue com a Campanha de Multivacina\u00e7\u00e3o para crian\u00e7as e adolescentes menores de 15 anos. A iniciativa foi prorrogada para at\u00e9 12 de setembro a fim de dar a oportunidade aos pais e respons\u00e1veis de atualizarem o esquema vacinal dos pequenos. Nesta sexta-feira (4) todas as unidades ter\u00e3o funcionamento normal, em seus respectivos hor\u00e1rios.<\/p>\n<p>Todas as vacinas previstas no Calend\u00e1rio Nacional de Vacina\u00e7\u00e3o est\u00e3o dispon\u00edveis nas unidades de sa\u00fade, conforme a faixa et\u00e1ria e a situa\u00e7\u00e3o vacinal de cada crian\u00e7a ou adolescente. Entre os imunizantes dispon\u00edveis para as crian\u00e7as est\u00e3o os imunizantes BCG, hepatites A e B, pentavalente, poliomielite (VIP), rotav\u00edrus, pneumoc\u00f3cicas, meningoc\u00f3cica C, febre amarela, tr\u00edplice viral, varicela, DTP, influenza e covid-19. J\u00e1 para os adolescentes, haver\u00e1 vacinas contra HPV (9 a 19 anos), meningoc\u00f3cica ACWY (11 a 14 anos), dengue (10 a 14 anos) e influenza.<\/p>\n<p>Para a vacina\u00e7\u00e3o, pais ou respons\u00e1veis devem apresentar documento de identifica\u00e7\u00e3o da crian\u00e7a ou do adolescente e, sempre que poss\u00edvel, a caderneta ou comprovantes de vacina\u00e7\u00e3o, para que a equipe de sa\u00fade possa avaliar o hist\u00f3rico vacinal.<\/p>\n<p>Os imunizantes est\u00e3o dispon\u00edveis em todas as 242 unidades de Aten\u00e7\u00e3o Prim\u00e1ria (cl\u00ednicas da fam\u00edlia e centros municipais de sa\u00fade) do munic\u00edpio e nas unidades do Super Centro Carioca de Vacina\u00e7\u00e3o em Botafogo (aberta todos os dias, das 8h \u00e0s 22h), na Zona Oeste (no ParkShoppingCampoGrande, seguindo o hor\u00e1rio de funcionamento do shopping) e na Zona Norte (Shopping Nova Am\u00e9rica). Para saber a unidade de Aten\u00e7\u00e3o Prim\u00e1ria mais pr\u00f3xima, basta acessar o portal Onde Ser Atendido.<\/p>\n<p>             <!-- Compartilhe ---><\/p>\n<p>\t\t\t <!-- TAGS --><\/p>\n<section class=\"category-tags\">\n<div class=\"marcacao-category\">\n<article class=\"category-post\">\n<p>Categoria: <\/p>\n<\/article>\n<li>3 de setembro de 2026<\/li><\/div>\n<article class=\"tags\">\n\t\t\t\t\tMarca\u00e7\u00f5es: imuniza\u00e7\u00e3o contra sarampo Pontos de vacina\u00e7\u00e3o Sarampo vacina\u00e7\u00e3o<br \/><\/article>\n<\/section>\n<p>            <!-- Mais Not&iacute;cias --><\/p>\n<p>\t\t<!-- Conte&uacute;do SIDEBAR --><\/p><\/div>\n<\/p><\/div>\n","protected":false},"excerpt":{"rendered":"<p>Com milhares de visitantes na cidade, SMS refor\u00e7a prote\u00e7\u00e3o da popula\u00e7\u00e3o contra o sarampo &#8211; Divulga\u00e7\u00e3o \/ SMS Com a<\/p>\n","protected":false},"author":2,"featured_media":0,"comment_status":"","ping_status":"","sticky":false,"template":"","format":"standard","meta":{"colormag_page_container_layout":"default_layout","colormag_page_sidebar_layout":"default_layout","footnotes":""},"categories":[1],"tags":[],"class_list":["post-71633","post","type-post","status-publish","format-standard","hentry","category-ejornais"],"aioseo_notices":[],"aioseo_head":"\n\t\t<!-- All in One SEO 5.0.1.1 - aioseo.com -->\n\t<meta name=\"description\" content=\"Com milhares de visitantes na cidade, SMS refor\u00e7a prote\u00e7\u00e3o da popula\u00e7\u00e3o contra o sarampo - Divulga\u00e7\u00e3o \/ SMS Com a grande circula\u00e7\u00e3o de pessoas no Rio para os sete dias do Rock in Rio, que come\u00e7a esta semana, no Parque Ol\u00edmpico da Barra da Tijuca, a Secretaria Municipal de Sa\u00fade (SMS) iniciou nesta quinta-feira (3\/9)\" \/>\n\t<meta name=\"robots\" content=\"max-image-preview:large\" \/>\n\t<meta name=\"author\" content=\"admin1\"\/>\n\t<link rel=\"canonical\" href=\"https:\/\/ejornais.com.br\/index.php\/2026\/09\/04\/cidade-ganha-pontos-extras-de-vacinacao-durante-rock-in-rio-prefeitura-da-cidade-do-rio-de-janeiro\/\" \/>\n\t<meta name=\"generator\" content=\"All in One SEO (AIOSEO) 5.0.1.1\" \/>\n\t\t<meta property=\"og:locale\" content=\"pt_BR\" \/>\n\t\t<meta property=\"og:site_name\" content=\"eJornais - Cat\u00e1logo de Jornais no mundo, Not\u00edcias, Blog e Esportes ao vivo\" \/>\n\t\t<meta property=\"og:type\" content=\"article\" \/>\n\t\t<meta property=\"og:title\" content=\"Cidade ganha pontos extras de vacina\u00e7\u00e3o durante Rock in Rio \u2013 Prefeitura da Cidade do Rio de Janeiro - eJornais\" \/>\n\t\t<meta property=\"og:description\" content=\"Com milhares de visitantes na cidade, SMS refor\u00e7a prote\u00e7\u00e3o da popula\u00e7\u00e3o contra o sarampo - Divulga\u00e7\u00e3o \/ SMS Com a grande circula\u00e7\u00e3o de pessoas no Rio para os sete dias do Rock in Rio, que come\u00e7a esta semana, no Parque Ol\u00edmpico da Barra da Tijuca, a Secretaria Municipal de Sa\u00fade (SMS) iniciou nesta quinta-feira (3\/9)\" \/>\n\t\t<meta property=\"og:url\" content=\"https:\/\/ejornais.com.br\/index.php\/2026\/09\/04\/cidade-ganha-pontos-extras-de-vacinacao-durante-rock-in-rio-prefeitura-da-cidade-do-rio-de-janeiro\/\" \/>\n\t\t<meta property=\"article:published_time\" content=\"2026-09-04T03:10:45+00:00\" \/>\n\t\t<meta property=\"article:modified_time\" content=\"2026-09-04T03:10:45+00:00\" \/>\n\t\t<meta name=\"twitter:card\" content=\"summary_large_image\" \/>\n\t\t<meta name=\"twitter:title\" content=\"Cidade ganha pontos extras de vacina\u00e7\u00e3o durante Rock in Rio \u2013 Prefeitura da Cidade do Rio de Janeiro - eJornais\" \/>\n\t\t<meta name=\"twitter:description\" content=\"Com milhares de visitantes na cidade, SMS refor\u00e7a prote\u00e7\u00e3o da popula\u00e7\u00e3o contra o sarampo - Divulga\u00e7\u00e3o \/ SMS Com a grande circula\u00e7\u00e3o de pessoas no Rio para os sete dias do Rock in Rio, que come\u00e7a esta semana, no Parque Ol\u00edmpico da Barra da Tijuca, a Secretaria Municipal de Sa\u00fade (SMS) iniciou nesta quinta-feira (3\/9)\" \/>\n\t\t<script type=\"application\/ld+json\" class=\"aioseo-schema\">\n\t\t\t{\"@context\":\"https:\\\/\\\/schema.org\",\"@graph\":[{\"@type\":\"BlogPosting\",\"@id\":\"https:\\\/\\\/ejornais.com.br\\\/index.php\\\/2026\\\/09\\\/04\\\/cidade-ganha-pontos-extras-de-vacinacao-durante-rock-in-rio-prefeitura-da-cidade-do-rio-de-janeiro\\\/#blogposting\",\"name\":\"Cidade ganha pontos extras de vacina\\u00e7\\u00e3o durante Rock in Rio \\u2013 Prefeitura da Cidade do Rio de Janeiro - eJornais\",\"headline\":\"Cidade ganha pontos extras de vacina\\u00e7\\u00e3o durante Rock in Rio &#8211; Prefeitura da Cidade do Rio de Janeiro\",\"author\":{\"@id\":\"https:\\\/\\\/ejornais.com.br\\\/index.php\\\/author\\\/admin1\\\/#author\"},\"publisher\":{\"@id\":\"https:\\\/\\\/ejornais.com.br\\\/#organization\"},\"datePublished\":\"2026-09-04T00:10:45-03:00\",\"dateModified\":\"2026-09-04T00:10:45-03:00\",\"inLanguage\":\"pt-BR\",\"mainEntityOfPage\":{\"@id\":\"https:\\\/\\\/ejornais.com.br\\\/index.php\\\/2026\\\/09\\\/04\\\/cidade-ganha-pontos-extras-de-vacinacao-durante-rock-in-rio-prefeitura-da-cidade-do-rio-de-janeiro\\\/#webpage\"},\"isPartOf\":{\"@id\":\"https:\\\/\\\/ejornais.com.br\\\/index.php\\\/2026\\\/09\\\/04\\\/cidade-ganha-pontos-extras-de-vacinacao-durante-rock-in-rio-prefeitura-da-cidade-do-rio-de-janeiro\\\/#webpage\"},\"articleSection\":\"Cat\\u00e1logo de Jornais\"},{\"@type\":\"BreadcrumbList\",\"@id\":\"https:\\\/\\\/ejornais.com.br\\\/index.php\\\/2026\\\/09\\\/04\\\/cidade-ganha-pontos-extras-de-vacinacao-durante-rock-in-rio-prefeitura-da-cidade-do-rio-de-janeiro\\\/#breadcrumblist\",\"itemListElement\":[{\"@type\":\"ListItem\",\"@id\":\"https:\\\/\\\/ejornais.com.br#listItem\",\"position\":1,\"name\":\"In\\u00edcio\",\"item\":\"https:\\\/\\\/ejornais.com.br\",\"nextItem\":{\"@type\":\"ListItem\",\"@id\":\"https:\\\/\\\/ejornais.com.br\\\/index.php\\\/category\\\/ejornais\\\/#listItem\",\"name\":\"Cat\\u00e1logo de Jornais\"}},{\"@type\":\"ListItem\",\"@id\":\"https:\\\/\\\/ejornais.com.br\\\/index.php\\\/category\\\/ejornais\\\/#listItem\",\"position\":2,\"name\":\"Cat\\u00e1logo de Jornais\",\"item\":\"https:\\\/\\\/ejornais.com.br\\\/index.php\\\/category\\\/ejornais\\\/\",\"nextItem\":{\"@type\":\"ListItem\",\"@id\":\"https:\\\/\\\/ejornais.com.br\\\/index.php\\\/2026\\\/09\\\/04\\\/cidade-ganha-pontos-extras-de-vacinacao-durante-rock-in-rio-prefeitura-da-cidade-do-rio-de-janeiro\\\/#listItem\",\"name\":\"Cidade ganha pontos extras de vacina\\u00e7\\u00e3o durante Rock in Rio &#8211; Prefeitura da Cidade do Rio de Janeiro\"},\"previousItem\":{\"@type\":\"ListItem\",\"@id\":\"https:\\\/\\\/ejornais.com.br#listItem\",\"name\":\"In\\u00edcio\"}},{\"@type\":\"ListItem\",\"@id\":\"https:\\\/\\\/ejornais.com.br\\\/index.php\\\/2026\\\/09\\\/04\\\/cidade-ganha-pontos-extras-de-vacinacao-durante-rock-in-rio-prefeitura-da-cidade-do-rio-de-janeiro\\\/#listItem\",\"position\":3,\"name\":\"Cidade ganha pontos extras de vacina\\u00e7\\u00e3o durante Rock in Rio &#8211; Prefeitura da Cidade do Rio de Janeiro\",\"previousItem\":{\"@type\":\"ListItem\",\"@id\":\"https:\\\/\\\/ejornais.com.br\\\/index.php\\\/category\\\/ejornais\\\/#listItem\",\"name\":\"Cat\\u00e1logo de Jornais\"}}]},{\"@type\":\"Organization\",\"@id\":\"https:\\\/\\\/ejornais.com.br\\\/#organization\",\"name\":\"eJornais\",\"description\":\"Cat\\u00e1logo de Jornais no mundo, Not\\u00edcias, Blog e Esportes ao vivo\",\"url\":\"https:\\\/\\\/ejornais.com.br\\\/\"},{\"@type\":\"Person\",\"@id\":\"https:\\\/\\\/ejornais.com.br\\\/index.php\\\/author\\\/admin1\\\/#author\",\"url\":\"https:\\\/\\\/ejornais.com.br\\\/index.php\\\/author\\\/admin1\\\/\",\"name\":\"admin1\",\"image\":{\"@type\":\"ImageObject\",\"@id\":\"https:\\\/\\\/ejornais.com.br\\\/index.php\\\/2026\\\/09\\\/04\\\/cidade-ganha-pontos-extras-de-vacinacao-durante-rock-in-rio-prefeitura-da-cidade-do-rio-de-janeiro\\\/#authorImage\",\"url\":\"https:\\\/\\\/secure.gravatar.com\\\/avatar\\\/04084e6d73c042b8646e7c17b494073bf0ede3ea13c7105cfc45cbbbc28385a4?s=96&d=mm&r=g\",\"width\":96,\"height\":96,\"caption\":\"admin1\"}},{\"@type\":\"WebPage\",\"@id\":\"https:\\\/\\\/ejornais.com.br\\\/index.php\\\/2026\\\/09\\\/04\\\/cidade-ganha-pontos-extras-de-vacinacao-durante-rock-in-rio-prefeitura-da-cidade-do-rio-de-janeiro\\\/#webpage\",\"url\":\"https:\\\/\\\/ejornais.com.br\\\/index.php\\\/2026\\\/09\\\/04\\\/cidade-ganha-pontos-extras-de-vacinacao-durante-rock-in-rio-prefeitura-da-cidade-do-rio-de-janeiro\\\/\",\"name\":\"Cidade ganha pontos extras de vacina\\u00e7\\u00e3o durante Rock in Rio \\u2013 Prefeitura da Cidade do Rio de Janeiro - eJornais\",\"description\":\"Com milhares de visitantes na cidade, SMS refor\\u00e7a prote\\u00e7\\u00e3o da popula\\u00e7\\u00e3o contra o sarampo - Divulga\\u00e7\\u00e3o \\\/ SMS Com a grande circula\\u00e7\\u00e3o de pessoas no Rio para os sete dias do Rock in Rio, que come\\u00e7a esta semana, no Parque Ol\\u00edmpico da Barra da Tijuca, a Secretaria Municipal de Sa\\u00fade (SMS) iniciou nesta quinta-feira (3\\\/9)\",\"inLanguage\":\"pt-BR\",\"isPartOf\":{\"@id\":\"https:\\\/\\\/ejornais.com.br\\\/#website\"},\"breadcrumb\":{\"@id\":\"https:\\\/\\\/ejornais.com.br\\\/index.php\\\/2026\\\/09\\\/04\\\/cidade-ganha-pontos-extras-de-vacinacao-durante-rock-in-rio-prefeitura-da-cidade-do-rio-de-janeiro\\\/#breadcrumblist\"},\"author\":{\"@id\":\"https:\\\/\\\/ejornais.com.br\\\/index.php\\\/author\\\/admin1\\\/#author\"},\"creator\":{\"@id\":\"https:\\\/\\\/ejornais.com.br\\\/index.php\\\/author\\\/admin1\\\/#author\"},\"datePublished\":\"2026-09-04T00:10:45-03:00\",\"dateModified\":\"2026-09-04T00:10:45-03:00\"},{\"@type\":\"WebSite\",\"@id\":\"https:\\\/\\\/ejornais.com.br\\\/#website\",\"url\":\"https:\\\/\\\/ejornais.com.br\\\/\",\"name\":\"eJornais\",\"description\":\"Cat\\u00e1logo de Jornais no mundo, Not\\u00edcias, Blog e Esportes ao vivo\",\"inLanguage\":\"pt-BR\",\"publisher\":{\"@id\":\"https:\\\/\\\/ejornais.com.br\\\/#organization\"}}]}\n\t\t<\/script>\n\t\t<!-- All in One SEO -->\n\n","aioseo_head_json":{"title":"Cidade ganha pontos extras de vacina\u00e7\u00e3o durante Rock in Rio \u2013 Prefeitura da Cidade do Rio de Janeiro - eJornais","description":"Com milhares de visitantes na cidade, SMS refor\u00e7a prote\u00e7\u00e3o da popula\u00e7\u00e3o contra o sarampo - Divulga\u00e7\u00e3o \/ SMS Com a grande circula\u00e7\u00e3o de pessoas no Rio para os sete dias do Rock in Rio, que come\u00e7a esta semana, no Parque Ol\u00edmpico da Barra da Tijuca, a Secretaria Municipal de Sa\u00fade (SMS) iniciou nesta quinta-feira (3\/9)","canonical_url":"https:\/\/ejornais.com.br\/index.php\/2026\/09\/04\/cidade-ganha-pontos-extras-de-vacinacao-durante-rock-in-rio-prefeitura-da-cidade-do-rio-de-janeiro\/","robots":"max-image-preview:large","keywords":"","webmasterTools":{"miscellaneous":""},"schema":{"@context":"https:\/\/schema.org","@graph":[{"@type":"BlogPosting","@id":"https:\/\/ejornais.com.br\/index.php\/2026\/09\/04\/cidade-ganha-pontos-extras-de-vacinacao-durante-rock-in-rio-prefeitura-da-cidade-do-rio-de-janeiro\/#blogposting","name":"Cidade ganha pontos extras de vacina\u00e7\u00e3o durante Rock in Rio \u2013 Prefeitura da Cidade do Rio de Janeiro - eJornais","headline":"Cidade ganha pontos extras de vacina\u00e7\u00e3o durante Rock in Rio &#8211; Prefeitura da Cidade do Rio de Janeiro","author":{"@id":"https:\/\/ejornais.com.br\/index.php\/author\/admin1\/#author"},"publisher":{"@id":"https:\/\/ejornais.com.br\/#organization"},"datePublished":"2026-09-04T00:10:45-03:00","dateModified":"2026-09-04T00:10:45-03:00","inLanguage":"pt-BR","mainEntityOfPage":{"@id":"https:\/\/ejornais.com.br\/index.php\/2026\/09\/04\/cidade-ganha-pontos-extras-de-vacinacao-durante-rock-in-rio-prefeitura-da-cidade-do-rio-de-janeiro\/#webpage"},"isPartOf":{"@id":"https:\/\/ejornais.com.br\/index.php\/2026\/09\/04\/cidade-ganha-pontos-extras-de-vacinacao-durante-rock-in-rio-prefeitura-da-cidade-do-rio-de-janeiro\/#webpage"},"articleSection":"Cat\u00e1logo de Jornais"},{"@type":"BreadcrumbList","@id":"https:\/\/ejornais.com.br\/index.php\/2026\/09\/04\/cidade-ganha-pontos-extras-de-vacinacao-durante-rock-in-rio-prefeitura-da-cidade-do-rio-de-janeiro\/#breadcrumblist","itemListElement":[{"@type":"ListItem","@id":"https:\/\/ejornais.com.br#listItem","position":1,"name":"In\u00edcio","item":"https:\/\/ejornais.com.br","nextItem":{"@type":"ListItem","@id":"https:\/\/ejornais.com.br\/index.php\/category\/ejornais\/#listItem","name":"Cat\u00e1logo de Jornais"}},{"@type":"ListItem","@id":"https:\/\/ejornais.com.br\/index.php\/category\/ejornais\/#listItem","position":2,"name":"Cat\u00e1logo de Jornais","item":"https:\/\/ejornais.com.br\/index.php\/category\/ejornais\/","nextItem":{"@type":"ListItem","@id":"https:\/\/ejornais.com.br\/index.php\/2026\/09\/04\/cidade-ganha-pontos-extras-de-vacinacao-durante-rock-in-rio-prefeitura-da-cidade-do-rio-de-janeiro\/#listItem","name":"Cidade ganha pontos extras de vacina\u00e7\u00e3o durante Rock in Rio &#8211; Prefeitura da Cidade do Rio de Janeiro"},"previousItem":{"@type":"ListItem","@id":"https:\/\/ejornais.com.br#listItem","name":"In\u00edcio"}},{"@type":"ListItem","@id":"https:\/\/ejornais.com.br\/index.php\/2026\/09\/04\/cidade-ganha-pontos-extras-de-vacinacao-durante-rock-in-rio-prefeitura-da-cidade-do-rio-de-janeiro\/#listItem","position":3,"name":"Cidade ganha pontos extras de vacina\u00e7\u00e3o durante Rock in Rio &#8211; Prefeitura da Cidade do Rio de Janeiro","previousItem":{"@type":"ListItem","@id":"https:\/\/ejornais.com.br\/index.php\/category\/ejornais\/#listItem","name":"Cat\u00e1logo de Jornais"}}]},{"@type":"Organization","@id":"https:\/\/ejornais.com.br\/#organization","name":"eJornais","description":"Cat\u00e1logo de Jornais no mundo, Not\u00edcias, Blog e Esportes ao vivo","url":"https:\/\/ejornais.com.br\/"},{"@type":"Person","@id":"https:\/\/ejornais.com.br\/index.php\/author\/admin1\/#author","url":"https:\/\/ejornais.com.br\/index.php\/author\/admin1\/","name":"admin1","image":{"@type":"ImageObject","@id":"https:\/\/ejornais.com.br\/index.php\/2026\/09\/04\/cidade-ganha-pontos-extras-de-vacinacao-durante-rock-in-rio-prefeitura-da-cidade-do-rio-de-janeiro\/#authorImage","url":"https:\/\/secure.gravatar.com\/avatar\/04084e6d73c042b8646e7c17b494073bf0ede3ea13c7105cfc45cbbbc28385a4?s=96&d=mm&r=g","width":96,"height":96,"caption":"admin1"}},{"@type":"WebPage","@id":"https:\/\/ejornais.com.br\/index.php\/2026\/09\/04\/cidade-ganha-pontos-extras-de-vacinacao-durante-rock-in-rio-prefeitura-da-cidade-do-rio-de-janeiro\/#webpage","url":"https:\/\/ejornais.com.br\/index.php\/2026\/09\/04\/cidade-ganha-pontos-extras-de-vacinacao-durante-rock-in-rio-prefeitura-da-cidade-do-rio-de-janeiro\/","name":"Cidade ganha pontos extras de vacina\u00e7\u00e3o durante Rock in Rio \u2013 Prefeitura da Cidade do Rio de Janeiro - eJornais","description":"Com milhares de visitantes na cidade, SMS refor\u00e7a prote\u00e7\u00e3o da popula\u00e7\u00e3o contra o sarampo - Divulga\u00e7\u00e3o \/ SMS Com a grande circula\u00e7\u00e3o de pessoas no Rio para os sete dias do Rock in Rio, que come\u00e7a esta semana, no Parque Ol\u00edmpico da Barra da Tijuca, a Secretaria Municipal de Sa\u00fade (SMS) iniciou nesta quinta-feira (3\/9)","inLanguage":"pt-BR","isPartOf":{"@id":"https:\/\/ejornais.com.br\/#website"},"breadcrumb":{"@id":"https:\/\/ejornais.com.br\/index.php\/2026\/09\/04\/cidade-ganha-pontos-extras-de-vacinacao-durante-rock-in-rio-prefeitura-da-cidade-do-rio-de-janeiro\/#breadcrumblist"},"author":{"@id":"https:\/\/ejornais.com.br\/index.php\/author\/admin1\/#author"},"creator":{"@id":"https:\/\/ejornais.com.br\/index.php\/author\/admin1\/#author"},"datePublished":"2026-09-04T00:10:45-03:00","dateModified":"2026-09-04T00:10:45-03:00"},{"@type":"WebSite","@id":"https:\/\/ejornais.com.br\/#website","url":"https:\/\/ejornais.com.br\/","name":"eJornais","description":"Cat\u00e1logo de Jornais no mundo, Not\u00edcias, Blog e Esportes ao vivo","inLanguage":"pt-BR","publisher":{"@id":"https:\/\/ejornais.com.br\/#organization"}}]},"og:locale":"pt_BR","og:site_name":"eJornais - Cat\u00e1logo de Jornais no mundo, Not\u00edcias, Blog e Esportes ao vivo","og:type":"article","og:title":"Cidade ganha pontos extras de vacina\u00e7\u00e3o durante Rock in Rio \u2013 Prefeitura da Cidade do Rio de Janeiro - eJornais","og:description":"Com milhares de visitantes na cidade, SMS refor\u00e7a prote\u00e7\u00e3o da popula\u00e7\u00e3o contra o sarampo - Divulga\u00e7\u00e3o \/ SMS Com a grande circula\u00e7\u00e3o de pessoas no Rio para os sete dias do Rock in Rio, que come\u00e7a esta semana, no Parque Ol\u00edmpico da Barra da Tijuca, a Secretaria Municipal de Sa\u00fade (SMS) iniciou nesta quinta-feira (3\/9)","og:url":"https:\/\/ejornais.com.br\/index.php\/2026\/09\/04\/cidade-ganha-pontos-extras-de-vacinacao-durante-rock-in-rio-prefeitura-da-cidade-do-rio-de-janeiro\/","article:published_time":"2026-09-04T03:10:45+00:00","article:modified_time":"2026-09-04T03:10:45+00:00","twitter:card":"summary_large_image","twitter:title":"Cidade ganha pontos extras de vacina\u00e7\u00e3o durante Rock in Rio \u2013 Prefeitura da Cidade do Rio de Janeiro - eJornais","twitter:description":"Com milhares de visitantes na cidade, SMS refor\u00e7a prote\u00e7\u00e3o da popula\u00e7\u00e3o contra o sarampo - Divulga\u00e7\u00e3o \/ SMS Com a grande circula\u00e7\u00e3o de pessoas no Rio para os sete dias do Rock in Rio, que come\u00e7a esta semana, no Parque Ol\u00edmpico da Barra da Tijuca, a Secretaria Municipal de Sa\u00fade (SMS) iniciou nesta quinta-feira (3\/9)"},"aioseo_meta_data":{"post_id":"71633","title":null,"description":null,"keywords":null,"keyphrases":null,"primary_term":null,"canonical_url":null,"og_title":null,"og_description":null,"og_object_type":"default","og_image_type":"default","og_image_url":null,"og_image_width":null,"og_image_height":null,"og_image_custom_url":null,"og_image_custom_fields":null,"og_video":null,"og_custom_url":null,"og_article_section":null,"og_article_tags":null,"twitter_use_og":false,"twitter_card":"default","twitter_image_type":"default","twitter_image_url":null,"twitter_image_custom_url":null,"twitter_image_custom_fields":null,"twitter_title":null,"twitter_description":null,"schema":{"blockGraphs":[],"customGraphs":[],"default":{"data":{"Article":[],"Course":[],"Dataset":[],"FAQPage":[],"Movie":[],"Person":[],"Product":[],"ProductReview":[],"Car":[],"Recipe":[],"Service":[],"SoftwareApplication":[],"WebPage":[]},"graphName":"","isEnabled":true},"graphs":[]},"schema_type":"default","schema_type_options":null,"pillar_content":false,"robots_default":true,"robots_noindex":false,"robots_noarchive":false,"robots_nosnippet":false,"robots_nofollow":false,"robots_noimageindex":false,"robots_noodp":false,"robots_notranslate":false,"robots_max_snippet":null,"robots_max_videopreview":null,"robots_max_imagepreview":"large","priority":null,"frequency":null,"local_seo":null,"breadcrumb_settings":null,"limit_modified_date":false,"ai":null,"created":"2026-09-05 04:08:31","updated":"2026-09-05 04:08:31","seo_analyzer_scan_date":null,"focus_keyword":null,"additional_keywords":null,"truseo_locale":null},"aioseo_breadcrumb":"<div class=\"aioseo-breadcrumbs\"><span class=\"aioseo-breadcrumb\">\n\t\t\t<a href=\"https:\/\/ejornais.com.br\" title=\"In\u00edcio\">In\u00edcio<\/a>\n\t\t<\/span><span class=\"aioseo-breadcrumb-separator\">&raquo;<\/span><span class=\"aioseo-breadcrumb\">\n\t\t\t<a href=\"https:\/\/ejornais.com.br\/index.php\/category\/ejornais\/\" title=\"Cat\u00e1logo de Jornais\">Cat\u00e1logo de Jornais<\/a>\n\t\t<\/span><span class=\"aioseo-breadcrumb-separator\">&raquo;<\/span><span class=\"aioseo-breadcrumb\">\n\t\t\tCidade ganha pontos extras de vacina\u00e7\u00e3o durante Rock in Rio \u2013 Prefeitura da Cidade do Rio de Janeiro\n\t\t<\/span><\/div>","aioseo_breadcrumb_json":[{"label":"In\u00edcio","link":"https:\/\/ejornais.com.br"},{"label":"Cat\u00e1logo de Jornais","link":"https:\/\/ejornais.com.br\/index.php\/category\/ejornais\/"},{"label":"Cidade ganha pontos extras de vacina\u00e7\u00e3o durante Rock in Rio &#8211; Prefeitura da Cidade do Rio de Janeiro","link":"https:\/\/ejornais.com.br\/index.php\/2026\/09\/04\/cidade-ganha-pontos-extras-de-vacinacao-durante-rock-in-rio-prefeitura-da-cidade-do-rio-de-janeiro\/"}],"amp_enabled":true,"_links":{"self":[{"href":"https:\/\/ejornais.com.br\/index.php\/wp-json\/wp\/v2\/posts\/71633","targetHints":{"allow":["GET"]}}],"collection":[{"href":"https:\/\/ejornais.com.br\/index.php\/wp-json\/wp\/v2\/posts"}],"about":[{"href":"https:\/\/ejornais.com.br\/index.php\/wp-json\/wp\/v2\/types\/post"}],"author":[{"embeddable":true,"href":"https:\/\/ejornais.com.br\/index.php\/wp-json\/wp\/v2\/users\/2"}],"replies":[{"embeddable":true,"href":"https:\/\/ejornais.com.br\/index.php\/wp-json\/wp\/v2\/comments?post=71633"}],"version-history":[{"count":0,"href":"https:\/\/ejornais.com.br\/index.php\/wp-json\/wp\/v2\/posts\/71633\/revisions"}],"wp:attachment":[{"href":"https:\/\/ejornais.com.br\/index.php\/wp-json\/wp\/v2\/media?parent=71633"}],"wp:term":[{"taxonomy":"category","embeddable":true,"href":"https:\/\/ejornais.com.br\/index.php\/wp-json\/wp\/v2\/categories?post=71633"},{"taxonomy":"post_tag","embeddable":true,"href":"https:\/\/ejornais.com.br\/index.php\/wp-json\/wp\/v2\/tags?post=71633"}],"curies":[{"name":"wp","href":"https:\/\/api.w.org\/{rel}","templated":true}]}}