{"id":71636,"date":"2026-09-04T02:17:10","date_gmt":"2026-09-04T05:17:10","guid":{"rendered":"https:\/\/ejornais.com.br\/index.php\/2026\/09\/04\/centro-comercial-de-passagem-volta-a-funcionar-nesta-sexta-feira-apos-assinatura-de-termo-de-compromisso\/"},"modified":"2026-09-04T02:17:10","modified_gmt":"2026-09-04T05:17:10","slug":"centro-comercial-de-passagem-volta-a-funcionar-nesta-sexta-feira-apos-assinatura-de-termo-de-compromisso","status":"publish","type":"post","link":"https:\/\/ejornais.com.br\/index.php\/2026\/09\/04\/centro-comercial-de-passagem-volta-a-funcionar-nesta-sexta-feira-apos-assinatura-de-termo-de-compromisso\/","title":{"rendered":"Centro Comercial de Passagem volta a funcionar nesta sexta-feira, ap\u00f3s\u00a0assinatura de Termo de Compromisso"},"content":{"rendered":"<p><\/p>\n<div id=\"texto\">\n<p>O Centro Comercial de Passagem (CCP), um dos cinco shoppings populares localizados no Centro de Jo\u00e3o Pessoa, ser\u00e1 reaberto de forma parcial nesta sexta-feira (4). Ap\u00f3s reuni\u00e3o e assinatura de um Termo de Compromisso entre a Secretaria de Desenvolvimento Urbano (Sedurb) e a Comiss\u00e3o de Permission\u00e1rios do CCP, com normas de funcionamento e seguran\u00e7a, ser\u00e1 poss\u00edvel o retorno das atividades no local.<\/p>\n<p>Um dos itens do acordo que permitir\u00e1 a reabertura do Centro Comercial de Passagem ser\u00e1 a contrata\u00e7\u00e3o de uma empresa pela Comiss\u00e3o de Permission\u00e1rios do CCP para elaborar um novo projeto el\u00e9trico para o local. Esse documento dever\u00e1 ser apresentado \u00e0 Sedurb e \u00e0 Secretaria de Infraestrutura (Seinfra) em at\u00e9 30 dias, refor\u00e7ando o cumprimento das normas de seguran\u00e7a previstas no mencionado Termo de Compromisso.<\/p>\n<p>Neste primeiro momento, o Centro Comercial de Passagem funcionar\u00e1 sem o fornecimento de energia el\u00e9trica. Por isso, o hor\u00e1rio de atendimento ao p\u00fablico ser\u00e1 das 7h \u00e0s 16h, de segunda-feira a s\u00e1bado. \u201cAtendendo ao apelo dos comerciantes do CCP e respeitando normas de seguran\u00e7a, ser\u00e1 poss\u00edvel o retorno das atividades comerciais no local, mesmo sem energia el\u00e9trica. O prefeito Leo Bezerra orientou que houvesse um esfor\u00e7o concentrado das secretarias pra que as atividades voltem, mas com seguran\u00e7a. Inclusive, novos extintores j\u00e1 est\u00e3o dispon\u00edveis no local\u201d, disse o secret\u00e1rio de Desenvolvimento Urbano, Marmuthe Cavalcanti.<\/p>\n<p>A reabertura parcial abrange exclusivamente os setores\/blocos n\u00e3o afetados diretamente pelo sinistro ocorrido no dia 27 de agosto do corrente ano, permanecendo integralmente interditadas, isoladas e sem qualquer acesso as \u00e1reas diretamente atingidas pelo inc\u00eandio, conforme determinado pela Defesa Civil Municipal. O descumprimento de qualquer das condicionantes ora pactuadas implicar\u00e1 a imediata revoga\u00e7\u00e3o da autoriza\u00e7\u00e3o de reabertura, com nova interdi\u00e7\u00e3o do equipamento.<\/p>\n<p><strong>Projeto el\u00e9trico<\/strong> \u2013 De acordo com a cl\u00e1usula segunda do Termo de Compromisso, fica expressamente vedada a utiliza\u00e7\u00e3o de energia el\u00e9trica em toda a \u00e1rea do Centro Comercial de Passagem, tanto no interior dos boxes quanto nas \u00e1reas comuns, corredores, cal\u00e7adas, marquises e demais espa\u00e7os externos do equipamento. A energiza\u00e7\u00e3o do shopping popular s\u00f3 ser\u00e1 realizada ap\u00f3s a elabora\u00e7\u00e3o e execu\u00e7\u00e3o de um novo projeto el\u00e9trico e atualizado, e depender\u00e1 de laudo t\u00e9cnico de conformidade emitido pelo respons\u00e1vel t\u00e9cnico, acompanhado da ART correspondente; atesta\u00e7\u00e3o da Seinfra quanto \u00e0 execu\u00e7\u00e3o conforme o projeto aprovado; e autoriza\u00e7\u00e3o formal e expressa da Sedurb.<\/p>\n<p><strong>Linha de cr\u00e9dito<\/strong> \u2013 Ap\u00f3s o inc\u00eandio que atingiu parte do CCP, no \u00faltimo dia 27 de agosto, a Prefeitura de Jo\u00e3o Pessoa esteve mobilizada, a partir de uma for\u00e7a-tarefa, para dar assist\u00eancia aos comerciantes e minimizar os impactos provocados pelo ocorrido. No dia seguinte, ap\u00f3s reuni\u00e3o com os permission\u00e1rios do espa\u00e7o, foi criada uma linha de cr\u00e9dito espec\u00edfica do programa \u2018Eu Posso\u2019, da Secretaria de Desenvolvimento Econ\u00f4mico e Trabalho (Sedest), para atender os comerciantes que sofreram perdas em decorr\u00eancia do inc\u00eandio.<\/p>\n<\/p><\/div>\n","protected":false},"excerpt":{"rendered":"<p>O Centro Comercial de Passagem (CCP), um dos cinco shoppings populares localizados no Centro de Jo\u00e3o Pessoa, ser\u00e1 reaberto de<\/p>\n","protected":false},"author":2,"featured_media":0,"comment_status":"","ping_status":"","sticky":false,"template":"","format":"standard","meta":{"colormag_page_container_layout":"default_layout","colormag_page_sidebar_layout":"default_layout","footnotes":""},"categories":[1],"tags":[],"class_list":["post-71636","post","type-post","status-publish","format-standard","hentry","category-ejornais"],"aioseo_notices":[],"aioseo_head":"\n\t\t<!-- All in One SEO 5.0.1.1 - aioseo.com -->\n\t<meta name=\"description\" content=\"O Centro Comercial de Passagem (CCP), um dos cinco shoppings populares localizados no Centro de Jo\u00e3o Pessoa, ser\u00e1 reaberto de forma parcial nesta sexta-feira (4). Ap\u00f3s reuni\u00e3o e assinatura de um Termo de Compromisso entre a Secretaria de Desenvolvimento Urbano (Sedurb) e a Comiss\u00e3o de Permission\u00e1rios do CCP, com normas de funcionamento e seguran\u00e7a, ser\u00e1\" \/>\n\t<meta name=\"robots\" content=\"max-image-preview:large\" \/>\n\t<meta name=\"author\" content=\"admin1\"\/>\n\t<link rel=\"canonical\" href=\"https:\/\/ejornais.com.br\/index.php\/2026\/09\/04\/centro-comercial-de-passagem-volta-a-funcionar-nesta-sexta-feira-apos-assinatura-de-termo-de-compromisso\/\" \/>\n\t<meta name=\"generator\" content=\"All in One SEO (AIOSEO) 5.0.1.1\" \/>\n\t\t<meta property=\"og:locale\" content=\"pt_BR\" \/>\n\t\t<meta property=\"og:site_name\" content=\"eJornais - Cat\u00e1logo de Jornais no mundo, Not\u00edcias, Blog e Esportes ao vivo\" \/>\n\t\t<meta property=\"og:type\" content=\"article\" \/>\n\t\t<meta property=\"og:title\" content=\"Centro Comercial de Passagem volta a funcionar nesta sexta-feira, ap\u00f3s assinatura de Termo de Compromisso - eJornais\" \/>\n\t\t<meta property=\"og:description\" content=\"O Centro Comercial de Passagem (CCP), um dos cinco shoppings populares localizados no Centro de Jo\u00e3o Pessoa, ser\u00e1 reaberto de forma parcial nesta sexta-feira (4). Ap\u00f3s reuni\u00e3o e assinatura de um Termo de Compromisso entre a Secretaria de Desenvolvimento Urbano (Sedurb) e a Comiss\u00e3o de Permission\u00e1rios do CCP, com normas de funcionamento e seguran\u00e7a, ser\u00e1\" \/>\n\t\t<meta property=\"og:url\" content=\"https:\/\/ejornais.com.br\/index.php\/2026\/09\/04\/centro-comercial-de-passagem-volta-a-funcionar-nesta-sexta-feira-apos-assinatura-de-termo-de-compromisso\/\" \/>\n\t\t<meta property=\"article:published_time\" content=\"2026-09-04T05:17:10+00:00\" \/>\n\t\t<meta property=\"article:modified_time\" content=\"2026-09-04T05:17:10+00:00\" \/>\n\t\t<meta name=\"twitter:card\" content=\"summary_large_image\" \/>\n\t\t<meta name=\"twitter:title\" content=\"Centro Comercial de Passagem volta a funcionar nesta sexta-feira, ap\u00f3s assinatura de Termo de Compromisso - eJornais\" \/>\n\t\t<meta name=\"twitter:description\" content=\"O Centro Comercial de Passagem (CCP), um dos cinco shoppings populares localizados no Centro de Jo\u00e3o Pessoa, ser\u00e1 reaberto de forma parcial nesta sexta-feira (4). Ap\u00f3s reuni\u00e3o e assinatura de um Termo de Compromisso entre a Secretaria de Desenvolvimento Urbano (Sedurb) e a Comiss\u00e3o de Permission\u00e1rios do CCP, com normas de funcionamento e seguran\u00e7a, ser\u00e1\" \/>\n\t\t<script type=\"application\/ld+json\" class=\"aioseo-schema\">\n\t\t\t{\"@context\":\"https:\\\/\\\/schema.org\",\"@graph\":[{\"@type\":\"BlogPosting\",\"@id\":\"https:\\\/\\\/ejornais.com.br\\\/index.php\\\/2026\\\/09\\\/04\\\/centro-comercial-de-passagem-volta-a-funcionar-nesta-sexta-feira-apos-assinatura-de-termo-de-compromisso\\\/#blogposting\",\"name\":\"Centro Comercial de Passagem volta a funcionar nesta sexta-feira, ap\\u00f3s assinatura de Termo de Compromisso - eJornais\",\"headline\":\"Centro Comercial de Passagem volta a funcionar nesta sexta-feira, ap\\u00f3s\\u00a0assinatura de Termo de Compromisso\",\"author\":{\"@id\":\"https:\\\/\\\/ejornais.com.br\\\/index.php\\\/author\\\/admin1\\\/#author\"},\"publisher\":{\"@id\":\"https:\\\/\\\/ejornais.com.br\\\/#organization\"},\"datePublished\":\"2026-09-04T02:17:10-03:00\",\"dateModified\":\"2026-09-04T02:17:10-03:00\",\"inLanguage\":\"pt-BR\",\"mainEntityOfPage\":{\"@id\":\"https:\\\/\\\/ejornais.com.br\\\/index.php\\\/2026\\\/09\\\/04\\\/centro-comercial-de-passagem-volta-a-funcionar-nesta-sexta-feira-apos-assinatura-de-termo-de-compromisso\\\/#webpage\"},\"isPartOf\":{\"@id\":\"https:\\\/\\\/ejornais.com.br\\\/index.php\\\/2026\\\/09\\\/04\\\/centro-comercial-de-passagem-volta-a-funcionar-nesta-sexta-feira-apos-assinatura-de-termo-de-compromisso\\\/#webpage\"},\"articleSection\":\"Cat\\u00e1logo de Jornais\"},{\"@type\":\"BreadcrumbList\",\"@id\":\"https:\\\/\\\/ejornais.com.br\\\/index.php\\\/2026\\\/09\\\/04\\\/centro-comercial-de-passagem-volta-a-funcionar-nesta-sexta-feira-apos-assinatura-de-termo-de-compromisso\\\/#breadcrumblist\",\"itemListElement\":[{\"@type\":\"ListItem\",\"@id\":\"https:\\\/\\\/ejornais.com.br#listItem\",\"position\":1,\"name\":\"In\\u00edcio\",\"item\":\"https:\\\/\\\/ejornais.com.br\",\"nextItem\":{\"@type\":\"ListItem\",\"@id\":\"https:\\\/\\\/ejornais.com.br\\\/index.php\\\/category\\\/ejornais\\\/#listItem\",\"name\":\"Cat\\u00e1logo de Jornais\"}},{\"@type\":\"ListItem\",\"@id\":\"https:\\\/\\\/ejornais.com.br\\\/index.php\\\/category\\\/ejornais\\\/#listItem\",\"position\":2,\"name\":\"Cat\\u00e1logo de Jornais\",\"item\":\"https:\\\/\\\/ejornais.com.br\\\/index.php\\\/category\\\/ejornais\\\/\",\"nextItem\":{\"@type\":\"ListItem\",\"@id\":\"https:\\\/\\\/ejornais.com.br\\\/index.php\\\/2026\\\/09\\\/04\\\/centro-comercial-de-passagem-volta-a-funcionar-nesta-sexta-feira-apos-assinatura-de-termo-de-compromisso\\\/#listItem\",\"name\":\"Centro Comercial de Passagem volta a funcionar nesta sexta-feira, ap\\u00f3s\\u00a0assinatura de Termo de Compromisso\"},\"previousItem\":{\"@type\":\"ListItem\",\"@id\":\"https:\\\/\\\/ejornais.com.br#listItem\",\"name\":\"In\\u00edcio\"}},{\"@type\":\"ListItem\",\"@id\":\"https:\\\/\\\/ejornais.com.br\\\/index.php\\\/2026\\\/09\\\/04\\\/centro-comercial-de-passagem-volta-a-funcionar-nesta-sexta-feira-apos-assinatura-de-termo-de-compromisso\\\/#listItem\",\"position\":3,\"name\":\"Centro Comercial de Passagem volta a funcionar nesta sexta-feira, ap\\u00f3s\\u00a0assinatura de Termo de Compromisso\",\"previousItem\":{\"@type\":\"ListItem\",\"@id\":\"https:\\\/\\\/ejornais.com.br\\\/index.php\\\/category\\\/ejornais\\\/#listItem\",\"name\":\"Cat\\u00e1logo de Jornais\"}}]},{\"@type\":\"Organization\",\"@id\":\"https:\\\/\\\/ejornais.com.br\\\/#organization\",\"name\":\"eJornais\",\"description\":\"Cat\\u00e1logo de Jornais no mundo, Not\\u00edcias, Blog e Esportes ao vivo\",\"url\":\"https:\\\/\\\/ejornais.com.br\\\/\"},{\"@type\":\"Person\",\"@id\":\"https:\\\/\\\/ejornais.com.br\\\/index.php\\\/author\\\/admin1\\\/#author\",\"url\":\"https:\\\/\\\/ejornais.com.br\\\/index.php\\\/author\\\/admin1\\\/\",\"name\":\"admin1\",\"image\":{\"@type\":\"ImageObject\",\"@id\":\"https:\\\/\\\/ejornais.com.br\\\/index.php\\\/2026\\\/09\\\/04\\\/centro-comercial-de-passagem-volta-a-funcionar-nesta-sexta-feira-apos-assinatura-de-termo-de-compromisso\\\/#authorImage\",\"url\":\"https:\\\/\\\/secure.gravatar.com\\\/avatar\\\/04084e6d73c042b8646e7c17b494073bf0ede3ea13c7105cfc45cbbbc28385a4?s=96&d=mm&r=g\",\"width\":96,\"height\":96,\"caption\":\"admin1\"}},{\"@type\":\"WebPage\",\"@id\":\"https:\\\/\\\/ejornais.com.br\\\/index.php\\\/2026\\\/09\\\/04\\\/centro-comercial-de-passagem-volta-a-funcionar-nesta-sexta-feira-apos-assinatura-de-termo-de-compromisso\\\/#webpage\",\"url\":\"https:\\\/\\\/ejornais.com.br\\\/index.php\\\/2026\\\/09\\\/04\\\/centro-comercial-de-passagem-volta-a-funcionar-nesta-sexta-feira-apos-assinatura-de-termo-de-compromisso\\\/\",\"name\":\"Centro Comercial de Passagem volta a funcionar nesta sexta-feira, ap\\u00f3s assinatura de Termo de Compromisso - eJornais\",\"description\":\"O Centro Comercial de Passagem (CCP), um dos cinco shoppings populares localizados no Centro de Jo\\u00e3o Pessoa, ser\\u00e1 reaberto de forma parcial nesta sexta-feira (4). Ap\\u00f3s reuni\\u00e3o e assinatura de um Termo de Compromisso entre a Secretaria de Desenvolvimento Urbano (Sedurb) e a Comiss\\u00e3o de Permission\\u00e1rios do CCP, com normas de funcionamento e seguran\\u00e7a, ser\\u00e1\",\"inLanguage\":\"pt-BR\",\"isPartOf\":{\"@id\":\"https:\\\/\\\/ejornais.com.br\\\/#website\"},\"breadcrumb\":{\"@id\":\"https:\\\/\\\/ejornais.com.br\\\/index.php\\\/2026\\\/09\\\/04\\\/centro-comercial-de-passagem-volta-a-funcionar-nesta-sexta-feira-apos-assinatura-de-termo-de-compromisso\\\/#breadcrumblist\"},\"author\":{\"@id\":\"https:\\\/\\\/ejornais.com.br\\\/index.php\\\/author\\\/admin1\\\/#author\"},\"creator\":{\"@id\":\"https:\\\/\\\/ejornais.com.br\\\/index.php\\\/author\\\/admin1\\\/#author\"},\"datePublished\":\"2026-09-04T02:17:10-03:00\",\"dateModified\":\"2026-09-04T02:17:10-03:00\"},{\"@type\":\"WebSite\",\"@id\":\"https:\\\/\\\/ejornais.com.br\\\/#website\",\"url\":\"https:\\\/\\\/ejornais.com.br\\\/\",\"name\":\"eJornais\",\"description\":\"Cat\\u00e1logo de Jornais no mundo, Not\\u00edcias, Blog e Esportes ao vivo\",\"inLanguage\":\"pt-BR\",\"publisher\":{\"@id\":\"https:\\\/\\\/ejornais.com.br\\\/#organization\"}}]}\n\t\t<\/script>\n\t\t<!-- All in One SEO -->\n\n","aioseo_head_json":{"title":"Centro Comercial de Passagem volta a funcionar nesta sexta-feira, ap\u00f3s assinatura de Termo de Compromisso - eJornais","description":"O Centro Comercial de Passagem (CCP), um dos cinco shoppings populares localizados no Centro de Jo\u00e3o Pessoa, ser\u00e1 reaberto de forma parcial nesta sexta-feira (4). Ap\u00f3s reuni\u00e3o e assinatura de um Termo de Compromisso entre a Secretaria de Desenvolvimento Urbano (Sedurb) e a Comiss\u00e3o de Permission\u00e1rios do CCP, com normas de funcionamento e seguran\u00e7a, ser\u00e1","canonical_url":"https:\/\/ejornais.com.br\/index.php\/2026\/09\/04\/centro-comercial-de-passagem-volta-a-funcionar-nesta-sexta-feira-apos-assinatura-de-termo-de-compromisso\/","robots":"max-image-preview:large","keywords":"","webmasterTools":{"miscellaneous":""},"schema":{"@context":"https:\/\/schema.org","@graph":[{"@type":"BlogPosting","@id":"https:\/\/ejornais.com.br\/index.php\/2026\/09\/04\/centro-comercial-de-passagem-volta-a-funcionar-nesta-sexta-feira-apos-assinatura-de-termo-de-compromisso\/#blogposting","name":"Centro Comercial de Passagem volta a funcionar nesta sexta-feira, ap\u00f3s assinatura de Termo de Compromisso - eJornais","headline":"Centro Comercial de Passagem volta a funcionar nesta sexta-feira, ap\u00f3s\u00a0assinatura de Termo de Compromisso","author":{"@id":"https:\/\/ejornais.com.br\/index.php\/author\/admin1\/#author"},"publisher":{"@id":"https:\/\/ejornais.com.br\/#organization"},"datePublished":"2026-09-04T02:17:10-03:00","dateModified":"2026-09-04T02:17:10-03:00","inLanguage":"pt-BR","mainEntityOfPage":{"@id":"https:\/\/ejornais.com.br\/index.php\/2026\/09\/04\/centro-comercial-de-passagem-volta-a-funcionar-nesta-sexta-feira-apos-assinatura-de-termo-de-compromisso\/#webpage"},"isPartOf":{"@id":"https:\/\/ejornais.com.br\/index.php\/2026\/09\/04\/centro-comercial-de-passagem-volta-a-funcionar-nesta-sexta-feira-apos-assinatura-de-termo-de-compromisso\/#webpage"},"articleSection":"Cat\u00e1logo de Jornais"},{"@type":"BreadcrumbList","@id":"https:\/\/ejornais.com.br\/index.php\/2026\/09\/04\/centro-comercial-de-passagem-volta-a-funcionar-nesta-sexta-feira-apos-assinatura-de-termo-de-compromisso\/#breadcrumblist","itemListElement":[{"@type":"ListItem","@id":"https:\/\/ejornais.com.br#listItem","position":1,"name":"In\u00edcio","item":"https:\/\/ejornais.com.br","nextItem":{"@type":"ListItem","@id":"https:\/\/ejornais.com.br\/index.php\/category\/ejornais\/#listItem","name":"Cat\u00e1logo de Jornais"}},{"@type":"ListItem","@id":"https:\/\/ejornais.com.br\/index.php\/category\/ejornais\/#listItem","position":2,"name":"Cat\u00e1logo de Jornais","item":"https:\/\/ejornais.com.br\/index.php\/category\/ejornais\/","nextItem":{"@type":"ListItem","@id":"https:\/\/ejornais.com.br\/index.php\/2026\/09\/04\/centro-comercial-de-passagem-volta-a-funcionar-nesta-sexta-feira-apos-assinatura-de-termo-de-compromisso\/#listItem","name":"Centro Comercial de Passagem volta a funcionar nesta sexta-feira, ap\u00f3s\u00a0assinatura de Termo de Compromisso"},"previousItem":{"@type":"ListItem","@id":"https:\/\/ejornais.com.br#listItem","name":"In\u00edcio"}},{"@type":"ListItem","@id":"https:\/\/ejornais.com.br\/index.php\/2026\/09\/04\/centro-comercial-de-passagem-volta-a-funcionar-nesta-sexta-feira-apos-assinatura-de-termo-de-compromisso\/#listItem","position":3,"name":"Centro Comercial de Passagem volta a funcionar nesta sexta-feira, ap\u00f3s\u00a0assinatura de Termo de Compromisso","previousItem":{"@type":"ListItem","@id":"https:\/\/ejornais.com.br\/index.php\/category\/ejornais\/#listItem","name":"Cat\u00e1logo de Jornais"}}]},{"@type":"Organization","@id":"https:\/\/ejornais.com.br\/#organization","name":"eJornais","description":"Cat\u00e1logo de Jornais no mundo, Not\u00edcias, Blog e Esportes ao vivo","url":"https:\/\/ejornais.com.br\/"},{"@type":"Person","@id":"https:\/\/ejornais.com.br\/index.php\/author\/admin1\/#author","url":"https:\/\/ejornais.com.br\/index.php\/author\/admin1\/","name":"admin1","image":{"@type":"ImageObject","@id":"https:\/\/ejornais.com.br\/index.php\/2026\/09\/04\/centro-comercial-de-passagem-volta-a-funcionar-nesta-sexta-feira-apos-assinatura-de-termo-de-compromisso\/#authorImage","url":"https:\/\/secure.gravatar.com\/avatar\/04084e6d73c042b8646e7c17b494073bf0ede3ea13c7105cfc45cbbbc28385a4?s=96&d=mm&r=g","width":96,"height":96,"caption":"admin1"}},{"@type":"WebPage","@id":"https:\/\/ejornais.com.br\/index.php\/2026\/09\/04\/centro-comercial-de-passagem-volta-a-funcionar-nesta-sexta-feira-apos-assinatura-de-termo-de-compromisso\/#webpage","url":"https:\/\/ejornais.com.br\/index.php\/2026\/09\/04\/centro-comercial-de-passagem-volta-a-funcionar-nesta-sexta-feira-apos-assinatura-de-termo-de-compromisso\/","name":"Centro Comercial de Passagem volta a funcionar nesta sexta-feira, ap\u00f3s assinatura de Termo de Compromisso - eJornais","description":"O Centro Comercial de Passagem (CCP), um dos cinco shoppings populares localizados no Centro de Jo\u00e3o Pessoa, ser\u00e1 reaberto de forma parcial nesta sexta-feira (4). Ap\u00f3s reuni\u00e3o e assinatura de um Termo de Compromisso entre a Secretaria de Desenvolvimento Urbano (Sedurb) e a Comiss\u00e3o de Permission\u00e1rios do CCP, com normas de funcionamento e seguran\u00e7a, ser\u00e1","inLanguage":"pt-BR","isPartOf":{"@id":"https:\/\/ejornais.com.br\/#website"},"breadcrumb":{"@id":"https:\/\/ejornais.com.br\/index.php\/2026\/09\/04\/centro-comercial-de-passagem-volta-a-funcionar-nesta-sexta-feira-apos-assinatura-de-termo-de-compromisso\/#breadcrumblist"},"author":{"@id":"https:\/\/ejornais.com.br\/index.php\/author\/admin1\/#author"},"creator":{"@id":"https:\/\/ejornais.com.br\/index.php\/author\/admin1\/#author"},"datePublished":"2026-09-04T02:17:10-03:00","dateModified":"2026-09-04T02:17:10-03:00"},{"@type":"WebSite","@id":"https:\/\/ejornais.com.br\/#website","url":"https:\/\/ejornais.com.br\/","name":"eJornais","description":"Cat\u00e1logo de Jornais no mundo, Not\u00edcias, Blog e Esportes ao vivo","inLanguage":"pt-BR","publisher":{"@id":"https:\/\/ejornais.com.br\/#organization"}}]},"og:locale":"pt_BR","og:site_name":"eJornais - Cat\u00e1logo de Jornais no mundo, Not\u00edcias, Blog e Esportes ao vivo","og:type":"article","og:title":"Centro Comercial de Passagem volta a funcionar nesta sexta-feira, ap\u00f3s assinatura de Termo de Compromisso - eJornais","og:description":"O Centro Comercial de Passagem (CCP), um dos cinco shoppings populares localizados no Centro de Jo\u00e3o Pessoa, ser\u00e1 reaberto de forma parcial nesta sexta-feira (4). Ap\u00f3s reuni\u00e3o e assinatura de um Termo de Compromisso entre a Secretaria de Desenvolvimento Urbano (Sedurb) e a Comiss\u00e3o de Permission\u00e1rios do CCP, com normas de funcionamento e seguran\u00e7a, ser\u00e1","og:url":"https:\/\/ejornais.com.br\/index.php\/2026\/09\/04\/centro-comercial-de-passagem-volta-a-funcionar-nesta-sexta-feira-apos-assinatura-de-termo-de-compromisso\/","article:published_time":"2026-09-04T05:17:10+00:00","article:modified_time":"2026-09-04T05:17:10+00:00","twitter:card":"summary_large_image","twitter:title":"Centro Comercial de Passagem volta a funcionar nesta sexta-feira, ap\u00f3s assinatura de Termo de Compromisso - eJornais","twitter:description":"O Centro Comercial de Passagem (CCP), um dos cinco shoppings populares localizados no Centro de Jo\u00e3o Pessoa, ser\u00e1 reaberto de forma parcial nesta sexta-feira (4). Ap\u00f3s reuni\u00e3o e assinatura de um Termo de Compromisso entre a Secretaria de Desenvolvimento Urbano (Sedurb) e a Comiss\u00e3o de Permission\u00e1rios do CCP, com normas de funcionamento e seguran\u00e7a, ser\u00e1"},"aioseo_meta_data":[],"aioseo_breadcrumb":"<div class=\"aioseo-breadcrumbs\"><span class=\"aioseo-breadcrumb\">\n\t\t\t<a href=\"https:\/\/ejornais.com.br\" title=\"In\u00edcio\">In\u00edcio<\/a>\n\t\t<\/span><span class=\"aioseo-breadcrumb-separator\">&raquo;<\/span><span class=\"aioseo-breadcrumb\">\n\t\t\t<a href=\"https:\/\/ejornais.com.br\/index.php\/category\/ejornais\/\" title=\"Cat\u00e1logo de Jornais\">Cat\u00e1logo de Jornais<\/a>\n\t\t<\/span><span class=\"aioseo-breadcrumb-separator\">&raquo;<\/span><span class=\"aioseo-breadcrumb\">\n\t\t\tCentro Comercial de Passagem volta a funcionar nesta sexta-feira, ap\u00f3s assinatura de Termo de Compromisso\n\t\t<\/span><\/div>","aioseo_breadcrumb_json":[{"label":"In\u00edcio","link":"https:\/\/ejornais.com.br"},{"label":"Cat\u00e1logo de Jornais","link":"https:\/\/ejornais.com.br\/index.php\/category\/ejornais\/"},{"label":"Centro Comercial de Passagem volta a funcionar nesta sexta-feira, ap\u00f3s\u00a0assinatura de Termo de Compromisso","link":"https:\/\/ejornais.com.br\/index.php\/2026\/09\/04\/centro-comercial-de-passagem-volta-a-funcionar-nesta-sexta-feira-apos-assinatura-de-termo-de-compromisso\/"}],"amp_enabled":true,"_links":{"self":[{"href":"https:\/\/ejornais.com.br\/index.php\/wp-json\/wp\/v2\/posts\/71636","targetHints":{"allow":["GET"]}}],"collection":[{"href":"https:\/\/ejornais.com.br\/index.php\/wp-json\/wp\/v2\/posts"}],"about":[{"href":"https:\/\/ejornais.com.br\/index.php\/wp-json\/wp\/v2\/types\/post"}],"author":[{"embeddable":true,"href":"https:\/\/ejornais.com.br\/index.php\/wp-json\/wp\/v2\/users\/2"}],"replies":[{"embeddable":true,"href":"https:\/\/ejornais.com.br\/index.php\/wp-json\/wp\/v2\/comments?post=71636"}],"version-history":[{"count":0,"href":"https:\/\/ejornais.com.br\/index.php\/wp-json\/wp\/v2\/posts\/71636\/revisions"}],"wp:attachment":[{"href":"https:\/\/ejornais.com.br\/index.php\/wp-json\/wp\/v2\/media?parent=71636"}],"wp:term":[{"taxonomy":"category","embeddable":true,"href":"https:\/\/ejornais.com.br\/index.php\/wp-json\/wp\/v2\/categories?post=71636"},{"taxonomy":"post_tag","embeddable":true,"href":"https:\/\/ejornais.com.br\/index.php\/wp-json\/wp\/v2\/tags?post=71636"}],"curies":[{"name":"wp","href":"https:\/\/api.w.org\/{rel}","templated":true}]}}