{"id":71672,"date":"2026-09-04T17:01:02","date_gmt":"2026-09-04T20:01:02","guid":{"rendered":"https:\/\/ejornais.com.br\/index.php\/2026\/09\/04\/prefeitura-do-rio-apresenta-o-projeto-de-revitalizacao-avanca-bangu-prefeitura-da-cidade-do-rio-de-janeiro\/"},"modified":"2026-09-04T17:01:02","modified_gmt":"2026-09-04T20:01:02","slug":"prefeitura-do-rio-apresenta-o-projeto-de-revitalizacao-avanca-bangu-prefeitura-da-cidade-do-rio-de-janeiro","status":"publish","type":"post","link":"https:\/\/ejornais.com.br\/index.php\/2026\/09\/04\/prefeitura-do-rio-apresenta-o-projeto-de-revitalizacao-avanca-bangu-prefeitura-da-cidade-do-rio-de-janeiro\/","title":{"rendered":"Prefeitura do Rio apresenta o projeto de revitaliza\u00e7\u00e3o Avan\u00e7a Bangu &#8211; Prefeitura da Cidade do Rio de Janeiro"},"content":{"rendered":"<p><\/p>\n<div wp_automatic_readability=\"132.55331580485\">\n<div class=\"image-post\" wp_automatic_readability=\"35\">\n                     Projeto vai revitalizar a \u00e1rea central do bairro, com equipamentos de cultura, lazer e mobilidade. Arte: Divulga\u00e7\u00e3o\/Prefeitura\n                  <\/div>\n<p>O prefeito do Rio, Eduardo Cavaliere, apresentou, na sexta-feira (4\/9), o Avan\u00e7a Bangu, projeto de revitaliza\u00e7\u00e3o da \u00e1rea central de Bangu, na Zona Oeste, que re\u00fane uma s\u00e9rie de interven\u00e7\u00f5es de cultura, lazer e mobilidade pensadas para transformar e integrar espa\u00e7os importantes do bairro. O Avan\u00e7a Bangu inclui a cria\u00e7\u00e3o do Parque Linear Bangu, que ter\u00e1 um centro cultural, a recupera\u00e7\u00e3o do antigo Cine Matilde e a implanta\u00e7\u00e3o de um terminal de \u00f4nibus municipais.<\/p>\n<blockquote wp_automatic_readability=\"12\">\n<p>\u2014 A gente t\u00e1 celebrando hoje um dia que a popula\u00e7\u00e3o de Bangu esperava e sonhava. Da mesma forma que fizemos em Campo Grande e Santa Cruz, hoje lan\u00e7amos o Avan\u00e7a Bangu e anunciamos o novo terminal intermodal no centro do bairro. Tamb\u00e9m assinamos dois atos hist\u00f3ricos: a compra do Cine Matilde, fechado h\u00e1 60 anos, e da Casa do Silveirinha, que era um compromisso nosso. N\u00f3s queremos garantir um lazer de alta qualidade para as fam\u00edlias de Bangu \u2014 disse o prefeito Eduardo Cavaliere.<\/p>\n<\/blockquote>\n<p>Os projetos ser\u00e3o desenvolvidos pela Empresa Municipal de Urbaniza\u00e7\u00e3o (Rio-Urbe), vinculada \u00e0 Secretaria Municipal de Infraestrutura, com apoio das secretarias de Cultura e Transportes. O objetivo \u00e9 integrar os espa\u00e7os de cultura, lazer e mobilidade em uma mesma \u00e1rea, no cora\u00e7\u00e3o de Bangu.<\/p>\n<blockquote wp_automatic_readability=\"14\">\n<p>\u2014 O Avan\u00e7a Bangu \u00e9 um projeto incr\u00edvel, que re\u00fane cultura, entretenimento, \u00e1rea de lazer e mobilidade, com um novo terminal bem na \u00e1rea do estacionamento do Shopping Bangu. O passageiro vai poder fazer essa integra\u00e7\u00e3o com a linha f\u00e9rrea, que \u00e9 uma demanda importante de integra\u00e7\u00e3o desses modais. N\u00f3s vamos ter uma requalifica\u00e7\u00e3o total nessa regi\u00e3o para atender com muito carinho a popula\u00e7\u00e3o de Bangu \u2014 refor\u00e7ou o secret\u00e1rio municipal de Infraestrutura, Wanderson Santos.<\/p>\n<\/blockquote>\n<p>O projeto prev\u00ea a constru\u00e7\u00e3o de um Parque Linear que vai conectar o com\u00e9rcio da regi\u00e3o, a Par\u00f3quia S\u00e3o Sebasti\u00e3o e Santa Cec\u00edlia e o futuro Centro Cultural Casa do Silveirinha, integrando diferentes espa\u00e7os do projeto.<\/p>\n<p><strong>Centro cultural com parque e \u00e1reas de lazer<\/strong><\/p>\n<p>O Parque Linear contar\u00e1 com o novo espa\u00e7o de cultura de Bangu: o Centro Cultural Casa do Silveirinha, entre a Rua Santa Cec\u00edlia e a Rua Silva Cardoso, que vai ampliar as op\u00e7\u00f5es de conviv\u00eancia na regi\u00e3o. O Centro Cultural vai reunir museu, \u00e1rea de exposi\u00e7\u00f5es e caf\u00e9, al\u00e9m de oferecer novas op\u00e7\u00f5es de atividades para moradores e visitantes.<\/p>\n<p>Na \u00e1rea externa, o projeto prev\u00ea restaurante, food trucks, parque infantil, espa\u00e7o para piquenique, quadras de areia, academia e anfiteatro, al\u00e9m de sanit\u00e1rios e vesti\u00e1rios. A estrutura tamb\u00e9m ter\u00e1 \u00e1reas de apoio para a administra\u00e7\u00e3o, Guarda Municipal e Comlurb.<\/p>\n<blockquote wp_automatic_readability=\"18\">\n<p>\u2014 N\u00f3s temos que ter cultura dentro dos equipamentos culturais, mas precisamos ter tamb\u00e9m a cultura na rua, que \u00e9 t\u00e3o t\u00edpica do Rio de Janeiro. A Casa do Silveirinha \u00e9 um grande parque urbano, que n\u00e3o tem come\u00e7o e n\u00e3o tem fim, ele \u00e9 um parque linear. E que vai ter anfiteatro, parque infantil, \u00e1rea molhada, academia ao ar livre e quadra de areia, que foi pedida para v\u00e1rias modalidades. Vamos ter cultura, lazer e espa\u00e7os p\u00fablicos integrados \u2014 afirmou o secret\u00e1rio municipal de Cultura, Lucas Padilha.<\/p>\n<\/blockquote>\n<p>O terreno onde ser\u00e1 constru\u00eddo o novo Centro Cultural Casa do Silveirinha pertenceu a Guilherme da Silveira Filho, o Dr. Silveirinha, uma das personalidades ligadas \u00e0 hist\u00f3ria de Bangu. Propriet\u00e1rio da F\u00e1brica de Tecidos Bangu e presidente do Bangu Atl\u00e9tico Clube, ele teve papel importante no desenvolvimento do bairro. A proposta preserva essa mem\u00f3ria e d\u00e1 novos usos ao espa\u00e7o.<\/p>\n<p><strong>Cine Matilde voltar\u00e1 a receber cultura<\/strong><\/p>\n<p>Desativado desde os anos 90, o hist\u00f3rico Cine Matilde ser\u00e1 revitalizado e transformado em um novo equipamento cultural. Durante seu per\u00edodo de funcionamento, o cinema foi um importante ponto de encontro de fam\u00edlias, jovens e trabalhadores de Bangu e chegou a ser considerado, na d\u00e9cada de 1960, um dos cinemas mais modernos da cidade.<\/p>\n<p>Tamb\u00e9m desenvolvido pela Cultura e Rio-Urbe, o projeto prev\u00ea um espa\u00e7o multiuso, com uma sala de teatro com capacidade para 250 pessoas e duas salas de cinema, para 100 e 130 espectadores. A estrutura ter\u00e1 ainda bomboniere, sala de exposi\u00e7\u00f5es e um rooftop com bar, restaurante e \u00e1rea de conviv\u00eancia. Tamb\u00e9m haver\u00e1 estacionamento de servi\u00e7o.<\/p>\n<p><strong>Transporte p\u00fablico ganhar\u00e1 novo terminal<\/strong><\/p>\n<p>Na \u00e1rea de mobilidade, o Avan\u00e7a Bangu prev\u00ea a cria\u00e7\u00e3o do Terminal Bangu Shopping, que ser\u00e1 constru\u00eddo na \u00e1rea de estacionamento do shopping, na interse\u00e7\u00e3o da Avenida Santa Cruz com a Rua Fonseca. Hoje utilizada para eventos e shows, a \u00e1rea vai ganhar uma nova fun\u00e7\u00e3o. O projeto \u00e9 da Secretaria de Transportes, em conjunto com a Rio-Urbe.<\/p>\n<blockquote wp_automatic_readability=\"10\">\n<p>\u2014 O terminal vai fazer a integra\u00e7\u00e3o intermodal entre o trem e as linhas de \u00f4nibus. \u00c9 uma estrutura moderna e coberta que vai reorganizar o transporte da regi\u00e3o, trazendo conforto e se conectando diretamente ao boulevard que liga os equipamentos culturais do bairro \u2014 disse o secret\u00e1rio municipal de Transportes, Jorge Arraes.<\/p>\n<\/blockquote>\n<p>O terminal ter\u00e1 plataformas centrais, vagas para os \u00f4nibus aguardarem entre uma viagem e outra, \u00e1rea comercial, sanit\u00e1rios para passageiros e estrutura de apoio para funcion\u00e1rios, al\u00e9m de arboriza\u00e7\u00e3o. Os \u00f4nibus entrar\u00e3o pela Rua Fonseca e sair\u00e3o pela Avenida Santa Cruz, enquanto os passageiros poder\u00e3o acessar o espa\u00e7o pela avenida, por meio de rampas e escadas. Tamb\u00e9m ser\u00e3o implantadas novas travessias de pedestres e gradeamento para refor\u00e7ar a seguran\u00e7a.<\/p>\n<p>Pr\u00f3ximo \u00e0 esta\u00e7\u00e3o ferrovi\u00e1ria e ao Bangu Shopping, o terminal facilitar\u00e1 a integra\u00e7\u00e3o entre \u00f4nibus, trens e os equipamentos do entorno. Atualmente, os pontos finais dos \u00f4nibus est\u00e3o espalhados por ruas como Silva Cardoso, Rua do A\u00e7ude e Rua da Feira. Com a transfer\u00eancia das opera\u00e7\u00f5es para o terminal, a proposta \u00e9 organizar o embarque e desembarque, liberar espa\u00e7o nas vias e melhorar a circula\u00e7\u00e3o na regi\u00e3o.<\/p>\n<p>             <!-- Compartilhe ---><\/p>\n<p>\t\t\t <!-- TAGS --><\/p>\n<section class=\"category-tags\">\n<div class=\"marcacao-category\">\n<article class=\"category-post\">\n<p>Categoria: <\/p>\n<\/article>\n<li>4 de setembro de 2026<\/li><\/div>\n<article class=\"tags\">\n\t\t\t\t\tMarca\u00e7\u00f5es: Avan\u00e7a Bangu Bangu Campo Grande Centro Cultural Casa do Silveirinha Cine Matilde Parque Linear zona oeste<br \/><\/article>\n<\/section>\n<p>            <!-- Mais Not&iacute;cias --><\/p>\n<p>\t\t<!-- Conte&uacute;do SIDEBAR --><\/p><\/div>\n","protected":false},"excerpt":{"rendered":"<p>Projeto vai revitalizar a \u00e1rea central do bairro, com equipamentos de cultura, lazer e mobilidade. Arte: Divulga\u00e7\u00e3o\/Prefeitura O prefeito do<\/p>\n","protected":false},"author":2,"featured_media":0,"comment_status":"","ping_status":"","sticky":false,"template":"","format":"standard","meta":{"colormag_page_container_layout":"default_layout","colormag_page_sidebar_layout":"default_layout","footnotes":""},"categories":[1],"tags":[],"class_list":["post-71672","post","type-post","status-publish","format-standard","hentry","category-ejornais"],"aioseo_notices":[],"aioseo_head":"\n\t\t<!-- All in One SEO 5.0.1.1 - aioseo.com -->\n\t<meta name=\"description\" content=\"Projeto vai revitalizar a \u00e1rea central do bairro, com equipamentos de cultura, lazer e mobilidade. Arte: Divulga\u00e7\u00e3o\/Prefeitura O prefeito do Rio, Eduardo Cavaliere, apresentou, na sexta-feira (4\/9), o Avan\u00e7a Bangu, projeto de revitaliza\u00e7\u00e3o da \u00e1rea central de Bangu, na Zona Oeste, que re\u00fane uma s\u00e9rie de interven\u00e7\u00f5es de cultura, lazer e mobilidade pensadas para transformar\" \/>\n\t<meta name=\"robots\" content=\"max-image-preview:large\" \/>\n\t<meta name=\"author\" content=\"admin1\"\/>\n\t<link rel=\"canonical\" href=\"https:\/\/ejornais.com.br\/index.php\/2026\/09\/04\/prefeitura-do-rio-apresenta-o-projeto-de-revitalizacao-avanca-bangu-prefeitura-da-cidade-do-rio-de-janeiro\/\" \/>\n\t<meta name=\"generator\" content=\"All in One SEO (AIOSEO) 5.0.1.1\" \/>\n\t\t<meta property=\"og:locale\" content=\"pt_BR\" \/>\n\t\t<meta property=\"og:site_name\" content=\"eJornais - Cat\u00e1logo de Jornais no mundo, Not\u00edcias, Blog e Esportes ao vivo\" \/>\n\t\t<meta property=\"og:type\" content=\"article\" \/>\n\t\t<meta property=\"og:title\" content=\"Prefeitura do Rio apresenta o projeto de revitaliza\u00e7\u00e3o Avan\u00e7a Bangu \u2013 Prefeitura da Cidade do Rio de Janeiro - eJornais\" \/>\n\t\t<meta property=\"og:description\" content=\"Projeto vai revitalizar a \u00e1rea central do bairro, com equipamentos de cultura, lazer e mobilidade. Arte: Divulga\u00e7\u00e3o\/Prefeitura O prefeito do Rio, Eduardo Cavaliere, apresentou, na sexta-feira (4\/9), o Avan\u00e7a Bangu, projeto de revitaliza\u00e7\u00e3o da \u00e1rea central de Bangu, na Zona Oeste, que re\u00fane uma s\u00e9rie de interven\u00e7\u00f5es de cultura, lazer e mobilidade pensadas para transformar\" \/>\n\t\t<meta property=\"og:url\" content=\"https:\/\/ejornais.com.br\/index.php\/2026\/09\/04\/prefeitura-do-rio-apresenta-o-projeto-de-revitalizacao-avanca-bangu-prefeitura-da-cidade-do-rio-de-janeiro\/\" \/>\n\t\t<meta property=\"article:published_time\" content=\"2026-09-04T20:01:02+00:00\" \/>\n\t\t<meta property=\"article:modified_time\" content=\"2026-09-04T20:01:02+00:00\" \/>\n\t\t<meta name=\"twitter:card\" content=\"summary_large_image\" \/>\n\t\t<meta name=\"twitter:title\" content=\"Prefeitura do Rio apresenta o projeto de revitaliza\u00e7\u00e3o Avan\u00e7a Bangu \u2013 Prefeitura da Cidade do Rio de Janeiro - eJornais\" \/>\n\t\t<meta name=\"twitter:description\" content=\"Projeto vai revitalizar a \u00e1rea central do bairro, com equipamentos de cultura, lazer e mobilidade. Arte: Divulga\u00e7\u00e3o\/Prefeitura O prefeito do Rio, Eduardo Cavaliere, apresentou, na sexta-feira (4\/9), o Avan\u00e7a Bangu, projeto de revitaliza\u00e7\u00e3o da \u00e1rea central de Bangu, na Zona Oeste, que re\u00fane uma s\u00e9rie de interven\u00e7\u00f5es de cultura, lazer e mobilidade pensadas para transformar\" \/>\n\t\t<script type=\"application\/ld+json\" class=\"aioseo-schema\">\n\t\t\t{\"@context\":\"https:\\\/\\\/schema.org\",\"@graph\":[{\"@type\":\"BlogPosting\",\"@id\":\"https:\\\/\\\/ejornais.com.br\\\/index.php\\\/2026\\\/09\\\/04\\\/prefeitura-do-rio-apresenta-o-projeto-de-revitalizacao-avanca-bangu-prefeitura-da-cidade-do-rio-de-janeiro\\\/#blogposting\",\"name\":\"Prefeitura do Rio apresenta o projeto de revitaliza\\u00e7\\u00e3o Avan\\u00e7a Bangu \\u2013 Prefeitura da Cidade do Rio de Janeiro - eJornais\",\"headline\":\"Prefeitura do Rio apresenta o projeto de revitaliza\\u00e7\\u00e3o Avan\\u00e7a Bangu &#8211; Prefeitura da Cidade do Rio de Janeiro\",\"author\":{\"@id\":\"https:\\\/\\\/ejornais.com.br\\\/index.php\\\/author\\\/admin1\\\/#author\"},\"publisher\":{\"@id\":\"https:\\\/\\\/ejornais.com.br\\\/#organization\"},\"datePublished\":\"2026-09-04T17:01:02-03:00\",\"dateModified\":\"2026-09-04T17:01:02-03:00\",\"inLanguage\":\"pt-BR\",\"mainEntityOfPage\":{\"@id\":\"https:\\\/\\\/ejornais.com.br\\\/index.php\\\/2026\\\/09\\\/04\\\/prefeitura-do-rio-apresenta-o-projeto-de-revitalizacao-avanca-bangu-prefeitura-da-cidade-do-rio-de-janeiro\\\/#webpage\"},\"isPartOf\":{\"@id\":\"https:\\\/\\\/ejornais.com.br\\\/index.php\\\/2026\\\/09\\\/04\\\/prefeitura-do-rio-apresenta-o-projeto-de-revitalizacao-avanca-bangu-prefeitura-da-cidade-do-rio-de-janeiro\\\/#webpage\"},\"articleSection\":\"Cat\\u00e1logo de Jornais\"},{\"@type\":\"BreadcrumbList\",\"@id\":\"https:\\\/\\\/ejornais.com.br\\\/index.php\\\/2026\\\/09\\\/04\\\/prefeitura-do-rio-apresenta-o-projeto-de-revitalizacao-avanca-bangu-prefeitura-da-cidade-do-rio-de-janeiro\\\/#breadcrumblist\",\"itemListElement\":[{\"@type\":\"ListItem\",\"@id\":\"https:\\\/\\\/ejornais.com.br#listItem\",\"position\":1,\"name\":\"In\\u00edcio\",\"item\":\"https:\\\/\\\/ejornais.com.br\",\"nextItem\":{\"@type\":\"ListItem\",\"@id\":\"https:\\\/\\\/ejornais.com.br\\\/index.php\\\/category\\\/ejornais\\\/#listItem\",\"name\":\"Cat\\u00e1logo de Jornais\"}},{\"@type\":\"ListItem\",\"@id\":\"https:\\\/\\\/ejornais.com.br\\\/index.php\\\/category\\\/ejornais\\\/#listItem\",\"position\":2,\"name\":\"Cat\\u00e1logo de Jornais\",\"item\":\"https:\\\/\\\/ejornais.com.br\\\/index.php\\\/category\\\/ejornais\\\/\",\"nextItem\":{\"@type\":\"ListItem\",\"@id\":\"https:\\\/\\\/ejornais.com.br\\\/index.php\\\/2026\\\/09\\\/04\\\/prefeitura-do-rio-apresenta-o-projeto-de-revitalizacao-avanca-bangu-prefeitura-da-cidade-do-rio-de-janeiro\\\/#listItem\",\"name\":\"Prefeitura do Rio apresenta o projeto de revitaliza\\u00e7\\u00e3o Avan\\u00e7a Bangu &#8211; Prefeitura da Cidade do Rio de Janeiro\"},\"previousItem\":{\"@type\":\"ListItem\",\"@id\":\"https:\\\/\\\/ejornais.com.br#listItem\",\"name\":\"In\\u00edcio\"}},{\"@type\":\"ListItem\",\"@id\":\"https:\\\/\\\/ejornais.com.br\\\/index.php\\\/2026\\\/09\\\/04\\\/prefeitura-do-rio-apresenta-o-projeto-de-revitalizacao-avanca-bangu-prefeitura-da-cidade-do-rio-de-janeiro\\\/#listItem\",\"position\":3,\"name\":\"Prefeitura do Rio apresenta o projeto de revitaliza\\u00e7\\u00e3o Avan\\u00e7a Bangu &#8211; Prefeitura da Cidade do Rio de Janeiro\",\"previousItem\":{\"@type\":\"ListItem\",\"@id\":\"https:\\\/\\\/ejornais.com.br\\\/index.php\\\/category\\\/ejornais\\\/#listItem\",\"name\":\"Cat\\u00e1logo de Jornais\"}}]},{\"@type\":\"Organization\",\"@id\":\"https:\\\/\\\/ejornais.com.br\\\/#organization\",\"name\":\"eJornais\",\"description\":\"Cat\\u00e1logo de Jornais no mundo, Not\\u00edcias, Blog e Esportes ao vivo\",\"url\":\"https:\\\/\\\/ejornais.com.br\\\/\"},{\"@type\":\"Person\",\"@id\":\"https:\\\/\\\/ejornais.com.br\\\/index.php\\\/author\\\/admin1\\\/#author\",\"url\":\"https:\\\/\\\/ejornais.com.br\\\/index.php\\\/author\\\/admin1\\\/\",\"name\":\"admin1\",\"image\":{\"@type\":\"ImageObject\",\"@id\":\"https:\\\/\\\/ejornais.com.br\\\/index.php\\\/2026\\\/09\\\/04\\\/prefeitura-do-rio-apresenta-o-projeto-de-revitalizacao-avanca-bangu-prefeitura-da-cidade-do-rio-de-janeiro\\\/#authorImage\",\"url\":\"https:\\\/\\\/secure.gravatar.com\\\/avatar\\\/04084e6d73c042b8646e7c17b494073bf0ede3ea13c7105cfc45cbbbc28385a4?s=96&d=mm&r=g\",\"width\":96,\"height\":96,\"caption\":\"admin1\"}},{\"@type\":\"WebPage\",\"@id\":\"https:\\\/\\\/ejornais.com.br\\\/index.php\\\/2026\\\/09\\\/04\\\/prefeitura-do-rio-apresenta-o-projeto-de-revitalizacao-avanca-bangu-prefeitura-da-cidade-do-rio-de-janeiro\\\/#webpage\",\"url\":\"https:\\\/\\\/ejornais.com.br\\\/index.php\\\/2026\\\/09\\\/04\\\/prefeitura-do-rio-apresenta-o-projeto-de-revitalizacao-avanca-bangu-prefeitura-da-cidade-do-rio-de-janeiro\\\/\",\"name\":\"Prefeitura do Rio apresenta o projeto de revitaliza\\u00e7\\u00e3o Avan\\u00e7a Bangu \\u2013 Prefeitura da Cidade do Rio de Janeiro - eJornais\",\"description\":\"Projeto vai revitalizar a \\u00e1rea central do bairro, com equipamentos de cultura, lazer e mobilidade. Arte: Divulga\\u00e7\\u00e3o\\\/Prefeitura O prefeito do Rio, Eduardo Cavaliere, apresentou, na sexta-feira (4\\\/9), o Avan\\u00e7a Bangu, projeto de revitaliza\\u00e7\\u00e3o da \\u00e1rea central de Bangu, na Zona Oeste, que re\\u00fane uma s\\u00e9rie de interven\\u00e7\\u00f5es de cultura, lazer e mobilidade pensadas para transformar\",\"inLanguage\":\"pt-BR\",\"isPartOf\":{\"@id\":\"https:\\\/\\\/ejornais.com.br\\\/#website\"},\"breadcrumb\":{\"@id\":\"https:\\\/\\\/ejornais.com.br\\\/index.php\\\/2026\\\/09\\\/04\\\/prefeitura-do-rio-apresenta-o-projeto-de-revitalizacao-avanca-bangu-prefeitura-da-cidade-do-rio-de-janeiro\\\/#breadcrumblist\"},\"author\":{\"@id\":\"https:\\\/\\\/ejornais.com.br\\\/index.php\\\/author\\\/admin1\\\/#author\"},\"creator\":{\"@id\":\"https:\\\/\\\/ejornais.com.br\\\/index.php\\\/author\\\/admin1\\\/#author\"},\"datePublished\":\"2026-09-04T17:01:02-03:00\",\"dateModified\":\"2026-09-04T17:01:02-03:00\"},{\"@type\":\"WebSite\",\"@id\":\"https:\\\/\\\/ejornais.com.br\\\/#website\",\"url\":\"https:\\\/\\\/ejornais.com.br\\\/\",\"name\":\"eJornais\",\"description\":\"Cat\\u00e1logo de Jornais no mundo, Not\\u00edcias, Blog e Esportes ao vivo\",\"inLanguage\":\"pt-BR\",\"publisher\":{\"@id\":\"https:\\\/\\\/ejornais.com.br\\\/#organization\"}}]}\n\t\t<\/script>\n\t\t<!-- All in One SEO -->\n\n","aioseo_head_json":{"title":"Prefeitura do Rio apresenta o projeto de revitaliza\u00e7\u00e3o Avan\u00e7a Bangu \u2013 Prefeitura da Cidade do Rio de Janeiro - eJornais","description":"Projeto vai revitalizar a \u00e1rea central do bairro, com equipamentos de cultura, lazer e mobilidade. Arte: Divulga\u00e7\u00e3o\/Prefeitura O prefeito do Rio, Eduardo Cavaliere, apresentou, na sexta-feira (4\/9), o Avan\u00e7a Bangu, projeto de revitaliza\u00e7\u00e3o da \u00e1rea central de Bangu, na Zona Oeste, que re\u00fane uma s\u00e9rie de interven\u00e7\u00f5es de cultura, lazer e mobilidade pensadas para transformar","canonical_url":"https:\/\/ejornais.com.br\/index.php\/2026\/09\/04\/prefeitura-do-rio-apresenta-o-projeto-de-revitalizacao-avanca-bangu-prefeitura-da-cidade-do-rio-de-janeiro\/","robots":"max-image-preview:large","keywords":"","webmasterTools":{"miscellaneous":""},"schema":{"@context":"https:\/\/schema.org","@graph":[{"@type":"BlogPosting","@id":"https:\/\/ejornais.com.br\/index.php\/2026\/09\/04\/prefeitura-do-rio-apresenta-o-projeto-de-revitalizacao-avanca-bangu-prefeitura-da-cidade-do-rio-de-janeiro\/#blogposting","name":"Prefeitura do Rio apresenta o projeto de revitaliza\u00e7\u00e3o Avan\u00e7a Bangu \u2013 Prefeitura da Cidade do Rio de Janeiro - eJornais","headline":"Prefeitura do Rio apresenta o projeto de revitaliza\u00e7\u00e3o Avan\u00e7a Bangu &#8211; Prefeitura da Cidade do Rio de Janeiro","author":{"@id":"https:\/\/ejornais.com.br\/index.php\/author\/admin1\/#author"},"publisher":{"@id":"https:\/\/ejornais.com.br\/#organization"},"datePublished":"2026-09-04T17:01:02-03:00","dateModified":"2026-09-04T17:01:02-03:00","inLanguage":"pt-BR","mainEntityOfPage":{"@id":"https:\/\/ejornais.com.br\/index.php\/2026\/09\/04\/prefeitura-do-rio-apresenta-o-projeto-de-revitalizacao-avanca-bangu-prefeitura-da-cidade-do-rio-de-janeiro\/#webpage"},"isPartOf":{"@id":"https:\/\/ejornais.com.br\/index.php\/2026\/09\/04\/prefeitura-do-rio-apresenta-o-projeto-de-revitalizacao-avanca-bangu-prefeitura-da-cidade-do-rio-de-janeiro\/#webpage"},"articleSection":"Cat\u00e1logo de Jornais"},{"@type":"BreadcrumbList","@id":"https:\/\/ejornais.com.br\/index.php\/2026\/09\/04\/prefeitura-do-rio-apresenta-o-projeto-de-revitalizacao-avanca-bangu-prefeitura-da-cidade-do-rio-de-janeiro\/#breadcrumblist","itemListElement":[{"@type":"ListItem","@id":"https:\/\/ejornais.com.br#listItem","position":1,"name":"In\u00edcio","item":"https:\/\/ejornais.com.br","nextItem":{"@type":"ListItem","@id":"https:\/\/ejornais.com.br\/index.php\/category\/ejornais\/#listItem","name":"Cat\u00e1logo de Jornais"}},{"@type":"ListItem","@id":"https:\/\/ejornais.com.br\/index.php\/category\/ejornais\/#listItem","position":2,"name":"Cat\u00e1logo de Jornais","item":"https:\/\/ejornais.com.br\/index.php\/category\/ejornais\/","nextItem":{"@type":"ListItem","@id":"https:\/\/ejornais.com.br\/index.php\/2026\/09\/04\/prefeitura-do-rio-apresenta-o-projeto-de-revitalizacao-avanca-bangu-prefeitura-da-cidade-do-rio-de-janeiro\/#listItem","name":"Prefeitura do Rio apresenta o projeto de revitaliza\u00e7\u00e3o Avan\u00e7a Bangu &#8211; Prefeitura da Cidade do Rio de Janeiro"},"previousItem":{"@type":"ListItem","@id":"https:\/\/ejornais.com.br#listItem","name":"In\u00edcio"}},{"@type":"ListItem","@id":"https:\/\/ejornais.com.br\/index.php\/2026\/09\/04\/prefeitura-do-rio-apresenta-o-projeto-de-revitalizacao-avanca-bangu-prefeitura-da-cidade-do-rio-de-janeiro\/#listItem","position":3,"name":"Prefeitura do Rio apresenta o projeto de revitaliza\u00e7\u00e3o Avan\u00e7a Bangu &#8211; Prefeitura da Cidade do Rio de Janeiro","previousItem":{"@type":"ListItem","@id":"https:\/\/ejornais.com.br\/index.php\/category\/ejornais\/#listItem","name":"Cat\u00e1logo de Jornais"}}]},{"@type":"Organization","@id":"https:\/\/ejornais.com.br\/#organization","name":"eJornais","description":"Cat\u00e1logo de Jornais no mundo, Not\u00edcias, Blog e Esportes ao vivo","url":"https:\/\/ejornais.com.br\/"},{"@type":"Person","@id":"https:\/\/ejornais.com.br\/index.php\/author\/admin1\/#author","url":"https:\/\/ejornais.com.br\/index.php\/author\/admin1\/","name":"admin1","image":{"@type":"ImageObject","@id":"https:\/\/ejornais.com.br\/index.php\/2026\/09\/04\/prefeitura-do-rio-apresenta-o-projeto-de-revitalizacao-avanca-bangu-prefeitura-da-cidade-do-rio-de-janeiro\/#authorImage","url":"https:\/\/secure.gravatar.com\/avatar\/04084e6d73c042b8646e7c17b494073bf0ede3ea13c7105cfc45cbbbc28385a4?s=96&d=mm&r=g","width":96,"height":96,"caption":"admin1"}},{"@type":"WebPage","@id":"https:\/\/ejornais.com.br\/index.php\/2026\/09\/04\/prefeitura-do-rio-apresenta-o-projeto-de-revitalizacao-avanca-bangu-prefeitura-da-cidade-do-rio-de-janeiro\/#webpage","url":"https:\/\/ejornais.com.br\/index.php\/2026\/09\/04\/prefeitura-do-rio-apresenta-o-projeto-de-revitalizacao-avanca-bangu-prefeitura-da-cidade-do-rio-de-janeiro\/","name":"Prefeitura do Rio apresenta o projeto de revitaliza\u00e7\u00e3o Avan\u00e7a Bangu \u2013 Prefeitura da Cidade do Rio de Janeiro - eJornais","description":"Projeto vai revitalizar a \u00e1rea central do bairro, com equipamentos de cultura, lazer e mobilidade. Arte: Divulga\u00e7\u00e3o\/Prefeitura O prefeito do Rio, Eduardo Cavaliere, apresentou, na sexta-feira (4\/9), o Avan\u00e7a Bangu, projeto de revitaliza\u00e7\u00e3o da \u00e1rea central de Bangu, na Zona Oeste, que re\u00fane uma s\u00e9rie de interven\u00e7\u00f5es de cultura, lazer e mobilidade pensadas para transformar","inLanguage":"pt-BR","isPartOf":{"@id":"https:\/\/ejornais.com.br\/#website"},"breadcrumb":{"@id":"https:\/\/ejornais.com.br\/index.php\/2026\/09\/04\/prefeitura-do-rio-apresenta-o-projeto-de-revitalizacao-avanca-bangu-prefeitura-da-cidade-do-rio-de-janeiro\/#breadcrumblist"},"author":{"@id":"https:\/\/ejornais.com.br\/index.php\/author\/admin1\/#author"},"creator":{"@id":"https:\/\/ejornais.com.br\/index.php\/author\/admin1\/#author"},"datePublished":"2026-09-04T17:01:02-03:00","dateModified":"2026-09-04T17:01:02-03:00"},{"@type":"WebSite","@id":"https:\/\/ejornais.com.br\/#website","url":"https:\/\/ejornais.com.br\/","name":"eJornais","description":"Cat\u00e1logo de Jornais no mundo, Not\u00edcias, Blog e Esportes ao vivo","inLanguage":"pt-BR","publisher":{"@id":"https:\/\/ejornais.com.br\/#organization"}}]},"og:locale":"pt_BR","og:site_name":"eJornais - Cat\u00e1logo de Jornais no mundo, Not\u00edcias, Blog e Esportes ao vivo","og:type":"article","og:title":"Prefeitura do Rio apresenta o projeto de revitaliza\u00e7\u00e3o Avan\u00e7a Bangu \u2013 Prefeitura da Cidade do Rio de Janeiro - eJornais","og:description":"Projeto vai revitalizar a \u00e1rea central do bairro, com equipamentos de cultura, lazer e mobilidade. Arte: Divulga\u00e7\u00e3o\/Prefeitura O prefeito do Rio, Eduardo Cavaliere, apresentou, na sexta-feira (4\/9), o Avan\u00e7a Bangu, projeto de revitaliza\u00e7\u00e3o da \u00e1rea central de Bangu, na Zona Oeste, que re\u00fane uma s\u00e9rie de interven\u00e7\u00f5es de cultura, lazer e mobilidade pensadas para transformar","og:url":"https:\/\/ejornais.com.br\/index.php\/2026\/09\/04\/prefeitura-do-rio-apresenta-o-projeto-de-revitalizacao-avanca-bangu-prefeitura-da-cidade-do-rio-de-janeiro\/","article:published_time":"2026-09-04T20:01:02+00:00","article:modified_time":"2026-09-04T20:01:02+00:00","twitter:card":"summary_large_image","twitter:title":"Prefeitura do Rio apresenta o projeto de revitaliza\u00e7\u00e3o Avan\u00e7a Bangu \u2013 Prefeitura da Cidade do Rio de Janeiro - eJornais","twitter:description":"Projeto vai revitalizar a \u00e1rea central do bairro, com equipamentos de cultura, lazer e mobilidade. Arte: Divulga\u00e7\u00e3o\/Prefeitura O prefeito do Rio, Eduardo Cavaliere, apresentou, na sexta-feira (4\/9), o Avan\u00e7a Bangu, projeto de revitaliza\u00e7\u00e3o da \u00e1rea central de Bangu, na Zona Oeste, que re\u00fane uma s\u00e9rie de interven\u00e7\u00f5es de cultura, lazer e mobilidade pensadas para transformar"},"aioseo_meta_data":{"post_id":"71672","title":null,"description":null,"keywords":null,"keyphrases":null,"primary_term":null,"canonical_url":null,"og_title":null,"og_description":null,"og_object_type":"default","og_image_type":"default","og_image_url":null,"og_image_width":null,"og_image_height":null,"og_image_custom_url":null,"og_image_custom_fields":null,"og_video":null,"og_custom_url":null,"og_article_section":null,"og_article_tags":null,"twitter_use_og":false,"twitter_card":"default","twitter_image_type":"default","twitter_image_url":null,"twitter_image_custom_url":null,"twitter_image_custom_fields":null,"twitter_title":null,"twitter_description":null,"schema":{"blockGraphs":[],"customGraphs":[],"default":{"data":{"Article":[],"Course":[],"Dataset":[],"FAQPage":[],"Movie":[],"Person":[],"Product":[],"ProductReview":[],"Car":[],"Recipe":[],"Service":[],"SoftwareApplication":[],"WebPage":[]},"graphName":"","isEnabled":true},"graphs":[]},"schema_type":"default","schema_type_options":null,"pillar_content":false,"robots_default":true,"robots_noindex":false,"robots_noarchive":false,"robots_nosnippet":false,"robots_nofollow":false,"robots_noimageindex":false,"robots_noodp":false,"robots_notranslate":false,"robots_max_snippet":null,"robots_max_videopreview":null,"robots_max_imagepreview":"large","priority":null,"frequency":null,"local_seo":null,"breadcrumb_settings":null,"limit_modified_date":false,"ai":null,"created":"2026-09-05 04:15:12","updated":"2026-09-05 04:15:12","seo_analyzer_scan_date":null,"focus_keyword":null,"additional_keywords":null,"truseo_locale":null},"aioseo_breadcrumb":"<div class=\"aioseo-breadcrumbs\"><span class=\"aioseo-breadcrumb\">\n\t\t\t<a href=\"https:\/\/ejornais.com.br\" title=\"In\u00edcio\">In\u00edcio<\/a>\n\t\t<\/span><span class=\"aioseo-breadcrumb-separator\">&raquo;<\/span><span class=\"aioseo-breadcrumb\">\n\t\t\t<a href=\"https:\/\/ejornais.com.br\/index.php\/category\/ejornais\/\" title=\"Cat\u00e1logo de Jornais\">Cat\u00e1logo de Jornais<\/a>\n\t\t<\/span><span class=\"aioseo-breadcrumb-separator\">&raquo;<\/span><span class=\"aioseo-breadcrumb\">\n\t\t\tPrefeitura do Rio apresenta o projeto de revitaliza\u00e7\u00e3o Avan\u00e7a Bangu \u2013 Prefeitura da Cidade do Rio de Janeiro\n\t\t<\/span><\/div>","aioseo_breadcrumb_json":[{"label":"In\u00edcio","link":"https:\/\/ejornais.com.br"},{"label":"Cat\u00e1logo de Jornais","link":"https:\/\/ejornais.com.br\/index.php\/category\/ejornais\/"},{"label":"Prefeitura do Rio apresenta o projeto de revitaliza\u00e7\u00e3o Avan\u00e7a Bangu &#8211; Prefeitura da Cidade do Rio de Janeiro","link":"https:\/\/ejornais.com.br\/index.php\/2026\/09\/04\/prefeitura-do-rio-apresenta-o-projeto-de-revitalizacao-avanca-bangu-prefeitura-da-cidade-do-rio-de-janeiro\/"}],"amp_enabled":true,"_links":{"self":[{"href":"https:\/\/ejornais.com.br\/index.php\/wp-json\/wp\/v2\/posts\/71672","targetHints":{"allow":["GET"]}}],"collection":[{"href":"https:\/\/ejornais.com.br\/index.php\/wp-json\/wp\/v2\/posts"}],"about":[{"href":"https:\/\/ejornais.com.br\/index.php\/wp-json\/wp\/v2\/types\/post"}],"author":[{"embeddable":true,"href":"https:\/\/ejornais.com.br\/index.php\/wp-json\/wp\/v2\/users\/2"}],"replies":[{"embeddable":true,"href":"https:\/\/ejornais.com.br\/index.php\/wp-json\/wp\/v2\/comments?post=71672"}],"version-history":[{"count":0,"href":"https:\/\/ejornais.com.br\/index.php\/wp-json\/wp\/v2\/posts\/71672\/revisions"}],"wp:attachment":[{"href":"https:\/\/ejornais.com.br\/index.php\/wp-json\/wp\/v2\/media?parent=71672"}],"wp:term":[{"taxonomy":"category","embeddable":true,"href":"https:\/\/ejornais.com.br\/index.php\/wp-json\/wp\/v2\/categories?post=71672"},{"taxonomy":"post_tag","embeddable":true,"href":"https:\/\/ejornais.com.br\/index.php\/wp-json\/wp\/v2\/tags?post=71672"}],"curies":[{"name":"wp","href":"https:\/\/api.w.org\/{rel}","templated":true}]}}