{"id":71687,"date":"2026-09-05T00:01:50","date_gmt":"2026-09-05T03:01:50","guid":{"rendered":"https:\/\/ejornais.com.br\/index.php\/2026\/09\/05\/ifsp-e-contemplado-com-r-10-milhoes-em-chamada-finep-ifsp\/"},"modified":"2026-09-05T00:01:50","modified_gmt":"2026-09-05T03:01:50","slug":"ifsp-e-contemplado-com-r-10-milhoes-em-chamada-finep-ifsp","status":"publish","type":"post","link":"https:\/\/ejornais.com.br\/index.php\/2026\/09\/05\/ifsp-e-contemplado-com-r-10-milhoes-em-chamada-finep-ifsp\/","title":{"rendered":"IFSP \u00e9 contemplado com R$ 10 milh\u00f5es em chamada Finep &#8211; IFSP"},"content":{"rendered":"<p><\/p>\n<div>\n<div class=\"subtitle\">\n<p><span style=\"font-weight: 400;\">O recurso ser\u00e1 utilizado\u00a0para a constru\u00e7\u00e3o do novo pr\u00e9dio que abrigar\u00e1 a Unidade Embrapii do IFSP<\/span><\/p>\n<\/div>\n<p><!-- fim .content-header-options-1 --><\/p>\n<p><span style=\"font-weight: 400;\">O IFSP foi contemplado na Chamada P\u00fablica MCTI\/FINEP\/FNDCT Proinfra 2025 Expans\u00e3o, com o projeto \u201cExpans\u00e3o da infraestrutura multiusu\u00e1ria em tecnologia de alimentos do Polo de Inova\u00e7\u00e3o de Mat\u00e3o\u201d. A proposta ficou classificada em segundo lugar no grupo 2 (demais institui\u00e7\u00f5es executoras eleg\u00edveis), com nota 4,85 de um total de 5 pontos poss\u00edveis. No total, ser\u00e3o concedidos R$ 9.996.720,53, que ser\u00e3o utilizados para a constru\u00e7\u00e3o do novo pr\u00e9dio que abrigar\u00e1 a Unidade Embrapii do IFSP, e ser\u00e1 utilizado exclusivamente para pesquisa. Esta \u00e9 uma demanda j\u00e1 apontada pelas auditorias Embrapii, bem como pelas empresas parceiras.<\/span><\/p>\n<p><span style=\"font-weight: 400;\">Segundo Filipe Dalmatti, coordenador do projeto aprovado, escrever a proposta foi um grande desafio. &#8220;V\u00ednhamos de duas submiss\u00f5es anteriores \u00e0 FINEP que n\u00e3o alcan\u00e7aram o resultado esperado e decidimos transformar cada cr\u00edtica recebida em aprendizado para construir uma proposta muito mais s\u00f3lida&#8221;. Ele conta que assumiu a coordena\u00e7\u00e3o durante o recesso de dezembro de 2025, ainda muito abalado pela perda do\u00a0seu grande amigo, professor Aristeu Tininis, que havia trabalhado com ele na proposta anterior. Aponta que a classifica\u00e7\u00e3o em segundo lugar nacional mostrou a compet\u00eancia cient\u00edfica e tecnol\u00f3gica que o IFSP vem construindo, fruto de um grande trabalho coletivo. &#8220;Agora temos a responsabilidade de transformar R$ 10 milh\u00f5es em mais pesquisa, inova\u00e7\u00e3o, forma\u00e7\u00e3o de estudantes e solu\u00e7\u00f5es para o setor produtivo e para a sociedade.\u201d<\/span><\/p>\n<p>Para o\u00a0<span style=\"font-weight: 400;\">diretor do Campus Mat\u00e3o, Claudemir Mariotti Jr, a conquista representa um marco hist\u00f3rico e reflete a qualidade do trabalho realizado pela comunidade acad\u00eamica.\u00a0 &#8220;A nova estrutura elevar\u00e1 o patamar da nossa atua\u00e7\u00e3o junto \u00e0s empresas parceiras do Polo Embrapii, nos permitindo expandir a capacidade de projetos e entregar solu\u00e7\u00f5es tecnol\u00f3gicas ainda mais avan\u00e7adas ao setor produtivo&#8221;, diz. De acordo com Mariotti, al\u00e9m do fortalecimento direto com a ind\u00fastria, o espa\u00e7o impulsionar\u00e1 a produ\u00e7\u00e3o cient\u00edfica como um todo e a pesquisa em rede com os demais campi. &#8220;\u00c9 um investimento que consolida Mat\u00e3o como uma refer\u00eancia em pesquisa para o IFSP, multiplicando as oportunidades de inova\u00e7\u00e3o para nossos estudantes e pesquisadores.\u201d<\/span><\/p>\n<p><span style=\"font-weight: 400;\">A submiss\u00e3o institucional do IFSP \u00e0 chamada Finep foi coordenada pelo professor Thiago Homem, da Diretoria de Pesquisa da Pr\u00f3-Reitoria de Pesquisa e P\u00f3s-Gradua\u00e7\u00e3o. Contou ainda com mais dois subprojetos: \u201cCentro de Opera\u00e7\u00f5es Integradas Industrial O-PAS\u201d, do Campus Sert\u00e3ozinho, que foi recomendado pelos avaliadores, mas ficou fora do limite or\u00e7ament\u00e1rio, e \u201cLaborat\u00f3rio de Manufatura Aditiva para desenvolvimento e aplica\u00e7\u00f5es tecnol\u00f3gicas avan\u00e7ados\u201d, do Campus S\u00e3o Paulo, que n\u00e3o foi recomendado pelos avaliadores.\u00a0\u00a0<\/span><\/p>\n<p><span style=\"font-weight: 400;\">Para o Diretor do Polo de Inova\u00e7\u00e3o de Mat\u00e3o, <\/span><span style=\"font-weight: 400;\">S\u00e9rgio de Azevedo<\/span><span style=\"font-weight: 400;\">, a constru\u00e7\u00e3o da sede do Polo representa uma conquista importante para o IFSP e para toda a regi\u00e3o. Desde dezembro de 2020, o IFSP atua como Unidade Embrapii na \u00e1rea de Tecnologia e Engenharia de Alimentos, desenvolvendo projetos de Pesquisa, Desenvolvimento e Inova\u00e7\u00e3o em parceria com empresas. &#8220;O Polo j\u00e1 promove a integra\u00e7\u00e3o de pesquisadores de diferentes \u00e1reas e campi do IFSP no desenvolvimento desses projetos, mas a nova estrutura permitir\u00e1 ampliar ainda mais essa participa\u00e7\u00e3o. Com isso, se torna poss\u00edvel aproximar pesquisadores e fortalecer a capacidade institucional de responder aos desafios tecnol\u00f3gicos da ind\u00fastria&#8221;, explica.<\/span><\/p>\n<p><span style=\"font-weight: 400;\">Mais do que uma estrutura f\u00edsica, a sede pr\u00f3pria representa a consolida\u00e7\u00e3o de um ambiente dedicado \u00e0 pesquisa e \u00e0 inova\u00e7\u00e3o, com seguran\u00e7a, organiza\u00e7\u00e3o e infraestrutura adequada para o desenvolvimento dos projetos. &#8220;Esse ambiente tamb\u00e9m contribui para transmitir \u00e0s empresas a confian\u00e7a necess\u00e1ria para compartilhar conosco seus desafios, investimentos e riscos de desenvolvimento. \u00c9 um passo importante para fortalecer o Polo como parceiro tecnol\u00f3gico da ind\u00fastria e ampliar a gera\u00e7\u00e3o de solu\u00e7\u00f5es que contribuam para o desenvolvimento tecnol\u00f3gico e econ\u00f4mico da regi\u00e3o\u201d, finaliza S\u00e9rgio.<\/span><\/p>\n<p><span style=\"font-weight: 400;\">O IFSP foi credenciado como Unidade Embrapii na \u00e1rea de Engenharia e Tecnologia de Alimentos em dezembro de 2020. At\u00e9 o momento, j\u00e1 foram contratados 30 projetos, em um montante total de R$ 13,7 milh\u00f5es, envolvendo 16 campi do IFSP e 79 estudantes bolsistas.\u00a0<\/span><span style=\"font-weight: 400;\">Conhe\u00e7a mais sobre a Unidade Embrapii do IFSP em <\/span><span style=\"font-weight: 400;\">https:\/\/embrapii.ifsp.edu.br\/<\/span>.<\/p>\n<p>\u00a0<\/p>\n<figure>\n<figure><figcaption>Projeto do pr\u00e9dio que abrigar\u00e1 a unidade Embrapii do IFSP (vista a\u00e9rea)<\/figcaption><\/figure>\n<p><figcaption\/>  <\/figure>\n<\/div>\n","protected":false},"excerpt":{"rendered":"<p>O recurso ser\u00e1 utilizado\u00a0para a constru\u00e7\u00e3o do novo pr\u00e9dio que abrigar\u00e1 a Unidade Embrapii do IFSP O IFSP foi contemplado<\/p>\n","protected":false},"author":2,"featured_media":0,"comment_status":"","ping_status":"","sticky":false,"template":"","format":"standard","meta":{"colormag_page_container_layout":"default_layout","colormag_page_sidebar_layout":"default_layout","footnotes":""},"categories":[1],"tags":[],"class_list":["post-71687","post","type-post","status-publish","format-standard","hentry","category-ejornais"],"aioseo_notices":[],"aioseo_head":"\n\t\t<!-- All in One SEO 5.0.1.1 - aioseo.com -->\n\t<meta name=\"description\" content=\"O recurso ser\u00e1 utilizado para a constru\u00e7\u00e3o do novo pr\u00e9dio que abrigar\u00e1 a Unidade Embrapii do IFSP O IFSP foi contemplado na Chamada P\u00fablica MCTI\/FINEP\/FNDCT Proinfra 2025 Expans\u00e3o, com o projeto \u201cExpans\u00e3o da infraestrutura multiusu\u00e1ria em tecnologia de alimentos do Polo de Inova\u00e7\u00e3o de Mat\u00e3o\u201d. A proposta ficou classificada em segundo lugar no grupo 2 (demais\" \/>\n\t<meta name=\"robots\" content=\"max-image-preview:large\" \/>\n\t<meta name=\"author\" content=\"admin1\"\/>\n\t<link rel=\"canonical\" href=\"https:\/\/ejornais.com.br\/index.php\/2026\/09\/05\/ifsp-e-contemplado-com-r-10-milhoes-em-chamada-finep-ifsp\/\" \/>\n\t<meta name=\"generator\" content=\"All in One SEO (AIOSEO) 5.0.1.1\" \/>\n\t\t<meta property=\"og:locale\" content=\"pt_BR\" \/>\n\t\t<meta property=\"og:site_name\" content=\"eJornais - Cat\u00e1logo de Jornais no mundo, Not\u00edcias, Blog e Esportes ao vivo\" \/>\n\t\t<meta property=\"og:type\" content=\"article\" \/>\n\t\t<meta property=\"og:title\" content=\"IFSP \u00e9 contemplado com R$ 10 milh\u00f5es em chamada Finep \u2013 IFSP - eJornais\" \/>\n\t\t<meta property=\"og:description\" content=\"O recurso ser\u00e1 utilizado para a constru\u00e7\u00e3o do novo pr\u00e9dio que abrigar\u00e1 a Unidade Embrapii do IFSP O IFSP foi contemplado na Chamada P\u00fablica MCTI\/FINEP\/FNDCT Proinfra 2025 Expans\u00e3o, com o projeto \u201cExpans\u00e3o da infraestrutura multiusu\u00e1ria em tecnologia de alimentos do Polo de Inova\u00e7\u00e3o de Mat\u00e3o\u201d. A proposta ficou classificada em segundo lugar no grupo 2 (demais\" \/>\n\t\t<meta property=\"og:url\" content=\"https:\/\/ejornais.com.br\/index.php\/2026\/09\/05\/ifsp-e-contemplado-com-r-10-milhoes-em-chamada-finep-ifsp\/\" \/>\n\t\t<meta property=\"article:published_time\" content=\"2026-09-05T03:01:50+00:00\" \/>\n\t\t<meta property=\"article:modified_time\" content=\"2026-09-05T03:01:50+00:00\" \/>\n\t\t<meta name=\"twitter:card\" content=\"summary_large_image\" \/>\n\t\t<meta name=\"twitter:title\" content=\"IFSP \u00e9 contemplado com R$ 10 milh\u00f5es em chamada Finep \u2013 IFSP - eJornais\" \/>\n\t\t<meta name=\"twitter:description\" content=\"O recurso ser\u00e1 utilizado para a constru\u00e7\u00e3o do novo pr\u00e9dio que abrigar\u00e1 a Unidade Embrapii do IFSP O IFSP foi contemplado na Chamada P\u00fablica MCTI\/FINEP\/FNDCT Proinfra 2025 Expans\u00e3o, com o projeto \u201cExpans\u00e3o da infraestrutura multiusu\u00e1ria em tecnologia de alimentos do Polo de Inova\u00e7\u00e3o de Mat\u00e3o\u201d. A proposta ficou classificada em segundo lugar no grupo 2 (demais\" \/>\n\t\t<script type=\"application\/ld+json\" class=\"aioseo-schema\">\n\t\t\t{\"@context\":\"https:\\\/\\\/schema.org\",\"@graph\":[{\"@type\":\"BlogPosting\",\"@id\":\"https:\\\/\\\/ejornais.com.br\\\/index.php\\\/2026\\\/09\\\/05\\\/ifsp-e-contemplado-com-r-10-milhoes-em-chamada-finep-ifsp\\\/#blogposting\",\"name\":\"IFSP \\u00e9 contemplado com R$ 10 milh\\u00f5es em chamada Finep \\u2013 IFSP - eJornais\",\"headline\":\"IFSP \\u00e9 contemplado com R$ 10 milh\\u00f5es em chamada Finep &#8211; IFSP\",\"author\":{\"@id\":\"https:\\\/\\\/ejornais.com.br\\\/index.php\\\/author\\\/admin1\\\/#author\"},\"publisher\":{\"@id\":\"https:\\\/\\\/ejornais.com.br\\\/#organization\"},\"datePublished\":\"2026-09-05T00:01:50-03:00\",\"dateModified\":\"2026-09-05T00:01:50-03:00\",\"inLanguage\":\"pt-BR\",\"mainEntityOfPage\":{\"@id\":\"https:\\\/\\\/ejornais.com.br\\\/index.php\\\/2026\\\/09\\\/05\\\/ifsp-e-contemplado-com-r-10-milhoes-em-chamada-finep-ifsp\\\/#webpage\"},\"isPartOf\":{\"@id\":\"https:\\\/\\\/ejornais.com.br\\\/index.php\\\/2026\\\/09\\\/05\\\/ifsp-e-contemplado-com-r-10-milhoes-em-chamada-finep-ifsp\\\/#webpage\"},\"articleSection\":\"Cat\\u00e1logo de Jornais\"},{\"@type\":\"BreadcrumbList\",\"@id\":\"https:\\\/\\\/ejornais.com.br\\\/index.php\\\/2026\\\/09\\\/05\\\/ifsp-e-contemplado-com-r-10-milhoes-em-chamada-finep-ifsp\\\/#breadcrumblist\",\"itemListElement\":[{\"@type\":\"ListItem\",\"@id\":\"https:\\\/\\\/ejornais.com.br#listItem\",\"position\":1,\"name\":\"In\\u00edcio\",\"item\":\"https:\\\/\\\/ejornais.com.br\",\"nextItem\":{\"@type\":\"ListItem\",\"@id\":\"https:\\\/\\\/ejornais.com.br\\\/index.php\\\/category\\\/ejornais\\\/#listItem\",\"name\":\"Cat\\u00e1logo de Jornais\"}},{\"@type\":\"ListItem\",\"@id\":\"https:\\\/\\\/ejornais.com.br\\\/index.php\\\/category\\\/ejornais\\\/#listItem\",\"position\":2,\"name\":\"Cat\\u00e1logo de Jornais\",\"item\":\"https:\\\/\\\/ejornais.com.br\\\/index.php\\\/category\\\/ejornais\\\/\",\"nextItem\":{\"@type\":\"ListItem\",\"@id\":\"https:\\\/\\\/ejornais.com.br\\\/index.php\\\/2026\\\/09\\\/05\\\/ifsp-e-contemplado-com-r-10-milhoes-em-chamada-finep-ifsp\\\/#listItem\",\"name\":\"IFSP \\u00e9 contemplado com R$ 10 milh\\u00f5es em chamada Finep &#8211; IFSP\"},\"previousItem\":{\"@type\":\"ListItem\",\"@id\":\"https:\\\/\\\/ejornais.com.br#listItem\",\"name\":\"In\\u00edcio\"}},{\"@type\":\"ListItem\",\"@id\":\"https:\\\/\\\/ejornais.com.br\\\/index.php\\\/2026\\\/09\\\/05\\\/ifsp-e-contemplado-com-r-10-milhoes-em-chamada-finep-ifsp\\\/#listItem\",\"position\":3,\"name\":\"IFSP \\u00e9 contemplado com R$ 10 milh\\u00f5es em chamada Finep &#8211; IFSP\",\"previousItem\":{\"@type\":\"ListItem\",\"@id\":\"https:\\\/\\\/ejornais.com.br\\\/index.php\\\/category\\\/ejornais\\\/#listItem\",\"name\":\"Cat\\u00e1logo de Jornais\"}}]},{\"@type\":\"Organization\",\"@id\":\"https:\\\/\\\/ejornais.com.br\\\/#organization\",\"name\":\"eJornais\",\"description\":\"Cat\\u00e1logo de Jornais no mundo, Not\\u00edcias, Blog e Esportes ao vivo\",\"url\":\"https:\\\/\\\/ejornais.com.br\\\/\"},{\"@type\":\"Person\",\"@id\":\"https:\\\/\\\/ejornais.com.br\\\/index.php\\\/author\\\/admin1\\\/#author\",\"url\":\"https:\\\/\\\/ejornais.com.br\\\/index.php\\\/author\\\/admin1\\\/\",\"name\":\"admin1\",\"image\":{\"@type\":\"ImageObject\",\"@id\":\"https:\\\/\\\/ejornais.com.br\\\/index.php\\\/2026\\\/09\\\/05\\\/ifsp-e-contemplado-com-r-10-milhoes-em-chamada-finep-ifsp\\\/#authorImage\",\"url\":\"https:\\\/\\\/secure.gravatar.com\\\/avatar\\\/04084e6d73c042b8646e7c17b494073bf0ede3ea13c7105cfc45cbbbc28385a4?s=96&d=mm&r=g\",\"width\":96,\"height\":96,\"caption\":\"admin1\"}},{\"@type\":\"WebPage\",\"@id\":\"https:\\\/\\\/ejornais.com.br\\\/index.php\\\/2026\\\/09\\\/05\\\/ifsp-e-contemplado-com-r-10-milhoes-em-chamada-finep-ifsp\\\/#webpage\",\"url\":\"https:\\\/\\\/ejornais.com.br\\\/index.php\\\/2026\\\/09\\\/05\\\/ifsp-e-contemplado-com-r-10-milhoes-em-chamada-finep-ifsp\\\/\",\"name\":\"IFSP \\u00e9 contemplado com R$ 10 milh\\u00f5es em chamada Finep \\u2013 IFSP - eJornais\",\"description\":\"O recurso ser\\u00e1 utilizado para a constru\\u00e7\\u00e3o do novo pr\\u00e9dio que abrigar\\u00e1 a Unidade Embrapii do IFSP O IFSP foi contemplado na Chamada P\\u00fablica MCTI\\\/FINEP\\\/FNDCT Proinfra 2025 Expans\\u00e3o, com o projeto \\u201cExpans\\u00e3o da infraestrutura multiusu\\u00e1ria em tecnologia de alimentos do Polo de Inova\\u00e7\\u00e3o de Mat\\u00e3o\\u201d. A proposta ficou classificada em segundo lugar no grupo 2 (demais\",\"inLanguage\":\"pt-BR\",\"isPartOf\":{\"@id\":\"https:\\\/\\\/ejornais.com.br\\\/#website\"},\"breadcrumb\":{\"@id\":\"https:\\\/\\\/ejornais.com.br\\\/index.php\\\/2026\\\/09\\\/05\\\/ifsp-e-contemplado-com-r-10-milhoes-em-chamada-finep-ifsp\\\/#breadcrumblist\"},\"author\":{\"@id\":\"https:\\\/\\\/ejornais.com.br\\\/index.php\\\/author\\\/admin1\\\/#author\"},\"creator\":{\"@id\":\"https:\\\/\\\/ejornais.com.br\\\/index.php\\\/author\\\/admin1\\\/#author\"},\"datePublished\":\"2026-09-05T00:01:50-03:00\",\"dateModified\":\"2026-09-05T00:01:50-03:00\"},{\"@type\":\"WebSite\",\"@id\":\"https:\\\/\\\/ejornais.com.br\\\/#website\",\"url\":\"https:\\\/\\\/ejornais.com.br\\\/\",\"name\":\"eJornais\",\"description\":\"Cat\\u00e1logo de Jornais no mundo, Not\\u00edcias, Blog e Esportes ao vivo\",\"inLanguage\":\"pt-BR\",\"publisher\":{\"@id\":\"https:\\\/\\\/ejornais.com.br\\\/#organization\"}}]}\n\t\t<\/script>\n\t\t<!-- All in One SEO -->\n\n","aioseo_head_json":{"title":"IFSP \u00e9 contemplado com R$ 10 milh\u00f5es em chamada Finep \u2013 IFSP - eJornais","description":"O recurso ser\u00e1 utilizado para a constru\u00e7\u00e3o do novo pr\u00e9dio que abrigar\u00e1 a Unidade Embrapii do IFSP O IFSP foi contemplado na Chamada P\u00fablica MCTI\/FINEP\/FNDCT Proinfra 2025 Expans\u00e3o, com o projeto \u201cExpans\u00e3o da infraestrutura multiusu\u00e1ria em tecnologia de alimentos do Polo de Inova\u00e7\u00e3o de Mat\u00e3o\u201d. A proposta ficou classificada em segundo lugar no grupo 2 (demais","canonical_url":"https:\/\/ejornais.com.br\/index.php\/2026\/09\/05\/ifsp-e-contemplado-com-r-10-milhoes-em-chamada-finep-ifsp\/","robots":"max-image-preview:large","keywords":"","webmasterTools":{"miscellaneous":""},"schema":{"@context":"https:\/\/schema.org","@graph":[{"@type":"BlogPosting","@id":"https:\/\/ejornais.com.br\/index.php\/2026\/09\/05\/ifsp-e-contemplado-com-r-10-milhoes-em-chamada-finep-ifsp\/#blogposting","name":"IFSP \u00e9 contemplado com R$ 10 milh\u00f5es em chamada Finep \u2013 IFSP - eJornais","headline":"IFSP \u00e9 contemplado com R$ 10 milh\u00f5es em chamada Finep &#8211; IFSP","author":{"@id":"https:\/\/ejornais.com.br\/index.php\/author\/admin1\/#author"},"publisher":{"@id":"https:\/\/ejornais.com.br\/#organization"},"datePublished":"2026-09-05T00:01:50-03:00","dateModified":"2026-09-05T00:01:50-03:00","inLanguage":"pt-BR","mainEntityOfPage":{"@id":"https:\/\/ejornais.com.br\/index.php\/2026\/09\/05\/ifsp-e-contemplado-com-r-10-milhoes-em-chamada-finep-ifsp\/#webpage"},"isPartOf":{"@id":"https:\/\/ejornais.com.br\/index.php\/2026\/09\/05\/ifsp-e-contemplado-com-r-10-milhoes-em-chamada-finep-ifsp\/#webpage"},"articleSection":"Cat\u00e1logo de Jornais"},{"@type":"BreadcrumbList","@id":"https:\/\/ejornais.com.br\/index.php\/2026\/09\/05\/ifsp-e-contemplado-com-r-10-milhoes-em-chamada-finep-ifsp\/#breadcrumblist","itemListElement":[{"@type":"ListItem","@id":"https:\/\/ejornais.com.br#listItem","position":1,"name":"In\u00edcio","item":"https:\/\/ejornais.com.br","nextItem":{"@type":"ListItem","@id":"https:\/\/ejornais.com.br\/index.php\/category\/ejornais\/#listItem","name":"Cat\u00e1logo de Jornais"}},{"@type":"ListItem","@id":"https:\/\/ejornais.com.br\/index.php\/category\/ejornais\/#listItem","position":2,"name":"Cat\u00e1logo de Jornais","item":"https:\/\/ejornais.com.br\/index.php\/category\/ejornais\/","nextItem":{"@type":"ListItem","@id":"https:\/\/ejornais.com.br\/index.php\/2026\/09\/05\/ifsp-e-contemplado-com-r-10-milhoes-em-chamada-finep-ifsp\/#listItem","name":"IFSP \u00e9 contemplado com R$ 10 milh\u00f5es em chamada Finep &#8211; IFSP"},"previousItem":{"@type":"ListItem","@id":"https:\/\/ejornais.com.br#listItem","name":"In\u00edcio"}},{"@type":"ListItem","@id":"https:\/\/ejornais.com.br\/index.php\/2026\/09\/05\/ifsp-e-contemplado-com-r-10-milhoes-em-chamada-finep-ifsp\/#listItem","position":3,"name":"IFSP \u00e9 contemplado com R$ 10 milh\u00f5es em chamada Finep &#8211; IFSP","previousItem":{"@type":"ListItem","@id":"https:\/\/ejornais.com.br\/index.php\/category\/ejornais\/#listItem","name":"Cat\u00e1logo de Jornais"}}]},{"@type":"Organization","@id":"https:\/\/ejornais.com.br\/#organization","name":"eJornais","description":"Cat\u00e1logo de Jornais no mundo, Not\u00edcias, Blog e Esportes ao vivo","url":"https:\/\/ejornais.com.br\/"},{"@type":"Person","@id":"https:\/\/ejornais.com.br\/index.php\/author\/admin1\/#author","url":"https:\/\/ejornais.com.br\/index.php\/author\/admin1\/","name":"admin1","image":{"@type":"ImageObject","@id":"https:\/\/ejornais.com.br\/index.php\/2026\/09\/05\/ifsp-e-contemplado-com-r-10-milhoes-em-chamada-finep-ifsp\/#authorImage","url":"https:\/\/secure.gravatar.com\/avatar\/04084e6d73c042b8646e7c17b494073bf0ede3ea13c7105cfc45cbbbc28385a4?s=96&d=mm&r=g","width":96,"height":96,"caption":"admin1"}},{"@type":"WebPage","@id":"https:\/\/ejornais.com.br\/index.php\/2026\/09\/05\/ifsp-e-contemplado-com-r-10-milhoes-em-chamada-finep-ifsp\/#webpage","url":"https:\/\/ejornais.com.br\/index.php\/2026\/09\/05\/ifsp-e-contemplado-com-r-10-milhoes-em-chamada-finep-ifsp\/","name":"IFSP \u00e9 contemplado com R$ 10 milh\u00f5es em chamada Finep \u2013 IFSP - eJornais","description":"O recurso ser\u00e1 utilizado para a constru\u00e7\u00e3o do novo pr\u00e9dio que abrigar\u00e1 a Unidade Embrapii do IFSP O IFSP foi contemplado na Chamada P\u00fablica MCTI\/FINEP\/FNDCT Proinfra 2025 Expans\u00e3o, com o projeto \u201cExpans\u00e3o da infraestrutura multiusu\u00e1ria em tecnologia de alimentos do Polo de Inova\u00e7\u00e3o de Mat\u00e3o\u201d. A proposta ficou classificada em segundo lugar no grupo 2 (demais","inLanguage":"pt-BR","isPartOf":{"@id":"https:\/\/ejornais.com.br\/#website"},"breadcrumb":{"@id":"https:\/\/ejornais.com.br\/index.php\/2026\/09\/05\/ifsp-e-contemplado-com-r-10-milhoes-em-chamada-finep-ifsp\/#breadcrumblist"},"author":{"@id":"https:\/\/ejornais.com.br\/index.php\/author\/admin1\/#author"},"creator":{"@id":"https:\/\/ejornais.com.br\/index.php\/author\/admin1\/#author"},"datePublished":"2026-09-05T00:01:50-03:00","dateModified":"2026-09-05T00:01:50-03:00"},{"@type":"WebSite","@id":"https:\/\/ejornais.com.br\/#website","url":"https:\/\/ejornais.com.br\/","name":"eJornais","description":"Cat\u00e1logo de Jornais no mundo, Not\u00edcias, Blog e Esportes ao vivo","inLanguage":"pt-BR","publisher":{"@id":"https:\/\/ejornais.com.br\/#organization"}}]},"og:locale":"pt_BR","og:site_name":"eJornais - Cat\u00e1logo de Jornais no mundo, Not\u00edcias, Blog e Esportes ao vivo","og:type":"article","og:title":"IFSP \u00e9 contemplado com R$ 10 milh\u00f5es em chamada Finep \u2013 IFSP - eJornais","og:description":"O recurso ser\u00e1 utilizado para a constru\u00e7\u00e3o do novo pr\u00e9dio que abrigar\u00e1 a Unidade Embrapii do IFSP O IFSP foi contemplado na Chamada P\u00fablica MCTI\/FINEP\/FNDCT Proinfra 2025 Expans\u00e3o, com o projeto \u201cExpans\u00e3o da infraestrutura multiusu\u00e1ria em tecnologia de alimentos do Polo de Inova\u00e7\u00e3o de Mat\u00e3o\u201d. A proposta ficou classificada em segundo lugar no grupo 2 (demais","og:url":"https:\/\/ejornais.com.br\/index.php\/2026\/09\/05\/ifsp-e-contemplado-com-r-10-milhoes-em-chamada-finep-ifsp\/","article:published_time":"2026-09-05T03:01:50+00:00","article:modified_time":"2026-09-05T03:01:50+00:00","twitter:card":"summary_large_image","twitter:title":"IFSP \u00e9 contemplado com R$ 10 milh\u00f5es em chamada Finep \u2013 IFSP - eJornais","twitter:description":"O recurso ser\u00e1 utilizado para a constru\u00e7\u00e3o do novo pr\u00e9dio que abrigar\u00e1 a Unidade Embrapii do IFSP O IFSP foi contemplado na Chamada P\u00fablica MCTI\/FINEP\/FNDCT Proinfra 2025 Expans\u00e3o, com o projeto \u201cExpans\u00e3o da infraestrutura multiusu\u00e1ria em tecnologia de alimentos do Polo de Inova\u00e7\u00e3o de Mat\u00e3o\u201d. A proposta ficou classificada em segundo lugar no grupo 2 (demais"},"aioseo_meta_data":{"post_id":"71687","title":null,"description":null,"keywords":null,"keyphrases":null,"primary_term":null,"canonical_url":null,"og_title":null,"og_description":null,"og_object_type":"default","og_image_type":"default","og_image_url":null,"og_image_width":null,"og_image_height":null,"og_image_custom_url":null,"og_image_custom_fields":null,"og_video":null,"og_custom_url":null,"og_article_section":null,"og_article_tags":null,"twitter_use_og":false,"twitter_card":"default","twitter_image_type":"default","twitter_image_url":null,"twitter_image_custom_url":null,"twitter_image_custom_fields":null,"twitter_title":null,"twitter_description":null,"schema":{"blockGraphs":[],"customGraphs":[],"default":{"data":{"Article":[],"Course":[],"Dataset":[],"FAQPage":[],"Movie":[],"Person":[],"Product":[],"ProductReview":[],"Car":[],"Recipe":[],"Service":[],"SoftwareApplication":[],"WebPage":[]},"graphName":"","isEnabled":true},"graphs":[]},"schema_type":"default","schema_type_options":null,"pillar_content":false,"robots_default":true,"robots_noindex":false,"robots_noarchive":false,"robots_nosnippet":false,"robots_nofollow":false,"robots_noimageindex":false,"robots_noodp":false,"robots_notranslate":false,"robots_max_snippet":null,"robots_max_videopreview":null,"robots_max_imagepreview":"large","priority":null,"frequency":null,"local_seo":null,"breadcrumb_settings":null,"limit_modified_date":false,"ai":null,"created":"2026-09-05 04:16:29","updated":"2026-09-05 04:16:29","seo_analyzer_scan_date":null,"focus_keyword":null,"additional_keywords":null,"truseo_locale":null},"aioseo_breadcrumb":"<div class=\"aioseo-breadcrumbs\"><span class=\"aioseo-breadcrumb\">\n\t\t\t<a href=\"https:\/\/ejornais.com.br\" title=\"In\u00edcio\">In\u00edcio<\/a>\n\t\t<\/span><span class=\"aioseo-breadcrumb-separator\">&raquo;<\/span><span class=\"aioseo-breadcrumb\">\n\t\t\t<a href=\"https:\/\/ejornais.com.br\/index.php\/category\/ejornais\/\" title=\"Cat\u00e1logo de Jornais\">Cat\u00e1logo de Jornais<\/a>\n\t\t<\/span><span class=\"aioseo-breadcrumb-separator\">&raquo;<\/span><span class=\"aioseo-breadcrumb\">\n\t\t\tIFSP \u00e9 contemplado com R$ 10 milh\u00f5es em chamada Finep \u2013 IFSP\n\t\t<\/span><\/div>","aioseo_breadcrumb_json":[{"label":"In\u00edcio","link":"https:\/\/ejornais.com.br"},{"label":"Cat\u00e1logo de Jornais","link":"https:\/\/ejornais.com.br\/index.php\/category\/ejornais\/"},{"label":"IFSP \u00e9 contemplado com R$ 10 milh\u00f5es em chamada Finep &#8211; IFSP","link":"https:\/\/ejornais.com.br\/index.php\/2026\/09\/05\/ifsp-e-contemplado-com-r-10-milhoes-em-chamada-finep-ifsp\/"}],"amp_enabled":true,"_links":{"self":[{"href":"https:\/\/ejornais.com.br\/index.php\/wp-json\/wp\/v2\/posts\/71687","targetHints":{"allow":["GET"]}}],"collection":[{"href":"https:\/\/ejornais.com.br\/index.php\/wp-json\/wp\/v2\/posts"}],"about":[{"href":"https:\/\/ejornais.com.br\/index.php\/wp-json\/wp\/v2\/types\/post"}],"author":[{"embeddable":true,"href":"https:\/\/ejornais.com.br\/index.php\/wp-json\/wp\/v2\/users\/2"}],"replies":[{"embeddable":true,"href":"https:\/\/ejornais.com.br\/index.php\/wp-json\/wp\/v2\/comments?post=71687"}],"version-history":[{"count":0,"href":"https:\/\/ejornais.com.br\/index.php\/wp-json\/wp\/v2\/posts\/71687\/revisions"}],"wp:attachment":[{"href":"https:\/\/ejornais.com.br\/index.php\/wp-json\/wp\/v2\/media?parent=71687"}],"wp:term":[{"taxonomy":"category","embeddable":true,"href":"https:\/\/ejornais.com.br\/index.php\/wp-json\/wp\/v2\/categories?post=71687"},{"taxonomy":"post_tag","embeddable":true,"href":"https:\/\/ejornais.com.br\/index.php\/wp-json\/wp\/v2\/tags?post=71687"}],"curies":[{"name":"wp","href":"https:\/\/api.w.org\/{rel}","templated":true}]}}