{"id":71698,"date":"2026-09-05T05:38:07","date_gmt":"2026-09-05T08:38:07","guid":{"rendered":"https:\/\/ejornais.com.br\/index.php\/2026\/09\/05\/prefeitura-do-rio-inaugura-novo-get-em-padre-miguel-na-zona-oeste-prefeitura-da-cidade-do-rio-de-janeiro\/"},"modified":"2026-09-05T05:38:07","modified_gmt":"2026-09-05T08:38:07","slug":"prefeitura-do-rio-inaugura-novo-get-em-padre-miguel-na-zona-oeste-prefeitura-da-cidade-do-rio-de-janeiro","status":"publish","type":"post","link":"https:\/\/ejornais.com.br\/index.php\/2026\/09\/05\/prefeitura-do-rio-inaugura-novo-get-em-padre-miguel-na-zona-oeste-prefeitura-da-cidade-do-rio-de-janeiro\/","title":{"rendered":"Prefeitura do Rio inaugura novo GET em Padre Miguel, na Zona Oeste &#8211; Prefeitura da Cidade do Rio de Janeiro"},"content":{"rendered":"<p><\/p>\n<div id=\"main\">\n<div class=\"wrapper-breadcrumbs\" wp_automatic_readability=\"61.889076848719\">\n<div class=\"image-post\" wp_automatic_readability=\"33\">\n                     Gin\u00e1sio Educacional Tecnol\u00f3gico Moacyr Padilha vai atender 279 crian\u00e7as do 1\u00ba ao 5\u00ba ano &#8211; Foto: Marco Antonio Lima\/ Prefeitura do Rio                  <\/div>\n<p>O prefeito do Rio, Eduardo Cavaliere, acompanhado do secret\u00e1rio municipal de Educa\u00e7\u00e3o, Hugo Nepomuceno, inaugurou, nesta sexta-feira (04\/09), mais um Gin\u00e1sio Educacional Tecnol\u00f3gico (GET), em Padre Miguel, na Zona Oeste. O novo GET Moacyr Padilha conta com 10 turmas do 1\u00ba ao 5\u00ba ano do Ensino Fundamental. Com essa unidade, a Prefeitura chega a 317 GETs inaugurados, ampliando a oferta de educa\u00e7\u00e3o em tempo integral e fortalecendo uma pol\u00edtica que alia aprendizagem, inova\u00e7\u00e3o e desenvolvimento integral dos estudantes.<\/p>\n<blockquote wp_automatic_readability=\"12\">\n<p>\u2014 A inaugura\u00e7\u00e3o de mais um GET, em Padre Miguel, mostra o nosso compromisso em continuar transformando a educa\u00e7\u00e3o p\u00fablica do Rio. \u00c9 muito gratificante ver alunos de oito, nove anos usando ferramentas tecnol\u00f3gicas para aprender linguagem de programa\u00e7\u00e3o e racioc\u00ednio l\u00f3gico, o que fortalece o aprendizado de Portugu\u00eas e Matem\u00e1tica nessa era da intelig\u00eancia artificial. \u2014 destacou o prefeito Eduardo Cavaliere.<\/p>\n<\/blockquote>\n<p>A meta da Prefeitura \u00e9 alcan\u00e7ar 350 unidades em 2026 e chegar a 150 mil estudantes atendidos. At\u00e9 o fim de 2028, a cidade contar\u00e1 com 500 GETs distribu\u00eddos por todas as regi\u00f5es do Rio de Janeiro.<\/p>\n<blockquote wp_automatic_readability=\"11\">\n<p>\u2014 Inaugurar esse GET em Padre Miguel representa mais oportunidade para as nossas crian\u00e7as, com um modelo de ensino \u2018m\u00e3o na massa\u2019 que alia tecnologia e engajamento. O que estamos trazendo para a rede municipal \u00e9 o que h\u00e1 de mais moderno no mundo hoje. Levar essa estrutura para mais uma unidade na Zona Oeste refor\u00e7a a descentraliza\u00e7\u00e3o do projeto por toda a cidade, apostando na for\u00e7a do nosso povo e investindo diretamente no futuro dos nossos estudantes \u2014 refor\u00e7ou o secret\u00e1rio municipal de Educa\u00e7\u00e3o, Hugo Nepomuceno.<\/p>\n<\/blockquote>\n<p><strong>GETs s\u00e3o modelo inovador de ensino<\/strong><\/p>\n<p>Os Gin\u00e1sios Educacionais Tecnol\u00f3gicos (GETs) s\u00e3o um modelo inovador de ensino que integra diferentes \u00e1reas do conhecimento, com foco no pensamento cr\u00edtico, na criatividade, na sensibilidade e no protagonismo dos estudantes, por meio de metodologias ativas e de uma proposta de educa\u00e7\u00e3o integral que se expande para al\u00e9m dos espa\u00e7os tradicionais de sala de aula.<\/p>\n<p>A iniciativa foi reconhecida pelo Minist\u00e9rio da Educa\u00e7\u00e3o (MEC) como uma das experi\u00eancias mais inspiradoras do pa\u00eds em gest\u00e3o e projetos pedag\u00f3gicos de ensino integral. O reconhecimento refor\u00e7a o posicionamento do Rio como Capital da Inova\u00e7\u00e3o e consolida a presen\u00e7a da educa\u00e7\u00e3o digital e midi\u00e1tica na rede p\u00fablica municipal.<\/p>\n<p>Os GETs adotam a abordagem STEAM \u2014 Ci\u00eancia, Tecnologia, Engenharia, Artes e Matem\u00e1tica \u2014 e representam uma nova concep\u00e7\u00e3o de escola para o s\u00e9culo XXI: espa\u00e7os voltados \u00e0 inova\u00e7\u00e3o did\u00e1tico-pedag\u00f3gica, \u00e0 experimenta\u00e7\u00e3o do conhecimento e \u00e0 colabora\u00e7\u00e3o ativa entre estudantes e educadores. A proposta \u00e9 preparar os alunos para os desafios do futuro ao aproximar tecnologia e aprendizagem pr\u00e1tica do cotidiano das fam\u00edlias e das comunidades.<\/p>\n<p>Cada unidade conta com infraestrutura moderna e equipamentos de ponta. No colaborat\u00f3rio, os estudantes trabalham com intelig\u00eancia artificial, impressoras 3D, cortadoras a laser, \u00f3culos de proje\u00e7\u00e3o, kits de rob\u00f3tica e m\u00e1quinas de costura \u2014 ferramentas que tornam o aprendizado concreto e conectado \u00e0 realidade dos territ\u00f3rios onde as escolas est\u00e3o inseridas.<\/p>\n<p>             <!-- Compartilhe ---><\/p>\n<p>\t\t\t <!-- TAGS --><\/p>\n<section class=\"category-tags\">\n<div class=\"marcacao-category\">\n<article class=\"category-post\">\n<p>Categoria: <\/p>\n<\/article>\n<li>4 de setembro de 2026<\/li><\/div>\n<article class=\"tags\">\n\t\t\t\t\tMarca\u00e7\u00f5es: Educa\u00e7\u00e3o Escola Municipal GET Not\u00edcias Padre Miguel Prefeitura zona oeste<br \/><\/article>\n<\/section>\n<p>            <!-- Mais Not&iacute;cias --><\/p>\n<p>\t\t<!-- Conte&uacute;do SIDEBAR --><\/p><\/div>\n<\/p><\/div>\n","protected":false},"excerpt":{"rendered":"<p>Gin\u00e1sio Educacional Tecnol\u00f3gico Moacyr Padilha vai atender 279 crian\u00e7as do 1\u00ba ao 5\u00ba ano &#8211; Foto: Marco Antonio Lima\/ Prefeitura<\/p>\n","protected":false},"author":2,"featured_media":0,"comment_status":"","ping_status":"","sticky":false,"template":"","format":"standard","meta":{"colormag_page_container_layout":"default_layout","colormag_page_sidebar_layout":"default_layout","footnotes":""},"categories":[1],"tags":[],"class_list":["post-71698","post","type-post","status-publish","format-standard","hentry","category-ejornais"],"aioseo_notices":[],"aioseo_head":"\n\t\t<!-- All in One SEO 5.0.1.1 - aioseo.com -->\n\t<meta name=\"description\" content=\"Gin\u00e1sio Educacional Tecnol\u00f3gico Moacyr Padilha vai atender 279 crian\u00e7as do 1\u00ba ao 5\u00ba ano - Foto: Marco Antonio Lima\/ Prefeitura do Rio O prefeito do Rio, Eduardo Cavaliere, acompanhado do secret\u00e1rio municipal de Educa\u00e7\u00e3o, Hugo Nepomuceno, inaugurou, nesta sexta-feira (04\/09), mais um Gin\u00e1sio Educacional Tecnol\u00f3gico (GET), em Padre Miguel, na Zona Oeste. O novo GET\" \/>\n\t<meta name=\"robots\" content=\"max-image-preview:large\" \/>\n\t<meta name=\"author\" content=\"admin1\"\/>\n\t<link rel=\"canonical\" href=\"https:\/\/ejornais.com.br\/index.php\/2026\/09\/05\/prefeitura-do-rio-inaugura-novo-get-em-padre-miguel-na-zona-oeste-prefeitura-da-cidade-do-rio-de-janeiro\/\" \/>\n\t<meta name=\"generator\" content=\"All in One SEO (AIOSEO) 5.0.1.1\" \/>\n\t\t<meta property=\"og:locale\" content=\"pt_BR\" \/>\n\t\t<meta property=\"og:site_name\" content=\"eJornais - Cat\u00e1logo de Jornais no mundo, Not\u00edcias, Blog e Esportes ao vivo\" \/>\n\t\t<meta property=\"og:type\" content=\"article\" \/>\n\t\t<meta property=\"og:title\" content=\"Prefeitura do Rio inaugura novo GET em Padre Miguel, na Zona Oeste \u2013 Prefeitura da Cidade do Rio de Janeiro - eJornais\" \/>\n\t\t<meta property=\"og:description\" content=\"Gin\u00e1sio Educacional Tecnol\u00f3gico Moacyr Padilha vai atender 279 crian\u00e7as do 1\u00ba ao 5\u00ba ano - Foto: Marco Antonio Lima\/ Prefeitura do Rio O prefeito do Rio, Eduardo Cavaliere, acompanhado do secret\u00e1rio municipal de Educa\u00e7\u00e3o, Hugo Nepomuceno, inaugurou, nesta sexta-feira (04\/09), mais um Gin\u00e1sio Educacional Tecnol\u00f3gico (GET), em Padre Miguel, na Zona Oeste. O novo GET\" \/>\n\t\t<meta property=\"og:url\" content=\"https:\/\/ejornais.com.br\/index.php\/2026\/09\/05\/prefeitura-do-rio-inaugura-novo-get-em-padre-miguel-na-zona-oeste-prefeitura-da-cidade-do-rio-de-janeiro\/\" \/>\n\t\t<meta property=\"article:published_time\" content=\"2026-09-05T08:38:07+00:00\" \/>\n\t\t<meta property=\"article:modified_time\" content=\"2026-09-05T08:38:07+00:00\" \/>\n\t\t<meta name=\"twitter:card\" content=\"summary_large_image\" \/>\n\t\t<meta name=\"twitter:title\" content=\"Prefeitura do Rio inaugura novo GET em Padre Miguel, na Zona Oeste \u2013 Prefeitura da Cidade do Rio de Janeiro - eJornais\" \/>\n\t\t<meta name=\"twitter:description\" content=\"Gin\u00e1sio Educacional Tecnol\u00f3gico Moacyr Padilha vai atender 279 crian\u00e7as do 1\u00ba ao 5\u00ba ano - Foto: Marco Antonio Lima\/ Prefeitura do Rio O prefeito do Rio, Eduardo Cavaliere, acompanhado do secret\u00e1rio municipal de Educa\u00e7\u00e3o, Hugo Nepomuceno, inaugurou, nesta sexta-feira (04\/09), mais um Gin\u00e1sio Educacional Tecnol\u00f3gico (GET), em Padre Miguel, na Zona Oeste. O novo GET\" \/>\n\t\t<script type=\"application\/ld+json\" class=\"aioseo-schema\">\n\t\t\t{\"@context\":\"https:\\\/\\\/schema.org\",\"@graph\":[{\"@type\":\"BlogPosting\",\"@id\":\"https:\\\/\\\/ejornais.com.br\\\/index.php\\\/2026\\\/09\\\/05\\\/prefeitura-do-rio-inaugura-novo-get-em-padre-miguel-na-zona-oeste-prefeitura-da-cidade-do-rio-de-janeiro\\\/#blogposting\",\"name\":\"Prefeitura do Rio inaugura novo GET em Padre Miguel, na Zona Oeste \\u2013 Prefeitura da Cidade do Rio de Janeiro - eJornais\",\"headline\":\"Prefeitura do Rio inaugura novo GET em Padre Miguel, na Zona Oeste &#8211; Prefeitura da Cidade do Rio de Janeiro\",\"author\":{\"@id\":\"https:\\\/\\\/ejornais.com.br\\\/index.php\\\/author\\\/admin1\\\/#author\"},\"publisher\":{\"@id\":\"https:\\\/\\\/ejornais.com.br\\\/#organization\"},\"datePublished\":\"2026-09-05T05:38:07-03:00\",\"dateModified\":\"2026-09-05T05:38:07-03:00\",\"inLanguage\":\"pt-BR\",\"mainEntityOfPage\":{\"@id\":\"https:\\\/\\\/ejornais.com.br\\\/index.php\\\/2026\\\/09\\\/05\\\/prefeitura-do-rio-inaugura-novo-get-em-padre-miguel-na-zona-oeste-prefeitura-da-cidade-do-rio-de-janeiro\\\/#webpage\"},\"isPartOf\":{\"@id\":\"https:\\\/\\\/ejornais.com.br\\\/index.php\\\/2026\\\/09\\\/05\\\/prefeitura-do-rio-inaugura-novo-get-em-padre-miguel-na-zona-oeste-prefeitura-da-cidade-do-rio-de-janeiro\\\/#webpage\"},\"articleSection\":\"Cat\\u00e1logo de Jornais\"},{\"@type\":\"BreadcrumbList\",\"@id\":\"https:\\\/\\\/ejornais.com.br\\\/index.php\\\/2026\\\/09\\\/05\\\/prefeitura-do-rio-inaugura-novo-get-em-padre-miguel-na-zona-oeste-prefeitura-da-cidade-do-rio-de-janeiro\\\/#breadcrumblist\",\"itemListElement\":[{\"@type\":\"ListItem\",\"@id\":\"https:\\\/\\\/ejornais.com.br#listItem\",\"position\":1,\"name\":\"In\\u00edcio\",\"item\":\"https:\\\/\\\/ejornais.com.br\",\"nextItem\":{\"@type\":\"ListItem\",\"@id\":\"https:\\\/\\\/ejornais.com.br\\\/index.php\\\/category\\\/ejornais\\\/#listItem\",\"name\":\"Cat\\u00e1logo de Jornais\"}},{\"@type\":\"ListItem\",\"@id\":\"https:\\\/\\\/ejornais.com.br\\\/index.php\\\/category\\\/ejornais\\\/#listItem\",\"position\":2,\"name\":\"Cat\\u00e1logo de Jornais\",\"item\":\"https:\\\/\\\/ejornais.com.br\\\/index.php\\\/category\\\/ejornais\\\/\",\"nextItem\":{\"@type\":\"ListItem\",\"@id\":\"https:\\\/\\\/ejornais.com.br\\\/index.php\\\/2026\\\/09\\\/05\\\/prefeitura-do-rio-inaugura-novo-get-em-padre-miguel-na-zona-oeste-prefeitura-da-cidade-do-rio-de-janeiro\\\/#listItem\",\"name\":\"Prefeitura do Rio inaugura novo GET em Padre Miguel, na Zona Oeste &#8211; Prefeitura da Cidade do Rio de Janeiro\"},\"previousItem\":{\"@type\":\"ListItem\",\"@id\":\"https:\\\/\\\/ejornais.com.br#listItem\",\"name\":\"In\\u00edcio\"}},{\"@type\":\"ListItem\",\"@id\":\"https:\\\/\\\/ejornais.com.br\\\/index.php\\\/2026\\\/09\\\/05\\\/prefeitura-do-rio-inaugura-novo-get-em-padre-miguel-na-zona-oeste-prefeitura-da-cidade-do-rio-de-janeiro\\\/#listItem\",\"position\":3,\"name\":\"Prefeitura do Rio inaugura novo GET em Padre Miguel, na Zona Oeste &#8211; Prefeitura da Cidade do Rio de Janeiro\",\"previousItem\":{\"@type\":\"ListItem\",\"@id\":\"https:\\\/\\\/ejornais.com.br\\\/index.php\\\/category\\\/ejornais\\\/#listItem\",\"name\":\"Cat\\u00e1logo de Jornais\"}}]},{\"@type\":\"Organization\",\"@id\":\"https:\\\/\\\/ejornais.com.br\\\/#organization\",\"name\":\"eJornais\",\"description\":\"Cat\\u00e1logo de Jornais no mundo, Not\\u00edcias, Blog e Esportes ao vivo\",\"url\":\"https:\\\/\\\/ejornais.com.br\\\/\"},{\"@type\":\"Person\",\"@id\":\"https:\\\/\\\/ejornais.com.br\\\/index.php\\\/author\\\/admin1\\\/#author\",\"url\":\"https:\\\/\\\/ejornais.com.br\\\/index.php\\\/author\\\/admin1\\\/\",\"name\":\"admin1\",\"image\":{\"@type\":\"ImageObject\",\"@id\":\"https:\\\/\\\/ejornais.com.br\\\/index.php\\\/2026\\\/09\\\/05\\\/prefeitura-do-rio-inaugura-novo-get-em-padre-miguel-na-zona-oeste-prefeitura-da-cidade-do-rio-de-janeiro\\\/#authorImage\",\"url\":\"https:\\\/\\\/secure.gravatar.com\\\/avatar\\\/04084e6d73c042b8646e7c17b494073bf0ede3ea13c7105cfc45cbbbc28385a4?s=96&d=mm&r=g\",\"width\":96,\"height\":96,\"caption\":\"admin1\"}},{\"@type\":\"WebPage\",\"@id\":\"https:\\\/\\\/ejornais.com.br\\\/index.php\\\/2026\\\/09\\\/05\\\/prefeitura-do-rio-inaugura-novo-get-em-padre-miguel-na-zona-oeste-prefeitura-da-cidade-do-rio-de-janeiro\\\/#webpage\",\"url\":\"https:\\\/\\\/ejornais.com.br\\\/index.php\\\/2026\\\/09\\\/05\\\/prefeitura-do-rio-inaugura-novo-get-em-padre-miguel-na-zona-oeste-prefeitura-da-cidade-do-rio-de-janeiro\\\/\",\"name\":\"Prefeitura do Rio inaugura novo GET em Padre Miguel, na Zona Oeste \\u2013 Prefeitura da Cidade do Rio de Janeiro - eJornais\",\"description\":\"Gin\\u00e1sio Educacional Tecnol\\u00f3gico Moacyr Padilha vai atender 279 crian\\u00e7as do 1\\u00ba ao 5\\u00ba ano - Foto: Marco Antonio Lima\\\/ Prefeitura do Rio O prefeito do Rio, Eduardo Cavaliere, acompanhado do secret\\u00e1rio municipal de Educa\\u00e7\\u00e3o, Hugo Nepomuceno, inaugurou, nesta sexta-feira (04\\\/09), mais um Gin\\u00e1sio Educacional Tecnol\\u00f3gico (GET), em Padre Miguel, na Zona Oeste. O novo GET\",\"inLanguage\":\"pt-BR\",\"isPartOf\":{\"@id\":\"https:\\\/\\\/ejornais.com.br\\\/#website\"},\"breadcrumb\":{\"@id\":\"https:\\\/\\\/ejornais.com.br\\\/index.php\\\/2026\\\/09\\\/05\\\/prefeitura-do-rio-inaugura-novo-get-em-padre-miguel-na-zona-oeste-prefeitura-da-cidade-do-rio-de-janeiro\\\/#breadcrumblist\"},\"author\":{\"@id\":\"https:\\\/\\\/ejornais.com.br\\\/index.php\\\/author\\\/admin1\\\/#author\"},\"creator\":{\"@id\":\"https:\\\/\\\/ejornais.com.br\\\/index.php\\\/author\\\/admin1\\\/#author\"},\"datePublished\":\"2026-09-05T05:38:07-03:00\",\"dateModified\":\"2026-09-05T05:38:07-03:00\"},{\"@type\":\"WebSite\",\"@id\":\"https:\\\/\\\/ejornais.com.br\\\/#website\",\"url\":\"https:\\\/\\\/ejornais.com.br\\\/\",\"name\":\"eJornais\",\"description\":\"Cat\\u00e1logo de Jornais no mundo, Not\\u00edcias, Blog e Esportes ao vivo\",\"inLanguage\":\"pt-BR\",\"publisher\":{\"@id\":\"https:\\\/\\\/ejornais.com.br\\\/#organization\"}}]}\n\t\t<\/script>\n\t\t<!-- All in One SEO -->\n\n","aioseo_head_json":{"title":"Prefeitura do Rio inaugura novo GET em Padre Miguel, na Zona Oeste \u2013 Prefeitura da Cidade do Rio de Janeiro - eJornais","description":"Gin\u00e1sio Educacional Tecnol\u00f3gico Moacyr Padilha vai atender 279 crian\u00e7as do 1\u00ba ao 5\u00ba ano - Foto: Marco Antonio Lima\/ Prefeitura do Rio O prefeito do Rio, Eduardo Cavaliere, acompanhado do secret\u00e1rio municipal de Educa\u00e7\u00e3o, Hugo Nepomuceno, inaugurou, nesta sexta-feira (04\/09), mais um Gin\u00e1sio Educacional Tecnol\u00f3gico (GET), em Padre Miguel, na Zona Oeste. O novo GET","canonical_url":"https:\/\/ejornais.com.br\/index.php\/2026\/09\/05\/prefeitura-do-rio-inaugura-novo-get-em-padre-miguel-na-zona-oeste-prefeitura-da-cidade-do-rio-de-janeiro\/","robots":"max-image-preview:large","keywords":"","webmasterTools":{"miscellaneous":""},"schema":{"@context":"https:\/\/schema.org","@graph":[{"@type":"BlogPosting","@id":"https:\/\/ejornais.com.br\/index.php\/2026\/09\/05\/prefeitura-do-rio-inaugura-novo-get-em-padre-miguel-na-zona-oeste-prefeitura-da-cidade-do-rio-de-janeiro\/#blogposting","name":"Prefeitura do Rio inaugura novo GET em Padre Miguel, na Zona Oeste \u2013 Prefeitura da Cidade do Rio de Janeiro - eJornais","headline":"Prefeitura do Rio inaugura novo GET em Padre Miguel, na Zona Oeste &#8211; Prefeitura da Cidade do Rio de Janeiro","author":{"@id":"https:\/\/ejornais.com.br\/index.php\/author\/admin1\/#author"},"publisher":{"@id":"https:\/\/ejornais.com.br\/#organization"},"datePublished":"2026-09-05T05:38:07-03:00","dateModified":"2026-09-05T05:38:07-03:00","inLanguage":"pt-BR","mainEntityOfPage":{"@id":"https:\/\/ejornais.com.br\/index.php\/2026\/09\/05\/prefeitura-do-rio-inaugura-novo-get-em-padre-miguel-na-zona-oeste-prefeitura-da-cidade-do-rio-de-janeiro\/#webpage"},"isPartOf":{"@id":"https:\/\/ejornais.com.br\/index.php\/2026\/09\/05\/prefeitura-do-rio-inaugura-novo-get-em-padre-miguel-na-zona-oeste-prefeitura-da-cidade-do-rio-de-janeiro\/#webpage"},"articleSection":"Cat\u00e1logo de Jornais"},{"@type":"BreadcrumbList","@id":"https:\/\/ejornais.com.br\/index.php\/2026\/09\/05\/prefeitura-do-rio-inaugura-novo-get-em-padre-miguel-na-zona-oeste-prefeitura-da-cidade-do-rio-de-janeiro\/#breadcrumblist","itemListElement":[{"@type":"ListItem","@id":"https:\/\/ejornais.com.br#listItem","position":1,"name":"In\u00edcio","item":"https:\/\/ejornais.com.br","nextItem":{"@type":"ListItem","@id":"https:\/\/ejornais.com.br\/index.php\/category\/ejornais\/#listItem","name":"Cat\u00e1logo de Jornais"}},{"@type":"ListItem","@id":"https:\/\/ejornais.com.br\/index.php\/category\/ejornais\/#listItem","position":2,"name":"Cat\u00e1logo de Jornais","item":"https:\/\/ejornais.com.br\/index.php\/category\/ejornais\/","nextItem":{"@type":"ListItem","@id":"https:\/\/ejornais.com.br\/index.php\/2026\/09\/05\/prefeitura-do-rio-inaugura-novo-get-em-padre-miguel-na-zona-oeste-prefeitura-da-cidade-do-rio-de-janeiro\/#listItem","name":"Prefeitura do Rio inaugura novo GET em Padre Miguel, na Zona Oeste &#8211; Prefeitura da Cidade do Rio de Janeiro"},"previousItem":{"@type":"ListItem","@id":"https:\/\/ejornais.com.br#listItem","name":"In\u00edcio"}},{"@type":"ListItem","@id":"https:\/\/ejornais.com.br\/index.php\/2026\/09\/05\/prefeitura-do-rio-inaugura-novo-get-em-padre-miguel-na-zona-oeste-prefeitura-da-cidade-do-rio-de-janeiro\/#listItem","position":3,"name":"Prefeitura do Rio inaugura novo GET em Padre Miguel, na Zona Oeste &#8211; Prefeitura da Cidade do Rio de Janeiro","previousItem":{"@type":"ListItem","@id":"https:\/\/ejornais.com.br\/index.php\/category\/ejornais\/#listItem","name":"Cat\u00e1logo de Jornais"}}]},{"@type":"Organization","@id":"https:\/\/ejornais.com.br\/#organization","name":"eJornais","description":"Cat\u00e1logo de Jornais no mundo, Not\u00edcias, Blog e Esportes ao vivo","url":"https:\/\/ejornais.com.br\/"},{"@type":"Person","@id":"https:\/\/ejornais.com.br\/index.php\/author\/admin1\/#author","url":"https:\/\/ejornais.com.br\/index.php\/author\/admin1\/","name":"admin1","image":{"@type":"ImageObject","@id":"https:\/\/ejornais.com.br\/index.php\/2026\/09\/05\/prefeitura-do-rio-inaugura-novo-get-em-padre-miguel-na-zona-oeste-prefeitura-da-cidade-do-rio-de-janeiro\/#authorImage","url":"https:\/\/secure.gravatar.com\/avatar\/04084e6d73c042b8646e7c17b494073bf0ede3ea13c7105cfc45cbbbc28385a4?s=96&d=mm&r=g","width":96,"height":96,"caption":"admin1"}},{"@type":"WebPage","@id":"https:\/\/ejornais.com.br\/index.php\/2026\/09\/05\/prefeitura-do-rio-inaugura-novo-get-em-padre-miguel-na-zona-oeste-prefeitura-da-cidade-do-rio-de-janeiro\/#webpage","url":"https:\/\/ejornais.com.br\/index.php\/2026\/09\/05\/prefeitura-do-rio-inaugura-novo-get-em-padre-miguel-na-zona-oeste-prefeitura-da-cidade-do-rio-de-janeiro\/","name":"Prefeitura do Rio inaugura novo GET em Padre Miguel, na Zona Oeste \u2013 Prefeitura da Cidade do Rio de Janeiro - eJornais","description":"Gin\u00e1sio Educacional Tecnol\u00f3gico Moacyr Padilha vai atender 279 crian\u00e7as do 1\u00ba ao 5\u00ba ano - Foto: Marco Antonio Lima\/ Prefeitura do Rio O prefeito do Rio, Eduardo Cavaliere, acompanhado do secret\u00e1rio municipal de Educa\u00e7\u00e3o, Hugo Nepomuceno, inaugurou, nesta sexta-feira (04\/09), mais um Gin\u00e1sio Educacional Tecnol\u00f3gico (GET), em Padre Miguel, na Zona Oeste. O novo GET","inLanguage":"pt-BR","isPartOf":{"@id":"https:\/\/ejornais.com.br\/#website"},"breadcrumb":{"@id":"https:\/\/ejornais.com.br\/index.php\/2026\/09\/05\/prefeitura-do-rio-inaugura-novo-get-em-padre-miguel-na-zona-oeste-prefeitura-da-cidade-do-rio-de-janeiro\/#breadcrumblist"},"author":{"@id":"https:\/\/ejornais.com.br\/index.php\/author\/admin1\/#author"},"creator":{"@id":"https:\/\/ejornais.com.br\/index.php\/author\/admin1\/#author"},"datePublished":"2026-09-05T05:38:07-03:00","dateModified":"2026-09-05T05:38:07-03:00"},{"@type":"WebSite","@id":"https:\/\/ejornais.com.br\/#website","url":"https:\/\/ejornais.com.br\/","name":"eJornais","description":"Cat\u00e1logo de Jornais no mundo, Not\u00edcias, Blog e Esportes ao vivo","inLanguage":"pt-BR","publisher":{"@id":"https:\/\/ejornais.com.br\/#organization"}}]},"og:locale":"pt_BR","og:site_name":"eJornais - Cat\u00e1logo de Jornais no mundo, Not\u00edcias, Blog e Esportes ao vivo","og:type":"article","og:title":"Prefeitura do Rio inaugura novo GET em Padre Miguel, na Zona Oeste \u2013 Prefeitura da Cidade do Rio de Janeiro - eJornais","og:description":"Gin\u00e1sio Educacional Tecnol\u00f3gico Moacyr Padilha vai atender 279 crian\u00e7as do 1\u00ba ao 5\u00ba ano - Foto: Marco Antonio Lima\/ Prefeitura do Rio O prefeito do Rio, Eduardo Cavaliere, acompanhado do secret\u00e1rio municipal de Educa\u00e7\u00e3o, Hugo Nepomuceno, inaugurou, nesta sexta-feira (04\/09), mais um Gin\u00e1sio Educacional Tecnol\u00f3gico (GET), em Padre Miguel, na Zona Oeste. O novo GET","og:url":"https:\/\/ejornais.com.br\/index.php\/2026\/09\/05\/prefeitura-do-rio-inaugura-novo-get-em-padre-miguel-na-zona-oeste-prefeitura-da-cidade-do-rio-de-janeiro\/","article:published_time":"2026-09-05T08:38:07+00:00","article:modified_time":"2026-09-05T08:38:07+00:00","twitter:card":"summary_large_image","twitter:title":"Prefeitura do Rio inaugura novo GET em Padre Miguel, na Zona Oeste \u2013 Prefeitura da Cidade do Rio de Janeiro - eJornais","twitter:description":"Gin\u00e1sio Educacional Tecnol\u00f3gico Moacyr Padilha vai atender 279 crian\u00e7as do 1\u00ba ao 5\u00ba ano - Foto: Marco Antonio Lima\/ Prefeitura do Rio O prefeito do Rio, Eduardo Cavaliere, acompanhado do secret\u00e1rio municipal de Educa\u00e7\u00e3o, Hugo Nepomuceno, inaugurou, nesta sexta-feira (04\/09), mais um Gin\u00e1sio Educacional Tecnol\u00f3gico (GET), em Padre Miguel, na Zona Oeste. O novo GET"},"aioseo_meta_data":{"post_id":"71698","title":null,"description":null,"keywords":null,"keyphrases":null,"primary_term":null,"canonical_url":null,"og_title":null,"og_description":null,"og_object_type":"default","og_image_type":"default","og_image_url":null,"og_image_width":null,"og_image_height":null,"og_image_custom_url":null,"og_image_custom_fields":null,"og_video":null,"og_custom_url":null,"og_article_section":null,"og_article_tags":null,"twitter_use_og":false,"twitter_card":"default","twitter_image_type":"default","twitter_image_url":null,"twitter_image_custom_url":null,"twitter_image_custom_fields":null,"twitter_title":null,"twitter_description":null,"schema":{"blockGraphs":[],"customGraphs":[],"default":{"data":{"Article":[],"Course":[],"Dataset":[],"FAQPage":[],"Movie":[],"Person":[],"Product":[],"ProductReview":[],"Car":[],"Recipe":[],"Service":[],"SoftwareApplication":[],"WebPage":[]},"graphName":"","isEnabled":true},"graphs":[]},"schema_type":"default","schema_type_options":null,"pillar_content":false,"robots_default":true,"robots_noindex":false,"robots_noarchive":false,"robots_nosnippet":false,"robots_nofollow":false,"robots_noimageindex":false,"robots_noodp":false,"robots_notranslate":false,"robots_max_snippet":null,"robots_max_videopreview":null,"robots_max_imagepreview":"large","priority":null,"frequency":null,"local_seo":null,"breadcrumb_settings":null,"limit_modified_date":false,"ai":null,"created":"2026-09-05 08:39:06","updated":"2026-09-05 08:39:06","seo_analyzer_scan_date":null,"focus_keyword":null,"additional_keywords":null,"truseo_locale":null},"aioseo_breadcrumb":"<div class=\"aioseo-breadcrumbs\"><span class=\"aioseo-breadcrumb\">\n\t\t\t<a href=\"https:\/\/ejornais.com.br\" title=\"In\u00edcio\">In\u00edcio<\/a>\n\t\t<\/span><span class=\"aioseo-breadcrumb-separator\">&raquo;<\/span><span class=\"aioseo-breadcrumb\">\n\t\t\t<a href=\"https:\/\/ejornais.com.br\/index.php\/category\/ejornais\/\" title=\"Cat\u00e1logo de Jornais\">Cat\u00e1logo de Jornais<\/a>\n\t\t<\/span><span class=\"aioseo-breadcrumb-separator\">&raquo;<\/span><span class=\"aioseo-breadcrumb\">\n\t\t\tPrefeitura do Rio inaugura novo GET em Padre Miguel, na Zona Oeste \u2013 Prefeitura da Cidade do Rio de Janeiro\n\t\t<\/span><\/div>","aioseo_breadcrumb_json":[{"label":"In\u00edcio","link":"https:\/\/ejornais.com.br"},{"label":"Cat\u00e1logo de Jornais","link":"https:\/\/ejornais.com.br\/index.php\/category\/ejornais\/"},{"label":"Prefeitura do Rio inaugura novo GET em Padre Miguel, na Zona Oeste &#8211; Prefeitura da Cidade do Rio de Janeiro","link":"https:\/\/ejornais.com.br\/index.php\/2026\/09\/05\/prefeitura-do-rio-inaugura-novo-get-em-padre-miguel-na-zona-oeste-prefeitura-da-cidade-do-rio-de-janeiro\/"}],"amp_enabled":true,"_links":{"self":[{"href":"https:\/\/ejornais.com.br\/index.php\/wp-json\/wp\/v2\/posts\/71698","targetHints":{"allow":["GET"]}}],"collection":[{"href":"https:\/\/ejornais.com.br\/index.php\/wp-json\/wp\/v2\/posts"}],"about":[{"href":"https:\/\/ejornais.com.br\/index.php\/wp-json\/wp\/v2\/types\/post"}],"author":[{"embeddable":true,"href":"https:\/\/ejornais.com.br\/index.php\/wp-json\/wp\/v2\/users\/2"}],"replies":[{"embeddable":true,"href":"https:\/\/ejornais.com.br\/index.php\/wp-json\/wp\/v2\/comments?post=71698"}],"version-history":[{"count":0,"href":"https:\/\/ejornais.com.br\/index.php\/wp-json\/wp\/v2\/posts\/71698\/revisions"}],"wp:attachment":[{"href":"https:\/\/ejornais.com.br\/index.php\/wp-json\/wp\/v2\/media?parent=71698"}],"wp:term":[{"taxonomy":"category","embeddable":true,"href":"https:\/\/ejornais.com.br\/index.php\/wp-json\/wp\/v2\/categories?post=71698"},{"taxonomy":"post_tag","embeddable":true,"href":"https:\/\/ejornais.com.br\/index.php\/wp-json\/wp\/v2\/tags?post=71698"}],"curies":[{"name":"wp","href":"https:\/\/api.w.org\/{rel}","templated":true}]}}