{"id":71708,"date":"2026-09-05T11:13:05","date_gmt":"2026-09-05T14:13:05","guid":{"rendered":"https:\/\/ejornais.com.br\/index.php\/2026\/09\/05\/semob-jp-mobiliza-120-agentes-e-altera-rotas-de-onibus-para-desfile-de-7-de-setembro\/"},"modified":"2026-09-05T11:13:05","modified_gmt":"2026-09-05T14:13:05","slug":"semob-jp-mobiliza-120-agentes-e-altera-rotas-de-onibus-para-desfile-de-7-de-setembro","status":"publish","type":"post","link":"https:\/\/ejornais.com.br\/index.php\/2026\/09\/05\/semob-jp-mobiliza-120-agentes-e-altera-rotas-de-onibus-para-desfile-de-7-de-setembro\/","title":{"rendered":"Semob-JP mobiliza 120 agentes e altera rotas de \u00f4nibus para desfile de 7 de Setembro"},"content":{"rendered":"<p><\/p>\n<div id=\"texto\">\n<p>O desfile c\u00edvico de 7 de Setembro ter\u00e1 uma opera\u00e7\u00e3o especial de tr\u00e2nsito e transporte em Jo\u00e3o Pessoa. Para garantir a organiza\u00e7\u00e3o e a seguran\u00e7a durante o evento, realizado na Avenida Duarte da Silveira, a Superintend\u00eancia Executiva de Mobilidade Urbana de Jo\u00e3o Pessoa (Semob-JP) contar\u00e1 com 120 agentes de mobilidade e far\u00e1 altera\u00e7\u00f5es nos itiner\u00e1rios dos \u00f4nibus que circulam pela regi\u00e3o. Tamb\u00e9m ser\u00e3o realizados bloqueios e desvios em trechos das avenidas Get\u00falio Vargas, Tabajaras e Maximiano Figueiredo, al\u00e9m de vias pr\u00f3ximas ao local.<\/p>\n<figure class=\"wp-block-image size-large\"><\/figure>\n<p>De acordo com o superintendente da Mobilidade Urbana, Marcilio do HBE, como acontece em todos os anos, os agentes iniciar\u00e3o os bloqueios logo cedo, a partir das 5h, indo at\u00e9 meio-dia, hora prevista para o encerramento dos desfiles. \u201cNossas equipes estar\u00e3o a postos e distribu\u00eddas em pontos estrat\u00e9gicos para manter a fluidez do tr\u00e2nsito e disciplinar as mudan\u00e7as de itiner\u00e1rio dos \u00f4nibus, com a orienta\u00e7\u00e3o aos usu\u00e1rios. Aos condutores, as avenidas Epit\u00e1cio Pessoa e Pedro II ser\u00e3o alternativas dos bairros para o Centro e vice-versa\u201d, explicou.<\/p>\n<p>A Semob-JP tamb\u00e9m participar\u00e1 do desfile c\u00edvico com o grupamento motorizado composto por 25 agentes de mobilidade, nove viaturas de fiscaliza\u00e7\u00e3o, 10 motocicletas e seis bicicletas.<\/p>\n<figure class=\"wp-block-gallery has-nested-images columns-default is-cropped wp-block-gallery-1 is-layout-flex wp-block-gallery-is-layout-flex\">\n<figure class=\"wp-block-image size-large\"><\/figure>\n<figure class=\"wp-block-image size-large\"><\/figure>\n<\/figure>\n<p><strong>T\u00e1xi<\/strong>\u00a0\u2013 Para facilitar o deslocamento do p\u00fablico durante o desfile, seis \u00e1reas localizadas estrategicamente no entorno dos bairros do Centro e da Torre ser\u00e3o destinadas exclusivamente aos t\u00e1xis. \u201cA Semob-JP recomenda \u00e0 popula\u00e7\u00e3o que utilize t\u00e1xi, transporte por aplicativo ou transporte p\u00fablico coletivo para ir aos desfiles. Caso opte por ve\u00edculo particular, o \u00f3rg\u00e3o de mobilidade pede a compreens\u00e3o dos condutores, pois n\u00e3o ser\u00e1 permitido o estacionamento nas \u00e1reas interditadas\u201d, explicou o diretor de Opera\u00e7\u00f5es, Sanderson Ces\u00e1rio.<\/p>\n<p><strong>\u00d4nibus<\/strong>\u00a0\u2013 As mudan\u00e7as no tr\u00e2nsito da regi\u00e3o central tamb\u00e9m v\u00e3o alterar o itiner\u00e1rio das linhas que circulam pelos corredores de Cruz das Armas, 2 de Fevereiro, Pedro II, Beira Rio, Epit\u00e1cio Pessoa, Tancredo Neves e Acesso Oeste, nos sentidos Bairro-Centro e Centro-Bairro.<\/p>\n<figure class=\"wp-block-gallery has-nested-images columns-default is-cropped wp-block-gallery-2 is-layout-flex wp-block-gallery-is-layout-flex\">\n<figure class=\"wp-block-image size-large\"><\/figure>\n<figure class=\"wp-block-image size-large\"><\/figure>\n<\/figure>\n<p>A opera\u00e7\u00e3o especial no transporte coletivo ter\u00e1 in\u00edcio \u00e0s 5h e seguir\u00e1 at\u00e9 o t\u00e9rmino do evento, quando os \u00f4nibus voltar\u00e3o a operar normalmente. As linhas que circulam no sentido Bairro-Centro at\u00e9 o Terminal de Integra\u00e7\u00e3o do Varadouro (TIV), pelos corredores Pedro II, Beira Rio, Epit\u00e1cio Pessoa e Tancredo Neves, seguir\u00e3o pela Rua Almirante Barroso, no trecho do antigo Hiper Bompre\u00e7o, e pelo anel externo da Lagoa. J\u00e1 as linhas dos corredores 2 de Fevereiro e Cruz das Armas seguir\u00e3o diretamente para o TIV pela Avenida Jo\u00e3o Machado.<\/p>\n<p>O sistema de transporte neste 7 de Setembro vai circular, excepcionalmente, com quadro de domingo, com 52 linhas. As linhas: 1519, 517, 521, 523, 530, que retornam da Lagoa, dever\u00e3o seguir at\u00e9 a integra\u00e7\u00e3o do Varadouro durante o evento.<\/p>\n<p><strong>Confira os desvios de itiner\u00e1rio nas linhas de \u00f4nibus at\u00e9 o TIV:<br \/>Linhas corredor Cruz das Armas<\/strong><\/p>\n<p>Bairro\/Centro: Ap\u00f3s Vasco da Gama \u2013 Jo\u00e3o Machado \u2013 S\u00e3o Miguel (Pra\u00e7a da Pedra) \u2013 Maciel Pinheiro \u2013 Av. Sanhau\u00e1 \u2013 TIV;<\/p>\n<p>Centro\/Bairro: \u2013 Volta ao itiner\u00e1rio normal.<\/p>\n<p><strong>Linhas Corredor 2 de Fevereiro e Jaguaribe<\/strong><\/p>\n<p>Bairro\/Centro: Ap\u00f3s Vasco da Gama \u2013 Jo\u00e3o Machado \u2013 S\u00e3o Miguel (Pra\u00e7a da Pedra) \u2013 Maciel Pinheiro \u2013 Av. Sanhau\u00e1 \u2013 TIV;<\/p>\n<p>Centro\/Bairro: Volta o itiner\u00e1rio normal, ap\u00f3s sa\u00edda do dispositivo da Pol\u00edcia Militar, enquanto isso desvio pela B. Rohan e Almeida Barreto.<\/p>\n<p><strong>Linhas Corredor Pedro II<\/strong><\/p>\n<p>Bairro\/Centro: Ap\u00f3s N. S. de F\u00e1tima \u2013 Rui Barbosa \u2013 Juarez T\u00e1vora \u2013 Bento da Gama \u2013 Epit\u00e1cio Pessoa \u2013 Mons. Walfredo Leal \u2013 Princesa Isabel \u2013 Almirante Barroso \u2013 Lagoa \u2013 Miguel Couto \u2013 itiner\u00e1rio normal;<\/p>\n<p>Centro\/Bairro: TIV \u2013 Guedes Pereira \u2013 Gal Os\u00f3rio \u2013 Pavilh\u00e3o do Ch\u00e1 \u2013 Almeida Barreto \u2013 Diogo Velho \u2013 Jo\u00e3o Machado \u2013 Pedro II \u2013 volta ao itiner\u00e1rio normal.<\/p>\n<p><strong>Linhas Corredor Beira Rio<\/strong><\/p>\n<p>401 Bairro\/Centro: Beira Rio \u2013 Rui Barbosa \u2013 Juarez T\u00e1vora \u2013 Bento da Gama \u2013 Princesa Isabel \u2013 Mons. Walfredo Leal \u2013 Princesa Isabel \u2013 Almi-rante Barroso \u2013 Lagoa \u2013 Miguel Couto \u2013 itiner\u00e1rio normal;<\/p>\n<p>401 Centro\/Bairro: TIV \u2013 Guedes Pereira \u2013 Gal Os\u00f3rio \u2013 Pavilh\u00e3o do Ch\u00e1 \u2013 Almeida Barreto \u2013 Diogo Velho \u2013 Jo\u00e3o Machado \u2013 Pedro II \u2013 Rui Barbosa \u2013 volta ao itiner\u00e1rio normal.<\/p>\n<p><strong>Linhas Corredor Epit\u00e1cio Pessoa<\/strong><\/p>\n<p>Bairro\/Centro: Epit\u00e1cio Pessoa \u2013 Mons. Walfredo Leal \u2013 Princesa Isabel \u2013 Almirante Barroso \u2013 Lagoa \u2013 Miguel Couto \u2013 itiner\u00e1rio normal;<\/p>\n<p>Centro\/Bairro: TIV \u2013 Guedes Pereira \u2013 General Os\u00f3rio \u2013 Pavilh\u00e3o do Ch\u00e1 \u2013 Pra\u00e7a 1817-Visconde de Pelotas \u2013 Av. Pedro I \u2013 Maximiano Figueiredo \u2013 Epit\u00e1cio Pessoa \u2013 volta ao itiner\u00e1rio normal.<\/p>\n<p><strong>Linhas Corredor Tancredo Neves<\/strong><\/p>\n<p>Bairro\/Centro: Boto de Menezes \u2013 Princesa Isabel \u2013 Almirante Barroso \u2013Lagoa \u2013 Miguel Couto \u2013 itiner\u00e1rio normal;<\/p>\n<p>Centro\/Bairro: TIV \u2013 Guedes Pereira \u2013 Gal. Os\u00f3rio \u2013 Pavilh\u00e3o do Ch\u00e1 \u2013 Pra\u00e7a 1817 \u2013 Visconde de Pelotas \u2013 Av. Pedro I \u2013 Eur\u00edpedes Tavares \u2013 Boto de Menezes \u2013 volta ao itiner\u00e1rio normal.<\/p>\n<p><strong>Linha 701\/Acesso Oeste<\/strong><\/p>\n<p>Bairro\/Centro: Itiner\u00e1rio normal;<\/p>\n<p>Centro\/Bairro: TIV \u2013 Guedes Pereira \u2013 Gal. Os\u00f3rio \u2013 Pavilh\u00e3o do Ch\u00e1 \u2013 Pra\u00e7a 1817 \u2013 Visconde de Pelotas \u2013 Pedro I \u2013 Princesa Isabel \u2013 Lagoa \u2013 Miguel Couto. Volta ao itiner\u00e1rio normal.<\/p>\n<p><strong>Linha 1001<\/strong><\/p>\n<p>No sentido Bairro das Ind\u00fastrias\/Mandacaru \u2013 Ap\u00f3s Vasco da Gama \u2013 Jo\u00e3o Machado \u2013 Rodrigues de Aquino \u2013 Pra\u00e7a 1817 \u2013 Visconde de Pelotas \u2013 Pedro I \u2013 Maximiano Figueiredo \u2013 Epit\u00e1cio Pessoa \u2013 volta ao itiner\u00e1rio normal;<\/p>\n<p>No sentido Mandacaru\/Bairro das Ind\u00fastrias \u2013 Igual ao desvio da Epit\u00e1cio Pessoa at\u00e9 a Lagoa \u2013 Miguel Couto \u2013 TIV, segue o mesmo desvio da Av. Cruz das Armas e volta ao itiner\u00e1rio normal.<\/p>\n<p><strong>Linha 2300<\/strong><\/p>\n<p>Ap\u00f3s Vasco da Gama \u2013 Jo\u00e3o Machado \u2013 S\u00e3o Miguel (Pra\u00e7a da Pedra) \u2013 Maciel Pinheiro- Sanhau\u00e1 \u2013 TIV \u2013 Guedes Pereira \u2013 Gal. Os\u00f3rio \u2013 Pavilh\u00e3o do Ch\u00e1 \u2013 Almeida Barreto \u2013 Diogo Velho \u2013 Jo\u00e3o Machado \u2013 Pedro II \u2013 volta ao itiner\u00e1rio normal.<\/p>\n<p><strong>Linha 3200<\/strong><\/p>\n<p>Ap\u00f3s N. S. de F\u00e1tima \u2013 Rui Barbosa \u2013 Juarez T\u00e1vora \u2013 Bento da Gama \u2013 Mons. Walfredo Leal \u2013 Princesa Isabel \u2013 Almirante Barroso \u2013 Lagoa \u2013 Miguel Couto \u2013 Guedes Pereira \u2013 Gal. Os\u00f3rio \u2013 Pavilh\u00e3o do ch\u00e1 \u2013 Almeida Barreto \u2013 Diogo Velho \u2013 volta pelo itiner\u00e1rio normal.<\/p>\n<p><strong>Linhas 1500 \u2013 1510 \u2013 1519<\/strong><\/p>\n<p>Ap\u00f3s Vasco da Gama -Jo\u00e3o Machado \u2013 Rodrigues de Aquino \u2013 Pra\u00e7a 1817 \u2013 Visconde de Pelotas \u2013 Pedro I \u2013 Maximiano Figueiredo \u2013 Epit\u00e1cio Pessoa, volta ao itiner\u00e1rio normal.<\/p>\n<p><strong>Linha 5100<\/strong><\/p>\n<p>Ap\u00f3s Epit\u00e1cio Pessoa \u2013 Mons. Walfredo Leal \u2013 Princesa Isa-bel \u2013 Almirante Barroso \u2013 Lagoa \u2013 Miguel Couto \u2013 TIV, segue o mesmo desvio da Av. Cruz das Armas e volta ao itiner\u00e1rio normal.<\/p>\n<p><strong>Linha 523<\/strong><\/p>\n<p>Ap\u00f3s Epit\u00e1cio Pessoa \u2013 Mons. Walfredo Leal \u2013 Princesa Isabel \u2013 Almirante Barroso \u2013 Lagoa \u2013 Miguel Couto \u2013 TIV, segue o mesmo desvio das linhas Epit\u00e1cio Pessoa e volta ao itiner\u00e1rio normal.<\/p>\n<p>OBS: Linha 5120 \u2013 Itiner\u00e1rio do Corredor Epit\u00e1cio Pessoa e volta ao itiner\u00e1rio normal ap\u00f3s a Lagoa \u2013 Miguel Couto \u2013\u00a0 TIV.<\/p>\n<\/p><\/div>\n","protected":false},"excerpt":{"rendered":"<p>O desfile c\u00edvico de 7 de Setembro ter\u00e1 uma opera\u00e7\u00e3o especial de tr\u00e2nsito e transporte em Jo\u00e3o Pessoa. Para garantir<\/p>\n","protected":false},"author":2,"featured_media":0,"comment_status":"","ping_status":"","sticky":false,"template":"","format":"standard","meta":{"colormag_page_container_layout":"default_layout","colormag_page_sidebar_layout":"default_layout","footnotes":""},"categories":[1],"tags":[],"class_list":["post-71708","post","type-post","status-publish","format-standard","hentry","category-ejornais"],"aioseo_notices":[],"aioseo_head":"\n\t\t<!-- All in One SEO 5.0.1.1 - aioseo.com -->\n\t<meta name=\"description\" content=\"O desfile c\u00edvico de 7 de Setembro ter\u00e1 uma opera\u00e7\u00e3o especial de tr\u00e2nsito e transporte em Jo\u00e3o Pessoa. Para garantir a organiza\u00e7\u00e3o e a seguran\u00e7a durante o evento, realizado na Avenida Duarte da Silveira, a Superintend\u00eancia Executiva de Mobilidade Urbana de Jo\u00e3o Pessoa (Semob-JP) contar\u00e1 com 120 agentes de mobilidade e far\u00e1 altera\u00e7\u00f5es nos itiner\u00e1rios\" \/>\n\t<meta name=\"robots\" content=\"max-image-preview:large\" \/>\n\t<meta name=\"author\" content=\"admin1\"\/>\n\t<link rel=\"canonical\" href=\"https:\/\/ejornais.com.br\/index.php\/2026\/09\/05\/semob-jp-mobiliza-120-agentes-e-altera-rotas-de-onibus-para-desfile-de-7-de-setembro\/\" \/>\n\t<meta name=\"generator\" content=\"All in One SEO (AIOSEO) 5.0.1.1\" \/>\n\t\t<meta property=\"og:locale\" content=\"pt_BR\" \/>\n\t\t<meta property=\"og:site_name\" content=\"eJornais - Cat\u00e1logo de Jornais no mundo, Not\u00edcias, Blog e Esportes ao vivo\" \/>\n\t\t<meta property=\"og:type\" content=\"article\" \/>\n\t\t<meta property=\"og:title\" content=\"Semob-JP mobiliza 120 agentes e altera rotas de \u00f4nibus para desfile de 7 de Setembro - eJornais\" \/>\n\t\t<meta property=\"og:description\" content=\"O desfile c\u00edvico de 7 de Setembro ter\u00e1 uma opera\u00e7\u00e3o especial de tr\u00e2nsito e transporte em Jo\u00e3o Pessoa. Para garantir a organiza\u00e7\u00e3o e a seguran\u00e7a durante o evento, realizado na Avenida Duarte da Silveira, a Superintend\u00eancia Executiva de Mobilidade Urbana de Jo\u00e3o Pessoa (Semob-JP) contar\u00e1 com 120 agentes de mobilidade e far\u00e1 altera\u00e7\u00f5es nos itiner\u00e1rios\" \/>\n\t\t<meta property=\"og:url\" content=\"https:\/\/ejornais.com.br\/index.php\/2026\/09\/05\/semob-jp-mobiliza-120-agentes-e-altera-rotas-de-onibus-para-desfile-de-7-de-setembro\/\" \/>\n\t\t<meta property=\"article:published_time\" content=\"2026-09-05T14:13:05+00:00\" \/>\n\t\t<meta property=\"article:modified_time\" content=\"2026-09-05T14:13:05+00:00\" \/>\n\t\t<meta name=\"twitter:card\" content=\"summary_large_image\" \/>\n\t\t<meta name=\"twitter:title\" content=\"Semob-JP mobiliza 120 agentes e altera rotas de \u00f4nibus para desfile de 7 de Setembro - eJornais\" \/>\n\t\t<meta name=\"twitter:description\" content=\"O desfile c\u00edvico de 7 de Setembro ter\u00e1 uma opera\u00e7\u00e3o especial de tr\u00e2nsito e transporte em Jo\u00e3o Pessoa. Para garantir a organiza\u00e7\u00e3o e a seguran\u00e7a durante o evento, realizado na Avenida Duarte da Silveira, a Superintend\u00eancia Executiva de Mobilidade Urbana de Jo\u00e3o Pessoa (Semob-JP) contar\u00e1 com 120 agentes de mobilidade e far\u00e1 altera\u00e7\u00f5es nos itiner\u00e1rios\" \/>\n\t\t<script type=\"application\/ld+json\" class=\"aioseo-schema\">\n\t\t\t{\"@context\":\"https:\\\/\\\/schema.org\",\"@graph\":[{\"@type\":\"BlogPosting\",\"@id\":\"https:\\\/\\\/ejornais.com.br\\\/index.php\\\/2026\\\/09\\\/05\\\/semob-jp-mobiliza-120-agentes-e-altera-rotas-de-onibus-para-desfile-de-7-de-setembro\\\/#blogposting\",\"name\":\"Semob-JP mobiliza 120 agentes e altera rotas de \\u00f4nibus para desfile de 7 de Setembro - eJornais\",\"headline\":\"Semob-JP mobiliza 120 agentes e altera rotas de \\u00f4nibus para desfile de 7 de Setembro\",\"author\":{\"@id\":\"https:\\\/\\\/ejornais.com.br\\\/index.php\\\/author\\\/admin1\\\/#author\"},\"publisher\":{\"@id\":\"https:\\\/\\\/ejornais.com.br\\\/#organization\"},\"datePublished\":\"2026-09-05T11:13:05-03:00\",\"dateModified\":\"2026-09-05T11:13:05-03:00\",\"inLanguage\":\"pt-BR\",\"mainEntityOfPage\":{\"@id\":\"https:\\\/\\\/ejornais.com.br\\\/index.php\\\/2026\\\/09\\\/05\\\/semob-jp-mobiliza-120-agentes-e-altera-rotas-de-onibus-para-desfile-de-7-de-setembro\\\/#webpage\"},\"isPartOf\":{\"@id\":\"https:\\\/\\\/ejornais.com.br\\\/index.php\\\/2026\\\/09\\\/05\\\/semob-jp-mobiliza-120-agentes-e-altera-rotas-de-onibus-para-desfile-de-7-de-setembro\\\/#webpage\"},\"articleSection\":\"Cat\\u00e1logo de Jornais\"},{\"@type\":\"BreadcrumbList\",\"@id\":\"https:\\\/\\\/ejornais.com.br\\\/index.php\\\/2026\\\/09\\\/05\\\/semob-jp-mobiliza-120-agentes-e-altera-rotas-de-onibus-para-desfile-de-7-de-setembro\\\/#breadcrumblist\",\"itemListElement\":[{\"@type\":\"ListItem\",\"@id\":\"https:\\\/\\\/ejornais.com.br#listItem\",\"position\":1,\"name\":\"In\\u00edcio\",\"item\":\"https:\\\/\\\/ejornais.com.br\",\"nextItem\":{\"@type\":\"ListItem\",\"@id\":\"https:\\\/\\\/ejornais.com.br\\\/index.php\\\/category\\\/ejornais\\\/#listItem\",\"name\":\"Cat\\u00e1logo de Jornais\"}},{\"@type\":\"ListItem\",\"@id\":\"https:\\\/\\\/ejornais.com.br\\\/index.php\\\/category\\\/ejornais\\\/#listItem\",\"position\":2,\"name\":\"Cat\\u00e1logo de Jornais\",\"item\":\"https:\\\/\\\/ejornais.com.br\\\/index.php\\\/category\\\/ejornais\\\/\",\"nextItem\":{\"@type\":\"ListItem\",\"@id\":\"https:\\\/\\\/ejornais.com.br\\\/index.php\\\/2026\\\/09\\\/05\\\/semob-jp-mobiliza-120-agentes-e-altera-rotas-de-onibus-para-desfile-de-7-de-setembro\\\/#listItem\",\"name\":\"Semob-JP mobiliza 120 agentes e altera rotas de \\u00f4nibus para desfile de 7 de Setembro\"},\"previousItem\":{\"@type\":\"ListItem\",\"@id\":\"https:\\\/\\\/ejornais.com.br#listItem\",\"name\":\"In\\u00edcio\"}},{\"@type\":\"ListItem\",\"@id\":\"https:\\\/\\\/ejornais.com.br\\\/index.php\\\/2026\\\/09\\\/05\\\/semob-jp-mobiliza-120-agentes-e-altera-rotas-de-onibus-para-desfile-de-7-de-setembro\\\/#listItem\",\"position\":3,\"name\":\"Semob-JP mobiliza 120 agentes e altera rotas de \\u00f4nibus para desfile de 7 de Setembro\",\"previousItem\":{\"@type\":\"ListItem\",\"@id\":\"https:\\\/\\\/ejornais.com.br\\\/index.php\\\/category\\\/ejornais\\\/#listItem\",\"name\":\"Cat\\u00e1logo de Jornais\"}}]},{\"@type\":\"Organization\",\"@id\":\"https:\\\/\\\/ejornais.com.br\\\/#organization\",\"name\":\"eJornais\",\"description\":\"Cat\\u00e1logo de Jornais no mundo, Not\\u00edcias, Blog e Esportes ao vivo\",\"url\":\"https:\\\/\\\/ejornais.com.br\\\/\"},{\"@type\":\"Person\",\"@id\":\"https:\\\/\\\/ejornais.com.br\\\/index.php\\\/author\\\/admin1\\\/#author\",\"url\":\"https:\\\/\\\/ejornais.com.br\\\/index.php\\\/author\\\/admin1\\\/\",\"name\":\"admin1\",\"image\":{\"@type\":\"ImageObject\",\"@id\":\"https:\\\/\\\/ejornais.com.br\\\/index.php\\\/2026\\\/09\\\/05\\\/semob-jp-mobiliza-120-agentes-e-altera-rotas-de-onibus-para-desfile-de-7-de-setembro\\\/#authorImage\",\"url\":\"https:\\\/\\\/secure.gravatar.com\\\/avatar\\\/04084e6d73c042b8646e7c17b494073bf0ede3ea13c7105cfc45cbbbc28385a4?s=96&d=mm&r=g\",\"width\":96,\"height\":96,\"caption\":\"admin1\"}},{\"@type\":\"WebPage\",\"@id\":\"https:\\\/\\\/ejornais.com.br\\\/index.php\\\/2026\\\/09\\\/05\\\/semob-jp-mobiliza-120-agentes-e-altera-rotas-de-onibus-para-desfile-de-7-de-setembro\\\/#webpage\",\"url\":\"https:\\\/\\\/ejornais.com.br\\\/index.php\\\/2026\\\/09\\\/05\\\/semob-jp-mobiliza-120-agentes-e-altera-rotas-de-onibus-para-desfile-de-7-de-setembro\\\/\",\"name\":\"Semob-JP mobiliza 120 agentes e altera rotas de \\u00f4nibus para desfile de 7 de Setembro - eJornais\",\"description\":\"O desfile c\\u00edvico de 7 de Setembro ter\\u00e1 uma opera\\u00e7\\u00e3o especial de tr\\u00e2nsito e transporte em Jo\\u00e3o Pessoa. Para garantir a organiza\\u00e7\\u00e3o e a seguran\\u00e7a durante o evento, realizado na Avenida Duarte da Silveira, a Superintend\\u00eancia Executiva de Mobilidade Urbana de Jo\\u00e3o Pessoa (Semob-JP) contar\\u00e1 com 120 agentes de mobilidade e far\\u00e1 altera\\u00e7\\u00f5es nos itiner\\u00e1rios\",\"inLanguage\":\"pt-BR\",\"isPartOf\":{\"@id\":\"https:\\\/\\\/ejornais.com.br\\\/#website\"},\"breadcrumb\":{\"@id\":\"https:\\\/\\\/ejornais.com.br\\\/index.php\\\/2026\\\/09\\\/05\\\/semob-jp-mobiliza-120-agentes-e-altera-rotas-de-onibus-para-desfile-de-7-de-setembro\\\/#breadcrumblist\"},\"author\":{\"@id\":\"https:\\\/\\\/ejornais.com.br\\\/index.php\\\/author\\\/admin1\\\/#author\"},\"creator\":{\"@id\":\"https:\\\/\\\/ejornais.com.br\\\/index.php\\\/author\\\/admin1\\\/#author\"},\"datePublished\":\"2026-09-05T11:13:05-03:00\",\"dateModified\":\"2026-09-05T11:13:05-03:00\"},{\"@type\":\"WebSite\",\"@id\":\"https:\\\/\\\/ejornais.com.br\\\/#website\",\"url\":\"https:\\\/\\\/ejornais.com.br\\\/\",\"name\":\"eJornais\",\"description\":\"Cat\\u00e1logo de Jornais no mundo, Not\\u00edcias, Blog e Esportes ao vivo\",\"inLanguage\":\"pt-BR\",\"publisher\":{\"@id\":\"https:\\\/\\\/ejornais.com.br\\\/#organization\"}}]}\n\t\t<\/script>\n\t\t<!-- All in One SEO -->\n\n","aioseo_head_json":{"title":"Semob-JP mobiliza 120 agentes e altera rotas de \u00f4nibus para desfile de 7 de Setembro - eJornais","description":"O desfile c\u00edvico de 7 de Setembro ter\u00e1 uma opera\u00e7\u00e3o especial de tr\u00e2nsito e transporte em Jo\u00e3o Pessoa. Para garantir a organiza\u00e7\u00e3o e a seguran\u00e7a durante o evento, realizado na Avenida Duarte da Silveira, a Superintend\u00eancia Executiva de Mobilidade Urbana de Jo\u00e3o Pessoa (Semob-JP) contar\u00e1 com 120 agentes de mobilidade e far\u00e1 altera\u00e7\u00f5es nos itiner\u00e1rios","canonical_url":"https:\/\/ejornais.com.br\/index.php\/2026\/09\/05\/semob-jp-mobiliza-120-agentes-e-altera-rotas-de-onibus-para-desfile-de-7-de-setembro\/","robots":"max-image-preview:large","keywords":"","webmasterTools":{"miscellaneous":""},"schema":{"@context":"https:\/\/schema.org","@graph":[{"@type":"BlogPosting","@id":"https:\/\/ejornais.com.br\/index.php\/2026\/09\/05\/semob-jp-mobiliza-120-agentes-e-altera-rotas-de-onibus-para-desfile-de-7-de-setembro\/#blogposting","name":"Semob-JP mobiliza 120 agentes e altera rotas de \u00f4nibus para desfile de 7 de Setembro - eJornais","headline":"Semob-JP mobiliza 120 agentes e altera rotas de \u00f4nibus para desfile de 7 de Setembro","author":{"@id":"https:\/\/ejornais.com.br\/index.php\/author\/admin1\/#author"},"publisher":{"@id":"https:\/\/ejornais.com.br\/#organization"},"datePublished":"2026-09-05T11:13:05-03:00","dateModified":"2026-09-05T11:13:05-03:00","inLanguage":"pt-BR","mainEntityOfPage":{"@id":"https:\/\/ejornais.com.br\/index.php\/2026\/09\/05\/semob-jp-mobiliza-120-agentes-e-altera-rotas-de-onibus-para-desfile-de-7-de-setembro\/#webpage"},"isPartOf":{"@id":"https:\/\/ejornais.com.br\/index.php\/2026\/09\/05\/semob-jp-mobiliza-120-agentes-e-altera-rotas-de-onibus-para-desfile-de-7-de-setembro\/#webpage"},"articleSection":"Cat\u00e1logo de Jornais"},{"@type":"BreadcrumbList","@id":"https:\/\/ejornais.com.br\/index.php\/2026\/09\/05\/semob-jp-mobiliza-120-agentes-e-altera-rotas-de-onibus-para-desfile-de-7-de-setembro\/#breadcrumblist","itemListElement":[{"@type":"ListItem","@id":"https:\/\/ejornais.com.br#listItem","position":1,"name":"In\u00edcio","item":"https:\/\/ejornais.com.br","nextItem":{"@type":"ListItem","@id":"https:\/\/ejornais.com.br\/index.php\/category\/ejornais\/#listItem","name":"Cat\u00e1logo de Jornais"}},{"@type":"ListItem","@id":"https:\/\/ejornais.com.br\/index.php\/category\/ejornais\/#listItem","position":2,"name":"Cat\u00e1logo de Jornais","item":"https:\/\/ejornais.com.br\/index.php\/category\/ejornais\/","nextItem":{"@type":"ListItem","@id":"https:\/\/ejornais.com.br\/index.php\/2026\/09\/05\/semob-jp-mobiliza-120-agentes-e-altera-rotas-de-onibus-para-desfile-de-7-de-setembro\/#listItem","name":"Semob-JP mobiliza 120 agentes e altera rotas de \u00f4nibus para desfile de 7 de Setembro"},"previousItem":{"@type":"ListItem","@id":"https:\/\/ejornais.com.br#listItem","name":"In\u00edcio"}},{"@type":"ListItem","@id":"https:\/\/ejornais.com.br\/index.php\/2026\/09\/05\/semob-jp-mobiliza-120-agentes-e-altera-rotas-de-onibus-para-desfile-de-7-de-setembro\/#listItem","position":3,"name":"Semob-JP mobiliza 120 agentes e altera rotas de \u00f4nibus para desfile de 7 de Setembro","previousItem":{"@type":"ListItem","@id":"https:\/\/ejornais.com.br\/index.php\/category\/ejornais\/#listItem","name":"Cat\u00e1logo de Jornais"}}]},{"@type":"Organization","@id":"https:\/\/ejornais.com.br\/#organization","name":"eJornais","description":"Cat\u00e1logo de Jornais no mundo, Not\u00edcias, Blog e Esportes ao vivo","url":"https:\/\/ejornais.com.br\/"},{"@type":"Person","@id":"https:\/\/ejornais.com.br\/index.php\/author\/admin1\/#author","url":"https:\/\/ejornais.com.br\/index.php\/author\/admin1\/","name":"admin1","image":{"@type":"ImageObject","@id":"https:\/\/ejornais.com.br\/index.php\/2026\/09\/05\/semob-jp-mobiliza-120-agentes-e-altera-rotas-de-onibus-para-desfile-de-7-de-setembro\/#authorImage","url":"https:\/\/secure.gravatar.com\/avatar\/04084e6d73c042b8646e7c17b494073bf0ede3ea13c7105cfc45cbbbc28385a4?s=96&d=mm&r=g","width":96,"height":96,"caption":"admin1"}},{"@type":"WebPage","@id":"https:\/\/ejornais.com.br\/index.php\/2026\/09\/05\/semob-jp-mobiliza-120-agentes-e-altera-rotas-de-onibus-para-desfile-de-7-de-setembro\/#webpage","url":"https:\/\/ejornais.com.br\/index.php\/2026\/09\/05\/semob-jp-mobiliza-120-agentes-e-altera-rotas-de-onibus-para-desfile-de-7-de-setembro\/","name":"Semob-JP mobiliza 120 agentes e altera rotas de \u00f4nibus para desfile de 7 de Setembro - eJornais","description":"O desfile c\u00edvico de 7 de Setembro ter\u00e1 uma opera\u00e7\u00e3o especial de tr\u00e2nsito e transporte em Jo\u00e3o Pessoa. Para garantir a organiza\u00e7\u00e3o e a seguran\u00e7a durante o evento, realizado na Avenida Duarte da Silveira, a Superintend\u00eancia Executiva de Mobilidade Urbana de Jo\u00e3o Pessoa (Semob-JP) contar\u00e1 com 120 agentes de mobilidade e far\u00e1 altera\u00e7\u00f5es nos itiner\u00e1rios","inLanguage":"pt-BR","isPartOf":{"@id":"https:\/\/ejornais.com.br\/#website"},"breadcrumb":{"@id":"https:\/\/ejornais.com.br\/index.php\/2026\/09\/05\/semob-jp-mobiliza-120-agentes-e-altera-rotas-de-onibus-para-desfile-de-7-de-setembro\/#breadcrumblist"},"author":{"@id":"https:\/\/ejornais.com.br\/index.php\/author\/admin1\/#author"},"creator":{"@id":"https:\/\/ejornais.com.br\/index.php\/author\/admin1\/#author"},"datePublished":"2026-09-05T11:13:05-03:00","dateModified":"2026-09-05T11:13:05-03:00"},{"@type":"WebSite","@id":"https:\/\/ejornais.com.br\/#website","url":"https:\/\/ejornais.com.br\/","name":"eJornais","description":"Cat\u00e1logo de Jornais no mundo, Not\u00edcias, Blog e Esportes ao vivo","inLanguage":"pt-BR","publisher":{"@id":"https:\/\/ejornais.com.br\/#organization"}}]},"og:locale":"pt_BR","og:site_name":"eJornais - Cat\u00e1logo de Jornais no mundo, Not\u00edcias, Blog e Esportes ao vivo","og:type":"article","og:title":"Semob-JP mobiliza 120 agentes e altera rotas de \u00f4nibus para desfile de 7 de Setembro - eJornais","og:description":"O desfile c\u00edvico de 7 de Setembro ter\u00e1 uma opera\u00e7\u00e3o especial de tr\u00e2nsito e transporte em Jo\u00e3o Pessoa. Para garantir a organiza\u00e7\u00e3o e a seguran\u00e7a durante o evento, realizado na Avenida Duarte da Silveira, a Superintend\u00eancia Executiva de Mobilidade Urbana de Jo\u00e3o Pessoa (Semob-JP) contar\u00e1 com 120 agentes de mobilidade e far\u00e1 altera\u00e7\u00f5es nos itiner\u00e1rios","og:url":"https:\/\/ejornais.com.br\/index.php\/2026\/09\/05\/semob-jp-mobiliza-120-agentes-e-altera-rotas-de-onibus-para-desfile-de-7-de-setembro\/","article:published_time":"2026-09-05T14:13:05+00:00","article:modified_time":"2026-09-05T14:13:05+00:00","twitter:card":"summary_large_image","twitter:title":"Semob-JP mobiliza 120 agentes e altera rotas de \u00f4nibus para desfile de 7 de Setembro - eJornais","twitter:description":"O desfile c\u00edvico de 7 de Setembro ter\u00e1 uma opera\u00e7\u00e3o especial de tr\u00e2nsito e transporte em Jo\u00e3o Pessoa. Para garantir a organiza\u00e7\u00e3o e a seguran\u00e7a durante o evento, realizado na Avenida Duarte da Silveira, a Superintend\u00eancia Executiva de Mobilidade Urbana de Jo\u00e3o Pessoa (Semob-JP) contar\u00e1 com 120 agentes de mobilidade e far\u00e1 altera\u00e7\u00f5es nos itiner\u00e1rios"},"aioseo_meta_data":{"post_id":"71708","title":null,"description":null,"keywords":null,"keyphrases":null,"primary_term":null,"canonical_url":null,"og_title":null,"og_description":null,"og_object_type":"default","og_image_type":"default","og_image_url":null,"og_image_width":null,"og_image_height":null,"og_image_custom_url":null,"og_image_custom_fields":null,"og_video":null,"og_custom_url":null,"og_article_section":null,"og_article_tags":null,"twitter_use_og":false,"twitter_card":"default","twitter_image_type":"default","twitter_image_url":null,"twitter_image_custom_url":null,"twitter_image_custom_fields":null,"twitter_title":null,"twitter_description":null,"schema":{"blockGraphs":[],"customGraphs":[],"default":{"data":{"Article":[],"Course":[],"Dataset":[],"FAQPage":[],"Movie":[],"Person":[],"Product":[],"ProductReview":[],"Car":[],"Recipe":[],"Service":[],"SoftwareApplication":[],"WebPage":[]},"graphName":"","isEnabled":true},"graphs":[]},"schema_type":"default","schema_type_options":null,"pillar_content":false,"robots_default":true,"robots_noindex":false,"robots_noarchive":false,"robots_nosnippet":false,"robots_nofollow":false,"robots_noimageindex":false,"robots_noodp":false,"robots_notranslate":false,"robots_max_snippet":null,"robots_max_videopreview":null,"robots_max_imagepreview":"large","priority":null,"frequency":null,"local_seo":null,"breadcrumb_settings":null,"limit_modified_date":false,"ai":null,"created":"2026-09-05 14:14:10","updated":"2026-09-05 14:14:10","seo_analyzer_scan_date":null,"focus_keyword":null,"additional_keywords":null,"truseo_locale":null},"aioseo_breadcrumb":"<div class=\"aioseo-breadcrumbs\"><span class=\"aioseo-breadcrumb\">\n\t\t\t<a href=\"https:\/\/ejornais.com.br\" title=\"In\u00edcio\">In\u00edcio<\/a>\n\t\t<\/span><span class=\"aioseo-breadcrumb-separator\">&raquo;<\/span><span class=\"aioseo-breadcrumb\">\n\t\t\t<a href=\"https:\/\/ejornais.com.br\/index.php\/category\/ejornais\/\" title=\"Cat\u00e1logo de Jornais\">Cat\u00e1logo de Jornais<\/a>\n\t\t<\/span><span class=\"aioseo-breadcrumb-separator\">&raquo;<\/span><span class=\"aioseo-breadcrumb\">\n\t\t\tSemob-JP mobiliza 120 agentes e altera rotas de \u00f4nibus para desfile de 7 de Setembro\n\t\t<\/span><\/div>","aioseo_breadcrumb_json":[{"label":"In\u00edcio","link":"https:\/\/ejornais.com.br"},{"label":"Cat\u00e1logo de Jornais","link":"https:\/\/ejornais.com.br\/index.php\/category\/ejornais\/"},{"label":"Semob-JP mobiliza 120 agentes e altera rotas de \u00f4nibus para desfile de 7 de Setembro","link":"https:\/\/ejornais.com.br\/index.php\/2026\/09\/05\/semob-jp-mobiliza-120-agentes-e-altera-rotas-de-onibus-para-desfile-de-7-de-setembro\/"}],"amp_enabled":true,"_links":{"self":[{"href":"https:\/\/ejornais.com.br\/index.php\/wp-json\/wp\/v2\/posts\/71708","targetHints":{"allow":["GET"]}}],"collection":[{"href":"https:\/\/ejornais.com.br\/index.php\/wp-json\/wp\/v2\/posts"}],"about":[{"href":"https:\/\/ejornais.com.br\/index.php\/wp-json\/wp\/v2\/types\/post"}],"author":[{"embeddable":true,"href":"https:\/\/ejornais.com.br\/index.php\/wp-json\/wp\/v2\/users\/2"}],"replies":[{"embeddable":true,"href":"https:\/\/ejornais.com.br\/index.php\/wp-json\/wp\/v2\/comments?post=71708"}],"version-history":[{"count":0,"href":"https:\/\/ejornais.com.br\/index.php\/wp-json\/wp\/v2\/posts\/71708\/revisions"}],"wp:attachment":[{"href":"https:\/\/ejornais.com.br\/index.php\/wp-json\/wp\/v2\/media?parent=71708"}],"wp:term":[{"taxonomy":"category","embeddable":true,"href":"https:\/\/ejornais.com.br\/index.php\/wp-json\/wp\/v2\/categories?post=71708"},{"taxonomy":"post_tag","embeddable":true,"href":"https:\/\/ejornais.com.br\/index.php\/wp-json\/wp\/v2\/tags?post=71708"}],"curies":[{"name":"wp","href":"https:\/\/api.w.org\/{rel}","templated":true}]}}