{"id":71716,"date":"2026-09-05T16:08:36","date_gmt":"2026-09-05T19:08:36","guid":{"rendered":"https:\/\/ejornais.com.br\/index.php\/2026\/09\/05\/brt-expresso-rock-in-rio-transporta-30-mil-pessoas-no-primeiro-dia-de-festival-prefeitura-da-cidade-do-rio-de-janeiro\/"},"modified":"2026-09-05T16:08:36","modified_gmt":"2026-09-05T19:08:36","slug":"brt-expresso-rock-in-rio-transporta-30-mil-pessoas-no-primeiro-dia-de-festival-prefeitura-da-cidade-do-rio-de-janeiro","status":"publish","type":"post","link":"https:\/\/ejornais.com.br\/index.php\/2026\/09\/05\/brt-expresso-rock-in-rio-transporta-30-mil-pessoas-no-primeiro-dia-de-festival-prefeitura-da-cidade-do-rio-de-janeiro\/","title":{"rendered":"BRT Expresso Rock in Rio transporta 30 mil pessoas no primeiro dia de festival &#8211; Prefeitura da Cidade do Rio de Janeiro"},"content":{"rendered":"<p><\/p>\n<div>\n                     Prefeitura recomenda o uso do transporte p\u00fablico como a melhor op\u00e7\u00e3o para chegar \u00e0 Cidade do Rock; opera\u00e7\u00e3o especial tem compra e acesso ao servi\u00e7o realizados pelo Ja\u00e9 &#8211; Lucas Lunus\/MOBI-Rio                  <\/div>\n<div>\n<p>O BRT Expresso Rock in Rio transportou 30 mil pessoas nesta sexta-feira (4\/9), primeiro dia do Rock in Rio 2026. A opera\u00e7\u00e3o especial preparada pela Prefeitura do Rio, por meio da Secretaria Municipal de Transportes (SMTR) e da MOBI-Rio, oferece servi\u00e7os diretos e semidiretos para facilitar o deslocamento do p\u00fablico at\u00e9 a Cidade do Rock, no Parque Ol\u00edmpico. A opera\u00e7\u00e3o conta com o aplicativo do Ja\u00e9 para a compra dos bilhetes e o acesso aos servi\u00e7os especiais por meio de QR Code.<\/p>\n<p>Para quem vai ao festival, a Prefeitura recomenda o uso do transporte p\u00fablico como a melhor op\u00e7\u00e3o de deslocamento, facilitando a chegada e a sa\u00edda do Parque Ol\u00edmpico.<\/p>\n<p>O servi\u00e7o seguir\u00e1 dispon\u00edvel nos demais dias do Rock in Rio \u2014 5, 6, 7, 11, 12 e 13 de setembro \u2014 com tr\u00eas linhas especiais:<\/p>\n<p>* SE008: Terminal Jardim Oce\u00e2nico x Terminal Centro Ol\u00edmpico (direto);<br \/>* SE009: Terminal Alvorada x Esta\u00e7\u00e3o Morro do Outeiro (direto);<br \/>* SE010: Terminal Paulo da Portela x Esta\u00e7\u00e3o Morro do Outeiro (semidireto), com paradas na Pra\u00e7a Seca, Tanque e Taquara.<\/p>\n<p><b>Bilhetes pelo aplicativo Ja\u00e9<\/b><\/p>\n<p>O bilhete do BRT Expresso Rock in Rio custa R$ 29 por pessoa e por dia, dando direito \u00e0 ida e \u00e0 volta ou apenas ao retorno do festival. A compra \u00e9 feita exclusivamente pelo aplicativo Ja\u00e9, utilizando o saldo da Conta Transporte, que pode ser recarregado por Pix ou cart\u00e3o de cr\u00e9dito. N\u00e3o \u00e9 poss\u00edvel realizar a compra utilizando saldo de Vale-Transporte.<\/p>\n<p>Cada conta Ja\u00e9 pode adquirir at\u00e9 10 bilhetes para cada dia do evento, permitindo a compra para familiares e amigos. O passageiro deve selecionar previamente a data em que utilizar\u00e1 o servi\u00e7o. O QR Code \u00e9 v\u00e1lido exclusivamente para o dia escolhido e as gratuidades previstas no sistema Ja\u00e9 n\u00e3o s\u00e3o aplic\u00e1veis ao BRT Expresso Rock in Rio.<\/p>\n<p>Para comprar, o passageiro deve acessar o aplicativo Ja\u00e9, selecionar a op\u00e7\u00e3o \u201cBRT Expresso Rock in Rio \u2013 venda\u201d, clicar em \u201cComprar bilhete\u201d, escolher a quantidade de pessoas e a data do festival, realizar o pagamento com o saldo da Conta Transporte e confirmar a compra. O pedido ficar\u00e1 dispon\u00edvel na \u00e1rea \u201cMeus Pedidos\u201d do aplicativo.<\/p>\n<p><b>Pulseira garante o embarque na volta<\/b><\/p>\n<p>Na ida para o festival, o passageiro deve apresentar o QR Code do BRT Expresso Rock in Rio para realizar o embarque. Ao desembarcar no Terminal Centro Ol\u00edmpico ou na Esta\u00e7\u00e3o Morro do Outeiro, ser\u00e1 direcionado para uma tenda pr\u00f3xima \u00e0 entrada da Cidade do Rock.<\/p>\n<p>No local, o QR Code da compra do servi\u00e7o especial ser\u00e1 validado e o passageiro receber\u00e1 uma pulseira individual, que dever\u00e1 ser colocada no momento da valida\u00e7\u00e3o e ser\u00e1 utilizada para o embarque nos servi\u00e7os especiais de retorno. A pulseira \u00e9 v\u00e1lida exclusivamente para aquele dia do festival.<\/p>\n<p>Quem optar por utilizar o BRT Expresso Rock in Rio apenas na volta tamb\u00e9m poder\u00e1 embarcar mediante a compra do bilhete especial, no valor de R$ 29, exclusivamente pelo aplicativo Ja\u00e9.<\/p>\n<\/div>\n","protected":false},"excerpt":{"rendered":"<p>Prefeitura recomenda o uso do transporte p\u00fablico como a melhor op\u00e7\u00e3o para chegar \u00e0 Cidade do Rock; opera\u00e7\u00e3o especial tem<\/p>\n","protected":false},"author":2,"featured_media":0,"comment_status":"","ping_status":"","sticky":false,"template":"","format":"standard","meta":{"colormag_page_container_layout":"default_layout","colormag_page_sidebar_layout":"default_layout","footnotes":""},"categories":[1],"tags":[],"class_list":["post-71716","post","type-post","status-publish","format-standard","hentry","category-ejornais"],"aioseo_notices":[],"aioseo_head":"\n\t\t<!-- All in One SEO 5.0.1.1 - aioseo.com -->\n\t<meta name=\"description\" content=\"Prefeitura recomenda o uso do transporte p\u00fablico como a melhor op\u00e7\u00e3o para chegar \u00e0 Cidade do Rock; opera\u00e7\u00e3o especial tem compra e acesso ao servi\u00e7o realizados pelo Ja\u00e9 - Lucas Lunus\/MOBI-Rio O BRT Expresso Rock in Rio transportou 30 mil pessoas nesta sexta-feira (4\/9), primeiro dia do Rock in Rio 2026. A opera\u00e7\u00e3o especial preparada\" \/>\n\t<meta name=\"robots\" content=\"max-image-preview:large\" \/>\n\t<meta name=\"author\" content=\"admin1\"\/>\n\t<link rel=\"canonical\" href=\"https:\/\/ejornais.com.br\/index.php\/2026\/09\/05\/brt-expresso-rock-in-rio-transporta-30-mil-pessoas-no-primeiro-dia-de-festival-prefeitura-da-cidade-do-rio-de-janeiro\/\" \/>\n\t<meta name=\"generator\" content=\"All in One SEO (AIOSEO) 5.0.1.1\" \/>\n\t\t<meta property=\"og:locale\" content=\"pt_BR\" \/>\n\t\t<meta property=\"og:site_name\" content=\"eJornais - Cat\u00e1logo de Jornais no mundo, Not\u00edcias, Blog e Esportes ao vivo\" \/>\n\t\t<meta property=\"og:type\" content=\"article\" \/>\n\t\t<meta property=\"og:title\" content=\"BRT Expresso Rock in Rio transporta 30 mil pessoas no primeiro dia de festival \u2013 Prefeitura da Cidade do Rio de Janeiro - eJornais\" \/>\n\t\t<meta property=\"og:description\" content=\"Prefeitura recomenda o uso do transporte p\u00fablico como a melhor op\u00e7\u00e3o para chegar \u00e0 Cidade do Rock; opera\u00e7\u00e3o especial tem compra e acesso ao servi\u00e7o realizados pelo Ja\u00e9 - Lucas Lunus\/MOBI-Rio O BRT Expresso Rock in Rio transportou 30 mil pessoas nesta sexta-feira (4\/9), primeiro dia do Rock in Rio 2026. A opera\u00e7\u00e3o especial preparada\" \/>\n\t\t<meta property=\"og:url\" content=\"https:\/\/ejornais.com.br\/index.php\/2026\/09\/05\/brt-expresso-rock-in-rio-transporta-30-mil-pessoas-no-primeiro-dia-de-festival-prefeitura-da-cidade-do-rio-de-janeiro\/\" \/>\n\t\t<meta property=\"article:published_time\" content=\"2026-09-05T19:08:36+00:00\" \/>\n\t\t<meta property=\"article:modified_time\" content=\"2026-09-05T19:08:36+00:00\" \/>\n\t\t<meta name=\"twitter:card\" content=\"summary_large_image\" \/>\n\t\t<meta name=\"twitter:title\" content=\"BRT Expresso Rock in Rio transporta 30 mil pessoas no primeiro dia de festival \u2013 Prefeitura da Cidade do Rio de Janeiro - eJornais\" \/>\n\t\t<meta name=\"twitter:description\" content=\"Prefeitura recomenda o uso do transporte p\u00fablico como a melhor op\u00e7\u00e3o para chegar \u00e0 Cidade do Rock; opera\u00e7\u00e3o especial tem compra e acesso ao servi\u00e7o realizados pelo Ja\u00e9 - Lucas Lunus\/MOBI-Rio O BRT Expresso Rock in Rio transportou 30 mil pessoas nesta sexta-feira (4\/9), primeiro dia do Rock in Rio 2026. A opera\u00e7\u00e3o especial preparada\" \/>\n\t\t<script type=\"application\/ld+json\" class=\"aioseo-schema\">\n\t\t\t{\"@context\":\"https:\\\/\\\/schema.org\",\"@graph\":[{\"@type\":\"BlogPosting\",\"@id\":\"https:\\\/\\\/ejornais.com.br\\\/index.php\\\/2026\\\/09\\\/05\\\/brt-expresso-rock-in-rio-transporta-30-mil-pessoas-no-primeiro-dia-de-festival-prefeitura-da-cidade-do-rio-de-janeiro\\\/#blogposting\",\"name\":\"BRT Expresso Rock in Rio transporta 30 mil pessoas no primeiro dia de festival \\u2013 Prefeitura da Cidade do Rio de Janeiro - eJornais\",\"headline\":\"BRT Expresso Rock in Rio transporta 30 mil pessoas no primeiro dia de festival &#8211; Prefeitura da Cidade do Rio de Janeiro\",\"author\":{\"@id\":\"https:\\\/\\\/ejornais.com.br\\\/index.php\\\/author\\\/admin1\\\/#author\"},\"publisher\":{\"@id\":\"https:\\\/\\\/ejornais.com.br\\\/#organization\"},\"datePublished\":\"2026-09-05T16:08:36-03:00\",\"dateModified\":\"2026-09-05T16:08:36-03:00\",\"inLanguage\":\"pt-BR\",\"mainEntityOfPage\":{\"@id\":\"https:\\\/\\\/ejornais.com.br\\\/index.php\\\/2026\\\/09\\\/05\\\/brt-expresso-rock-in-rio-transporta-30-mil-pessoas-no-primeiro-dia-de-festival-prefeitura-da-cidade-do-rio-de-janeiro\\\/#webpage\"},\"isPartOf\":{\"@id\":\"https:\\\/\\\/ejornais.com.br\\\/index.php\\\/2026\\\/09\\\/05\\\/brt-expresso-rock-in-rio-transporta-30-mil-pessoas-no-primeiro-dia-de-festival-prefeitura-da-cidade-do-rio-de-janeiro\\\/#webpage\"},\"articleSection\":\"Cat\\u00e1logo de Jornais\"},{\"@type\":\"BreadcrumbList\",\"@id\":\"https:\\\/\\\/ejornais.com.br\\\/index.php\\\/2026\\\/09\\\/05\\\/brt-expresso-rock-in-rio-transporta-30-mil-pessoas-no-primeiro-dia-de-festival-prefeitura-da-cidade-do-rio-de-janeiro\\\/#breadcrumblist\",\"itemListElement\":[{\"@type\":\"ListItem\",\"@id\":\"https:\\\/\\\/ejornais.com.br#listItem\",\"position\":1,\"name\":\"In\\u00edcio\",\"item\":\"https:\\\/\\\/ejornais.com.br\",\"nextItem\":{\"@type\":\"ListItem\",\"@id\":\"https:\\\/\\\/ejornais.com.br\\\/index.php\\\/category\\\/ejornais\\\/#listItem\",\"name\":\"Cat\\u00e1logo de Jornais\"}},{\"@type\":\"ListItem\",\"@id\":\"https:\\\/\\\/ejornais.com.br\\\/index.php\\\/category\\\/ejornais\\\/#listItem\",\"position\":2,\"name\":\"Cat\\u00e1logo de Jornais\",\"item\":\"https:\\\/\\\/ejornais.com.br\\\/index.php\\\/category\\\/ejornais\\\/\",\"nextItem\":{\"@type\":\"ListItem\",\"@id\":\"https:\\\/\\\/ejornais.com.br\\\/index.php\\\/2026\\\/09\\\/05\\\/brt-expresso-rock-in-rio-transporta-30-mil-pessoas-no-primeiro-dia-de-festival-prefeitura-da-cidade-do-rio-de-janeiro\\\/#listItem\",\"name\":\"BRT Expresso Rock in Rio transporta 30 mil pessoas no primeiro dia de festival &#8211; Prefeitura da Cidade do Rio de Janeiro\"},\"previousItem\":{\"@type\":\"ListItem\",\"@id\":\"https:\\\/\\\/ejornais.com.br#listItem\",\"name\":\"In\\u00edcio\"}},{\"@type\":\"ListItem\",\"@id\":\"https:\\\/\\\/ejornais.com.br\\\/index.php\\\/2026\\\/09\\\/05\\\/brt-expresso-rock-in-rio-transporta-30-mil-pessoas-no-primeiro-dia-de-festival-prefeitura-da-cidade-do-rio-de-janeiro\\\/#listItem\",\"position\":3,\"name\":\"BRT Expresso Rock in Rio transporta 30 mil pessoas no primeiro dia de festival &#8211; Prefeitura da Cidade do Rio de Janeiro\",\"previousItem\":{\"@type\":\"ListItem\",\"@id\":\"https:\\\/\\\/ejornais.com.br\\\/index.php\\\/category\\\/ejornais\\\/#listItem\",\"name\":\"Cat\\u00e1logo de Jornais\"}}]},{\"@type\":\"Organization\",\"@id\":\"https:\\\/\\\/ejornais.com.br\\\/#organization\",\"name\":\"eJornais\",\"description\":\"Cat\\u00e1logo de Jornais no mundo, Not\\u00edcias, Blog e Esportes ao vivo\",\"url\":\"https:\\\/\\\/ejornais.com.br\\\/\"},{\"@type\":\"Person\",\"@id\":\"https:\\\/\\\/ejornais.com.br\\\/index.php\\\/author\\\/admin1\\\/#author\",\"url\":\"https:\\\/\\\/ejornais.com.br\\\/index.php\\\/author\\\/admin1\\\/\",\"name\":\"admin1\",\"image\":{\"@type\":\"ImageObject\",\"@id\":\"https:\\\/\\\/ejornais.com.br\\\/index.php\\\/2026\\\/09\\\/05\\\/brt-expresso-rock-in-rio-transporta-30-mil-pessoas-no-primeiro-dia-de-festival-prefeitura-da-cidade-do-rio-de-janeiro\\\/#authorImage\",\"url\":\"https:\\\/\\\/secure.gravatar.com\\\/avatar\\\/04084e6d73c042b8646e7c17b494073bf0ede3ea13c7105cfc45cbbbc28385a4?s=96&d=mm&r=g\",\"width\":96,\"height\":96,\"caption\":\"admin1\"}},{\"@type\":\"WebPage\",\"@id\":\"https:\\\/\\\/ejornais.com.br\\\/index.php\\\/2026\\\/09\\\/05\\\/brt-expresso-rock-in-rio-transporta-30-mil-pessoas-no-primeiro-dia-de-festival-prefeitura-da-cidade-do-rio-de-janeiro\\\/#webpage\",\"url\":\"https:\\\/\\\/ejornais.com.br\\\/index.php\\\/2026\\\/09\\\/05\\\/brt-expresso-rock-in-rio-transporta-30-mil-pessoas-no-primeiro-dia-de-festival-prefeitura-da-cidade-do-rio-de-janeiro\\\/\",\"name\":\"BRT Expresso Rock in Rio transporta 30 mil pessoas no primeiro dia de festival \\u2013 Prefeitura da Cidade do Rio de Janeiro - eJornais\",\"description\":\"Prefeitura recomenda o uso do transporte p\\u00fablico como a melhor op\\u00e7\\u00e3o para chegar \\u00e0 Cidade do Rock; opera\\u00e7\\u00e3o especial tem compra e acesso ao servi\\u00e7o realizados pelo Ja\\u00e9 - Lucas Lunus\\\/MOBI-Rio O BRT Expresso Rock in Rio transportou 30 mil pessoas nesta sexta-feira (4\\\/9), primeiro dia do Rock in Rio 2026. A opera\\u00e7\\u00e3o especial preparada\",\"inLanguage\":\"pt-BR\",\"isPartOf\":{\"@id\":\"https:\\\/\\\/ejornais.com.br\\\/#website\"},\"breadcrumb\":{\"@id\":\"https:\\\/\\\/ejornais.com.br\\\/index.php\\\/2026\\\/09\\\/05\\\/brt-expresso-rock-in-rio-transporta-30-mil-pessoas-no-primeiro-dia-de-festival-prefeitura-da-cidade-do-rio-de-janeiro\\\/#breadcrumblist\"},\"author\":{\"@id\":\"https:\\\/\\\/ejornais.com.br\\\/index.php\\\/author\\\/admin1\\\/#author\"},\"creator\":{\"@id\":\"https:\\\/\\\/ejornais.com.br\\\/index.php\\\/author\\\/admin1\\\/#author\"},\"datePublished\":\"2026-09-05T16:08:36-03:00\",\"dateModified\":\"2026-09-05T16:08:36-03:00\"},{\"@type\":\"WebSite\",\"@id\":\"https:\\\/\\\/ejornais.com.br\\\/#website\",\"url\":\"https:\\\/\\\/ejornais.com.br\\\/\",\"name\":\"eJornais\",\"description\":\"Cat\\u00e1logo de Jornais no mundo, Not\\u00edcias, Blog e Esportes ao vivo\",\"inLanguage\":\"pt-BR\",\"publisher\":{\"@id\":\"https:\\\/\\\/ejornais.com.br\\\/#organization\"}}]}\n\t\t<\/script>\n\t\t<!-- All in One SEO -->\n\n","aioseo_head_json":{"title":"BRT Expresso Rock in Rio transporta 30 mil pessoas no primeiro dia de festival \u2013 Prefeitura da Cidade do Rio de Janeiro - eJornais","description":"Prefeitura recomenda o uso do transporte p\u00fablico como a melhor op\u00e7\u00e3o para chegar \u00e0 Cidade do Rock; opera\u00e7\u00e3o especial tem compra e acesso ao servi\u00e7o realizados pelo Ja\u00e9 - Lucas Lunus\/MOBI-Rio O BRT Expresso Rock in Rio transportou 30 mil pessoas nesta sexta-feira (4\/9), primeiro dia do Rock in Rio 2026. A opera\u00e7\u00e3o especial preparada","canonical_url":"https:\/\/ejornais.com.br\/index.php\/2026\/09\/05\/brt-expresso-rock-in-rio-transporta-30-mil-pessoas-no-primeiro-dia-de-festival-prefeitura-da-cidade-do-rio-de-janeiro\/","robots":"max-image-preview:large","keywords":"","webmasterTools":{"miscellaneous":""},"schema":{"@context":"https:\/\/schema.org","@graph":[{"@type":"BlogPosting","@id":"https:\/\/ejornais.com.br\/index.php\/2026\/09\/05\/brt-expresso-rock-in-rio-transporta-30-mil-pessoas-no-primeiro-dia-de-festival-prefeitura-da-cidade-do-rio-de-janeiro\/#blogposting","name":"BRT Expresso Rock in Rio transporta 30 mil pessoas no primeiro dia de festival \u2013 Prefeitura da Cidade do Rio de Janeiro - eJornais","headline":"BRT Expresso Rock in Rio transporta 30 mil pessoas no primeiro dia de festival &#8211; Prefeitura da Cidade do Rio de Janeiro","author":{"@id":"https:\/\/ejornais.com.br\/index.php\/author\/admin1\/#author"},"publisher":{"@id":"https:\/\/ejornais.com.br\/#organization"},"datePublished":"2026-09-05T16:08:36-03:00","dateModified":"2026-09-05T16:08:36-03:00","inLanguage":"pt-BR","mainEntityOfPage":{"@id":"https:\/\/ejornais.com.br\/index.php\/2026\/09\/05\/brt-expresso-rock-in-rio-transporta-30-mil-pessoas-no-primeiro-dia-de-festival-prefeitura-da-cidade-do-rio-de-janeiro\/#webpage"},"isPartOf":{"@id":"https:\/\/ejornais.com.br\/index.php\/2026\/09\/05\/brt-expresso-rock-in-rio-transporta-30-mil-pessoas-no-primeiro-dia-de-festival-prefeitura-da-cidade-do-rio-de-janeiro\/#webpage"},"articleSection":"Cat\u00e1logo de Jornais"},{"@type":"BreadcrumbList","@id":"https:\/\/ejornais.com.br\/index.php\/2026\/09\/05\/brt-expresso-rock-in-rio-transporta-30-mil-pessoas-no-primeiro-dia-de-festival-prefeitura-da-cidade-do-rio-de-janeiro\/#breadcrumblist","itemListElement":[{"@type":"ListItem","@id":"https:\/\/ejornais.com.br#listItem","position":1,"name":"In\u00edcio","item":"https:\/\/ejornais.com.br","nextItem":{"@type":"ListItem","@id":"https:\/\/ejornais.com.br\/index.php\/category\/ejornais\/#listItem","name":"Cat\u00e1logo de Jornais"}},{"@type":"ListItem","@id":"https:\/\/ejornais.com.br\/index.php\/category\/ejornais\/#listItem","position":2,"name":"Cat\u00e1logo de Jornais","item":"https:\/\/ejornais.com.br\/index.php\/category\/ejornais\/","nextItem":{"@type":"ListItem","@id":"https:\/\/ejornais.com.br\/index.php\/2026\/09\/05\/brt-expresso-rock-in-rio-transporta-30-mil-pessoas-no-primeiro-dia-de-festival-prefeitura-da-cidade-do-rio-de-janeiro\/#listItem","name":"BRT Expresso Rock in Rio transporta 30 mil pessoas no primeiro dia de festival &#8211; Prefeitura da Cidade do Rio de Janeiro"},"previousItem":{"@type":"ListItem","@id":"https:\/\/ejornais.com.br#listItem","name":"In\u00edcio"}},{"@type":"ListItem","@id":"https:\/\/ejornais.com.br\/index.php\/2026\/09\/05\/brt-expresso-rock-in-rio-transporta-30-mil-pessoas-no-primeiro-dia-de-festival-prefeitura-da-cidade-do-rio-de-janeiro\/#listItem","position":3,"name":"BRT Expresso Rock in Rio transporta 30 mil pessoas no primeiro dia de festival &#8211; Prefeitura da Cidade do Rio de Janeiro","previousItem":{"@type":"ListItem","@id":"https:\/\/ejornais.com.br\/index.php\/category\/ejornais\/#listItem","name":"Cat\u00e1logo de Jornais"}}]},{"@type":"Organization","@id":"https:\/\/ejornais.com.br\/#organization","name":"eJornais","description":"Cat\u00e1logo de Jornais no mundo, Not\u00edcias, Blog e Esportes ao vivo","url":"https:\/\/ejornais.com.br\/"},{"@type":"Person","@id":"https:\/\/ejornais.com.br\/index.php\/author\/admin1\/#author","url":"https:\/\/ejornais.com.br\/index.php\/author\/admin1\/","name":"admin1","image":{"@type":"ImageObject","@id":"https:\/\/ejornais.com.br\/index.php\/2026\/09\/05\/brt-expresso-rock-in-rio-transporta-30-mil-pessoas-no-primeiro-dia-de-festival-prefeitura-da-cidade-do-rio-de-janeiro\/#authorImage","url":"https:\/\/secure.gravatar.com\/avatar\/04084e6d73c042b8646e7c17b494073bf0ede3ea13c7105cfc45cbbbc28385a4?s=96&d=mm&r=g","width":96,"height":96,"caption":"admin1"}},{"@type":"WebPage","@id":"https:\/\/ejornais.com.br\/index.php\/2026\/09\/05\/brt-expresso-rock-in-rio-transporta-30-mil-pessoas-no-primeiro-dia-de-festival-prefeitura-da-cidade-do-rio-de-janeiro\/#webpage","url":"https:\/\/ejornais.com.br\/index.php\/2026\/09\/05\/brt-expresso-rock-in-rio-transporta-30-mil-pessoas-no-primeiro-dia-de-festival-prefeitura-da-cidade-do-rio-de-janeiro\/","name":"BRT Expresso Rock in Rio transporta 30 mil pessoas no primeiro dia de festival \u2013 Prefeitura da Cidade do Rio de Janeiro - eJornais","description":"Prefeitura recomenda o uso do transporte p\u00fablico como a melhor op\u00e7\u00e3o para chegar \u00e0 Cidade do Rock; opera\u00e7\u00e3o especial tem compra e acesso ao servi\u00e7o realizados pelo Ja\u00e9 - Lucas Lunus\/MOBI-Rio O BRT Expresso Rock in Rio transportou 30 mil pessoas nesta sexta-feira (4\/9), primeiro dia do Rock in Rio 2026. A opera\u00e7\u00e3o especial preparada","inLanguage":"pt-BR","isPartOf":{"@id":"https:\/\/ejornais.com.br\/#website"},"breadcrumb":{"@id":"https:\/\/ejornais.com.br\/index.php\/2026\/09\/05\/brt-expresso-rock-in-rio-transporta-30-mil-pessoas-no-primeiro-dia-de-festival-prefeitura-da-cidade-do-rio-de-janeiro\/#breadcrumblist"},"author":{"@id":"https:\/\/ejornais.com.br\/index.php\/author\/admin1\/#author"},"creator":{"@id":"https:\/\/ejornais.com.br\/index.php\/author\/admin1\/#author"},"datePublished":"2026-09-05T16:08:36-03:00","dateModified":"2026-09-05T16:08:36-03:00"},{"@type":"WebSite","@id":"https:\/\/ejornais.com.br\/#website","url":"https:\/\/ejornais.com.br\/","name":"eJornais","description":"Cat\u00e1logo de Jornais no mundo, Not\u00edcias, Blog e Esportes ao vivo","inLanguage":"pt-BR","publisher":{"@id":"https:\/\/ejornais.com.br\/#organization"}}]},"og:locale":"pt_BR","og:site_name":"eJornais - Cat\u00e1logo de Jornais no mundo, Not\u00edcias, Blog e Esportes ao vivo","og:type":"article","og:title":"BRT Expresso Rock in Rio transporta 30 mil pessoas no primeiro dia de festival \u2013 Prefeitura da Cidade do Rio de Janeiro - eJornais","og:description":"Prefeitura recomenda o uso do transporte p\u00fablico como a melhor op\u00e7\u00e3o para chegar \u00e0 Cidade do Rock; opera\u00e7\u00e3o especial tem compra e acesso ao servi\u00e7o realizados pelo Ja\u00e9 - Lucas Lunus\/MOBI-Rio O BRT Expresso Rock in Rio transportou 30 mil pessoas nesta sexta-feira (4\/9), primeiro dia do Rock in Rio 2026. A opera\u00e7\u00e3o especial preparada","og:url":"https:\/\/ejornais.com.br\/index.php\/2026\/09\/05\/brt-expresso-rock-in-rio-transporta-30-mil-pessoas-no-primeiro-dia-de-festival-prefeitura-da-cidade-do-rio-de-janeiro\/","article:published_time":"2026-09-05T19:08:36+00:00","article:modified_time":"2026-09-05T19:08:36+00:00","twitter:card":"summary_large_image","twitter:title":"BRT Expresso Rock in Rio transporta 30 mil pessoas no primeiro dia de festival \u2013 Prefeitura da Cidade do Rio de Janeiro - eJornais","twitter:description":"Prefeitura recomenda o uso do transporte p\u00fablico como a melhor op\u00e7\u00e3o para chegar \u00e0 Cidade do Rock; opera\u00e7\u00e3o especial tem compra e acesso ao servi\u00e7o realizados pelo Ja\u00e9 - Lucas Lunus\/MOBI-Rio O BRT Expresso Rock in Rio transportou 30 mil pessoas nesta sexta-feira (4\/9), primeiro dia do Rock in Rio 2026. A opera\u00e7\u00e3o especial preparada"},"aioseo_meta_data":{"post_id":"71716","title":null,"description":null,"keywords":null,"keyphrases":null,"primary_term":null,"canonical_url":null,"og_title":null,"og_description":null,"og_object_type":"default","og_image_type":"default","og_image_url":null,"og_image_width":null,"og_image_height":null,"og_image_custom_url":null,"og_image_custom_fields":null,"og_video":null,"og_custom_url":null,"og_article_section":null,"og_article_tags":null,"twitter_use_og":false,"twitter_card":"default","twitter_image_type":"default","twitter_image_url":null,"twitter_image_custom_url":null,"twitter_image_custom_fields":null,"twitter_title":null,"twitter_description":null,"schema":{"blockGraphs":[],"customGraphs":[],"default":{"data":{"Article":[],"Course":[],"Dataset":[],"FAQPage":[],"Movie":[],"Person":[],"Product":[],"ProductReview":[],"Car":[],"Recipe":[],"Service":[],"SoftwareApplication":[],"WebPage":[]},"graphName":"","isEnabled":true},"graphs":[]},"schema_type":"default","schema_type_options":null,"pillar_content":false,"robots_default":true,"robots_noindex":false,"robots_noarchive":false,"robots_nosnippet":false,"robots_nofollow":false,"robots_noimageindex":false,"robots_noodp":false,"robots_notranslate":false,"robots_max_snippet":null,"robots_max_videopreview":null,"robots_max_imagepreview":"large","priority":null,"frequency":null,"local_seo":null,"breadcrumb_settings":null,"limit_modified_date":false,"ai":null,"created":"2026-09-05 19:09:34","updated":"2026-09-05 19:09:34","seo_analyzer_scan_date":null,"focus_keyword":null,"additional_keywords":null,"truseo_locale":null},"aioseo_breadcrumb":"<div class=\"aioseo-breadcrumbs\"><span class=\"aioseo-breadcrumb\">\n\t\t\t<a href=\"https:\/\/ejornais.com.br\" title=\"In\u00edcio\">In\u00edcio<\/a>\n\t\t<\/span><span class=\"aioseo-breadcrumb-separator\">&raquo;<\/span><span class=\"aioseo-breadcrumb\">\n\t\t\t<a href=\"https:\/\/ejornais.com.br\/index.php\/category\/ejornais\/\" title=\"Cat\u00e1logo de Jornais\">Cat\u00e1logo de Jornais<\/a>\n\t\t<\/span><span class=\"aioseo-breadcrumb-separator\">&raquo;<\/span><span class=\"aioseo-breadcrumb\">\n\t\t\tBRT Expresso Rock in Rio transporta 30 mil pessoas no primeiro dia de festival \u2013 Prefeitura da Cidade do Rio de Janeiro\n\t\t<\/span><\/div>","aioseo_breadcrumb_json":[{"label":"In\u00edcio","link":"https:\/\/ejornais.com.br"},{"label":"Cat\u00e1logo de Jornais","link":"https:\/\/ejornais.com.br\/index.php\/category\/ejornais\/"},{"label":"BRT Expresso Rock in Rio transporta 30 mil pessoas no primeiro dia de festival &#8211; Prefeitura da Cidade do Rio de Janeiro","link":"https:\/\/ejornais.com.br\/index.php\/2026\/09\/05\/brt-expresso-rock-in-rio-transporta-30-mil-pessoas-no-primeiro-dia-de-festival-prefeitura-da-cidade-do-rio-de-janeiro\/"}],"amp_enabled":true,"_links":{"self":[{"href":"https:\/\/ejornais.com.br\/index.php\/wp-json\/wp\/v2\/posts\/71716","targetHints":{"allow":["GET"]}}],"collection":[{"href":"https:\/\/ejornais.com.br\/index.php\/wp-json\/wp\/v2\/posts"}],"about":[{"href":"https:\/\/ejornais.com.br\/index.php\/wp-json\/wp\/v2\/types\/post"}],"author":[{"embeddable":true,"href":"https:\/\/ejornais.com.br\/index.php\/wp-json\/wp\/v2\/users\/2"}],"replies":[{"embeddable":true,"href":"https:\/\/ejornais.com.br\/index.php\/wp-json\/wp\/v2\/comments?post=71716"}],"version-history":[{"count":0,"href":"https:\/\/ejornais.com.br\/index.php\/wp-json\/wp\/v2\/posts\/71716\/revisions"}],"wp:attachment":[{"href":"https:\/\/ejornais.com.br\/index.php\/wp-json\/wp\/v2\/media?parent=71716"}],"wp:term":[{"taxonomy":"category","embeddable":true,"href":"https:\/\/ejornais.com.br\/index.php\/wp-json\/wp\/v2\/categories?post=71716"},{"taxonomy":"post_tag","embeddable":true,"href":"https:\/\/ejornais.com.br\/index.php\/wp-json\/wp\/v2\/tags?post=71716"}],"curies":[{"name":"wp","href":"https:\/\/api.w.org\/{rel}","templated":true}]}}