{"id":71723,"date":"2026-09-05T21:33:09","date_gmt":"2026-09-06T00:33:09","guid":{"rendered":"https:\/\/ejornais.com.br\/index.php\/2026\/09\/05\/comunicamos-o-falecimento-de-olivia-amaral\/"},"modified":"2026-09-05T21:33:09","modified_gmt":"2026-09-06T00:33:09","slug":"comunicamos-o-falecimento-de-olivia-amaral","status":"publish","type":"post","link":"https:\/\/ejornais.com.br\/index.php\/2026\/09\/05\/comunicamos-o-falecimento-de-olivia-amaral\/","title":{"rendered":"Comunicamos o falecimento de Ol\u00edvia Amaral"},"content":{"rendered":"<p> Por MRNews<br \/>\n<\/p>\n<div>\n<p>A not\u00edcia do falecimento de <strong>Ol\u00edvia Aparecida Amaral Silva, aos 52 anos<\/strong>, causou como\u00e7\u00e3o no Tocantins nesta sexta-feira (4). Educadora, servidora e diretora acad\u00eamica, Ol\u00edvia morreu ap\u00f3s se envolver em um grave acidente de tr\u00e2nsito na regi\u00e3o sul do estado.<\/p>\n<p>O acidente aconteceu na <strong>TO-070, entre Formoso do Araguaia e Duer\u00e9<\/strong>, nas proximidades da ponte sobre o Rio Xavante. Segundo informa\u00e7\u00f5es divulgadas pelas autoridades e pela imprensa local, o ve\u00edculo em que Ol\u00edvia estava saiu da pista e capotou. Ela n\u00e3o resistiu aos ferimentos e morreu ainda no local.<\/p>\n<h2>Ol\u00edvia estava acompanhada do marido e do filho<\/h2>\n<p>No ve\u00edculo tamb\u00e9m estavam o marido de Ol\u00edvia, <strong>Renato Jayme da Silva<\/strong>, ex-secret\u00e1rio de Estado da Sa\u00fade e ex-presidente do Instituto Natureza do Tocantins (Naturatins), e um dos filhos do casal.<\/p>\n<p>Renato foi socorrido e encaminhado inicialmente para atendimento m\u00e9dico em Formoso do Araguaia. Posteriormente, foi levado ao Hospital Regional de Gurupi, onde permanecia internado em estado grave. O filho do casal tamb\u00e9m recebeu atendimento m\u00e9dico e, segundo informa\u00e7\u00f5es divulgadas, apresentava quadro est\u00e1vel.<\/p>\n<p><strong><a href=\"https:\/\/mrnews.com.br\/index.php\/2026\/09\/05\/falece-aos-20-anos-ana-julia-alves-ferreira\/\">Falece, aos 20 anos, Ana J\u00falia Alves Ferreira<\/a><\/strong><\/p>\n<p><strong><a href=\"https:\/\/mrnews.com.br\/index.php\/2026\/09\/05\/melhor-amigo-da-atriz-titina-machado-m0rre-aos-48-anos-dias-depois-de-homenagea-la\/\">Melhor amigo da atriz Titina Machado m0rre aos 48 anos dias depois de homenage\u00e1-la<\/a><\/strong><\/p>\n<p>As circunst\u00e2ncias exatas que levaram \u00e0 sa\u00edda do ve\u00edculo da pista ainda dever\u00e3o ser esclarecidas pelas autoridades respons\u00e1veis pela investiga\u00e7\u00e3o.<\/p>\n<h2>Uma trajet\u00f3ria ligada \u00e0 educa\u00e7\u00e3o<\/h2>\n<p>Ol\u00edvia era conhecida por sua atua\u00e7\u00e3o profissional na \u00e1rea da educa\u00e7\u00e3o. Ela trabalhava como <strong>diretora acad\u00eamica da IB Consulting<\/strong>, institui\u00e7\u00e3o voltada \u00e0 forma\u00e7\u00e3o e capacita\u00e7\u00e3o profissional.<\/p>\n<p>Tamb\u00e9m teve passagem pela <strong>Ulbra Palmas<\/strong>, onde trabalhou ao lado do marido. A institui\u00e7\u00e3o publicou uma nota de pesar lamentando profundamente sua morte e manifestando solidariedade \u00e0 fam\u00edlia.<\/p>\n<p>A morte repentina de Ol\u00edvia provocou manifesta\u00e7\u00f5es de pesar de autoridades, pol\u00edticos, institui\u00e7\u00f5es e pessoas que tiveram contato com sua trajet\u00f3ria profissional e pessoal.<\/p>\n<p><strong><a href=\"https:\/\/mrnews.com.br\/index.php\/2026\/09\/05\/quem-ama-cuida-passagem-de-seis-anos-muda-tudo-e-coloca-nancy-diante-do-maior-desafio\/\">Quem Ama Cuida: passagem de seis anos muda tudo e coloca Nancy diante do maior desafio<\/a><\/strong><\/p>\n<p><strong><a href=\"https:\/\/mrnews.com.br\/index.php\/2026\/09\/04\/tati-machado-e-o-marido-tomam-decisao-importante-a-dois-meses-do-nascimento-do-filho\/\">Tati Machado e o marido tomam decis\u00e3o importante a dois meses do nascimento do filho<\/a><\/strong><\/p>\n<h2>Autoridades lamentam a perda<\/h2>\n<p>O governador do Tocantins, <strong>Wanderlei Barbosa<\/strong>, manifestou pesar pela morte de Ol\u00edvia e solidariedade aos familiares. Em sua manifesta\u00e7\u00e3o, tamb\u00e9m pediu ora\u00e7\u00f5es pela recupera\u00e7\u00e3o de Renato Jayme, que permanecia hospitalizado ap\u00f3s o acidente.<\/p>\n<p>A senadora <strong>Professora Dorinha Seabra<\/strong> tamb\u00e9m prestou condol\u00eancias aos filhos, familiares e amigos de Ol\u00edvia, destacando a gravidade da perda e desejando a recupera\u00e7\u00e3o de Renato.<\/p>\n<p>Outras autoridades e representantes p\u00fablicos tamb\u00e9m divulgaram mensagens de solidariedade diante da trag\u00e9dia.<\/p>\n<h2>Como\u00e7\u00e3o ap\u00f3s a not\u00edcia<\/h2>\n<p>A morte de Ol\u00edvia Amaral deixa familiares, amigos, colegas de trabalho e pessoas que acompanharam sua trajet\u00f3ria profundamente abalados.<\/p>\n<p>A despedida acontece em meio \u00e0 dor da fam\u00edlia, especialmente diante das circunst\u00e2ncias tr\u00e1gicas da morte e da necessidade de acompanhar a recupera\u00e7\u00e3o do marido e do filho, que tamb\u00e9m estavam no ve\u00edculo.<\/p>\n<p>Aos familiares e amigos de <strong>Ol\u00edvia Aparecida Amaral Silva<\/strong>, ficam os sentimentos de solidariedade e respeito neste momento de profunda dor.<\/p>\n<p><strong>Que Deus conforte o cora\u00e7\u00e3o de todos que sofrem com esta perda e receba Ol\u00edvia em seus bra\u00e7os. \ud83d\udda4<\/strong><\/p>\n<\/div>\n","protected":false},"excerpt":{"rendered":"<p>Por MRNews A not\u00edcia do falecimento de Ol\u00edvia Aparecida Amaral Silva, aos 52 anos, causou como\u00e7\u00e3o no Tocantins nesta sexta-feira<\/p>\n","protected":false},"author":2,"featured_media":0,"comment_status":"","ping_status":"","sticky":false,"template":"","format":"standard","meta":{"colormag_page_container_layout":"default_layout","colormag_page_sidebar_layout":"default_layout","footnotes":""},"categories":[1],"tags":[],"class_list":["post-71723","post","type-post","status-publish","format-standard","hentry","category-ejornais"],"aioseo_notices":[],"aioseo_head":"\n\t\t<!-- All in One SEO 5.0.1.1 - aioseo.com -->\n\t<meta name=\"description\" content=\"Por MRNews A not\u00edcia do falecimento de Ol\u00edvia Aparecida Amaral Silva, aos 52 anos, causou como\u00e7\u00e3o no Tocantins nesta sexta-feira (4). Educadora, servidora e diretora acad\u00eamica, Ol\u00edvia morreu ap\u00f3s se envolver em um grave acidente de tr\u00e2nsito na regi\u00e3o sul do estado.O acidente aconteceu na TO-070, entre Formoso do Araguaia e Duer\u00e9, nas proximidades da\" \/>\n\t<meta name=\"robots\" content=\"max-image-preview:large\" \/>\n\t<meta name=\"author\" content=\"admin1\"\/>\n\t<link rel=\"canonical\" href=\"https:\/\/ejornais.com.br\/index.php\/2026\/09\/05\/comunicamos-o-falecimento-de-olivia-amaral\/\" \/>\n\t<meta name=\"generator\" content=\"All in One SEO (AIOSEO) 5.0.1.1\" \/>\n\t\t<meta property=\"og:locale\" content=\"pt_BR\" \/>\n\t\t<meta property=\"og:site_name\" content=\"eJornais - Cat\u00e1logo de Jornais no mundo, Not\u00edcias, Blog e Esportes ao vivo\" \/>\n\t\t<meta property=\"og:type\" content=\"article\" \/>\n\t\t<meta property=\"og:title\" content=\"Comunicamos o falecimento de Ol\u00edvia Amaral - eJornais\" \/>\n\t\t<meta property=\"og:description\" content=\"Por MRNews A not\u00edcia do falecimento de Ol\u00edvia Aparecida Amaral Silva, aos 52 anos, causou como\u00e7\u00e3o no Tocantins nesta sexta-feira (4). Educadora, servidora e diretora acad\u00eamica, Ol\u00edvia morreu ap\u00f3s se envolver em um grave acidente de tr\u00e2nsito na regi\u00e3o sul do estado.O acidente aconteceu na TO-070, entre Formoso do Araguaia e Duer\u00e9, nas proximidades da\" \/>\n\t\t<meta property=\"og:url\" content=\"https:\/\/ejornais.com.br\/index.php\/2026\/09\/05\/comunicamos-o-falecimento-de-olivia-amaral\/\" \/>\n\t\t<meta property=\"article:published_time\" content=\"2026-09-06T00:33:09+00:00\" \/>\n\t\t<meta property=\"article:modified_time\" content=\"2026-09-06T00:33:09+00:00\" \/>\n\t\t<meta name=\"twitter:card\" content=\"summary_large_image\" \/>\n\t\t<meta name=\"twitter:title\" content=\"Comunicamos o falecimento de Ol\u00edvia Amaral - eJornais\" \/>\n\t\t<meta name=\"twitter:description\" content=\"Por MRNews A not\u00edcia do falecimento de Ol\u00edvia Aparecida Amaral Silva, aos 52 anos, causou como\u00e7\u00e3o no Tocantins nesta sexta-feira (4). Educadora, servidora e diretora acad\u00eamica, Ol\u00edvia morreu ap\u00f3s se envolver em um grave acidente de tr\u00e2nsito na regi\u00e3o sul do estado.O acidente aconteceu na TO-070, entre Formoso do Araguaia e Duer\u00e9, nas proximidades da\" \/>\n\t\t<script type=\"application\/ld+json\" class=\"aioseo-schema\">\n\t\t\t{\"@context\":\"https:\\\/\\\/schema.org\",\"@graph\":[{\"@type\":\"BlogPosting\",\"@id\":\"https:\\\/\\\/ejornais.com.br\\\/index.php\\\/2026\\\/09\\\/05\\\/comunicamos-o-falecimento-de-olivia-amaral\\\/#blogposting\",\"name\":\"Comunicamos o falecimento de Ol\\u00edvia Amaral - eJornais\",\"headline\":\"Comunicamos o falecimento de Ol\\u00edvia Amaral\",\"author\":{\"@id\":\"https:\\\/\\\/ejornais.com.br\\\/index.php\\\/author\\\/admin1\\\/#author\"},\"publisher\":{\"@id\":\"https:\\\/\\\/ejornais.com.br\\\/#organization\"},\"datePublished\":\"2026-09-05T21:33:09-03:00\",\"dateModified\":\"2026-09-05T21:33:09-03:00\",\"inLanguage\":\"pt-BR\",\"mainEntityOfPage\":{\"@id\":\"https:\\\/\\\/ejornais.com.br\\\/index.php\\\/2026\\\/09\\\/05\\\/comunicamos-o-falecimento-de-olivia-amaral\\\/#webpage\"},\"isPartOf\":{\"@id\":\"https:\\\/\\\/ejornais.com.br\\\/index.php\\\/2026\\\/09\\\/05\\\/comunicamos-o-falecimento-de-olivia-amaral\\\/#webpage\"},\"articleSection\":\"Cat\\u00e1logo de Jornais\"},{\"@type\":\"BreadcrumbList\",\"@id\":\"https:\\\/\\\/ejornais.com.br\\\/index.php\\\/2026\\\/09\\\/05\\\/comunicamos-o-falecimento-de-olivia-amaral\\\/#breadcrumblist\",\"itemListElement\":[{\"@type\":\"ListItem\",\"@id\":\"https:\\\/\\\/ejornais.com.br#listItem\",\"position\":1,\"name\":\"In\\u00edcio\",\"item\":\"https:\\\/\\\/ejornais.com.br\",\"nextItem\":{\"@type\":\"ListItem\",\"@id\":\"https:\\\/\\\/ejornais.com.br\\\/index.php\\\/category\\\/ejornais\\\/#listItem\",\"name\":\"Cat\\u00e1logo de Jornais\"}},{\"@type\":\"ListItem\",\"@id\":\"https:\\\/\\\/ejornais.com.br\\\/index.php\\\/category\\\/ejornais\\\/#listItem\",\"position\":2,\"name\":\"Cat\\u00e1logo de Jornais\",\"item\":\"https:\\\/\\\/ejornais.com.br\\\/index.php\\\/category\\\/ejornais\\\/\",\"nextItem\":{\"@type\":\"ListItem\",\"@id\":\"https:\\\/\\\/ejornais.com.br\\\/index.php\\\/2026\\\/09\\\/05\\\/comunicamos-o-falecimento-de-olivia-amaral\\\/#listItem\",\"name\":\"Comunicamos o falecimento de Ol\\u00edvia Amaral\"},\"previousItem\":{\"@type\":\"ListItem\",\"@id\":\"https:\\\/\\\/ejornais.com.br#listItem\",\"name\":\"In\\u00edcio\"}},{\"@type\":\"ListItem\",\"@id\":\"https:\\\/\\\/ejornais.com.br\\\/index.php\\\/2026\\\/09\\\/05\\\/comunicamos-o-falecimento-de-olivia-amaral\\\/#listItem\",\"position\":3,\"name\":\"Comunicamos o falecimento de Ol\\u00edvia Amaral\",\"previousItem\":{\"@type\":\"ListItem\",\"@id\":\"https:\\\/\\\/ejornais.com.br\\\/index.php\\\/category\\\/ejornais\\\/#listItem\",\"name\":\"Cat\\u00e1logo de Jornais\"}}]},{\"@type\":\"Organization\",\"@id\":\"https:\\\/\\\/ejornais.com.br\\\/#organization\",\"name\":\"eJornais\",\"description\":\"Cat\\u00e1logo de Jornais no mundo, Not\\u00edcias, Blog e Esportes ao vivo\",\"url\":\"https:\\\/\\\/ejornais.com.br\\\/\"},{\"@type\":\"Person\",\"@id\":\"https:\\\/\\\/ejornais.com.br\\\/index.php\\\/author\\\/admin1\\\/#author\",\"url\":\"https:\\\/\\\/ejornais.com.br\\\/index.php\\\/author\\\/admin1\\\/\",\"name\":\"admin1\",\"image\":{\"@type\":\"ImageObject\",\"@id\":\"https:\\\/\\\/ejornais.com.br\\\/index.php\\\/2026\\\/09\\\/05\\\/comunicamos-o-falecimento-de-olivia-amaral\\\/#authorImage\",\"url\":\"https:\\\/\\\/secure.gravatar.com\\\/avatar\\\/04084e6d73c042b8646e7c17b494073bf0ede3ea13c7105cfc45cbbbc28385a4?s=96&d=mm&r=g\",\"width\":96,\"height\":96,\"caption\":\"admin1\"}},{\"@type\":\"WebPage\",\"@id\":\"https:\\\/\\\/ejornais.com.br\\\/index.php\\\/2026\\\/09\\\/05\\\/comunicamos-o-falecimento-de-olivia-amaral\\\/#webpage\",\"url\":\"https:\\\/\\\/ejornais.com.br\\\/index.php\\\/2026\\\/09\\\/05\\\/comunicamos-o-falecimento-de-olivia-amaral\\\/\",\"name\":\"Comunicamos o falecimento de Ol\\u00edvia Amaral - eJornais\",\"description\":\"Por MRNews A not\\u00edcia do falecimento de Ol\\u00edvia Aparecida Amaral Silva, aos 52 anos, causou como\\u00e7\\u00e3o no Tocantins nesta sexta-feira (4). Educadora, servidora e diretora acad\\u00eamica, Ol\\u00edvia morreu ap\\u00f3s se envolver em um grave acidente de tr\\u00e2nsito na regi\\u00e3o sul do estado.O acidente aconteceu na TO-070, entre Formoso do Araguaia e Duer\\u00e9, nas proximidades da\",\"inLanguage\":\"pt-BR\",\"isPartOf\":{\"@id\":\"https:\\\/\\\/ejornais.com.br\\\/#website\"},\"breadcrumb\":{\"@id\":\"https:\\\/\\\/ejornais.com.br\\\/index.php\\\/2026\\\/09\\\/05\\\/comunicamos-o-falecimento-de-olivia-amaral\\\/#breadcrumblist\"},\"author\":{\"@id\":\"https:\\\/\\\/ejornais.com.br\\\/index.php\\\/author\\\/admin1\\\/#author\"},\"creator\":{\"@id\":\"https:\\\/\\\/ejornais.com.br\\\/index.php\\\/author\\\/admin1\\\/#author\"},\"datePublished\":\"2026-09-05T21:33:09-03:00\",\"dateModified\":\"2026-09-05T21:33:09-03:00\"},{\"@type\":\"WebSite\",\"@id\":\"https:\\\/\\\/ejornais.com.br\\\/#website\",\"url\":\"https:\\\/\\\/ejornais.com.br\\\/\",\"name\":\"eJornais\",\"description\":\"Cat\\u00e1logo de Jornais no mundo, Not\\u00edcias, Blog e Esportes ao vivo\",\"inLanguage\":\"pt-BR\",\"publisher\":{\"@id\":\"https:\\\/\\\/ejornais.com.br\\\/#organization\"}}]}\n\t\t<\/script>\n\t\t<!-- All in One SEO -->\n\n","aioseo_head_json":{"title":"Comunicamos o falecimento de Ol\u00edvia Amaral - eJornais","description":"Por MRNews A not\u00edcia do falecimento de Ol\u00edvia Aparecida Amaral Silva, aos 52 anos, causou como\u00e7\u00e3o no Tocantins nesta sexta-feira (4). Educadora, servidora e diretora acad\u00eamica, Ol\u00edvia morreu ap\u00f3s se envolver em um grave acidente de tr\u00e2nsito na regi\u00e3o sul do estado.O acidente aconteceu na TO-070, entre Formoso do Araguaia e Duer\u00e9, nas proximidades da","canonical_url":"https:\/\/ejornais.com.br\/index.php\/2026\/09\/05\/comunicamos-o-falecimento-de-olivia-amaral\/","robots":"max-image-preview:large","keywords":"","webmasterTools":{"miscellaneous":""},"schema":{"@context":"https:\/\/schema.org","@graph":[{"@type":"BlogPosting","@id":"https:\/\/ejornais.com.br\/index.php\/2026\/09\/05\/comunicamos-o-falecimento-de-olivia-amaral\/#blogposting","name":"Comunicamos o falecimento de Ol\u00edvia Amaral - eJornais","headline":"Comunicamos o falecimento de Ol\u00edvia Amaral","author":{"@id":"https:\/\/ejornais.com.br\/index.php\/author\/admin1\/#author"},"publisher":{"@id":"https:\/\/ejornais.com.br\/#organization"},"datePublished":"2026-09-05T21:33:09-03:00","dateModified":"2026-09-05T21:33:09-03:00","inLanguage":"pt-BR","mainEntityOfPage":{"@id":"https:\/\/ejornais.com.br\/index.php\/2026\/09\/05\/comunicamos-o-falecimento-de-olivia-amaral\/#webpage"},"isPartOf":{"@id":"https:\/\/ejornais.com.br\/index.php\/2026\/09\/05\/comunicamos-o-falecimento-de-olivia-amaral\/#webpage"},"articleSection":"Cat\u00e1logo de Jornais"},{"@type":"BreadcrumbList","@id":"https:\/\/ejornais.com.br\/index.php\/2026\/09\/05\/comunicamos-o-falecimento-de-olivia-amaral\/#breadcrumblist","itemListElement":[{"@type":"ListItem","@id":"https:\/\/ejornais.com.br#listItem","position":1,"name":"In\u00edcio","item":"https:\/\/ejornais.com.br","nextItem":{"@type":"ListItem","@id":"https:\/\/ejornais.com.br\/index.php\/category\/ejornais\/#listItem","name":"Cat\u00e1logo de Jornais"}},{"@type":"ListItem","@id":"https:\/\/ejornais.com.br\/index.php\/category\/ejornais\/#listItem","position":2,"name":"Cat\u00e1logo de Jornais","item":"https:\/\/ejornais.com.br\/index.php\/category\/ejornais\/","nextItem":{"@type":"ListItem","@id":"https:\/\/ejornais.com.br\/index.php\/2026\/09\/05\/comunicamos-o-falecimento-de-olivia-amaral\/#listItem","name":"Comunicamos o falecimento de Ol\u00edvia Amaral"},"previousItem":{"@type":"ListItem","@id":"https:\/\/ejornais.com.br#listItem","name":"In\u00edcio"}},{"@type":"ListItem","@id":"https:\/\/ejornais.com.br\/index.php\/2026\/09\/05\/comunicamos-o-falecimento-de-olivia-amaral\/#listItem","position":3,"name":"Comunicamos o falecimento de Ol\u00edvia Amaral","previousItem":{"@type":"ListItem","@id":"https:\/\/ejornais.com.br\/index.php\/category\/ejornais\/#listItem","name":"Cat\u00e1logo de Jornais"}}]},{"@type":"Organization","@id":"https:\/\/ejornais.com.br\/#organization","name":"eJornais","description":"Cat\u00e1logo de Jornais no mundo, Not\u00edcias, Blog e Esportes ao vivo","url":"https:\/\/ejornais.com.br\/"},{"@type":"Person","@id":"https:\/\/ejornais.com.br\/index.php\/author\/admin1\/#author","url":"https:\/\/ejornais.com.br\/index.php\/author\/admin1\/","name":"admin1","image":{"@type":"ImageObject","@id":"https:\/\/ejornais.com.br\/index.php\/2026\/09\/05\/comunicamos-o-falecimento-de-olivia-amaral\/#authorImage","url":"https:\/\/secure.gravatar.com\/avatar\/04084e6d73c042b8646e7c17b494073bf0ede3ea13c7105cfc45cbbbc28385a4?s=96&d=mm&r=g","width":96,"height":96,"caption":"admin1"}},{"@type":"WebPage","@id":"https:\/\/ejornais.com.br\/index.php\/2026\/09\/05\/comunicamos-o-falecimento-de-olivia-amaral\/#webpage","url":"https:\/\/ejornais.com.br\/index.php\/2026\/09\/05\/comunicamos-o-falecimento-de-olivia-amaral\/","name":"Comunicamos o falecimento de Ol\u00edvia Amaral - eJornais","description":"Por MRNews A not\u00edcia do falecimento de Ol\u00edvia Aparecida Amaral Silva, aos 52 anos, causou como\u00e7\u00e3o no Tocantins nesta sexta-feira (4). Educadora, servidora e diretora acad\u00eamica, Ol\u00edvia morreu ap\u00f3s se envolver em um grave acidente de tr\u00e2nsito na regi\u00e3o sul do estado.O acidente aconteceu na TO-070, entre Formoso do Araguaia e Duer\u00e9, nas proximidades da","inLanguage":"pt-BR","isPartOf":{"@id":"https:\/\/ejornais.com.br\/#website"},"breadcrumb":{"@id":"https:\/\/ejornais.com.br\/index.php\/2026\/09\/05\/comunicamos-o-falecimento-de-olivia-amaral\/#breadcrumblist"},"author":{"@id":"https:\/\/ejornais.com.br\/index.php\/author\/admin1\/#author"},"creator":{"@id":"https:\/\/ejornais.com.br\/index.php\/author\/admin1\/#author"},"datePublished":"2026-09-05T21:33:09-03:00","dateModified":"2026-09-05T21:33:09-03:00"},{"@type":"WebSite","@id":"https:\/\/ejornais.com.br\/#website","url":"https:\/\/ejornais.com.br\/","name":"eJornais","description":"Cat\u00e1logo de Jornais no mundo, Not\u00edcias, Blog e Esportes ao vivo","inLanguage":"pt-BR","publisher":{"@id":"https:\/\/ejornais.com.br\/#organization"}}]},"og:locale":"pt_BR","og:site_name":"eJornais - Cat\u00e1logo de Jornais no mundo, Not\u00edcias, Blog e Esportes ao vivo","og:type":"article","og:title":"Comunicamos o falecimento de Ol\u00edvia Amaral - eJornais","og:description":"Por MRNews A not\u00edcia do falecimento de Ol\u00edvia Aparecida Amaral Silva, aos 52 anos, causou como\u00e7\u00e3o no Tocantins nesta sexta-feira (4). Educadora, servidora e diretora acad\u00eamica, Ol\u00edvia morreu ap\u00f3s se envolver em um grave acidente de tr\u00e2nsito na regi\u00e3o sul do estado.O acidente aconteceu na TO-070, entre Formoso do Araguaia e Duer\u00e9, nas proximidades da","og:url":"https:\/\/ejornais.com.br\/index.php\/2026\/09\/05\/comunicamos-o-falecimento-de-olivia-amaral\/","article:published_time":"2026-09-06T00:33:09+00:00","article:modified_time":"2026-09-06T00:33:09+00:00","twitter:card":"summary_large_image","twitter:title":"Comunicamos o falecimento de Ol\u00edvia Amaral - eJornais","twitter:description":"Por MRNews A not\u00edcia do falecimento de Ol\u00edvia Aparecida Amaral Silva, aos 52 anos, causou como\u00e7\u00e3o no Tocantins nesta sexta-feira (4). Educadora, servidora e diretora acad\u00eamica, Ol\u00edvia morreu ap\u00f3s se envolver em um grave acidente de tr\u00e2nsito na regi\u00e3o sul do estado.O acidente aconteceu na TO-070, entre Formoso do Araguaia e Duer\u00e9, nas proximidades da"},"aioseo_meta_data":{"post_id":"71723","title":null,"description":null,"keywords":null,"keyphrases":null,"primary_term":null,"canonical_url":null,"og_title":null,"og_description":null,"og_object_type":"default","og_image_type":"default","og_image_url":null,"og_image_width":null,"og_image_height":null,"og_image_custom_url":null,"og_image_custom_fields":null,"og_video":null,"og_custom_url":null,"og_article_section":null,"og_article_tags":null,"twitter_use_og":false,"twitter_card":"default","twitter_image_type":"default","twitter_image_url":null,"twitter_image_custom_url":null,"twitter_image_custom_fields":null,"twitter_title":null,"twitter_description":null,"schema":{"blockGraphs":[],"customGraphs":[],"default":{"data":{"Article":[],"Course":[],"Dataset":[],"FAQPage":[],"Movie":[],"Person":[],"Product":[],"ProductReview":[],"Car":[],"Recipe":[],"Service":[],"SoftwareApplication":[],"WebPage":[]},"graphName":"","isEnabled":true},"graphs":[]},"schema_type":"default","schema_type_options":null,"pillar_content":false,"robots_default":true,"robots_noindex":false,"robots_noarchive":false,"robots_nosnippet":false,"robots_nofollow":false,"robots_noimageindex":false,"robots_noodp":false,"robots_notranslate":false,"robots_max_snippet":null,"robots_max_videopreview":null,"robots_max_imagepreview":"large","priority":null,"frequency":null,"local_seo":null,"breadcrumb_settings":null,"limit_modified_date":false,"ai":null,"created":"2026-09-06 00:34:17","updated":"2026-09-06 00:34:17","seo_analyzer_scan_date":null,"focus_keyword":null,"additional_keywords":null,"truseo_locale":null},"aioseo_breadcrumb":"<div class=\"aioseo-breadcrumbs\"><span class=\"aioseo-breadcrumb\">\n\t\t\t<a href=\"https:\/\/ejornais.com.br\" title=\"In\u00edcio\">In\u00edcio<\/a>\n\t\t<\/span><span class=\"aioseo-breadcrumb-separator\">&raquo;<\/span><span class=\"aioseo-breadcrumb\">\n\t\t\t<a href=\"https:\/\/ejornais.com.br\/index.php\/category\/ejornais\/\" title=\"Cat\u00e1logo de Jornais\">Cat\u00e1logo de Jornais<\/a>\n\t\t<\/span><span class=\"aioseo-breadcrumb-separator\">&raquo;<\/span><span class=\"aioseo-breadcrumb\">\n\t\t\tComunicamos o falecimento de Ol\u00edvia Amaral\n\t\t<\/span><\/div>","aioseo_breadcrumb_json":[{"label":"In\u00edcio","link":"https:\/\/ejornais.com.br"},{"label":"Cat\u00e1logo de Jornais","link":"https:\/\/ejornais.com.br\/index.php\/category\/ejornais\/"},{"label":"Comunicamos o falecimento de Ol\u00edvia Amaral","link":"https:\/\/ejornais.com.br\/index.php\/2026\/09\/05\/comunicamos-o-falecimento-de-olivia-amaral\/"}],"amp_enabled":true,"_links":{"self":[{"href":"https:\/\/ejornais.com.br\/index.php\/wp-json\/wp\/v2\/posts\/71723","targetHints":{"allow":["GET"]}}],"collection":[{"href":"https:\/\/ejornais.com.br\/index.php\/wp-json\/wp\/v2\/posts"}],"about":[{"href":"https:\/\/ejornais.com.br\/index.php\/wp-json\/wp\/v2\/types\/post"}],"author":[{"embeddable":true,"href":"https:\/\/ejornais.com.br\/index.php\/wp-json\/wp\/v2\/users\/2"}],"replies":[{"embeddable":true,"href":"https:\/\/ejornais.com.br\/index.php\/wp-json\/wp\/v2\/comments?post=71723"}],"version-history":[{"count":0,"href":"https:\/\/ejornais.com.br\/index.php\/wp-json\/wp\/v2\/posts\/71723\/revisions"}],"wp:attachment":[{"href":"https:\/\/ejornais.com.br\/index.php\/wp-json\/wp\/v2\/media?parent=71723"}],"wp:term":[{"taxonomy":"category","embeddable":true,"href":"https:\/\/ejornais.com.br\/index.php\/wp-json\/wp\/v2\/categories?post=71723"},{"taxonomy":"post_tag","embeddable":true,"href":"https:\/\/ejornais.com.br\/index.php\/wp-json\/wp\/v2\/tags?post=71723"}],"curies":[{"name":"wp","href":"https:\/\/api.w.org\/{rel}","templated":true}]}}