{"id":71732,"date":"2026-09-06T04:18:15","date_gmt":"2026-09-06T07:18:15","guid":{"rendered":"https:\/\/ejornais.com.br\/index.php\/2026\/09\/06\/dallagnol-expoe-sigilo-fiscal-de-zanin-que-pede-responsabilizacao\/"},"modified":"2026-09-06T04:18:15","modified_gmt":"2026-09-06T07:18:15","slug":"dallagnol-expoe-sigilo-fiscal-de-zanin-que-pede-responsabilizacao","status":"publish","type":"post","link":"https:\/\/ejornais.com.br\/index.php\/2026\/09\/06\/dallagnol-expoe-sigilo-fiscal-de-zanin-que-pede-responsabilizacao\/","title":{"rendered":"Dallagnol exp\u00f5e sigilo fiscal de Zanin, que pede responsabiliza\u00e7\u00e3o"},"content":{"rendered":"<p> Por MRNews<br \/>\n<\/p>\n<div>\n<p><strong>O ministro Cristiano Zanin (foto), do Supremo Tribunal Federal (STF), enviou neste s\u00e1bado (5) um of\u00edcio ao Tribunal Regional Eleitoral do Paran\u00e1 (TRE-PE) pedindo responsabiliza\u00e7\u00e3o dos envolvidos na exposi\u00e7\u00e3o de seus dados fiscais e banc\u00e1rios, que foram anexados ao registro de candidatura ao Senado do ex-procurador da Rep\u00fablica Deltan Dallagnol (Novo).<\/strong><\/p>\n<p>No of\u00edcio, endere\u00e7ado ao desembargador Luciano Carrasco Falavinha Souza, presidente do TRE paranaense, Zanin pede a responsabiliza\u00e7\u00e3o \u201cinclusive no \u00e2mbito criminal\u201d. O ministro notificou ainda as presid\u00eancias do Supremo Tribunal Federal (STF) e do Tribunal Superior Eleitoral (TSE) sobre o caso.<\/p>\n<p>O ministro cita reportagem do portal <em>Metr\u00f3poles<\/em> segundo a qual seus dados foram expostos pela defesa de Dallagnol, que anexou os documentos para contestar uma impugna\u00e7\u00e3o da candidatura.<\/p>\n<p><strong><a href=\"https:\/\/mrnews.com.br\/index.php\/2026\/09\/06\/stf-mendes-propoe-vetar-delegados-da-pf-como-assessores-de-ministros\/\">STF: Mendes prop\u00f5e vetar delegados da PF como assessores de ministros<\/a><\/strong><\/p>\n<p><strong><a href=\"https:\/\/mrnews.com.br\/index.php\/2026\/09\/05\/tv-brasil-transmite-ferroviaria-e-flamengo-pelo-brasileirao-feminino\/\">TV Brasil transmite Ferrovi\u00e1ria e Flamengo pelo Brasileir\u00e3o Feminino<\/a><\/strong><\/p>\n<p>As informa\u00e7\u00f5es foram obtidas em 2019, quando Dallagnol era chefe da Lava Jato no Paran\u00e1 e Zanin era advogado do hoje presidente Luiz In\u00e1cio Lula da Silva. A quebra de sigilo fora determinada pelo ent\u00e3o juiz Marcelo Bretas, respons\u00e1vel pelo bra\u00e7o da Lava Jato no Rio de Janeiro.<\/p>\n<p>Na ocasi\u00e3o, tamb\u00e9m foram quebrados os sigilos fiscal e banc\u00e1rio da advogada Valeska Teixeira Zanin Martins, esposa do ministro do Supremo, sob o pretexto de apurar supostos desvios de verbas do Sistema S. Tais dados tamb\u00e9m foram expostos.<\/p>\n<p>Em nota enviada \u00e0 imprensa, <strong>a defesa de Deltan Dallagnol disse que os dados referentes \u00e0 quebra de sigilo de Zanin constavam em reclama\u00e7\u00f5es abertas pelo pr\u00f3prio Zanin contra o ent\u00e3o procurador no Conselho Nacional do Minist\u00e9rio P\u00fablico (CNMP)<\/strong>. Tais procedimentos tramitavam sob prote\u00e7\u00e3o de sigilo judicial.<\/p>\n<p>Os advogados alegam que o material \u00e9 relevante para demonstrar a regularidade da candidatura de Dallagnol e por isso foi apresentado de forma integral para que a Justi\u00e7a Eleitoral pudesse avali\u00e1-lo \u201cde forma transparente e zelosa\u201d. \u00a0<\/p>\n<p><strong><a href=\"https:\/\/mrnews.com.br\/index.php\/2026\/09\/05\/brasileiro-feminino-flamengo-encara-sao-paulo-em-uma-das-semifinais\/\">Brasileiro Feminino: Flamengo encara S\u00e3o Paulo em uma das semifinais<\/a><\/strong><\/p>\n<p><strong><a href=\"https:\/\/mrnews.com.br\/index.php\/2026\/09\/05\/brasil-leva-ouro-na-copa-do-mundo-de-paratriatlo-e-no-parabadminton\/\">Brasil leva ouro na Copa do Mundo de paratriatlo e no parabadminton<\/a><\/strong><\/p>\n<p>As quebras de sigilo contra Zanin e esposa acabariam anuladas pela Justi\u00e7a Federal, por falta de provas das acusa\u00e7\u00f5es. As reclama\u00e7\u00f5es abertas contra Dallagnol no CNMP tamb\u00e9m n\u00e3o resultaram em puni\u00e7\u00f5es e foram arquivadas.<\/p>\n<p>\u201cO desdobramento das reclama\u00e7\u00f5es prova que eram insubsistentes. O seu conte\u00fado comprova que jamais se converteriam em demiss\u00e3o. E isso prova que n\u00e3o podem fundamentar o afastamento do candidato das elei\u00e7\u00f5es\u201d, argumenta a defesa do ex-procurador.<\/p>\n<p>\u201cA defesa do candidato jamais teve a inten\u00e7\u00e3o de expor dados do ent\u00e3o advogado, mas sim de exercer com plenitude o direito pol\u00edtico de candidatura, demonstrando cabalmente sua elegibilidade\u201d, complementa o texto.<\/p>\n<p>Ainda neste s\u00e1bado, ap\u00f3s a revela\u00e7\u00e3o sobre a exposi\u00e7\u00e3o dos dados de Zanin, a relatora do registro de candidatura de Dallagnol, desembargadora Vanessa Jamus Marchi, imp\u00f4s novo sigilo sobre os documentos.<\/p>\n<\/div>\n","protected":false},"excerpt":{"rendered":"<p>Por MRNews O ministro Cristiano Zanin (foto), do Supremo Tribunal Federal (STF), enviou neste s\u00e1bado (5) um of\u00edcio ao Tribunal<\/p>\n","protected":false},"author":2,"featured_media":0,"comment_status":"","ping_status":"","sticky":false,"template":"","format":"standard","meta":{"colormag_page_container_layout":"default_layout","colormag_page_sidebar_layout":"default_layout","footnotes":""},"categories":[1],"tags":[],"class_list":["post-71732","post","type-post","status-publish","format-standard","hentry","category-ejornais"],"aioseo_notices":[],"aioseo_head":"\n\t\t<!-- All in One SEO 5.0.1.1 - aioseo.com -->\n\t<meta name=\"description\" content=\"Por MRNews O ministro Cristiano Zanin (foto), do Supremo Tribunal Federal (STF), enviou neste s\u00e1bado (5) um of\u00edcio ao Tribunal Regional Eleitoral do Paran\u00e1 (TRE-PE) pedindo responsabiliza\u00e7\u00e3o dos envolvidos na exposi\u00e7\u00e3o de seus dados fiscais e banc\u00e1rios, que foram anexados ao registro de candidatura ao Senado do ex-procurador da Rep\u00fablica Deltan Dallagnol (Novo).No of\u00edcio, endere\u00e7ado\" \/>\n\t<meta name=\"robots\" content=\"max-image-preview:large\" \/>\n\t<meta name=\"author\" content=\"admin1\"\/>\n\t<link rel=\"canonical\" href=\"https:\/\/ejornais.com.br\/index.php\/2026\/09\/06\/dallagnol-expoe-sigilo-fiscal-de-zanin-que-pede-responsabilizacao\/\" \/>\n\t<meta name=\"generator\" content=\"All in One SEO (AIOSEO) 5.0.1.1\" \/>\n\t\t<meta property=\"og:locale\" content=\"pt_BR\" \/>\n\t\t<meta property=\"og:site_name\" content=\"eJornais - Cat\u00e1logo de Jornais no mundo, Not\u00edcias, Blog e Esportes ao vivo\" \/>\n\t\t<meta property=\"og:type\" content=\"article\" \/>\n\t\t<meta property=\"og:title\" content=\"Dallagnol exp\u00f5e sigilo fiscal de Zanin, que pede responsabiliza\u00e7\u00e3o - eJornais\" \/>\n\t\t<meta property=\"og:description\" content=\"Por MRNews O ministro Cristiano Zanin (foto), do Supremo Tribunal Federal (STF), enviou neste s\u00e1bado (5) um of\u00edcio ao Tribunal Regional Eleitoral do Paran\u00e1 (TRE-PE) pedindo responsabiliza\u00e7\u00e3o dos envolvidos na exposi\u00e7\u00e3o de seus dados fiscais e banc\u00e1rios, que foram anexados ao registro de candidatura ao Senado do ex-procurador da Rep\u00fablica Deltan Dallagnol (Novo).No of\u00edcio, endere\u00e7ado\" \/>\n\t\t<meta property=\"og:url\" content=\"https:\/\/ejornais.com.br\/index.php\/2026\/09\/06\/dallagnol-expoe-sigilo-fiscal-de-zanin-que-pede-responsabilizacao\/\" \/>\n\t\t<meta property=\"article:published_time\" content=\"2026-09-06T07:18:15+00:00\" \/>\n\t\t<meta property=\"article:modified_time\" content=\"2026-09-06T07:18:15+00:00\" \/>\n\t\t<meta name=\"twitter:card\" content=\"summary_large_image\" \/>\n\t\t<meta name=\"twitter:title\" content=\"Dallagnol exp\u00f5e sigilo fiscal de Zanin, que pede responsabiliza\u00e7\u00e3o - eJornais\" \/>\n\t\t<meta name=\"twitter:description\" content=\"Por MRNews O ministro Cristiano Zanin (foto), do Supremo Tribunal Federal (STF), enviou neste s\u00e1bado (5) um of\u00edcio ao Tribunal Regional Eleitoral do Paran\u00e1 (TRE-PE) pedindo responsabiliza\u00e7\u00e3o dos envolvidos na exposi\u00e7\u00e3o de seus dados fiscais e banc\u00e1rios, que foram anexados ao registro de candidatura ao Senado do ex-procurador da Rep\u00fablica Deltan Dallagnol (Novo).No of\u00edcio, endere\u00e7ado\" \/>\n\t\t<script type=\"application\/ld+json\" class=\"aioseo-schema\">\n\t\t\t{\"@context\":\"https:\\\/\\\/schema.org\",\"@graph\":[{\"@type\":\"BlogPosting\",\"@id\":\"https:\\\/\\\/ejornais.com.br\\\/index.php\\\/2026\\\/09\\\/06\\\/dallagnol-expoe-sigilo-fiscal-de-zanin-que-pede-responsabilizacao\\\/#blogposting\",\"name\":\"Dallagnol exp\\u00f5e sigilo fiscal de Zanin, que pede responsabiliza\\u00e7\\u00e3o - eJornais\",\"headline\":\"Dallagnol exp\\u00f5e sigilo fiscal de Zanin, que pede responsabiliza\\u00e7\\u00e3o\",\"author\":{\"@id\":\"https:\\\/\\\/ejornais.com.br\\\/index.php\\\/author\\\/admin1\\\/#author\"},\"publisher\":{\"@id\":\"https:\\\/\\\/ejornais.com.br\\\/#organization\"},\"datePublished\":\"2026-09-06T04:18:15-03:00\",\"dateModified\":\"2026-09-06T04:18:15-03:00\",\"inLanguage\":\"pt-BR\",\"mainEntityOfPage\":{\"@id\":\"https:\\\/\\\/ejornais.com.br\\\/index.php\\\/2026\\\/09\\\/06\\\/dallagnol-expoe-sigilo-fiscal-de-zanin-que-pede-responsabilizacao\\\/#webpage\"},\"isPartOf\":{\"@id\":\"https:\\\/\\\/ejornais.com.br\\\/index.php\\\/2026\\\/09\\\/06\\\/dallagnol-expoe-sigilo-fiscal-de-zanin-que-pede-responsabilizacao\\\/#webpage\"},\"articleSection\":\"Cat\\u00e1logo de Jornais\"},{\"@type\":\"BreadcrumbList\",\"@id\":\"https:\\\/\\\/ejornais.com.br\\\/index.php\\\/2026\\\/09\\\/06\\\/dallagnol-expoe-sigilo-fiscal-de-zanin-que-pede-responsabilizacao\\\/#breadcrumblist\",\"itemListElement\":[{\"@type\":\"ListItem\",\"@id\":\"https:\\\/\\\/ejornais.com.br#listItem\",\"position\":1,\"name\":\"In\\u00edcio\",\"item\":\"https:\\\/\\\/ejornais.com.br\",\"nextItem\":{\"@type\":\"ListItem\",\"@id\":\"https:\\\/\\\/ejornais.com.br\\\/index.php\\\/category\\\/ejornais\\\/#listItem\",\"name\":\"Cat\\u00e1logo de Jornais\"}},{\"@type\":\"ListItem\",\"@id\":\"https:\\\/\\\/ejornais.com.br\\\/index.php\\\/category\\\/ejornais\\\/#listItem\",\"position\":2,\"name\":\"Cat\\u00e1logo de Jornais\",\"item\":\"https:\\\/\\\/ejornais.com.br\\\/index.php\\\/category\\\/ejornais\\\/\",\"nextItem\":{\"@type\":\"ListItem\",\"@id\":\"https:\\\/\\\/ejornais.com.br\\\/index.php\\\/2026\\\/09\\\/06\\\/dallagnol-expoe-sigilo-fiscal-de-zanin-que-pede-responsabilizacao\\\/#listItem\",\"name\":\"Dallagnol exp\\u00f5e sigilo fiscal de Zanin, que pede responsabiliza\\u00e7\\u00e3o\"},\"previousItem\":{\"@type\":\"ListItem\",\"@id\":\"https:\\\/\\\/ejornais.com.br#listItem\",\"name\":\"In\\u00edcio\"}},{\"@type\":\"ListItem\",\"@id\":\"https:\\\/\\\/ejornais.com.br\\\/index.php\\\/2026\\\/09\\\/06\\\/dallagnol-expoe-sigilo-fiscal-de-zanin-que-pede-responsabilizacao\\\/#listItem\",\"position\":3,\"name\":\"Dallagnol exp\\u00f5e sigilo fiscal de Zanin, que pede responsabiliza\\u00e7\\u00e3o\",\"previousItem\":{\"@type\":\"ListItem\",\"@id\":\"https:\\\/\\\/ejornais.com.br\\\/index.php\\\/category\\\/ejornais\\\/#listItem\",\"name\":\"Cat\\u00e1logo de Jornais\"}}]},{\"@type\":\"Organization\",\"@id\":\"https:\\\/\\\/ejornais.com.br\\\/#organization\",\"name\":\"eJornais\",\"description\":\"Cat\\u00e1logo de Jornais no mundo, Not\\u00edcias, Blog e Esportes ao vivo\",\"url\":\"https:\\\/\\\/ejornais.com.br\\\/\"},{\"@type\":\"Person\",\"@id\":\"https:\\\/\\\/ejornais.com.br\\\/index.php\\\/author\\\/admin1\\\/#author\",\"url\":\"https:\\\/\\\/ejornais.com.br\\\/index.php\\\/author\\\/admin1\\\/\",\"name\":\"admin1\",\"image\":{\"@type\":\"ImageObject\",\"@id\":\"https:\\\/\\\/ejornais.com.br\\\/index.php\\\/2026\\\/09\\\/06\\\/dallagnol-expoe-sigilo-fiscal-de-zanin-que-pede-responsabilizacao\\\/#authorImage\",\"url\":\"https:\\\/\\\/secure.gravatar.com\\\/avatar\\\/04084e6d73c042b8646e7c17b494073bf0ede3ea13c7105cfc45cbbbc28385a4?s=96&d=mm&r=g\",\"width\":96,\"height\":96,\"caption\":\"admin1\"}},{\"@type\":\"WebPage\",\"@id\":\"https:\\\/\\\/ejornais.com.br\\\/index.php\\\/2026\\\/09\\\/06\\\/dallagnol-expoe-sigilo-fiscal-de-zanin-que-pede-responsabilizacao\\\/#webpage\",\"url\":\"https:\\\/\\\/ejornais.com.br\\\/index.php\\\/2026\\\/09\\\/06\\\/dallagnol-expoe-sigilo-fiscal-de-zanin-que-pede-responsabilizacao\\\/\",\"name\":\"Dallagnol exp\\u00f5e sigilo fiscal de Zanin, que pede responsabiliza\\u00e7\\u00e3o - eJornais\",\"description\":\"Por MRNews O ministro Cristiano Zanin (foto), do Supremo Tribunal Federal (STF), enviou neste s\\u00e1bado (5) um of\\u00edcio ao Tribunal Regional Eleitoral do Paran\\u00e1 (TRE-PE) pedindo responsabiliza\\u00e7\\u00e3o dos envolvidos na exposi\\u00e7\\u00e3o de seus dados fiscais e banc\\u00e1rios, que foram anexados ao registro de candidatura ao Senado do ex-procurador da Rep\\u00fablica Deltan Dallagnol (Novo).No of\\u00edcio, endere\\u00e7ado\",\"inLanguage\":\"pt-BR\",\"isPartOf\":{\"@id\":\"https:\\\/\\\/ejornais.com.br\\\/#website\"},\"breadcrumb\":{\"@id\":\"https:\\\/\\\/ejornais.com.br\\\/index.php\\\/2026\\\/09\\\/06\\\/dallagnol-expoe-sigilo-fiscal-de-zanin-que-pede-responsabilizacao\\\/#breadcrumblist\"},\"author\":{\"@id\":\"https:\\\/\\\/ejornais.com.br\\\/index.php\\\/author\\\/admin1\\\/#author\"},\"creator\":{\"@id\":\"https:\\\/\\\/ejornais.com.br\\\/index.php\\\/author\\\/admin1\\\/#author\"},\"datePublished\":\"2026-09-06T04:18:15-03:00\",\"dateModified\":\"2026-09-06T04:18:15-03:00\"},{\"@type\":\"WebSite\",\"@id\":\"https:\\\/\\\/ejornais.com.br\\\/#website\",\"url\":\"https:\\\/\\\/ejornais.com.br\\\/\",\"name\":\"eJornais\",\"description\":\"Cat\\u00e1logo de Jornais no mundo, Not\\u00edcias, Blog e Esportes ao vivo\",\"inLanguage\":\"pt-BR\",\"publisher\":{\"@id\":\"https:\\\/\\\/ejornais.com.br\\\/#organization\"}}]}\n\t\t<\/script>\n\t\t<!-- All in One SEO -->\n\n","aioseo_head_json":{"title":"Dallagnol exp\u00f5e sigilo fiscal de Zanin, que pede responsabiliza\u00e7\u00e3o - eJornais","description":"Por MRNews O ministro Cristiano Zanin (foto), do Supremo Tribunal Federal (STF), enviou neste s\u00e1bado (5) um of\u00edcio ao Tribunal Regional Eleitoral do Paran\u00e1 (TRE-PE) pedindo responsabiliza\u00e7\u00e3o dos envolvidos na exposi\u00e7\u00e3o de seus dados fiscais e banc\u00e1rios, que foram anexados ao registro de candidatura ao Senado do ex-procurador da Rep\u00fablica Deltan Dallagnol (Novo).No of\u00edcio, endere\u00e7ado","canonical_url":"https:\/\/ejornais.com.br\/index.php\/2026\/09\/06\/dallagnol-expoe-sigilo-fiscal-de-zanin-que-pede-responsabilizacao\/","robots":"max-image-preview:large","keywords":"","webmasterTools":{"miscellaneous":""},"schema":{"@context":"https:\/\/schema.org","@graph":[{"@type":"BlogPosting","@id":"https:\/\/ejornais.com.br\/index.php\/2026\/09\/06\/dallagnol-expoe-sigilo-fiscal-de-zanin-que-pede-responsabilizacao\/#blogposting","name":"Dallagnol exp\u00f5e sigilo fiscal de Zanin, que pede responsabiliza\u00e7\u00e3o - eJornais","headline":"Dallagnol exp\u00f5e sigilo fiscal de Zanin, que pede responsabiliza\u00e7\u00e3o","author":{"@id":"https:\/\/ejornais.com.br\/index.php\/author\/admin1\/#author"},"publisher":{"@id":"https:\/\/ejornais.com.br\/#organization"},"datePublished":"2026-09-06T04:18:15-03:00","dateModified":"2026-09-06T04:18:15-03:00","inLanguage":"pt-BR","mainEntityOfPage":{"@id":"https:\/\/ejornais.com.br\/index.php\/2026\/09\/06\/dallagnol-expoe-sigilo-fiscal-de-zanin-que-pede-responsabilizacao\/#webpage"},"isPartOf":{"@id":"https:\/\/ejornais.com.br\/index.php\/2026\/09\/06\/dallagnol-expoe-sigilo-fiscal-de-zanin-que-pede-responsabilizacao\/#webpage"},"articleSection":"Cat\u00e1logo de Jornais"},{"@type":"BreadcrumbList","@id":"https:\/\/ejornais.com.br\/index.php\/2026\/09\/06\/dallagnol-expoe-sigilo-fiscal-de-zanin-que-pede-responsabilizacao\/#breadcrumblist","itemListElement":[{"@type":"ListItem","@id":"https:\/\/ejornais.com.br#listItem","position":1,"name":"In\u00edcio","item":"https:\/\/ejornais.com.br","nextItem":{"@type":"ListItem","@id":"https:\/\/ejornais.com.br\/index.php\/category\/ejornais\/#listItem","name":"Cat\u00e1logo de Jornais"}},{"@type":"ListItem","@id":"https:\/\/ejornais.com.br\/index.php\/category\/ejornais\/#listItem","position":2,"name":"Cat\u00e1logo de Jornais","item":"https:\/\/ejornais.com.br\/index.php\/category\/ejornais\/","nextItem":{"@type":"ListItem","@id":"https:\/\/ejornais.com.br\/index.php\/2026\/09\/06\/dallagnol-expoe-sigilo-fiscal-de-zanin-que-pede-responsabilizacao\/#listItem","name":"Dallagnol exp\u00f5e sigilo fiscal de Zanin, que pede responsabiliza\u00e7\u00e3o"},"previousItem":{"@type":"ListItem","@id":"https:\/\/ejornais.com.br#listItem","name":"In\u00edcio"}},{"@type":"ListItem","@id":"https:\/\/ejornais.com.br\/index.php\/2026\/09\/06\/dallagnol-expoe-sigilo-fiscal-de-zanin-que-pede-responsabilizacao\/#listItem","position":3,"name":"Dallagnol exp\u00f5e sigilo fiscal de Zanin, que pede responsabiliza\u00e7\u00e3o","previousItem":{"@type":"ListItem","@id":"https:\/\/ejornais.com.br\/index.php\/category\/ejornais\/#listItem","name":"Cat\u00e1logo de Jornais"}}]},{"@type":"Organization","@id":"https:\/\/ejornais.com.br\/#organization","name":"eJornais","description":"Cat\u00e1logo de Jornais no mundo, Not\u00edcias, Blog e Esportes ao vivo","url":"https:\/\/ejornais.com.br\/"},{"@type":"Person","@id":"https:\/\/ejornais.com.br\/index.php\/author\/admin1\/#author","url":"https:\/\/ejornais.com.br\/index.php\/author\/admin1\/","name":"admin1","image":{"@type":"ImageObject","@id":"https:\/\/ejornais.com.br\/index.php\/2026\/09\/06\/dallagnol-expoe-sigilo-fiscal-de-zanin-que-pede-responsabilizacao\/#authorImage","url":"https:\/\/secure.gravatar.com\/avatar\/04084e6d73c042b8646e7c17b494073bf0ede3ea13c7105cfc45cbbbc28385a4?s=96&d=mm&r=g","width":96,"height":96,"caption":"admin1"}},{"@type":"WebPage","@id":"https:\/\/ejornais.com.br\/index.php\/2026\/09\/06\/dallagnol-expoe-sigilo-fiscal-de-zanin-que-pede-responsabilizacao\/#webpage","url":"https:\/\/ejornais.com.br\/index.php\/2026\/09\/06\/dallagnol-expoe-sigilo-fiscal-de-zanin-que-pede-responsabilizacao\/","name":"Dallagnol exp\u00f5e sigilo fiscal de Zanin, que pede responsabiliza\u00e7\u00e3o - eJornais","description":"Por MRNews O ministro Cristiano Zanin (foto), do Supremo Tribunal Federal (STF), enviou neste s\u00e1bado (5) um of\u00edcio ao Tribunal Regional Eleitoral do Paran\u00e1 (TRE-PE) pedindo responsabiliza\u00e7\u00e3o dos envolvidos na exposi\u00e7\u00e3o de seus dados fiscais e banc\u00e1rios, que foram anexados ao registro de candidatura ao Senado do ex-procurador da Rep\u00fablica Deltan Dallagnol (Novo).No of\u00edcio, endere\u00e7ado","inLanguage":"pt-BR","isPartOf":{"@id":"https:\/\/ejornais.com.br\/#website"},"breadcrumb":{"@id":"https:\/\/ejornais.com.br\/index.php\/2026\/09\/06\/dallagnol-expoe-sigilo-fiscal-de-zanin-que-pede-responsabilizacao\/#breadcrumblist"},"author":{"@id":"https:\/\/ejornais.com.br\/index.php\/author\/admin1\/#author"},"creator":{"@id":"https:\/\/ejornais.com.br\/index.php\/author\/admin1\/#author"},"datePublished":"2026-09-06T04:18:15-03:00","dateModified":"2026-09-06T04:18:15-03:00"},{"@type":"WebSite","@id":"https:\/\/ejornais.com.br\/#website","url":"https:\/\/ejornais.com.br\/","name":"eJornais","description":"Cat\u00e1logo de Jornais no mundo, Not\u00edcias, Blog e Esportes ao vivo","inLanguage":"pt-BR","publisher":{"@id":"https:\/\/ejornais.com.br\/#organization"}}]},"og:locale":"pt_BR","og:site_name":"eJornais - Cat\u00e1logo de Jornais no mundo, Not\u00edcias, Blog e Esportes ao vivo","og:type":"article","og:title":"Dallagnol exp\u00f5e sigilo fiscal de Zanin, que pede responsabiliza\u00e7\u00e3o - eJornais","og:description":"Por MRNews O ministro Cristiano Zanin (foto), do Supremo Tribunal Federal (STF), enviou neste s\u00e1bado (5) um of\u00edcio ao Tribunal Regional Eleitoral do Paran\u00e1 (TRE-PE) pedindo responsabiliza\u00e7\u00e3o dos envolvidos na exposi\u00e7\u00e3o de seus dados fiscais e banc\u00e1rios, que foram anexados ao registro de candidatura ao Senado do ex-procurador da Rep\u00fablica Deltan Dallagnol (Novo).No of\u00edcio, endere\u00e7ado","og:url":"https:\/\/ejornais.com.br\/index.php\/2026\/09\/06\/dallagnol-expoe-sigilo-fiscal-de-zanin-que-pede-responsabilizacao\/","article:published_time":"2026-09-06T07:18:15+00:00","article:modified_time":"2026-09-06T07:18:15+00:00","twitter:card":"summary_large_image","twitter:title":"Dallagnol exp\u00f5e sigilo fiscal de Zanin, que pede responsabiliza\u00e7\u00e3o - eJornais","twitter:description":"Por MRNews O ministro Cristiano Zanin (foto), do Supremo Tribunal Federal (STF), enviou neste s\u00e1bado (5) um of\u00edcio ao Tribunal Regional Eleitoral do Paran\u00e1 (TRE-PE) pedindo responsabiliza\u00e7\u00e3o dos envolvidos na exposi\u00e7\u00e3o de seus dados fiscais e banc\u00e1rios, que foram anexados ao registro de candidatura ao Senado do ex-procurador da Rep\u00fablica Deltan Dallagnol (Novo).No of\u00edcio, endere\u00e7ado"},"aioseo_meta_data":{"post_id":"71732","title":null,"description":null,"keywords":null,"keyphrases":null,"primary_term":null,"canonical_url":null,"og_title":null,"og_description":null,"og_object_type":"default","og_image_type":"default","og_image_url":null,"og_image_width":null,"og_image_height":null,"og_image_custom_url":null,"og_image_custom_fields":null,"og_video":null,"og_custom_url":null,"og_article_section":null,"og_article_tags":null,"twitter_use_og":false,"twitter_card":"default","twitter_image_type":"default","twitter_image_url":null,"twitter_image_custom_url":null,"twitter_image_custom_fields":null,"twitter_title":null,"twitter_description":null,"schema":{"blockGraphs":[],"customGraphs":[],"default":{"data":{"Article":[],"Course":[],"Dataset":[],"FAQPage":[],"Movie":[],"Person":[],"Product":[],"ProductReview":[],"Car":[],"Recipe":[],"Service":[],"SoftwareApplication":[],"WebPage":[]},"graphName":"","isEnabled":true},"graphs":[]},"schema_type":"default","schema_type_options":null,"pillar_content":false,"robots_default":true,"robots_noindex":false,"robots_noarchive":false,"robots_nosnippet":false,"robots_nofollow":false,"robots_noimageindex":false,"robots_noodp":false,"robots_notranslate":false,"robots_max_snippet":null,"robots_max_videopreview":null,"robots_max_imagepreview":"large","priority":null,"frequency":null,"local_seo":null,"breadcrumb_settings":null,"limit_modified_date":false,"ai":null,"created":"2026-09-06 07:20:09","updated":"2026-09-06 07:20:09","seo_analyzer_scan_date":null,"focus_keyword":null,"additional_keywords":null,"truseo_locale":null},"aioseo_breadcrumb":"<div class=\"aioseo-breadcrumbs\"><span class=\"aioseo-breadcrumb\">\n\t\t\t<a href=\"https:\/\/ejornais.com.br\" title=\"In\u00edcio\">In\u00edcio<\/a>\n\t\t<\/span><span class=\"aioseo-breadcrumb-separator\">&raquo;<\/span><span class=\"aioseo-breadcrumb\">\n\t\t\t<a href=\"https:\/\/ejornais.com.br\/index.php\/category\/ejornais\/\" title=\"Cat\u00e1logo de Jornais\">Cat\u00e1logo de Jornais<\/a>\n\t\t<\/span><span class=\"aioseo-breadcrumb-separator\">&raquo;<\/span><span class=\"aioseo-breadcrumb\">\n\t\t\tDallagnol exp\u00f5e sigilo fiscal de Zanin, que pede responsabiliza\u00e7\u00e3o\n\t\t<\/span><\/div>","aioseo_breadcrumb_json":[{"label":"In\u00edcio","link":"https:\/\/ejornais.com.br"},{"label":"Cat\u00e1logo de Jornais","link":"https:\/\/ejornais.com.br\/index.php\/category\/ejornais\/"},{"label":"Dallagnol exp\u00f5e sigilo fiscal de Zanin, que pede responsabiliza\u00e7\u00e3o","link":"https:\/\/ejornais.com.br\/index.php\/2026\/09\/06\/dallagnol-expoe-sigilo-fiscal-de-zanin-que-pede-responsabilizacao\/"}],"amp_enabled":true,"_links":{"self":[{"href":"https:\/\/ejornais.com.br\/index.php\/wp-json\/wp\/v2\/posts\/71732","targetHints":{"allow":["GET"]}}],"collection":[{"href":"https:\/\/ejornais.com.br\/index.php\/wp-json\/wp\/v2\/posts"}],"about":[{"href":"https:\/\/ejornais.com.br\/index.php\/wp-json\/wp\/v2\/types\/post"}],"author":[{"embeddable":true,"href":"https:\/\/ejornais.com.br\/index.php\/wp-json\/wp\/v2\/users\/2"}],"replies":[{"embeddable":true,"href":"https:\/\/ejornais.com.br\/index.php\/wp-json\/wp\/v2\/comments?post=71732"}],"version-history":[{"count":0,"href":"https:\/\/ejornais.com.br\/index.php\/wp-json\/wp\/v2\/posts\/71732\/revisions"}],"wp:attachment":[{"href":"https:\/\/ejornais.com.br\/index.php\/wp-json\/wp\/v2\/media?parent=71732"}],"wp:term":[{"taxonomy":"category","embeddable":true,"href":"https:\/\/ejornais.com.br\/index.php\/wp-json\/wp\/v2\/categories?post=71732"},{"taxonomy":"post_tag","embeddable":true,"href":"https:\/\/ejornais.com.br\/index.php\/wp-json\/wp\/v2\/tags?post=71732"}],"curies":[{"name":"wp","href":"https:\/\/api.w.org\/{rel}","templated":true}]}}