{"id":71749,"date":"2026-09-06T16:29:03","date_gmt":"2026-09-06T19:29:03","guid":{"rendered":"https:\/\/ejornais.com.br\/index.php\/2026\/09\/06\/quem-e-o-filho-de-francesca-em-quem-ama-cuida-revelacao-surpreende-na-novela\/"},"modified":"2026-09-06T16:29:03","modified_gmt":"2026-09-06T19:29:03","slug":"quem-e-o-filho-de-francesca-em-quem-ama-cuida-revelacao-surpreende-na-novela","status":"publish","type":"post","link":"https:\/\/ejornais.com.br\/index.php\/2026\/09\/06\/quem-e-o-filho-de-francesca-em-quem-ama-cuida-revelacao-surpreende-na-novela\/","title":{"rendered":"Quem \u00e9 o filho de Francesca em Quem Ama Cuida? Revela\u00e7\u00e3o surpreende na novela"},"content":{"rendered":"<p> Por MRNews<br \/>\n<\/p>\n<div>\n<p>Quem \u00e9 o filho de Francesca em Quem Ama Cuida? Revela\u00e7\u00e3o surpreende na novela<\/p>\n<p>Os mist\u00e9rios envolvendo Francesca (Nathalia Dill) continuam movimentando a novela <strong>Quem Ama Cuida<\/strong>. A personagem, que j\u00e1 apareceu envolvida em acontecimentos sobrenaturais e em segredos do passado da fam\u00edlia Brand\u00e3o, ainda guarda informa\u00e7\u00f5es importantes sobre sua vida antes da morte.<\/p>\n<p>Uma das principais revela\u00e7\u00f5es relacionadas \u00e0 personagem \u00e9 justamente a identidade de seu filho. E a resposta j\u00e1 veio \u00e0 tona: <strong>Joel, interpretado por Ricardo Teodoro, \u00e9 filho de Francesca com Arthur (Antonio Fagundes)<\/strong>.<\/p>\n<p>A descoberta acrescenta uma nova camada \u00e0 hist\u00f3ria e ajuda a explicar a liga\u00e7\u00e3o que Francesca ainda mant\u00e9m com pessoas pr\u00f3ximas \u00e0 fam\u00edlia de Arthur.<\/p>\n<p><strong><a href=\"https:\/\/mrnews.com.br\/index.php\/2026\/09\/06\/carlos-alberto-parreira-deixa-hospital-apos-80-dias-internado-e-fala-sobre-recuperacao\/\">Carlos Alberto Parreira deixa hospital ap\u00f3s 80 dias internado e fala sobre recupera\u00e7\u00e3o<\/a><\/strong><\/p>\n<p><strong><a href=\"https:\/\/mrnews.com.br\/index.php\/2026\/09\/05\/comunicamos-o-falecimento-de-olivia-amaral\/\">Comunicamos o falecimento de Ol\u00edvia Amaral<\/a><\/strong><\/p>\n<h2>Joel \u00e9 o filho de Francesca<\/h2>\n<p>Joel trabalha como chef de cozinha no restaurante de Laurentino (Alan Rocha) e, durante boa parte da trama, sua verdadeira origem permaneceu escondida.<\/p>\n<p>A situa\u00e7\u00e3o come\u00e7a a mudar quando Otoniel (Tony Ramos) v\u00ea uma fotografia de Francesca ao lado de Joel. A imagem desperta uma lembran\u00e7a e faz o personagem perceber que existe uma liga\u00e7\u00e3o muito mais profunda entre os dois.<\/p>\n<p>A partir dessa descoberta, fica confirmado que <strong>Joel \u00e9 o filho que Francesca teve com Arthur<\/strong>.<\/p>\n<p>A revela\u00e7\u00e3o \u00e9 importante porque Francesca trabalhou na casa de Arthur no passado. O relacionamento entre os dois permaneceu cercado de segredos, e as consequ\u00eancias daquela rela\u00e7\u00e3o acabaram sendo mantidas longe dos demais personagens.<\/p>\n<p><strong><a href=\"https:\/\/mrnews.com.br\/index.php\/2026\/09\/05\/falece-aos-20-anos-ana-julia-alves-ferreira\/\">Falece, aos 20 anos, Ana J\u00falia Alves Ferreira<\/a><\/strong><\/p>\n<p><strong><a href=\"https:\/\/mrnews.com.br\/index.php\/2026\/09\/05\/melhor-amigo-da-atriz-titina-machado-m0rre-aos-48-anos-dias-depois-de-homenagea-la\/\">Melhor amigo da atriz Titina Machado m0rre aos 48 anos dias depois de homenage\u00e1-la<\/a><\/strong><\/p>\n<h2>Qual \u00e9 a rela\u00e7\u00e3o entre Francesca e Arthur?<\/h2>\n<p>Antes de sua morte, Francesca trabalhou como cozinheira na casa de Arthur. A personagem deixou marcas importantes na hist\u00f3ria da fam\u00edlia e, conforme os cap\u00edtulos avan\u00e7aram, come\u00e7aram a surgir pistas de que sua rela\u00e7\u00e3o com o milion\u00e1rio era muito mais pr\u00f3xima do que inicialmente parecia.<\/p>\n<p>Rosa (Tatiana Tiburcio), que passou a ocupar o lugar de Francesca na casa, j\u00e1 havia comentado sobre o carinho especial que Arthur tinha pela antiga funcion\u00e1ria.<\/p>\n<p>Al\u00e9m disso, lembran\u00e7as envolvendo receitas e momentos vividos na resid\u00eancia ajudaram a levantar suspeitas sobre o passado dos dois.<\/p>\n<p>Agora, com a confirma\u00e7\u00e3o de que Joel \u00e9 filho de Francesca, essa rela\u00e7\u00e3o ganha um novo significado dentro da trama.<\/p>\n<h2>Otoniel ajuda a revelar o segredo<\/h2>\n<p>Otoniel \u00e9 pe\u00e7a fundamental para que a verdade sobre Joel venha \u00e0 tona.<\/p>\n<p>O personagem j\u00e1 havia desenvolvido uma rela\u00e7\u00e3o especial com Francesca, mesmo depois de descobrir que ela estava morta. A presen\u00e7a misteriosa da personagem fez com que ele come\u00e7asse a investigar acontecimentos relacionados ao passado dela.<\/p>\n<p>Ao encontrar a fotografia de Francesca ao lado de Joel, Otoniel percebe que o rapaz n\u00e3o era apenas algu\u00e9m que conhecia a personagem.<\/p>\n<p>A imagem funciona como uma pista decisiva para reconstruir parte da hist\u00f3ria da mulher de preto.<\/p>\n<h2>Francesca ainda pode se aproximar de Joel<\/h2>\n<p>Mesmo depois de sua morte, Francesca continua tendo import\u00e2ncia na narrativa de <strong>Quem Ama Cuida<\/strong>.<\/p>\n<p>A personagem j\u00e1 apareceu para Otoniel e, posteriormente, passou a se aproximar de outras pessoas envolvidas em sua hist\u00f3ria. Em uma das situa\u00e7\u00f5es mais emocionantes, Francesca se aproxima justamente de Joel.<\/p>\n<p>O rapaz inicialmente demonstra dificuldade para acreditar nos relatos de Otoniel sobre a presen\u00e7a da m\u00e3e. A experi\u00eancia, por\u00e9m, acaba criando um momento de forte emo\u00e7\u00e3o entre os dois.<\/p>\n<p>Essa aproxima\u00e7\u00e3o pode ser fundamental para que Joel compreenda melhor sua pr\u00f3pria hist\u00f3ria e descubra informa\u00e7\u00f5es que permaneceram escondidas durante anos.<\/p>\n<h2>A fam\u00edlia Brand\u00e3o ainda guarda muitos segredos<\/h2>\n<p>A revela\u00e7\u00e3o sobre Joel acontece em um momento no qual a hist\u00f3ria da fam\u00edlia Brand\u00e3o est\u00e1 cercada de novas d\u00favidas.<\/p>\n<p>Al\u00e9m dos mist\u00e9rios envolvendo Francesca e Arthur, a novela tamb\u00e9m prepara o retorno de Heitor (Renato G\u00f3es), filho de Arthur, que havia desaparecido voluntariamente ap\u00f3s forjar a pr\u00f3pria morte durante uma viagem ao Himalaia.<\/p>\n<p>Com isso, o passado de Arthur volta a ganhar destaque e diferentes personagens passam a ter suas hist\u00f3rias conectadas.<\/p>\n<p>A confirma\u00e7\u00e3o de que Joel \u00e9 filho de Francesca tamb\u00e9m pode provocar novas consequ\u00eancias na trama, principalmente quando todas as pessoas envolvidas descobrirem a verdadeira dimens\u00e3o desse parentesco.<\/p>\n<h2>Afinal, quem \u00e9 o filho de Francesca em Quem Ama Cuida?<\/h2>\n<p>A resposta \u00e9 <strong>Joel<\/strong>, personagem vivido por <strong>Ricardo Teodoro<\/strong>.<\/p>\n<p>Ele \u00e9 filho de <strong>Francesca (Nathalia Dill) e Arthur (Antonio Fagundes)<\/strong> e atualmente trabalha como chef de cozinha.<\/p>\n<p>A descoberta representa mais uma pe\u00e7a importante no quebra-cabe\u00e7a envolvendo o passado de Francesca e a fam\u00edlia Brand\u00e3o. Com a presen\u00e7a sobrenatural da personagem ainda influenciando os acontecimentos, a tend\u00eancia \u00e9 que novos segredos sejam revelados nos pr\u00f3ximos cap\u00edtulos.<\/p>\n<p>Para quem acompanha a novela, a grande expectativa agora \u00e9 saber como Joel reagir\u00e1 quando compreender completamente sua origem e quais consequ\u00eancias essa revela\u00e7\u00e3o ter\u00e1 para os demais personagens.<\/p>\n<p><strong>Quem Ama Cuida<\/strong> segue, assim, ampliando os mist\u00e9rios envolvendo Francesca e mostrando que a morte da personagem n\u00e3o significou o fim de sua participa\u00e7\u00e3o na hist\u00f3ria.<\/p>\n<\/div>\n","protected":false},"excerpt":{"rendered":"<p>Por MRNews Quem \u00e9 o filho de Francesca em Quem Ama Cuida? Revela\u00e7\u00e3o surpreende na novela Os mist\u00e9rios envolvendo Francesca<\/p>\n","protected":false},"author":2,"featured_media":0,"comment_status":"","ping_status":"","sticky":false,"template":"","format":"standard","meta":{"colormag_page_container_layout":"default_layout","colormag_page_sidebar_layout":"default_layout","footnotes":""},"categories":[1],"tags":[],"class_list":["post-71749","post","type-post","status-publish","format-standard","hentry","category-ejornais"],"aioseo_notices":[],"aioseo_head":"\n\t\t<!-- All in One SEO 5.0.1.1 - aioseo.com -->\n\t<meta name=\"description\" content=\"Por MRNews Quem \u00e9 o filho de Francesca em Quem Ama Cuida? Revela\u00e7\u00e3o surpreende na novelaOs mist\u00e9rios envolvendo Francesca (Nathalia Dill) continuam movimentando a novela Quem Ama Cuida. A personagem, que j\u00e1 apareceu envolvida em acontecimentos sobrenaturais e em segredos do passado da fam\u00edlia Brand\u00e3o, ainda guarda informa\u00e7\u00f5es importantes sobre sua vida antes da morte.Uma\" \/>\n\t<meta name=\"robots\" content=\"max-image-preview:large\" \/>\n\t<meta name=\"author\" content=\"admin1\"\/>\n\t<link rel=\"canonical\" href=\"https:\/\/ejornais.com.br\/index.php\/2026\/09\/06\/quem-e-o-filho-de-francesca-em-quem-ama-cuida-revelacao-surpreende-na-novela\/\" \/>\n\t<meta name=\"generator\" content=\"All in One SEO (AIOSEO) 5.0.1.1\" \/>\n\t\t<meta property=\"og:locale\" content=\"pt_BR\" \/>\n\t\t<meta property=\"og:site_name\" content=\"eJornais - Cat\u00e1logo de Jornais no mundo, Not\u00edcias, Blog e Esportes ao vivo\" \/>\n\t\t<meta property=\"og:type\" content=\"article\" \/>\n\t\t<meta property=\"og:title\" content=\"Quem \u00e9 o filho de Francesca em Quem Ama Cuida? Revela\u00e7\u00e3o surpreende na novela - eJornais\" \/>\n\t\t<meta property=\"og:description\" content=\"Por MRNews Quem \u00e9 o filho de Francesca em Quem Ama Cuida? Revela\u00e7\u00e3o surpreende na novelaOs mist\u00e9rios envolvendo Francesca (Nathalia Dill) continuam movimentando a novela Quem Ama Cuida. A personagem, que j\u00e1 apareceu envolvida em acontecimentos sobrenaturais e em segredos do passado da fam\u00edlia Brand\u00e3o, ainda guarda informa\u00e7\u00f5es importantes sobre sua vida antes da morte.Uma\" \/>\n\t\t<meta property=\"og:url\" content=\"https:\/\/ejornais.com.br\/index.php\/2026\/09\/06\/quem-e-o-filho-de-francesca-em-quem-ama-cuida-revelacao-surpreende-na-novela\/\" \/>\n\t\t<meta property=\"article:published_time\" content=\"2026-09-06T19:29:03+00:00\" \/>\n\t\t<meta property=\"article:modified_time\" content=\"2026-09-06T19:29:03+00:00\" \/>\n\t\t<meta name=\"twitter:card\" content=\"summary_large_image\" \/>\n\t\t<meta name=\"twitter:title\" content=\"Quem \u00e9 o filho de Francesca em Quem Ama Cuida? Revela\u00e7\u00e3o surpreende na novela - eJornais\" \/>\n\t\t<meta name=\"twitter:description\" content=\"Por MRNews Quem \u00e9 o filho de Francesca em Quem Ama Cuida? Revela\u00e7\u00e3o surpreende na novelaOs mist\u00e9rios envolvendo Francesca (Nathalia Dill) continuam movimentando a novela Quem Ama Cuida. A personagem, que j\u00e1 apareceu envolvida em acontecimentos sobrenaturais e em segredos do passado da fam\u00edlia Brand\u00e3o, ainda guarda informa\u00e7\u00f5es importantes sobre sua vida antes da morte.Uma\" \/>\n\t\t<script type=\"application\/ld+json\" class=\"aioseo-schema\">\n\t\t\t{\"@context\":\"https:\\\/\\\/schema.org\",\"@graph\":[{\"@type\":\"BlogPosting\",\"@id\":\"https:\\\/\\\/ejornais.com.br\\\/index.php\\\/2026\\\/09\\\/06\\\/quem-e-o-filho-de-francesca-em-quem-ama-cuida-revelacao-surpreende-na-novela\\\/#blogposting\",\"name\":\"Quem \\u00e9 o filho de Francesca em Quem Ama Cuida? Revela\\u00e7\\u00e3o surpreende na novela - eJornais\",\"headline\":\"Quem \\u00e9 o filho de Francesca em Quem Ama Cuida? Revela\\u00e7\\u00e3o surpreende na novela\",\"author\":{\"@id\":\"https:\\\/\\\/ejornais.com.br\\\/index.php\\\/author\\\/admin1\\\/#author\"},\"publisher\":{\"@id\":\"https:\\\/\\\/ejornais.com.br\\\/#organization\"},\"datePublished\":\"2026-09-06T16:29:03-03:00\",\"dateModified\":\"2026-09-06T16:29:03-03:00\",\"inLanguage\":\"pt-BR\",\"mainEntityOfPage\":{\"@id\":\"https:\\\/\\\/ejornais.com.br\\\/index.php\\\/2026\\\/09\\\/06\\\/quem-e-o-filho-de-francesca-em-quem-ama-cuida-revelacao-surpreende-na-novela\\\/#webpage\"},\"isPartOf\":{\"@id\":\"https:\\\/\\\/ejornais.com.br\\\/index.php\\\/2026\\\/09\\\/06\\\/quem-e-o-filho-de-francesca-em-quem-ama-cuida-revelacao-surpreende-na-novela\\\/#webpage\"},\"articleSection\":\"Cat\\u00e1logo de Jornais\"},{\"@type\":\"BreadcrumbList\",\"@id\":\"https:\\\/\\\/ejornais.com.br\\\/index.php\\\/2026\\\/09\\\/06\\\/quem-e-o-filho-de-francesca-em-quem-ama-cuida-revelacao-surpreende-na-novela\\\/#breadcrumblist\",\"itemListElement\":[{\"@type\":\"ListItem\",\"@id\":\"https:\\\/\\\/ejornais.com.br#listItem\",\"position\":1,\"name\":\"In\\u00edcio\",\"item\":\"https:\\\/\\\/ejornais.com.br\",\"nextItem\":{\"@type\":\"ListItem\",\"@id\":\"https:\\\/\\\/ejornais.com.br\\\/index.php\\\/category\\\/ejornais\\\/#listItem\",\"name\":\"Cat\\u00e1logo de Jornais\"}},{\"@type\":\"ListItem\",\"@id\":\"https:\\\/\\\/ejornais.com.br\\\/index.php\\\/category\\\/ejornais\\\/#listItem\",\"position\":2,\"name\":\"Cat\\u00e1logo de Jornais\",\"item\":\"https:\\\/\\\/ejornais.com.br\\\/index.php\\\/category\\\/ejornais\\\/\",\"nextItem\":{\"@type\":\"ListItem\",\"@id\":\"https:\\\/\\\/ejornais.com.br\\\/index.php\\\/2026\\\/09\\\/06\\\/quem-e-o-filho-de-francesca-em-quem-ama-cuida-revelacao-surpreende-na-novela\\\/#listItem\",\"name\":\"Quem \\u00e9 o filho de Francesca em Quem Ama Cuida? Revela\\u00e7\\u00e3o surpreende na novela\"},\"previousItem\":{\"@type\":\"ListItem\",\"@id\":\"https:\\\/\\\/ejornais.com.br#listItem\",\"name\":\"In\\u00edcio\"}},{\"@type\":\"ListItem\",\"@id\":\"https:\\\/\\\/ejornais.com.br\\\/index.php\\\/2026\\\/09\\\/06\\\/quem-e-o-filho-de-francesca-em-quem-ama-cuida-revelacao-surpreende-na-novela\\\/#listItem\",\"position\":3,\"name\":\"Quem \\u00e9 o filho de Francesca em Quem Ama Cuida? Revela\\u00e7\\u00e3o surpreende na novela\",\"previousItem\":{\"@type\":\"ListItem\",\"@id\":\"https:\\\/\\\/ejornais.com.br\\\/index.php\\\/category\\\/ejornais\\\/#listItem\",\"name\":\"Cat\\u00e1logo de Jornais\"}}]},{\"@type\":\"Organization\",\"@id\":\"https:\\\/\\\/ejornais.com.br\\\/#organization\",\"name\":\"eJornais\",\"description\":\"Cat\\u00e1logo de Jornais no mundo, Not\\u00edcias, Blog e Esportes ao vivo\",\"url\":\"https:\\\/\\\/ejornais.com.br\\\/\"},{\"@type\":\"Person\",\"@id\":\"https:\\\/\\\/ejornais.com.br\\\/index.php\\\/author\\\/admin1\\\/#author\",\"url\":\"https:\\\/\\\/ejornais.com.br\\\/index.php\\\/author\\\/admin1\\\/\",\"name\":\"admin1\",\"image\":{\"@type\":\"ImageObject\",\"@id\":\"https:\\\/\\\/ejornais.com.br\\\/index.php\\\/2026\\\/09\\\/06\\\/quem-e-o-filho-de-francesca-em-quem-ama-cuida-revelacao-surpreende-na-novela\\\/#authorImage\",\"url\":\"https:\\\/\\\/secure.gravatar.com\\\/avatar\\\/04084e6d73c042b8646e7c17b494073bf0ede3ea13c7105cfc45cbbbc28385a4?s=96&d=mm&r=g\",\"width\":96,\"height\":96,\"caption\":\"admin1\"}},{\"@type\":\"WebPage\",\"@id\":\"https:\\\/\\\/ejornais.com.br\\\/index.php\\\/2026\\\/09\\\/06\\\/quem-e-o-filho-de-francesca-em-quem-ama-cuida-revelacao-surpreende-na-novela\\\/#webpage\",\"url\":\"https:\\\/\\\/ejornais.com.br\\\/index.php\\\/2026\\\/09\\\/06\\\/quem-e-o-filho-de-francesca-em-quem-ama-cuida-revelacao-surpreende-na-novela\\\/\",\"name\":\"Quem \\u00e9 o filho de Francesca em Quem Ama Cuida? Revela\\u00e7\\u00e3o surpreende na novela - eJornais\",\"description\":\"Por MRNews Quem \\u00e9 o filho de Francesca em Quem Ama Cuida? Revela\\u00e7\\u00e3o surpreende na novelaOs mist\\u00e9rios envolvendo Francesca (Nathalia Dill) continuam movimentando a novela Quem Ama Cuida. A personagem, que j\\u00e1 apareceu envolvida em acontecimentos sobrenaturais e em segredos do passado da fam\\u00edlia Brand\\u00e3o, ainda guarda informa\\u00e7\\u00f5es importantes sobre sua vida antes da morte.Uma\",\"inLanguage\":\"pt-BR\",\"isPartOf\":{\"@id\":\"https:\\\/\\\/ejornais.com.br\\\/#website\"},\"breadcrumb\":{\"@id\":\"https:\\\/\\\/ejornais.com.br\\\/index.php\\\/2026\\\/09\\\/06\\\/quem-e-o-filho-de-francesca-em-quem-ama-cuida-revelacao-surpreende-na-novela\\\/#breadcrumblist\"},\"author\":{\"@id\":\"https:\\\/\\\/ejornais.com.br\\\/index.php\\\/author\\\/admin1\\\/#author\"},\"creator\":{\"@id\":\"https:\\\/\\\/ejornais.com.br\\\/index.php\\\/author\\\/admin1\\\/#author\"},\"datePublished\":\"2026-09-06T16:29:03-03:00\",\"dateModified\":\"2026-09-06T16:29:03-03:00\"},{\"@type\":\"WebSite\",\"@id\":\"https:\\\/\\\/ejornais.com.br\\\/#website\",\"url\":\"https:\\\/\\\/ejornais.com.br\\\/\",\"name\":\"eJornais\",\"description\":\"Cat\\u00e1logo de Jornais no mundo, Not\\u00edcias, Blog e Esportes ao vivo\",\"inLanguage\":\"pt-BR\",\"publisher\":{\"@id\":\"https:\\\/\\\/ejornais.com.br\\\/#organization\"}}]}\n\t\t<\/script>\n\t\t<!-- All in One SEO -->\n\n","aioseo_head_json":{"title":"Quem \u00e9 o filho de Francesca em Quem Ama Cuida? Revela\u00e7\u00e3o surpreende na novela - eJornais","description":"Por MRNews Quem \u00e9 o filho de Francesca em Quem Ama Cuida? Revela\u00e7\u00e3o surpreende na novelaOs mist\u00e9rios envolvendo Francesca (Nathalia Dill) continuam movimentando a novela Quem Ama Cuida. A personagem, que j\u00e1 apareceu envolvida em acontecimentos sobrenaturais e em segredos do passado da fam\u00edlia Brand\u00e3o, ainda guarda informa\u00e7\u00f5es importantes sobre sua vida antes da morte.Uma","canonical_url":"https:\/\/ejornais.com.br\/index.php\/2026\/09\/06\/quem-e-o-filho-de-francesca-em-quem-ama-cuida-revelacao-surpreende-na-novela\/","robots":"max-image-preview:large","keywords":"","webmasterTools":{"miscellaneous":""},"schema":{"@context":"https:\/\/schema.org","@graph":[{"@type":"BlogPosting","@id":"https:\/\/ejornais.com.br\/index.php\/2026\/09\/06\/quem-e-o-filho-de-francesca-em-quem-ama-cuida-revelacao-surpreende-na-novela\/#blogposting","name":"Quem \u00e9 o filho de Francesca em Quem Ama Cuida? Revela\u00e7\u00e3o surpreende na novela - eJornais","headline":"Quem \u00e9 o filho de Francesca em Quem Ama Cuida? Revela\u00e7\u00e3o surpreende na novela","author":{"@id":"https:\/\/ejornais.com.br\/index.php\/author\/admin1\/#author"},"publisher":{"@id":"https:\/\/ejornais.com.br\/#organization"},"datePublished":"2026-09-06T16:29:03-03:00","dateModified":"2026-09-06T16:29:03-03:00","inLanguage":"pt-BR","mainEntityOfPage":{"@id":"https:\/\/ejornais.com.br\/index.php\/2026\/09\/06\/quem-e-o-filho-de-francesca-em-quem-ama-cuida-revelacao-surpreende-na-novela\/#webpage"},"isPartOf":{"@id":"https:\/\/ejornais.com.br\/index.php\/2026\/09\/06\/quem-e-o-filho-de-francesca-em-quem-ama-cuida-revelacao-surpreende-na-novela\/#webpage"},"articleSection":"Cat\u00e1logo de Jornais"},{"@type":"BreadcrumbList","@id":"https:\/\/ejornais.com.br\/index.php\/2026\/09\/06\/quem-e-o-filho-de-francesca-em-quem-ama-cuida-revelacao-surpreende-na-novela\/#breadcrumblist","itemListElement":[{"@type":"ListItem","@id":"https:\/\/ejornais.com.br#listItem","position":1,"name":"In\u00edcio","item":"https:\/\/ejornais.com.br","nextItem":{"@type":"ListItem","@id":"https:\/\/ejornais.com.br\/index.php\/category\/ejornais\/#listItem","name":"Cat\u00e1logo de Jornais"}},{"@type":"ListItem","@id":"https:\/\/ejornais.com.br\/index.php\/category\/ejornais\/#listItem","position":2,"name":"Cat\u00e1logo de Jornais","item":"https:\/\/ejornais.com.br\/index.php\/category\/ejornais\/","nextItem":{"@type":"ListItem","@id":"https:\/\/ejornais.com.br\/index.php\/2026\/09\/06\/quem-e-o-filho-de-francesca-em-quem-ama-cuida-revelacao-surpreende-na-novela\/#listItem","name":"Quem \u00e9 o filho de Francesca em Quem Ama Cuida? Revela\u00e7\u00e3o surpreende na novela"},"previousItem":{"@type":"ListItem","@id":"https:\/\/ejornais.com.br#listItem","name":"In\u00edcio"}},{"@type":"ListItem","@id":"https:\/\/ejornais.com.br\/index.php\/2026\/09\/06\/quem-e-o-filho-de-francesca-em-quem-ama-cuida-revelacao-surpreende-na-novela\/#listItem","position":3,"name":"Quem \u00e9 o filho de Francesca em Quem Ama Cuida? Revela\u00e7\u00e3o surpreende na novela","previousItem":{"@type":"ListItem","@id":"https:\/\/ejornais.com.br\/index.php\/category\/ejornais\/#listItem","name":"Cat\u00e1logo de Jornais"}}]},{"@type":"Organization","@id":"https:\/\/ejornais.com.br\/#organization","name":"eJornais","description":"Cat\u00e1logo de Jornais no mundo, Not\u00edcias, Blog e Esportes ao vivo","url":"https:\/\/ejornais.com.br\/"},{"@type":"Person","@id":"https:\/\/ejornais.com.br\/index.php\/author\/admin1\/#author","url":"https:\/\/ejornais.com.br\/index.php\/author\/admin1\/","name":"admin1","image":{"@type":"ImageObject","@id":"https:\/\/ejornais.com.br\/index.php\/2026\/09\/06\/quem-e-o-filho-de-francesca-em-quem-ama-cuida-revelacao-surpreende-na-novela\/#authorImage","url":"https:\/\/secure.gravatar.com\/avatar\/04084e6d73c042b8646e7c17b494073bf0ede3ea13c7105cfc45cbbbc28385a4?s=96&d=mm&r=g","width":96,"height":96,"caption":"admin1"}},{"@type":"WebPage","@id":"https:\/\/ejornais.com.br\/index.php\/2026\/09\/06\/quem-e-o-filho-de-francesca-em-quem-ama-cuida-revelacao-surpreende-na-novela\/#webpage","url":"https:\/\/ejornais.com.br\/index.php\/2026\/09\/06\/quem-e-o-filho-de-francesca-em-quem-ama-cuida-revelacao-surpreende-na-novela\/","name":"Quem \u00e9 o filho de Francesca em Quem Ama Cuida? Revela\u00e7\u00e3o surpreende na novela - eJornais","description":"Por MRNews Quem \u00e9 o filho de Francesca em Quem Ama Cuida? Revela\u00e7\u00e3o surpreende na novelaOs mist\u00e9rios envolvendo Francesca (Nathalia Dill) continuam movimentando a novela Quem Ama Cuida. A personagem, que j\u00e1 apareceu envolvida em acontecimentos sobrenaturais e em segredos do passado da fam\u00edlia Brand\u00e3o, ainda guarda informa\u00e7\u00f5es importantes sobre sua vida antes da morte.Uma","inLanguage":"pt-BR","isPartOf":{"@id":"https:\/\/ejornais.com.br\/#website"},"breadcrumb":{"@id":"https:\/\/ejornais.com.br\/index.php\/2026\/09\/06\/quem-e-o-filho-de-francesca-em-quem-ama-cuida-revelacao-surpreende-na-novela\/#breadcrumblist"},"author":{"@id":"https:\/\/ejornais.com.br\/index.php\/author\/admin1\/#author"},"creator":{"@id":"https:\/\/ejornais.com.br\/index.php\/author\/admin1\/#author"},"datePublished":"2026-09-06T16:29:03-03:00","dateModified":"2026-09-06T16:29:03-03:00"},{"@type":"WebSite","@id":"https:\/\/ejornais.com.br\/#website","url":"https:\/\/ejornais.com.br\/","name":"eJornais","description":"Cat\u00e1logo de Jornais no mundo, Not\u00edcias, Blog e Esportes ao vivo","inLanguage":"pt-BR","publisher":{"@id":"https:\/\/ejornais.com.br\/#organization"}}]},"og:locale":"pt_BR","og:site_name":"eJornais - Cat\u00e1logo de Jornais no mundo, Not\u00edcias, Blog e Esportes ao vivo","og:type":"article","og:title":"Quem \u00e9 o filho de Francesca em Quem Ama Cuida? Revela\u00e7\u00e3o surpreende na novela - eJornais","og:description":"Por MRNews Quem \u00e9 o filho de Francesca em Quem Ama Cuida? Revela\u00e7\u00e3o surpreende na novelaOs mist\u00e9rios envolvendo Francesca (Nathalia Dill) continuam movimentando a novela Quem Ama Cuida. A personagem, que j\u00e1 apareceu envolvida em acontecimentos sobrenaturais e em segredos do passado da fam\u00edlia Brand\u00e3o, ainda guarda informa\u00e7\u00f5es importantes sobre sua vida antes da morte.Uma","og:url":"https:\/\/ejornais.com.br\/index.php\/2026\/09\/06\/quem-e-o-filho-de-francesca-em-quem-ama-cuida-revelacao-surpreende-na-novela\/","article:published_time":"2026-09-06T19:29:03+00:00","article:modified_time":"2026-09-06T19:29:03+00:00","twitter:card":"summary_large_image","twitter:title":"Quem \u00e9 o filho de Francesca em Quem Ama Cuida? Revela\u00e7\u00e3o surpreende na novela - eJornais","twitter:description":"Por MRNews Quem \u00e9 o filho de Francesca em Quem Ama Cuida? Revela\u00e7\u00e3o surpreende na novelaOs mist\u00e9rios envolvendo Francesca (Nathalia Dill) continuam movimentando a novela Quem Ama Cuida. A personagem, que j\u00e1 apareceu envolvida em acontecimentos sobrenaturais e em segredos do passado da fam\u00edlia Brand\u00e3o, ainda guarda informa\u00e7\u00f5es importantes sobre sua vida antes da morte.Uma"},"aioseo_meta_data":[],"aioseo_breadcrumb":"<div class=\"aioseo-breadcrumbs\"><span class=\"aioseo-breadcrumb\">\n\t\t\t<a href=\"https:\/\/ejornais.com.br\" title=\"In\u00edcio\">In\u00edcio<\/a>\n\t\t<\/span><span class=\"aioseo-breadcrumb-separator\">&raquo;<\/span><span class=\"aioseo-breadcrumb\">\n\t\t\t<a href=\"https:\/\/ejornais.com.br\/index.php\/category\/ejornais\/\" title=\"Cat\u00e1logo de Jornais\">Cat\u00e1logo de Jornais<\/a>\n\t\t<\/span><span class=\"aioseo-breadcrumb-separator\">&raquo;<\/span><span class=\"aioseo-breadcrumb\">\n\t\t\tQuem \u00e9 o filho de Francesca em Quem Ama Cuida? Revela\u00e7\u00e3o surpreende na novela\n\t\t<\/span><\/div>","aioseo_breadcrumb_json":[{"label":"In\u00edcio","link":"https:\/\/ejornais.com.br"},{"label":"Cat\u00e1logo de Jornais","link":"https:\/\/ejornais.com.br\/index.php\/category\/ejornais\/"},{"label":"Quem \u00e9 o filho de Francesca em Quem Ama Cuida? Revela\u00e7\u00e3o surpreende na novela","link":"https:\/\/ejornais.com.br\/index.php\/2026\/09\/06\/quem-e-o-filho-de-francesca-em-quem-ama-cuida-revelacao-surpreende-na-novela\/"}],"amp_enabled":true,"_links":{"self":[{"href":"https:\/\/ejornais.com.br\/index.php\/wp-json\/wp\/v2\/posts\/71749","targetHints":{"allow":["GET"]}}],"collection":[{"href":"https:\/\/ejornais.com.br\/index.php\/wp-json\/wp\/v2\/posts"}],"about":[{"href":"https:\/\/ejornais.com.br\/index.php\/wp-json\/wp\/v2\/types\/post"}],"author":[{"embeddable":true,"href":"https:\/\/ejornais.com.br\/index.php\/wp-json\/wp\/v2\/users\/2"}],"replies":[{"embeddable":true,"href":"https:\/\/ejornais.com.br\/index.php\/wp-json\/wp\/v2\/comments?post=71749"}],"version-history":[{"count":0,"href":"https:\/\/ejornais.com.br\/index.php\/wp-json\/wp\/v2\/posts\/71749\/revisions"}],"wp:attachment":[{"href":"https:\/\/ejornais.com.br\/index.php\/wp-json\/wp\/v2\/media?parent=71749"}],"wp:term":[{"taxonomy":"category","embeddable":true,"href":"https:\/\/ejornais.com.br\/index.php\/wp-json\/wp\/v2\/categories?post=71749"},{"taxonomy":"post_tag","embeddable":true,"href":"https:\/\/ejornais.com.br\/index.php\/wp-json\/wp\/v2\/tags?post=71749"}],"curies":[{"name":"wp","href":"https:\/\/api.w.org\/{rel}","templated":true}]}}