{"id":71751,"date":"2026-09-06T17:50:41","date_gmt":"2026-09-06T20:50:41","guid":{"rendered":"https:\/\/ejornais.com.br\/index.php\/2026\/09\/06\/empresario-morre-apos-alongamento-de-orgao-durante-viagem-a-tailandia\/"},"modified":"2026-09-06T17:50:41","modified_gmt":"2026-09-06T20:50:41","slug":"empresario-morre-apos-alongamento-de-orgao-durante-viagem-a-tailandia","status":"publish","type":"post","link":"https:\/\/ejornais.com.br\/index.php\/2026\/09\/06\/empresario-morre-apos-alongamento-de-orgao-durante-viagem-a-tailandia\/","title":{"rendered":"Empres\u00e1rio morre ap\u00f3s alongamento de \u00f3rg\u00e3o durante viagem \u00e0 Tail\u00e2ndia"},"content":{"rendered":"<p> Por MRNews<br \/>\n<\/p>\n<div>\n<p>O que deveria ser um procedimento est\u00e9tico realizado durante uma viagem \u00e0 Tail\u00e2ndia terminou de forma tr\u00e1gica para o empres\u00e1rio e influenciador brit\u00e2nico-nigeriano Igho \u201cTiny\u201d Ubiribo, de 43 anos.<\/p>\n<p>Segundo informa\u00e7\u00f5es apresentadas durante uma investiga\u00e7\u00e3o do Tribunal do Coroner de Inner West London, Ubiribo morreu em mar\u00e7o de 2026 ap\u00f3s passar por um procedimento de aumento peniano com aplica\u00e7\u00e3o de preenchimento em uma cl\u00ednica de Bangkok.<\/p>\n<p>O caso chamou aten\u00e7\u00e3o para os riscos, inclusive potencialmente fatais, associados a procedimentos est\u00e9ticos invasivos e para a necessidade de avalia\u00e7\u00e3o m\u00e9dica antes da realiza\u00e7\u00e3o de tratamentos desse tipo.<\/p>\n<h2>Procedimento foi realizado em cl\u00ednica de Bangkok<\/h2>\n<p>De acordo com as informa\u00e7\u00f5es apresentadas \u00e0 investiga\u00e7\u00e3o, Ubiribo recebeu aproximadamente 40 ml de uma combina\u00e7\u00e3o de \u00e1cido hialur\u00f4nico e lidoca\u00edna durante o procedimento.<\/p>\n<p><strong><a href=\"https:\/\/mrnews.com.br\/index.php\/2026\/09\/06\/quem-e-o-filho-de-francesca-em-quem-ama-cuida-revelacao-surpreende-na-novela\/\">Quem \u00e9 o filho de Francesca em Quem Ama Cuida? Revela\u00e7\u00e3o surpreende na novela<\/a><\/strong><\/p>\n<p><strong><a href=\"https:\/\/mrnews.com.br\/index.php\/2026\/09\/06\/carlos-alberto-parreira-deixa-hospital-apos-80-dias-internado-e-fala-sobre-recuperacao\/\">Carlos Alberto Parreira deixa hospital ap\u00f3s 80 dias internado e fala sobre recupera\u00e7\u00e3o<\/a><\/strong><\/p>\n<p>A cl\u00ednica onde o tratamento foi realizado n\u00e3o teve sua identidade divulgada publicamente.<\/p>\n<p>Pouco tempo depois da aplica\u00e7\u00e3o, o empres\u00e1rio come\u00e7ou a apresentar sintomas graves. Enquanto recebia uma massagem, ele sentiu dores no peito e perdeu a consci\u00eancia em duas ocasi\u00f5es.<\/p>\n<p>Diante da piora do quadro, Ubiribo foi levado para um hospital.<\/p>\n<h2>M\u00e9dicos identificaram uma embolia pulmonar<\/h2>\n<p>No hospital, os m\u00e9dicos identificaram uma embolia pulmonar. A equipe tentou reanim\u00e1-lo por mais de 100 minutos, mas n\u00e3o conseguiu reverter a situa\u00e7\u00e3o.<\/p>\n<p><strong><a href=\"https:\/\/mrnews.com.br\/index.php\/2026\/09\/05\/comunicamos-o-falecimento-de-olivia-amaral\/\">Comunicamos o falecimento de Ol\u00edvia Amaral<\/a><\/strong><\/p>\n<p><strong><a href=\"https:\/\/mrnews.com.br\/index.php\/2026\/09\/05\/falece-aos-20-anos-ana-julia-alves-ferreira\/\">Falece, aos 20 anos, Ana J\u00falia Alves Ferreira<\/a><\/strong><\/p>\n<p>Igho \u201cTiny\u201d Ubiribo morreu nas primeiras horas de 6 de mar\u00e7o de 2026.<\/p>\n<p>A investiga\u00e7\u00e3o realizada posteriormente buscou determinar a causa da emerg\u00eancia m\u00e9dica e se havia rela\u00e7\u00e3o entre o procedimento est\u00e9tico realizado na Tail\u00e2ndia e a morte.<\/p>\n<h2>Subst\u00e2ncia foi encontrada nos pulm\u00f5es<\/h2>\n<p>Um dos elementos considerados durante a investiga\u00e7\u00e3o foi a presen\u00e7a de material celular nos pulm\u00f5es que apresentava caracter\u00edsticas compat\u00edveis com a subst\u00e2ncia utilizada no preenchimento.<\/p>\n<p>Ap\u00f3s analisar as evid\u00eancias dispon\u00edveis, o coroner concluiu que a embolia pulmonar estava relacionada ao procedimento est\u00e9tico realizado por Ubiribo.<\/p>\n<p>O caso foi classificado, portanto, como uma complica\u00e7\u00e3o grave associada \u00e0 aplica\u00e7\u00e3o do preenchimento.<\/p>\n<h2>\u00c1cido hialur\u00f4nico n\u00e3o \u00e9 sin\u00f4nimo de procedimento sem risco<\/h2>\n<p>O epis\u00f3dio tamb\u00e9m chama aten\u00e7\u00e3o para uma quest\u00e3o importante: o fato de o \u00e1cido hialur\u00f4nico ser amplamente utilizado na medicina est\u00e9tica n\u00e3o significa que qualquer aplica\u00e7\u00e3o seja automaticamente segura.<\/p>\n<p>O produto \u00e9 empregado em diferentes tratamentos, mas aplica\u00e7\u00f5es em determinadas regi\u00f5es do corpo podem apresentar riscos espec\u00edficos. A literatura m\u00e9dica registra complica\u00e7\u00f5es graves relacionadas a preenchimentos, incluindo relatos de embolia pulmonar n\u00e3o tromb\u00f3tica ap\u00f3s procedimentos em regi\u00f5es genitais.<\/p>\n<p>Isso n\u00e3o significa que o uso de \u00e1cido hialur\u00f4nico necessariamente provoque esse tipo de complica\u00e7\u00e3o. Os riscos podem variar conforme diversos fatores, como o produto empregado, a quantidade aplicada, a t\u00e9cnica utilizada, a regi\u00e3o tratada e as condi\u00e7\u00f5es individuais do paciente.<\/p>\n<p>Por isso, a avalia\u00e7\u00e3o precisa ser feita de maneira individualizada por profissional devidamente habilitado.<\/p>\n<h2>O que \u00e9 uma embolia pulmonar?<\/h2>\n<p>A embolia pulmonar acontece quando um vaso sangu\u00edneo que leva sangue aos pulm\u00f5es \u00e9 bloqueado. Em muitos casos, o bloqueio est\u00e1 relacionado a um co\u00e1gulo que se desloca de outra parte do organismo.<\/p>\n<p>Dependendo da extens\u00e3o da obstru\u00e7\u00e3o, o quadro pode provocar falta de ar, dor no peito, queda da press\u00e3o arterial, perda de consci\u00eancia e, em situa\u00e7\u00f5es graves, morte.<\/p>\n<p>No caso investigado em Londres, por\u00e9m, a conclus\u00e3o do coroner apontou para uma embolia pulmonar relacionada ao material utilizado no procedimento, e n\u00e3o simplesmente para a forma mais comum de embolia causada por um co\u00e1gulo sangu\u00edneo.<\/p>\n<h2>Uma trag\u00e9dia que serve de alerta<\/h2>\n<p>A morte de Igho \u201cTiny\u201d Ubiribo refor\u00e7a que procedimentos est\u00e9ticos invasivos n\u00e3o devem ser encarados como tratamentos sem riscos apenas porque s\u00e3o realizados com finalidade est\u00e9tica.<\/p>\n<p>Antes de decidir por qualquer interven\u00e7\u00e3o, \u00e9 importante buscar avalia\u00e7\u00e3o de um profissional qualificado, entender exatamente qual subst\u00e2ncia ser\u00e1 utilizada, conhecer as poss\u00edveis complica\u00e7\u00f5es e verificar se h\u00e1 respaldo m\u00e9dico e cient\u00edfico para o procedimento.<\/p>\n<p>Tamb\u00e9m \u00e9 fundamental procurar atendimento de emerg\u00eancia diante de sintomas como dor intensa no peito, falta de ar, desmaio ou perda de consci\u00eancia ap\u00f3s qualquer procedimento.<\/p>\n<p>O caso de Ubiribo mostra, de maneira tr\u00e1gica, que uma interven\u00e7\u00e3o considerada est\u00e9tica pode, em circunst\u00e2ncias excepcionais, provocar complica\u00e7\u00f5es graves e potencialmente fatais.<\/p>\n<p><strong>A informa\u00e7\u00e3o, a avalia\u00e7\u00e3o m\u00e9dica individualizada e o conhecimento dos riscos devem sempre vir antes da decis\u00e3o de realizar um procedimento invasivo.<\/strong><\/p>\n<\/div>\n","protected":false},"excerpt":{"rendered":"<p>Por MRNews O que deveria ser um procedimento est\u00e9tico realizado durante uma viagem \u00e0 Tail\u00e2ndia terminou de forma tr\u00e1gica para<\/p>\n","protected":false},"author":2,"featured_media":0,"comment_status":"","ping_status":"","sticky":false,"template":"","format":"standard","meta":{"colormag_page_container_layout":"default_layout","colormag_page_sidebar_layout":"default_layout","footnotes":""},"categories":[1],"tags":[],"class_list":["post-71751","post","type-post","status-publish","format-standard","hentry","category-ejornais"],"aioseo_notices":[],"aioseo_head":"\n\t\t<!-- All in One SEO 5.0.1.1 - aioseo.com -->\n\t<meta name=\"description\" content=\"Por MRNews O que deveria ser um procedimento est\u00e9tico realizado durante uma viagem \u00e0 Tail\u00e2ndia terminou de forma tr\u00e1gica para o empres\u00e1rio e influenciador brit\u00e2nico-nigeriano Igho \u201cTiny\u201d Ubiribo, de 43 anos.Segundo informa\u00e7\u00f5es apresentadas durante uma investiga\u00e7\u00e3o do Tribunal do Coroner de Inner West London, Ubiribo morreu em mar\u00e7o de 2026 ap\u00f3s passar por um procedimento\" \/>\n\t<meta name=\"robots\" content=\"max-image-preview:large\" \/>\n\t<meta name=\"author\" content=\"admin1\"\/>\n\t<link rel=\"canonical\" href=\"https:\/\/ejornais.com.br\/index.php\/2026\/09\/06\/empresario-morre-apos-alongamento-de-orgao-durante-viagem-a-tailandia\/\" \/>\n\t<meta name=\"generator\" content=\"All in One SEO (AIOSEO) 5.0.1.1\" \/>\n\t\t<meta property=\"og:locale\" content=\"pt_BR\" \/>\n\t\t<meta property=\"og:site_name\" content=\"eJornais - Cat\u00e1logo de Jornais no mundo, Not\u00edcias, Blog e Esportes ao vivo\" \/>\n\t\t<meta property=\"og:type\" content=\"article\" \/>\n\t\t<meta property=\"og:title\" content=\"Empres\u00e1rio morre ap\u00f3s alongamento de \u00f3rg\u00e3o durante viagem \u00e0 Tail\u00e2ndia - eJornais\" \/>\n\t\t<meta property=\"og:description\" content=\"Por MRNews O que deveria ser um procedimento est\u00e9tico realizado durante uma viagem \u00e0 Tail\u00e2ndia terminou de forma tr\u00e1gica para o empres\u00e1rio e influenciador brit\u00e2nico-nigeriano Igho \u201cTiny\u201d Ubiribo, de 43 anos.Segundo informa\u00e7\u00f5es apresentadas durante uma investiga\u00e7\u00e3o do Tribunal do Coroner de Inner West London, Ubiribo morreu em mar\u00e7o de 2026 ap\u00f3s passar por um procedimento\" \/>\n\t\t<meta property=\"og:url\" content=\"https:\/\/ejornais.com.br\/index.php\/2026\/09\/06\/empresario-morre-apos-alongamento-de-orgao-durante-viagem-a-tailandia\/\" \/>\n\t\t<meta property=\"article:published_time\" content=\"2026-09-06T20:50:41+00:00\" \/>\n\t\t<meta property=\"article:modified_time\" content=\"2026-09-06T20:50:41+00:00\" \/>\n\t\t<meta name=\"twitter:card\" content=\"summary_large_image\" \/>\n\t\t<meta name=\"twitter:title\" content=\"Empres\u00e1rio morre ap\u00f3s alongamento de \u00f3rg\u00e3o durante viagem \u00e0 Tail\u00e2ndia - eJornais\" \/>\n\t\t<meta name=\"twitter:description\" content=\"Por MRNews O que deveria ser um procedimento est\u00e9tico realizado durante uma viagem \u00e0 Tail\u00e2ndia terminou de forma tr\u00e1gica para o empres\u00e1rio e influenciador brit\u00e2nico-nigeriano Igho \u201cTiny\u201d Ubiribo, de 43 anos.Segundo informa\u00e7\u00f5es apresentadas durante uma investiga\u00e7\u00e3o do Tribunal do Coroner de Inner West London, Ubiribo morreu em mar\u00e7o de 2026 ap\u00f3s passar por um procedimento\" \/>\n\t\t<script type=\"application\/ld+json\" class=\"aioseo-schema\">\n\t\t\t{\"@context\":\"https:\\\/\\\/schema.org\",\"@graph\":[{\"@type\":\"BlogPosting\",\"@id\":\"https:\\\/\\\/ejornais.com.br\\\/index.php\\\/2026\\\/09\\\/06\\\/empresario-morre-apos-alongamento-de-orgao-durante-viagem-a-tailandia\\\/#blogposting\",\"name\":\"Empres\\u00e1rio morre ap\\u00f3s alongamento de \\u00f3rg\\u00e3o durante viagem \\u00e0 Tail\\u00e2ndia - eJornais\",\"headline\":\"Empres\\u00e1rio morre ap\\u00f3s alongamento de \\u00f3rg\\u00e3o durante viagem \\u00e0 Tail\\u00e2ndia\",\"author\":{\"@id\":\"https:\\\/\\\/ejornais.com.br\\\/index.php\\\/author\\\/admin1\\\/#author\"},\"publisher\":{\"@id\":\"https:\\\/\\\/ejornais.com.br\\\/#organization\"},\"datePublished\":\"2026-09-06T17:50:41-03:00\",\"dateModified\":\"2026-09-06T17:50:41-03:00\",\"inLanguage\":\"pt-BR\",\"mainEntityOfPage\":{\"@id\":\"https:\\\/\\\/ejornais.com.br\\\/index.php\\\/2026\\\/09\\\/06\\\/empresario-morre-apos-alongamento-de-orgao-durante-viagem-a-tailandia\\\/#webpage\"},\"isPartOf\":{\"@id\":\"https:\\\/\\\/ejornais.com.br\\\/index.php\\\/2026\\\/09\\\/06\\\/empresario-morre-apos-alongamento-de-orgao-durante-viagem-a-tailandia\\\/#webpage\"},\"articleSection\":\"Cat\\u00e1logo de Jornais\"},{\"@type\":\"BreadcrumbList\",\"@id\":\"https:\\\/\\\/ejornais.com.br\\\/index.php\\\/2026\\\/09\\\/06\\\/empresario-morre-apos-alongamento-de-orgao-durante-viagem-a-tailandia\\\/#breadcrumblist\",\"itemListElement\":[{\"@type\":\"ListItem\",\"@id\":\"https:\\\/\\\/ejornais.com.br#listItem\",\"position\":1,\"name\":\"In\\u00edcio\",\"item\":\"https:\\\/\\\/ejornais.com.br\",\"nextItem\":{\"@type\":\"ListItem\",\"@id\":\"https:\\\/\\\/ejornais.com.br\\\/index.php\\\/category\\\/ejornais\\\/#listItem\",\"name\":\"Cat\\u00e1logo de Jornais\"}},{\"@type\":\"ListItem\",\"@id\":\"https:\\\/\\\/ejornais.com.br\\\/index.php\\\/category\\\/ejornais\\\/#listItem\",\"position\":2,\"name\":\"Cat\\u00e1logo de Jornais\",\"item\":\"https:\\\/\\\/ejornais.com.br\\\/index.php\\\/category\\\/ejornais\\\/\",\"nextItem\":{\"@type\":\"ListItem\",\"@id\":\"https:\\\/\\\/ejornais.com.br\\\/index.php\\\/2026\\\/09\\\/06\\\/empresario-morre-apos-alongamento-de-orgao-durante-viagem-a-tailandia\\\/#listItem\",\"name\":\"Empres\\u00e1rio morre ap\\u00f3s alongamento de \\u00f3rg\\u00e3o durante viagem \\u00e0 Tail\\u00e2ndia\"},\"previousItem\":{\"@type\":\"ListItem\",\"@id\":\"https:\\\/\\\/ejornais.com.br#listItem\",\"name\":\"In\\u00edcio\"}},{\"@type\":\"ListItem\",\"@id\":\"https:\\\/\\\/ejornais.com.br\\\/index.php\\\/2026\\\/09\\\/06\\\/empresario-morre-apos-alongamento-de-orgao-durante-viagem-a-tailandia\\\/#listItem\",\"position\":3,\"name\":\"Empres\\u00e1rio morre ap\\u00f3s alongamento de \\u00f3rg\\u00e3o durante viagem \\u00e0 Tail\\u00e2ndia\",\"previousItem\":{\"@type\":\"ListItem\",\"@id\":\"https:\\\/\\\/ejornais.com.br\\\/index.php\\\/category\\\/ejornais\\\/#listItem\",\"name\":\"Cat\\u00e1logo de Jornais\"}}]},{\"@type\":\"Organization\",\"@id\":\"https:\\\/\\\/ejornais.com.br\\\/#organization\",\"name\":\"eJornais\",\"description\":\"Cat\\u00e1logo de Jornais no mundo, Not\\u00edcias, Blog e Esportes ao vivo\",\"url\":\"https:\\\/\\\/ejornais.com.br\\\/\"},{\"@type\":\"Person\",\"@id\":\"https:\\\/\\\/ejornais.com.br\\\/index.php\\\/author\\\/admin1\\\/#author\",\"url\":\"https:\\\/\\\/ejornais.com.br\\\/index.php\\\/author\\\/admin1\\\/\",\"name\":\"admin1\",\"image\":{\"@type\":\"ImageObject\",\"@id\":\"https:\\\/\\\/ejornais.com.br\\\/index.php\\\/2026\\\/09\\\/06\\\/empresario-morre-apos-alongamento-de-orgao-durante-viagem-a-tailandia\\\/#authorImage\",\"url\":\"https:\\\/\\\/secure.gravatar.com\\\/avatar\\\/04084e6d73c042b8646e7c17b494073bf0ede3ea13c7105cfc45cbbbc28385a4?s=96&d=mm&r=g\",\"width\":96,\"height\":96,\"caption\":\"admin1\"}},{\"@type\":\"WebPage\",\"@id\":\"https:\\\/\\\/ejornais.com.br\\\/index.php\\\/2026\\\/09\\\/06\\\/empresario-morre-apos-alongamento-de-orgao-durante-viagem-a-tailandia\\\/#webpage\",\"url\":\"https:\\\/\\\/ejornais.com.br\\\/index.php\\\/2026\\\/09\\\/06\\\/empresario-morre-apos-alongamento-de-orgao-durante-viagem-a-tailandia\\\/\",\"name\":\"Empres\\u00e1rio morre ap\\u00f3s alongamento de \\u00f3rg\\u00e3o durante viagem \\u00e0 Tail\\u00e2ndia - eJornais\",\"description\":\"Por MRNews O que deveria ser um procedimento est\\u00e9tico realizado durante uma viagem \\u00e0 Tail\\u00e2ndia terminou de forma tr\\u00e1gica para o empres\\u00e1rio e influenciador brit\\u00e2nico-nigeriano Igho \\u201cTiny\\u201d Ubiribo, de 43 anos.Segundo informa\\u00e7\\u00f5es apresentadas durante uma investiga\\u00e7\\u00e3o do Tribunal do Coroner de Inner West London, Ubiribo morreu em mar\\u00e7o de 2026 ap\\u00f3s passar por um procedimento\",\"inLanguage\":\"pt-BR\",\"isPartOf\":{\"@id\":\"https:\\\/\\\/ejornais.com.br\\\/#website\"},\"breadcrumb\":{\"@id\":\"https:\\\/\\\/ejornais.com.br\\\/index.php\\\/2026\\\/09\\\/06\\\/empresario-morre-apos-alongamento-de-orgao-durante-viagem-a-tailandia\\\/#breadcrumblist\"},\"author\":{\"@id\":\"https:\\\/\\\/ejornais.com.br\\\/index.php\\\/author\\\/admin1\\\/#author\"},\"creator\":{\"@id\":\"https:\\\/\\\/ejornais.com.br\\\/index.php\\\/author\\\/admin1\\\/#author\"},\"datePublished\":\"2026-09-06T17:50:41-03:00\",\"dateModified\":\"2026-09-06T17:50:41-03:00\"},{\"@type\":\"WebSite\",\"@id\":\"https:\\\/\\\/ejornais.com.br\\\/#website\",\"url\":\"https:\\\/\\\/ejornais.com.br\\\/\",\"name\":\"eJornais\",\"description\":\"Cat\\u00e1logo de Jornais no mundo, Not\\u00edcias, Blog e Esportes ao vivo\",\"inLanguage\":\"pt-BR\",\"publisher\":{\"@id\":\"https:\\\/\\\/ejornais.com.br\\\/#organization\"}}]}\n\t\t<\/script>\n\t\t<!-- All in One SEO -->\n\n","aioseo_head_json":{"title":"Empres\u00e1rio morre ap\u00f3s alongamento de \u00f3rg\u00e3o durante viagem \u00e0 Tail\u00e2ndia - eJornais","description":"Por MRNews O que deveria ser um procedimento est\u00e9tico realizado durante uma viagem \u00e0 Tail\u00e2ndia terminou de forma tr\u00e1gica para o empres\u00e1rio e influenciador brit\u00e2nico-nigeriano Igho \u201cTiny\u201d Ubiribo, de 43 anos.Segundo informa\u00e7\u00f5es apresentadas durante uma investiga\u00e7\u00e3o do Tribunal do Coroner de Inner West London, Ubiribo morreu em mar\u00e7o de 2026 ap\u00f3s passar por um procedimento","canonical_url":"https:\/\/ejornais.com.br\/index.php\/2026\/09\/06\/empresario-morre-apos-alongamento-de-orgao-durante-viagem-a-tailandia\/","robots":"max-image-preview:large","keywords":"","webmasterTools":{"miscellaneous":""},"schema":{"@context":"https:\/\/schema.org","@graph":[{"@type":"BlogPosting","@id":"https:\/\/ejornais.com.br\/index.php\/2026\/09\/06\/empresario-morre-apos-alongamento-de-orgao-durante-viagem-a-tailandia\/#blogposting","name":"Empres\u00e1rio morre ap\u00f3s alongamento de \u00f3rg\u00e3o durante viagem \u00e0 Tail\u00e2ndia - eJornais","headline":"Empres\u00e1rio morre ap\u00f3s alongamento de \u00f3rg\u00e3o durante viagem \u00e0 Tail\u00e2ndia","author":{"@id":"https:\/\/ejornais.com.br\/index.php\/author\/admin1\/#author"},"publisher":{"@id":"https:\/\/ejornais.com.br\/#organization"},"datePublished":"2026-09-06T17:50:41-03:00","dateModified":"2026-09-06T17:50:41-03:00","inLanguage":"pt-BR","mainEntityOfPage":{"@id":"https:\/\/ejornais.com.br\/index.php\/2026\/09\/06\/empresario-morre-apos-alongamento-de-orgao-durante-viagem-a-tailandia\/#webpage"},"isPartOf":{"@id":"https:\/\/ejornais.com.br\/index.php\/2026\/09\/06\/empresario-morre-apos-alongamento-de-orgao-durante-viagem-a-tailandia\/#webpage"},"articleSection":"Cat\u00e1logo de Jornais"},{"@type":"BreadcrumbList","@id":"https:\/\/ejornais.com.br\/index.php\/2026\/09\/06\/empresario-morre-apos-alongamento-de-orgao-durante-viagem-a-tailandia\/#breadcrumblist","itemListElement":[{"@type":"ListItem","@id":"https:\/\/ejornais.com.br#listItem","position":1,"name":"In\u00edcio","item":"https:\/\/ejornais.com.br","nextItem":{"@type":"ListItem","@id":"https:\/\/ejornais.com.br\/index.php\/category\/ejornais\/#listItem","name":"Cat\u00e1logo de Jornais"}},{"@type":"ListItem","@id":"https:\/\/ejornais.com.br\/index.php\/category\/ejornais\/#listItem","position":2,"name":"Cat\u00e1logo de Jornais","item":"https:\/\/ejornais.com.br\/index.php\/category\/ejornais\/","nextItem":{"@type":"ListItem","@id":"https:\/\/ejornais.com.br\/index.php\/2026\/09\/06\/empresario-morre-apos-alongamento-de-orgao-durante-viagem-a-tailandia\/#listItem","name":"Empres\u00e1rio morre ap\u00f3s alongamento de \u00f3rg\u00e3o durante viagem \u00e0 Tail\u00e2ndia"},"previousItem":{"@type":"ListItem","@id":"https:\/\/ejornais.com.br#listItem","name":"In\u00edcio"}},{"@type":"ListItem","@id":"https:\/\/ejornais.com.br\/index.php\/2026\/09\/06\/empresario-morre-apos-alongamento-de-orgao-durante-viagem-a-tailandia\/#listItem","position":3,"name":"Empres\u00e1rio morre ap\u00f3s alongamento de \u00f3rg\u00e3o durante viagem \u00e0 Tail\u00e2ndia","previousItem":{"@type":"ListItem","@id":"https:\/\/ejornais.com.br\/index.php\/category\/ejornais\/#listItem","name":"Cat\u00e1logo de Jornais"}}]},{"@type":"Organization","@id":"https:\/\/ejornais.com.br\/#organization","name":"eJornais","description":"Cat\u00e1logo de Jornais no mundo, Not\u00edcias, Blog e Esportes ao vivo","url":"https:\/\/ejornais.com.br\/"},{"@type":"Person","@id":"https:\/\/ejornais.com.br\/index.php\/author\/admin1\/#author","url":"https:\/\/ejornais.com.br\/index.php\/author\/admin1\/","name":"admin1","image":{"@type":"ImageObject","@id":"https:\/\/ejornais.com.br\/index.php\/2026\/09\/06\/empresario-morre-apos-alongamento-de-orgao-durante-viagem-a-tailandia\/#authorImage","url":"https:\/\/secure.gravatar.com\/avatar\/04084e6d73c042b8646e7c17b494073bf0ede3ea13c7105cfc45cbbbc28385a4?s=96&d=mm&r=g","width":96,"height":96,"caption":"admin1"}},{"@type":"WebPage","@id":"https:\/\/ejornais.com.br\/index.php\/2026\/09\/06\/empresario-morre-apos-alongamento-de-orgao-durante-viagem-a-tailandia\/#webpage","url":"https:\/\/ejornais.com.br\/index.php\/2026\/09\/06\/empresario-morre-apos-alongamento-de-orgao-durante-viagem-a-tailandia\/","name":"Empres\u00e1rio morre ap\u00f3s alongamento de \u00f3rg\u00e3o durante viagem \u00e0 Tail\u00e2ndia - eJornais","description":"Por MRNews O que deveria ser um procedimento est\u00e9tico realizado durante uma viagem \u00e0 Tail\u00e2ndia terminou de forma tr\u00e1gica para o empres\u00e1rio e influenciador brit\u00e2nico-nigeriano Igho \u201cTiny\u201d Ubiribo, de 43 anos.Segundo informa\u00e7\u00f5es apresentadas durante uma investiga\u00e7\u00e3o do Tribunal do Coroner de Inner West London, Ubiribo morreu em mar\u00e7o de 2026 ap\u00f3s passar por um procedimento","inLanguage":"pt-BR","isPartOf":{"@id":"https:\/\/ejornais.com.br\/#website"},"breadcrumb":{"@id":"https:\/\/ejornais.com.br\/index.php\/2026\/09\/06\/empresario-morre-apos-alongamento-de-orgao-durante-viagem-a-tailandia\/#breadcrumblist"},"author":{"@id":"https:\/\/ejornais.com.br\/index.php\/author\/admin1\/#author"},"creator":{"@id":"https:\/\/ejornais.com.br\/index.php\/author\/admin1\/#author"},"datePublished":"2026-09-06T17:50:41-03:00","dateModified":"2026-09-06T17:50:41-03:00"},{"@type":"WebSite","@id":"https:\/\/ejornais.com.br\/#website","url":"https:\/\/ejornais.com.br\/","name":"eJornais","description":"Cat\u00e1logo de Jornais no mundo, Not\u00edcias, Blog e Esportes ao vivo","inLanguage":"pt-BR","publisher":{"@id":"https:\/\/ejornais.com.br\/#organization"}}]},"og:locale":"pt_BR","og:site_name":"eJornais - Cat\u00e1logo de Jornais no mundo, Not\u00edcias, Blog e Esportes ao vivo","og:type":"article","og:title":"Empres\u00e1rio morre ap\u00f3s alongamento de \u00f3rg\u00e3o durante viagem \u00e0 Tail\u00e2ndia - eJornais","og:description":"Por MRNews O que deveria ser um procedimento est\u00e9tico realizado durante uma viagem \u00e0 Tail\u00e2ndia terminou de forma tr\u00e1gica para o empres\u00e1rio e influenciador brit\u00e2nico-nigeriano Igho \u201cTiny\u201d Ubiribo, de 43 anos.Segundo informa\u00e7\u00f5es apresentadas durante uma investiga\u00e7\u00e3o do Tribunal do Coroner de Inner West London, Ubiribo morreu em mar\u00e7o de 2026 ap\u00f3s passar por um procedimento","og:url":"https:\/\/ejornais.com.br\/index.php\/2026\/09\/06\/empresario-morre-apos-alongamento-de-orgao-durante-viagem-a-tailandia\/","article:published_time":"2026-09-06T20:50:41+00:00","article:modified_time":"2026-09-06T20:50:41+00:00","twitter:card":"summary_large_image","twitter:title":"Empres\u00e1rio morre ap\u00f3s alongamento de \u00f3rg\u00e3o durante viagem \u00e0 Tail\u00e2ndia - eJornais","twitter:description":"Por MRNews O que deveria ser um procedimento est\u00e9tico realizado durante uma viagem \u00e0 Tail\u00e2ndia terminou de forma tr\u00e1gica para o empres\u00e1rio e influenciador brit\u00e2nico-nigeriano Igho \u201cTiny\u201d Ubiribo, de 43 anos.Segundo informa\u00e7\u00f5es apresentadas durante uma investiga\u00e7\u00e3o do Tribunal do Coroner de Inner West London, Ubiribo morreu em mar\u00e7o de 2026 ap\u00f3s passar por um procedimento"},"aioseo_meta_data":[],"aioseo_breadcrumb":"<div class=\"aioseo-breadcrumbs\"><span class=\"aioseo-breadcrumb\">\n\t\t\t<a href=\"https:\/\/ejornais.com.br\" title=\"In\u00edcio\">In\u00edcio<\/a>\n\t\t<\/span><span class=\"aioseo-breadcrumb-separator\">&raquo;<\/span><span class=\"aioseo-breadcrumb\">\n\t\t\t<a href=\"https:\/\/ejornais.com.br\/index.php\/category\/ejornais\/\" title=\"Cat\u00e1logo de Jornais\">Cat\u00e1logo de Jornais<\/a>\n\t\t<\/span><span class=\"aioseo-breadcrumb-separator\">&raquo;<\/span><span class=\"aioseo-breadcrumb\">\n\t\t\tEmpres\u00e1rio morre ap\u00f3s alongamento de \u00f3rg\u00e3o durante viagem \u00e0 Tail\u00e2ndia\n\t\t<\/span><\/div>","aioseo_breadcrumb_json":[{"label":"In\u00edcio","link":"https:\/\/ejornais.com.br"},{"label":"Cat\u00e1logo de Jornais","link":"https:\/\/ejornais.com.br\/index.php\/category\/ejornais\/"},{"label":"Empres\u00e1rio morre ap\u00f3s alongamento de \u00f3rg\u00e3o durante viagem \u00e0 Tail\u00e2ndia","link":"https:\/\/ejornais.com.br\/index.php\/2026\/09\/06\/empresario-morre-apos-alongamento-de-orgao-durante-viagem-a-tailandia\/"}],"amp_enabled":true,"_links":{"self":[{"href":"https:\/\/ejornais.com.br\/index.php\/wp-json\/wp\/v2\/posts\/71751","targetHints":{"allow":["GET"]}}],"collection":[{"href":"https:\/\/ejornais.com.br\/index.php\/wp-json\/wp\/v2\/posts"}],"about":[{"href":"https:\/\/ejornais.com.br\/index.php\/wp-json\/wp\/v2\/types\/post"}],"author":[{"embeddable":true,"href":"https:\/\/ejornais.com.br\/index.php\/wp-json\/wp\/v2\/users\/2"}],"replies":[{"embeddable":true,"href":"https:\/\/ejornais.com.br\/index.php\/wp-json\/wp\/v2\/comments?post=71751"}],"version-history":[{"count":0,"href":"https:\/\/ejornais.com.br\/index.php\/wp-json\/wp\/v2\/posts\/71751\/revisions"}],"wp:attachment":[{"href":"https:\/\/ejornais.com.br\/index.php\/wp-json\/wp\/v2\/media?parent=71751"}],"wp:term":[{"taxonomy":"category","embeddable":true,"href":"https:\/\/ejornais.com.br\/index.php\/wp-json\/wp\/v2\/categories?post=71751"},{"taxonomy":"post_tag","embeddable":true,"href":"https:\/\/ejornais.com.br\/index.php\/wp-json\/wp\/v2\/tags?post=71751"}],"curies":[{"name":"wp","href":"https:\/\/api.w.org\/{rel}","templated":true}]}}