{"id":8959,"date":"2022-11-14T16:48:09","date_gmt":"2022-11-14T19:48:09","guid":{"rendered":"https:\/\/ejornais.com.br\/?p=8959"},"modified":"2022-11-14T16:48:09","modified_gmt":"2022-11-14T19:48:09","slug":"vojvoda-revela-pede-prazo-para-definir-seu-futuro-e-da-dicas-para-onde-vai","status":"publish","type":"post","link":"https:\/\/ejornais.com.br\/index.php\/2022\/11\/14\/vojvoda-revela-pede-prazo-para-definir-seu-futuro-e-da-dicas-para-onde-vai\/","title":{"rendered":"VOJVODA REVELA PEDE PRAZO PARA DEFINIR SEU FUTURO E D\u00c1 DICAS PARA ONDE VAI"},"content":{"rendered":"<p>O t\u00e9cnico argentino Juan Pablo Vojvoda teve uma reuni\u00e3o positiva com a c\u00fapula do Fortaleza e avalia a perman\u00eancia para 2023. Ap\u00f3s a vit\u00f3ria contra o Santos e a classifica\u00e7\u00e3o \u00e0 pr\u00e9-Libertadores, o comandante conversou com a gest\u00e3o e pediu o prazo de 7 a 10 dias para resposta em definitivo.<\/p>\n<p>O cen\u00e1rio de negocia\u00e7\u00e3o \u00e9 dif\u00edcil pela forte concorr\u00eancia no mercado: muitos times surgem interessados e especulam o treinador, como Vasco, Corinthians e Atl\u00e9tico-MG. No cen\u00e1rio internacional, Vojvoda j\u00e1 recusou uma proposta de mais de R$ 1 milh\u00e3o por m\u00eas do futebol \u00e1rabe.<\/p>\n<p>   <strong>SIGA-NOS<\/strong>\u00a0      <\/p>\n<p>Assim, hoje, tudo est\u00e1 nas m\u00e3os do argentino &#8211; que entrou nos holofotes do Brasileir\u00e3o nos \u00faltimos dois anos, com campanhas hist\u00f3ricas, classifica\u00e7\u00f5es in\u00e9ditas e grandes recordes pelo Fortaleza. Focado exclusivamente na equipe cearense, Vojvoda agora abre o leque para ouvir todos os lados.<\/p>\n<p>&#8220;Minha cabe\u00e7a estava focada nessa partida (contra o Santos). Agora falei com a diretoria, tivemos uma boa reuni\u00e3o e ficamos em dar uma semana, 10 dias para responder e tomar a melhor decis\u00e3o para o clube&#8221; [&#8230;] Eu penso futebol muito ligado \u00e0 paix\u00e3o, e o Nordeste tem isso, eu agrade\u00e7o, mas estou em um momento de tomar decis\u00f5es com a cabe\u00e7a fria, tranquila, e o cora\u00e7\u00e3o tamb\u00e9m interfere, mas prefiro passar o tempo e tomar a decis\u00e3o com a cabe\u00e7a fria&#8221;. VOJVODA T\u00e9cnico do Fortaleza<\/p>\n<p>No Le\u00e3o, a promessa de mais investimento no elenco, em estrutura, estabilidade no cargo e um cen\u00e1rio desafiador pela frente, com o sonho da Libertadores, e as brigas pelo t\u00edtulo na Copa do Nordeste e Campeonato Cearense. Na S\u00e9rie A e na Copa do Brasil, a miss\u00e3o de competitividade.<\/p>\n<p>&#8220;Eu penso futebol muito ligado com paix\u00e3o, e o Nordeste tem isso, eu agrade\u00e7o, mas estou em um momento de tomar decis\u00f5es com a cabe\u00e7a fria, tranquila, e o cora\u00e7\u00e3o tamb\u00e9m interfere nisso, mas eu prefiro passar o tempo e tomar essa decis\u00e3o com a cabe\u00e7a fria, tranquila&#8221;, concluiu na \u00faltima coletiva.<\/p>\n<p>Um fato \u00e9 certo: o sal\u00e1rio n\u00e3o \u00e9 o principal ponto e isso deixa o time leonino no p\u00e1reo. Vojvoda tem um foco no projeto esportivo, de ter tempo para desenvolver as ideias, al\u00e9m de desafios em competi\u00e7\u00f5es. A perspectiva de ambi\u00e7\u00e3o e de cen\u00e1rio esportivo s\u00e3o os aspectos primordiais na carreira: quais as possibilidades de Vojvoda no pr\u00f3ximo passo.<\/p>\n<p>&nbsp;<\/p>\n<p>Fonte: Di\u00e1rio do Nordeste<\/p>\n<h3>Compartilhe isso:<\/h3>\n<h4> TV MRNews N\u00e3o perca tamb\u00e9m:<\/h4>\n<p>\n","protected":false},"excerpt":{"rendered":"<p>O t\u00e9cnico argentino Juan Pablo Vojvoda teve uma reuni\u00e3o positiva com a c\u00fapula do Fortaleza e avalia a perman\u00eancia para<\/p>\n","protected":false},"author":2,"featured_media":0,"comment_status":"closed","ping_status":"closed","sticky":false,"template":"","format":"standard","meta":{"colormag_page_container_layout":"default_layout","colormag_page_sidebar_layout":"default_layout","footnotes":""},"categories":[4],"tags":[],"class_list":["post-8959","post","type-post","status-publish","format-standard","hentry","category-esportes"],"aioseo_notices":[],"amp_enabled":true,"_links":{"self":[{"href":"https:\/\/ejornais.com.br\/index.php\/wp-json\/wp\/v2\/posts\/8959","targetHints":{"allow":["GET"]}}],"collection":[{"href":"https:\/\/ejornais.com.br\/index.php\/wp-json\/wp\/v2\/posts"}],"about":[{"href":"https:\/\/ejornais.com.br\/index.php\/wp-json\/wp\/v2\/types\/post"}],"author":[{"embeddable":true,"href":"https:\/\/ejornais.com.br\/index.php\/wp-json\/wp\/v2\/users\/2"}],"replies":[{"embeddable":true,"href":"https:\/\/ejornais.com.br\/index.php\/wp-json\/wp\/v2\/comments?post=8959"}],"version-history":[{"count":1,"href":"https:\/\/ejornais.com.br\/index.php\/wp-json\/wp\/v2\/posts\/8959\/revisions"}],"predecessor-version":[{"id":8960,"href":"https:\/\/ejornais.com.br\/index.php\/wp-json\/wp\/v2\/posts\/8959\/revisions\/8960"}],"wp:attachment":[{"href":"https:\/\/ejornais.com.br\/index.php\/wp-json\/wp\/v2\/media?parent=8959"}],"wp:term":[{"taxonomy":"category","embeddable":true,"href":"https:\/\/ejornais.com.br\/index.php\/wp-json\/wp\/v2\/categories?post=8959"},{"taxonomy":"post_tag","embeddable":true,"href":"https:\/\/ejornais.com.br\/index.php\/wp-json\/wp\/v2\/tags?post=8959"}],"curies":[{"name":"wp","href":"https:\/\/api.w.org\/{rel}","templated":true}]}}