{"id":9013,"date":"2022-11-16T13:10:54","date_gmt":"2022-11-16T16:10:54","guid":{"rendered":"https:\/\/ejornais.com.br\/?p=9013"},"modified":"2022-11-16T13:10:54","modified_gmt":"2022-11-16T16:10:54","slug":"vojvoda-recusa-vasco-que-pode-ter-outro-treinador-da-serie-a","status":"publish","type":"post","link":"https:\/\/ejornais.com.br\/index.php\/2022\/11\/16\/vojvoda-recusa-vasco-que-pode-ter-outro-treinador-da-serie-a\/","title":{"rendered":"Vojvoda recusa Vasco que pode ter outro treinador da s\u00e9rie A"},"content":{"rendered":"<p>No topo da lista de interesses do Vasco, Juan Pablo Vojvoda n\u00e3o ser\u00e1 o treinador do time em 2023. O argentino, que tem contrato com o Fortaleza at\u00e9 o final deste ano, recusou proposta do clube carioca, que parte para outros contatos no mercado.<\/p>\n<p>Recentemente noticiamos que o Vasco tinha interesse:<\/p>\n<p>   <strong>SIGA-NOS<\/strong>\u00a0      <\/p>\n<p>&nbsp;<\/p>\n<p>Mas a not\u00edcia \u00e9:<\/p>\n<\/p>\n<p>A recusa veio na noite da \u00faltima segunda-feira por meio do agente do t\u00e9cnico. O Vasco foi procurado pela reportagem, mas n\u00e3o retornou.<\/p>\n<p>O clube esperava convencer Vojvoda pelo projeto. De volta \u00e0 S\u00e9rie A e com recursos da SAF, o Vasco inicia 2023 com a promessa de uma nova era, com sal\u00e1rios em dia e investimentos em infraestrutura e refor\u00e7os.<\/p>\n<p>A concorr\u00eancia pelo comandante \u00e9 grande. O Atl\u00e9tico-MG \u00e9 outro interessado, mas no momento h\u00e1 grande probabilidade de Vojvoda permanecer no Fortaleza, que disputar\u00e1 a pr\u00e9-Libertadores em 2023.<\/p>\n<p>Sem o argentino, o Vasco trabalha com outras op\u00e7\u00f5es e fez contato com o portugu\u00eas Antonio Oliveira, t\u00e9cnico do Cuiab\u00e1. O diretor esportivo Paulo Bracks est\u00e1 na Europa e pode aproveitar a viagem para observar o mercado estrangeiro.<\/p>\n<p>Vojvoda recusou oferta do Vasco<\/p>\n<p>Fonte: ge<\/p>\n<h3>Compartilhe isso:<\/h3>\n<h4> TV MRNews N\u00e3o perca tamb\u00e9m:<\/h4>\n<p>\n","protected":false},"excerpt":{"rendered":"<p>No topo da lista de interesses do Vasco, Juan Pablo Vojvoda n\u00e3o ser\u00e1 o treinador do time em 2023. O<\/p>\n","protected":false},"author":2,"featured_media":0,"comment_status":"closed","ping_status":"closed","sticky":false,"template":"","format":"standard","meta":{"colormag_page_container_layout":"default_layout","colormag_page_sidebar_layout":"default_layout","footnotes":""},"categories":[4],"tags":[],"class_list":["post-9013","post","type-post","status-publish","format-standard","hentry","category-esportes"],"aioseo_notices":[],"amp_enabled":true,"_links":{"self":[{"href":"https:\/\/ejornais.com.br\/index.php\/wp-json\/wp\/v2\/posts\/9013","targetHints":{"allow":["GET"]}}],"collection":[{"href":"https:\/\/ejornais.com.br\/index.php\/wp-json\/wp\/v2\/posts"}],"about":[{"href":"https:\/\/ejornais.com.br\/index.php\/wp-json\/wp\/v2\/types\/post"}],"author":[{"embeddable":true,"href":"https:\/\/ejornais.com.br\/index.php\/wp-json\/wp\/v2\/users\/2"}],"replies":[{"embeddable":true,"href":"https:\/\/ejornais.com.br\/index.php\/wp-json\/wp\/v2\/comments?post=9013"}],"version-history":[{"count":1,"href":"https:\/\/ejornais.com.br\/index.php\/wp-json\/wp\/v2\/posts\/9013\/revisions"}],"predecessor-version":[{"id":9014,"href":"https:\/\/ejornais.com.br\/index.php\/wp-json\/wp\/v2\/posts\/9013\/revisions\/9014"}],"wp:attachment":[{"href":"https:\/\/ejornais.com.br\/index.php\/wp-json\/wp\/v2\/media?parent=9013"}],"wp:term":[{"taxonomy":"category","embeddable":true,"href":"https:\/\/ejornais.com.br\/index.php\/wp-json\/wp\/v2\/categories?post=9013"},{"taxonomy":"post_tag","embeddable":true,"href":"https:\/\/ejornais.com.br\/index.php\/wp-json\/wp\/v2\/tags?post=9013"}],"curies":[{"name":"wp","href":"https:\/\/api.w.org\/{rel}","templated":true}]}}